{"id":72713,"date":"2018-07-10T11:10:29","date_gmt":"2018-07-10T09:10:29","guid":{"rendered":"https:\/\/www.iemj.org\/la-playlist-judeo-espagnole-de-lete\/"},"modified":"2025-07-08T16:07:41","modified_gmt":"2025-07-08T14:07:41","slug":"la-playlist-judeo-espagnole-de-lete","status":"publish","type":"post","link":"https:\/\/www.iemj.org\/es\/la-playlist-judeo-espagnole-de-lete\/","title":{"rendered":"LA LISTA DE REPRODUCCI\u00d3N JUDEO-ESPANOLA DEL VERANO&#8230;"},"content":{"rendered":"<p><strong>Descubre una selecci\u00f3n de canciones judeo-espa\u00f1olas, todas extra\u00eddas de nuestras colecciones, que os permitieren esperar hasta el pr\u00f3ximo regreso, en buena compa\u00f1\u00eda.<\/strong><\/p>\n<p>Estas melod\u00edas, evocando el amor filial y parental, la infancia, los avatares de la vida, y de los cantos de fiestas os invitaran a viajar en las riberas del contorno mediterr\u00e1neo (Marruecos, Sal\u00f3nica, Turqu\u00eda&#8230;)<\/p>\n\n<div class=\"wp-block-image\">\n<figure class=\"aligncenter size-large\"><img fetchpriority=\"high\" decoding=\"async\" width=\"1024\" height=\"133\" src=\"https:\/\/www.iemj.org\/wp-content\/uploads\/2024\/03\/AUDIO-PLAYER-1024x133.png\" alt=\"\" class=\"wp-image-110610\" srcset=\"https:\/\/www.iemj.org\/wp-content\/uploads\/2024\/03\/AUDIO-PLAYER-1024x133.png 1024w, https:\/\/www.iemj.org\/wp-content\/uploads\/2024\/03\/AUDIO-PLAYER-300x39.png 300w, https:\/\/www.iemj.org\/wp-content\/uploads\/2024\/03\/AUDIO-PLAYER-768x100.png 768w, https:\/\/www.iemj.org\/wp-content\/uploads\/2024\/03\/AUDIO-PLAYER-600x78.png 600w, https:\/\/www.iemj.org\/wp-content\/uploads\/2024\/03\/AUDIO-PLAYER.png 1210w\" sizes=\"(max-width: 1024px) 100vw, 1024px\" \/><\/figure>\n<\/div>\n\n\n<div class=\"wp-block-file\"><a id=\"wp-block-file--media-2ed10e8f-ab3e-458b-8248-f4ed3a51c4d3\" href=\"https:\/\/www.iemj.org\/wp-content\/uploads\/2018\/07\/adiyo_-_sandra_bessis_extrait_.mp3\">Adiyo &#8211; Sandra Bessis (EXTRAIT)<\/a><\/div>\n\n\n\n<div class=\"wp-block-file\"><a id=\"wp-block-file--media-2f2476ae-e3a9-4f52-8a9e-375dc9bf8b38\" href=\"https:\/\/www.iemj.org\/wp-content\/uploads\/2018\/07\/arvolera_-_pedro_aledo_extrait_.mp3\">Arvolera &#8211; Pedro Aledo (EXTRAIT)<\/a><\/div>\n\n\n\n<div class=\"wp-block-file\"><a id=\"wp-block-file--media-3519fce7-1112-400d-a624-2b7a0d125b3c\" href=\"https:\/\/www.iemj.org\/wp-content\/uploads\/2018\/07\/eskutchy_senyor_soldado_-_henriette_azen_maroc_.mp3\">Eskutchy Senyor soldado &#8211; Henriette Azen (Maroc)<\/a><\/div>\n\n\n\n<div class=\"wp-block-file\"><a id=\"wp-block-file--media-a35fd4ef-5cb5-4a44-a4ce-2f5d570125d6\" href=\"https:\/\/www.iemj.org\/wp-content\/uploads\/2018\/07\/quen_suspiense_y_entendiese_-_yehoram_gaon_pessah_.mp3\">Quen Suspiense y Entendiese &#8211; Yehoram Gaon (Pessah)<\/a><\/div>\n\n\n\n<div class=\"wp-block-file\"><a id=\"wp-block-file--media-7cef5144-a6d6-4c79-85a0-8a3cc8db8923\" href=\"https:\/\/www.iemj.org\/wp-content\/uploads\/2018\/07\/nani-nani_-_sarah_gorby.mp3\">Nani-Nani &#8211; Sarah Gorby<\/a><\/div>\n\n\n\n<div class=\"wp-block-file\"><a id=\"wp-block-file--media-16da94cf-03ed-464c-b1e0-65a148f0d030\" href=\"https:\/\/www.iemj.org\/wp-content\/uploads\/2018\/07\/un_cavritico_-_yehoram_gaon_pessah_.mp3\">Un Cavritico &#8211; Yehoram Gaon (Pessah)<\/a><\/div>\n\n\n\n<div class=\"wp-block-file\"><a id=\"wp-block-file--media-c804f780-8b5f-4f8b-a929-3885a02659e7\" href=\"https:\/\/www.iemj.org\/wp-content\/uploads\/2018\/07\/tres_hermanicas_eran_-_eleonora_noga_alberti.mp3\">Tres Hermanicas eran &#8211; Eleonora Noga Alberti<\/a><\/div>\n\n\n\n<div class=\"wp-block-file\"><a id=\"wp-block-file--media-b65c6ec8-351c-4967-9cdf-38528105664e\" href=\"https:\/\/www.iemj.org\/wp-content\/uploads\/2018\/07\/avre_tu_puerta_cerrada_-_the_parvarim.mp3\">Avre tu Puerta Cerrada &#8211; The Parvarim<\/a><\/div>\n\n\n\n<div class=\"wp-block-file\"><a id=\"wp-block-file--media-a2293a6d-4a61-4e04-8b20-5df0b6a16247\" href=\"https:\/\/www.iemj.org\/wp-content\/uploads\/2018\/07\/de_edad_de_quinze_anos_-_michele_bacynsky.mp3\">De edad de quinze anos &#8211; Michele Bacynsky<\/a><\/div>\n\n\n\n<div class=\"wp-block-file\"><a id=\"wp-block-file--media-5795d4ec-aa38-4d37-aec6-b849b8f70811\" href=\"https:\/\/www.iemj.org\/wp-content\/uploads\/2018\/07\/durme_-_rema_samsonov.mp3\">Durme &#8211; Rema Samsonov<\/a><\/div>\n\n\n\n<div class=\"wp-block-file\"><a id=\"wp-block-file--media-052c3641-f659-4117-a40a-40f528b5edb7\" href=\"https:\/\/www.iemj.org\/wp-content\/uploads\/2018\/07\/h_ad_gadiah_rite_maroc_et_salonique_.mp3\">H&#8217;ad Gadiah (rite Maroc et Salonique)<\/a><\/div>\n\n\n\n<div class=\"wp-block-file\"><a id=\"wp-block-file--media-acbdac2a-81bc-4c20-bce7-675a325fb6e4\" href=\"https:\/\/www.iemj.org\/wp-content\/uploads\/2018\/07\/la_vida_es_un_pasahe_-_henriette_azen_maroc_.mp3\">La vida es un pasahe &#8211; Henriette Azen (Maroc)<\/a><\/div>\n\n\n\n<div class=\"wp-block-file\"><a id=\"wp-block-file--media-2dc72e0e-a1f0-4a2d-a900-37a8873ff874\" href=\"https:\/\/www.iemj.org\/wp-content\/uploads\/2018\/07\/mi_coracon_-_sarah_gorby.mp3\">Mi Cora\u00e7on &#8211; Sarah Gorby<\/a><\/div>\n\n\n\n<div class=\"wp-block-file\"><a id=\"wp-block-file--media-f0c9d2d5-d1ed-470d-8ce4-36c3d524ad72\" href=\"https:\/\/www.iemj.org\/wp-content\/uploads\/2018\/07\/paxaro_d_hermozura_-_the_parvarim.mp3\">Paxaro d\u2019hermozura &#8211; The Parvarim<\/a><\/div>\n\n\n\n<div class=\"wp-block-file\"><a id=\"wp-block-file--media-3f63ed24-cfff-4ea4-be33-3ca3a9f2a6f3\" href=\"https:\/\/www.iemj.org\/wp-content\/uploads\/2018\/07\/en_la_mar_ay_una_torre_-_pedro_aledo_extrait_.mp3\">En la Mar Ay una Torre &#8211; Pedro Aledo (EXTRAIT)<\/a><\/div>\n\n\n\n<div class=\"wp-block-file\"><a id=\"wp-block-file--media-da76c9bf-54ee-48ae-85a8-64631260fb32\" href=\"https:\/\/www.iemj.org\/wp-content\/uploads\/2018\/07\/sol_la_saddika_-_henriette_azen_maroc_.mp3\">Sol la Saddika &#8211; Henriette Azen (Maroc)<\/a><\/div>\n\n\n\n<div class=\"wp-block-file\"><a id=\"wp-block-file--media-c88d739c-15ab-4f8e-a134-6a8a984cc790\" href=\"https:\/\/www.iemj.org\/wp-content\/uploads\/2018\/07\/sovre_une_cuanta_mas_-_yehoram_gaon_pessah_.mp3\">Sovre une cuanta mas &#8211; Yehoram Gaon (Pessah)<\/a><\/div>\n\n\n\n<div class=\"wp-block-file\"><a id=\"wp-block-file--media-00e73643-3195-42b1-a09f-c51ff0a64c57\" href=\"https:\/\/www.iemj.org\/wp-content\/uploads\/2018\/07\/ladino_medley_-_aleph_duo.mp3\">Ladino Medley &#8211;  Aleph Duo<\/a><\/div>\n\n\n\n<div class=\"wp-block-file\"><a id=\"wp-block-file--media-12219e0a-85db-499a-95c7-7e1c0b6d5023\" href=\"https:\/\/www.iemj.org\/wp-content\/uploads\/2018\/07\/ir_me_quero_madre_a_yerushalayim_-_rema_samsonov.mp3\">Ir me quero madre a yerushalayim &#8211; Rema Samsonov<\/a><\/div>\n","protected":false},"excerpt":{"rendered":"<p>Descubre una selecci\u00f3n de canciones judeo-espa\u00f1olas, todas extra\u00eddas de nuestras colecciones, que os permitieren esperar hasta el pr\u00f3ximo regreso, en buena compa\u00f1\u00eda. Estas melod\u00edas, evocando el amor filial y parental,<\/p>\n","protected":false},"author":5,"featured_media":99236,"comment_status":"closed","ping_status":"open","sticky":false,"template":"","format":"standard","meta":{"_acf_changed":false,"footnotes":""},"categories":[1535],"tags":[],"technique":[],"squelettes":[],"sujet":[],"formation":[],"genre":[1889],"fonds":[],"tradition":[],"type-de-contenu":[],"interprete-compositeur":[],"frise":[],"type-devenement":[],"tableaux-liens-externes":[],"class_list":["post-72713","post","type-post","status-publish","format-standard","has-post-thumbnail","hentry","category-listas-de-reproduccion-es","genre-judeo-espanol-es"],"acf":[],"yoast_head":"<!-- This site is optimized with the Yoast SEO plugin v27.3 - https:\/\/yoast.com\/product\/yoast-seo-wordpress\/ -->\n<title>LA LISTA DE REPRODUCCI\u00d3N JUDEO-ESPANOLA DEL VERANO... - Institut Europ\u00e9en des Musiques Juives<\/title>\n<meta name=\"robots\" content=\"index, follow, max-snippet:-1, max-image-preview:large, max-video-preview:-1\" \/>\n<link rel=\"canonical\" href=\"https:\/\/www.iemj.org\/es\/la-playlist-judeo-espagnole-de-lete\/\" \/>\n<meta property=\"og:locale\" content=\"es_ES\" \/>\n<meta property=\"og:type\" content=\"article\" \/>\n<meta property=\"og:title\" content=\"LA LISTA DE REPRODUCCI\u00d3N JUDEO-ESPANOLA DEL VERANO... - Institut Europ\u00e9en des Musiques Juives\" \/>\n<meta property=\"og:description\" content=\"Descubre una selecci\u00f3n de canciones judeo-espa\u00f1olas, todas extra\u00eddas de nuestras colecciones, que os permitieren esperar hasta el pr\u00f3ximo regreso, en buena compa\u00f1\u00eda. Estas melod\u00edas, evocando el amor filial y parental,\" \/>\n<meta property=\"og:url\" content=\"https:\/\/www.iemj.org\/es\/la-playlist-judeo-espagnole-de-lete\/\" \/>\n<meta property=\"og:site_name\" content=\"Institut Europ\u00e9en des Musiques Juives\" \/>\n<meta property=\"article:publisher\" content=\"https:\/\/www.facebook.com\/MusiquesJuives\/\" \/>\n<meta property=\"article:published_time\" content=\"2018-07-10T09:10:29+00:00\" \/>\n<meta property=\"article:modified_time\" content=\"2025-07-08T14:07:41+00:00\" \/>\n<meta property=\"og:image\" content=\"https:\/\/www.iemj.org\/wp-content\/uploads\/2018\/07\/Logo-playlist-judeo-esp-1.jpg\" \/>\n\t<meta property=\"og:image:width\" content=\"500\" \/>\n\t<meta property=\"og:image:height\" content=\"500\" \/>\n\t<meta property=\"og:image:type\" content=\"image\/jpeg\" \/>\n<meta name=\"author\" content=\"Jacqueline ROTEN\" \/>\n<meta name=\"twitter:card\" content=\"summary_large_image\" \/>\n<meta name=\"twitter:label1\" content=\"Escrito por\" \/>\n\t<meta name=\"twitter:data1\" content=\"Jacqueline ROTEN\" \/>\n\t<meta name=\"twitter:label2\" content=\"Tiempo de lectura\" \/>\n\t<meta name=\"twitter:data2\" content=\"2 minutos\" \/>\n<script type=\"application\/ld+json\" class=\"yoast-schema-graph\">{\"@context\":\"https:\\\/\\\/schema.org\",\"@graph\":[{\"@type\":\"Article\",\"@id\":\"https:\\\/\\\/www.iemj.org\\\/es\\\/la-playlist-judeo-espagnole-de-lete\\\/#article\",\"isPartOf\":{\"@id\":\"https:\\\/\\\/www.iemj.org\\\/es\\\/la-playlist-judeo-espagnole-de-lete\\\/\"},\"author\":{\"name\":\"Jacqueline ROTEN\",\"@id\":\"https:\\\/\\\/www.iemj.org\\\/es\\\/#\\\/schema\\\/person\\\/358e26c18aca017fcc4cc15437f7279c\"},\"headline\":\"LA LISTA DE REPRODUCCI\u00d3N JUDEO-ESPANOLA DEL VERANO&#8230;\",\"datePublished\":\"2018-07-10T09:10:29+00:00\",\"dateModified\":\"2025-07-08T14:07:41+00:00\",\"mainEntityOfPage\":{\"@id\":\"https:\\\/\\\/www.iemj.org\\\/es\\\/la-playlist-judeo-espagnole-de-lete\\\/\"},\"wordCount\":201,\"publisher\":{\"@id\":\"https:\\\/\\\/www.iemj.org\\\/es\\\/#organization\"},\"image\":{\"@id\":\"https:\\\/\\\/www.iemj.org\\\/es\\\/la-playlist-judeo-espagnole-de-lete\\\/#primaryimage\"},\"thumbnailUrl\":\"https:\\\/\\\/www.iemj.org\\\/wp-content\\\/uploads\\\/2018\\\/07\\\/Logo-playlist-judeo-esp-1.jpg\",\"articleSection\":[\"Listas de reproducci\u00f3n\"],\"inLanguage\":\"es\"},{\"@type\":\"WebPage\",\"@id\":\"https:\\\/\\\/www.iemj.org\\\/es\\\/la-playlist-judeo-espagnole-de-lete\\\/\",\"url\":\"https:\\\/\\\/www.iemj.org\\\/es\\\/la-playlist-judeo-espagnole-de-lete\\\/\",\"name\":\"LA LISTA DE REPRODUCCI\u00d3N JUDEO-ESPANOLA DEL VERANO... - Institut Europ\u00e9en des Musiques Juives\",\"isPartOf\":{\"@id\":\"https:\\\/\\\/www.iemj.org\\\/es\\\/#website\"},\"primaryImageOfPage\":{\"@id\":\"https:\\\/\\\/www.iemj.org\\\/es\\\/la-playlist-judeo-espagnole-de-lete\\\/#primaryimage\"},\"image\":{\"@id\":\"https:\\\/\\\/www.iemj.org\\\/es\\\/la-playlist-judeo-espagnole-de-lete\\\/#primaryimage\"},\"thumbnailUrl\":\"https:\\\/\\\/www.iemj.org\\\/wp-content\\\/uploads\\\/2018\\\/07\\\/Logo-playlist-judeo-esp-1.jpg\",\"datePublished\":\"2018-07-10T09:10:29+00:00\",\"dateModified\":\"2025-07-08T14:07:41+00:00\",\"breadcrumb\":{\"@id\":\"https:\\\/\\\/www.iemj.org\\\/es\\\/la-playlist-judeo-espagnole-de-lete\\\/#breadcrumb\"},\"inLanguage\":\"es\",\"potentialAction\":[{\"@type\":\"ReadAction\",\"target\":[\"https:\\\/\\\/www.iemj.org\\\/es\\\/la-playlist-judeo-espagnole-de-lete\\\/\"]}]},{\"@type\":\"ImageObject\",\"inLanguage\":\"es\",\"@id\":\"https:\\\/\\\/www.iemj.org\\\/es\\\/la-playlist-judeo-espagnole-de-lete\\\/#primaryimage\",\"url\":\"https:\\\/\\\/www.iemj.org\\\/wp-content\\\/uploads\\\/2018\\\/07\\\/Logo-playlist-judeo-esp-1.jpg\",\"contentUrl\":\"https:\\\/\\\/www.iemj.org\\\/wp-content\\\/uploads\\\/2018\\\/07\\\/Logo-playlist-judeo-esp-1.jpg\",\"width\":500,\"height\":500},{\"@type\":\"BreadcrumbList\",\"@id\":\"https:\\\/\\\/www.iemj.org\\\/es\\\/la-playlist-judeo-espagnole-de-lete\\\/#breadcrumb\",\"itemListElement\":[{\"@type\":\"ListItem\",\"position\":1,\"name\":\"Accueil\",\"item\":\"https:\\\/\\\/www.iemj.org\\\/es\\\/\"},{\"@type\":\"ListItem\",\"position\":2,\"name\":\"LA LISTA DE REPRODUCCI\u00d3N JUDEO-ESPANOLA DEL VERANO&#8230;\"}]},{\"@type\":\"WebSite\",\"@id\":\"https:\\\/\\\/www.iemj.org\\\/es\\\/#website\",\"url\":\"https:\\\/\\\/www.iemj.org\\\/es\\\/\",\"name\":\"Institut Europ\u00e9en des Musiques Juives\",\"description\":\"Des traditions musicales \u00e0 la port\u00e9e de tous\",\"publisher\":{\"@id\":\"https:\\\/\\\/www.iemj.org\\\/es\\\/#organization\"},\"potentialAction\":[{\"@type\":\"SearchAction\",\"target\":{\"@type\":\"EntryPoint\",\"urlTemplate\":\"https:\\\/\\\/www.iemj.org\\\/es\\\/?s={search_term_string}\"},\"query-input\":{\"@type\":\"PropertyValueSpecification\",\"valueRequired\":true,\"valueName\":\"search_term_string\"}}],\"inLanguage\":\"es\"},{\"@type\":\"Organization\",\"@id\":\"https:\\\/\\\/www.iemj.org\\\/es\\\/#organization\",\"name\":\"Institut Europ\u00e9en des Musiques Juives\",\"url\":\"https:\\\/\\\/www.iemj.org\\\/es\\\/\",\"logo\":{\"@type\":\"ImageObject\",\"inLanguage\":\"es\",\"@id\":\"https:\\\/\\\/www.iemj.org\\\/es\\\/#\\\/schema\\\/logo\\\/image\\\/\",\"url\":\"https:\\\/\\\/www.iemj.org\\\/wp-content\\\/uploads\\\/2021\\\/09\\\/Logo-IEMJ-Paypal.jpg\",\"contentUrl\":\"https:\\\/\\\/www.iemj.org\\\/wp-content\\\/uploads\\\/2021\\\/09\\\/Logo-IEMJ-Paypal.jpg\",\"width\":150,\"height\":50,\"caption\":\"Institut Europ\u00e9en des Musiques Juives\"},\"image\":{\"@id\":\"https:\\\/\\\/www.iemj.org\\\/es\\\/#\\\/schema\\\/logo\\\/image\\\/\"},\"sameAs\":[\"https:\\\/\\\/www.facebook.com\\\/MusiquesJuives\\\/\",\"https:\\\/\\\/www.instagram.com\\\/musiquesjuives\\\/\",\"https:\\\/\\\/www.youtube.com\\\/user\\\/musiquesjuives\"]},{\"@type\":\"Person\",\"@id\":\"https:\\\/\\\/www.iemj.org\\\/es\\\/#\\\/schema\\\/person\\\/358e26c18aca017fcc4cc15437f7279c\",\"name\":\"Jacqueline ROTEN\",\"image\":{\"@type\":\"ImageObject\",\"inLanguage\":\"es\",\"@id\":\"https:\\\/\\\/secure.gravatar.com\\\/avatar\\\/5964256d6c6957de3a3505278957e0fb2a35119ac47ea41827a65301213c810b?s=96&d=mm&r=g\",\"url\":\"https:\\\/\\\/secure.gravatar.com\\\/avatar\\\/5964256d6c6957de3a3505278957e0fb2a35119ac47ea41827a65301213c810b?s=96&d=mm&r=g\",\"contentUrl\":\"https:\\\/\\\/secure.gravatar.com\\\/avatar\\\/5964256d6c6957de3a3505278957e0fb2a35119ac47ea41827a65301213c810b?s=96&d=mm&r=g\",\"caption\":\"Jacqueline ROTEN\"}}]}<\/script>\n<!-- \/ Yoast SEO plugin. -->","yoast_head_json":{"title":"LA LISTA DE REPRODUCCI\u00d3N JUDEO-ESPANOLA DEL VERANO... - Institut Europ\u00e9en des Musiques Juives","robots":{"index":"index","follow":"follow","max-snippet":"max-snippet:-1","max-image-preview":"max-image-preview:large","max-video-preview":"max-video-preview:-1"},"canonical":"https:\/\/www.iemj.org\/es\/la-playlist-judeo-espagnole-de-lete\/","og_locale":"es_ES","og_type":"article","og_title":"LA LISTA DE REPRODUCCI\u00d3N JUDEO-ESPANOLA DEL VERANO... - Institut Europ\u00e9en des Musiques Juives","og_description":"Descubre una selecci\u00f3n de canciones judeo-espa\u00f1olas, todas extra\u00eddas de nuestras colecciones, que os permitieren esperar hasta el pr\u00f3ximo regreso, en buena compa\u00f1\u00eda. Estas melod\u00edas, evocando el amor filial y parental,","og_url":"https:\/\/www.iemj.org\/es\/la-playlist-judeo-espagnole-de-lete\/","og_site_name":"Institut Europ\u00e9en des Musiques Juives","article_publisher":"https:\/\/www.facebook.com\/MusiquesJuives\/","article_published_time":"2018-07-10T09:10:29+00:00","article_modified_time":"2025-07-08T14:07:41+00:00","og_image":[{"width":500,"height":500,"url":"https:\/\/www.iemj.org\/wp-content\/uploads\/2018\/07\/Logo-playlist-judeo-esp-1.jpg","type":"image\/jpeg"}],"author":"Jacqueline ROTEN","twitter_card":"summary_large_image","twitter_misc":{"Escrito por":"Jacqueline ROTEN","Tiempo de lectura":"2 minutos"},"schema":{"@context":"https:\/\/schema.org","@graph":[{"@type":"Article","@id":"https:\/\/www.iemj.org\/es\/la-playlist-judeo-espagnole-de-lete\/#article","isPartOf":{"@id":"https:\/\/www.iemj.org\/es\/la-playlist-judeo-espagnole-de-lete\/"},"author":{"name":"Jacqueline ROTEN","@id":"https:\/\/www.iemj.org\/es\/#\/schema\/person\/358e26c18aca017fcc4cc15437f7279c"},"headline":"LA LISTA DE REPRODUCCI\u00d3N JUDEO-ESPANOLA DEL VERANO&#8230;","datePublished":"2018-07-10T09:10:29+00:00","dateModified":"2025-07-08T14:07:41+00:00","mainEntityOfPage":{"@id":"https:\/\/www.iemj.org\/es\/la-playlist-judeo-espagnole-de-lete\/"},"wordCount":201,"publisher":{"@id":"https:\/\/www.iemj.org\/es\/#organization"},"image":{"@id":"https:\/\/www.iemj.org\/es\/la-playlist-judeo-espagnole-de-lete\/#primaryimage"},"thumbnailUrl":"https:\/\/www.iemj.org\/wp-content\/uploads\/2018\/07\/Logo-playlist-judeo-esp-1.jpg","articleSection":["Listas de reproducci\u00f3n"],"inLanguage":"es"},{"@type":"WebPage","@id":"https:\/\/www.iemj.org\/es\/la-playlist-judeo-espagnole-de-lete\/","url":"https:\/\/www.iemj.org\/es\/la-playlist-judeo-espagnole-de-lete\/","name":"LA LISTA DE REPRODUCCI\u00d3N JUDEO-ESPANOLA DEL VERANO... - Institut Europ\u00e9en des Musiques Juives","isPartOf":{"@id":"https:\/\/www.iemj.org\/es\/#website"},"primaryImageOfPage":{"@id":"https:\/\/www.iemj.org\/es\/la-playlist-judeo-espagnole-de-lete\/#primaryimage"},"image":{"@id":"https:\/\/www.iemj.org\/es\/la-playlist-judeo-espagnole-de-lete\/#primaryimage"},"thumbnailUrl":"https:\/\/www.iemj.org\/wp-content\/uploads\/2018\/07\/Logo-playlist-judeo-esp-1.jpg","datePublished":"2018-07-10T09:10:29+00:00","dateModified":"2025-07-08T14:07:41+00:00","breadcrumb":{"@id":"https:\/\/www.iemj.org\/es\/la-playlist-judeo-espagnole-de-lete\/#breadcrumb"},"inLanguage":"es","potentialAction":[{"@type":"ReadAction","target":["https:\/\/www.iemj.org\/es\/la-playlist-judeo-espagnole-de-lete\/"]}]},{"@type":"ImageObject","inLanguage":"es","@id":"https:\/\/www.iemj.org\/es\/la-playlist-judeo-espagnole-de-lete\/#primaryimage","url":"https:\/\/www.iemj.org\/wp-content\/uploads\/2018\/07\/Logo-playlist-judeo-esp-1.jpg","contentUrl":"https:\/\/www.iemj.org\/wp-content\/uploads\/2018\/07\/Logo-playlist-judeo-esp-1.jpg","width":500,"height":500},{"@type":"BreadcrumbList","@id":"https:\/\/www.iemj.org\/es\/la-playlist-judeo-espagnole-de-lete\/#breadcrumb","itemListElement":[{"@type":"ListItem","position":1,"name":"Accueil","item":"https:\/\/www.iemj.org\/es\/"},{"@type":"ListItem","position":2,"name":"LA LISTA DE REPRODUCCI\u00d3N JUDEO-ESPANOLA DEL VERANO&#8230;"}]},{"@type":"WebSite","@id":"https:\/\/www.iemj.org\/es\/#website","url":"https:\/\/www.iemj.org\/es\/","name":"Institut Europ\u00e9en des Musiques Juives","description":"Des traditions musicales \u00e0 la port\u00e9e de tous","publisher":{"@id":"https:\/\/www.iemj.org\/es\/#organization"},"potentialAction":[{"@type":"SearchAction","target":{"@type":"EntryPoint","urlTemplate":"https:\/\/www.iemj.org\/es\/?s={search_term_string}"},"query-input":{"@type":"PropertyValueSpecification","valueRequired":true,"valueName":"search_term_string"}}],"inLanguage":"es"},{"@type":"Organization","@id":"https:\/\/www.iemj.org\/es\/#organization","name":"Institut Europ\u00e9en des Musiques Juives","url":"https:\/\/www.iemj.org\/es\/","logo":{"@type":"ImageObject","inLanguage":"es","@id":"https:\/\/www.iemj.org\/es\/#\/schema\/logo\/image\/","url":"https:\/\/www.iemj.org\/wp-content\/uploads\/2021\/09\/Logo-IEMJ-Paypal.jpg","contentUrl":"https:\/\/www.iemj.org\/wp-content\/uploads\/2021\/09\/Logo-IEMJ-Paypal.jpg","width":150,"height":50,"caption":"Institut Europ\u00e9en des Musiques Juives"},"image":{"@id":"https:\/\/www.iemj.org\/es\/#\/schema\/logo\/image\/"},"sameAs":["https:\/\/www.facebook.com\/MusiquesJuives\/","https:\/\/www.instagram.com\/musiquesjuives\/","https:\/\/www.youtube.com\/user\/musiquesjuives"]},{"@type":"Person","@id":"https:\/\/www.iemj.org\/es\/#\/schema\/person\/358e26c18aca017fcc4cc15437f7279c","name":"Jacqueline ROTEN","image":{"@type":"ImageObject","inLanguage":"es","@id":"https:\/\/secure.gravatar.com\/avatar\/5964256d6c6957de3a3505278957e0fb2a35119ac47ea41827a65301213c810b?s=96&d=mm&r=g","url":"https:\/\/secure.gravatar.com\/avatar\/5964256d6c6957de3a3505278957e0fb2a35119ac47ea41827a65301213c810b?s=96&d=mm&r=g","contentUrl":"https:\/\/secure.gravatar.com\/avatar\/5964256d6c6957de3a3505278957e0fb2a35119ac47ea41827a65301213c810b?s=96&d=mm&r=g","caption":"Jacqueline ROTEN"}}]}},"_links":{"self":[{"href":"https:\/\/www.iemj.org\/es\/wp-json\/wp\/v2\/posts\/72713","targetHints":{"allow":["GET"]}}],"collection":[{"href":"https:\/\/www.iemj.org\/es\/wp-json\/wp\/v2\/posts"}],"about":[{"href":"https:\/\/www.iemj.org\/es\/wp-json\/wp\/v2\/types\/post"}],"author":[{"embeddable":true,"href":"https:\/\/www.iemj.org\/es\/wp-json\/wp\/v2\/users\/5"}],"replies":[{"embeddable":true,"href":"https:\/\/www.iemj.org\/es\/wp-json\/wp\/v2\/comments?post=72713"}],"version-history":[{"count":0,"href":"https:\/\/www.iemj.org\/es\/wp-json\/wp\/v2\/posts\/72713\/revisions"}],"wp:featuredmedia":[{"embeddable":true,"href":"https:\/\/www.iemj.org\/es\/wp-json\/wp\/v2\/media\/99236"}],"wp:attachment":[{"href":"https:\/\/www.iemj.org\/es\/wp-json\/wp\/v2\/media?parent=72713"}],"wp:term":[{"taxonomy":"category","embeddable":true,"href":"https:\/\/www.iemj.org\/es\/wp-json\/wp\/v2\/categories?post=72713"},{"taxonomy":"post_tag","embeddable":true,"href":"https:\/\/www.iemj.org\/es\/wp-json\/wp\/v2\/tags?post=72713"},{"taxonomy":"technique","embeddable":true,"href":"https:\/\/www.iemj.org\/es\/wp-json\/wp\/v2\/technique?post=72713"},{"taxonomy":"squelettes","embeddable":true,"href":"https:\/\/www.iemj.org\/es\/wp-json\/wp\/v2\/squelettes?post=72713"},{"taxonomy":"sujet","embeddable":true,"href":"https:\/\/www.iemj.org\/es\/wp-json\/wp\/v2\/sujet?post=72713"},{"taxonomy":"formation","embeddable":true,"href":"https:\/\/www.iemj.org\/es\/wp-json\/wp\/v2\/formation?post=72713"},{"taxonomy":"genre","embeddable":true,"href":"https:\/\/www.iemj.org\/es\/wp-json\/wp\/v2\/genre?post=72713"},{"taxonomy":"fonds","embeddable":true,"href":"https:\/\/www.iemj.org\/es\/wp-json\/wp\/v2\/fonds?post=72713"},{"taxonomy":"tradition","embeddable":true,"href":"https:\/\/www.iemj.org\/es\/wp-json\/wp\/v2\/tradition?post=72713"},{"taxonomy":"type-de-contenu","embeddable":true,"href":"https:\/\/www.iemj.org\/es\/wp-json\/wp\/v2\/type-de-contenu?post=72713"},{"taxonomy":"interprete-compositeur","embeddable":true,"href":"https:\/\/www.iemj.org\/es\/wp-json\/wp\/v2\/interprete-compositeur?post=72713"},{"taxonomy":"frise","embeddable":true,"href":"https:\/\/www.iemj.org\/es\/wp-json\/wp\/v2\/frise?post=72713"},{"taxonomy":"type-devenement","embeddable":true,"href":"https:\/\/www.iemj.org\/es\/wp-json\/wp\/v2\/type-devenement?post=72713"},{"taxonomy":"tableaux-liens-externes","embeddable":true,"href":"https:\/\/www.iemj.org\/es\/wp-json\/wp\/v2\/tableaux-liens-externes?post=72713"}],"curies":[{"name":"wp","href":"https:\/\/api.w.org\/{rel}","templated":true}]}}