{"id":73063,"date":"2017-11-21T16:39:00","date_gmt":"2017-11-21T15:39:00","guid":{"rendered":"https:\/\/www.iemj.org\/le-bund-et-les-chants-yiddish-revolutionnaires\/"},"modified":"2021-12-08T17:41:38","modified_gmt":"2021-12-08T16:41:38","slug":"le-bund-et-les-chants-yiddish-revolutionnaires","status":"publish","type":"post","link":"https:\/\/www.iemj.org\/es\/le-bund-et-les-chants-yiddish-revolutionnaires\/","title":{"rendered":"El BUND y los cantos yiddish revolucionarios"},"content":{"rendered":"<p>El BUND, o la Uni\u00f3n General de Trabajadores Jud\u00edos de Lituania, de Polonia y de Rusia, fue un movimiento socialista jud\u00edo creado a finales del siglo XIX en el Imperio ruso.<\/p>\n<p><!--more--><\/p>\n<p>Militando por la emancipaci\u00f3n de los trabajadores jud\u00edos como parte de una lucha m\u00e1s general por el socialismo, el Bund defend\u00eda el derecho de los jud\u00edos a formar una nacionalidad laica de habla yiddish. Por lo tanto, se opon\u00eda tanto al sionismo como al bolchevismo, cuyas critica tendencias centralizadoras.<\/p>\n<h2>Historia del BUND<\/h2>\n<figure style=\"width: 210px\" class=\"wp-caption alignleft\"><img fetchpriority=\"high\" decoding=\"async\" class=\"\" src=\"https:\/\/www.iemj.org\/wp-content\/uploads\/2017\/11\/kremer2.jpg\" alt=\"kremer2.jpg\" width=\"210\" height=\"256\" align=\"left\" data-description=\"&quot;&lt;strong\" \/><figcaption class=\"wp-caption-text\">Arkady Kremer, fundador del BUND<\/figcaption><\/figure>\n<p>El Bund fue fundado en Vilne (Vilna en yiddish) el 7 de octubre de 1897 por militantes del c\u00edrculo marxista de la ciudad. Pretend\u00eda unificar a todos los trabajadores jud\u00edos del Imperio Ruso en el entorno de un partido socialista unificado. Aunque la palabra \u00abjud\u00edo\u00bb est\u00e1 en el nombre del partido, sus fundadores no quieren crear un partido espec\u00edficamente jud\u00edo: son socialdem\u00f3cratas que trabajan en un entorno jud\u00edo y en yiddish. Para ellos, el partido era un destacamento del movimiento socialista ruso que trabajaba en el medio jud\u00edo. El Bund difunde una prensa clandestina de gran calidad, en yiddish, que resisti\u00f3 a la represi\u00f3n zarista.<\/p>\n<p>El Bund era un partido socialista laico, opon\u00edandose a lo que consideraba reaccionario en la vida jud\u00eda tradicional en Rusia. El partido se encontr\u00f3 a la hostilidad de los rabis, que condenaron los acciones contra el zarismo. El nacimiento del Bund marc\u00f3 la ruptura con una tradici\u00f3n jud\u00eda arraigada en las comunidades de Rusia. Seg\u00fan Rachel Ertel, \u00abpara algunos, el ate\u00edsmo se convirti\u00f3 en un art\u00edculo de fe por el que estaban dispuestos a morir como sus padres por la &#8216;Santificaci\u00f3n del Nombre&#8217; (Kiddush Hashem).\u00bb<\/p>\n<p>El Bund se opuso firmemente al sionismo, alegando que la emigraci\u00f3n a Palestina era s\u00f3lo una forma de huida del mundo. Durante su 4\u00ba Congreso, el Bund \u00abconsidera el sionismo como una reacci\u00f3n de la clase burguesa contra el antisemitismo y la situaci\u00f3n anormal del pueblo jud\u00edo. El sionismo pol\u00edtico, que se fija como objetivo la creaci\u00f3n de un territorio para el pueblo jud\u00edo, no puede pretender resolver la cuesti\u00f3n jud\u00eda [&#8230;] ni satisfacer al pueblo en su conjunto\u00bb <em>(citado en Henri Minczeles, Histoire g\u00e9n\u00e9rale du Bund, un mouvement r\u00e9volutionnaire juif, [Historia general del Bund, un movimiento revolucionario jud\u00edo] Deno\u00ebl, 1999, p. 68).<\/em><\/p>\n<figure style=\"width: 634px\" class=\"wp-caption alignnone\"><img decoding=\"async\" src=\"https:\/\/www.iemj.org\/wp-content\/uploads\/2017\/11\/encjud_poland-band13-kolonne741-742-bund-versammlung-warschau19322.jpg\" alt=\"encjud_poland-band13-kolonne741-742-bund-versammlung-warschau19322.jpg\" width=\"634\" height=\"454\" align=\"middle\" data-description=\"&quot;Rassemblement\" \/><figcaption class=\"wp-caption-text\"><\/em> <em>Reuni\u00f3n de la Organizaci\u00f3n de J\u00f3venes Bundistas (Varsovia, 1932)<\/em><\/figcaption><\/figure>\n<p>Tras la invasi\u00f3n nazi, los bundistas desempe\u00f1aron un importante papel en la resistencia armada de las poblaciones jud\u00edas contra la ocupaci\u00f3n nazi. Sin embargo, la actividad del Bund se vio limitada por la represi\u00f3n de Stalin. En medio de la guerra, Stalin orden\u00f3 la ejecuci\u00f3n de dos de los principales l\u00edderes del Bund. <strong>Victor Alter<\/strong> y <strong>Henryk Erlich<\/strong> fueron fusilados en Mosc\u00fa en diciembre de 1941 bajo la c\u00ednica y falsa acusaci\u00f3n de ser agentes de la Alemania nazi. Un representante del Bund, <strong>Samuel Zygelboym<\/strong>, sirvi\u00f3 en el gobierno polaco en Londres durante la Segunda Guerra Mundial y se suicid\u00f3 en 1943 para protestar por la inacci\u00f3n de los aliados ante el Holocausto en curso. El Bund tambi\u00e9n desempe\u00f1\u00f3 un papel importante en el levantamiento del gueto de Varsovia y fue un componente principal de la Organizaci\u00f3n Jud\u00eda de Combate, en la que estaba representado por <strong>Marek Edelman<\/strong>.<\/p>\n<p><img decoding=\"async\" class=\"\" src=\"https:\/\/www.iemj.org\/wp-content\/uploads\/2017\/11\/vladimirmedem3.jpg\" alt=\"vladimirmedem3.jpg\" width=\"115\" height=\"178\" align=\"right\" data-description=\"&lt;strong&gt;Vladimir Medem&lt;\/strong&gt;\" \/><\/p>\n<p>El Bund sigue existiendo formalmente en el siglo XXI como Jewish Labour Bund, una organizaci\u00f3n asociada a la Internacional Socialista, pero la Shoah acab\u00f3 con las poblaciones en las que estaba arraigado. Nueva York es su base internacional, s\u00f3lo quedan secciones en la di\u00e1spora, en Australia, en el Reino Unido, en Israel o en Francia con el Centro Medem Arbeter Ring<em><br \/>\n<\/em><\/p>\n<p><em>Vladimir Medem (al lado) es considerado el mayor te\u00f3rico del Bund<\/em><\/p>\n<p><em>\u00a0<\/em><\/p>\n<h2>Los cantos revolucionarios yiddish<\/h2>\n<p>Ya sea en franc\u00e9s, en yiddish, en espa\u00f1ol, en italiano, en alem\u00e1n o en ruso, todas las canciones revolucionarias expresan los mismos sentimientos y aspiraciones. El sentimiento de los que se levantan contra un orden establecido en beneficio de una minor\u00eda. La palabra de revuelta que surge cuando los que est\u00e1n hartos de sufrir gritan: \u00ab\u00a1Basta!\u00bb<\/p>\n<p>Estas canciones dan testimonio de la ferocidad de los a\u00f1os de miseria, explotaci\u00f3n y dictadura, pero tambi\u00e9n de la esperanza de un mundo mejor, libre de injusticia y guerra.<\/p>\n<p>El Bund desempe\u00f1\u00f3 un papel fundamental en el apoyo a los c\u00edrculos culturales yiddish, as\u00ed como a los conjuntos musicales y teatrales. Muchas canciones revolucionarias fueron escritas en yiddish, ya sea por autores como <strong>David Edlestadt<\/strong>, <strong>Mordkhay Gebirtig<\/strong>, <strong>Morris Winchevsky<\/strong>, o simplemente creadas en las calles y coreadas por las masas durante las manifestaciones. Aqu\u00ed est\u00e1n algunos de los autores de estas canciones de lucha.<\/p>\n<p><strong>Shalom Anski<\/strong><br \/>\n<img loading=\"lazy\" decoding=\"async\" class=\" alignright  wp-image-73078\" src=\"https:\/\/www.iemj.org\/wp-content\/uploads\/2017\/11\/an-ski_19102.jpg\" alt=\"an-ski_19102.jpg\" width=\"266\" height=\"197\" align=\"right\" \/>Shloyme Zanvl Rappoport (1863 &#8211; 1920), conocido por el seud\u00f3nimo Sh. Anski fue escritor, periodista y etn\u00f3grafo, especializado en el folclore jud\u00edo y la cultura yiddish. Es conocido por ser el autor del cl\u00e1sico literario yiddish El Dybbuk, y tambi\u00e9n por haber escrito dos canciones para el Bund: Tsum Bund (Al Bund) y Di Shvue (El juramento). Este \u00faltimo, escrito en 1902, se convirti\u00f3 en el himno del Bund y se canta en las conmemoraciones, as\u00ed como el 19 de abril en recuerdo del levantamiento del gueto de Varsovia.<\/p>\n<p><iframe src=\"https:\/\/www.youtube.com\/embed\/KZg-5RBFjbA\" width=\"280\" height=\"157\" frameborder=\"0\" allowfullscreen=\"allowfullscreen\"><\/iframe><br \/>\n<em>Di Shvue, por el coro del Workmen&#8217;s Circle chorus<br \/>\n<\/em><\/p>\n<p><strong>Hirsh Glick<\/strong><br \/>\n<img loading=\"lazy\" decoding=\"async\" class=\" alignleft  wp-image-73079\" src=\"https:\/\/www.iemj.org\/wp-content\/uploads\/2017\/11\/hirsh_glik2.jpg\" alt=\"hirsh_glik2.jpg\" width=\"214\" height=\"318\" align=\"left\" \/>Hirsh Glick (1922 &#8211; 1944) fue un poeta y partisano jud\u00edo de Lituania. A los 13 a\u00f1os, compuso sus primeros poemas en hebreo, que aparecieron en la prensa jud\u00eda local, y luego, bajo la influencia de Yung Vilna (Joven Vilna), un grupo de j\u00f3venes poetas y dibujantes jud\u00edos, escribi\u00f3 en yiddish, su lengua materna. Yung Vilna se convertir\u00e1, bajo la influencia de <strong>Leizer Wolf<\/strong>, en el grupo m\u00e1s importante de <strong>Yung Vald<\/strong> (Bosque joven), cuyo Hirsh Glick es el poeta m\u00e1s destacado. Despu\u00e9s de la operaci\u00f3n Barbarroja (ataque del ej\u00e9rcito del Tercer Reich contra la Uni\u00f3n Sovi\u00e9tica en 1941), Hirsh Glick fue enviado con su padre al campo de trabajo de Baltoji Vok\u0117, y luego a Rzeza. Aunque est\u00e1 f\u00edsicamente debilitado, sigue produciendo poemas esperanzadores que reconfortan a sus compa\u00f1eros de prisi\u00f3n. Env\u00eda sus poemas a sus amigos del gueto de Vilna, donde se publican en peri\u00f3dicos locales e incluso ganan concursos.<\/p>\n<p>En 1943, cuando el campo de Rzeza fue liquidado por culpa de sus v\u00ednculos con los partisanos, Glick fue trasladado al gueto, participando en su vida cultural, pero tambi\u00e9n en la lucha clandestina, junto a la Fareynikte Partizaner Organizatsye (\u00abOrganizaci\u00f3n Unificada de los partisanos\u00bb). Hirsch Glick particip\u00f3 en el sabotaje y prepar\u00f3 un levantamiento del gueto. En 1943, cuando las noticias del levantamiento del gueto de Varsovia llegaron a los o\u00eddos de los jud\u00edos de Vilna, Hirsh Glick escribi\u00f3 la canci\u00f3n partisana jud\u00eda (<em>Zog nit keyn mol &#8211; Nunca digas nunca<\/em>) en el gueto de Vilna. Esta canci\u00f3n heroica suena como un acto de fe en la supervivencia de los Jud\u00edos y su victoria final. Exalta la lucha de los Jud\u00edos contra los nazis. El canto fue adoptado inmediatamente como himno de los resistentes del gueto de Vilna. Se retom\u00f3 en otros guetos.<\/p>\n<p><strong>David Edelstadt<\/strong><br \/>\n<img loading=\"lazy\" decoding=\"async\" class=\" alignright size-full wp-image-73080\" src=\"https:\/\/www.iemj.org\/wp-content\/uploads\/2017\/11\/david_edelstadt2.jpg\" alt=\"david_edelstadt2.jpg\" width=\"226\" height=\"350\" align=\"right\" srcset=\"https:\/\/www.iemj.org\/wp-content\/uploads\/2017\/11\/david_edelstadt2.jpg 226w, https:\/\/www.iemj.org\/wp-content\/uploads\/2017\/11\/david_edelstadt2-194x300.jpg 194w\" sizes=\"(max-width: 226px) 100vw, 226px\" \/>David Edelstadt (1866 &#8211; 1892) fue un poeta y obrero anarquista ruso. Nacido en el seno de una familia rusa de origen jud\u00edo, su padre, Moses Edelstadt, fue reclutado a la fuerza durante casi 25 a\u00f1os en el ej\u00e9rcito del Zar, una pr\u00e1ctica utilizada frecuentemente contra los jud\u00edos. El 8 de mayo de 1881 sufri\u00f3 un duro pogromo durante el cual los jud\u00edos de la regi\u00f3n de Kiev y de sus alrededores fueron atacados violentamente. Tras su hospitalizaci\u00f3n, conoci\u00f3 a un m\u00e9dico que ayud\u00f3 a muchos jud\u00edos a escaparse hacia los Estados Unidos. Con la ayuda de este m\u00e9dico, emigr\u00f3 a los Estados Unidos en 1882. Fue durante estos a\u00f1os cuando adopt\u00f3 el yiddish como su lengua de habla, sustituyendo al ruso. Se convirti\u00f3 entonces en el editor en jefe del semanario anarquista <em>Fraye Arbeter Shtime (La voz del trabajador libre).<\/em> Entre sus poemas puestas en musica est\u00e1n <em>Mayn tsavoe<\/em> <em>(Mi testamento)<\/em> e <em>In Kamf (A la lucha).<\/em><\/p>\n<p><strong>Mordkhay Gebirtig<\/strong><br \/>\n<img loading=\"lazy\" decoding=\"async\" class=\" alignleft  wp-image-73081\" src=\"https:\/\/www.iemj.org\/wp-content\/uploads\/2017\/11\/gebirtig.jpg\" alt=\"gebirtig.jpg\" width=\"130\" height=\"229\" align=\"left\" srcset=\"https:\/\/www.iemj.org\/wp-content\/uploads\/2017\/11\/gebirtig.jpg 220w, https:\/\/www.iemj.org\/wp-content\/uploads\/2017\/11\/gebirtig-170x300.jpg 170w\" sizes=\"(max-width: 130px) 100vw, 130px\" \/>Mordkhay Gebirtig (1877 &#8211; 1942) fue un poeta y compositor jud\u00edo polaco de idioma yiddish. Particip\u00f3 en el Bund: para \u00e9l, la vida jud\u00eda deb\u00eda continuar en Polonia (y no en Palestina); el socialismo deb\u00eda sustituir a la religi\u00f3n y el yiddish deb\u00eda convertirse en la lengua de las masas jud\u00edas. Escribi\u00f3 un centenar de canciones, rara vez sin significado social, que van desde la canci\u00f3n de cuna a la canci\u00f3n nost\u00e1lgica pasando por la canci\u00f3n revolucionaria (<em>Arbetlozer marsh<\/em>). La m\u00e1s conocida es, sin duda, <em>Undzer shtetl brent (Nuestro pueblo arde)<\/em>, una canci\u00f3n de revuelta escrita tras el pogromo de Przytyk en 1938, y que fue retomada por los combatientes del gueto.<\/p>\n<p>Fue asesinado el 4 de junio de 1942 en el gueto de Cracovia.<\/p>\n<p>Muchos otros autores jud\u00edos escribieron canciones o poemas revolucionarios puestos en musica, como <strong>Avrom Reysen, Y.L. Peretz, Nokhem Yud, S. Lehman&#8230;<\/strong><\/p>\n<p><em><strong> Fuentes<\/strong> :<br \/>\n&#8211; Wikipedia<br \/>\n&#8211; Centre Medem Arbeter Ring<br \/>\n&#8211; Histoire G\u00e9n\u00e9rale du BUND de H. Minczeles<\/em><\/p>\n<p><a href=\"https:\/\/www.iemj.org\/es\/les-chants-revolutionnaires-yiddish\/\" target=\"_blank\" rel=\"noopener\">Escuchar la lista de reproducci\u00f3n Les chants r\u00e9volutionnaires yiddish [Los cantos revolucionarios yiddish]<\/a><br \/>\n<a href=\"https:\/\/www.iemj.org\/es\/in-love-and-in-struggle\/\" target=\"_blank\" rel=\"noopener\">Leer el articulo sobre el CD <em>In Love And Struggle, The Musical Legacy of the Jewish Labor Bund<\/em><\/a><br \/>\n<a href=\"https:\/\/www.centre-medem.org\/histoire-2\/\" target=\"_blank\" rel=\"noopener\">M\u00e1s informaci\u00f3n sobre el Bund en el sitio del Centro Medem<\/a><\/p>\n","protected":false},"excerpt":{"rendered":"<p>El BUND, o la Uni\u00f3n General de Trabajadores Jud\u00edos de Lituania, de Polonia y de Rusia, fue un movimiento socialista jud\u00edo creado a finales del siglo XIX en el Imperio<\/p>\n","protected":false},"author":1048,"featured_media":73064,"comment_status":"closed","ping_status":"open","sticky":false,"template":"","format":"standard","meta":{"_acf_changed":false,"footnotes":""},"categories":[1408,1412],"tags":[],"technique":[],"squelettes":[],"sujet":[],"formation":[],"genre":[1863],"fonds":[],"tradition":[],"type-de-contenu":[],"interprete-compositeur":[],"frise":[],"type-devenement":[],"tableaux-liens-externes":[],"class_list":["post-73063","post","type-post","status-publish","format-standard","has-post-thumbnail","hentry","category-articulos-de-fondo-es","category-musica-secular-es","genre-yiddish-es"],"acf":[],"yoast_head":"<!-- This site is optimized with the Yoast SEO plugin v27.3 - https:\/\/yoast.com\/product\/yoast-seo-wordpress\/ -->\n<title>El BUND y los cantos yiddish revolucionarios - Institut Europ\u00e9en des Musiques Juives<\/title>\n<meta name=\"robots\" content=\"index, follow, max-snippet:-1, max-image-preview:large, max-video-preview:-1\" \/>\n<link rel=\"canonical\" href=\"https:\/\/www.iemj.org\/es\/le-bund-et-les-chants-yiddish-revolutionnaires\/\" \/>\n<meta property=\"og:locale\" content=\"es_ES\" \/>\n<meta property=\"og:type\" content=\"article\" \/>\n<meta property=\"og:title\" content=\"El BUND y los cantos yiddish revolucionarios - Institut Europ\u00e9en des Musiques Juives\" \/>\n<meta property=\"og:description\" content=\"El BUND, o la Uni\u00f3n General de Trabajadores Jud\u00edos de Lituania, de Polonia y de Rusia, fue un movimiento socialista jud\u00edo creado a finales del siglo XIX en el Imperio\" \/>\n<meta property=\"og:url\" content=\"https:\/\/www.iemj.org\/es\/le-bund-et-les-chants-yiddish-revolutionnaires\/\" \/>\n<meta property=\"og:site_name\" content=\"Institut Europ\u00e9en des Musiques Juives\" \/>\n<meta property=\"article:publisher\" content=\"https:\/\/www.facebook.com\/MusiquesJuives\/\" \/>\n<meta property=\"article:published_time\" content=\"2017-11-21T15:39:00+00:00\" \/>\n<meta property=\"article:modified_time\" content=\"2021-12-08T16:41:38+00:00\" \/>\n<meta property=\"og:image\" content=\"https:\/\/www.iemj.org\/wp-content\/uploads\/2017\/11\/arton2759-e1618332250264.jpg\" \/>\n\t<meta property=\"og:image:width\" content=\"350\" \/>\n\t<meta property=\"og:image:height\" content=\"251\" \/>\n\t<meta property=\"og:image:type\" content=\"image\/jpeg\" \/>\n<meta name=\"author\" content=\"Jean-Gabriel Davis\" \/>\n<meta name=\"twitter:card\" content=\"summary_large_image\" \/>\n<meta name=\"twitter:label1\" content=\"Escrito por\" \/>\n\t<meta name=\"twitter:data1\" content=\"Jean-Gabriel Davis\" \/>\n\t<meta name=\"twitter:label2\" content=\"Tiempo de lectura\" \/>\n\t<meta name=\"twitter:data2\" content=\"9 minutos\" \/>\n<script type=\"application\/ld+json\" class=\"yoast-schema-graph\">{\"@context\":\"https:\\\/\\\/schema.org\",\"@graph\":[{\"@type\":\"Article\",\"@id\":\"https:\\\/\\\/www.iemj.org\\\/es\\\/le-bund-et-les-chants-yiddish-revolutionnaires\\\/#article\",\"isPartOf\":{\"@id\":\"https:\\\/\\\/www.iemj.org\\\/es\\\/le-bund-et-les-chants-yiddish-revolutionnaires\\\/\"},\"author\":{\"name\":\"Jean-Gabriel Davis\",\"@id\":\"https:\\\/\\\/www.iemj.org\\\/es\\\/#\\\/schema\\\/person\\\/c9bc1c386a3749579a2d675e72a18666\"},\"headline\":\"El BUND y los cantos yiddish revolucionarios\",\"datePublished\":\"2017-11-21T15:39:00+00:00\",\"dateModified\":\"2021-12-08T16:41:38+00:00\",\"mainEntityOfPage\":{\"@id\":\"https:\\\/\\\/www.iemj.org\\\/es\\\/le-bund-et-les-chants-yiddish-revolutionnaires\\\/\"},\"wordCount\":1655,\"publisher\":{\"@id\":\"https:\\\/\\\/www.iemj.org\\\/es\\\/#organization\"},\"image\":{\"@id\":\"https:\\\/\\\/www.iemj.org\\\/es\\\/le-bund-et-les-chants-yiddish-revolutionnaires\\\/#primaryimage\"},\"thumbnailUrl\":\"https:\\\/\\\/www.iemj.org\\\/wp-content\\\/uploads\\\/2017\\\/11\\\/arton2759-e1618332250264.jpg\",\"articleSection\":[\"Art\u00edculos de fondo\",\"M\u00fasica secular\"],\"inLanguage\":\"es\"},{\"@type\":\"WebPage\",\"@id\":\"https:\\\/\\\/www.iemj.org\\\/es\\\/le-bund-et-les-chants-yiddish-revolutionnaires\\\/\",\"url\":\"https:\\\/\\\/www.iemj.org\\\/es\\\/le-bund-et-les-chants-yiddish-revolutionnaires\\\/\",\"name\":\"El BUND y los cantos yiddish revolucionarios - Institut Europ\u00e9en des Musiques Juives\",\"isPartOf\":{\"@id\":\"https:\\\/\\\/www.iemj.org\\\/es\\\/#website\"},\"primaryImageOfPage\":{\"@id\":\"https:\\\/\\\/www.iemj.org\\\/es\\\/le-bund-et-les-chants-yiddish-revolutionnaires\\\/#primaryimage\"},\"image\":{\"@id\":\"https:\\\/\\\/www.iemj.org\\\/es\\\/le-bund-et-les-chants-yiddish-revolutionnaires\\\/#primaryimage\"},\"thumbnailUrl\":\"https:\\\/\\\/www.iemj.org\\\/wp-content\\\/uploads\\\/2017\\\/11\\\/arton2759-e1618332250264.jpg\",\"datePublished\":\"2017-11-21T15:39:00+00:00\",\"dateModified\":\"2021-12-08T16:41:38+00:00\",\"breadcrumb\":{\"@id\":\"https:\\\/\\\/www.iemj.org\\\/es\\\/le-bund-et-les-chants-yiddish-revolutionnaires\\\/#breadcrumb\"},\"inLanguage\":\"es\",\"potentialAction\":[{\"@type\":\"ReadAction\",\"target\":[\"https:\\\/\\\/www.iemj.org\\\/es\\\/le-bund-et-les-chants-yiddish-revolutionnaires\\\/\"]}]},{\"@type\":\"ImageObject\",\"inLanguage\":\"es\",\"@id\":\"https:\\\/\\\/www.iemj.org\\\/es\\\/le-bund-et-les-chants-yiddish-revolutionnaires\\\/#primaryimage\",\"url\":\"https:\\\/\\\/www.iemj.org\\\/wp-content\\\/uploads\\\/2017\\\/11\\\/arton2759-e1618332250264.jpg\",\"contentUrl\":\"https:\\\/\\\/www.iemj.org\\\/wp-content\\\/uploads\\\/2017\\\/11\\\/arton2759-e1618332250264.jpg\",\"width\":350,\"height\":251},{\"@type\":\"BreadcrumbList\",\"@id\":\"https:\\\/\\\/www.iemj.org\\\/es\\\/le-bund-et-les-chants-yiddish-revolutionnaires\\\/#breadcrumb\",\"itemListElement\":[{\"@type\":\"ListItem\",\"position\":1,\"name\":\"Accueil\",\"item\":\"https:\\\/\\\/www.iemj.org\\\/es\\\/\"},{\"@type\":\"ListItem\",\"position\":2,\"name\":\"El BUND y los cantos yiddish revolucionarios\"}]},{\"@type\":\"WebSite\",\"@id\":\"https:\\\/\\\/www.iemj.org\\\/es\\\/#website\",\"url\":\"https:\\\/\\\/www.iemj.org\\\/es\\\/\",\"name\":\"Institut Europ\u00e9en des Musiques Juives\",\"description\":\"Des traditions musicales \u00e0 la port\u00e9e de tous\",\"publisher\":{\"@id\":\"https:\\\/\\\/www.iemj.org\\\/es\\\/#organization\"},\"potentialAction\":[{\"@type\":\"SearchAction\",\"target\":{\"@type\":\"EntryPoint\",\"urlTemplate\":\"https:\\\/\\\/www.iemj.org\\\/es\\\/?s={search_term_string}\"},\"query-input\":{\"@type\":\"PropertyValueSpecification\",\"valueRequired\":true,\"valueName\":\"search_term_string\"}}],\"inLanguage\":\"es\"},{\"@type\":\"Organization\",\"@id\":\"https:\\\/\\\/www.iemj.org\\\/es\\\/#organization\",\"name\":\"Institut Europ\u00e9en des Musiques Juives\",\"url\":\"https:\\\/\\\/www.iemj.org\\\/es\\\/\",\"logo\":{\"@type\":\"ImageObject\",\"inLanguage\":\"es\",\"@id\":\"https:\\\/\\\/www.iemj.org\\\/es\\\/#\\\/schema\\\/logo\\\/image\\\/\",\"url\":\"https:\\\/\\\/www.iemj.org\\\/wp-content\\\/uploads\\\/2021\\\/09\\\/Logo-IEMJ-Paypal.jpg\",\"contentUrl\":\"https:\\\/\\\/www.iemj.org\\\/wp-content\\\/uploads\\\/2021\\\/09\\\/Logo-IEMJ-Paypal.jpg\",\"width\":150,\"height\":50,\"caption\":\"Institut Europ\u00e9en des Musiques Juives\"},\"image\":{\"@id\":\"https:\\\/\\\/www.iemj.org\\\/es\\\/#\\\/schema\\\/logo\\\/image\\\/\"},\"sameAs\":[\"https:\\\/\\\/www.facebook.com\\\/MusiquesJuives\\\/\",\"https:\\\/\\\/www.instagram.com\\\/musiquesjuives\\\/\",\"https:\\\/\\\/www.youtube.com\\\/user\\\/musiquesjuives\"]},{\"@type\":\"Person\",\"@id\":\"https:\\\/\\\/www.iemj.org\\\/es\\\/#\\\/schema\\\/person\\\/c9bc1c386a3749579a2d675e72a18666\",\"name\":\"Jean-Gabriel Davis\",\"image\":{\"@type\":\"ImageObject\",\"inLanguage\":\"es\",\"@id\":\"https:\\\/\\\/secure.gravatar.com\\\/avatar\\\/2b90d67bdf392c9b3a21fab87c0fa7edaf1fb3a058172a1ffd61033fcec7aec1?s=96&d=mm&r=g\",\"url\":\"https:\\\/\\\/secure.gravatar.com\\\/avatar\\\/2b90d67bdf392c9b3a21fab87c0fa7edaf1fb3a058172a1ffd61033fcec7aec1?s=96&d=mm&r=g\",\"contentUrl\":\"https:\\\/\\\/secure.gravatar.com\\\/avatar\\\/2b90d67bdf392c9b3a21fab87c0fa7edaf1fb3a058172a1ffd61033fcec7aec1?s=96&d=mm&r=g\",\"caption\":\"Jean-Gabriel Davis\"}}]}<\/script>\n<!-- \/ Yoast SEO plugin. -->","yoast_head_json":{"title":"El BUND y los cantos yiddish revolucionarios - Institut Europ\u00e9en des Musiques Juives","robots":{"index":"index","follow":"follow","max-snippet":"max-snippet:-1","max-image-preview":"max-image-preview:large","max-video-preview":"max-video-preview:-1"},"canonical":"https:\/\/www.iemj.org\/es\/le-bund-et-les-chants-yiddish-revolutionnaires\/","og_locale":"es_ES","og_type":"article","og_title":"El BUND y los cantos yiddish revolucionarios - Institut Europ\u00e9en des Musiques Juives","og_description":"El BUND, o la Uni\u00f3n General de Trabajadores Jud\u00edos de Lituania, de Polonia y de Rusia, fue un movimiento socialista jud\u00edo creado a finales del siglo XIX en el Imperio","og_url":"https:\/\/www.iemj.org\/es\/le-bund-et-les-chants-yiddish-revolutionnaires\/","og_site_name":"Institut Europ\u00e9en des Musiques Juives","article_publisher":"https:\/\/www.facebook.com\/MusiquesJuives\/","article_published_time":"2017-11-21T15:39:00+00:00","article_modified_time":"2021-12-08T16:41:38+00:00","og_image":[{"width":350,"height":251,"url":"https:\/\/www.iemj.org\/wp-content\/uploads\/2017\/11\/arton2759-e1618332250264.jpg","type":"image\/jpeg"}],"author":"Jean-Gabriel Davis","twitter_card":"summary_large_image","twitter_misc":{"Escrito por":"Jean-Gabriel Davis","Tiempo de lectura":"9 minutos"},"schema":{"@context":"https:\/\/schema.org","@graph":[{"@type":"Article","@id":"https:\/\/www.iemj.org\/es\/le-bund-et-les-chants-yiddish-revolutionnaires\/#article","isPartOf":{"@id":"https:\/\/www.iemj.org\/es\/le-bund-et-les-chants-yiddish-revolutionnaires\/"},"author":{"name":"Jean-Gabriel Davis","@id":"https:\/\/www.iemj.org\/es\/#\/schema\/person\/c9bc1c386a3749579a2d675e72a18666"},"headline":"El BUND y los cantos yiddish revolucionarios","datePublished":"2017-11-21T15:39:00+00:00","dateModified":"2021-12-08T16:41:38+00:00","mainEntityOfPage":{"@id":"https:\/\/www.iemj.org\/es\/le-bund-et-les-chants-yiddish-revolutionnaires\/"},"wordCount":1655,"publisher":{"@id":"https:\/\/www.iemj.org\/es\/#organization"},"image":{"@id":"https:\/\/www.iemj.org\/es\/le-bund-et-les-chants-yiddish-revolutionnaires\/#primaryimage"},"thumbnailUrl":"https:\/\/www.iemj.org\/wp-content\/uploads\/2017\/11\/arton2759-e1618332250264.jpg","articleSection":["Art\u00edculos de fondo","M\u00fasica secular"],"inLanguage":"es"},{"@type":"WebPage","@id":"https:\/\/www.iemj.org\/es\/le-bund-et-les-chants-yiddish-revolutionnaires\/","url":"https:\/\/www.iemj.org\/es\/le-bund-et-les-chants-yiddish-revolutionnaires\/","name":"El BUND y los cantos yiddish revolucionarios - Institut Europ\u00e9en des Musiques Juives","isPartOf":{"@id":"https:\/\/www.iemj.org\/es\/#website"},"primaryImageOfPage":{"@id":"https:\/\/www.iemj.org\/es\/le-bund-et-les-chants-yiddish-revolutionnaires\/#primaryimage"},"image":{"@id":"https:\/\/www.iemj.org\/es\/le-bund-et-les-chants-yiddish-revolutionnaires\/#primaryimage"},"thumbnailUrl":"https:\/\/www.iemj.org\/wp-content\/uploads\/2017\/11\/arton2759-e1618332250264.jpg","datePublished":"2017-11-21T15:39:00+00:00","dateModified":"2021-12-08T16:41:38+00:00","breadcrumb":{"@id":"https:\/\/www.iemj.org\/es\/le-bund-et-les-chants-yiddish-revolutionnaires\/#breadcrumb"},"inLanguage":"es","potentialAction":[{"@type":"ReadAction","target":["https:\/\/www.iemj.org\/es\/le-bund-et-les-chants-yiddish-revolutionnaires\/"]}]},{"@type":"ImageObject","inLanguage":"es","@id":"https:\/\/www.iemj.org\/es\/le-bund-et-les-chants-yiddish-revolutionnaires\/#primaryimage","url":"https:\/\/www.iemj.org\/wp-content\/uploads\/2017\/11\/arton2759-e1618332250264.jpg","contentUrl":"https:\/\/www.iemj.org\/wp-content\/uploads\/2017\/11\/arton2759-e1618332250264.jpg","width":350,"height":251},{"@type":"BreadcrumbList","@id":"https:\/\/www.iemj.org\/es\/le-bund-et-les-chants-yiddish-revolutionnaires\/#breadcrumb","itemListElement":[{"@type":"ListItem","position":1,"name":"Accueil","item":"https:\/\/www.iemj.org\/es\/"},{"@type":"ListItem","position":2,"name":"El BUND y los cantos yiddish revolucionarios"}]},{"@type":"WebSite","@id":"https:\/\/www.iemj.org\/es\/#website","url":"https:\/\/www.iemj.org\/es\/","name":"Institut Europ\u00e9en des Musiques Juives","description":"Des traditions musicales \u00e0 la port\u00e9e de tous","publisher":{"@id":"https:\/\/www.iemj.org\/es\/#organization"},"potentialAction":[{"@type":"SearchAction","target":{"@type":"EntryPoint","urlTemplate":"https:\/\/www.iemj.org\/es\/?s={search_term_string}"},"query-input":{"@type":"PropertyValueSpecification","valueRequired":true,"valueName":"search_term_string"}}],"inLanguage":"es"},{"@type":"Organization","@id":"https:\/\/www.iemj.org\/es\/#organization","name":"Institut Europ\u00e9en des Musiques Juives","url":"https:\/\/www.iemj.org\/es\/","logo":{"@type":"ImageObject","inLanguage":"es","@id":"https:\/\/www.iemj.org\/es\/#\/schema\/logo\/image\/","url":"https:\/\/www.iemj.org\/wp-content\/uploads\/2021\/09\/Logo-IEMJ-Paypal.jpg","contentUrl":"https:\/\/www.iemj.org\/wp-content\/uploads\/2021\/09\/Logo-IEMJ-Paypal.jpg","width":150,"height":50,"caption":"Institut Europ\u00e9en des Musiques Juives"},"image":{"@id":"https:\/\/www.iemj.org\/es\/#\/schema\/logo\/image\/"},"sameAs":["https:\/\/www.facebook.com\/MusiquesJuives\/","https:\/\/www.instagram.com\/musiquesjuives\/","https:\/\/www.youtube.com\/user\/musiquesjuives"]},{"@type":"Person","@id":"https:\/\/www.iemj.org\/es\/#\/schema\/person\/c9bc1c386a3749579a2d675e72a18666","name":"Jean-Gabriel Davis","image":{"@type":"ImageObject","inLanguage":"es","@id":"https:\/\/secure.gravatar.com\/avatar\/2b90d67bdf392c9b3a21fab87c0fa7edaf1fb3a058172a1ffd61033fcec7aec1?s=96&d=mm&r=g","url":"https:\/\/secure.gravatar.com\/avatar\/2b90d67bdf392c9b3a21fab87c0fa7edaf1fb3a058172a1ffd61033fcec7aec1?s=96&d=mm&r=g","contentUrl":"https:\/\/secure.gravatar.com\/avatar\/2b90d67bdf392c9b3a21fab87c0fa7edaf1fb3a058172a1ffd61033fcec7aec1?s=96&d=mm&r=g","caption":"Jean-Gabriel Davis"}}]}},"_links":{"self":[{"href":"https:\/\/www.iemj.org\/es\/wp-json\/wp\/v2\/posts\/73063","targetHints":{"allow":["GET"]}}],"collection":[{"href":"https:\/\/www.iemj.org\/es\/wp-json\/wp\/v2\/posts"}],"about":[{"href":"https:\/\/www.iemj.org\/es\/wp-json\/wp\/v2\/types\/post"}],"author":[{"embeddable":true,"href":"https:\/\/www.iemj.org\/es\/wp-json\/wp\/v2\/users\/1048"}],"replies":[{"embeddable":true,"href":"https:\/\/www.iemj.org\/es\/wp-json\/wp\/v2\/comments?post=73063"}],"version-history":[{"count":0,"href":"https:\/\/www.iemj.org\/es\/wp-json\/wp\/v2\/posts\/73063\/revisions"}],"wp:featuredmedia":[{"embeddable":true,"href":"https:\/\/www.iemj.org\/es\/wp-json\/wp\/v2\/media\/73064"}],"wp:attachment":[{"href":"https:\/\/www.iemj.org\/es\/wp-json\/wp\/v2\/media?parent=73063"}],"wp:term":[{"taxonomy":"category","embeddable":true,"href":"https:\/\/www.iemj.org\/es\/wp-json\/wp\/v2\/categories?post=73063"},{"taxonomy":"post_tag","embeddable":true,"href":"https:\/\/www.iemj.org\/es\/wp-json\/wp\/v2\/tags?post=73063"},{"taxonomy":"technique","embeddable":true,"href":"https:\/\/www.iemj.org\/es\/wp-json\/wp\/v2\/technique?post=73063"},{"taxonomy":"squelettes","embeddable":true,"href":"https:\/\/www.iemj.org\/es\/wp-json\/wp\/v2\/squelettes?post=73063"},{"taxonomy":"sujet","embeddable":true,"href":"https:\/\/www.iemj.org\/es\/wp-json\/wp\/v2\/sujet?post=73063"},{"taxonomy":"formation","embeddable":true,"href":"https:\/\/www.iemj.org\/es\/wp-json\/wp\/v2\/formation?post=73063"},{"taxonomy":"genre","embeddable":true,"href":"https:\/\/www.iemj.org\/es\/wp-json\/wp\/v2\/genre?post=73063"},{"taxonomy":"fonds","embeddable":true,"href":"https:\/\/www.iemj.org\/es\/wp-json\/wp\/v2\/fonds?post=73063"},{"taxonomy":"tradition","embeddable":true,"href":"https:\/\/www.iemj.org\/es\/wp-json\/wp\/v2\/tradition?post=73063"},{"taxonomy":"type-de-contenu","embeddable":true,"href":"https:\/\/www.iemj.org\/es\/wp-json\/wp\/v2\/type-de-contenu?post=73063"},{"taxonomy":"interprete-compositeur","embeddable":true,"href":"https:\/\/www.iemj.org\/es\/wp-json\/wp\/v2\/interprete-compositeur?post=73063"},{"taxonomy":"frise","embeddable":true,"href":"https:\/\/www.iemj.org\/es\/wp-json\/wp\/v2\/frise?post=73063"},{"taxonomy":"type-devenement","embeddable":true,"href":"https:\/\/www.iemj.org\/es\/wp-json\/wp\/v2\/type-devenement?post=73063"},{"taxonomy":"tableaux-liens-externes","embeddable":true,"href":"https:\/\/www.iemj.org\/es\/wp-json\/wp\/v2\/tableaux-liens-externes?post=73063"}],"curies":[{"name":"wp","href":"https:\/\/api.w.org\/{rel}","templated":true}]}}