{"id":73106,"date":"2018-02-21T17:52:18","date_gmt":"2018-02-21T16:52:18","guid":{"rendered":"https:\/\/www.iemj.org\/le-pourim-shpil-2\/"},"modified":"2025-10-06T14:38:31","modified_gmt":"2025-10-06T12:38:31","slug":"le-pourim-shpil-2","status":"publish","type":"post","link":"https:\/\/www.iemj.org\/es\/le-pourim-shpil-2\/","title":{"rendered":"El Purim Spiel"},"content":{"rendered":"<p>El Purim Spiel &#8211; etimol\u00f3gicamente \u00abjuego de Purim\u00bb en yiddish &#8211; es una obra sat\u00edrica que combina teatro, m\u00fasica, baile, cantos, m\u00edmicas y disfraces. El origen de esta costumbre est\u00e1 estrechamente ligado a la fiesta carnavalesca de Purim y a la historia de la reina Ester y su t\u00edo Mardoqueo, que lograron frustrar el complot del malvado Aman, ministro del rey persa Asuero, que quer\u00eda aniquilar al pueblo jud\u00edo.<\/p>\n<p><!--more--><\/p>\n<p>El origen de los acontecimientos narrados en el rollo de Ester, \u00faltimo Libro de la Biblia hebrea en ser canonizado, se remonta aproximadamente al siglo V antes nuestra era. Ya en el siglo V d.C. era costumbre celebrar procesiones solemnes en las que se ahorcaba o quemaba a Aman en efigie. Algunos ven en esta costumbre el origen de los juegos de Purim, a partir de los cuales se desarroll\u00f3 el teatro yiddish en el siglo XVIII.<\/p>\n<p>En su discurso, pronunciado en la presentaci\u00f3n del proyecto Purim Spiel Unesco en el Ayuntamiento de Par\u00eds el 12 de diciembre de 2013, <strong>Jean Baumgarten<\/strong> destac\u00f3 el esp\u00edritu especial de esta fiesta:<\/p>\n<p><em>\u00ab[&#8230;] este tiempo de excesos, de rebeli\u00f3n, salpicado de bailes, cantos, comidas, bombos y platillos. Ninguna sociedad escapa a esta alternancia de lo sagrado y lo profano, a este juego de equilibrio entre, por un lado, el exceso, el sacrilegio y el desorden y, por otro, el respeto de la Ley, de las normas sociales y de las prohibiciones.<\/em><\/p>\n<p><em>En la sociedad jud\u00eda, el tiempo de la fiesta corresponde a Purim [&#8230;]. Esta fiesta celebra el rescate de los Jud\u00edos por parte de Mordejay y Ester, que frustraron la conspiraci\u00f3n del malvado Aman, ministro de Asuero, el rey de Persia, que quer\u00eda aniquilar al pueblo jud\u00edo. La Meguilat Ester relata este malvado complot y su final feliz. [&#8230;] El d\u00eda tambi\u00e9n est\u00e1 ritmado por una serie de momentos festivos. Bebemos hasta que, dice el Talmud, ya no podemos distinguir entre \u00abmaldito sea Aman\u00bb y \u00abbendito sea Mordekhay.\u00a0\u00bb Nos re\u00edmos. Cantamos Bailamos. El estudio esta suspendido. Se intercambian regalos, se ofrecen pasteles. Se practica la caridad, especialmente por donaciones a los pobres. Comemos, especialmente en una comida festiva. Nos disfrazamos. Como es el \u00fanico d\u00eda del calendario hebreo en el que est\u00e1 permitido cambiar de sexo, los hombres toman prestada la ropa de sus madres, hermanas y esposas. [&#8230;]\u00a0<\/em><strong>Entre estos rituales transgresores est\u00e1 el Purim Spiel<\/strong>.<em> Se trata de un mon\u00f3logo, un sketch, una obra de teatro representada en yiddish en el espacio dom\u00e9stico durante la comida de Purim o en una sala comunitaria. [\u2026]<\/em><\/p>\n<p><em>La tradici\u00f3n de los Purim Spiel se ha desarrollado en Europa desde finales de la Edad Media hasta hoy en d\u00eda, reflejando su papel central en la cultura asquenaz\u00ed. Se encuentra la primera prueba de ello en la lengua yiddish en Italia en 1555. Esto no significa que el Purim Spiel no existiera antes. [\u2026]<\/em><\/p>\n<p><em>Estas obras burlescas, vinculadas a la fiesta de Purim, mezcla de canto, de mimo, de pantomima y de baile, se convirtieron en la matriz del teatro jud\u00edo. La lengua yiddish, por su inventiva, su creatividad, su larga tradici\u00f3n literaria, su rico repertorio de poemas y de canciones, tenia un papel importante en la formaci\u00f3n de los juegos de Purim. [&#8230;]<\/em><\/p>\n<p><em>\u00a0<\/em><\/p>\n<h2>Algunos Purim Spiel&#8230;<\/h2>\n<figure style=\"width: 307px\" class=\"wp-caption alignright\"><img fetchpriority=\"high\" decoding=\"async\" src=\"https:\/\/www.iemj.org\/wp-content\/uploads\/2018\/02\/p_4951_vig.jpg\" alt=\"p_4951_vig.jpg\" width=\"307\" height=\"400\" data-description=\"&quot;&lt;strong\" \/><figcaption class=\"wp-caption-text\">Partitura publicada por el Centro Medem Arbeter Ring<\/figcaption><\/figure>\n<p><strong>Di Megile fun Itsik Manger<\/strong><br \/><em>La Meguil\u00e1 de Itsik Manger<\/em> es sin duda la diversi\u00f3n m\u00e1s famosa del rollo de Ester. En 1936, <strong>Itsik Manger<\/strong> public\u00f3 sus <em>Megile-lider<\/em> (Canciones sobre el Rollo de Ester), una treintena de dramas imaginados y po\u00e9ticados, relatando la historia de Purim, pero incluyendo los excesos humor\u00edsticos, c\u00f3micos e incluso provocativos que permite el Shpil Purim. As\u00ed, en su introducci\u00f3n, Itsik Manger escribe: \u00ab[&#8230;] Claro, esta historia se encuentra aqu\u00ed contada un poco diferente. Los narradores oficiales del Rollo han callado, por ejemplo, un personaje tan importante como el chico sastre Couturosso, aunque su amor desesperado para la reina Ester y su intento de asesinato del rey Asuero han sido al origen de muchos eventos importantes. [&#8230;] \u2013 En todo caso, \u00a1han falsificado la verdad hist\u00f3rica! protestar\u00e1 nuestro lector, y tendr\u00e1 raz\u00f3n. Pero ellos, los cr\u00f3nicas, comen desde hace tiempo los dientes de le\u00f3n por la ra\u00edz, la nalga giradas hacia las estrellas. Y por mucho que grites, no se molestar\u00e1n hasta que venga el Mes\u00edas.\u00bb<\/p>\n<p>Pero es casi 30 anos despu\u00e9s que estos <em>Megile-lider<\/em> se volver\u00e1n en un verdadero Purim Spiel con actores disfrazados, que interpretan y cantan adelante un publico maravillado. Puesto en escena por <strong>Shmuel Bunim<\/strong>, con una m\u00fasica de <strong>Dov Seltzer<\/strong>, esta creaci\u00f3n que tuvo lugar en 1965 en un teatro del antiguo Yaffo sera seguido por una gira en los Estados Unidos. A continuaci\u00f3n, la pieza sera montada por diferentes tropas en Estrasburgo, Dresde, Tel Aviv, Montreal, Nueva York, en yiddish, hebreo, yiddish y hebreo, o yiddish y franc\u00e9s&#8230;<\/p>\n<div style=\"width: 480px;\" class=\"wp-video\"><video class=\"wp-video-shortcode\" id=\"video-73106-1\" width=\"480\" height=\"360\" preload=\"metadata\" controls=\"controls\"><source type=\"video\/mp4\" src=\"https:\/\/www.iemj.org\/wp-content\/uploads\/2018\/02\/itsik2.mp4?_=1\" \/><a href=\"https:\/\/www.iemj.org\/wp-content\/uploads\/2018\/02\/itsik2.mp4\">https:\/\/www.iemj.org\/wp-content\/uploads\/2018\/02\/itsik2.mp4<\/a><\/video><\/div>\n<p><span style=\"color: #003366;\">Ver m\u00e1s abajo un extracto del espect\u00e1culo La Meguilla de Itsik puesto en escena por Rafael Goldwaser en yiddish y en franc\u00e9s, que tuvo lugar en el centro Medem en abril de 2015. (Im\u00e1genes: Bernard Flam)<\/span><\/p>\n<p><a href=\"https:\/\/www.facebook.com\/watch\/?v=2017385601692404\" target=\"_blank\" rel=\"noopener\">Ver maas abajo un espectaculo en hebreo y en yiddish de la Meguilla de Itsik Manger de 1976<\/a><\/p>\n<figure id=\"attachment_18478\" aria-describedby=\"caption-attachment-18478\" style=\"width: 354px\" class=\"wp-caption alignright\"><img decoding=\"async\" class=\"wp-image-18478\" src=\"https:\/\/www.iemj.org\/wp-content\/uploads\/2018\/02\/troim_teater_homens-300x207.jpg\" alt=\"troim_teater_homens.jpg\" width=\"354\" height=\"244\" srcset=\"https:\/\/www.iemj.org\/wp-content\/uploads\/2018\/02\/troim_teater_homens-300x207.jpg 300w, https:\/\/www.iemj.org\/wp-content\/uploads\/2018\/02\/troim_teater_homens.jpg 400w\" sizes=\"(max-width: 354px) 100vw, 354px\" \/><figcaption id=\"caption-attachment-18478\" class=\"wp-caption-text\">El Tro\u00efm Teater &#8211; tropa de teatro yiddish de la Maison de la Culture Yiddish [Casa de la Cultura Yiddish], durante la representaci\u00f3n de <em>Homens Mapole<\/em> puesto en escena por Charlotte Messer en 2015<\/figcaption><\/figure>\n<p><strong>Homens Mapole<\/strong><em><br \/>La ca\u00edda de Ham\u00e1n es una pieza \u201cescrita en 1940 por Ha\u00efm Slov\u00e8s (1905 \u2013 1988). Profundamente modificada a la Liberaci\u00f3n, la pieza fue montada por los mejores artistas del teatro yiddish del inmediato posguerra, especialmente por Oscar Fessler y Zygmunt Turkow. Entre 1946 y 1949, fue interpretada varias veces en Par\u00eds, Nueva York, Los \u00c1ngeles, Wroclaw, Rio de Janeiro y Buenos Aires.\u201d(<a href=\"http:\/\/www.yiddishteater.org\/\">yiddishteater.org<\/a>)<\/em><\/p>\n<p>Como por la Meguilla de Itsik Manger, la pieza de Sloves ve aparecer nuevos personajes, y la desviaci\u00f3n de otros h\u00e9roes. As\u00ed, Mardoqueo se volvi\u00f3 alcahuete, casamentero, y es un viejo amigo de uno de los guardas del palacio. Un leal, o \u00abSr. Loyal\u00bb, tambi\u00e9n est\u00e1 presente para dirigirse al p\u00fablico y presentar a los personajes. Incluso intercede ante el rey Asuero, intentando de disuadirlo de tomar una mala decisi\u00f3n&#8230;<\/p>\n<p>Este Purim Spiel tiene un car\u00e1cter especial. Escrito durante la Segunda Guerra Mundial, y representado en la inmediata posguerra, la referencia al nazismo, la comparaci\u00f3n de Am\u00e1n con Hitler es evidente. Y el final de la pieza, aunque representada con un absurdo baile folcl\u00f3rico digno de Purim Shpiln, no deja de contar su moraleja:<\/p>\n<p><img decoding=\"async\" class=\"alignright wp-image-18480\" src=\"https:\/\/www.iemj.org\/wp-content\/uploads\/2018\/02\/une_telle_fin_arrivera4-e1638356152792.jpg\" alt=\"une_telle_fin_arrivera4.jpg\" width=\"436\" height=\"313\" align=\"middle\" srcset=\"https:\/\/www.iemj.org\/wp-content\/uploads\/2018\/02\/une_telle_fin_arrivera4-e1638356152792.jpg 678w, https:\/\/www.iemj.org\/wp-content\/uploads\/2018\/02\/une_telle_fin_arrivera4-e1638356152792-300x215.jpg 300w, https:\/\/www.iemj.org\/wp-content\/uploads\/2018\/02\/une_telle_fin_arrivera4-e1638356152792-600x431.jpg 600w\" sizes=\"(max-width: 436px) 100vw, 436px\" \/><\/p>\n<p>Este final se producir\u00e1 <br \/>a todos los Am\u00e1n de la tierra<br \/>tralala y tralala<br \/>todos los Am\u00e1n de la tierra<br \/>Aunque esto es triste, al\u00e9grate entonces,<br \/>escuchen hermanos, hermanos escuchen,<br \/>ponemos a todo Am\u00e1n,<br \/>todo Am\u00e1n a dos metros bajo tierra<br \/>tralala y tralala<br \/>todo Am\u00e1n a dos metros bajo tierra<\/p>\n<p><strong>Pourim iz a shpil aza<\/strong><br \/><em>Purim es un tal juego<\/em> es un poema musical escrito en yiddish por <strong>Mirl Hofman<\/strong> (que entonces adopt\u00f3 el seud\u00f3nimo de Gabriel Tolies), publicado en 1968 en Nueva York, y cuya la m\u00fasica fue compuesta por <strong>Malke Gotlib<\/strong>, (hermana de Chane Mlotek, gran recopiladora de canciones en yiddish). Este cuento para ni\u00f1os ha sido escrito en un lenguaje sencillo, para que puedan captar m\u00e1s f\u00e1cilmente el significado. Por ejemplo, cuando Aman ve que Mordkhe se est\u00e1 convirtiendo en un invitado frecuente del rey, se apresura a advertirle que Mordkhe \u00abhar\u00e1 Hocus-Pokus\u00bb y que \u00ablo convertir\u00e1 en un reloj de cuco\u00bb. Este hermoso libro fue ilustrado por Tsirl Valetski, e incluye la letra en yiddish, la melod\u00eda y un peque\u00f1o glosario de algunos t\u00e9rminos en yiddish y en transliterados.<br \/><img loading=\"lazy\" decoding=\"async\" class=\" alignright size-full wp-image-18482\" src=\"https:\/\/www.iemj.org\/wp-content\/uploads\/2018\/02\/purim_iz_a_shpil.jpg\" alt=\"purim_iz_a_shpil.jpg\" width=\"1333\" height=\"966\" align=\"right\" srcset=\"https:\/\/www.iemj.org\/wp-content\/uploads\/2018\/02\/purim_iz_a_shpil.jpg 1333w, https:\/\/www.iemj.org\/wp-content\/uploads\/2018\/02\/purim_iz_a_shpil-300x217.jpg 300w, https:\/\/www.iemj.org\/wp-content\/uploads\/2018\/02\/purim_iz_a_shpil-1024x742.jpg 1024w, https:\/\/www.iemj.org\/wp-content\/uploads\/2018\/02\/purim_iz_a_shpil-768x557.jpg 768w, https:\/\/www.iemj.org\/wp-content\/uploads\/2018\/02\/purim_iz_a_shpil-600x435.jpg 600w\" sizes=\"(max-width: 1333px) 100vw, 1333px\" \/><\/p>\n<p>Puede consultar <a href=\"https:\/\/www.yiddishbookcenter.org\/collections\/yiddish-books\/spb-nybc201360\/purim-iz-a-shpil-aza\">el libro entero sobre el sitio Yiddish Book Center<\/a><\/p>\n<p><strong>Esther de Carpentras<\/strong><br \/>Inspirada\u00a0en el Purim Spiel , Ester de Carpentras es una \u00f3pera bufa en 2 actos, cuyo libreto fue escrito por <strong>Armand Lunel<\/strong>, y la m\u00fasica compuesta por <strong>Darius Milhaud<\/strong>. La \u00f3pera fue interpretada por primera vez el 1 de febrero de 1938 en la Op\u00e9ra-Comique de Par\u00eds.<\/p>\n<p><img loading=\"lazy\" decoding=\"async\" class=\" alignleft  wp-image-18484\" src=\"https:\/\/www.iemj.org\/wp-content\/uploads\/2018\/02\/pages_de_p_4968_400.jpg\" alt=\"pages_de_p_4968_400.jpg\" width=\"350\" height=\"522\" align=\"left\" srcset=\"https:\/\/www.iemj.org\/wp-content\/uploads\/2018\/02\/pages_de_p_4968_400.jpg 400w, https:\/\/www.iemj.org\/wp-content\/uploads\/2018\/02\/pages_de_p_4968_400-201x300.jpg 201w\" sizes=\"(max-width: 350px) 100vw, 350px\" \/><\/p>\n<p>Esto es lo que escribi\u00f3 Armand Lunel en el gran diario independiente Ce Soir, el 30 de enero de 1938:<\/p>\n<p><em>\u00abAl escribir Ester de Carpentras, nos inspiramos en un modelo tradicional que se remonta a la Edad Media. Todos los a\u00f1os, en marzo, los Jud\u00edos celebran, en la sinagoga la fiesta de Purim, que recuerda la intervenci\u00f3n milagrosa de la reina Ester ante el rey Asuero para librar a los israelitas de la persecuci\u00f3n de su ministro Aman, que hab\u00eda fijado la fecha de su masacre por el destino. Pero en los d\u00edas de los guetos, Purim era una verdadera fiesta p\u00fablica, e incluso una especie de carnaval. Hasta finales del siglo XVIII, los Jud\u00edos de Carpentras organizaban, en esta ocasi\u00f3n, representaciones populares de la leyenda b\u00edblica, que ten\u00edan lugar al aire libre, en la plaza principal de la Juder\u00eda. Estas obras fueron escritas primero en hebreo y luego en provenzal; se las ha comparado con los misterios de la Edad Media, pues el tono de la farsa y las deliciosas ingenuidades se combinaban aqu\u00ed naturalmente con la solemnidad religiosa y formaban, un poco como las Pastorales provenzales, una mezcla muy sabrosa.<\/em><\/p>\n<p><em>\u00a0<\/em><\/p>\n<p><em>[&#8230;] El primer acto constituye un pr\u00f3logo en el que vemos a tres viejos jud\u00edos del gueto de Carpentras: Artaban, un financiero, Barbacan, el cuidador de la sinagoga, y Cacan, un amante del teatro, venir en delegaci\u00f3n al cardenal-obispo de la ciudad para pedirle permiso, seg\u00fan la costumbre, para representar el d\u00eda siguiente el drama de Ester. En la antesala del palacio episcopal, al principio son muy mal recibidos por Vaucluse, el valet del cardenal. Este Vaucluse siempre ha tenido una afici\u00f3n muy inocente: la de convertir a los Jud\u00edos del Condado Venaissin cant\u00e1ndoles villancicos que compone en sus ratos libres; [&#8230;] Como \u00e9l (el cardenal-obispo) habia llegado recientemente de Roma, se sorprendi\u00f3 bastante al descubrir a Jud\u00edos de una especie tan singular en Carpentras [&#8230;]. Pero, tan pronto como se hayan marchado, se promete a s\u00ed mismo en petto aprovechar esta actuaci\u00f3n de la reina Ester para hacerlo a\u00fan mejor que Vaucluse e intentar una conversi\u00f3n masiva de todos los Jud\u00edos de la ciudad.\u00a0<\/em>\u00bb Armand Lunel<\/p>\n<p><img loading=\"lazy\" decoding=\"async\" class=\" alignright  wp-image-18486\" src=\"https:\/\/www.iemj.org\/wp-content\/uploads\/2018\/02\/pages_de_p_4968-2_400.jpg\" alt=\"pages_de_p_4968-2_400.jpg\" width=\"396\" height=\"613\" align=\"right\" srcset=\"https:\/\/www.iemj.org\/wp-content\/uploads\/2018\/02\/pages_de_p_4968-2_400.jpg 400w, https:\/\/www.iemj.org\/wp-content\/uploads\/2018\/02\/pages_de_p_4968-2_400-194x300.jpg 194w\" sizes=\"(max-width: 396px) 100vw, 396px\" \/><\/p>\n<p>En esta descripci\u00f3n del primer acto, podemos ver todos los c\u00f3digos de Purim Spiel: las deformaciones de los personajes b\u00edblicos (en el segundo acto, Artaban toma el papel de Asuero, Barbac\u00e1n el de Mardoqueo&#8230;), esta t\u00e9cnica de \u00abteatro dentro del teatro\u00bb, el humor ligeramente negro, con este criado componiendo villancicos en su tiempo libre&#8230;<\/p>\n<p>El espect\u00e1culo termina felizmente, como explica Armand Lunel en su presentaci\u00f3n: \u00abEl drama se termina con un doble coro: por un lado el del cap\u00edtulo que viene a buscar al obispo, por otro el de los jud\u00edos que agradecen al Se\u00f1or. Todo vuelve a estar en orden, pues en la antigua Juder\u00eda de Carpentras, bajo este tolerante cielo del sur, las voces del Antiguo y del Nuevo Testamento han puesto resonar durante muchos siglos sin la menor nota falsa.\u00a0\u00ab<\/p>\n<p><strong>Fuentes :<\/strong><br \/><em>\u00abL&#8217;histoire du Pourim Shpil\u00bb [La historia del Purim Spiel], en el sitio web del Colectivo Purim Spiel, Jean Baumgarten<br \/>\u00abLa Meguilla d\u2019Itsik\u00bb [La Meguilla de Itsik], editado por el Centro-Medem Arbeter Ring, prefacio de Bernard Vaisbrot<br \/>\u00abHomens Mapole\u00bb, en el sitio de la tropa yiddish Tro\u00efm Teater<br \/>\u00abPurim is a shpil aza\u00bb, en el sitio web del Colectivo Purim Shiel<br \/>\u00abFir kemferins kegn di pesimistn fun yiddish\u00bb, Sore-Rokhl Shekhter, Forverts, 9 de marzo de 2012<br \/>\u00abEsther de Carpentras\u00bb, en el sitio web del Colectivo del Purim Spiel, Louis Laloy<br \/><\/em><\/p>\n<p><a href=\"http:\/\/www.yiddishteater.org\/\" target=\"_blank\" rel=\"noopener\">Consultar el sitio web del Tro\u00efm Teater<\/a><br \/><a href=\"https:\/\/www.iemj.org\/es\/la-meguilla-ditsik\/\" target=\"_blank\" rel=\"noopener\">M\u00e1s informaci\u00f3n sobre <em>La Meguilla de Itsik<\/em>, editado por el Centro Medem Arbeter Ring<\/a><br \/><a href=\"https:\/\/www.iemj.org\/le-pourim-shpil\/\" target=\"_blank\" rel=\"noopener\">Escuchar la emisi\u00f3n de radio IEMJ dedicada al Purim Shpil, presentado por Herv\u00e9 Roten, quien recibe a Bernard Vaisbrot<\/a><\/p>\n\n<div class=\"wp-block-image\">\n<figure class=\"aligncenter size-large\"><img loading=\"lazy\" decoding=\"async\" width=\"1024\" height=\"133\" src=\"https:\/\/www.iemj.org\/wp-content\/uploads\/2024\/03\/AUDIO-PLAYER-1024x133.png\" alt=\"\" class=\"wp-image-110610\" srcset=\"https:\/\/www.iemj.org\/wp-content\/uploads\/2024\/03\/AUDIO-PLAYER-1024x133.png 1024w, https:\/\/www.iemj.org\/wp-content\/uploads\/2024\/03\/AUDIO-PLAYER-300x39.png 300w, https:\/\/www.iemj.org\/wp-content\/uploads\/2024\/03\/AUDIO-PLAYER-768x100.png 768w, https:\/\/www.iemj.org\/wp-content\/uploads\/2024\/03\/AUDIO-PLAYER-600x78.png 600w, https:\/\/www.iemj.org\/wp-content\/uploads\/2024\/03\/AUDIO-PLAYER.png 1210w\" sizes=\"(max-width: 1024px) 100vw, 1024px\" \/><\/figure>\n<\/div>\n\n\n<div class=\"wp-block-file\"><a href=\"https:\/\/www.iemj.org\/wp-content\/uploads\/2018\/02\/d33-30_308_01.mp3\">Dos lid funem loyfer &#8211; The Megilla of Itzik Manger &#8211; par la famille Burstein<\/a><\/div>\n\n\n\n<p><\/p>\n","protected":false},"excerpt":{"rendered":"<p>El Purim Spiel &#8211; etimol\u00f3gicamente \u00abjuego de Purim\u00bb en yiddish &#8211; es una obra sat\u00edrica que combina teatro, m\u00fasica, baile, cantos, m\u00edmicas y disfraces. El origen de esta costumbre est\u00e1<\/p>\n","protected":false},"author":1048,"featured_media":73107,"comment_status":"closed","ping_status":"closed","sticky":false,"template":"","format":"standard","meta":{"_acf_changed":false,"footnotes":""},"categories":[1408],"tags":[],"technique":[],"squelettes":[],"sujet":[1808],"formation":[],"genre":[],"fonds":[],"tradition":[],"type-de-contenu":[],"interprete-compositeur":[],"frise":[],"type-devenement":[],"tableaux-liens-externes":[],"class_list":["post-73106","post","type-post","status-publish","format-standard","has-post-thumbnail","hentry","category-articulos-de-fondo-es","sujet-purim-es"],"acf":[],"yoast_head":"<!-- This site is optimized with the Yoast SEO plugin v27.3 - https:\/\/yoast.com\/product\/yoast-seo-wordpress\/ -->\n<title>El Purim Spiel - Institut Europ\u00e9en des Musiques Juives<\/title>\n<meta name=\"robots\" content=\"index, follow, max-snippet:-1, max-image-preview:large, max-video-preview:-1\" \/>\n<link rel=\"canonical\" href=\"https:\/\/www.iemj.org\/es\/le-pourim-shpil-2\/\" \/>\n<meta property=\"og:locale\" content=\"es_ES\" \/>\n<meta property=\"og:type\" content=\"article\" \/>\n<meta property=\"og:title\" content=\"El Purim Spiel - Institut Europ\u00e9en des Musiques Juives\" \/>\n<meta property=\"og:description\" content=\"El Purim Spiel &#8211; etimol\u00f3gicamente \u00abjuego de Purim\u00bb en yiddish &#8211; es una obra sat\u00edrica que combina teatro, m\u00fasica, baile, cantos, m\u00edmicas y disfraces. El origen de esta costumbre est\u00e1\" \/>\n<meta property=\"og:url\" content=\"https:\/\/www.iemj.org\/es\/le-pourim-shpil-2\/\" \/>\n<meta property=\"og:site_name\" content=\"Institut Europ\u00e9en des Musiques Juives\" \/>\n<meta property=\"article:publisher\" content=\"https:\/\/www.facebook.com\/MusiquesJuives\/\" \/>\n<meta property=\"article:published_time\" content=\"2018-02-21T16:52:18+00:00\" \/>\n<meta property=\"article:modified_time\" content=\"2025-10-06T12:38:31+00:00\" \/>\n<meta property=\"og:image\" content=\"https:\/\/www.iemj.org\/wp-content\/uploads\/2018\/02\/arton3195.jpg\" \/>\n\t<meta property=\"og:image:width\" content=\"400\" \/>\n\t<meta property=\"og:image:height\" content=\"313\" \/>\n\t<meta property=\"og:image:type\" content=\"image\/jpeg\" \/>\n<meta name=\"author\" content=\"Jean-Gabriel Davis\" \/>\n<meta name=\"twitter:card\" content=\"summary_large_image\" \/>\n<meta name=\"twitter:label1\" content=\"Escrito por\" \/>\n\t<meta name=\"twitter:data1\" content=\"Jean-Gabriel Davis\" \/>\n\t<meta name=\"twitter:label2\" content=\"Tiempo de lectura\" \/>\n\t<meta name=\"twitter:data2\" content=\"12 minutos\" \/>\n<script type=\"application\/ld+json\" class=\"yoast-schema-graph\">{\"@context\":\"https:\\\/\\\/schema.org\",\"@graph\":[{\"@type\":\"Article\",\"@id\":\"https:\\\/\\\/www.iemj.org\\\/es\\\/le-pourim-shpil-2\\\/#article\",\"isPartOf\":{\"@id\":\"https:\\\/\\\/www.iemj.org\\\/es\\\/le-pourim-shpil-2\\\/\"},\"author\":{\"name\":\"Jean-Gabriel Davis\",\"@id\":\"https:\\\/\\\/www.iemj.org\\\/es\\\/#\\\/schema\\\/person\\\/c9bc1c386a3749579a2d675e72a18666\"},\"headline\":\"El Purim Spiel\",\"datePublished\":\"2018-02-21T16:52:18+00:00\",\"dateModified\":\"2025-10-06T12:38:31+00:00\",\"mainEntityOfPage\":{\"@id\":\"https:\\\/\\\/www.iemj.org\\\/es\\\/le-pourim-shpil-2\\\/\"},\"wordCount\":2084,\"publisher\":{\"@id\":\"https:\\\/\\\/www.iemj.org\\\/es\\\/#organization\"},\"image\":{\"@id\":\"https:\\\/\\\/www.iemj.org\\\/es\\\/le-pourim-shpil-2\\\/#primaryimage\"},\"thumbnailUrl\":\"https:\\\/\\\/www.iemj.org\\\/wp-content\\\/uploads\\\/2018\\\/02\\\/arton3195.jpg\",\"articleSection\":[\"Art\u00edculos de fondo\"],\"inLanguage\":\"es\"},{\"@type\":\"WebPage\",\"@id\":\"https:\\\/\\\/www.iemj.org\\\/es\\\/le-pourim-shpil-2\\\/\",\"url\":\"https:\\\/\\\/www.iemj.org\\\/es\\\/le-pourim-shpil-2\\\/\",\"name\":\"El Purim Spiel - Institut Europ\u00e9en des Musiques Juives\",\"isPartOf\":{\"@id\":\"https:\\\/\\\/www.iemj.org\\\/es\\\/#website\"},\"primaryImageOfPage\":{\"@id\":\"https:\\\/\\\/www.iemj.org\\\/es\\\/le-pourim-shpil-2\\\/#primaryimage\"},\"image\":{\"@id\":\"https:\\\/\\\/www.iemj.org\\\/es\\\/le-pourim-shpil-2\\\/#primaryimage\"},\"thumbnailUrl\":\"https:\\\/\\\/www.iemj.org\\\/wp-content\\\/uploads\\\/2018\\\/02\\\/arton3195.jpg\",\"datePublished\":\"2018-02-21T16:52:18+00:00\",\"dateModified\":\"2025-10-06T12:38:31+00:00\",\"breadcrumb\":{\"@id\":\"https:\\\/\\\/www.iemj.org\\\/es\\\/le-pourim-shpil-2\\\/#breadcrumb\"},\"inLanguage\":\"es\",\"potentialAction\":[{\"@type\":\"ReadAction\",\"target\":[\"https:\\\/\\\/www.iemj.org\\\/es\\\/le-pourim-shpil-2\\\/\"]}]},{\"@type\":\"ImageObject\",\"inLanguage\":\"es\",\"@id\":\"https:\\\/\\\/www.iemj.org\\\/es\\\/le-pourim-shpil-2\\\/#primaryimage\",\"url\":\"https:\\\/\\\/www.iemj.org\\\/wp-content\\\/uploads\\\/2018\\\/02\\\/arton3195.jpg\",\"contentUrl\":\"https:\\\/\\\/www.iemj.org\\\/wp-content\\\/uploads\\\/2018\\\/02\\\/arton3195.jpg\",\"width\":400,\"height\":313},{\"@type\":\"BreadcrumbList\",\"@id\":\"https:\\\/\\\/www.iemj.org\\\/es\\\/le-pourim-shpil-2\\\/#breadcrumb\",\"itemListElement\":[{\"@type\":\"ListItem\",\"position\":1,\"name\":\"Accueil\",\"item\":\"https:\\\/\\\/www.iemj.org\\\/es\\\/\"},{\"@type\":\"ListItem\",\"position\":2,\"name\":\"El Purim Spiel\"}]},{\"@type\":\"WebSite\",\"@id\":\"https:\\\/\\\/www.iemj.org\\\/es\\\/#website\",\"url\":\"https:\\\/\\\/www.iemj.org\\\/es\\\/\",\"name\":\"Institut Europ\u00e9en des Musiques Juives\",\"description\":\"Des traditions musicales \u00e0 la port\u00e9e de tous\",\"publisher\":{\"@id\":\"https:\\\/\\\/www.iemj.org\\\/es\\\/#organization\"},\"potentialAction\":[{\"@type\":\"SearchAction\",\"target\":{\"@type\":\"EntryPoint\",\"urlTemplate\":\"https:\\\/\\\/www.iemj.org\\\/es\\\/?s={search_term_string}\"},\"query-input\":{\"@type\":\"PropertyValueSpecification\",\"valueRequired\":true,\"valueName\":\"search_term_string\"}}],\"inLanguage\":\"es\"},{\"@type\":\"Organization\",\"@id\":\"https:\\\/\\\/www.iemj.org\\\/es\\\/#organization\",\"name\":\"Institut Europ\u00e9en des Musiques Juives\",\"url\":\"https:\\\/\\\/www.iemj.org\\\/es\\\/\",\"logo\":{\"@type\":\"ImageObject\",\"inLanguage\":\"es\",\"@id\":\"https:\\\/\\\/www.iemj.org\\\/es\\\/#\\\/schema\\\/logo\\\/image\\\/\",\"url\":\"https:\\\/\\\/www.iemj.org\\\/wp-content\\\/uploads\\\/2021\\\/09\\\/Logo-IEMJ-Paypal.jpg\",\"contentUrl\":\"https:\\\/\\\/www.iemj.org\\\/wp-content\\\/uploads\\\/2021\\\/09\\\/Logo-IEMJ-Paypal.jpg\",\"width\":150,\"height\":50,\"caption\":\"Institut Europ\u00e9en des Musiques Juives\"},\"image\":{\"@id\":\"https:\\\/\\\/www.iemj.org\\\/es\\\/#\\\/schema\\\/logo\\\/image\\\/\"},\"sameAs\":[\"https:\\\/\\\/www.facebook.com\\\/MusiquesJuives\\\/\",\"https:\\\/\\\/www.instagram.com\\\/musiquesjuives\\\/\",\"https:\\\/\\\/www.youtube.com\\\/user\\\/musiquesjuives\"]},{\"@type\":\"Person\",\"@id\":\"https:\\\/\\\/www.iemj.org\\\/es\\\/#\\\/schema\\\/person\\\/c9bc1c386a3749579a2d675e72a18666\",\"name\":\"Jean-Gabriel Davis\",\"image\":{\"@type\":\"ImageObject\",\"inLanguage\":\"es\",\"@id\":\"https:\\\/\\\/secure.gravatar.com\\\/avatar\\\/2b90d67bdf392c9b3a21fab87c0fa7edaf1fb3a058172a1ffd61033fcec7aec1?s=96&d=mm&r=g\",\"url\":\"https:\\\/\\\/secure.gravatar.com\\\/avatar\\\/2b90d67bdf392c9b3a21fab87c0fa7edaf1fb3a058172a1ffd61033fcec7aec1?s=96&d=mm&r=g\",\"contentUrl\":\"https:\\\/\\\/secure.gravatar.com\\\/avatar\\\/2b90d67bdf392c9b3a21fab87c0fa7edaf1fb3a058172a1ffd61033fcec7aec1?s=96&d=mm&r=g\",\"caption\":\"Jean-Gabriel Davis\"}}]}<\/script>\n<!-- \/ Yoast SEO plugin. -->","yoast_head_json":{"title":"El Purim Spiel - Institut Europ\u00e9en des Musiques Juives","robots":{"index":"index","follow":"follow","max-snippet":"max-snippet:-1","max-image-preview":"max-image-preview:large","max-video-preview":"max-video-preview:-1"},"canonical":"https:\/\/www.iemj.org\/es\/le-pourim-shpil-2\/","og_locale":"es_ES","og_type":"article","og_title":"El Purim Spiel - Institut Europ\u00e9en des Musiques Juives","og_description":"El Purim Spiel &#8211; etimol\u00f3gicamente \u00abjuego de Purim\u00bb en yiddish &#8211; es una obra sat\u00edrica que combina teatro, m\u00fasica, baile, cantos, m\u00edmicas y disfraces. El origen de esta costumbre est\u00e1","og_url":"https:\/\/www.iemj.org\/es\/le-pourim-shpil-2\/","og_site_name":"Institut Europ\u00e9en des Musiques Juives","article_publisher":"https:\/\/www.facebook.com\/MusiquesJuives\/","article_published_time":"2018-02-21T16:52:18+00:00","article_modified_time":"2025-10-06T12:38:31+00:00","og_image":[{"width":400,"height":313,"url":"https:\/\/www.iemj.org\/wp-content\/uploads\/2018\/02\/arton3195.jpg","type":"image\/jpeg"}],"author":"Jean-Gabriel Davis","twitter_card":"summary_large_image","twitter_misc":{"Escrito por":"Jean-Gabriel Davis","Tiempo de lectura":"12 minutos"},"schema":{"@context":"https:\/\/schema.org","@graph":[{"@type":"Article","@id":"https:\/\/www.iemj.org\/es\/le-pourim-shpil-2\/#article","isPartOf":{"@id":"https:\/\/www.iemj.org\/es\/le-pourim-shpil-2\/"},"author":{"name":"Jean-Gabriel Davis","@id":"https:\/\/www.iemj.org\/es\/#\/schema\/person\/c9bc1c386a3749579a2d675e72a18666"},"headline":"El Purim Spiel","datePublished":"2018-02-21T16:52:18+00:00","dateModified":"2025-10-06T12:38:31+00:00","mainEntityOfPage":{"@id":"https:\/\/www.iemj.org\/es\/le-pourim-shpil-2\/"},"wordCount":2084,"publisher":{"@id":"https:\/\/www.iemj.org\/es\/#organization"},"image":{"@id":"https:\/\/www.iemj.org\/es\/le-pourim-shpil-2\/#primaryimage"},"thumbnailUrl":"https:\/\/www.iemj.org\/wp-content\/uploads\/2018\/02\/arton3195.jpg","articleSection":["Art\u00edculos de fondo"],"inLanguage":"es"},{"@type":"WebPage","@id":"https:\/\/www.iemj.org\/es\/le-pourim-shpil-2\/","url":"https:\/\/www.iemj.org\/es\/le-pourim-shpil-2\/","name":"El Purim Spiel - Institut Europ\u00e9en des Musiques Juives","isPartOf":{"@id":"https:\/\/www.iemj.org\/es\/#website"},"primaryImageOfPage":{"@id":"https:\/\/www.iemj.org\/es\/le-pourim-shpil-2\/#primaryimage"},"image":{"@id":"https:\/\/www.iemj.org\/es\/le-pourim-shpil-2\/#primaryimage"},"thumbnailUrl":"https:\/\/www.iemj.org\/wp-content\/uploads\/2018\/02\/arton3195.jpg","datePublished":"2018-02-21T16:52:18+00:00","dateModified":"2025-10-06T12:38:31+00:00","breadcrumb":{"@id":"https:\/\/www.iemj.org\/es\/le-pourim-shpil-2\/#breadcrumb"},"inLanguage":"es","potentialAction":[{"@type":"ReadAction","target":["https:\/\/www.iemj.org\/es\/le-pourim-shpil-2\/"]}]},{"@type":"ImageObject","inLanguage":"es","@id":"https:\/\/www.iemj.org\/es\/le-pourim-shpil-2\/#primaryimage","url":"https:\/\/www.iemj.org\/wp-content\/uploads\/2018\/02\/arton3195.jpg","contentUrl":"https:\/\/www.iemj.org\/wp-content\/uploads\/2018\/02\/arton3195.jpg","width":400,"height":313},{"@type":"BreadcrumbList","@id":"https:\/\/www.iemj.org\/es\/le-pourim-shpil-2\/#breadcrumb","itemListElement":[{"@type":"ListItem","position":1,"name":"Accueil","item":"https:\/\/www.iemj.org\/es\/"},{"@type":"ListItem","position":2,"name":"El Purim Spiel"}]},{"@type":"WebSite","@id":"https:\/\/www.iemj.org\/es\/#website","url":"https:\/\/www.iemj.org\/es\/","name":"Institut Europ\u00e9en des Musiques Juives","description":"Des traditions musicales \u00e0 la port\u00e9e de tous","publisher":{"@id":"https:\/\/www.iemj.org\/es\/#organization"},"potentialAction":[{"@type":"SearchAction","target":{"@type":"EntryPoint","urlTemplate":"https:\/\/www.iemj.org\/es\/?s={search_term_string}"},"query-input":{"@type":"PropertyValueSpecification","valueRequired":true,"valueName":"search_term_string"}}],"inLanguage":"es"},{"@type":"Organization","@id":"https:\/\/www.iemj.org\/es\/#organization","name":"Institut Europ\u00e9en des Musiques Juives","url":"https:\/\/www.iemj.org\/es\/","logo":{"@type":"ImageObject","inLanguage":"es","@id":"https:\/\/www.iemj.org\/es\/#\/schema\/logo\/image\/","url":"https:\/\/www.iemj.org\/wp-content\/uploads\/2021\/09\/Logo-IEMJ-Paypal.jpg","contentUrl":"https:\/\/www.iemj.org\/wp-content\/uploads\/2021\/09\/Logo-IEMJ-Paypal.jpg","width":150,"height":50,"caption":"Institut Europ\u00e9en des Musiques Juives"},"image":{"@id":"https:\/\/www.iemj.org\/es\/#\/schema\/logo\/image\/"},"sameAs":["https:\/\/www.facebook.com\/MusiquesJuives\/","https:\/\/www.instagram.com\/musiquesjuives\/","https:\/\/www.youtube.com\/user\/musiquesjuives"]},{"@type":"Person","@id":"https:\/\/www.iemj.org\/es\/#\/schema\/person\/c9bc1c386a3749579a2d675e72a18666","name":"Jean-Gabriel Davis","image":{"@type":"ImageObject","inLanguage":"es","@id":"https:\/\/secure.gravatar.com\/avatar\/2b90d67bdf392c9b3a21fab87c0fa7edaf1fb3a058172a1ffd61033fcec7aec1?s=96&d=mm&r=g","url":"https:\/\/secure.gravatar.com\/avatar\/2b90d67bdf392c9b3a21fab87c0fa7edaf1fb3a058172a1ffd61033fcec7aec1?s=96&d=mm&r=g","contentUrl":"https:\/\/secure.gravatar.com\/avatar\/2b90d67bdf392c9b3a21fab87c0fa7edaf1fb3a058172a1ffd61033fcec7aec1?s=96&d=mm&r=g","caption":"Jean-Gabriel Davis"}}]}},"_links":{"self":[{"href":"https:\/\/www.iemj.org\/es\/wp-json\/wp\/v2\/posts\/73106","targetHints":{"allow":["GET"]}}],"collection":[{"href":"https:\/\/www.iemj.org\/es\/wp-json\/wp\/v2\/posts"}],"about":[{"href":"https:\/\/www.iemj.org\/es\/wp-json\/wp\/v2\/types\/post"}],"author":[{"embeddable":true,"href":"https:\/\/www.iemj.org\/es\/wp-json\/wp\/v2\/users\/1048"}],"replies":[{"embeddable":true,"href":"https:\/\/www.iemj.org\/es\/wp-json\/wp\/v2\/comments?post=73106"}],"version-history":[{"count":2,"href":"https:\/\/www.iemj.org\/es\/wp-json\/wp\/v2\/posts\/73106\/revisions"}],"predecessor-version":[{"id":126388,"href":"https:\/\/www.iemj.org\/es\/wp-json\/wp\/v2\/posts\/73106\/revisions\/126388"}],"wp:featuredmedia":[{"embeddable":true,"href":"https:\/\/www.iemj.org\/es\/wp-json\/wp\/v2\/media\/73107"}],"wp:attachment":[{"href":"https:\/\/www.iemj.org\/es\/wp-json\/wp\/v2\/media?parent=73106"}],"wp:term":[{"taxonomy":"category","embeddable":true,"href":"https:\/\/www.iemj.org\/es\/wp-json\/wp\/v2\/categories?post=73106"},{"taxonomy":"post_tag","embeddable":true,"href":"https:\/\/www.iemj.org\/es\/wp-json\/wp\/v2\/tags?post=73106"},{"taxonomy":"technique","embeddable":true,"href":"https:\/\/www.iemj.org\/es\/wp-json\/wp\/v2\/technique?post=73106"},{"taxonomy":"squelettes","embeddable":true,"href":"https:\/\/www.iemj.org\/es\/wp-json\/wp\/v2\/squelettes?post=73106"},{"taxonomy":"sujet","embeddable":true,"href":"https:\/\/www.iemj.org\/es\/wp-json\/wp\/v2\/sujet?post=73106"},{"taxonomy":"formation","embeddable":true,"href":"https:\/\/www.iemj.org\/es\/wp-json\/wp\/v2\/formation?post=73106"},{"taxonomy":"genre","embeddable":true,"href":"https:\/\/www.iemj.org\/es\/wp-json\/wp\/v2\/genre?post=73106"},{"taxonomy":"fonds","embeddable":true,"href":"https:\/\/www.iemj.org\/es\/wp-json\/wp\/v2\/fonds?post=73106"},{"taxonomy":"tradition","embeddable":true,"href":"https:\/\/www.iemj.org\/es\/wp-json\/wp\/v2\/tradition?post=73106"},{"taxonomy":"type-de-contenu","embeddable":true,"href":"https:\/\/www.iemj.org\/es\/wp-json\/wp\/v2\/type-de-contenu?post=73106"},{"taxonomy":"interprete-compositeur","embeddable":true,"href":"https:\/\/www.iemj.org\/es\/wp-json\/wp\/v2\/interprete-compositeur?post=73106"},{"taxonomy":"frise","embeddable":true,"href":"https:\/\/www.iemj.org\/es\/wp-json\/wp\/v2\/frise?post=73106"},{"taxonomy":"type-devenement","embeddable":true,"href":"https:\/\/www.iemj.org\/es\/wp-json\/wp\/v2\/type-devenement?post=73106"},{"taxonomy":"tableaux-liens-externes","embeddable":true,"href":"https:\/\/www.iemj.org\/es\/wp-json\/wp\/v2\/tableaux-liens-externes?post=73106"}],"curies":[{"name":"wp","href":"https:\/\/api.w.org\/{rel}","templated":true}]}}