{"id":73173,"date":"2016-01-28T16:40:00","date_gmt":"2016-01-28T15:40:00","guid":{"rendered":"https:\/\/www.iemj.org\/le-mariage-traditionnel-juif-1\/"},"modified":"2025-05-08T11:28:19","modified_gmt":"2025-05-08T09:28:19","slug":"le-mariage-traditionnel-juif-1","status":"publish","type":"post","link":"https:\/\/www.iemj.org\/es\/le-mariage-traditionnel-juif-1\/","title":{"rendered":"EL MATRIMONIO TRADICIONAL JUD\u00cdO 1"},"content":{"rendered":"<p><strong>La boda en la tradici\u00f3n jud\u00eda obedece a ciertas costumbres, se trata de celebrar la uni\u00f3n de dos personas pero tambi\u00e9n de su pertenencia a la vida religiosa<\/strong><\/p>\n<p>La boda se desarrolla en varias etapas. Aproximadamente dos meses antes de la ceremonia, los futuros esposos estudian por separado con un rabino las leyes de \u00abpureza familiar\u00bb para determinar si son aptos para casarse.<\/p>\n<p>Muy a menudo los novios deciden no reunirse unos d\u00edas antes de su boda para meditar sobre la importancia del acto que van a realizar.<\/p>\n<p><img decoding=\"async\" class=\" wp-image-9019 alignright\" src=\"https:\/\/www.iemj.org\/wp-content\/uploads\/2016\/01\/la_mariee_et_le_rabbin_2.jpg\" alt=\"la_mariee_et_le_rabbin_2.jpg\" width=\"181\" height=\"258\" align=\"left\" srcset=\"https:\/\/www.iemj.org\/wp-content\/uploads\/2016\/01\/la_mariee_et_le_rabbin_2.jpg 225w, https:\/\/www.iemj.org\/wp-content\/uploads\/2016\/01\/la_mariee_et_le_rabbin_2-210x300.jpg 210w\" sizes=\"(max-width: 181px) 100vw, 181px\" \/><\/p>\n<p>El d\u00eda de la boda es el comienzo de una nueva vida en com\u00fan seg\u00fan las tradiciones jud\u00edas, y tambi\u00e9n es el d\u00eda en que se perdonan sus pecados.<\/p>\n<p>La ceremonia religiosa se celebra bajo el dosel nupcial (hupa), s\u00edmbolo del nuevo hogar conyugal, llamado seg\u00fan el profeta Malaqu\u00edas, santuario para el Se\u00f1or.<\/p>\n<p>El avance hacia la hupa adopta formas muy diferentes en las distintas comunidades.<br \/>El marido (Hatane) entrega a la novia (kala) el \u00fanico anillo de la uni\u00f3n bajo la mirada de los dos testigos presentes. La kala nunca debe quitarse el anillo de su mano durante toda la ceremonia.<\/p>\n<p><img fetchpriority=\"high\" decoding=\"async\" class=\" aligncenter size-full wp-image-9021\" src=\"https:\/\/www.iemj.org\/wp-content\/uploads\/2016\/01\/la_hupa.jpg\" alt=\"la_hupa.jpg\" width=\"500\" height=\"353\" align=\"middle\" srcset=\"https:\/\/www.iemj.org\/wp-content\/uploads\/2016\/01\/la_hupa.jpg 500w, https:\/\/www.iemj.org\/wp-content\/uploads\/2016\/01\/la_hupa-300x212.jpg 300w\" sizes=\"(max-width: 500px) 100vw, 500px\" \/><br \/><img decoding=\"async\" class=\" alignright  wp-image-9017\" src=\"https:\/\/www.iemj.org\/wp-content\/uploads\/2016\/01\/photo_epouse_halphen3.jpg\" alt=\"photo_epouse_halphen3.jpg\" width=\"191\" height=\"392\" align=\"right\" srcset=\"https:\/\/www.iemj.org\/wp-content\/uploads\/2016\/01\/photo_epouse_halphen3.jpg 200w, https:\/\/www.iemj.org\/wp-content\/uploads\/2016\/01\/photo_epouse_halphen3-146x300.jpg 146w\" sizes=\"(max-width: 191px) 100vw, 191px\" \/><\/p>\n<p>El rabino oficiante llena entonces una copa de vino y lee la siguiente bendici\u00f3n:<br \/>\u00abAlabado sea, Se\u00f1or, nuestro Dios, Rey del Universo, que cre\u00f3 el fruto de la vid\u00bb.<br \/>La rotura de la copa por parte del hatane es el \u00faltimo paso de la ceremonia. Este simboliza la destrucci\u00f3n del templo de Jerusal\u00e9n. El hatane recita la frase del Salmo 137: \u00abSi me olvido de ti, Jerusal\u00e9n, que mi derecha se olvide de m\u00ed. Que se pegue mi lengua a mi paladar si no me acuerdo de ti, si no elevo a Jerusal\u00e9n por encima de mi alegr\u00eda\u00bb y luego rompe un vaso a sus pies.<\/p>\n<p>Al final de la ceremonia, la pareja se toma un momento para aislarse. Esta situaci\u00f3n de intimidad es en cierto modo una expresi\u00f3n concreta de su uni\u00f3n. A continuaci\u00f3n, se re\u00fanen con sus invitados para una comida festiva acompa\u00f1ada de m\u00fasica y baile.<\/p>\n<ul>\n<li><a href=\"https:\/\/www.iemj.org\/yiddish-glik-le-bonheur-juif\/\" target=\"_blank\" rel=\"noopener\">Escuche la emisi\u00f3n de radio Yiddish Glik \/ Le Bonheur Juif [La alegr\u00eda jud\u00eda], especial bodas<\/a><\/li>\n<li><a href=\"https:\/\/www.iemj.org\/es\/le-mariage-traditionnel-juif-2\/\" target=\"_blank\" rel=\"noopener\">Escuchar la lista de reproducci\u00f3n: El matrimonio tradicional jud\u00edo 2<\/a><\/li>\n<li><a href=\"https:\/\/www.iemj.org\/es\/le-mariage-juif\/\" target=\"_blank\" rel=\"noopener\">Lea el art\u00edculo sobre la boda<\/a><img loading=\"lazy\" decoding=\"async\" class=\" aligncenter size-full wp-image-9023\" src=\"https:\/\/www.iemj.org\/wp-content\/uploads\/2016\/01\/document_montage_comp.jpg\" alt=\"document_montage_comp.jpg\" width=\"500\" height=\"334\" align=\"middle\" srcset=\"https:\/\/www.iemj.org\/wp-content\/uploads\/2016\/01\/document_montage_comp.jpg 500w, https:\/\/www.iemj.org\/wp-content\/uploads\/2016\/01\/document_montage_comp-300x200.jpg 300w\" sizes=\"(max-width: 500px) 100vw, 500px\" \/><\/li>\n<\/ul>\n\n<div class=\"wp-block-image\">\n<figure class=\"aligncenter size-large\"><img loading=\"lazy\" decoding=\"async\" width=\"1024\" height=\"133\" src=\"https:\/\/www.iemj.org\/wp-content\/uploads\/2024\/03\/AUDIO-PLAYER-1024x133.png\" alt=\"\" class=\"wp-image-110610\" srcset=\"https:\/\/www.iemj.org\/wp-content\/uploads\/2024\/03\/AUDIO-PLAYER-1024x133.png 1024w, https:\/\/www.iemj.org\/wp-content\/uploads\/2024\/03\/AUDIO-PLAYER-300x39.png 300w, https:\/\/www.iemj.org\/wp-content\/uploads\/2024\/03\/AUDIO-PLAYER-768x100.png 768w, https:\/\/www.iemj.org\/wp-content\/uploads\/2024\/03\/AUDIO-PLAYER-600x78.png 600w, https:\/\/www.iemj.org\/wp-content\/uploads\/2024\/03\/AUDIO-PLAYER.png 1210w\" sizes=\"(max-width: 1024px) 100vw, 1024px\" \/><\/figure>\n<\/div>\n\n\n<h2 class=\"wp-block-heading\"><\/h2>\n\n\n\n<div class=\"wp-block-file\"><a href=\"https:\/\/www.iemj.org\/wp-content\/uploads\/2016\/01\/les_voila_-_luc_cherki.mp3\">Les voila &#8211; Luc CHERKI<\/a><\/div>\n\n\n\n<div class=\"wp-block-file\"><a href=\"https:\/\/www.iemj.org\/wp-content\/uploads\/2016\/01\/a_chasseneh_bei_yidden_-_henri_gerro.mp3\">A chasseneh bei yidden &#8211; Henri GERRO<\/a><\/div>\n\n\n\n<div class=\"wp-block-file\"><a href=\"https:\/\/www.iemj.org\/wp-content\/uploads\/2016\/01\/ad_halayla_-_starski_andreoli_orchestra.mp3\">Ad Halayla &#8211; STARSKI &amp; ANDREOLI Orchestra<\/a><\/div>\n\n\n\n<div class=\"wp-block-file\"><a href=\"https:\/\/www.iemj.org\/wp-content\/uploads\/2016\/01\/danses_de_mariage_-_jaro_schmied.mp3\">Danses de mariage &#8211; Jaro SCHMIED<\/a><\/div>\n\n\n\n<div class=\"wp-block-file\"><a href=\"https:\/\/www.iemj.org\/wp-content\/uploads\/2016\/01\/a_kalle_betetzen_1ere_partie_-_ensemble_ukrainien_rabinovitch.mp3\">A kalle bezetzen 1\u00e8re partie &#8211; Ensemble Ukrainien Rabinovitch<\/a><\/div>\n\n\n\n<div class=\"wp-block-file\"><a href=\"https:\/\/www.iemj.org\/wp-content\/uploads\/2016\/01\/a_kalle_betetzen_2ere_partie_-_ensemble_ukrainien_rabinovitch.mp3\">A kalle bezetzen 2\u00e8re partie &#8211; Ensemble Ukrainien Rabinovitch<\/a><\/div>\n\n\n\n<div class=\"wp-block-file\"><a href=\"https:\/\/www.iemj.org\/wp-content\/uploads\/2016\/01\/el-givat_ha-levona_-_ensemble_alla_francesca.mp3\">El-givat ha-levona &#8211; Ensemble Alla Francesca<\/a><\/div>\n\n\n\n<div class=\"wp-block-file\"><a href=\"https:\/\/www.iemj.org\/wp-content\/uploads\/2016\/01\/kaleh_bazetsen_-_zev_feldman_andy_statman_.mp3\">Kaleh bazetsen &#8211; Zev FELDMAN &amp; Andy STATMAN <\/a><\/div>\n\n\n\n<div class=\"wp-block-file\"><a href=\"https:\/\/www.iemj.org\/wp-content\/uploads\/2016\/01\/chasseneh_valse_-_chaim_towber.mp3\">Chasseneh valse &#8211; Cha\u00efm TOWBER<\/a><\/div>\n\n\n\n<div class=\"wp-block-file\"><a href=\"https:\/\/www.iemj.org\/wp-content\/uploads\/2016\/01\/mazel_tov_-_starski_andreoli_orchestra.mp3\">Mazel Tov &#8211; STARSKI &amp; ANDREOLI Orchestra<\/a><\/div>\n\n\n\n<div class=\"wp-block-file\"><a href=\"https:\/\/www.iemj.org\/wp-content\/uploads\/2016\/01\/nit_bei_motien_la_malice_de_motia_-_jacob_jacobs.mp3\">Nit bei Motien La malice de Motia &#8211; Jacob JACOBS<\/a><\/div>\n\n\n\n<div class=\"wp-block-file\"><a href=\"https:\/\/www.iemj.org\/wp-content\/uploads\/2016\/01\/polka_mazurka_-_marty_levitt_.mp3\">Polka Mazurka &#8211; Marty LEVITT <\/a><\/div>\n\n\n\n<div class=\"wp-block-file\"><a href=\"https:\/\/www.iemj.org\/wp-content\/uploads\/2016\/01\/une_noce_juive_-_orchestre_kandel.mp3\">Une noce juive &#8211; Orchestre KANDEL<\/a><\/div>\n\n\n\n<div class=\"wp-block-file\"><a href=\"https:\/\/www.iemj.org\/wp-content\/uploads\/2016\/01\/firn_di_mekhutonim_aheym_-_itzhak_perlman.mp3\">Firn Di Mekhutonim Aheym &#8211; Itzhak PERLMAN<\/a><\/div>\n","protected":false},"excerpt":{"rendered":"<p>La boda en la tradici\u00f3n jud\u00eda obedece a ciertas costumbres, se trata de celebrar la uni\u00f3n de dos personas pero tambi\u00e9n de su pertenencia a la vida religiosa La boda<\/p>\n","protected":false},"author":1052,"featured_media":73174,"comment_status":"closed","ping_status":"open","sticky":false,"template":"","format":"standard","meta":{"_acf_changed":false,"footnotes":""},"categories":[1535],"tags":[],"technique":[],"squelettes":[],"sujet":[1770],"formation":[],"genre":[],"fonds":[],"tradition":[],"type-de-contenu":[],"interprete-compositeur":[],"frise":[],"type-devenement":[],"tableaux-liens-externes":[],"class_list":["post-73173","post","type-post","status-publish","format-standard","has-post-thumbnail","hentry","category-listas-de-reproduccion-es","sujet-boda"],"acf":[],"yoast_head":"<!-- This site is optimized with the Yoast SEO plugin v27.3 - https:\/\/yoast.com\/product\/yoast-seo-wordpress\/ -->\n<title>EL MATRIMONIO TRADICIONAL JUD\u00cdO 1 - Institut Europ\u00e9en des Musiques Juives<\/title>\n<meta name=\"robots\" content=\"index, follow, max-snippet:-1, max-image-preview:large, max-video-preview:-1\" \/>\n<link rel=\"canonical\" href=\"https:\/\/www.iemj.org\/es\/le-mariage-traditionnel-juif-1\/\" \/>\n<meta property=\"og:locale\" content=\"es_ES\" \/>\n<meta property=\"og:type\" content=\"article\" \/>\n<meta property=\"og:title\" content=\"EL MATRIMONIO TRADICIONAL JUD\u00cdO 1 - Institut Europ\u00e9en des Musiques Juives\" \/>\n<meta property=\"og:description\" content=\"La boda en la tradici\u00f3n jud\u00eda obedece a ciertas costumbres, se trata de celebrar la uni\u00f3n de dos personas pero tambi\u00e9n de su pertenencia a la vida religiosa La boda\" \/>\n<meta property=\"og:url\" content=\"https:\/\/www.iemj.org\/es\/le-mariage-traditionnel-juif-1\/\" \/>\n<meta property=\"og:site_name\" content=\"Institut Europ\u00e9en des Musiques Juives\" \/>\n<meta property=\"article:publisher\" content=\"https:\/\/www.facebook.com\/MusiquesJuives\/\" \/>\n<meta property=\"article:published_time\" content=\"2016-01-28T15:40:00+00:00\" \/>\n<meta property=\"article:modified_time\" content=\"2025-05-08T09:28:19+00:00\" \/>\n<meta property=\"og:image\" content=\"https:\/\/www.iemj.org\/wp-content\/uploads\/2016\/01\/arton1427.jpg\" \/>\n\t<meta property=\"og:image:width\" content=\"500\" \/>\n\t<meta property=\"og:image:height\" content=\"493\" \/>\n\t<meta property=\"og:image:type\" content=\"image\/jpeg\" \/>\n<meta name=\"author\" content=\"Lea Couderc\" \/>\n<meta name=\"twitter:card\" content=\"summary_large_image\" \/>\n<meta name=\"twitter:label1\" content=\"Escrito por\" \/>\n\t<meta name=\"twitter:data1\" content=\"Lea Couderc\" \/>\n\t<meta name=\"twitter:label2\" content=\"Tiempo de lectura\" \/>\n\t<meta name=\"twitter:data2\" content=\"4 minutos\" \/>\n<script type=\"application\/ld+json\" class=\"yoast-schema-graph\">{\"@context\":\"https:\\\/\\\/schema.org\",\"@graph\":[{\"@type\":\"Article\",\"@id\":\"https:\\\/\\\/www.iemj.org\\\/es\\\/le-mariage-traditionnel-juif-1\\\/#article\",\"isPartOf\":{\"@id\":\"https:\\\/\\\/www.iemj.org\\\/es\\\/le-mariage-traditionnel-juif-1\\\/\"},\"author\":{\"name\":\"Lea Couderc\",\"@id\":\"https:\\\/\\\/www.iemj.org\\\/es\\\/#\\\/schema\\\/person\\\/e2ad57f2c4be119c7ed8ab79036807a9\"},\"headline\":\"EL MATRIMONIO TRADICIONAL JUD\u00cdO 1\",\"datePublished\":\"2016-01-28T15:40:00+00:00\",\"dateModified\":\"2025-05-08T09:28:19+00:00\",\"mainEntityOfPage\":{\"@id\":\"https:\\\/\\\/www.iemj.org\\\/es\\\/le-mariage-traditionnel-juif-1\\\/\"},\"wordCount\":507,\"publisher\":{\"@id\":\"https:\\\/\\\/www.iemj.org\\\/es\\\/#organization\"},\"image\":{\"@id\":\"https:\\\/\\\/www.iemj.org\\\/es\\\/le-mariage-traditionnel-juif-1\\\/#primaryimage\"},\"thumbnailUrl\":\"https:\\\/\\\/www.iemj.org\\\/wp-content\\\/uploads\\\/2016\\\/01\\\/arton1427.jpg\",\"articleSection\":[\"Listas de reproducci\u00f3n\"],\"inLanguage\":\"es\"},{\"@type\":\"WebPage\",\"@id\":\"https:\\\/\\\/www.iemj.org\\\/es\\\/le-mariage-traditionnel-juif-1\\\/\",\"url\":\"https:\\\/\\\/www.iemj.org\\\/es\\\/le-mariage-traditionnel-juif-1\\\/\",\"name\":\"EL MATRIMONIO TRADICIONAL JUD\u00cdO 1 - Institut Europ\u00e9en des Musiques Juives\",\"isPartOf\":{\"@id\":\"https:\\\/\\\/www.iemj.org\\\/es\\\/#website\"},\"primaryImageOfPage\":{\"@id\":\"https:\\\/\\\/www.iemj.org\\\/es\\\/le-mariage-traditionnel-juif-1\\\/#primaryimage\"},\"image\":{\"@id\":\"https:\\\/\\\/www.iemj.org\\\/es\\\/le-mariage-traditionnel-juif-1\\\/#primaryimage\"},\"thumbnailUrl\":\"https:\\\/\\\/www.iemj.org\\\/wp-content\\\/uploads\\\/2016\\\/01\\\/arton1427.jpg\",\"datePublished\":\"2016-01-28T15:40:00+00:00\",\"dateModified\":\"2025-05-08T09:28:19+00:00\",\"breadcrumb\":{\"@id\":\"https:\\\/\\\/www.iemj.org\\\/es\\\/le-mariage-traditionnel-juif-1\\\/#breadcrumb\"},\"inLanguage\":\"es\",\"potentialAction\":[{\"@type\":\"ReadAction\",\"target\":[\"https:\\\/\\\/www.iemj.org\\\/es\\\/le-mariage-traditionnel-juif-1\\\/\"]}]},{\"@type\":\"ImageObject\",\"inLanguage\":\"es\",\"@id\":\"https:\\\/\\\/www.iemj.org\\\/es\\\/le-mariage-traditionnel-juif-1\\\/#primaryimage\",\"url\":\"https:\\\/\\\/www.iemj.org\\\/wp-content\\\/uploads\\\/2016\\\/01\\\/arton1427.jpg\",\"contentUrl\":\"https:\\\/\\\/www.iemj.org\\\/wp-content\\\/uploads\\\/2016\\\/01\\\/arton1427.jpg\",\"width\":500,\"height\":493},{\"@type\":\"BreadcrumbList\",\"@id\":\"https:\\\/\\\/www.iemj.org\\\/es\\\/le-mariage-traditionnel-juif-1\\\/#breadcrumb\",\"itemListElement\":[{\"@type\":\"ListItem\",\"position\":1,\"name\":\"Accueil\",\"item\":\"https:\\\/\\\/www.iemj.org\\\/es\\\/\"},{\"@type\":\"ListItem\",\"position\":2,\"name\":\"EL MATRIMONIO TRADICIONAL JUD\u00cdO 1\"}]},{\"@type\":\"WebSite\",\"@id\":\"https:\\\/\\\/www.iemj.org\\\/es\\\/#website\",\"url\":\"https:\\\/\\\/www.iemj.org\\\/es\\\/\",\"name\":\"Institut Europ\u00e9en des Musiques Juives\",\"description\":\"Des traditions musicales \u00e0 la port\u00e9e de tous\",\"publisher\":{\"@id\":\"https:\\\/\\\/www.iemj.org\\\/es\\\/#organization\"},\"potentialAction\":[{\"@type\":\"SearchAction\",\"target\":{\"@type\":\"EntryPoint\",\"urlTemplate\":\"https:\\\/\\\/www.iemj.org\\\/es\\\/?s={search_term_string}\"},\"query-input\":{\"@type\":\"PropertyValueSpecification\",\"valueRequired\":true,\"valueName\":\"search_term_string\"}}],\"inLanguage\":\"es\"},{\"@type\":\"Organization\",\"@id\":\"https:\\\/\\\/www.iemj.org\\\/es\\\/#organization\",\"name\":\"Institut Europ\u00e9en des Musiques Juives\",\"url\":\"https:\\\/\\\/www.iemj.org\\\/es\\\/\",\"logo\":{\"@type\":\"ImageObject\",\"inLanguage\":\"es\",\"@id\":\"https:\\\/\\\/www.iemj.org\\\/es\\\/#\\\/schema\\\/logo\\\/image\\\/\",\"url\":\"https:\\\/\\\/www.iemj.org\\\/wp-content\\\/uploads\\\/2021\\\/09\\\/Logo-IEMJ-Paypal.jpg\",\"contentUrl\":\"https:\\\/\\\/www.iemj.org\\\/wp-content\\\/uploads\\\/2021\\\/09\\\/Logo-IEMJ-Paypal.jpg\",\"width\":150,\"height\":50,\"caption\":\"Institut Europ\u00e9en des Musiques Juives\"},\"image\":{\"@id\":\"https:\\\/\\\/www.iemj.org\\\/es\\\/#\\\/schema\\\/logo\\\/image\\\/\"},\"sameAs\":[\"https:\\\/\\\/www.facebook.com\\\/MusiquesJuives\\\/\",\"https:\\\/\\\/www.instagram.com\\\/musiquesjuives\\\/\",\"https:\\\/\\\/www.youtube.com\\\/user\\\/musiquesjuives\"]},{\"@type\":\"Person\",\"@id\":\"https:\\\/\\\/www.iemj.org\\\/es\\\/#\\\/schema\\\/person\\\/e2ad57f2c4be119c7ed8ab79036807a9\",\"name\":\"Lea Couderc\",\"image\":{\"@type\":\"ImageObject\",\"inLanguage\":\"es\",\"@id\":\"https:\\\/\\\/secure.gravatar.com\\\/avatar\\\/46ee021475d60aeff17a7e490b79dea5a5684bb392ab7fd1494027411df8ba23?s=96&d=mm&r=g\",\"url\":\"https:\\\/\\\/secure.gravatar.com\\\/avatar\\\/46ee021475d60aeff17a7e490b79dea5a5684bb392ab7fd1494027411df8ba23?s=96&d=mm&r=g\",\"contentUrl\":\"https:\\\/\\\/secure.gravatar.com\\\/avatar\\\/46ee021475d60aeff17a7e490b79dea5a5684bb392ab7fd1494027411df8ba23?s=96&d=mm&r=g\",\"caption\":\"Lea Couderc\"}}]}<\/script>\n<!-- \/ Yoast SEO plugin. -->","yoast_head_json":{"title":"EL MATRIMONIO TRADICIONAL JUD\u00cdO 1 - Institut Europ\u00e9en des Musiques Juives","robots":{"index":"index","follow":"follow","max-snippet":"max-snippet:-1","max-image-preview":"max-image-preview:large","max-video-preview":"max-video-preview:-1"},"canonical":"https:\/\/www.iemj.org\/es\/le-mariage-traditionnel-juif-1\/","og_locale":"es_ES","og_type":"article","og_title":"EL MATRIMONIO TRADICIONAL JUD\u00cdO 1 - Institut Europ\u00e9en des Musiques Juives","og_description":"La boda en la tradici\u00f3n jud\u00eda obedece a ciertas costumbres, se trata de celebrar la uni\u00f3n de dos personas pero tambi\u00e9n de su pertenencia a la vida religiosa La boda","og_url":"https:\/\/www.iemj.org\/es\/le-mariage-traditionnel-juif-1\/","og_site_name":"Institut Europ\u00e9en des Musiques Juives","article_publisher":"https:\/\/www.facebook.com\/MusiquesJuives\/","article_published_time":"2016-01-28T15:40:00+00:00","article_modified_time":"2025-05-08T09:28:19+00:00","og_image":[{"width":500,"height":493,"url":"https:\/\/www.iemj.org\/wp-content\/uploads\/2016\/01\/arton1427.jpg","type":"image\/jpeg"}],"author":"Lea Couderc","twitter_card":"summary_large_image","twitter_misc":{"Escrito por":"Lea Couderc","Tiempo de lectura":"4 minutos"},"schema":{"@context":"https:\/\/schema.org","@graph":[{"@type":"Article","@id":"https:\/\/www.iemj.org\/es\/le-mariage-traditionnel-juif-1\/#article","isPartOf":{"@id":"https:\/\/www.iemj.org\/es\/le-mariage-traditionnel-juif-1\/"},"author":{"name":"Lea Couderc","@id":"https:\/\/www.iemj.org\/es\/#\/schema\/person\/e2ad57f2c4be119c7ed8ab79036807a9"},"headline":"EL MATRIMONIO TRADICIONAL JUD\u00cdO 1","datePublished":"2016-01-28T15:40:00+00:00","dateModified":"2025-05-08T09:28:19+00:00","mainEntityOfPage":{"@id":"https:\/\/www.iemj.org\/es\/le-mariage-traditionnel-juif-1\/"},"wordCount":507,"publisher":{"@id":"https:\/\/www.iemj.org\/es\/#organization"},"image":{"@id":"https:\/\/www.iemj.org\/es\/le-mariage-traditionnel-juif-1\/#primaryimage"},"thumbnailUrl":"https:\/\/www.iemj.org\/wp-content\/uploads\/2016\/01\/arton1427.jpg","articleSection":["Listas de reproducci\u00f3n"],"inLanguage":"es"},{"@type":"WebPage","@id":"https:\/\/www.iemj.org\/es\/le-mariage-traditionnel-juif-1\/","url":"https:\/\/www.iemj.org\/es\/le-mariage-traditionnel-juif-1\/","name":"EL MATRIMONIO TRADICIONAL JUD\u00cdO 1 - Institut Europ\u00e9en des Musiques Juives","isPartOf":{"@id":"https:\/\/www.iemj.org\/es\/#website"},"primaryImageOfPage":{"@id":"https:\/\/www.iemj.org\/es\/le-mariage-traditionnel-juif-1\/#primaryimage"},"image":{"@id":"https:\/\/www.iemj.org\/es\/le-mariage-traditionnel-juif-1\/#primaryimage"},"thumbnailUrl":"https:\/\/www.iemj.org\/wp-content\/uploads\/2016\/01\/arton1427.jpg","datePublished":"2016-01-28T15:40:00+00:00","dateModified":"2025-05-08T09:28:19+00:00","breadcrumb":{"@id":"https:\/\/www.iemj.org\/es\/le-mariage-traditionnel-juif-1\/#breadcrumb"},"inLanguage":"es","potentialAction":[{"@type":"ReadAction","target":["https:\/\/www.iemj.org\/es\/le-mariage-traditionnel-juif-1\/"]}]},{"@type":"ImageObject","inLanguage":"es","@id":"https:\/\/www.iemj.org\/es\/le-mariage-traditionnel-juif-1\/#primaryimage","url":"https:\/\/www.iemj.org\/wp-content\/uploads\/2016\/01\/arton1427.jpg","contentUrl":"https:\/\/www.iemj.org\/wp-content\/uploads\/2016\/01\/arton1427.jpg","width":500,"height":493},{"@type":"BreadcrumbList","@id":"https:\/\/www.iemj.org\/es\/le-mariage-traditionnel-juif-1\/#breadcrumb","itemListElement":[{"@type":"ListItem","position":1,"name":"Accueil","item":"https:\/\/www.iemj.org\/es\/"},{"@type":"ListItem","position":2,"name":"EL MATRIMONIO TRADICIONAL JUD\u00cdO 1"}]},{"@type":"WebSite","@id":"https:\/\/www.iemj.org\/es\/#website","url":"https:\/\/www.iemj.org\/es\/","name":"Institut Europ\u00e9en des Musiques Juives","description":"Des traditions musicales \u00e0 la port\u00e9e de tous","publisher":{"@id":"https:\/\/www.iemj.org\/es\/#organization"},"potentialAction":[{"@type":"SearchAction","target":{"@type":"EntryPoint","urlTemplate":"https:\/\/www.iemj.org\/es\/?s={search_term_string}"},"query-input":{"@type":"PropertyValueSpecification","valueRequired":true,"valueName":"search_term_string"}}],"inLanguage":"es"},{"@type":"Organization","@id":"https:\/\/www.iemj.org\/es\/#organization","name":"Institut Europ\u00e9en des Musiques Juives","url":"https:\/\/www.iemj.org\/es\/","logo":{"@type":"ImageObject","inLanguage":"es","@id":"https:\/\/www.iemj.org\/es\/#\/schema\/logo\/image\/","url":"https:\/\/www.iemj.org\/wp-content\/uploads\/2021\/09\/Logo-IEMJ-Paypal.jpg","contentUrl":"https:\/\/www.iemj.org\/wp-content\/uploads\/2021\/09\/Logo-IEMJ-Paypal.jpg","width":150,"height":50,"caption":"Institut Europ\u00e9en des Musiques Juives"},"image":{"@id":"https:\/\/www.iemj.org\/es\/#\/schema\/logo\/image\/"},"sameAs":["https:\/\/www.facebook.com\/MusiquesJuives\/","https:\/\/www.instagram.com\/musiquesjuives\/","https:\/\/www.youtube.com\/user\/musiquesjuives"]},{"@type":"Person","@id":"https:\/\/www.iemj.org\/es\/#\/schema\/person\/e2ad57f2c4be119c7ed8ab79036807a9","name":"Lea Couderc","image":{"@type":"ImageObject","inLanguage":"es","@id":"https:\/\/secure.gravatar.com\/avatar\/46ee021475d60aeff17a7e490b79dea5a5684bb392ab7fd1494027411df8ba23?s=96&d=mm&r=g","url":"https:\/\/secure.gravatar.com\/avatar\/46ee021475d60aeff17a7e490b79dea5a5684bb392ab7fd1494027411df8ba23?s=96&d=mm&r=g","contentUrl":"https:\/\/secure.gravatar.com\/avatar\/46ee021475d60aeff17a7e490b79dea5a5684bb392ab7fd1494027411df8ba23?s=96&d=mm&r=g","caption":"Lea Couderc"}}]}},"_links":{"self":[{"href":"https:\/\/www.iemj.org\/es\/wp-json\/wp\/v2\/posts\/73173","targetHints":{"allow":["GET"]}}],"collection":[{"href":"https:\/\/www.iemj.org\/es\/wp-json\/wp\/v2\/posts"}],"about":[{"href":"https:\/\/www.iemj.org\/es\/wp-json\/wp\/v2\/types\/post"}],"author":[{"embeddable":true,"href":"https:\/\/www.iemj.org\/es\/wp-json\/wp\/v2\/users\/1052"}],"replies":[{"embeddable":true,"href":"https:\/\/www.iemj.org\/es\/wp-json\/wp\/v2\/comments?post=73173"}],"version-history":[{"count":0,"href":"https:\/\/www.iemj.org\/es\/wp-json\/wp\/v2\/posts\/73173\/revisions"}],"wp:featuredmedia":[{"embeddable":true,"href":"https:\/\/www.iemj.org\/es\/wp-json\/wp\/v2\/media\/73174"}],"wp:attachment":[{"href":"https:\/\/www.iemj.org\/es\/wp-json\/wp\/v2\/media?parent=73173"}],"wp:term":[{"taxonomy":"category","embeddable":true,"href":"https:\/\/www.iemj.org\/es\/wp-json\/wp\/v2\/categories?post=73173"},{"taxonomy":"post_tag","embeddable":true,"href":"https:\/\/www.iemj.org\/es\/wp-json\/wp\/v2\/tags?post=73173"},{"taxonomy":"technique","embeddable":true,"href":"https:\/\/www.iemj.org\/es\/wp-json\/wp\/v2\/technique?post=73173"},{"taxonomy":"squelettes","embeddable":true,"href":"https:\/\/www.iemj.org\/es\/wp-json\/wp\/v2\/squelettes?post=73173"},{"taxonomy":"sujet","embeddable":true,"href":"https:\/\/www.iemj.org\/es\/wp-json\/wp\/v2\/sujet?post=73173"},{"taxonomy":"formation","embeddable":true,"href":"https:\/\/www.iemj.org\/es\/wp-json\/wp\/v2\/formation?post=73173"},{"taxonomy":"genre","embeddable":true,"href":"https:\/\/www.iemj.org\/es\/wp-json\/wp\/v2\/genre?post=73173"},{"taxonomy":"fonds","embeddable":true,"href":"https:\/\/www.iemj.org\/es\/wp-json\/wp\/v2\/fonds?post=73173"},{"taxonomy":"tradition","embeddable":true,"href":"https:\/\/www.iemj.org\/es\/wp-json\/wp\/v2\/tradition?post=73173"},{"taxonomy":"type-de-contenu","embeddable":true,"href":"https:\/\/www.iemj.org\/es\/wp-json\/wp\/v2\/type-de-contenu?post=73173"},{"taxonomy":"interprete-compositeur","embeddable":true,"href":"https:\/\/www.iemj.org\/es\/wp-json\/wp\/v2\/interprete-compositeur?post=73173"},{"taxonomy":"frise","embeddable":true,"href":"https:\/\/www.iemj.org\/es\/wp-json\/wp\/v2\/frise?post=73173"},{"taxonomy":"type-devenement","embeddable":true,"href":"https:\/\/www.iemj.org\/es\/wp-json\/wp\/v2\/type-devenement?post=73173"},{"taxonomy":"tableaux-liens-externes","embeddable":true,"href":"https:\/\/www.iemj.org\/es\/wp-json\/wp\/v2\/tableaux-liens-externes?post=73173"}],"curies":[{"name":"wp","href":"https:\/\/api.w.org\/{rel}","templated":true}]}}