{"id":73189,"date":"2016-01-20T13:00:12","date_gmt":"2016-01-20T12:00:12","guid":{"rendered":"https:\/\/www.iemj.org\/musique-et-shoah-1\/"},"modified":"2025-04-16T13:07:12","modified_gmt":"2025-04-16T11:07:12","slug":"musique-et-shoah-1","status":"publish","type":"post","link":"https:\/\/www.iemj.org\/es\/musique-et-shoah-1\/","title":{"rendered":"M\u00fasica y Sho\u00e1 1"},"content":{"rendered":"<p><strong>Despu\u00e9s de la guerra, la Sho\u00e1 inspir\u00f3 a muchos compositores a rendir homenaje a una cultura jud\u00eda asesinada<\/strong><\/p>\n<p><!--more--><\/p>\n<p>La exterminaci\u00f3n de los jud\u00edos, programada por los nazis, no consigui\u00f3 aniquilar sus cantos de rebeld\u00eda y de esperanza. La m\u00fasica sobrevivi\u00f3 en los guetos y los campos a pesar de las condiciones inhumanas.<\/p>\n<p>En cuanto la llegada de Hitler al poder en 1933, los nazis crearon una oficina central de m\u00fasica, dirigida por el compositor Richard Strauss, cuya funci\u00f3n era vigilar y controlar la expresi\u00f3n musical en Alemania. R\u00e1pidamente, esta oficina prohibi\u00f3 todas las interpretaciones de obras de compositores de origen jud\u00edo, y sus m\u00fasicas fueron consideradas como \u00abdegeneradas\u00bb. Se puso en marcha una pol\u00edtica de represi\u00f3n y muchos m\u00fasicos jud\u00edos fueron internados en campos de trabajo, al principio, y luego, durante la guerra, en campos de concentraci\u00f3n o exterminio&#8230;<\/p>\n<p>En los campos, la m\u00fasica y las canciones ocuparon un lugar importante en la organizaci\u00f3n social, como vectores de esperanza, herramientas de propaganda y llamada a la resistencia. La m\u00fasica como supervivencia.<\/p>\n<p>El canto del pantano, conocido como el \u00abcanto de B\u00f6rgermoor\u00bb o \u00abDie Moorsoldaten\u00bb es representativo de esta lucha contra el invasor nazi. Se trata de un canto de prisioneros que fue retomado en toda Europa.<\/p>\n<p>La m\u00fasica tambi\u00e9n ten\u00eda un lugar especial en el campo del gueto de Terez\u00edn, situado a unos cincuenta kil\u00f3metros al noroeste de Praga. Con fines propagand\u00edsticos, los nazis agruparon en este campo a muchos intelectuales y artistas jud\u00edos que continuaron sus actividades creativas como pudieron. La mayor\u00eda de estos compositores (Viktor Ullmann, Hans Kr\u00e1sa, Pavel Haas&#8230;) murieron de hambre o fueron enviados a las c\u00e1maras de gas, dejando tras de s\u00ed un conjunto de obras aterradoramente modernas, que la investigaci\u00f3n musicol\u00f3gica de los \u00faltimos 20 a\u00f1os ha permitido recuperar.<\/p>\n<p>Despu\u00e9s de la guerra, numerosas obras musicales han sido inspirados por la Sho\u00e1, como la fascinante obra de Schoenberg\u00a0<em>Un survivant de Varsovie<\/em> [Un sobreviviente de Varsovia].<\/p>\n<ul>\n<li><a href=\"https:\/\/www.iemj.org\/es\/survivre-et-mourir-en-musique-dans-les-camps-nazis-2\/\" target=\"_blank\" rel=\"noopener\">Escuchar la emisi\u00f3n de radio: Survivre et mourir en musique dans les camps nazis [Sobrevivir y morir en m\u00fasica en los campos nazis].<\/a><\/li>\n<li><a href=\"https:\/\/www.iemj.org\/es\/musiques-et-musiciens-interdits-sous-le-iiie-reich\/\" target=\"_blank\" rel=\"noopener\">Escuchar la emisi\u00f3n de radio: Musiques et musiciens interdits sous le IIIe Reich [M\u00fasicas y m\u00fasicos prohibidos en el III Reich]<\/a><\/li>\n<li><a href=\"https:\/\/www.iemj.org\/es\/musique-et-shoah-2\/\" target=\"_blank\" rel=\"noopener\">Escuchar la lista de reproducci\u00f3n: M\u00fasica y Sho\u00e1 2<\/a><\/li>\n<\/ul>\n<p><img fetchpriority=\"high\" decoding=\"async\" class=\" aligncenter size-full wp-image-9086\" src=\"https:\/\/www.iemj.org\/wp-content\/uploads\/2016\/01\/shoah_document_500px.jpg\" alt=\"shoah_document_500px.jpg\" width=\"500\" height=\"500\" align=\"middle\" srcset=\"https:\/\/www.iemj.org\/wp-content\/uploads\/2016\/01\/shoah_document_500px.jpg 500w, https:\/\/www.iemj.org\/wp-content\/uploads\/2016\/01\/shoah_document_500px-300x300.jpg 300w, https:\/\/www.iemj.org\/wp-content\/uploads\/2016\/01\/shoah_document_500px-150x150.jpg 150w, https:\/\/www.iemj.org\/wp-content\/uploads\/2016\/01\/shoah_document_500px-100x100.jpg 100w\" sizes=\"(max-width: 500px) 100vw, 500px\" \/><\/p>\n<p>\u00a0<\/p>\n<p><img decoding=\"async\" class=\"wp-image-110610 aligncenter\" src=\"https:\/\/www.iemj.org\/wp-content\/uploads\/2024\/03\/AUDIO-PLAYER-300x39.png\" alt=\"\" width=\"1038\" height=\"135\" srcset=\"https:\/\/www.iemj.org\/wp-content\/uploads\/2024\/03\/AUDIO-PLAYER-300x39.png 300w, https:\/\/www.iemj.org\/wp-content\/uploads\/2024\/03\/AUDIO-PLAYER-1024x133.png 1024w, https:\/\/www.iemj.org\/wp-content\/uploads\/2024\/03\/AUDIO-PLAYER-768x100.png 768w, https:\/\/www.iemj.org\/wp-content\/uploads\/2024\/03\/AUDIO-PLAYER-600x78.png 600w, https:\/\/www.iemj.org\/wp-content\/uploads\/2024\/03\/AUDIO-PLAYER.png 1210w\" sizes=\"(max-width: 1038px) 100vw, 1038px\" \/><\/p>\n\n\n<div class=\"wp-block-file\"><a href=\"https:\/\/www.iemj.org\/wp-content\/uploads\/2016\/01\/cheder_yorn_-_abraham_brun.mp3\">Cheder Yorn &#8211; Abraham BRUN<\/a><\/div>\n\n\n\n<div class=\"wp-block-file\"><a href=\"https:\/\/www.iemj.org\/wp-content\/uploads\/2016\/01\/dos_ingele_ligt_farbrent_-_sarah_gorby.mp3\">Dos ingele ligt farbrent &#8211; Sarah GORBY<\/a><\/div>\n\n\n\n<div class=\"wp-block-file\"><a href=\"https:\/\/www.iemj.org\/wp-content\/uploads\/2016\/01\/moide_ani_-_sarah_gorby.mp3\">Moide ani &#8211; Sarah GORBY<\/a><\/div>\n\n\n\n<div class=\"wp-block-file\"><a href=\"https:\/\/www.iemj.org\/wp-content\/uploads\/2016\/01\/motele_fun_vaeshever_geto_-_jacques_grober.mp3\">Motele fun Varshever Geto &#8211; Jacques GROBER<\/a><\/div>\n\n\n\n<div class=\"wp-block-file\"><a href=\"https:\/\/www.iemj.org\/wp-content\/uploads\/2016\/01\/shtil_di_nacht_iz_oysgeshternt_-_norbert_horowitz.mp3\">Shtil, di Nacht iz oysgeshternt &#8211; Norbert HOROWITZ<\/a><\/div>\n\n\n\n<div class=\"wp-block-file\"><a href=\"https:\/\/www.iemj.org\/wp-content\/uploads\/2016\/01\/oy_a_nacht_a_sheyne_-_norbert_horowitz.mp3\">Oy, a Nacht a sheyne &#8211; Norbert HOROWITZ<\/a><\/div>\n\n\n\n<div class=\"wp-block-file\"><a href=\"https:\/\/www.iemj.org\/wp-content\/uploads\/2016\/01\/anni_ma_amim_-_dorit_reuveni.mp3\">Anni Ma\u2019amim &#8211; Dorit REUVENI<\/a><\/div>\n\n\n\n<div class=\"wp-block-file\"><a href=\"https:\/\/www.iemj.org\/wp-content\/uploads\/2016\/01\/freeling_-_chava_alberstein.mp3\">Freeling &#8211; Chava ALBERSTEIN<\/a><\/div>\n\n\n\n<div class=\"wp-block-file\"><a href=\"https:\/\/www.iemj.org\/wp-content\/uploads\/2016\/01\/oyb_nit_kayn_anume_-_abraham_brun.mp3\">Oyb Nit kayn Anume &#8211; Abraham BRUN<\/a><\/div>\n\n\n\n<div class=\"wp-block-file\"><a href=\"https:\/\/www.iemj.org\/wp-content\/uploads\/2016\/01\/farvos_iz_der_himmel_-_chava_alberstein.mp3\">Farvos iz der Himl &#8211; Chava ALBERSTEIN<\/a><\/div>\n\n\n\n<div class=\"wp-block-file\"><a href=\"https:\/\/www.iemj.org\/wp-content\/uploads\/2016\/01\/ghetto_lid_-_pinchos_borenstein.mp3\">Ghetto lid &#8211; Pinchos BORENSTEIN<\/a><\/div>\n\n\n\n<div class=\"wp-block-file\"><a href=\"https:\/\/www.iemj.org\/wp-content\/uploads\/2016\/01\/jetz_habe_leute_aufgepasst_-_krasa_brundibar.mp3\">Jetz habe Leute, aufgepasst &#8211; KRASA_BRUNDIBAR<\/a><\/div>\n\n\n\n<div class=\"wp-block-file\"><a href=\"https:\/\/www.iemj.org\/wp-content\/uploads\/2016\/01\/die_moorsoldaten-theodore_bikel.mp3\">Die Moorsoldaten-Theodore BIKEL<\/a><\/div>\n\n\n\n<div class=\"wp-block-file\"><a href=\"https:\/\/www.iemj.org\/wp-content\/uploads\/2016\/01\/k7_1231_08.mp3\">Souviens toi d&#8217;Auschwitz &#8211; Emile Ka\u00e7mann<\/a><\/div>\n","protected":false},"excerpt":{"rendered":"<p>Despu\u00e9s de la guerra, la Sho\u00e1 inspir\u00f3 a muchos compositores a rendir homenaje a una cultura jud\u00eda asesinada<\/p>\n","protected":false},"author":1052,"featured_media":73190,"comment_status":"closed","ping_status":"open","sticky":false,"template":"","format":"standard","meta":{"_acf_changed":false,"footnotes":""},"categories":[1535],"tags":[],"technique":[],"squelettes":[],"sujet":[1803],"formation":[],"genre":[],"fonds":[],"tradition":[],"type-de-contenu":[],"interprete-compositeur":[3309],"frise":[],"type-devenement":[],"tableaux-liens-externes":[],"class_list":["post-73189","post","type-post","status-publish","format-standard","has-post-thumbnail","hentry","category-listas-de-reproduccion-es","sujet-shoah-es","interprete-compositeur-viktor-ullmann-es"],"acf":[],"yoast_head":"<!-- This site is optimized with the Yoast SEO plugin v27.3 - https:\/\/yoast.com\/product\/yoast-seo-wordpress\/ -->\n<title>M\u00fasica y Sho\u00e1 1 - Institut Europ\u00e9en des Musiques Juives<\/title>\n<meta name=\"robots\" content=\"index, follow, max-snippet:-1, max-image-preview:large, max-video-preview:-1\" \/>\n<link rel=\"canonical\" href=\"https:\/\/www.iemj.org\/es\/musique-et-shoah-1\/\" \/>\n<meta property=\"og:locale\" content=\"es_ES\" \/>\n<meta property=\"og:type\" content=\"article\" \/>\n<meta property=\"og:title\" content=\"M\u00fasica y Sho\u00e1 1 - Institut Europ\u00e9en des Musiques Juives\" \/>\n<meta property=\"og:description\" content=\"Despu\u00e9s de la guerra, la Sho\u00e1 inspir\u00f3 a muchos compositores a rendir homenaje a una cultura jud\u00eda asesinada\" \/>\n<meta property=\"og:url\" content=\"https:\/\/www.iemj.org\/es\/musique-et-shoah-1\/\" \/>\n<meta property=\"og:site_name\" content=\"Institut Europ\u00e9en des Musiques Juives\" \/>\n<meta property=\"article:publisher\" content=\"https:\/\/www.facebook.com\/MusiquesJuives\/\" \/>\n<meta property=\"article:published_time\" content=\"2016-01-20T12:00:12+00:00\" \/>\n<meta property=\"article:modified_time\" content=\"2025-04-16T11:07:12+00:00\" \/>\n<meta property=\"og:image\" content=\"https:\/\/www.iemj.org\/wp-content\/uploads\/2016\/01\/arton1432.jpg\" \/>\n\t<meta property=\"og:image:width\" content=\"500\" \/>\n\t<meta property=\"og:image:height\" content=\"462\" \/>\n\t<meta property=\"og:image:type\" content=\"image\/jpeg\" \/>\n<meta name=\"author\" content=\"Lea Couderc\" \/>\n<meta name=\"twitter:card\" content=\"summary_large_image\" \/>\n<meta name=\"twitter:label1\" content=\"Escrito por\" \/>\n\t<meta name=\"twitter:data1\" content=\"Lea Couderc\" \/>\n\t<meta name=\"twitter:label2\" content=\"Tiempo de lectura\" \/>\n\t<meta name=\"twitter:data2\" content=\"3 minutos\" \/>\n<script type=\"application\/ld+json\" class=\"yoast-schema-graph\">{\"@context\":\"https:\\\/\\\/schema.org\",\"@graph\":[{\"@type\":\"Article\",\"@id\":\"https:\\\/\\\/www.iemj.org\\\/es\\\/musique-et-shoah-1\\\/#article\",\"isPartOf\":{\"@id\":\"https:\\\/\\\/www.iemj.org\\\/es\\\/musique-et-shoah-1\\\/\"},\"author\":{\"name\":\"Lea Couderc\",\"@id\":\"https:\\\/\\\/www.iemj.org\\\/es\\\/#\\\/schema\\\/person\\\/e2ad57f2c4be119c7ed8ab79036807a9\"},\"headline\":\"M\u00fasica y Sho\u00e1 1\",\"datePublished\":\"2016-01-20T12:00:12+00:00\",\"dateModified\":\"2025-04-16T11:07:12+00:00\",\"mainEntityOfPage\":{\"@id\":\"https:\\\/\\\/www.iemj.org\\\/es\\\/musique-et-shoah-1\\\/\"},\"wordCount\":505,\"publisher\":{\"@id\":\"https:\\\/\\\/www.iemj.org\\\/es\\\/#organization\"},\"image\":{\"@id\":\"https:\\\/\\\/www.iemj.org\\\/es\\\/musique-et-shoah-1\\\/#primaryimage\"},\"thumbnailUrl\":\"https:\\\/\\\/www.iemj.org\\\/wp-content\\\/uploads\\\/2016\\\/01\\\/arton1432.jpg\",\"articleSection\":[\"Listas de reproducci\u00f3n\"],\"inLanguage\":\"es\"},{\"@type\":\"WebPage\",\"@id\":\"https:\\\/\\\/www.iemj.org\\\/es\\\/musique-et-shoah-1\\\/\",\"url\":\"https:\\\/\\\/www.iemj.org\\\/es\\\/musique-et-shoah-1\\\/\",\"name\":\"M\u00fasica y Sho\u00e1 1 - Institut Europ\u00e9en des Musiques Juives\",\"isPartOf\":{\"@id\":\"https:\\\/\\\/www.iemj.org\\\/es\\\/#website\"},\"primaryImageOfPage\":{\"@id\":\"https:\\\/\\\/www.iemj.org\\\/es\\\/musique-et-shoah-1\\\/#primaryimage\"},\"image\":{\"@id\":\"https:\\\/\\\/www.iemj.org\\\/es\\\/musique-et-shoah-1\\\/#primaryimage\"},\"thumbnailUrl\":\"https:\\\/\\\/www.iemj.org\\\/wp-content\\\/uploads\\\/2016\\\/01\\\/arton1432.jpg\",\"datePublished\":\"2016-01-20T12:00:12+00:00\",\"dateModified\":\"2025-04-16T11:07:12+00:00\",\"breadcrumb\":{\"@id\":\"https:\\\/\\\/www.iemj.org\\\/es\\\/musique-et-shoah-1\\\/#breadcrumb\"},\"inLanguage\":\"es\",\"potentialAction\":[{\"@type\":\"ReadAction\",\"target\":[\"https:\\\/\\\/www.iemj.org\\\/es\\\/musique-et-shoah-1\\\/\"]}]},{\"@type\":\"ImageObject\",\"inLanguage\":\"es\",\"@id\":\"https:\\\/\\\/www.iemj.org\\\/es\\\/musique-et-shoah-1\\\/#primaryimage\",\"url\":\"https:\\\/\\\/www.iemj.org\\\/wp-content\\\/uploads\\\/2016\\\/01\\\/arton1432.jpg\",\"contentUrl\":\"https:\\\/\\\/www.iemj.org\\\/wp-content\\\/uploads\\\/2016\\\/01\\\/arton1432.jpg\",\"width\":500,\"height\":462},{\"@type\":\"BreadcrumbList\",\"@id\":\"https:\\\/\\\/www.iemj.org\\\/es\\\/musique-et-shoah-1\\\/#breadcrumb\",\"itemListElement\":[{\"@type\":\"ListItem\",\"position\":1,\"name\":\"Accueil\",\"item\":\"https:\\\/\\\/www.iemj.org\\\/es\\\/\"},{\"@type\":\"ListItem\",\"position\":2,\"name\":\"M\u00fasica y Sho\u00e1 1\"}]},{\"@type\":\"WebSite\",\"@id\":\"https:\\\/\\\/www.iemj.org\\\/es\\\/#website\",\"url\":\"https:\\\/\\\/www.iemj.org\\\/es\\\/\",\"name\":\"Institut Europ\u00e9en des Musiques Juives\",\"description\":\"Des traditions musicales \u00e0 la port\u00e9e de tous\",\"publisher\":{\"@id\":\"https:\\\/\\\/www.iemj.org\\\/es\\\/#organization\"},\"potentialAction\":[{\"@type\":\"SearchAction\",\"target\":{\"@type\":\"EntryPoint\",\"urlTemplate\":\"https:\\\/\\\/www.iemj.org\\\/es\\\/?s={search_term_string}\"},\"query-input\":{\"@type\":\"PropertyValueSpecification\",\"valueRequired\":true,\"valueName\":\"search_term_string\"}}],\"inLanguage\":\"es\"},{\"@type\":\"Organization\",\"@id\":\"https:\\\/\\\/www.iemj.org\\\/es\\\/#organization\",\"name\":\"Institut Europ\u00e9en des Musiques Juives\",\"url\":\"https:\\\/\\\/www.iemj.org\\\/es\\\/\",\"logo\":{\"@type\":\"ImageObject\",\"inLanguage\":\"es\",\"@id\":\"https:\\\/\\\/www.iemj.org\\\/es\\\/#\\\/schema\\\/logo\\\/image\\\/\",\"url\":\"https:\\\/\\\/www.iemj.org\\\/wp-content\\\/uploads\\\/2021\\\/09\\\/Logo-IEMJ-Paypal.jpg\",\"contentUrl\":\"https:\\\/\\\/www.iemj.org\\\/wp-content\\\/uploads\\\/2021\\\/09\\\/Logo-IEMJ-Paypal.jpg\",\"width\":150,\"height\":50,\"caption\":\"Institut Europ\u00e9en des Musiques Juives\"},\"image\":{\"@id\":\"https:\\\/\\\/www.iemj.org\\\/es\\\/#\\\/schema\\\/logo\\\/image\\\/\"},\"sameAs\":[\"https:\\\/\\\/www.facebook.com\\\/MusiquesJuives\\\/\",\"https:\\\/\\\/www.instagram.com\\\/musiquesjuives\\\/\",\"https:\\\/\\\/www.youtube.com\\\/user\\\/musiquesjuives\"]},{\"@type\":\"Person\",\"@id\":\"https:\\\/\\\/www.iemj.org\\\/es\\\/#\\\/schema\\\/person\\\/e2ad57f2c4be119c7ed8ab79036807a9\",\"name\":\"Lea Couderc\",\"image\":{\"@type\":\"ImageObject\",\"inLanguage\":\"es\",\"@id\":\"https:\\\/\\\/secure.gravatar.com\\\/avatar\\\/46ee021475d60aeff17a7e490b79dea5a5684bb392ab7fd1494027411df8ba23?s=96&d=mm&r=g\",\"url\":\"https:\\\/\\\/secure.gravatar.com\\\/avatar\\\/46ee021475d60aeff17a7e490b79dea5a5684bb392ab7fd1494027411df8ba23?s=96&d=mm&r=g\",\"contentUrl\":\"https:\\\/\\\/secure.gravatar.com\\\/avatar\\\/46ee021475d60aeff17a7e490b79dea5a5684bb392ab7fd1494027411df8ba23?s=96&d=mm&r=g\",\"caption\":\"Lea Couderc\"}}]}<\/script>\n<!-- \/ Yoast SEO plugin. -->","yoast_head_json":{"title":"M\u00fasica y Sho\u00e1 1 - Institut Europ\u00e9en des Musiques Juives","robots":{"index":"index","follow":"follow","max-snippet":"max-snippet:-1","max-image-preview":"max-image-preview:large","max-video-preview":"max-video-preview:-1"},"canonical":"https:\/\/www.iemj.org\/es\/musique-et-shoah-1\/","og_locale":"es_ES","og_type":"article","og_title":"M\u00fasica y Sho\u00e1 1 - Institut Europ\u00e9en des Musiques Juives","og_description":"Despu\u00e9s de la guerra, la Sho\u00e1 inspir\u00f3 a muchos compositores a rendir homenaje a una cultura jud\u00eda asesinada","og_url":"https:\/\/www.iemj.org\/es\/musique-et-shoah-1\/","og_site_name":"Institut Europ\u00e9en des Musiques Juives","article_publisher":"https:\/\/www.facebook.com\/MusiquesJuives\/","article_published_time":"2016-01-20T12:00:12+00:00","article_modified_time":"2025-04-16T11:07:12+00:00","og_image":[{"width":500,"height":462,"url":"https:\/\/www.iemj.org\/wp-content\/uploads\/2016\/01\/arton1432.jpg","type":"image\/jpeg"}],"author":"Lea Couderc","twitter_card":"summary_large_image","twitter_misc":{"Escrito por":"Lea Couderc","Tiempo de lectura":"3 minutos"},"schema":{"@context":"https:\/\/schema.org","@graph":[{"@type":"Article","@id":"https:\/\/www.iemj.org\/es\/musique-et-shoah-1\/#article","isPartOf":{"@id":"https:\/\/www.iemj.org\/es\/musique-et-shoah-1\/"},"author":{"name":"Lea Couderc","@id":"https:\/\/www.iemj.org\/es\/#\/schema\/person\/e2ad57f2c4be119c7ed8ab79036807a9"},"headline":"M\u00fasica y Sho\u00e1 1","datePublished":"2016-01-20T12:00:12+00:00","dateModified":"2025-04-16T11:07:12+00:00","mainEntityOfPage":{"@id":"https:\/\/www.iemj.org\/es\/musique-et-shoah-1\/"},"wordCount":505,"publisher":{"@id":"https:\/\/www.iemj.org\/es\/#organization"},"image":{"@id":"https:\/\/www.iemj.org\/es\/musique-et-shoah-1\/#primaryimage"},"thumbnailUrl":"https:\/\/www.iemj.org\/wp-content\/uploads\/2016\/01\/arton1432.jpg","articleSection":["Listas de reproducci\u00f3n"],"inLanguage":"es"},{"@type":"WebPage","@id":"https:\/\/www.iemj.org\/es\/musique-et-shoah-1\/","url":"https:\/\/www.iemj.org\/es\/musique-et-shoah-1\/","name":"M\u00fasica y Sho\u00e1 1 - Institut Europ\u00e9en des Musiques Juives","isPartOf":{"@id":"https:\/\/www.iemj.org\/es\/#website"},"primaryImageOfPage":{"@id":"https:\/\/www.iemj.org\/es\/musique-et-shoah-1\/#primaryimage"},"image":{"@id":"https:\/\/www.iemj.org\/es\/musique-et-shoah-1\/#primaryimage"},"thumbnailUrl":"https:\/\/www.iemj.org\/wp-content\/uploads\/2016\/01\/arton1432.jpg","datePublished":"2016-01-20T12:00:12+00:00","dateModified":"2025-04-16T11:07:12+00:00","breadcrumb":{"@id":"https:\/\/www.iemj.org\/es\/musique-et-shoah-1\/#breadcrumb"},"inLanguage":"es","potentialAction":[{"@type":"ReadAction","target":["https:\/\/www.iemj.org\/es\/musique-et-shoah-1\/"]}]},{"@type":"ImageObject","inLanguage":"es","@id":"https:\/\/www.iemj.org\/es\/musique-et-shoah-1\/#primaryimage","url":"https:\/\/www.iemj.org\/wp-content\/uploads\/2016\/01\/arton1432.jpg","contentUrl":"https:\/\/www.iemj.org\/wp-content\/uploads\/2016\/01\/arton1432.jpg","width":500,"height":462},{"@type":"BreadcrumbList","@id":"https:\/\/www.iemj.org\/es\/musique-et-shoah-1\/#breadcrumb","itemListElement":[{"@type":"ListItem","position":1,"name":"Accueil","item":"https:\/\/www.iemj.org\/es\/"},{"@type":"ListItem","position":2,"name":"M\u00fasica y Sho\u00e1 1"}]},{"@type":"WebSite","@id":"https:\/\/www.iemj.org\/es\/#website","url":"https:\/\/www.iemj.org\/es\/","name":"Institut Europ\u00e9en des Musiques Juives","description":"Des traditions musicales \u00e0 la port\u00e9e de tous","publisher":{"@id":"https:\/\/www.iemj.org\/es\/#organization"},"potentialAction":[{"@type":"SearchAction","target":{"@type":"EntryPoint","urlTemplate":"https:\/\/www.iemj.org\/es\/?s={search_term_string}"},"query-input":{"@type":"PropertyValueSpecification","valueRequired":true,"valueName":"search_term_string"}}],"inLanguage":"es"},{"@type":"Organization","@id":"https:\/\/www.iemj.org\/es\/#organization","name":"Institut Europ\u00e9en des Musiques Juives","url":"https:\/\/www.iemj.org\/es\/","logo":{"@type":"ImageObject","inLanguage":"es","@id":"https:\/\/www.iemj.org\/es\/#\/schema\/logo\/image\/","url":"https:\/\/www.iemj.org\/wp-content\/uploads\/2021\/09\/Logo-IEMJ-Paypal.jpg","contentUrl":"https:\/\/www.iemj.org\/wp-content\/uploads\/2021\/09\/Logo-IEMJ-Paypal.jpg","width":150,"height":50,"caption":"Institut Europ\u00e9en des Musiques Juives"},"image":{"@id":"https:\/\/www.iemj.org\/es\/#\/schema\/logo\/image\/"},"sameAs":["https:\/\/www.facebook.com\/MusiquesJuives\/","https:\/\/www.instagram.com\/musiquesjuives\/","https:\/\/www.youtube.com\/user\/musiquesjuives"]},{"@type":"Person","@id":"https:\/\/www.iemj.org\/es\/#\/schema\/person\/e2ad57f2c4be119c7ed8ab79036807a9","name":"Lea Couderc","image":{"@type":"ImageObject","inLanguage":"es","@id":"https:\/\/secure.gravatar.com\/avatar\/46ee021475d60aeff17a7e490b79dea5a5684bb392ab7fd1494027411df8ba23?s=96&d=mm&r=g","url":"https:\/\/secure.gravatar.com\/avatar\/46ee021475d60aeff17a7e490b79dea5a5684bb392ab7fd1494027411df8ba23?s=96&d=mm&r=g","contentUrl":"https:\/\/secure.gravatar.com\/avatar\/46ee021475d60aeff17a7e490b79dea5a5684bb392ab7fd1494027411df8ba23?s=96&d=mm&r=g","caption":"Lea Couderc"}}]}},"_links":{"self":[{"href":"https:\/\/www.iemj.org\/es\/wp-json\/wp\/v2\/posts\/73189","targetHints":{"allow":["GET"]}}],"collection":[{"href":"https:\/\/www.iemj.org\/es\/wp-json\/wp\/v2\/posts"}],"about":[{"href":"https:\/\/www.iemj.org\/es\/wp-json\/wp\/v2\/types\/post"}],"author":[{"embeddable":true,"href":"https:\/\/www.iemj.org\/es\/wp-json\/wp\/v2\/users\/1052"}],"replies":[{"embeddable":true,"href":"https:\/\/www.iemj.org\/es\/wp-json\/wp\/v2\/comments?post=73189"}],"version-history":[{"count":0,"href":"https:\/\/www.iemj.org\/es\/wp-json\/wp\/v2\/posts\/73189\/revisions"}],"wp:featuredmedia":[{"embeddable":true,"href":"https:\/\/www.iemj.org\/es\/wp-json\/wp\/v2\/media\/73190"}],"wp:attachment":[{"href":"https:\/\/www.iemj.org\/es\/wp-json\/wp\/v2\/media?parent=73189"}],"wp:term":[{"taxonomy":"category","embeddable":true,"href":"https:\/\/www.iemj.org\/es\/wp-json\/wp\/v2\/categories?post=73189"},{"taxonomy":"post_tag","embeddable":true,"href":"https:\/\/www.iemj.org\/es\/wp-json\/wp\/v2\/tags?post=73189"},{"taxonomy":"technique","embeddable":true,"href":"https:\/\/www.iemj.org\/es\/wp-json\/wp\/v2\/technique?post=73189"},{"taxonomy":"squelettes","embeddable":true,"href":"https:\/\/www.iemj.org\/es\/wp-json\/wp\/v2\/squelettes?post=73189"},{"taxonomy":"sujet","embeddable":true,"href":"https:\/\/www.iemj.org\/es\/wp-json\/wp\/v2\/sujet?post=73189"},{"taxonomy":"formation","embeddable":true,"href":"https:\/\/www.iemj.org\/es\/wp-json\/wp\/v2\/formation?post=73189"},{"taxonomy":"genre","embeddable":true,"href":"https:\/\/www.iemj.org\/es\/wp-json\/wp\/v2\/genre?post=73189"},{"taxonomy":"fonds","embeddable":true,"href":"https:\/\/www.iemj.org\/es\/wp-json\/wp\/v2\/fonds?post=73189"},{"taxonomy":"tradition","embeddable":true,"href":"https:\/\/www.iemj.org\/es\/wp-json\/wp\/v2\/tradition?post=73189"},{"taxonomy":"type-de-contenu","embeddable":true,"href":"https:\/\/www.iemj.org\/es\/wp-json\/wp\/v2\/type-de-contenu?post=73189"},{"taxonomy":"interprete-compositeur","embeddable":true,"href":"https:\/\/www.iemj.org\/es\/wp-json\/wp\/v2\/interprete-compositeur?post=73189"},{"taxonomy":"frise","embeddable":true,"href":"https:\/\/www.iemj.org\/es\/wp-json\/wp\/v2\/frise?post=73189"},{"taxonomy":"type-devenement","embeddable":true,"href":"https:\/\/www.iemj.org\/es\/wp-json\/wp\/v2\/type-devenement?post=73189"},{"taxonomy":"tableaux-liens-externes","embeddable":true,"href":"https:\/\/www.iemj.org\/es\/wp-json\/wp\/v2\/tableaux-liens-externes?post=73189"}],"curies":[{"name":"wp","href":"https:\/\/api.w.org\/{rel}","templated":true}]}}