{"id":73226,"date":"2017-07-17T16:35:01","date_gmt":"2017-07-17T14:35:01","guid":{"rendered":"https:\/\/www.iemj.org\/la-sequence-israelienne-par-avner-azoulay-2\/"},"modified":"2025-06-19T15:06:29","modified_gmt":"2025-06-19T13:06:29","slug":"la-sequence-israelienne-par-avner-azoulay-2","status":"publish","type":"post","link":"https:\/\/www.iemj.org\/es\/la-sequence-israelienne-par-avner-azoulay-2\/","title":{"rendered":"LA SECUENCIA ISRAEL\u00cd POR AVNER AZOULAY (2)"},"content":{"rendered":"<p><strong>Una nueva presentaci\u00f3n de la m\u00fasica israel\u00ed, a la vez de colores sefard\u00ed, asquenaz\u00ed y del Medio Oriente<\/strong><\/p>\n<p><!--more--><\/p>\n<p><strong>\u00bfDefinir la m\u00fasica israel\u00ed?<\/strong><\/p>\n<p>Una ensalada mixta compuesta por diferentes m\u00fasicas jud\u00edas procedentes de los cuatro rincones del mundo y acumuladas a lo largo de los siglos, mezcladas con colores sefard\u00ed, asquenaz\u00ed y de Oriente Medio&#8230;\u00a0<\/p>\n<p>Le proponemos aqu\u00ed descubrir una de las m\u00faltiples facetas de la m\u00fasica israel\u00ed, una faceta decididamente orientada hacia Oriente y con una musicalidad picante.<\/p>\n<p>Para esta segunda secuencia israel\u00ed, le sugerimos que cierre los ojos: imag\u00ednese sentado en un restaurante israel\u00ed de moda en el paseo mar\u00edtimo de Tel Aviv. Estamos sentados alrededor de un delicioso shawarma de pita en una calurosa tarde de verano. \u00a1Buen viaje musical!<\/p>\n\n\n<figure class=\"wp-block-image size-large\"><img fetchpriority=\"high\" decoding=\"async\" width=\"1024\" height=\"133\" src=\"https:\/\/www.iemj.org\/wp-content\/uploads\/2024\/03\/AUDIO-PLAYER-1024x133.png\" alt=\"\" class=\"wp-image-110610\" srcset=\"https:\/\/www.iemj.org\/wp-content\/uploads\/2024\/03\/AUDIO-PLAYER-1024x133.png 1024w, https:\/\/www.iemj.org\/wp-content\/uploads\/2024\/03\/AUDIO-PLAYER-300x39.png 300w, https:\/\/www.iemj.org\/wp-content\/uploads\/2024\/03\/AUDIO-PLAYER-768x100.png 768w, https:\/\/www.iemj.org\/wp-content\/uploads\/2024\/03\/AUDIO-PLAYER-600x78.png 600w, https:\/\/www.iemj.org\/wp-content\/uploads\/2024\/03\/AUDIO-PLAYER.png 1210w\" sizes=\"(max-width: 1024px) 100vw, 1024px\" \/><\/figure>\n\n\n\n<h2 class=\"wp-block-heading\"><\/h2>\n\n\n\n<div class=\"wp-block-file\"><a href=\"https:\/\/www.iemj.org\/wp-content\/uploads\/2017\/07\/avner_gadassi_-_halfou_yamaye.mp3\">Halfou Yamaye &#8211; Avner Gadassi<\/a><\/div>\n\n\n\n<div class=\"wp-block-file\"><a href=\"https:\/\/www.iemj.org\/wp-content\/uploads\/2017\/07\/doudou_aharon_et_sharif_-_hakol_kore_betel_aviv.mp3\">Hakol Kor\u00e9 B\u00e9Tel Aviv &#8211; Doudou Aharon &amp; Sharif <\/a><\/div>\n\n\n\n<div class=\"wp-block-file\"><a href=\"https:\/\/www.iemj.org\/wp-content\/uploads\/2017\/07\/eyal_golan_et_sarit_hadad_-_menaguenet_et_hayaye.mp3\">M\u00e9nagu\u00e9n\u00e8t&#8217; Et&#8217; Hayaye &#8211; Eyal Golan &amp; Sarit Hadad <\/a><\/div>\n\n\n\n<div class=\"wp-block-file\"><a href=\"https:\/\/www.iemj.org\/wp-content\/uploads\/2017\/07\/haim_moshe_-_ahavat_hayaye.mp3\">Ahavat&#8217; Hayaye &#8211; Haim Mosh\u00e9 <\/a><\/div>\n\n\n\n<div class=\"wp-block-file\"><a href=\"https:\/\/www.iemj.org\/wp-content\/uploads\/2017\/07\/haim_moshe_-_hakolot_shel_pireouss.mp3\">Hakolot Shel Pir\u00e9ouss &#8211; Haim Mosh\u00e9<\/a><\/div>\n\n\n\n<div class=\"wp-block-file\"><a href=\"https:\/\/www.iemj.org\/wp-content\/uploads\/2017\/07\/kobi_perets_et_ishtar_-_yahad.mp3\">Yahad &#8211; Kobi Perets &amp; Ishtar <\/a><\/div>\n\n\n\n<div class=\"wp-block-file\"><a href=\"https:\/\/www.iemj.org\/wp-content\/uploads\/2017\/07\/lior_narkis_et_doudou_aharon_-_haguigua_beisrael.mp3\">Haguigua B\u00e9Israel &#8211; Lior Narkis &amp; Doudou Aharon <\/a><\/div>\n\n\n\n<div class=\"wp-block-file\"><a href=\"https:\/\/www.iemj.org\/wp-content\/uploads\/2017\/07\/sarit_hadad_-_inta_daymane.mp3\">Inta Daymane &#8211; Sarit Hadad <\/a><\/div>\n\n\n\n<div class=\"wp-block-file\"><a href=\"https:\/\/www.iemj.org\/wp-content\/uploads\/2017\/07\/shimi_tavori_-_etmol_hayit_shona.mp3\">Etmol Hayit&#8217; Shona &#8211; Shimi Tavori<\/a><\/div>\n\n\n\n<div class=\"wp-block-file\"><a href=\"https:\/\/www.iemj.org\/wp-content\/uploads\/2017\/07\/ychai_levi_-_raaya.mp3\">Raaya &#8211; Ychai L\u00e9vi <\/a><\/div>\n\n\n\n<div class=\"wp-block-file\"><a href=\"https:\/\/www.iemj.org\/wp-content\/uploads\/2017\/07\/zehava_ben_-_esh_esh.mp3\">Esh Esh &#8211; Zehava Ben <\/a><\/div>\n\n\n\n<div class=\"wp-block-file\"><a href=\"https:\/\/www.iemj.org\/wp-content\/uploads\/2017\/07\/zohar_argov_-_haperah_begani.mp3\">Hap\u00e9rah&#8217; B\u00e9gani &#8211; Zohar Argov <\/a><\/div>\n\n\n\n<div class=\"wp-block-file\"><a href=\"https:\/\/www.iemj.org\/wp-content\/uploads\/2017\/07\/zohar_argov_-_od_yom_yavo.mp3\">Od Yom Yavo &#8211; Zohar Argov <\/a><\/div>\n","protected":false},"excerpt":{"rendered":"<p>Una nueva presentaci\u00f3n de la m\u00fasica israel\u00ed, a la vez de colores sefard\u00ed, asquenaz\u00ed y del Medio Oriente<\/p>\n","protected":false},"author":1052,"featured_media":73227,"comment_status":"closed","ping_status":"closed","sticky":false,"template":"","format":"standard","meta":{"_acf_changed":false,"footnotes":""},"categories":[1526,1535],"tags":[2086],"technique":[],"squelettes":[],"sujet":[],"formation":[],"genre":[1881],"fonds":[],"tradition":[],"type-de-contenu":[],"interprete-compositeur":[],"frise":[],"type-devenement":[],"tableaux-liens-externes":[],"class_list":["post-73226","post","type-post","status-publish","format-standard","has-post-thumbnail","hentry","category-escuchar-ver-es","category-listas-de-reproduccion-es","tag-israel-es","genre-cancion-israeli-es"],"acf":[],"yoast_head":"<!-- This site is optimized with the Yoast SEO plugin v27.3 - https:\/\/yoast.com\/product\/yoast-seo-wordpress\/ -->\n<title>LA SECUENCIA ISRAEL\u00cd POR AVNER AZOULAY (2) - Institut Europ\u00e9en des Musiques Juives<\/title>\n<meta name=\"robots\" content=\"index, follow, max-snippet:-1, max-image-preview:large, max-video-preview:-1\" \/>\n<link rel=\"canonical\" href=\"https:\/\/www.iemj.org\/es\/la-sequence-israelienne-par-avner-azoulay-2\/\" \/>\n<meta property=\"og:locale\" content=\"es_ES\" \/>\n<meta property=\"og:type\" content=\"article\" \/>\n<meta property=\"og:title\" content=\"LA SECUENCIA ISRAEL\u00cd POR AVNER AZOULAY (2) - Institut Europ\u00e9en des Musiques Juives\" \/>\n<meta property=\"og:description\" content=\"Una nueva presentaci\u00f3n de la m\u00fasica israel\u00ed, a la vez de colores sefard\u00ed, asquenaz\u00ed y del Medio Oriente\" \/>\n<meta property=\"og:url\" content=\"https:\/\/www.iemj.org\/es\/la-sequence-israelienne-par-avner-azoulay-2\/\" \/>\n<meta property=\"og:site_name\" content=\"Institut Europ\u00e9en des Musiques Juives\" \/>\n<meta property=\"article:publisher\" content=\"https:\/\/www.facebook.com\/MusiquesJuives\/\" \/>\n<meta property=\"article:published_time\" content=\"2017-07-17T14:35:01+00:00\" \/>\n<meta property=\"article:modified_time\" content=\"2025-06-19T13:06:29+00:00\" \/>\n<meta property=\"og:image\" content=\"https:\/\/www.iemj.org\/wp-content\/uploads\/2017\/07\/arton2406.jpg\" \/>\n\t<meta property=\"og:image:width\" content=\"276\" \/>\n\t<meta property=\"og:image:height\" content=\"277\" \/>\n\t<meta property=\"og:image:type\" content=\"image\/jpeg\" \/>\n<meta name=\"author\" content=\"Lea Couderc\" \/>\n<meta name=\"twitter:card\" content=\"summary_large_image\" \/>\n<meta name=\"twitter:label1\" content=\"Escrito por\" \/>\n\t<meta name=\"twitter:data1\" content=\"Lea Couderc\" \/>\n\t<meta name=\"twitter:label2\" content=\"Tiempo de lectura\" \/>\n\t<meta name=\"twitter:data2\" content=\"2 minutos\" \/>\n<script type=\"application\/ld+json\" class=\"yoast-schema-graph\">{\"@context\":\"https:\\\/\\\/schema.org\",\"@graph\":[{\"@type\":\"Article\",\"@id\":\"https:\\\/\\\/www.iemj.org\\\/es\\\/la-sequence-israelienne-par-avner-azoulay-2\\\/#article\",\"isPartOf\":{\"@id\":\"https:\\\/\\\/www.iemj.org\\\/es\\\/la-sequence-israelienne-par-avner-azoulay-2\\\/\"},\"author\":{\"name\":\"Lea Couderc\",\"@id\":\"https:\\\/\\\/www.iemj.org\\\/es\\\/#\\\/schema\\\/person\\\/e2ad57f2c4be119c7ed8ab79036807a9\"},\"headline\":\"LA SECUENCIA ISRAEL\u00cd POR AVNER AZOULAY (2)\",\"datePublished\":\"2017-07-17T14:35:01+00:00\",\"dateModified\":\"2025-06-19T13:06:29+00:00\",\"mainEntityOfPage\":{\"@id\":\"https:\\\/\\\/www.iemj.org\\\/es\\\/la-sequence-israelienne-par-avner-azoulay-2\\\/\"},\"wordCount\":225,\"publisher\":{\"@id\":\"https:\\\/\\\/www.iemj.org\\\/es\\\/#organization\"},\"image\":{\"@id\":\"https:\\\/\\\/www.iemj.org\\\/es\\\/la-sequence-israelienne-par-avner-azoulay-2\\\/#primaryimage\"},\"thumbnailUrl\":\"https:\\\/\\\/www.iemj.org\\\/wp-content\\\/uploads\\\/2017\\\/07\\\/arton2406.jpg\",\"keywords\":[\"Israel\"],\"articleSection\":[\"Escuchar \\\/ Ver\",\"Listas de reproducci\u00f3n\"],\"inLanguage\":\"es\"},{\"@type\":\"WebPage\",\"@id\":\"https:\\\/\\\/www.iemj.org\\\/es\\\/la-sequence-israelienne-par-avner-azoulay-2\\\/\",\"url\":\"https:\\\/\\\/www.iemj.org\\\/es\\\/la-sequence-israelienne-par-avner-azoulay-2\\\/\",\"name\":\"LA SECUENCIA ISRAEL\u00cd POR AVNER AZOULAY (2) - Institut Europ\u00e9en des Musiques Juives\",\"isPartOf\":{\"@id\":\"https:\\\/\\\/www.iemj.org\\\/es\\\/#website\"},\"primaryImageOfPage\":{\"@id\":\"https:\\\/\\\/www.iemj.org\\\/es\\\/la-sequence-israelienne-par-avner-azoulay-2\\\/#primaryimage\"},\"image\":{\"@id\":\"https:\\\/\\\/www.iemj.org\\\/es\\\/la-sequence-israelienne-par-avner-azoulay-2\\\/#primaryimage\"},\"thumbnailUrl\":\"https:\\\/\\\/www.iemj.org\\\/wp-content\\\/uploads\\\/2017\\\/07\\\/arton2406.jpg\",\"datePublished\":\"2017-07-17T14:35:01+00:00\",\"dateModified\":\"2025-06-19T13:06:29+00:00\",\"breadcrumb\":{\"@id\":\"https:\\\/\\\/www.iemj.org\\\/es\\\/la-sequence-israelienne-par-avner-azoulay-2\\\/#breadcrumb\"},\"inLanguage\":\"es\",\"potentialAction\":[{\"@type\":\"ReadAction\",\"target\":[\"https:\\\/\\\/www.iemj.org\\\/es\\\/la-sequence-israelienne-par-avner-azoulay-2\\\/\"]}]},{\"@type\":\"ImageObject\",\"inLanguage\":\"es\",\"@id\":\"https:\\\/\\\/www.iemj.org\\\/es\\\/la-sequence-israelienne-par-avner-azoulay-2\\\/#primaryimage\",\"url\":\"https:\\\/\\\/www.iemj.org\\\/wp-content\\\/uploads\\\/2017\\\/07\\\/arton2406.jpg\",\"contentUrl\":\"https:\\\/\\\/www.iemj.org\\\/wp-content\\\/uploads\\\/2017\\\/07\\\/arton2406.jpg\",\"width\":276,\"height\":277},{\"@type\":\"BreadcrumbList\",\"@id\":\"https:\\\/\\\/www.iemj.org\\\/es\\\/la-sequence-israelienne-par-avner-azoulay-2\\\/#breadcrumb\",\"itemListElement\":[{\"@type\":\"ListItem\",\"position\":1,\"name\":\"Accueil\",\"item\":\"https:\\\/\\\/www.iemj.org\\\/es\\\/\"},{\"@type\":\"ListItem\",\"position\":2,\"name\":\"LA SECUENCIA ISRAEL\u00cd POR AVNER AZOULAY (2)\"}]},{\"@type\":\"WebSite\",\"@id\":\"https:\\\/\\\/www.iemj.org\\\/es\\\/#website\",\"url\":\"https:\\\/\\\/www.iemj.org\\\/es\\\/\",\"name\":\"Institut Europ\u00e9en des Musiques Juives\",\"description\":\"Des traditions musicales \u00e0 la port\u00e9e de tous\",\"publisher\":{\"@id\":\"https:\\\/\\\/www.iemj.org\\\/es\\\/#organization\"},\"potentialAction\":[{\"@type\":\"SearchAction\",\"target\":{\"@type\":\"EntryPoint\",\"urlTemplate\":\"https:\\\/\\\/www.iemj.org\\\/es\\\/?s={search_term_string}\"},\"query-input\":{\"@type\":\"PropertyValueSpecification\",\"valueRequired\":true,\"valueName\":\"search_term_string\"}}],\"inLanguage\":\"es\"},{\"@type\":\"Organization\",\"@id\":\"https:\\\/\\\/www.iemj.org\\\/es\\\/#organization\",\"name\":\"Institut Europ\u00e9en des Musiques Juives\",\"url\":\"https:\\\/\\\/www.iemj.org\\\/es\\\/\",\"logo\":{\"@type\":\"ImageObject\",\"inLanguage\":\"es\",\"@id\":\"https:\\\/\\\/www.iemj.org\\\/es\\\/#\\\/schema\\\/logo\\\/image\\\/\",\"url\":\"https:\\\/\\\/www.iemj.org\\\/wp-content\\\/uploads\\\/2021\\\/09\\\/Logo-IEMJ-Paypal.jpg\",\"contentUrl\":\"https:\\\/\\\/www.iemj.org\\\/wp-content\\\/uploads\\\/2021\\\/09\\\/Logo-IEMJ-Paypal.jpg\",\"width\":150,\"height\":50,\"caption\":\"Institut Europ\u00e9en des Musiques Juives\"},\"image\":{\"@id\":\"https:\\\/\\\/www.iemj.org\\\/es\\\/#\\\/schema\\\/logo\\\/image\\\/\"},\"sameAs\":[\"https:\\\/\\\/www.facebook.com\\\/MusiquesJuives\\\/\",\"https:\\\/\\\/www.instagram.com\\\/musiquesjuives\\\/\",\"https:\\\/\\\/www.youtube.com\\\/user\\\/musiquesjuives\"]},{\"@type\":\"Person\",\"@id\":\"https:\\\/\\\/www.iemj.org\\\/es\\\/#\\\/schema\\\/person\\\/e2ad57f2c4be119c7ed8ab79036807a9\",\"name\":\"Lea Couderc\",\"image\":{\"@type\":\"ImageObject\",\"inLanguage\":\"es\",\"@id\":\"https:\\\/\\\/secure.gravatar.com\\\/avatar\\\/46ee021475d60aeff17a7e490b79dea5a5684bb392ab7fd1494027411df8ba23?s=96&d=mm&r=g\",\"url\":\"https:\\\/\\\/secure.gravatar.com\\\/avatar\\\/46ee021475d60aeff17a7e490b79dea5a5684bb392ab7fd1494027411df8ba23?s=96&d=mm&r=g\",\"contentUrl\":\"https:\\\/\\\/secure.gravatar.com\\\/avatar\\\/46ee021475d60aeff17a7e490b79dea5a5684bb392ab7fd1494027411df8ba23?s=96&d=mm&r=g\",\"caption\":\"Lea Couderc\"}}]}<\/script>\n<!-- \/ Yoast SEO plugin. -->","yoast_head_json":{"title":"LA SECUENCIA ISRAEL\u00cd POR AVNER AZOULAY (2) - Institut Europ\u00e9en des Musiques Juives","robots":{"index":"index","follow":"follow","max-snippet":"max-snippet:-1","max-image-preview":"max-image-preview:large","max-video-preview":"max-video-preview:-1"},"canonical":"https:\/\/www.iemj.org\/es\/la-sequence-israelienne-par-avner-azoulay-2\/","og_locale":"es_ES","og_type":"article","og_title":"LA SECUENCIA ISRAEL\u00cd POR AVNER AZOULAY (2) - Institut Europ\u00e9en des Musiques Juives","og_description":"Una nueva presentaci\u00f3n de la m\u00fasica israel\u00ed, a la vez de colores sefard\u00ed, asquenaz\u00ed y del Medio Oriente","og_url":"https:\/\/www.iemj.org\/es\/la-sequence-israelienne-par-avner-azoulay-2\/","og_site_name":"Institut Europ\u00e9en des Musiques Juives","article_publisher":"https:\/\/www.facebook.com\/MusiquesJuives\/","article_published_time":"2017-07-17T14:35:01+00:00","article_modified_time":"2025-06-19T13:06:29+00:00","og_image":[{"width":276,"height":277,"url":"https:\/\/www.iemj.org\/wp-content\/uploads\/2017\/07\/arton2406.jpg","type":"image\/jpeg"}],"author":"Lea Couderc","twitter_card":"summary_large_image","twitter_misc":{"Escrito por":"Lea Couderc","Tiempo de lectura":"2 minutos"},"schema":{"@context":"https:\/\/schema.org","@graph":[{"@type":"Article","@id":"https:\/\/www.iemj.org\/es\/la-sequence-israelienne-par-avner-azoulay-2\/#article","isPartOf":{"@id":"https:\/\/www.iemj.org\/es\/la-sequence-israelienne-par-avner-azoulay-2\/"},"author":{"name":"Lea Couderc","@id":"https:\/\/www.iemj.org\/es\/#\/schema\/person\/e2ad57f2c4be119c7ed8ab79036807a9"},"headline":"LA SECUENCIA ISRAEL\u00cd POR AVNER AZOULAY (2)","datePublished":"2017-07-17T14:35:01+00:00","dateModified":"2025-06-19T13:06:29+00:00","mainEntityOfPage":{"@id":"https:\/\/www.iemj.org\/es\/la-sequence-israelienne-par-avner-azoulay-2\/"},"wordCount":225,"publisher":{"@id":"https:\/\/www.iemj.org\/es\/#organization"},"image":{"@id":"https:\/\/www.iemj.org\/es\/la-sequence-israelienne-par-avner-azoulay-2\/#primaryimage"},"thumbnailUrl":"https:\/\/www.iemj.org\/wp-content\/uploads\/2017\/07\/arton2406.jpg","keywords":["Israel"],"articleSection":["Escuchar \/ Ver","Listas de reproducci\u00f3n"],"inLanguage":"es"},{"@type":"WebPage","@id":"https:\/\/www.iemj.org\/es\/la-sequence-israelienne-par-avner-azoulay-2\/","url":"https:\/\/www.iemj.org\/es\/la-sequence-israelienne-par-avner-azoulay-2\/","name":"LA SECUENCIA ISRAEL\u00cd POR AVNER AZOULAY (2) - Institut Europ\u00e9en des Musiques Juives","isPartOf":{"@id":"https:\/\/www.iemj.org\/es\/#website"},"primaryImageOfPage":{"@id":"https:\/\/www.iemj.org\/es\/la-sequence-israelienne-par-avner-azoulay-2\/#primaryimage"},"image":{"@id":"https:\/\/www.iemj.org\/es\/la-sequence-israelienne-par-avner-azoulay-2\/#primaryimage"},"thumbnailUrl":"https:\/\/www.iemj.org\/wp-content\/uploads\/2017\/07\/arton2406.jpg","datePublished":"2017-07-17T14:35:01+00:00","dateModified":"2025-06-19T13:06:29+00:00","breadcrumb":{"@id":"https:\/\/www.iemj.org\/es\/la-sequence-israelienne-par-avner-azoulay-2\/#breadcrumb"},"inLanguage":"es","potentialAction":[{"@type":"ReadAction","target":["https:\/\/www.iemj.org\/es\/la-sequence-israelienne-par-avner-azoulay-2\/"]}]},{"@type":"ImageObject","inLanguage":"es","@id":"https:\/\/www.iemj.org\/es\/la-sequence-israelienne-par-avner-azoulay-2\/#primaryimage","url":"https:\/\/www.iemj.org\/wp-content\/uploads\/2017\/07\/arton2406.jpg","contentUrl":"https:\/\/www.iemj.org\/wp-content\/uploads\/2017\/07\/arton2406.jpg","width":276,"height":277},{"@type":"BreadcrumbList","@id":"https:\/\/www.iemj.org\/es\/la-sequence-israelienne-par-avner-azoulay-2\/#breadcrumb","itemListElement":[{"@type":"ListItem","position":1,"name":"Accueil","item":"https:\/\/www.iemj.org\/es\/"},{"@type":"ListItem","position":2,"name":"LA SECUENCIA ISRAEL\u00cd POR AVNER AZOULAY (2)"}]},{"@type":"WebSite","@id":"https:\/\/www.iemj.org\/es\/#website","url":"https:\/\/www.iemj.org\/es\/","name":"Institut Europ\u00e9en des Musiques Juives","description":"Des traditions musicales \u00e0 la port\u00e9e de tous","publisher":{"@id":"https:\/\/www.iemj.org\/es\/#organization"},"potentialAction":[{"@type":"SearchAction","target":{"@type":"EntryPoint","urlTemplate":"https:\/\/www.iemj.org\/es\/?s={search_term_string}"},"query-input":{"@type":"PropertyValueSpecification","valueRequired":true,"valueName":"search_term_string"}}],"inLanguage":"es"},{"@type":"Organization","@id":"https:\/\/www.iemj.org\/es\/#organization","name":"Institut Europ\u00e9en des Musiques Juives","url":"https:\/\/www.iemj.org\/es\/","logo":{"@type":"ImageObject","inLanguage":"es","@id":"https:\/\/www.iemj.org\/es\/#\/schema\/logo\/image\/","url":"https:\/\/www.iemj.org\/wp-content\/uploads\/2021\/09\/Logo-IEMJ-Paypal.jpg","contentUrl":"https:\/\/www.iemj.org\/wp-content\/uploads\/2021\/09\/Logo-IEMJ-Paypal.jpg","width":150,"height":50,"caption":"Institut Europ\u00e9en des Musiques Juives"},"image":{"@id":"https:\/\/www.iemj.org\/es\/#\/schema\/logo\/image\/"},"sameAs":["https:\/\/www.facebook.com\/MusiquesJuives\/","https:\/\/www.instagram.com\/musiquesjuives\/","https:\/\/www.youtube.com\/user\/musiquesjuives"]},{"@type":"Person","@id":"https:\/\/www.iemj.org\/es\/#\/schema\/person\/e2ad57f2c4be119c7ed8ab79036807a9","name":"Lea Couderc","image":{"@type":"ImageObject","inLanguage":"es","@id":"https:\/\/secure.gravatar.com\/avatar\/46ee021475d60aeff17a7e490b79dea5a5684bb392ab7fd1494027411df8ba23?s=96&d=mm&r=g","url":"https:\/\/secure.gravatar.com\/avatar\/46ee021475d60aeff17a7e490b79dea5a5684bb392ab7fd1494027411df8ba23?s=96&d=mm&r=g","contentUrl":"https:\/\/secure.gravatar.com\/avatar\/46ee021475d60aeff17a7e490b79dea5a5684bb392ab7fd1494027411df8ba23?s=96&d=mm&r=g","caption":"Lea Couderc"}}]}},"_links":{"self":[{"href":"https:\/\/www.iemj.org\/es\/wp-json\/wp\/v2\/posts\/73226","targetHints":{"allow":["GET"]}}],"collection":[{"href":"https:\/\/www.iemj.org\/es\/wp-json\/wp\/v2\/posts"}],"about":[{"href":"https:\/\/www.iemj.org\/es\/wp-json\/wp\/v2\/types\/post"}],"author":[{"embeddable":true,"href":"https:\/\/www.iemj.org\/es\/wp-json\/wp\/v2\/users\/1052"}],"replies":[{"embeddable":true,"href":"https:\/\/www.iemj.org\/es\/wp-json\/wp\/v2\/comments?post=73226"}],"version-history":[{"count":0,"href":"https:\/\/www.iemj.org\/es\/wp-json\/wp\/v2\/posts\/73226\/revisions"}],"wp:featuredmedia":[{"embeddable":true,"href":"https:\/\/www.iemj.org\/es\/wp-json\/wp\/v2\/media\/73227"}],"wp:attachment":[{"href":"https:\/\/www.iemj.org\/es\/wp-json\/wp\/v2\/media?parent=73226"}],"wp:term":[{"taxonomy":"category","embeddable":true,"href":"https:\/\/www.iemj.org\/es\/wp-json\/wp\/v2\/categories?post=73226"},{"taxonomy":"post_tag","embeddable":true,"href":"https:\/\/www.iemj.org\/es\/wp-json\/wp\/v2\/tags?post=73226"},{"taxonomy":"technique","embeddable":true,"href":"https:\/\/www.iemj.org\/es\/wp-json\/wp\/v2\/technique?post=73226"},{"taxonomy":"squelettes","embeddable":true,"href":"https:\/\/www.iemj.org\/es\/wp-json\/wp\/v2\/squelettes?post=73226"},{"taxonomy":"sujet","embeddable":true,"href":"https:\/\/www.iemj.org\/es\/wp-json\/wp\/v2\/sujet?post=73226"},{"taxonomy":"formation","embeddable":true,"href":"https:\/\/www.iemj.org\/es\/wp-json\/wp\/v2\/formation?post=73226"},{"taxonomy":"genre","embeddable":true,"href":"https:\/\/www.iemj.org\/es\/wp-json\/wp\/v2\/genre?post=73226"},{"taxonomy":"fonds","embeddable":true,"href":"https:\/\/www.iemj.org\/es\/wp-json\/wp\/v2\/fonds?post=73226"},{"taxonomy":"tradition","embeddable":true,"href":"https:\/\/www.iemj.org\/es\/wp-json\/wp\/v2\/tradition?post=73226"},{"taxonomy":"type-de-contenu","embeddable":true,"href":"https:\/\/www.iemj.org\/es\/wp-json\/wp\/v2\/type-de-contenu?post=73226"},{"taxonomy":"interprete-compositeur","embeddable":true,"href":"https:\/\/www.iemj.org\/es\/wp-json\/wp\/v2\/interprete-compositeur?post=73226"},{"taxonomy":"frise","embeddable":true,"href":"https:\/\/www.iemj.org\/es\/wp-json\/wp\/v2\/frise?post=73226"},{"taxonomy":"type-devenement","embeddable":true,"href":"https:\/\/www.iemj.org\/es\/wp-json\/wp\/v2\/type-devenement?post=73226"},{"taxonomy":"tableaux-liens-externes","embeddable":true,"href":"https:\/\/www.iemj.org\/es\/wp-json\/wp\/v2\/tableaux-liens-externes?post=73226"}],"curies":[{"name":"wp","href":"https:\/\/api.w.org\/{rel}","templated":true}]}}