{"id":73234,"date":"2017-07-04T16:45:07","date_gmt":"2017-07-04T14:45:07","guid":{"rendered":"https:\/\/www.iemj.org\/playlist-speciale-helene-engel\/"},"modified":"2025-06-19T14:54:35","modified_gmt":"2025-06-19T12:54:35","slug":"playlist-speciale-helene-engel","status":"publish","type":"post","link":"https:\/\/www.iemj.org\/es\/playlist-speciale-helene-engel\/","title":{"rendered":"Lista de reproducci\u00f3n especial H\u00e9l\u00e8ne Engel"},"content":{"rendered":"<p><strong>Una selecci\u00f3n de las piezas m\u00e1s bonitas de H\u00e9l\u00e8ne Engel<\/strong><\/p>\n<p><!--more--><a href=\"https:\/\/www.iemj.org\/es\/engel-helene\/\" target=\"_blank\" rel=\"noopener\">H\u00e9l\u00e8ne Engel<\/a> ha grabado, de 1985 hasta hoy, 5 discos.<\/p>\n<p>Su primer \u00e1lbum Chansons traditionnelles juives [Canciones tradicionales jud\u00edas] (1985) es una exploraci\u00f3n de diferentes tradiciones musicales jud\u00edas.<\/p>\n<p>En su segundo \u00e1lbum, La Serena (1988), cant\u00f3 canciones de Marruecos, Turqu\u00eda, Oriente Medio y Sal\u00f3nica en judeoespa\u00f1ol.<\/p>\n<p>En 1992, public\u00f3 el \u00e1lbum Errance, De Tol\u00e8de &#8230; \u00e0 Brooklyn [Errancia, de Toledo&#8230; a Brooklyn], que hace un paralelismo entre la llegada de los inmigrantes a Estados Unidos y los procedentes de Espa\u00f1a.<\/p>\n<p>El \u00e1lbum Ay Lu Lu (1995) contiene canciones de cuna y rimas en yiddish, franc\u00e9s e ingl\u00e9s, que reflejan la nostalgia del pasado, la infancia perdida y la transmisi\u00f3n de una tradici\u00f3n de una generaci\u00f3n a otra.<\/p>\n<p>Voyage [Viaje], publicado en 2007, es una instant\u00e1nea del espect\u00e1culo \u00abVoyage\u00bb producido por H\u00e9l\u00e8ne Engel y sus m\u00fasicos durante varios a\u00f1os. Como su nombre lo indica, el oyente viaja por el mundo de la m\u00fasica jud\u00eda, sus diferentes idiomas: yiddish, hebreo, franc\u00e9s, judeoespa\u00f1ol e ingl\u00e9s, y sus diferentes pa\u00edses: Polonia, Ucrania, Marruecos, Espa\u00f1a, Francia, Rusia, Israel y Am\u00e9rica del Norte.<\/p>\n<p><a href=\"http:\/\/www.helene-engel.com\/fr\/discography\" target=\"_blank\" rel=\"noopener\">Encontrar y pedir los CDs de H\u00e9l\u00e8ne Engel<\/a><\/p>\n<p><a href=\"-&gt;http:\/\/www.helene-engel.com\/fr\/discography\"><img fetchpriority=\"high\" decoding=\"async\" class=\" aligncenter size-full wp-image-14602\" src=\"https:\/\/www.iemj.org\/wp-content\/uploads\/2017\/07\/doc_1_h_engel_500px60.jpg\" alt=\"doc_1_h_engel_500px60.jpg\" width=\"340\" height=\"217\" align=\"middle\" srcset=\"https:\/\/www.iemj.org\/wp-content\/uploads\/2017\/07\/doc_1_h_engel_500px60.jpg 340w, https:\/\/www.iemj.org\/wp-content\/uploads\/2017\/07\/doc_1_h_engel_500px60-300x191.jpg 300w\" sizes=\"(max-width: 340px) 100vw, 340px\" \/><\/a><\/p>\n\n\n<figure class=\"wp-block-image size-large\"><img decoding=\"async\" width=\"1024\" height=\"133\" src=\"https:\/\/www.iemj.org\/wp-content\/uploads\/2024\/03\/AUDIO-PLAYER-1024x133.png\" alt=\"\" class=\"wp-image-110610\" srcset=\"https:\/\/www.iemj.org\/wp-content\/uploads\/2024\/03\/AUDIO-PLAYER-1024x133.png 1024w, https:\/\/www.iemj.org\/wp-content\/uploads\/2024\/03\/AUDIO-PLAYER-300x39.png 300w, https:\/\/www.iemj.org\/wp-content\/uploads\/2024\/03\/AUDIO-PLAYER-768x100.png 768w, https:\/\/www.iemj.org\/wp-content\/uploads\/2024\/03\/AUDIO-PLAYER-600x78.png 600w, https:\/\/www.iemj.org\/wp-content\/uploads\/2024\/03\/AUDIO-PLAYER.png 1210w\" sizes=\"(max-width: 1024px) 100vw, 1024px\" \/><\/figure>\n\n\n\n<h2 class=\"wp-block-heading\"><\/h2>\n\n\n\n<div class=\"wp-block-file\"><a href=\"https:\/\/www.iemj.org\/wp-content\/uploads\/2017\/07\/cd_31_11_yo_m_enamori_d_un_aire_stereo.mp3\">Yo m\u2019enamori d\u2019un aire (Orient) &#8211; H\u00e9l\u00e8ne Engel<\/a><\/div>\n\n\n\n<div class=\"wp-block-file\"><a href=\"https:\/\/www.iemj.org\/wp-content\/uploads\/2017\/07\/cd_632_01_adonenu.mp3\">Adonenu &#8211; H\u00e9l\u00e8ne Engel<\/a><\/div>\n\n\n\n<div class=\"wp-block-file\"><a href=\"https:\/\/www.iemj.org\/wp-content\/uploads\/2017\/07\/cd_632_05_van_y_vienen_havadizes.mp3\">Van y vienen havadizes &#8211; H\u00e9l\u00e8ne Engel<\/a><\/div>\n\n\n\n<div class=\"wp-block-file\"><a href=\"https:\/\/www.iemj.org\/wp-content\/uploads\/2017\/07\/cd_632_07_en_la_eskola_de_la_alianza.mp3\">En la eskola de la alianza &#8211; H\u00e9l\u00e8ne Engel<\/a><\/div>\n\n\n\n<div class=\"wp-block-file\"><a href=\"https:\/\/www.iemj.org\/wp-content\/uploads\/2017\/07\/cd_632_11_zog_maran.mp3\">Zog Maran &#8211; H\u00e9l\u00e8ne Engel<\/a><\/div>\n\n\n\n<div class=\"wp-block-file\"><a href=\"https:\/\/www.iemj.org\/wp-content\/uploads\/2017\/07\/cd_632_12_eyn_zack.mp3\">Eyn Zack &#8211; H\u00e9l\u00e8ne Engel<\/a><\/div>\n\n\n\n<div class=\"wp-block-file\"><a href=\"https:\/\/www.iemj.org\/wp-content\/uploads\/2017\/07\/cd_633_03_le_petit_juif.mp3\">Le petit juif &#8211; H\u00e9l\u00e8ne Engel<\/a><\/div>\n\n\n\n<div class=\"wp-block-file\"><a href=\"https:\/\/www.iemj.org\/wp-content\/uploads\/2017\/07\/cd_633_17_nigun_d_helene.mp3\">Nigun d&#8217;H\u00e9l\u00e8ne &#8211; H\u00e9l\u00e8ne Engel<\/a><\/div>\n\n\n\n<div class=\"wp-block-file\"><a href=\"https:\/\/www.iemj.org\/wp-content\/uploads\/2017\/07\/cd_634_13_le_grand_cerf.mp3\">Le grand cerf &#8211; H\u00e9l\u00e8ne Engel<\/a><\/div>\n\n\n\n<div class=\"wp-block-file\"><a href=\"https:\/\/www.iemj.org\/wp-content\/uploads\/2017\/07\/cd_634_24_rozhinkes_mit_mandlen.mp3\">Rozhinkes mit mandlen &#8211; H\u00e9l\u00e8ne Engel<\/a><\/div>\n\n\n\n<div class=\"wp-block-file\"><a href=\"https:\/\/www.iemj.org\/wp-content\/uploads\/2017\/07\/cd_850_14_der_filozof.mp3\">Der filozof- H\u00e9l\u00e8ne Engel<\/a><\/div>\n\n\n\n<div class=\"wp-block-file\"><a href=\"https:\/\/www.iemj.org\/wp-content\/uploads\/2017\/07\/d33-30_1158_01_hungerik_dein_ketzele.mp3\">Hungerik dein Ketzele &#8211; H\u00e9l\u00e8ne Engel<\/a><\/div>\n\n\n\n<div class=\"wp-block-file\"><a href=\"https:\/\/www.iemj.org\/wp-content\/uploads\/2017\/07\/d33-30_1158_03_beer_bassadeh.mp3\">Beer bassadeh &#8211; H\u00e9l\u00e8ne Engel<\/a><\/div>\n\n\n\n<div class=\"wp-block-file\"><a href=\"https:\/\/www.iemj.org\/wp-content\/uploads\/2017\/07\/cd_31_09.mp3\">Adio querida &#8211; H\u00e9l\u00e8ne Engel<\/a><\/div>\n","protected":false},"excerpt":{"rendered":"<p>Una selecci\u00f3n de las piezas m\u00e1s bonitas de H\u00e9l\u00e8ne Engel<\/p>\n","protected":false},"author":1052,"featured_media":73235,"comment_status":"closed","ping_status":"closed","sticky":false,"template":"","format":"standard","meta":{"_acf_changed":false,"footnotes":""},"categories":[1535],"tags":[],"technique":[],"squelettes":[],"sujet":[],"formation":[],"genre":[1889,1863],"fonds":[],"tradition":[],"type-de-contenu":[],"interprete-compositeur":[],"frise":[],"type-devenement":[],"tableaux-liens-externes":[],"class_list":["post-73234","post","type-post","status-publish","format-standard","has-post-thumbnail","hentry","category-listas-de-reproduccion-es","genre-judeo-espanol-es","genre-yiddish-es"],"acf":[],"yoast_head":"<!-- This site is optimized with the Yoast SEO plugin v27.3 - https:\/\/yoast.com\/product\/yoast-seo-wordpress\/ -->\n<title>Lista de reproducci\u00f3n especial H\u00e9l\u00e8ne Engel - Institut Europ\u00e9en des Musiques Juives<\/title>\n<meta name=\"robots\" content=\"index, follow, max-snippet:-1, max-image-preview:large, max-video-preview:-1\" \/>\n<link rel=\"canonical\" href=\"https:\/\/www.iemj.org\/es\/playlist-speciale-helene-engel\/\" \/>\n<meta property=\"og:locale\" content=\"es_ES\" \/>\n<meta property=\"og:type\" content=\"article\" \/>\n<meta property=\"og:title\" content=\"Lista de reproducci\u00f3n especial H\u00e9l\u00e8ne Engel - Institut Europ\u00e9en des Musiques Juives\" \/>\n<meta property=\"og:description\" content=\"Una selecci\u00f3n de las piezas m\u00e1s bonitas de H\u00e9l\u00e8ne Engel\" \/>\n<meta property=\"og:url\" content=\"https:\/\/www.iemj.org\/es\/playlist-speciale-helene-engel\/\" \/>\n<meta property=\"og:site_name\" content=\"Institut Europ\u00e9en des Musiques Juives\" \/>\n<meta property=\"article:publisher\" content=\"https:\/\/www.facebook.com\/MusiquesJuives\/\" \/>\n<meta property=\"article:published_time\" content=\"2017-07-04T14:45:07+00:00\" \/>\n<meta property=\"article:modified_time\" content=\"2025-06-19T12:54:35+00:00\" \/>\n<meta property=\"og:image\" content=\"https:\/\/www.iemj.org\/wp-content\/uploads\/2017\/07\/arton2387.jpg\" \/>\n\t<meta property=\"og:image:width\" content=\"500\" \/>\n\t<meta property=\"og:image:height\" content=\"474\" \/>\n\t<meta property=\"og:image:type\" content=\"image\/jpeg\" \/>\n<meta name=\"author\" content=\"Lea Couderc\" \/>\n<meta name=\"twitter:card\" content=\"summary_large_image\" \/>\n<meta name=\"twitter:label1\" content=\"Escrito por\" \/>\n\t<meta name=\"twitter:data1\" content=\"Lea Couderc\" \/>\n\t<meta name=\"twitter:label2\" content=\"Tiempo de lectura\" \/>\n\t<meta name=\"twitter:data2\" content=\"2 minutos\" \/>\n<script type=\"application\/ld+json\" class=\"yoast-schema-graph\">{\"@context\":\"https:\\\/\\\/schema.org\",\"@graph\":[{\"@type\":\"Article\",\"@id\":\"https:\\\/\\\/www.iemj.org\\\/es\\\/playlist-speciale-helene-engel\\\/#article\",\"isPartOf\":{\"@id\":\"https:\\\/\\\/www.iemj.org\\\/es\\\/playlist-speciale-helene-engel\\\/\"},\"author\":{\"name\":\"Lea Couderc\",\"@id\":\"https:\\\/\\\/www.iemj.org\\\/es\\\/#\\\/schema\\\/person\\\/e2ad57f2c4be119c7ed8ab79036807a9\"},\"headline\":\"Lista de reproducci\u00f3n especial H\u00e9l\u00e8ne Engel\",\"datePublished\":\"2017-07-04T14:45:07+00:00\",\"dateModified\":\"2025-06-19T12:54:35+00:00\",\"mainEntityOfPage\":{\"@id\":\"https:\\\/\\\/www.iemj.org\\\/es\\\/playlist-speciale-helene-engel\\\/\"},\"wordCount\":344,\"publisher\":{\"@id\":\"https:\\\/\\\/www.iemj.org\\\/es\\\/#organization\"},\"image\":{\"@id\":\"https:\\\/\\\/www.iemj.org\\\/es\\\/playlist-speciale-helene-engel\\\/#primaryimage\"},\"thumbnailUrl\":\"https:\\\/\\\/www.iemj.org\\\/wp-content\\\/uploads\\\/2017\\\/07\\\/arton2387.jpg\",\"articleSection\":[\"Listas de reproducci\u00f3n\"],\"inLanguage\":\"es\"},{\"@type\":\"WebPage\",\"@id\":\"https:\\\/\\\/www.iemj.org\\\/es\\\/playlist-speciale-helene-engel\\\/\",\"url\":\"https:\\\/\\\/www.iemj.org\\\/es\\\/playlist-speciale-helene-engel\\\/\",\"name\":\"Lista de reproducci\u00f3n especial H\u00e9l\u00e8ne Engel - Institut Europ\u00e9en des Musiques Juives\",\"isPartOf\":{\"@id\":\"https:\\\/\\\/www.iemj.org\\\/es\\\/#website\"},\"primaryImageOfPage\":{\"@id\":\"https:\\\/\\\/www.iemj.org\\\/es\\\/playlist-speciale-helene-engel\\\/#primaryimage\"},\"image\":{\"@id\":\"https:\\\/\\\/www.iemj.org\\\/es\\\/playlist-speciale-helene-engel\\\/#primaryimage\"},\"thumbnailUrl\":\"https:\\\/\\\/www.iemj.org\\\/wp-content\\\/uploads\\\/2017\\\/07\\\/arton2387.jpg\",\"datePublished\":\"2017-07-04T14:45:07+00:00\",\"dateModified\":\"2025-06-19T12:54:35+00:00\",\"breadcrumb\":{\"@id\":\"https:\\\/\\\/www.iemj.org\\\/es\\\/playlist-speciale-helene-engel\\\/#breadcrumb\"},\"inLanguage\":\"es\",\"potentialAction\":[{\"@type\":\"ReadAction\",\"target\":[\"https:\\\/\\\/www.iemj.org\\\/es\\\/playlist-speciale-helene-engel\\\/\"]}]},{\"@type\":\"ImageObject\",\"inLanguage\":\"es\",\"@id\":\"https:\\\/\\\/www.iemj.org\\\/es\\\/playlist-speciale-helene-engel\\\/#primaryimage\",\"url\":\"https:\\\/\\\/www.iemj.org\\\/wp-content\\\/uploads\\\/2017\\\/07\\\/arton2387.jpg\",\"contentUrl\":\"https:\\\/\\\/www.iemj.org\\\/wp-content\\\/uploads\\\/2017\\\/07\\\/arton2387.jpg\",\"width\":500,\"height\":474},{\"@type\":\"BreadcrumbList\",\"@id\":\"https:\\\/\\\/www.iemj.org\\\/es\\\/playlist-speciale-helene-engel\\\/#breadcrumb\",\"itemListElement\":[{\"@type\":\"ListItem\",\"position\":1,\"name\":\"Accueil\",\"item\":\"https:\\\/\\\/www.iemj.org\\\/es\\\/\"},{\"@type\":\"ListItem\",\"position\":2,\"name\":\"Lista de reproducci\u00f3n especial H\u00e9l\u00e8ne Engel\"}]},{\"@type\":\"WebSite\",\"@id\":\"https:\\\/\\\/www.iemj.org\\\/es\\\/#website\",\"url\":\"https:\\\/\\\/www.iemj.org\\\/es\\\/\",\"name\":\"Institut Europ\u00e9en des Musiques Juives\",\"description\":\"Des traditions musicales \u00e0 la port\u00e9e de tous\",\"publisher\":{\"@id\":\"https:\\\/\\\/www.iemj.org\\\/es\\\/#organization\"},\"potentialAction\":[{\"@type\":\"SearchAction\",\"target\":{\"@type\":\"EntryPoint\",\"urlTemplate\":\"https:\\\/\\\/www.iemj.org\\\/es\\\/?s={search_term_string}\"},\"query-input\":{\"@type\":\"PropertyValueSpecification\",\"valueRequired\":true,\"valueName\":\"search_term_string\"}}],\"inLanguage\":\"es\"},{\"@type\":\"Organization\",\"@id\":\"https:\\\/\\\/www.iemj.org\\\/es\\\/#organization\",\"name\":\"Institut Europ\u00e9en des Musiques Juives\",\"url\":\"https:\\\/\\\/www.iemj.org\\\/es\\\/\",\"logo\":{\"@type\":\"ImageObject\",\"inLanguage\":\"es\",\"@id\":\"https:\\\/\\\/www.iemj.org\\\/es\\\/#\\\/schema\\\/logo\\\/image\\\/\",\"url\":\"https:\\\/\\\/www.iemj.org\\\/wp-content\\\/uploads\\\/2021\\\/09\\\/Logo-IEMJ-Paypal.jpg\",\"contentUrl\":\"https:\\\/\\\/www.iemj.org\\\/wp-content\\\/uploads\\\/2021\\\/09\\\/Logo-IEMJ-Paypal.jpg\",\"width\":150,\"height\":50,\"caption\":\"Institut Europ\u00e9en des Musiques Juives\"},\"image\":{\"@id\":\"https:\\\/\\\/www.iemj.org\\\/es\\\/#\\\/schema\\\/logo\\\/image\\\/\"},\"sameAs\":[\"https:\\\/\\\/www.facebook.com\\\/MusiquesJuives\\\/\",\"https:\\\/\\\/www.instagram.com\\\/musiquesjuives\\\/\",\"https:\\\/\\\/www.youtube.com\\\/user\\\/musiquesjuives\"]},{\"@type\":\"Person\",\"@id\":\"https:\\\/\\\/www.iemj.org\\\/es\\\/#\\\/schema\\\/person\\\/e2ad57f2c4be119c7ed8ab79036807a9\",\"name\":\"Lea Couderc\",\"image\":{\"@type\":\"ImageObject\",\"inLanguage\":\"es\",\"@id\":\"https:\\\/\\\/secure.gravatar.com\\\/avatar\\\/46ee021475d60aeff17a7e490b79dea5a5684bb392ab7fd1494027411df8ba23?s=96&d=mm&r=g\",\"url\":\"https:\\\/\\\/secure.gravatar.com\\\/avatar\\\/46ee021475d60aeff17a7e490b79dea5a5684bb392ab7fd1494027411df8ba23?s=96&d=mm&r=g\",\"contentUrl\":\"https:\\\/\\\/secure.gravatar.com\\\/avatar\\\/46ee021475d60aeff17a7e490b79dea5a5684bb392ab7fd1494027411df8ba23?s=96&d=mm&r=g\",\"caption\":\"Lea Couderc\"}}]}<\/script>\n<!-- \/ Yoast SEO plugin. -->","yoast_head_json":{"title":"Lista de reproducci\u00f3n especial H\u00e9l\u00e8ne Engel - Institut Europ\u00e9en des Musiques Juives","robots":{"index":"index","follow":"follow","max-snippet":"max-snippet:-1","max-image-preview":"max-image-preview:large","max-video-preview":"max-video-preview:-1"},"canonical":"https:\/\/www.iemj.org\/es\/playlist-speciale-helene-engel\/","og_locale":"es_ES","og_type":"article","og_title":"Lista de reproducci\u00f3n especial H\u00e9l\u00e8ne Engel - Institut Europ\u00e9en des Musiques Juives","og_description":"Una selecci\u00f3n de las piezas m\u00e1s bonitas de H\u00e9l\u00e8ne Engel","og_url":"https:\/\/www.iemj.org\/es\/playlist-speciale-helene-engel\/","og_site_name":"Institut Europ\u00e9en des Musiques Juives","article_publisher":"https:\/\/www.facebook.com\/MusiquesJuives\/","article_published_time":"2017-07-04T14:45:07+00:00","article_modified_time":"2025-06-19T12:54:35+00:00","og_image":[{"width":500,"height":474,"url":"https:\/\/www.iemj.org\/wp-content\/uploads\/2017\/07\/arton2387.jpg","type":"image\/jpeg"}],"author":"Lea Couderc","twitter_card":"summary_large_image","twitter_misc":{"Escrito por":"Lea Couderc","Tiempo de lectura":"2 minutos"},"schema":{"@context":"https:\/\/schema.org","@graph":[{"@type":"Article","@id":"https:\/\/www.iemj.org\/es\/playlist-speciale-helene-engel\/#article","isPartOf":{"@id":"https:\/\/www.iemj.org\/es\/playlist-speciale-helene-engel\/"},"author":{"name":"Lea Couderc","@id":"https:\/\/www.iemj.org\/es\/#\/schema\/person\/e2ad57f2c4be119c7ed8ab79036807a9"},"headline":"Lista de reproducci\u00f3n especial H\u00e9l\u00e8ne Engel","datePublished":"2017-07-04T14:45:07+00:00","dateModified":"2025-06-19T12:54:35+00:00","mainEntityOfPage":{"@id":"https:\/\/www.iemj.org\/es\/playlist-speciale-helene-engel\/"},"wordCount":344,"publisher":{"@id":"https:\/\/www.iemj.org\/es\/#organization"},"image":{"@id":"https:\/\/www.iemj.org\/es\/playlist-speciale-helene-engel\/#primaryimage"},"thumbnailUrl":"https:\/\/www.iemj.org\/wp-content\/uploads\/2017\/07\/arton2387.jpg","articleSection":["Listas de reproducci\u00f3n"],"inLanguage":"es"},{"@type":"WebPage","@id":"https:\/\/www.iemj.org\/es\/playlist-speciale-helene-engel\/","url":"https:\/\/www.iemj.org\/es\/playlist-speciale-helene-engel\/","name":"Lista de reproducci\u00f3n especial H\u00e9l\u00e8ne Engel - Institut Europ\u00e9en des Musiques Juives","isPartOf":{"@id":"https:\/\/www.iemj.org\/es\/#website"},"primaryImageOfPage":{"@id":"https:\/\/www.iemj.org\/es\/playlist-speciale-helene-engel\/#primaryimage"},"image":{"@id":"https:\/\/www.iemj.org\/es\/playlist-speciale-helene-engel\/#primaryimage"},"thumbnailUrl":"https:\/\/www.iemj.org\/wp-content\/uploads\/2017\/07\/arton2387.jpg","datePublished":"2017-07-04T14:45:07+00:00","dateModified":"2025-06-19T12:54:35+00:00","breadcrumb":{"@id":"https:\/\/www.iemj.org\/es\/playlist-speciale-helene-engel\/#breadcrumb"},"inLanguage":"es","potentialAction":[{"@type":"ReadAction","target":["https:\/\/www.iemj.org\/es\/playlist-speciale-helene-engel\/"]}]},{"@type":"ImageObject","inLanguage":"es","@id":"https:\/\/www.iemj.org\/es\/playlist-speciale-helene-engel\/#primaryimage","url":"https:\/\/www.iemj.org\/wp-content\/uploads\/2017\/07\/arton2387.jpg","contentUrl":"https:\/\/www.iemj.org\/wp-content\/uploads\/2017\/07\/arton2387.jpg","width":500,"height":474},{"@type":"BreadcrumbList","@id":"https:\/\/www.iemj.org\/es\/playlist-speciale-helene-engel\/#breadcrumb","itemListElement":[{"@type":"ListItem","position":1,"name":"Accueil","item":"https:\/\/www.iemj.org\/es\/"},{"@type":"ListItem","position":2,"name":"Lista de reproducci\u00f3n especial H\u00e9l\u00e8ne Engel"}]},{"@type":"WebSite","@id":"https:\/\/www.iemj.org\/es\/#website","url":"https:\/\/www.iemj.org\/es\/","name":"Institut Europ\u00e9en des Musiques Juives","description":"Des traditions musicales \u00e0 la port\u00e9e de tous","publisher":{"@id":"https:\/\/www.iemj.org\/es\/#organization"},"potentialAction":[{"@type":"SearchAction","target":{"@type":"EntryPoint","urlTemplate":"https:\/\/www.iemj.org\/es\/?s={search_term_string}"},"query-input":{"@type":"PropertyValueSpecification","valueRequired":true,"valueName":"search_term_string"}}],"inLanguage":"es"},{"@type":"Organization","@id":"https:\/\/www.iemj.org\/es\/#organization","name":"Institut Europ\u00e9en des Musiques Juives","url":"https:\/\/www.iemj.org\/es\/","logo":{"@type":"ImageObject","inLanguage":"es","@id":"https:\/\/www.iemj.org\/es\/#\/schema\/logo\/image\/","url":"https:\/\/www.iemj.org\/wp-content\/uploads\/2021\/09\/Logo-IEMJ-Paypal.jpg","contentUrl":"https:\/\/www.iemj.org\/wp-content\/uploads\/2021\/09\/Logo-IEMJ-Paypal.jpg","width":150,"height":50,"caption":"Institut Europ\u00e9en des Musiques Juives"},"image":{"@id":"https:\/\/www.iemj.org\/es\/#\/schema\/logo\/image\/"},"sameAs":["https:\/\/www.facebook.com\/MusiquesJuives\/","https:\/\/www.instagram.com\/musiquesjuives\/","https:\/\/www.youtube.com\/user\/musiquesjuives"]},{"@type":"Person","@id":"https:\/\/www.iemj.org\/es\/#\/schema\/person\/e2ad57f2c4be119c7ed8ab79036807a9","name":"Lea Couderc","image":{"@type":"ImageObject","inLanguage":"es","@id":"https:\/\/secure.gravatar.com\/avatar\/46ee021475d60aeff17a7e490b79dea5a5684bb392ab7fd1494027411df8ba23?s=96&d=mm&r=g","url":"https:\/\/secure.gravatar.com\/avatar\/46ee021475d60aeff17a7e490b79dea5a5684bb392ab7fd1494027411df8ba23?s=96&d=mm&r=g","contentUrl":"https:\/\/secure.gravatar.com\/avatar\/46ee021475d60aeff17a7e490b79dea5a5684bb392ab7fd1494027411df8ba23?s=96&d=mm&r=g","caption":"Lea Couderc"}}]}},"_links":{"self":[{"href":"https:\/\/www.iemj.org\/es\/wp-json\/wp\/v2\/posts\/73234","targetHints":{"allow":["GET"]}}],"collection":[{"href":"https:\/\/www.iemj.org\/es\/wp-json\/wp\/v2\/posts"}],"about":[{"href":"https:\/\/www.iemj.org\/es\/wp-json\/wp\/v2\/types\/post"}],"author":[{"embeddable":true,"href":"https:\/\/www.iemj.org\/es\/wp-json\/wp\/v2\/users\/1052"}],"replies":[{"embeddable":true,"href":"https:\/\/www.iemj.org\/es\/wp-json\/wp\/v2\/comments?post=73234"}],"version-history":[{"count":0,"href":"https:\/\/www.iemj.org\/es\/wp-json\/wp\/v2\/posts\/73234\/revisions"}],"wp:featuredmedia":[{"embeddable":true,"href":"https:\/\/www.iemj.org\/es\/wp-json\/wp\/v2\/media\/73235"}],"wp:attachment":[{"href":"https:\/\/www.iemj.org\/es\/wp-json\/wp\/v2\/media?parent=73234"}],"wp:term":[{"taxonomy":"category","embeddable":true,"href":"https:\/\/www.iemj.org\/es\/wp-json\/wp\/v2\/categories?post=73234"},{"taxonomy":"post_tag","embeddable":true,"href":"https:\/\/www.iemj.org\/es\/wp-json\/wp\/v2\/tags?post=73234"},{"taxonomy":"technique","embeddable":true,"href":"https:\/\/www.iemj.org\/es\/wp-json\/wp\/v2\/technique?post=73234"},{"taxonomy":"squelettes","embeddable":true,"href":"https:\/\/www.iemj.org\/es\/wp-json\/wp\/v2\/squelettes?post=73234"},{"taxonomy":"sujet","embeddable":true,"href":"https:\/\/www.iemj.org\/es\/wp-json\/wp\/v2\/sujet?post=73234"},{"taxonomy":"formation","embeddable":true,"href":"https:\/\/www.iemj.org\/es\/wp-json\/wp\/v2\/formation?post=73234"},{"taxonomy":"genre","embeddable":true,"href":"https:\/\/www.iemj.org\/es\/wp-json\/wp\/v2\/genre?post=73234"},{"taxonomy":"fonds","embeddable":true,"href":"https:\/\/www.iemj.org\/es\/wp-json\/wp\/v2\/fonds?post=73234"},{"taxonomy":"tradition","embeddable":true,"href":"https:\/\/www.iemj.org\/es\/wp-json\/wp\/v2\/tradition?post=73234"},{"taxonomy":"type-de-contenu","embeddable":true,"href":"https:\/\/www.iemj.org\/es\/wp-json\/wp\/v2\/type-de-contenu?post=73234"},{"taxonomy":"interprete-compositeur","embeddable":true,"href":"https:\/\/www.iemj.org\/es\/wp-json\/wp\/v2\/interprete-compositeur?post=73234"},{"taxonomy":"frise","embeddable":true,"href":"https:\/\/www.iemj.org\/es\/wp-json\/wp\/v2\/frise?post=73234"},{"taxonomy":"type-devenement","embeddable":true,"href":"https:\/\/www.iemj.org\/es\/wp-json\/wp\/v2\/type-devenement?post=73234"},{"taxonomy":"tableaux-liens-externes","embeddable":true,"href":"https:\/\/www.iemj.org\/es\/wp-json\/wp\/v2\/tableaux-liens-externes?post=73234"}],"curies":[{"name":"wp","href":"https:\/\/api.w.org\/{rel}","templated":true}]}}