{"id":73264,"date":"2017-05-31T15:58:19","date_gmt":"2017-05-31T13:58:19","guid":{"rendered":"https:\/\/www.iemj.org\/musiques-liturgiques-de-la-synagogue-de-la-victoire\/"},"modified":"2025-10-30T15:32:37","modified_gmt":"2025-10-30T14:32:37","slug":"musiques-liturgiques-de-la-synagogue-de-la-victoire","status":"publish","type":"post","link":"https:\/\/www.iemj.org\/es\/musiques-liturgiques-de-la-synagogue-de-la-victoire\/","title":{"rendered":"M\u00daSICAS LIT\u00daRGICAS DE LA SINAGOGA DE LA VICTORIA"},"content":{"rendered":"<p><strong>Dedicada a la m\u00fasica de la Sinagoga de la Victoria, esta lista de reproducci\u00f3n sigue los pasos de las grandes figuras musicales que han marcado la historia de esta sinagoga, y del juda\u00edsmo franc\u00e9s en general, como Shalom Berlinski, Adolphe Attia, Emile Ka\u00e7man y Aron Hayoun.<\/strong><\/p>\n<p><!--more--><\/p>\n<p>El Templo de la Victoria se inaugur\u00f3 el 9 de septiembre de 1874, tras 7 a\u00f1os de obras. Situado en el n\u00famero 44 de la rue de la Victoire, en el distrito IX de Par\u00eds, este imponente edificio, que pod\u00eda albergar hasta 1.800 fieles, se convirti\u00f3 en pocos a\u00f1os en el emblema de un juda\u00edsmo franc\u00e9s reconocido e integrado.<\/p>\n<p>Para dar a dicho monumento el brillo adecuado, las autoridades del consistorio prestaron especial atenci\u00f3n al servicio musical que se iba a interpretar en \u00e9l. Con la presencia de un imponente coro, dos \u00f3rganos (uno port\u00e1til y otro grande) y ministros de poderosas voces, la m\u00fasica se convirti\u00f3 en un elemento esencial del culto jud\u00edo franc\u00e9s, del que el Templo de la Victoria es el estandarte.<\/p>\n<p><span style=\"font-size: inherit;\"><img fetchpriority=\"high\" decoding=\"async\" class=\" alignright size-full wp-image-73276\" src=\"https:\/\/www.iemj.org\/wp-content\/uploads\/2017\/05\/doc_victoire_500px65.jpg\" alt=\"doc_victoire_500px65.jpg\" width=\"281\" height=\"200\" align=\"right\" \/><\/span>Con motivo de la publicaci\u00f3n de un libro monumental dedicado a la Sinagoga de la Victoria, esta lista de reproducci\u00f3n nos lleva a recorrer las huellas de las grandes figuras musicales que han marcado la historia de esta sinagoga, y del juda\u00edsmo franc\u00e9s en general.<br \/>Escucharemos las conmovedoras voces de <a href=\"https:\/\/www.iemj.org\/es\/berlinski-shalom-1918-2008\/\">Shalom Berlinski<\/a>, <a href=\"https:\/\/www.iemj.org\/es\/attia-adolphe-1937\/\" target=\"_blank\" rel=\"noopener\">Adolphe Attia<\/a>, Emile Ka\u00e7man, Aron Hayoun.<\/p>\n<ul>\n<li><a href=\"https:\/\/www.iemj.org\/la-victoire-en-chantant\/\" target=\"_blank\" rel=\"noopener\">Escuchar la emisi\u00f3n de radio:\u00a0<em>La Victoire en chantant\u00a0[La Victoria cantando]<\/em> presentada por Herv\u00e9 Roten<\/a><\/li>\n<li><a href=\"https:\/\/www.iemj.org\/es\/produit\/shalom-berlinski-la-voix-de-la-ferveur\/\" target=\"_blank\" rel=\"noopener\">Comprar el CD. Shalom Berlinski &#8211; La voix de la ferveur [La voz del fervor] (doble \u00e1lbum)<\/a><\/li>\n<li><a href=\"https:\/\/www.iemj.org\/es\/produit\/musiques-de-la-synagogue-de-bordeaux\/\" target=\"_blank\" rel=\"noopener\">Comprar el CD Adolphe Attia &#8211; Musiques jud\u00e9o-fran\u00e7aises des 18e et 19e si\u00e8cles [M\u00fasicas judeo-francesas de los siglos XVIII y XIX)<\/a><\/li>\n<li><a href=\"http:\/\/www.lavictoire.org\/\" target=\"_blank\" rel=\"noopener\">Consultar el sitio de la sinagoga de la Victoria<\/a><\/li>\n<li><a href=\"https:\/\/www.iemj.org\/es\/fonds-des-archives-musicales-de-la-grande-synagogue-de-la-victoire-paris\/\" target=\"_blank\" rel=\"noopener\">Consultar el fondo de los archivos musicales de la sinagoga de Victoria<\/a><\/li>\n<\/ul>\n<div style=\"text-align: center;\">\n<div style=\"margin: 8px 0px 4px;\"><a href=\"http:\/\/www.calameo.com\/books\/004612749a28b0cd945e4\" target=\"_blank\" rel=\"noopener noreferrer\">Aschkiv\u00e9nu<\/a><\/div>\n<p><iframe style=\"margin: 0 auto;\" src=\"\/\/v.calameo.com\/?bkcode=004612749a28b0cd945e4&amp;mode=mini\" width=\"480\" height=\"300\" frameborder=\"0\" scrolling=\"no\" allowfullscreen=\"allowfullscreen\"><\/iframe><\/p>\n<div style=\"margin: 4px 0px 8px;\">\u00a0<\/div>\n<\/div>\n\n\n<figure class=\"wp-block-image alignwide size-large\"><img decoding=\"async\" width=\"1024\" height=\"133\" src=\"https:\/\/www.iemj.org\/wp-content\/uploads\/2024\/03\/AUDIO-PLAYER-1024x133.png\" alt=\"\" class=\"wp-image-110610\" srcset=\"https:\/\/www.iemj.org\/wp-content\/uploads\/2024\/03\/AUDIO-PLAYER-1024x133.png 1024w, https:\/\/www.iemj.org\/wp-content\/uploads\/2024\/03\/AUDIO-PLAYER-300x39.png 300w, https:\/\/www.iemj.org\/wp-content\/uploads\/2024\/03\/AUDIO-PLAYER-768x100.png 768w, https:\/\/www.iemj.org\/wp-content\/uploads\/2024\/03\/AUDIO-PLAYER-600x78.png 600w, https:\/\/www.iemj.org\/wp-content\/uploads\/2024\/03\/AUDIO-PLAYER.png 1210w\" sizes=\"(max-width: 1024px) 100vw, 1024px\" \/><\/figure>\n\n\n\n<div class=\"wp-block-file\"><a href=\"https:\/\/www.iemj.org\/wp-content\/uploads\/2017\/05\/mus1__veshomerou_-_shalom_berlinski.mp3\">Veshomerou &#8211; Shalom Berlinski<\/a><\/div>\n\n\n\n<div class=\"wp-block-file\"><a href=\"https:\/\/www.iemj.org\/wp-content\/uploads\/2017\/05\/mus3_kevakoras_-_adolphe_attia.mp3\">Kevakoras &#8211; Adolphe Attia<\/a><\/div>\n\n\n\n<div class=\"wp-block-file\"><a href=\"https:\/\/www.iemj.org\/wp-content\/uploads\/2017\/05\/mus4_col_nidre_-_leon_algazi.mp3\">Col nidre &#8211; L\u00e9on Algazi<\/a><\/div>\n\n\n\n<div class=\"wp-block-file\"><a href=\"https:\/\/www.iemj.org\/wp-content\/uploads\/2017\/05\/mus5_adirey_hayoumo_-_adolphe_attia.mp3\">Adirey hayoumo &#8211; Adolphe Attia<\/a><\/div>\n\n\n\n<div class=\"wp-block-file\"><a href=\"https:\/\/www.iemj.org\/wp-content\/uploads\/2017\/05\/mus7_ono_tovo_-_shalom_berlinski.mp3\">Ono tovo &#8211; Shalom Berlinski<\/a><\/div>\n\n\n\n<div class=\"wp-block-file\"><a href=\"https:\/\/www.iemj.org\/wp-content\/uploads\/2017\/05\/mus7_vehakohanim_-_leon_algazi.mp3\">Vehakohanim &#8211; Leon Algazi<\/a><\/div>\n\n\n\n<div class=\"wp-block-file\"><a href=\"https:\/\/www.iemj.org\/wp-content\/uploads\/2017\/05\/mus8_kidoush_-_shalom_berlinski_jules_franck_.mp3\">Kidoush &#8211; compos\u00e9 par Jules Franck, interpr\u00e9t\u00e9 par Shalom Berlinski<\/a><\/div>\n\n\n\n<div class=\"wp-block-file\"><a href=\"https:\/\/www.iemj.org\/wp-content\/uploads\/2017\/05\/mus9_veal_yede_avadeikha_zakharti_lakh_-_adolphe_attia_louis_lewandovski_.mp3\">Veal yede avadeikha, Zakharti lakh &#8211; compos\u00e9 par Louis Lewandovski et interpr\u00e9t\u00e9 par Adolphe Attia <\/a><\/div>\n\n\n\n<div class=\"wp-block-file\"><a href=\"https:\/\/www.iemj.org\/wp-content\/uploads\/2017\/05\/kadish_-_aron_david_hayoun_et_choeur_synagogue_victoire_2011.mp3\">Kadish &#8211; Aron David Hayoun et choeur synagogue victoire 2011<\/a><\/div>\n","protected":false},"excerpt":{"rendered":"<p>Dedicada a la m\u00fasica de la Sinagoga de la Victoria, esta lista de reproducci\u00f3n sigue los pasos de las grandes figuras musicales que han marcado la historia de esta sinagoga,<\/p>\n","protected":false},"author":1052,"featured_media":73265,"comment_status":"closed","ping_status":"closed","sticky":false,"template":"","format":"standard","meta":{"_acf_changed":false,"footnotes":""},"categories":[1535],"tags":[],"technique":[],"squelettes":[],"sujet":[2110],"formation":[],"genre":[1890],"fonds":[],"tradition":[1982],"type-de-contenu":[],"interprete-compositeur":[],"frise":[],"type-devenement":[],"tableaux-liens-externes":[],"class_list":["post-73264","post","type-post","status-publish","format-standard","has-post-thumbnail","hentry","category-listas-de-reproduccion-es","sujet-musica-de-la-sinagoga-es","genre-liturgia-es","tradition-rito-ashkenazi-es"],"acf":[],"yoast_head":"<!-- This site is optimized with the Yoast SEO plugin v27.3 - https:\/\/yoast.com\/product\/yoast-seo-wordpress\/ -->\n<title>M\u00daSICAS LIT\u00daRGICAS DE LA SINAGOGA DE LA VICTORIA - Institut Europ\u00e9en des Musiques Juives<\/title>\n<meta name=\"robots\" content=\"index, follow, max-snippet:-1, max-image-preview:large, max-video-preview:-1\" \/>\n<link rel=\"canonical\" href=\"https:\/\/www.iemj.org\/es\/musiques-liturgiques-de-la-synagogue-de-la-victoire\/\" \/>\n<meta property=\"og:locale\" content=\"es_ES\" \/>\n<meta property=\"og:type\" content=\"article\" \/>\n<meta property=\"og:title\" content=\"M\u00daSICAS LIT\u00daRGICAS DE LA SINAGOGA DE LA VICTORIA - Institut Europ\u00e9en des Musiques Juives\" \/>\n<meta property=\"og:description\" content=\"Dedicada a la m\u00fasica de la Sinagoga de la Victoria, esta lista de reproducci\u00f3n sigue los pasos de las grandes figuras musicales que han marcado la historia de esta sinagoga,\" \/>\n<meta property=\"og:url\" content=\"https:\/\/www.iemj.org\/es\/musiques-liturgiques-de-la-synagogue-de-la-victoire\/\" \/>\n<meta property=\"og:site_name\" content=\"Institut Europ\u00e9en des Musiques Juives\" \/>\n<meta property=\"article:publisher\" content=\"https:\/\/www.facebook.com\/MusiquesJuives\/\" \/>\n<meta property=\"article:published_time\" content=\"2017-05-31T13:58:19+00:00\" \/>\n<meta property=\"article:modified_time\" content=\"2025-10-30T14:32:37+00:00\" \/>\n<meta property=\"og:image\" content=\"https:\/\/www.iemj.org\/wp-content\/uploads\/2017\/05\/arton2333.jpg\" \/>\n\t<meta property=\"og:image:width\" content=\"350\" \/>\n\t<meta property=\"og:image:height\" content=\"502\" \/>\n\t<meta property=\"og:image:type\" content=\"image\/jpeg\" \/>\n<meta name=\"author\" content=\"Lea Couderc\" \/>\n<meta name=\"twitter:card\" content=\"summary_large_image\" \/>\n<meta name=\"twitter:label1\" content=\"Escrito por\" \/>\n\t<meta name=\"twitter:data1\" content=\"Lea Couderc\" \/>\n\t<meta name=\"twitter:label2\" content=\"Tiempo de lectura\" \/>\n\t<meta name=\"twitter:data2\" content=\"3 minutos\" \/>\n<script type=\"application\/ld+json\" class=\"yoast-schema-graph\">{\"@context\":\"https:\\\/\\\/schema.org\",\"@graph\":[{\"@type\":\"Article\",\"@id\":\"https:\\\/\\\/www.iemj.org\\\/es\\\/musiques-liturgiques-de-la-synagogue-de-la-victoire\\\/#article\",\"isPartOf\":{\"@id\":\"https:\\\/\\\/www.iemj.org\\\/es\\\/musiques-liturgiques-de-la-synagogue-de-la-victoire\\\/\"},\"author\":{\"name\":\"Lea Couderc\",\"@id\":\"https:\\\/\\\/www.iemj.org\\\/es\\\/#\\\/schema\\\/person\\\/e2ad57f2c4be119c7ed8ab79036807a9\"},\"headline\":\"M\u00daSICAS LIT\u00daRGICAS DE LA SINAGOGA DE LA VICTORIA\",\"datePublished\":\"2017-05-31T13:58:19+00:00\",\"dateModified\":\"2025-10-30T14:32:37+00:00\",\"mainEntityOfPage\":{\"@id\":\"https:\\\/\\\/www.iemj.org\\\/es\\\/musiques-liturgiques-de-la-synagogue-de-la-victoire\\\/\"},\"wordCount\":402,\"publisher\":{\"@id\":\"https:\\\/\\\/www.iemj.org\\\/es\\\/#organization\"},\"image\":{\"@id\":\"https:\\\/\\\/www.iemj.org\\\/es\\\/musiques-liturgiques-de-la-synagogue-de-la-victoire\\\/#primaryimage\"},\"thumbnailUrl\":\"https:\\\/\\\/www.iemj.org\\\/wp-content\\\/uploads\\\/2017\\\/05\\\/arton2333.jpg\",\"articleSection\":[\"Listas de reproducci\u00f3n\"],\"inLanguage\":\"es\"},{\"@type\":\"WebPage\",\"@id\":\"https:\\\/\\\/www.iemj.org\\\/es\\\/musiques-liturgiques-de-la-synagogue-de-la-victoire\\\/\",\"url\":\"https:\\\/\\\/www.iemj.org\\\/es\\\/musiques-liturgiques-de-la-synagogue-de-la-victoire\\\/\",\"name\":\"M\u00daSICAS LIT\u00daRGICAS DE LA SINAGOGA DE LA VICTORIA - Institut Europ\u00e9en des Musiques Juives\",\"isPartOf\":{\"@id\":\"https:\\\/\\\/www.iemj.org\\\/es\\\/#website\"},\"primaryImageOfPage\":{\"@id\":\"https:\\\/\\\/www.iemj.org\\\/es\\\/musiques-liturgiques-de-la-synagogue-de-la-victoire\\\/#primaryimage\"},\"image\":{\"@id\":\"https:\\\/\\\/www.iemj.org\\\/es\\\/musiques-liturgiques-de-la-synagogue-de-la-victoire\\\/#primaryimage\"},\"thumbnailUrl\":\"https:\\\/\\\/www.iemj.org\\\/wp-content\\\/uploads\\\/2017\\\/05\\\/arton2333.jpg\",\"datePublished\":\"2017-05-31T13:58:19+00:00\",\"dateModified\":\"2025-10-30T14:32:37+00:00\",\"breadcrumb\":{\"@id\":\"https:\\\/\\\/www.iemj.org\\\/es\\\/musiques-liturgiques-de-la-synagogue-de-la-victoire\\\/#breadcrumb\"},\"inLanguage\":\"es\",\"potentialAction\":[{\"@type\":\"ReadAction\",\"target\":[\"https:\\\/\\\/www.iemj.org\\\/es\\\/musiques-liturgiques-de-la-synagogue-de-la-victoire\\\/\"]}]},{\"@type\":\"ImageObject\",\"inLanguage\":\"es\",\"@id\":\"https:\\\/\\\/www.iemj.org\\\/es\\\/musiques-liturgiques-de-la-synagogue-de-la-victoire\\\/#primaryimage\",\"url\":\"https:\\\/\\\/www.iemj.org\\\/wp-content\\\/uploads\\\/2017\\\/05\\\/arton2333.jpg\",\"contentUrl\":\"https:\\\/\\\/www.iemj.org\\\/wp-content\\\/uploads\\\/2017\\\/05\\\/arton2333.jpg\",\"width\":350,\"height\":502},{\"@type\":\"BreadcrumbList\",\"@id\":\"https:\\\/\\\/www.iemj.org\\\/es\\\/musiques-liturgiques-de-la-synagogue-de-la-victoire\\\/#breadcrumb\",\"itemListElement\":[{\"@type\":\"ListItem\",\"position\":1,\"name\":\"Accueil\",\"item\":\"https:\\\/\\\/www.iemj.org\\\/es\\\/\"},{\"@type\":\"ListItem\",\"position\":2,\"name\":\"M\u00daSICAS LIT\u00daRGICAS DE LA SINAGOGA DE LA VICTORIA\"}]},{\"@type\":\"WebSite\",\"@id\":\"https:\\\/\\\/www.iemj.org\\\/es\\\/#website\",\"url\":\"https:\\\/\\\/www.iemj.org\\\/es\\\/\",\"name\":\"Institut Europ\u00e9en des Musiques Juives\",\"description\":\"Des traditions musicales \u00e0 la port\u00e9e de tous\",\"publisher\":{\"@id\":\"https:\\\/\\\/www.iemj.org\\\/es\\\/#organization\"},\"potentialAction\":[{\"@type\":\"SearchAction\",\"target\":{\"@type\":\"EntryPoint\",\"urlTemplate\":\"https:\\\/\\\/www.iemj.org\\\/es\\\/?s={search_term_string}\"},\"query-input\":{\"@type\":\"PropertyValueSpecification\",\"valueRequired\":true,\"valueName\":\"search_term_string\"}}],\"inLanguage\":\"es\"},{\"@type\":\"Organization\",\"@id\":\"https:\\\/\\\/www.iemj.org\\\/es\\\/#organization\",\"name\":\"Institut Europ\u00e9en des Musiques Juives\",\"url\":\"https:\\\/\\\/www.iemj.org\\\/es\\\/\",\"logo\":{\"@type\":\"ImageObject\",\"inLanguage\":\"es\",\"@id\":\"https:\\\/\\\/www.iemj.org\\\/es\\\/#\\\/schema\\\/logo\\\/image\\\/\",\"url\":\"https:\\\/\\\/www.iemj.org\\\/wp-content\\\/uploads\\\/2021\\\/09\\\/Logo-IEMJ-Paypal.jpg\",\"contentUrl\":\"https:\\\/\\\/www.iemj.org\\\/wp-content\\\/uploads\\\/2021\\\/09\\\/Logo-IEMJ-Paypal.jpg\",\"width\":150,\"height\":50,\"caption\":\"Institut Europ\u00e9en des Musiques Juives\"},\"image\":{\"@id\":\"https:\\\/\\\/www.iemj.org\\\/es\\\/#\\\/schema\\\/logo\\\/image\\\/\"},\"sameAs\":[\"https:\\\/\\\/www.facebook.com\\\/MusiquesJuives\\\/\",\"https:\\\/\\\/www.instagram.com\\\/musiquesjuives\\\/\",\"https:\\\/\\\/www.youtube.com\\\/user\\\/musiquesjuives\"]},{\"@type\":\"Person\",\"@id\":\"https:\\\/\\\/www.iemj.org\\\/es\\\/#\\\/schema\\\/person\\\/e2ad57f2c4be119c7ed8ab79036807a9\",\"name\":\"Lea Couderc\",\"image\":{\"@type\":\"ImageObject\",\"inLanguage\":\"es\",\"@id\":\"https:\\\/\\\/secure.gravatar.com\\\/avatar\\\/46ee021475d60aeff17a7e490b79dea5a5684bb392ab7fd1494027411df8ba23?s=96&d=mm&r=g\",\"url\":\"https:\\\/\\\/secure.gravatar.com\\\/avatar\\\/46ee021475d60aeff17a7e490b79dea5a5684bb392ab7fd1494027411df8ba23?s=96&d=mm&r=g\",\"contentUrl\":\"https:\\\/\\\/secure.gravatar.com\\\/avatar\\\/46ee021475d60aeff17a7e490b79dea5a5684bb392ab7fd1494027411df8ba23?s=96&d=mm&r=g\",\"caption\":\"Lea Couderc\"}}]}<\/script>\n<!-- \/ Yoast SEO plugin. -->","yoast_head_json":{"title":"M\u00daSICAS LIT\u00daRGICAS DE LA SINAGOGA DE LA VICTORIA - Institut Europ\u00e9en des Musiques Juives","robots":{"index":"index","follow":"follow","max-snippet":"max-snippet:-1","max-image-preview":"max-image-preview:large","max-video-preview":"max-video-preview:-1"},"canonical":"https:\/\/www.iemj.org\/es\/musiques-liturgiques-de-la-synagogue-de-la-victoire\/","og_locale":"es_ES","og_type":"article","og_title":"M\u00daSICAS LIT\u00daRGICAS DE LA SINAGOGA DE LA VICTORIA - Institut Europ\u00e9en des Musiques Juives","og_description":"Dedicada a la m\u00fasica de la Sinagoga de la Victoria, esta lista de reproducci\u00f3n sigue los pasos de las grandes figuras musicales que han marcado la historia de esta sinagoga,","og_url":"https:\/\/www.iemj.org\/es\/musiques-liturgiques-de-la-synagogue-de-la-victoire\/","og_site_name":"Institut Europ\u00e9en des Musiques Juives","article_publisher":"https:\/\/www.facebook.com\/MusiquesJuives\/","article_published_time":"2017-05-31T13:58:19+00:00","article_modified_time":"2025-10-30T14:32:37+00:00","og_image":[{"width":350,"height":502,"url":"https:\/\/www.iemj.org\/wp-content\/uploads\/2017\/05\/arton2333.jpg","type":"image\/jpeg"}],"author":"Lea Couderc","twitter_card":"summary_large_image","twitter_misc":{"Escrito por":"Lea Couderc","Tiempo de lectura":"3 minutos"},"schema":{"@context":"https:\/\/schema.org","@graph":[{"@type":"Article","@id":"https:\/\/www.iemj.org\/es\/musiques-liturgiques-de-la-synagogue-de-la-victoire\/#article","isPartOf":{"@id":"https:\/\/www.iemj.org\/es\/musiques-liturgiques-de-la-synagogue-de-la-victoire\/"},"author":{"name":"Lea Couderc","@id":"https:\/\/www.iemj.org\/es\/#\/schema\/person\/e2ad57f2c4be119c7ed8ab79036807a9"},"headline":"M\u00daSICAS LIT\u00daRGICAS DE LA SINAGOGA DE LA VICTORIA","datePublished":"2017-05-31T13:58:19+00:00","dateModified":"2025-10-30T14:32:37+00:00","mainEntityOfPage":{"@id":"https:\/\/www.iemj.org\/es\/musiques-liturgiques-de-la-synagogue-de-la-victoire\/"},"wordCount":402,"publisher":{"@id":"https:\/\/www.iemj.org\/es\/#organization"},"image":{"@id":"https:\/\/www.iemj.org\/es\/musiques-liturgiques-de-la-synagogue-de-la-victoire\/#primaryimage"},"thumbnailUrl":"https:\/\/www.iemj.org\/wp-content\/uploads\/2017\/05\/arton2333.jpg","articleSection":["Listas de reproducci\u00f3n"],"inLanguage":"es"},{"@type":"WebPage","@id":"https:\/\/www.iemj.org\/es\/musiques-liturgiques-de-la-synagogue-de-la-victoire\/","url":"https:\/\/www.iemj.org\/es\/musiques-liturgiques-de-la-synagogue-de-la-victoire\/","name":"M\u00daSICAS LIT\u00daRGICAS DE LA SINAGOGA DE LA VICTORIA - Institut Europ\u00e9en des Musiques Juives","isPartOf":{"@id":"https:\/\/www.iemj.org\/es\/#website"},"primaryImageOfPage":{"@id":"https:\/\/www.iemj.org\/es\/musiques-liturgiques-de-la-synagogue-de-la-victoire\/#primaryimage"},"image":{"@id":"https:\/\/www.iemj.org\/es\/musiques-liturgiques-de-la-synagogue-de-la-victoire\/#primaryimage"},"thumbnailUrl":"https:\/\/www.iemj.org\/wp-content\/uploads\/2017\/05\/arton2333.jpg","datePublished":"2017-05-31T13:58:19+00:00","dateModified":"2025-10-30T14:32:37+00:00","breadcrumb":{"@id":"https:\/\/www.iemj.org\/es\/musiques-liturgiques-de-la-synagogue-de-la-victoire\/#breadcrumb"},"inLanguage":"es","potentialAction":[{"@type":"ReadAction","target":["https:\/\/www.iemj.org\/es\/musiques-liturgiques-de-la-synagogue-de-la-victoire\/"]}]},{"@type":"ImageObject","inLanguage":"es","@id":"https:\/\/www.iemj.org\/es\/musiques-liturgiques-de-la-synagogue-de-la-victoire\/#primaryimage","url":"https:\/\/www.iemj.org\/wp-content\/uploads\/2017\/05\/arton2333.jpg","contentUrl":"https:\/\/www.iemj.org\/wp-content\/uploads\/2017\/05\/arton2333.jpg","width":350,"height":502},{"@type":"BreadcrumbList","@id":"https:\/\/www.iemj.org\/es\/musiques-liturgiques-de-la-synagogue-de-la-victoire\/#breadcrumb","itemListElement":[{"@type":"ListItem","position":1,"name":"Accueil","item":"https:\/\/www.iemj.org\/es\/"},{"@type":"ListItem","position":2,"name":"M\u00daSICAS LIT\u00daRGICAS DE LA SINAGOGA DE LA VICTORIA"}]},{"@type":"WebSite","@id":"https:\/\/www.iemj.org\/es\/#website","url":"https:\/\/www.iemj.org\/es\/","name":"Institut Europ\u00e9en des Musiques Juives","description":"Des traditions musicales \u00e0 la port\u00e9e de tous","publisher":{"@id":"https:\/\/www.iemj.org\/es\/#organization"},"potentialAction":[{"@type":"SearchAction","target":{"@type":"EntryPoint","urlTemplate":"https:\/\/www.iemj.org\/es\/?s={search_term_string}"},"query-input":{"@type":"PropertyValueSpecification","valueRequired":true,"valueName":"search_term_string"}}],"inLanguage":"es"},{"@type":"Organization","@id":"https:\/\/www.iemj.org\/es\/#organization","name":"Institut Europ\u00e9en des Musiques Juives","url":"https:\/\/www.iemj.org\/es\/","logo":{"@type":"ImageObject","inLanguage":"es","@id":"https:\/\/www.iemj.org\/es\/#\/schema\/logo\/image\/","url":"https:\/\/www.iemj.org\/wp-content\/uploads\/2021\/09\/Logo-IEMJ-Paypal.jpg","contentUrl":"https:\/\/www.iemj.org\/wp-content\/uploads\/2021\/09\/Logo-IEMJ-Paypal.jpg","width":150,"height":50,"caption":"Institut Europ\u00e9en des Musiques Juives"},"image":{"@id":"https:\/\/www.iemj.org\/es\/#\/schema\/logo\/image\/"},"sameAs":["https:\/\/www.facebook.com\/MusiquesJuives\/","https:\/\/www.instagram.com\/musiquesjuives\/","https:\/\/www.youtube.com\/user\/musiquesjuives"]},{"@type":"Person","@id":"https:\/\/www.iemj.org\/es\/#\/schema\/person\/e2ad57f2c4be119c7ed8ab79036807a9","name":"Lea Couderc","image":{"@type":"ImageObject","inLanguage":"es","@id":"https:\/\/secure.gravatar.com\/avatar\/46ee021475d60aeff17a7e490b79dea5a5684bb392ab7fd1494027411df8ba23?s=96&d=mm&r=g","url":"https:\/\/secure.gravatar.com\/avatar\/46ee021475d60aeff17a7e490b79dea5a5684bb392ab7fd1494027411df8ba23?s=96&d=mm&r=g","contentUrl":"https:\/\/secure.gravatar.com\/avatar\/46ee021475d60aeff17a7e490b79dea5a5684bb392ab7fd1494027411df8ba23?s=96&d=mm&r=g","caption":"Lea Couderc"}}]}},"_links":{"self":[{"href":"https:\/\/www.iemj.org\/es\/wp-json\/wp\/v2\/posts\/73264","targetHints":{"allow":["GET"]}}],"collection":[{"href":"https:\/\/www.iemj.org\/es\/wp-json\/wp\/v2\/posts"}],"about":[{"href":"https:\/\/www.iemj.org\/es\/wp-json\/wp\/v2\/types\/post"}],"author":[{"embeddable":true,"href":"https:\/\/www.iemj.org\/es\/wp-json\/wp\/v2\/users\/1052"}],"replies":[{"embeddable":true,"href":"https:\/\/www.iemj.org\/es\/wp-json\/wp\/v2\/comments?post=73264"}],"version-history":[{"count":2,"href":"https:\/\/www.iemj.org\/es\/wp-json\/wp\/v2\/posts\/73264\/revisions"}],"predecessor-version":[{"id":127841,"href":"https:\/\/www.iemj.org\/es\/wp-json\/wp\/v2\/posts\/73264\/revisions\/127841"}],"wp:featuredmedia":[{"embeddable":true,"href":"https:\/\/www.iemj.org\/es\/wp-json\/wp\/v2\/media\/73265"}],"wp:attachment":[{"href":"https:\/\/www.iemj.org\/es\/wp-json\/wp\/v2\/media?parent=73264"}],"wp:term":[{"taxonomy":"category","embeddable":true,"href":"https:\/\/www.iemj.org\/es\/wp-json\/wp\/v2\/categories?post=73264"},{"taxonomy":"post_tag","embeddable":true,"href":"https:\/\/www.iemj.org\/es\/wp-json\/wp\/v2\/tags?post=73264"},{"taxonomy":"technique","embeddable":true,"href":"https:\/\/www.iemj.org\/es\/wp-json\/wp\/v2\/technique?post=73264"},{"taxonomy":"squelettes","embeddable":true,"href":"https:\/\/www.iemj.org\/es\/wp-json\/wp\/v2\/squelettes?post=73264"},{"taxonomy":"sujet","embeddable":true,"href":"https:\/\/www.iemj.org\/es\/wp-json\/wp\/v2\/sujet?post=73264"},{"taxonomy":"formation","embeddable":true,"href":"https:\/\/www.iemj.org\/es\/wp-json\/wp\/v2\/formation?post=73264"},{"taxonomy":"genre","embeddable":true,"href":"https:\/\/www.iemj.org\/es\/wp-json\/wp\/v2\/genre?post=73264"},{"taxonomy":"fonds","embeddable":true,"href":"https:\/\/www.iemj.org\/es\/wp-json\/wp\/v2\/fonds?post=73264"},{"taxonomy":"tradition","embeddable":true,"href":"https:\/\/www.iemj.org\/es\/wp-json\/wp\/v2\/tradition?post=73264"},{"taxonomy":"type-de-contenu","embeddable":true,"href":"https:\/\/www.iemj.org\/es\/wp-json\/wp\/v2\/type-de-contenu?post=73264"},{"taxonomy":"interprete-compositeur","embeddable":true,"href":"https:\/\/www.iemj.org\/es\/wp-json\/wp\/v2\/interprete-compositeur?post=73264"},{"taxonomy":"frise","embeddable":true,"href":"https:\/\/www.iemj.org\/es\/wp-json\/wp\/v2\/frise?post=73264"},{"taxonomy":"type-devenement","embeddable":true,"href":"https:\/\/www.iemj.org\/es\/wp-json\/wp\/v2\/type-devenement?post=73264"},{"taxonomy":"tableaux-liens-externes","embeddable":true,"href":"https:\/\/www.iemj.org\/es\/wp-json\/wp\/v2\/tableaux-liens-externes?post=73264"}],"curies":[{"name":"wp","href":"https:\/\/api.w.org\/{rel}","templated":true}]}}