{"id":73381,"date":"2016-05-04T15:34:52","date_gmt":"2016-05-04T13:34:52","guid":{"rendered":"https:\/\/www.iemj.org\/musique-savante-1\/"},"modified":"2025-05-27T17:58:16","modified_gmt":"2025-05-27T15:58:16","slug":"musique-savante-1","status":"publish","type":"post","link":"https:\/\/www.iemj.org\/es\/musique-savante-1\/","title":{"rendered":"M\u00fasica erudita 1"},"content":{"rendered":"<p><strong>Desde el Barroco hasta nuestros d\u00edas, muchos compositores jud\u00edos han escrito obras, a veces inspiradas en el juda\u00edsmo, a veces acordes con su \u00e9poca.<\/strong><\/p>\n<p><strong>Os proponemos aqu\u00ed una selecci\u00f3n de las obras de compositores como <a href=\"https:\/\/www.iemj.org\/es\/alkan-charles-valentin-1813-1888\/\" target=\"_blank\" rel=\"noopener\">Charles-Valentin Alkan<\/a>,\u00a0<a href=\"https:\/\/www.iemj.org\/es\/halphen-fernand-1872-1917\/\" target=\"_blank\" rel=\"noopener\">Fernand Halphen<\/a>,\u00a0<a href=\"https:\/\/www.iemj.org\/es\/bloch-ernest-1880-1959\/\" target=\"_blank\" rel=\"noopener\">Ernest Bloch<\/a>,\u00a0<a href=\"https:\/\/www.iemj.org\/es\/tansman-alexandre-1897-1986\/\" target=\"_blank\" rel=\"noopener\">Alexandre Tansman<\/a>,\u00a0<a href=\"https:\/\/www.iemj.org\/es\/weill-kurt-1900-1950\/\" target=\"_blank\" rel=\"noopener\">Kurt Weill<\/a>,\u00a0\u00a0<a href=\"https:\/\/www.iemj.org\/es\/hemsi-alberto-1898-1975\/\" target=\"_blank\" rel=\"noopener\">Alberto Hemsi<\/a> y <a href=\"https:\/\/www.iemj.org\/es\/kaufmann-serge-1930\/\" target=\"_blank\" rel=\"noopener\">Serge Kaufmann<\/a><\/strong><\/p>\n<p><!--more--><!--more--><\/p>\n<p><a href=\"https:\/\/www.iemj.org\/es\/musique-savante-2eme-partie\/\" target=\"_blank\" rel=\"noopener\">Escuchar la lista de reproducci\u00f3n M\u00fasica erudita 2<\/a><\/p>\n<ul>\n<li><span style=\"font-size: medium;\"><a href=\"https:\/\/www.iemj.org\/en\/?search_type=product&amp;s=Fernand+Halphen&amp;submit=Search\" target=\"_blank\" rel=\"noopener\">Consultar y pedir las partituras y el disco de Fernand Halphen<\/a><\/span><\/li>\n<li><span style=\"font-size: medium;\"><a href=\"https:\/\/www.iemj.org\/en\/?search_type=product&amp;s=Serge+Kaufmann&amp;submit=Search\" target=\"_blank\" rel=\"noopener\">Consultar y pedir las partituras y el disco de Serge Kaufmann<\/a><\/span><\/li>\n<li><span style=\"font-size: medium;\"><a href=\"https:\/\/www.iemj.org\/en\/?search_type=product&amp;s=Alberto+Hemsi&amp;submit=Search\" target=\"_blank\" rel=\"noopener\">Consultar y pedir las partituras y el disco de Alberto Hemsi<\/a><\/span><\/li>\n<li><a href=\"https:\/\/www.iemj.org\/es\/produit\/reynaldo-hahn-petit-nocturne-pour-violon-et-piano-printed-score\/\" target=\"_blank\" rel=\"noopener\">Consultar y pedir el Petit nocturne pour violon et piano (Peque\u00f1o nocturno para viol\u00edn y piano) de Reynaldo Hahn<\/a><\/li>\n<li><span style=\"font-size: medium;\"><a href=\"https:\/\/www.iemj.org\/charles-valentin-alkan-de-la-foi-juive-a-la-modernite\/\" target=\"_blank\" rel=\"noopener\">Escuchar la emisi\u00f3n de radio: Charles-Valentin Alkan, de la foi juive \u00e0 la modernit\u00e9 [Charles-Valentin Alkan, de la fe jud\u00eda a la modernidad]<\/a><\/span><\/li>\n<li><span style=\"font-size: medium;\"><a href=\"https:\/\/www.iemj.org\/serge-kaufmann-un-compositeur-en-quete-de-ses-racines\/\" target=\"_blank\" rel=\"noopener\">Escuchar la emision de radio: Serge Kaufmann, un compositeur en qu\u00eate de ses racines [Serge Kaufmann, un compositor en busca de sus raices]<\/a><\/span><\/li>\n<\/ul>\n<p><img fetchpriority=\"high\" decoding=\"async\" class=\" wp-image-10552 aligncenter\" src=\"https:\/\/www.iemj.org\/wp-content\/uploads\/2016\/05\/doc_musique_classique_2_500px_55pc.jpg\" alt=\"doc_musique_classique_2_500px_55pc.jpg\" width=\"283\" height=\"424\" align=\"right\" srcset=\"https:\/\/www.iemj.org\/wp-content\/uploads\/2016\/05\/doc_musique_classique_2_500px_55pc.jpg 275w, https:\/\/www.iemj.org\/wp-content\/uploads\/2016\/05\/doc_musique_classique_2_500px_55pc-200x300.jpg 200w\" sizes=\"(max-width: 283px) 100vw, 283px\" \/><\/p>\n<p><img decoding=\"async\" class=\"alignnone  wp-image-110610\" src=\"https:\/\/www.iemj.org\/wp-content\/uploads\/2024\/03\/AUDIO-PLAYER-300x39.png\" alt=\"\" width=\"615\" height=\"80\" srcset=\"https:\/\/www.iemj.org\/wp-content\/uploads\/2024\/03\/AUDIO-PLAYER-300x39.png 300w, https:\/\/www.iemj.org\/wp-content\/uploads\/2024\/03\/AUDIO-PLAYER-1024x133.png 1024w, https:\/\/www.iemj.org\/wp-content\/uploads\/2024\/03\/AUDIO-PLAYER-768x100.png 768w, https:\/\/www.iemj.org\/wp-content\/uploads\/2024\/03\/AUDIO-PLAYER-600x78.png 600w, https:\/\/www.iemj.org\/wp-content\/uploads\/2024\/03\/AUDIO-PLAYER.png 1210w\" sizes=\"(max-width: 615px) 100vw, 615px\" \/><\/p>\n\n\n<h2 class=\"wp-block-heading\"><\/h2>\n\n\n\n<div class=\"wp-block-file\"><a href=\"https:\/\/www.iemj.org\/wp-content\/uploads\/2016\/05\/al_sefat_yam_kinneret_-_emile_kacmann_berthe_kal.mp3\">Al Sefat Yam Kinn\u00e9ret &#8211; Emile KACMANN, Berthe KAL<\/a><\/div>\n\n\n\n<div class=\"wp-block-file\"><a href=\"https:\/\/www.iemj.org\/wp-content\/uploads\/2016\/05\/alabama_song_-_kurt_weill.mp3\">Alabama song &#8211; Kurt WEILL<\/a><\/div>\n\n\n\n<div class=\"wp-block-file\"><a href=\"https:\/\/www.iemj.org\/wp-content\/uploads\/2016\/05\/chanson_pour_helene_-_fernand_halphen.mp3\">Chanson Pour H\u00e9l\u00e8ne &#8211; Fernand HALPHEN<\/a><\/div>\n\n\n\n<div class=\"wp-block-file\"><a href=\"https:\/\/www.iemj.org\/wp-content\/uploads\/2016\/05\/concerto_pour_violon_et_orchestre_allegro_deciso_-_ernest_bloch.mp3\">Concerto pour violon et orchestre (allegro deciso) &#8211; Ernest BLOCH<\/a><\/div>\n\n\n\n<div class=\"wp-block-file\"><a href=\"https:\/\/www.iemj.org\/wp-content\/uploads\/2016\/05\/coplas_sefardies_op._8_no._8_-_alberto_hemsi.mp3\">Coplas Sefardies, Op. 8 No. 8 &#8211; Alberto HEMSI<\/a><\/div>\n\n\n\n<div class=\"wp-block-file\"><a href=\"https:\/\/www.iemj.org\/wp-content\/uploads\/2016\/05\/etudes_symphoniques_-_charles-valentin_alkan_.mp3\">Etudes symphoniques &#8211; Charles-Valentin ALKAN <\/a><\/div>\n\n\n\n<div class=\"wp-block-file\"><a href=\"https:\/\/www.iemj.org\/wp-content\/uploads\/2016\/05\/hier_au_soir_-_fernand_halphen.mp3\">Hier Au Soir &#8211; Fernand HALPHEN<\/a><\/div>\n\n\n\n<div class=\"wp-block-file\"><a href=\"https:\/\/www.iemj.org\/wp-content\/uploads\/2016\/05\/interlude_1_lento_-_alexandre_tansman.mp3\">Interlude 1 (Lento) &#8211; Alexandre TANSMAN<\/a><\/div>\n\n\n\n<div class=\"wp-block-file\"><a href=\"https:\/\/www.iemj.org\/wp-content\/uploads\/2016\/05\/kol_haneshama_-_ensemble_texto_david_klein_marine_beelen.mp3\">Kol Haneshama &#8211; Ensemble Texto, David KLEIN, Marine BEELEN<\/a><\/div>\n\n\n\n<div class=\"wp-block-file\"><a href=\"https:\/\/www.iemj.org\/wp-content\/uploads\/2016\/05\/trio_for_violin_cello_and_piano_-_serge_kaufmann_extrait_.mp3\">Trio for Violin, Cello and Piano &#8211; Serge KAUFMANN (extrait)<\/a><\/div>\n","protected":false},"excerpt":{"rendered":"<p>Desde el Barroco hasta nuestros d\u00edas, muchos compositores jud\u00edos han escrito obras, a veces inspiradas en el juda\u00edsmo, a veces acordes con su \u00e9poca. Os proponemos aqu\u00ed una selecci\u00f3n de<\/p>\n","protected":false},"author":1052,"featured_media":73382,"comment_status":"closed","ping_status":"open","sticky":false,"template":"","format":"standard","meta":{"_acf_changed":false,"footnotes":""},"categories":[1535],"tags":[],"technique":[],"squelettes":[],"sujet":[],"formation":[],"genre":[1899],"fonds":[],"tradition":[],"type-de-contenu":[],"interprete-compositeur":[3080,3084,3113,3166,3231],"frise":[],"type-devenement":[],"tableaux-liens-externes":[],"class_list":["post-73381","post","type-post","status-publish","format-standard","has-post-thumbnail","hentry","category-listas-de-reproduccion-es","genre-musica-clasica-es","interprete-compositeur-alberto-hemsi-es","interprete-compositeur-alexandre-tansman-es","interprete-compositeur-charles-valentin-alkan-es","interprete-compositeur-fernand-halphen-es","interprete-compositeur-kurt-weill-es"],"acf":[],"yoast_head":"<!-- This site is optimized with the Yoast SEO plugin v27.3 - https:\/\/yoast.com\/product\/yoast-seo-wordpress\/ -->\n<title>M\u00fasica erudita 1 - Institut Europ\u00e9en des Musiques Juives<\/title>\n<meta name=\"robots\" content=\"index, follow, max-snippet:-1, max-image-preview:large, max-video-preview:-1\" \/>\n<link rel=\"canonical\" href=\"https:\/\/www.iemj.org\/es\/musique-savante-1\/\" \/>\n<meta property=\"og:locale\" content=\"es_ES\" \/>\n<meta property=\"og:type\" content=\"article\" \/>\n<meta property=\"og:title\" content=\"M\u00fasica erudita 1 - Institut Europ\u00e9en des Musiques Juives\" \/>\n<meta property=\"og:description\" content=\"Desde el Barroco hasta nuestros d\u00edas, muchos compositores jud\u00edos han escrito obras, a veces inspiradas en el juda\u00edsmo, a veces acordes con su \u00e9poca. Os proponemos aqu\u00ed una selecci\u00f3n de\" \/>\n<meta property=\"og:url\" content=\"https:\/\/www.iemj.org\/es\/musique-savante-1\/\" \/>\n<meta property=\"og:site_name\" content=\"Institut Europ\u00e9en des Musiques Juives\" \/>\n<meta property=\"article:publisher\" content=\"https:\/\/www.facebook.com\/MusiquesJuives\/\" \/>\n<meta property=\"article:published_time\" content=\"2016-05-04T13:34:52+00:00\" \/>\n<meta property=\"article:modified_time\" content=\"2025-05-27T15:58:16+00:00\" \/>\n<meta property=\"og:image\" content=\"https:\/\/www.iemj.org\/wp-content\/uploads\/2016\/05\/arton1666.jpg\" \/>\n\t<meta property=\"og:image:width\" content=\"500\" \/>\n\t<meta property=\"og:image:height\" content=\"311\" \/>\n\t<meta property=\"og:image:type\" content=\"image\/jpeg\" \/>\n<meta name=\"author\" content=\"Lea Couderc\" \/>\n<meta name=\"twitter:card\" content=\"summary_large_image\" \/>\n<meta name=\"twitter:label1\" content=\"Escrito por\" \/>\n\t<meta name=\"twitter:data1\" content=\"Lea Couderc\" \/>\n\t<meta name=\"twitter:label2\" content=\"Tiempo de lectura\" \/>\n\t<meta name=\"twitter:data2\" content=\"2 minutos\" \/>\n<script type=\"application\/ld+json\" class=\"yoast-schema-graph\">{\"@context\":\"https:\\\/\\\/schema.org\",\"@graph\":[{\"@type\":\"Article\",\"@id\":\"https:\\\/\\\/www.iemj.org\\\/es\\\/musique-savante-1\\\/#article\",\"isPartOf\":{\"@id\":\"https:\\\/\\\/www.iemj.org\\\/es\\\/musique-savante-1\\\/\"},\"author\":{\"name\":\"Lea Couderc\",\"@id\":\"https:\\\/\\\/www.iemj.org\\\/es\\\/#\\\/schema\\\/person\\\/e2ad57f2c4be119c7ed8ab79036807a9\"},\"headline\":\"M\u00fasica erudita 1\",\"datePublished\":\"2016-05-04T13:34:52+00:00\",\"dateModified\":\"2025-05-27T15:58:16+00:00\",\"mainEntityOfPage\":{\"@id\":\"https:\\\/\\\/www.iemj.org\\\/es\\\/musique-savante-1\\\/\"},\"wordCount\":243,\"publisher\":{\"@id\":\"https:\\\/\\\/www.iemj.org\\\/es\\\/#organization\"},\"image\":{\"@id\":\"https:\\\/\\\/www.iemj.org\\\/es\\\/musique-savante-1\\\/#primaryimage\"},\"thumbnailUrl\":\"https:\\\/\\\/www.iemj.org\\\/wp-content\\\/uploads\\\/2016\\\/05\\\/arton1666.jpg\",\"articleSection\":[\"Listas de reproducci\u00f3n\"],\"inLanguage\":\"es\"},{\"@type\":\"WebPage\",\"@id\":\"https:\\\/\\\/www.iemj.org\\\/es\\\/musique-savante-1\\\/\",\"url\":\"https:\\\/\\\/www.iemj.org\\\/es\\\/musique-savante-1\\\/\",\"name\":\"M\u00fasica erudita 1 - Institut Europ\u00e9en des Musiques Juives\",\"isPartOf\":{\"@id\":\"https:\\\/\\\/www.iemj.org\\\/es\\\/#website\"},\"primaryImageOfPage\":{\"@id\":\"https:\\\/\\\/www.iemj.org\\\/es\\\/musique-savante-1\\\/#primaryimage\"},\"image\":{\"@id\":\"https:\\\/\\\/www.iemj.org\\\/es\\\/musique-savante-1\\\/#primaryimage\"},\"thumbnailUrl\":\"https:\\\/\\\/www.iemj.org\\\/wp-content\\\/uploads\\\/2016\\\/05\\\/arton1666.jpg\",\"datePublished\":\"2016-05-04T13:34:52+00:00\",\"dateModified\":\"2025-05-27T15:58:16+00:00\",\"breadcrumb\":{\"@id\":\"https:\\\/\\\/www.iemj.org\\\/es\\\/musique-savante-1\\\/#breadcrumb\"},\"inLanguage\":\"es\",\"potentialAction\":[{\"@type\":\"ReadAction\",\"target\":[\"https:\\\/\\\/www.iemj.org\\\/es\\\/musique-savante-1\\\/\"]}]},{\"@type\":\"ImageObject\",\"inLanguage\":\"es\",\"@id\":\"https:\\\/\\\/www.iemj.org\\\/es\\\/musique-savante-1\\\/#primaryimage\",\"url\":\"https:\\\/\\\/www.iemj.org\\\/wp-content\\\/uploads\\\/2016\\\/05\\\/arton1666.jpg\",\"contentUrl\":\"https:\\\/\\\/www.iemj.org\\\/wp-content\\\/uploads\\\/2016\\\/05\\\/arton1666.jpg\",\"width\":500,\"height\":311},{\"@type\":\"BreadcrumbList\",\"@id\":\"https:\\\/\\\/www.iemj.org\\\/es\\\/musique-savante-1\\\/#breadcrumb\",\"itemListElement\":[{\"@type\":\"ListItem\",\"position\":1,\"name\":\"Accueil\",\"item\":\"https:\\\/\\\/www.iemj.org\\\/es\\\/\"},{\"@type\":\"ListItem\",\"position\":2,\"name\":\"M\u00fasica erudita 1\"}]},{\"@type\":\"WebSite\",\"@id\":\"https:\\\/\\\/www.iemj.org\\\/es\\\/#website\",\"url\":\"https:\\\/\\\/www.iemj.org\\\/es\\\/\",\"name\":\"Institut Europ\u00e9en des Musiques Juives\",\"description\":\"Des traditions musicales \u00e0 la port\u00e9e de tous\",\"publisher\":{\"@id\":\"https:\\\/\\\/www.iemj.org\\\/es\\\/#organization\"},\"potentialAction\":[{\"@type\":\"SearchAction\",\"target\":{\"@type\":\"EntryPoint\",\"urlTemplate\":\"https:\\\/\\\/www.iemj.org\\\/es\\\/?s={search_term_string}\"},\"query-input\":{\"@type\":\"PropertyValueSpecification\",\"valueRequired\":true,\"valueName\":\"search_term_string\"}}],\"inLanguage\":\"es\"},{\"@type\":\"Organization\",\"@id\":\"https:\\\/\\\/www.iemj.org\\\/es\\\/#organization\",\"name\":\"Institut Europ\u00e9en des Musiques Juives\",\"url\":\"https:\\\/\\\/www.iemj.org\\\/es\\\/\",\"logo\":{\"@type\":\"ImageObject\",\"inLanguage\":\"es\",\"@id\":\"https:\\\/\\\/www.iemj.org\\\/es\\\/#\\\/schema\\\/logo\\\/image\\\/\",\"url\":\"https:\\\/\\\/www.iemj.org\\\/wp-content\\\/uploads\\\/2021\\\/09\\\/Logo-IEMJ-Paypal.jpg\",\"contentUrl\":\"https:\\\/\\\/www.iemj.org\\\/wp-content\\\/uploads\\\/2021\\\/09\\\/Logo-IEMJ-Paypal.jpg\",\"width\":150,\"height\":50,\"caption\":\"Institut Europ\u00e9en des Musiques Juives\"},\"image\":{\"@id\":\"https:\\\/\\\/www.iemj.org\\\/es\\\/#\\\/schema\\\/logo\\\/image\\\/\"},\"sameAs\":[\"https:\\\/\\\/www.facebook.com\\\/MusiquesJuives\\\/\",\"https:\\\/\\\/www.instagram.com\\\/musiquesjuives\\\/\",\"https:\\\/\\\/www.youtube.com\\\/user\\\/musiquesjuives\"]},{\"@type\":\"Person\",\"@id\":\"https:\\\/\\\/www.iemj.org\\\/es\\\/#\\\/schema\\\/person\\\/e2ad57f2c4be119c7ed8ab79036807a9\",\"name\":\"Lea Couderc\",\"image\":{\"@type\":\"ImageObject\",\"inLanguage\":\"es\",\"@id\":\"https:\\\/\\\/secure.gravatar.com\\\/avatar\\\/46ee021475d60aeff17a7e490b79dea5a5684bb392ab7fd1494027411df8ba23?s=96&d=mm&r=g\",\"url\":\"https:\\\/\\\/secure.gravatar.com\\\/avatar\\\/46ee021475d60aeff17a7e490b79dea5a5684bb392ab7fd1494027411df8ba23?s=96&d=mm&r=g\",\"contentUrl\":\"https:\\\/\\\/secure.gravatar.com\\\/avatar\\\/46ee021475d60aeff17a7e490b79dea5a5684bb392ab7fd1494027411df8ba23?s=96&d=mm&r=g\",\"caption\":\"Lea Couderc\"}}]}<\/script>\n<!-- \/ Yoast SEO plugin. -->","yoast_head_json":{"title":"M\u00fasica erudita 1 - Institut Europ\u00e9en des Musiques Juives","robots":{"index":"index","follow":"follow","max-snippet":"max-snippet:-1","max-image-preview":"max-image-preview:large","max-video-preview":"max-video-preview:-1"},"canonical":"https:\/\/www.iemj.org\/es\/musique-savante-1\/","og_locale":"es_ES","og_type":"article","og_title":"M\u00fasica erudita 1 - Institut Europ\u00e9en des Musiques Juives","og_description":"Desde el Barroco hasta nuestros d\u00edas, muchos compositores jud\u00edos han escrito obras, a veces inspiradas en el juda\u00edsmo, a veces acordes con su \u00e9poca. Os proponemos aqu\u00ed una selecci\u00f3n de","og_url":"https:\/\/www.iemj.org\/es\/musique-savante-1\/","og_site_name":"Institut Europ\u00e9en des Musiques Juives","article_publisher":"https:\/\/www.facebook.com\/MusiquesJuives\/","article_published_time":"2016-05-04T13:34:52+00:00","article_modified_time":"2025-05-27T15:58:16+00:00","og_image":[{"width":500,"height":311,"url":"https:\/\/www.iemj.org\/wp-content\/uploads\/2016\/05\/arton1666.jpg","type":"image\/jpeg"}],"author":"Lea Couderc","twitter_card":"summary_large_image","twitter_misc":{"Escrito por":"Lea Couderc","Tiempo de lectura":"2 minutos"},"schema":{"@context":"https:\/\/schema.org","@graph":[{"@type":"Article","@id":"https:\/\/www.iemj.org\/es\/musique-savante-1\/#article","isPartOf":{"@id":"https:\/\/www.iemj.org\/es\/musique-savante-1\/"},"author":{"name":"Lea Couderc","@id":"https:\/\/www.iemj.org\/es\/#\/schema\/person\/e2ad57f2c4be119c7ed8ab79036807a9"},"headline":"M\u00fasica erudita 1","datePublished":"2016-05-04T13:34:52+00:00","dateModified":"2025-05-27T15:58:16+00:00","mainEntityOfPage":{"@id":"https:\/\/www.iemj.org\/es\/musique-savante-1\/"},"wordCount":243,"publisher":{"@id":"https:\/\/www.iemj.org\/es\/#organization"},"image":{"@id":"https:\/\/www.iemj.org\/es\/musique-savante-1\/#primaryimage"},"thumbnailUrl":"https:\/\/www.iemj.org\/wp-content\/uploads\/2016\/05\/arton1666.jpg","articleSection":["Listas de reproducci\u00f3n"],"inLanguage":"es"},{"@type":"WebPage","@id":"https:\/\/www.iemj.org\/es\/musique-savante-1\/","url":"https:\/\/www.iemj.org\/es\/musique-savante-1\/","name":"M\u00fasica erudita 1 - Institut Europ\u00e9en des Musiques Juives","isPartOf":{"@id":"https:\/\/www.iemj.org\/es\/#website"},"primaryImageOfPage":{"@id":"https:\/\/www.iemj.org\/es\/musique-savante-1\/#primaryimage"},"image":{"@id":"https:\/\/www.iemj.org\/es\/musique-savante-1\/#primaryimage"},"thumbnailUrl":"https:\/\/www.iemj.org\/wp-content\/uploads\/2016\/05\/arton1666.jpg","datePublished":"2016-05-04T13:34:52+00:00","dateModified":"2025-05-27T15:58:16+00:00","breadcrumb":{"@id":"https:\/\/www.iemj.org\/es\/musique-savante-1\/#breadcrumb"},"inLanguage":"es","potentialAction":[{"@type":"ReadAction","target":["https:\/\/www.iemj.org\/es\/musique-savante-1\/"]}]},{"@type":"ImageObject","inLanguage":"es","@id":"https:\/\/www.iemj.org\/es\/musique-savante-1\/#primaryimage","url":"https:\/\/www.iemj.org\/wp-content\/uploads\/2016\/05\/arton1666.jpg","contentUrl":"https:\/\/www.iemj.org\/wp-content\/uploads\/2016\/05\/arton1666.jpg","width":500,"height":311},{"@type":"BreadcrumbList","@id":"https:\/\/www.iemj.org\/es\/musique-savante-1\/#breadcrumb","itemListElement":[{"@type":"ListItem","position":1,"name":"Accueil","item":"https:\/\/www.iemj.org\/es\/"},{"@type":"ListItem","position":2,"name":"M\u00fasica erudita 1"}]},{"@type":"WebSite","@id":"https:\/\/www.iemj.org\/es\/#website","url":"https:\/\/www.iemj.org\/es\/","name":"Institut Europ\u00e9en des Musiques Juives","description":"Des traditions musicales \u00e0 la port\u00e9e de tous","publisher":{"@id":"https:\/\/www.iemj.org\/es\/#organization"},"potentialAction":[{"@type":"SearchAction","target":{"@type":"EntryPoint","urlTemplate":"https:\/\/www.iemj.org\/es\/?s={search_term_string}"},"query-input":{"@type":"PropertyValueSpecification","valueRequired":true,"valueName":"search_term_string"}}],"inLanguage":"es"},{"@type":"Organization","@id":"https:\/\/www.iemj.org\/es\/#organization","name":"Institut Europ\u00e9en des Musiques Juives","url":"https:\/\/www.iemj.org\/es\/","logo":{"@type":"ImageObject","inLanguage":"es","@id":"https:\/\/www.iemj.org\/es\/#\/schema\/logo\/image\/","url":"https:\/\/www.iemj.org\/wp-content\/uploads\/2021\/09\/Logo-IEMJ-Paypal.jpg","contentUrl":"https:\/\/www.iemj.org\/wp-content\/uploads\/2021\/09\/Logo-IEMJ-Paypal.jpg","width":150,"height":50,"caption":"Institut Europ\u00e9en des Musiques Juives"},"image":{"@id":"https:\/\/www.iemj.org\/es\/#\/schema\/logo\/image\/"},"sameAs":["https:\/\/www.facebook.com\/MusiquesJuives\/","https:\/\/www.instagram.com\/musiquesjuives\/","https:\/\/www.youtube.com\/user\/musiquesjuives"]},{"@type":"Person","@id":"https:\/\/www.iemj.org\/es\/#\/schema\/person\/e2ad57f2c4be119c7ed8ab79036807a9","name":"Lea Couderc","image":{"@type":"ImageObject","inLanguage":"es","@id":"https:\/\/secure.gravatar.com\/avatar\/46ee021475d60aeff17a7e490b79dea5a5684bb392ab7fd1494027411df8ba23?s=96&d=mm&r=g","url":"https:\/\/secure.gravatar.com\/avatar\/46ee021475d60aeff17a7e490b79dea5a5684bb392ab7fd1494027411df8ba23?s=96&d=mm&r=g","contentUrl":"https:\/\/secure.gravatar.com\/avatar\/46ee021475d60aeff17a7e490b79dea5a5684bb392ab7fd1494027411df8ba23?s=96&d=mm&r=g","caption":"Lea Couderc"}}]}},"_links":{"self":[{"href":"https:\/\/www.iemj.org\/es\/wp-json\/wp\/v2\/posts\/73381","targetHints":{"allow":["GET"]}}],"collection":[{"href":"https:\/\/www.iemj.org\/es\/wp-json\/wp\/v2\/posts"}],"about":[{"href":"https:\/\/www.iemj.org\/es\/wp-json\/wp\/v2\/types\/post"}],"author":[{"embeddable":true,"href":"https:\/\/www.iemj.org\/es\/wp-json\/wp\/v2\/users\/1052"}],"replies":[{"embeddable":true,"href":"https:\/\/www.iemj.org\/es\/wp-json\/wp\/v2\/comments?post=73381"}],"version-history":[{"count":0,"href":"https:\/\/www.iemj.org\/es\/wp-json\/wp\/v2\/posts\/73381\/revisions"}],"wp:featuredmedia":[{"embeddable":true,"href":"https:\/\/www.iemj.org\/es\/wp-json\/wp\/v2\/media\/73382"}],"wp:attachment":[{"href":"https:\/\/www.iemj.org\/es\/wp-json\/wp\/v2\/media?parent=73381"}],"wp:term":[{"taxonomy":"category","embeddable":true,"href":"https:\/\/www.iemj.org\/es\/wp-json\/wp\/v2\/categories?post=73381"},{"taxonomy":"post_tag","embeddable":true,"href":"https:\/\/www.iemj.org\/es\/wp-json\/wp\/v2\/tags?post=73381"},{"taxonomy":"technique","embeddable":true,"href":"https:\/\/www.iemj.org\/es\/wp-json\/wp\/v2\/technique?post=73381"},{"taxonomy":"squelettes","embeddable":true,"href":"https:\/\/www.iemj.org\/es\/wp-json\/wp\/v2\/squelettes?post=73381"},{"taxonomy":"sujet","embeddable":true,"href":"https:\/\/www.iemj.org\/es\/wp-json\/wp\/v2\/sujet?post=73381"},{"taxonomy":"formation","embeddable":true,"href":"https:\/\/www.iemj.org\/es\/wp-json\/wp\/v2\/formation?post=73381"},{"taxonomy":"genre","embeddable":true,"href":"https:\/\/www.iemj.org\/es\/wp-json\/wp\/v2\/genre?post=73381"},{"taxonomy":"fonds","embeddable":true,"href":"https:\/\/www.iemj.org\/es\/wp-json\/wp\/v2\/fonds?post=73381"},{"taxonomy":"tradition","embeddable":true,"href":"https:\/\/www.iemj.org\/es\/wp-json\/wp\/v2\/tradition?post=73381"},{"taxonomy":"type-de-contenu","embeddable":true,"href":"https:\/\/www.iemj.org\/es\/wp-json\/wp\/v2\/type-de-contenu?post=73381"},{"taxonomy":"interprete-compositeur","embeddable":true,"href":"https:\/\/www.iemj.org\/es\/wp-json\/wp\/v2\/interprete-compositeur?post=73381"},{"taxonomy":"frise","embeddable":true,"href":"https:\/\/www.iemj.org\/es\/wp-json\/wp\/v2\/frise?post=73381"},{"taxonomy":"type-devenement","embeddable":true,"href":"https:\/\/www.iemj.org\/es\/wp-json\/wp\/v2\/type-devenement?post=73381"},{"taxonomy":"tableaux-liens-externes","embeddable":true,"href":"https:\/\/www.iemj.org\/es\/wp-json\/wp\/v2\/tableaux-liens-externes?post=73381"}],"curies":[{"name":"wp","href":"https:\/\/api.w.org\/{rel}","templated":true}]}}