{"id":73503,"date":"2016-03-07T17:33:00","date_gmt":"2016-03-07T16:33:00","guid":{"rendered":"https:\/\/www.iemj.org\/le-chant-des-femmes-dans-la-tradition-juive\/"},"modified":"2025-04-27T20:19:43","modified_gmt":"2025-04-27T18:19:43","slug":"le-chant-des-femmes-dans-la-tradition-juive","status":"publish","type":"post","link":"https:\/\/www.iemj.org\/es\/le-chant-des-femmes-dans-la-tradition-juive\/","title":{"rendered":"EL CANTO DE LAS MUJERES EN LA TRADICI\u00d3N JUD\u00cdA"},"content":{"rendered":"<p><!--more--><\/p>\n<p><strong>El lugar de la mujer en la tradici\u00f3n jud\u00eda es a menudo una fuente de controversia. La Halaj\u00e1 -la ley jud\u00eda- hace referencia generalmente a la mujer a su papel de guardiana del hogar y de educadora de sus hijos. No siempre ha sido as\u00ed.<\/strong><\/p>\n<p>Si nos remitimos al Libro de los Jueces que narra la historia de los hebreos, entre la conquista de la Tierra de Cana\u00e1n y la aparici\u00f3n de la realeza, una mujer ocupa un lugar de elecci\u00f3n. Se trata de D\u00e9bora, la cuarta jueza de Israel, profetisa y l\u00edder militar. Alrededor del siglo XIII a.C., convoc\u00f3 a un guerrero llamado Barak para que levantara un ej\u00e9rcito de las tribus de Neftal\u00ed y Zabul\u00f3n para derrotar al ej\u00e9rcito cananeo de S\u00edsara, al servicio del rey Yabin. Tras una feroz lucha, Sisera es asesinado por otra mujer, Yael. Y esta victoria conduce a la derrota final del rey cananeo Yabin. A continuaci\u00f3n, D\u00e9bora entona una canci\u00f3n con Barak, un verdadero canto de victoria que suena como una advertencia a los pr\u00edncipes y reyes extranjeros que podr\u00edan ser una amenaza para los hebreos.<\/p>\n<p>A trav\u00e9s de este relato b\u00edblico, surge la imagen de una mujer liberada, igual al hombre, que no duda en cantar con \u00e9l. Otra referencia a mujeres cantando tambi\u00e9n se menciona en la Biblia tras el cruce del Mar Rojo. Cuando las olas se cerraron sobre el ej\u00e9rcito del Fara\u00f3n, salvando a los hebreos en su huida, los hombres elevaron un himno al Se\u00f1or (<em>Shirat hayam<\/em>), luego la hermana de Mois\u00e9s, Miriam, y todas las mujeres bailaron y cantaron al son del pandero (\u00c9xodo, XV, 20-21). En este punto, hombres y mujeres se unen simb\u00f3licamente mediante el canto.<\/p>\n<p>Estas referencias b\u00edblicas no han impedido las autoridades rab\u00ednicas decretaran siglos despu\u00e9s que el canto de la mujer era impuro. Dado que la voz expresa desnudez, la Halaj\u00e1 estipula que una mujer no debe cantar en presencia de los hombres, para no distraerlos de la oraci\u00f3n y el estudio.<\/p>\n<p>Por eso, durante mucho tiempo, las canciones dom\u00e9sticas fueron patrimonio exclusivo de las mujeres. Eran canciones de cuna, canciones de boda, canciones de luto o lamento, todos los acontecimientos que jalonan el ciclo de la vida. Mientras que el repertorio masculino est\u00e1 generalmente dedicado al ciclo lit\u00fargico del a\u00f1o, el femenino est\u00e1 m\u00e1s vinculado a la vida cotidiana y a las preocupaciones materiales. Las canciones suelen ser en lengua vern\u00e1cula (\u00e1rabe, yiddish, judeoespa\u00f1ol, yemen\u00ed, etc.). La madre acuna al ni\u00f1o con la esperanza de un futuro brillante (<em>Durme querido hijico<\/em>). A veces lamenta la ausencia de su marido infiel. En algunas canciones judeoespa\u00f1olas, la infiel es la esposa. La madre tambi\u00e9n da consejos inestimables a su hija que est\u00e1 a punto de casarse. La suegra reprende a su nuera por haberle robado a su hijo. Por \u00faltimo, todav\u00eda existen pla\u00f1ideras \u00abprofesionales\u00bb en algunas comunidades jud\u00edas tradicionales.<\/p>\n<p>Sin embargo, hubo excepciones a esta regla. Se mencionan mujeres m\u00fasicas jud\u00edas en la Espa\u00f1a medieval <span class=\"footnote_referrer\"><a role=\"button\" tabindex=\"0\" onclick=\"footnote_moveToReference_73503_1('footnote_plugin_reference_73503_1_1');\" onkeypress=\"footnote_moveToReference_73503_1('footnote_plugin_reference_73503_1_1');\" ><sup id=\"footnote_plugin_tooltip_73503_1_1\" class=\"footnote_plugin_tooltip_text\">[1]<\/sup><\/a><span id=\"footnote_plugin_tooltip_text_73503_1_1\" class=\"footnote_tooltip\">v\u00e9ase la tesis de m\u00e1ster de Judith Cohen, <em>Le R\u00f4le des Femmes-Musiciennes dans l&#8217;Espagne M\u00e9di\u00e9vale dans les Communaut\u00e9s Chr\u00e9tienne, Juive et Musulmane<\/em>, Universit\u00e9 de Montr\u00e9al, 1980<\/span><\/span><script type=\"text\/javascript\"> jQuery('#footnote_plugin_tooltip_73503_1_1').tooltip({ tip: '#footnote_plugin_tooltip_text_73503_1_1', tipClass: 'footnote_tooltip', effect: 'fade', predelay: 0, fadeInSpeed: 200, delay: 400, fadeOutSpeed: 200, position: 'top center', relative: true, offset: [-7, 0], });<\/script>. En el mundo asquenaz\u00ed, diversas fuentes de los siglos XV al XVII recogen quejas sobre las mujeres que cantan en p\u00fablico. En el mundo \u00e1rabe de principios del siglo XX, como el canto estaba prohibido a las mujeres musulmanas, las m\u00e1s grandes cantantes eran a menudo jud\u00edas, como Leyla Sfez, Zohra al Fassiya, Louisa Tounisia, Fritna Darmon y la famosa Hbiba Msika, una mujer libre que controlaba su propio destino y era adulada no s\u00f3lo por la poblaci\u00f3n tunecina sino por todo Par\u00eds.<\/p>\n<p>En Europa Occidental, el nacimiento de la Haskala (el movimiento de la Ilustraci\u00f3n jud\u00eda) a mediados del siglo XVIII condujo a reformas dentro del juda\u00edsmo normativo. Varias mujeres accedieron a una educaci\u00f3n basada en la cultura occidental. Sin embargo, ser jud\u00eda en el siglo XIX supon\u00eda un doble obst\u00e1culo para las m\u00fasicas y compositoras, que ten\u00edan que enfrentarse al antisemitismo circundante y a una estricta divisi\u00f3n de papeles entre hombres y mujeres. Sus principales tareas eran cuidar de los hijos, la casa y el marido. Pero algunas mujeres fueron m\u00e1s all\u00e1 de estas visiones arcaicas y siguieron sus pasiones hasta el l\u00edmite. Fanny Mendelssohn-Hensel, nacida en 1805 y hermana del compositor Felix Mendelssohn, es un ejemplo perfecto. Aunque musicalmente ten\u00eda mucho talento, tuvo que prepararse, tras las advertencias de su padre, Abraham Mendelssohn, para su futuro papel de esposa modelo, y renunciar a sus \u00abflorituras\u00bb, que se interpondr\u00edan en su duro y continuo trabajo como ama de casa. Esto la enfurec\u00eda. Pero su marido, Wilhelm Hensel, reconoci\u00f3 su potencial creativo y la dej\u00f3 hacer lo que quisiera. Para su 29 cumplea\u00f1os, le hizo un cuadro en el que Fanny representaba a Myriam con una pandereta en la mano, s\u00edmbolo de la aceptaci\u00f3n de su arte.<\/p>\n<p>Hoy en d\u00eda, el canto de las mujeres se expresa de muchas maneras seg\u00fan el grado de religiosidad. En los c\u00edrculos ortodoxos, el canto de las mujeres est\u00e1 estrictamente regulado por la <em>Halaj\u00e1<\/em> Entre los tradicionalistas, las mujeres mezclan sus voces con los hombres, pero cada uno ocupa un lugar separado en la sinagoga. Entre los liberales, las mujeres cantan libremente, sentadas junto a los hombres, ostentan el cargo de jazzanit (femenino de jazz\u00e1n que significa cantante). Por \u00faltimo, entre los jud\u00edos no religiosos, que sin embargo siguen apegados a su identidad jud\u00eda, el canto se ha convertido en un identificador altamente simb\u00f3lico, lo que explica el renovado inter\u00e9s por las canciones en yiddish, judeoespa\u00f1ol o \u00e1rabe interpretadas por int\u00e9rpretes masculinos y femeninos.<\/p>\n<p><a href=\"https:\/\/www.iemj.org\/le-chant-judeo-espagnol-des-femmes-du-maroc\/\" target=\"_blank\" rel=\"noopener\">Escuchar la emisi\u00f3n de radio: Le chant jud\u00e9o-espagnol des femmes du Maroc [El canto judeo-espa\u00f1ol de las mujeres de Marruecos]<\/a><br \/><a href=\"https:\/\/www.iemj.org\/es\/maayan-de-landalousie-a-lorient-le-chant-des-femmes-sepharades\/\" target=\"_blank\" rel=\"noopener\">Descubrir el espect\u00e1culo de Na\u00efma Chemoul (Maayan): De l\u2019Andalousie \u00e0 l\u2019Orient\u2026 Le chant des femmes s\u00e9pharades [De Andaluc\u00eda al Oriente&#8230; El canto de las mujeres sefard\u00edes]<\/a><\/p>\n<p><img fetchpriority=\"high\" decoding=\"async\" class=\" aligncenter size-full wp-image-9539\" src=\"https:\/\/www.iemj.org\/wp-content\/uploads\/2016\/03\/doc_femmes_et_musiques_juives500.jpg\" alt=\"doc_femmes_et_musiques_juives500.jpg\" width=\"500\" height=\"330\" align=\"middle\" \/><\/p>\n\n<div class=\"wp-block-image\">\n<figure class=\"aligncenter size-large\"><img decoding=\"async\" width=\"1024\" height=\"133\" src=\"https:\/\/www.iemj.org\/wp-content\/uploads\/2024\/03\/AUDIO-PLAYER-1024x133.png\" alt=\"\" class=\"wp-image-110610\" srcset=\"https:\/\/www.iemj.org\/wp-content\/uploads\/2024\/03\/AUDIO-PLAYER-1024x133.png 1024w, https:\/\/www.iemj.org\/wp-content\/uploads\/2024\/03\/AUDIO-PLAYER-300x39.png 300w, https:\/\/www.iemj.org\/wp-content\/uploads\/2024\/03\/AUDIO-PLAYER-768x100.png 768w, https:\/\/www.iemj.org\/wp-content\/uploads\/2024\/03\/AUDIO-PLAYER-600x78.png 600w, https:\/\/www.iemj.org\/wp-content\/uploads\/2024\/03\/AUDIO-PLAYER.png 1210w\" sizes=\"(max-width: 1024px) 100vw, 1024px\" \/><\/figure>\n<\/div>\n\n\n<h2 class=\"wp-block-heading\"><\/h2>\n\n\n\n<div class=\"wp-block-file\"><a href=\"https:\/\/www.iemj.org\/wp-content\/uploads\/2016\/02\/a_meinsele_-_sarah_gorby.mp3\">A Meinsele &#8211; Sarah GORBY<\/a><\/div>\n\n\n\n<div class=\"wp-block-file\"><a href=\"https:\/\/www.iemj.org\/wp-content\/uploads\/2016\/02\/be_gani_neta_atikha_-_chava_alberstein.mp3\">Be gani neta atikha &#8211; Chava ALBERSTEIN<\/a><\/div>\n\n\n\n<div class=\"wp-block-file\"><a href=\"https:\/\/www.iemj.org\/wp-content\/uploads\/2016\/02\/die_mame_is_gegangen_-_talila.mp3\">Die mame is gegangen &#8211; TALILA<\/a><\/div>\n\n\n\n<div class=\"wp-block-file\"><a href=\"https:\/\/www.iemj.org\/wp-content\/uploads\/2016\/02\/djesmifani_-_line_monty.mp3\">Djesmifani &#8211; Line MONTY<\/a><\/div>\n\n\n\n<div class=\"wp-block-file\"><a href=\"https:\/\/www.iemj.org\/wp-content\/uploads\/2016\/02\/dodim_doday_-_rika_zarai.mp3\">Dodim Doday &#8211; Rika ZARAI<\/a><\/div>\n\n\n\n<div class=\"wp-block-file\"><a href=\"https:\/\/www.iemj.org\/wp-content\/uploads\/2016\/02\/hayo_hayu_ey_paam_bachurim_-_shoshana_damari.mp3\">Hayo hayu ey paam bachurim &#8211; Shoshana DAMARI<\/a><\/div>\n\n\n\n<div class=\"wp-block-file\"><a href=\"https:\/\/www.iemj.org\/wp-content\/uploads\/2016\/02\/interdit_par_la_loi_-_esther_galil.mp3\">Interdit par la loi &#8211; Esther GALIL<\/a><\/div>\n\n\n\n<div class=\"wp-block-file\"><a href=\"https:\/\/www.iemj.org\/wp-content\/uploads\/2016\/02\/itzikl_-_leiele_fisher.mp3\">Itzikl &#8211; Lei\u00e9l\u00e9 FISHER<\/a><\/div>\n\n\n\n<div class=\"wp-block-file\"><a href=\"https:\/\/www.iemj.org\/wp-content\/uploads\/2016\/02\/mi_nuera_-_keren_esther.mp3\">Mi nuera &#8211; Keren ESTHER<\/a><\/div>\n\n\n\n<div class=\"wp-block-file\"><a href=\"https:\/\/www.iemj.org\/wp-content\/uploads\/2016\/02\/one_more_day_-_yardena_arazi.mp3\">One more day &#8211; Yardena ARAZI<\/a><\/div>\n\n\n\n<div class=\"wp-block-file\"><a href=\"https:\/\/www.iemj.org\/wp-content\/uploads\/2016\/02\/shir_al_eyts_-_yaffa_yarkoni.mp3\">Shir al eyts &#8211; Yaffa YARKONI<\/a><\/div>\n\n\n\n<div class=\"wp-block-file\"><a href=\"https:\/\/www.iemj.org\/wp-content\/uploads\/2016\/02\/shpilt_klezmorim_-_ruth_maimon.mp3\">Shpilt klezmorim &#8211; Ruth MAIMON<\/a><\/div>\n<div class=\"speaker-mute footnotes_reference_container\"> <div class=\"footnote_container_prepare\"><p><span role=\"button\" tabindex=\"0\" class=\"footnote_reference_container_label pointer\" onclick=\"footnote_expand_collapse_reference_container_73503_1();\">&#x202F;<\/span><span role=\"button\" tabindex=\"0\" class=\"footnote_reference_container_collapse_button\" style=\"display: none;\" onclick=\"footnote_expand_collapse_reference_container_73503_1();\">[<a id=\"footnote_reference_container_collapse_button_73503_1\">+<\/a>]<\/span><\/p><\/div> <div id=\"footnote_references_container_73503_1\" style=\"\"><table class=\"footnotes_table footnote-reference-container\"><caption class=\"accessibility\">References<\/caption> <tbody> \r\n\r\n<tr class=\"footnotes_plugin_reference_row\"> <th scope=\"row\" class=\"footnote_plugin_index_combi pointer\"  onclick=\"footnote_moveToAnchor_73503_1('footnote_plugin_tooltip_73503_1_1');\"><a id=\"footnote_plugin_reference_73503_1_1\" class=\"footnote_backlink\">1<\/a><\/th> <td class=\"footnote_plugin_text\">v\u00e9ase la tesis de m\u00e1ster de Judith Cohen, <em>Le R\u00f4le des Femmes-Musiciennes dans l&#8217;Espagne M\u00e9di\u00e9vale dans les Communaut\u00e9s Chr\u00e9tienne, Juive et Musulmane<\/em>, Universit\u00e9 de Montr\u00e9al, 1980<\/td><\/tr>\r\n\r\n <\/tbody> <\/table> <\/div><\/div><script type=\"text\/javascript\"> function footnote_expand_reference_container_73503_1() { jQuery('#footnote_references_container_73503_1').show(); jQuery('#footnote_reference_container_collapse_button_73503_1').text('\u2212'); } function footnote_collapse_reference_container_73503_1() { jQuery('#footnote_references_container_73503_1').hide(); jQuery('#footnote_reference_container_collapse_button_73503_1').text('+'); } function footnote_expand_collapse_reference_container_73503_1() { if (jQuery('#footnote_references_container_73503_1').is(':hidden')) { footnote_expand_reference_container_73503_1(); } else { footnote_collapse_reference_container_73503_1(); } } function footnote_moveToReference_73503_1(p_str_TargetID) { footnote_expand_reference_container_73503_1(); var l_obj_Target = jQuery('#' + p_str_TargetID); if (l_obj_Target.length) { jQuery( 'html, body' ).delay( 0 ); jQuery('html, body').animate({ scrollTop: l_obj_Target.offset().top - window.innerHeight * 0.2 }, 380); } } function footnote_moveToAnchor_73503_1(p_str_TargetID) { footnote_expand_reference_container_73503_1(); var l_obj_Target = jQuery('#' + p_str_TargetID); if (l_obj_Target.length) { jQuery( 'html, body' ).delay( 0 ); jQuery('html, body').animate({ scrollTop: l_obj_Target.offset().top - window.innerHeight * 0.2 }, 380); } }<\/script>","protected":false},"excerpt":{"rendered":"","protected":false},"author":1052,"featured_media":73504,"comment_status":"closed","ping_status":"open","sticky":false,"template":"","format":"standard","meta":{"_acf_changed":false,"footnotes":""},"categories":[1535],"tags":[],"technique":[],"squelettes":[],"sujet":[],"formation":[],"genre":[],"fonds":[],"tradition":[],"type-de-contenu":[],"interprete-compositeur":[],"frise":[],"type-devenement":[],"tableaux-liens-externes":[],"class_list":["post-73503","post","type-post","status-publish","format-standard","has-post-thumbnail","hentry","category-listas-de-reproduccion-es"],"acf":[],"yoast_head":"<!-- This site is optimized with the Yoast SEO plugin v27.3 - https:\/\/yoast.com\/product\/yoast-seo-wordpress\/ -->\n<title>EL CANTO DE LAS MUJERES EN LA TRADICI\u00d3N JUD\u00cdA - Institut Europ\u00e9en des Musiques Juives<\/title>\n<meta name=\"robots\" content=\"index, follow, max-snippet:-1, max-image-preview:large, max-video-preview:-1\" \/>\n<link rel=\"canonical\" href=\"https:\/\/www.iemj.org\/es\/le-chant-des-femmes-dans-la-tradition-juive\/\" \/>\n<meta property=\"og:locale\" content=\"es_ES\" \/>\n<meta property=\"og:type\" content=\"article\" \/>\n<meta property=\"og:title\" content=\"EL CANTO DE LAS MUJERES EN LA TRADICI\u00d3N JUD\u00cdA - Institut Europ\u00e9en des Musiques Juives\" \/>\n<meta property=\"og:url\" content=\"https:\/\/www.iemj.org\/es\/le-chant-des-femmes-dans-la-tradition-juive\/\" \/>\n<meta property=\"og:site_name\" content=\"Institut Europ\u00e9en des Musiques Juives\" \/>\n<meta property=\"article:publisher\" content=\"https:\/\/www.facebook.com\/MusiquesJuives\/\" \/>\n<meta property=\"article:published_time\" content=\"2016-03-07T16:33:00+00:00\" \/>\n<meta property=\"article:modified_time\" content=\"2025-04-27T18:19:43+00:00\" \/>\n<meta property=\"og:image\" content=\"https:\/\/www.iemj.org\/wp-content\/uploads\/2016\/03\/arton1503.jpg\" \/>\n\t<meta property=\"og:image:width\" content=\"500\" \/>\n\t<meta property=\"og:image:height\" content=\"522\" \/>\n\t<meta property=\"og:image:type\" content=\"image\/jpeg\" \/>\n<meta name=\"author\" content=\"Lea Couderc\" \/>\n<meta name=\"twitter:card\" content=\"summary_large_image\" \/>\n<meta name=\"twitter:label1\" content=\"Escrito por\" \/>\n\t<meta name=\"twitter:data1\" content=\"Lea Couderc\" \/>\n\t<meta name=\"twitter:label2\" content=\"Tiempo de lectura\" \/>\n\t<meta name=\"twitter:data2\" content=\"6 minutos\" \/>\n<script type=\"application\/ld+json\" class=\"yoast-schema-graph\">{\"@context\":\"https:\\\/\\\/schema.org\",\"@graph\":[{\"@type\":\"Article\",\"@id\":\"https:\\\/\\\/www.iemj.org\\\/es\\\/le-chant-des-femmes-dans-la-tradition-juive\\\/#article\",\"isPartOf\":{\"@id\":\"https:\\\/\\\/www.iemj.org\\\/es\\\/le-chant-des-femmes-dans-la-tradition-juive\\\/\"},\"author\":{\"name\":\"Lea Couderc\",\"@id\":\"https:\\\/\\\/www.iemj.org\\\/es\\\/#\\\/schema\\\/person\\\/e2ad57f2c4be119c7ed8ab79036807a9\"},\"headline\":\"EL CANTO DE LAS MUJERES EN LA TRADICI\u00d3N JUD\u00cdA\",\"datePublished\":\"2016-03-07T16:33:00+00:00\",\"dateModified\":\"2025-04-27T18:19:43+00:00\",\"mainEntityOfPage\":{\"@id\":\"https:\\\/\\\/www.iemj.org\\\/es\\\/le-chant-des-femmes-dans-la-tradition-juive\\\/\"},\"wordCount\":1150,\"publisher\":{\"@id\":\"https:\\\/\\\/www.iemj.org\\\/es\\\/#organization\"},\"image\":{\"@id\":\"https:\\\/\\\/www.iemj.org\\\/es\\\/le-chant-des-femmes-dans-la-tradition-juive\\\/#primaryimage\"},\"thumbnailUrl\":\"https:\\\/\\\/www.iemj.org\\\/wp-content\\\/uploads\\\/2016\\\/03\\\/arton1503.jpg\",\"articleSection\":[\"Listas de reproducci\u00f3n\"],\"inLanguage\":\"es\"},{\"@type\":\"WebPage\",\"@id\":\"https:\\\/\\\/www.iemj.org\\\/es\\\/le-chant-des-femmes-dans-la-tradition-juive\\\/\",\"url\":\"https:\\\/\\\/www.iemj.org\\\/es\\\/le-chant-des-femmes-dans-la-tradition-juive\\\/\",\"name\":\"EL CANTO DE LAS MUJERES EN LA TRADICI\u00d3N JUD\u00cdA - Institut Europ\u00e9en des Musiques Juives\",\"isPartOf\":{\"@id\":\"https:\\\/\\\/www.iemj.org\\\/es\\\/#website\"},\"primaryImageOfPage\":{\"@id\":\"https:\\\/\\\/www.iemj.org\\\/es\\\/le-chant-des-femmes-dans-la-tradition-juive\\\/#primaryimage\"},\"image\":{\"@id\":\"https:\\\/\\\/www.iemj.org\\\/es\\\/le-chant-des-femmes-dans-la-tradition-juive\\\/#primaryimage\"},\"thumbnailUrl\":\"https:\\\/\\\/www.iemj.org\\\/wp-content\\\/uploads\\\/2016\\\/03\\\/arton1503.jpg\",\"datePublished\":\"2016-03-07T16:33:00+00:00\",\"dateModified\":\"2025-04-27T18:19:43+00:00\",\"breadcrumb\":{\"@id\":\"https:\\\/\\\/www.iemj.org\\\/es\\\/le-chant-des-femmes-dans-la-tradition-juive\\\/#breadcrumb\"},\"inLanguage\":\"es\",\"potentialAction\":[{\"@type\":\"ReadAction\",\"target\":[\"https:\\\/\\\/www.iemj.org\\\/es\\\/le-chant-des-femmes-dans-la-tradition-juive\\\/\"]}]},{\"@type\":\"ImageObject\",\"inLanguage\":\"es\",\"@id\":\"https:\\\/\\\/www.iemj.org\\\/es\\\/le-chant-des-femmes-dans-la-tradition-juive\\\/#primaryimage\",\"url\":\"https:\\\/\\\/www.iemj.org\\\/wp-content\\\/uploads\\\/2016\\\/03\\\/arton1503.jpg\",\"contentUrl\":\"https:\\\/\\\/www.iemj.org\\\/wp-content\\\/uploads\\\/2016\\\/03\\\/arton1503.jpg\",\"width\":500,\"height\":522},{\"@type\":\"BreadcrumbList\",\"@id\":\"https:\\\/\\\/www.iemj.org\\\/es\\\/le-chant-des-femmes-dans-la-tradition-juive\\\/#breadcrumb\",\"itemListElement\":[{\"@type\":\"ListItem\",\"position\":1,\"name\":\"Accueil\",\"item\":\"https:\\\/\\\/www.iemj.org\\\/es\\\/\"},{\"@type\":\"ListItem\",\"position\":2,\"name\":\"EL CANTO DE LAS MUJERES EN LA TRADICI\u00d3N JUD\u00cdA\"}]},{\"@type\":\"WebSite\",\"@id\":\"https:\\\/\\\/www.iemj.org\\\/es\\\/#website\",\"url\":\"https:\\\/\\\/www.iemj.org\\\/es\\\/\",\"name\":\"Institut Europ\u00e9en des Musiques Juives\",\"description\":\"Des traditions musicales \u00e0 la port\u00e9e de tous\",\"publisher\":{\"@id\":\"https:\\\/\\\/www.iemj.org\\\/es\\\/#organization\"},\"potentialAction\":[{\"@type\":\"SearchAction\",\"target\":{\"@type\":\"EntryPoint\",\"urlTemplate\":\"https:\\\/\\\/www.iemj.org\\\/es\\\/?s={search_term_string}\"},\"query-input\":{\"@type\":\"PropertyValueSpecification\",\"valueRequired\":true,\"valueName\":\"search_term_string\"}}],\"inLanguage\":\"es\"},{\"@type\":\"Organization\",\"@id\":\"https:\\\/\\\/www.iemj.org\\\/es\\\/#organization\",\"name\":\"Institut Europ\u00e9en des Musiques Juives\",\"url\":\"https:\\\/\\\/www.iemj.org\\\/es\\\/\",\"logo\":{\"@type\":\"ImageObject\",\"inLanguage\":\"es\",\"@id\":\"https:\\\/\\\/www.iemj.org\\\/es\\\/#\\\/schema\\\/logo\\\/image\\\/\",\"url\":\"https:\\\/\\\/www.iemj.org\\\/wp-content\\\/uploads\\\/2021\\\/09\\\/Logo-IEMJ-Paypal.jpg\",\"contentUrl\":\"https:\\\/\\\/www.iemj.org\\\/wp-content\\\/uploads\\\/2021\\\/09\\\/Logo-IEMJ-Paypal.jpg\",\"width\":150,\"height\":50,\"caption\":\"Institut Europ\u00e9en des Musiques Juives\"},\"image\":{\"@id\":\"https:\\\/\\\/www.iemj.org\\\/es\\\/#\\\/schema\\\/logo\\\/image\\\/\"},\"sameAs\":[\"https:\\\/\\\/www.facebook.com\\\/MusiquesJuives\\\/\",\"https:\\\/\\\/www.instagram.com\\\/musiquesjuives\\\/\",\"https:\\\/\\\/www.youtube.com\\\/user\\\/musiquesjuives\"]},{\"@type\":\"Person\",\"@id\":\"https:\\\/\\\/www.iemj.org\\\/es\\\/#\\\/schema\\\/person\\\/e2ad57f2c4be119c7ed8ab79036807a9\",\"name\":\"Lea Couderc\",\"image\":{\"@type\":\"ImageObject\",\"inLanguage\":\"es\",\"@id\":\"https:\\\/\\\/secure.gravatar.com\\\/avatar\\\/46ee021475d60aeff17a7e490b79dea5a5684bb392ab7fd1494027411df8ba23?s=96&d=mm&r=g\",\"url\":\"https:\\\/\\\/secure.gravatar.com\\\/avatar\\\/46ee021475d60aeff17a7e490b79dea5a5684bb392ab7fd1494027411df8ba23?s=96&d=mm&r=g\",\"contentUrl\":\"https:\\\/\\\/secure.gravatar.com\\\/avatar\\\/46ee021475d60aeff17a7e490b79dea5a5684bb392ab7fd1494027411df8ba23?s=96&d=mm&r=g\",\"caption\":\"Lea Couderc\"}}]}<\/script>\n<!-- \/ Yoast SEO plugin. -->","yoast_head_json":{"title":"EL CANTO DE LAS MUJERES EN LA TRADICI\u00d3N JUD\u00cdA - Institut Europ\u00e9en des Musiques Juives","robots":{"index":"index","follow":"follow","max-snippet":"max-snippet:-1","max-image-preview":"max-image-preview:large","max-video-preview":"max-video-preview:-1"},"canonical":"https:\/\/www.iemj.org\/es\/le-chant-des-femmes-dans-la-tradition-juive\/","og_locale":"es_ES","og_type":"article","og_title":"EL CANTO DE LAS MUJERES EN LA TRADICI\u00d3N JUD\u00cdA - Institut Europ\u00e9en des Musiques Juives","og_url":"https:\/\/www.iemj.org\/es\/le-chant-des-femmes-dans-la-tradition-juive\/","og_site_name":"Institut Europ\u00e9en des Musiques Juives","article_publisher":"https:\/\/www.facebook.com\/MusiquesJuives\/","article_published_time":"2016-03-07T16:33:00+00:00","article_modified_time":"2025-04-27T18:19:43+00:00","og_image":[{"width":500,"height":522,"url":"https:\/\/www.iemj.org\/wp-content\/uploads\/2016\/03\/arton1503.jpg","type":"image\/jpeg"}],"author":"Lea Couderc","twitter_card":"summary_large_image","twitter_misc":{"Escrito por":"Lea Couderc","Tiempo de lectura":"6 minutos"},"schema":{"@context":"https:\/\/schema.org","@graph":[{"@type":"Article","@id":"https:\/\/www.iemj.org\/es\/le-chant-des-femmes-dans-la-tradition-juive\/#article","isPartOf":{"@id":"https:\/\/www.iemj.org\/es\/le-chant-des-femmes-dans-la-tradition-juive\/"},"author":{"name":"Lea Couderc","@id":"https:\/\/www.iemj.org\/es\/#\/schema\/person\/e2ad57f2c4be119c7ed8ab79036807a9"},"headline":"EL CANTO DE LAS MUJERES EN LA TRADICI\u00d3N JUD\u00cdA","datePublished":"2016-03-07T16:33:00+00:00","dateModified":"2025-04-27T18:19:43+00:00","mainEntityOfPage":{"@id":"https:\/\/www.iemj.org\/es\/le-chant-des-femmes-dans-la-tradition-juive\/"},"wordCount":1150,"publisher":{"@id":"https:\/\/www.iemj.org\/es\/#organization"},"image":{"@id":"https:\/\/www.iemj.org\/es\/le-chant-des-femmes-dans-la-tradition-juive\/#primaryimage"},"thumbnailUrl":"https:\/\/www.iemj.org\/wp-content\/uploads\/2016\/03\/arton1503.jpg","articleSection":["Listas de reproducci\u00f3n"],"inLanguage":"es"},{"@type":"WebPage","@id":"https:\/\/www.iemj.org\/es\/le-chant-des-femmes-dans-la-tradition-juive\/","url":"https:\/\/www.iemj.org\/es\/le-chant-des-femmes-dans-la-tradition-juive\/","name":"EL CANTO DE LAS MUJERES EN LA TRADICI\u00d3N JUD\u00cdA - Institut Europ\u00e9en des Musiques Juives","isPartOf":{"@id":"https:\/\/www.iemj.org\/es\/#website"},"primaryImageOfPage":{"@id":"https:\/\/www.iemj.org\/es\/le-chant-des-femmes-dans-la-tradition-juive\/#primaryimage"},"image":{"@id":"https:\/\/www.iemj.org\/es\/le-chant-des-femmes-dans-la-tradition-juive\/#primaryimage"},"thumbnailUrl":"https:\/\/www.iemj.org\/wp-content\/uploads\/2016\/03\/arton1503.jpg","datePublished":"2016-03-07T16:33:00+00:00","dateModified":"2025-04-27T18:19:43+00:00","breadcrumb":{"@id":"https:\/\/www.iemj.org\/es\/le-chant-des-femmes-dans-la-tradition-juive\/#breadcrumb"},"inLanguage":"es","potentialAction":[{"@type":"ReadAction","target":["https:\/\/www.iemj.org\/es\/le-chant-des-femmes-dans-la-tradition-juive\/"]}]},{"@type":"ImageObject","inLanguage":"es","@id":"https:\/\/www.iemj.org\/es\/le-chant-des-femmes-dans-la-tradition-juive\/#primaryimage","url":"https:\/\/www.iemj.org\/wp-content\/uploads\/2016\/03\/arton1503.jpg","contentUrl":"https:\/\/www.iemj.org\/wp-content\/uploads\/2016\/03\/arton1503.jpg","width":500,"height":522},{"@type":"BreadcrumbList","@id":"https:\/\/www.iemj.org\/es\/le-chant-des-femmes-dans-la-tradition-juive\/#breadcrumb","itemListElement":[{"@type":"ListItem","position":1,"name":"Accueil","item":"https:\/\/www.iemj.org\/es\/"},{"@type":"ListItem","position":2,"name":"EL CANTO DE LAS MUJERES EN LA TRADICI\u00d3N JUD\u00cdA"}]},{"@type":"WebSite","@id":"https:\/\/www.iemj.org\/es\/#website","url":"https:\/\/www.iemj.org\/es\/","name":"Institut Europ\u00e9en des Musiques Juives","description":"Des traditions musicales \u00e0 la port\u00e9e de tous","publisher":{"@id":"https:\/\/www.iemj.org\/es\/#organization"},"potentialAction":[{"@type":"SearchAction","target":{"@type":"EntryPoint","urlTemplate":"https:\/\/www.iemj.org\/es\/?s={search_term_string}"},"query-input":{"@type":"PropertyValueSpecification","valueRequired":true,"valueName":"search_term_string"}}],"inLanguage":"es"},{"@type":"Organization","@id":"https:\/\/www.iemj.org\/es\/#organization","name":"Institut Europ\u00e9en des Musiques Juives","url":"https:\/\/www.iemj.org\/es\/","logo":{"@type":"ImageObject","inLanguage":"es","@id":"https:\/\/www.iemj.org\/es\/#\/schema\/logo\/image\/","url":"https:\/\/www.iemj.org\/wp-content\/uploads\/2021\/09\/Logo-IEMJ-Paypal.jpg","contentUrl":"https:\/\/www.iemj.org\/wp-content\/uploads\/2021\/09\/Logo-IEMJ-Paypal.jpg","width":150,"height":50,"caption":"Institut Europ\u00e9en des Musiques Juives"},"image":{"@id":"https:\/\/www.iemj.org\/es\/#\/schema\/logo\/image\/"},"sameAs":["https:\/\/www.facebook.com\/MusiquesJuives\/","https:\/\/www.instagram.com\/musiquesjuives\/","https:\/\/www.youtube.com\/user\/musiquesjuives"]},{"@type":"Person","@id":"https:\/\/www.iemj.org\/es\/#\/schema\/person\/e2ad57f2c4be119c7ed8ab79036807a9","name":"Lea Couderc","image":{"@type":"ImageObject","inLanguage":"es","@id":"https:\/\/secure.gravatar.com\/avatar\/46ee021475d60aeff17a7e490b79dea5a5684bb392ab7fd1494027411df8ba23?s=96&d=mm&r=g","url":"https:\/\/secure.gravatar.com\/avatar\/46ee021475d60aeff17a7e490b79dea5a5684bb392ab7fd1494027411df8ba23?s=96&d=mm&r=g","contentUrl":"https:\/\/secure.gravatar.com\/avatar\/46ee021475d60aeff17a7e490b79dea5a5684bb392ab7fd1494027411df8ba23?s=96&d=mm&r=g","caption":"Lea Couderc"}}]}},"_links":{"self":[{"href":"https:\/\/www.iemj.org\/es\/wp-json\/wp\/v2\/posts\/73503","targetHints":{"allow":["GET"]}}],"collection":[{"href":"https:\/\/www.iemj.org\/es\/wp-json\/wp\/v2\/posts"}],"about":[{"href":"https:\/\/www.iemj.org\/es\/wp-json\/wp\/v2\/types\/post"}],"author":[{"embeddable":true,"href":"https:\/\/www.iemj.org\/es\/wp-json\/wp\/v2\/users\/1052"}],"replies":[{"embeddable":true,"href":"https:\/\/www.iemj.org\/es\/wp-json\/wp\/v2\/comments?post=73503"}],"version-history":[{"count":0,"href":"https:\/\/www.iemj.org\/es\/wp-json\/wp\/v2\/posts\/73503\/revisions"}],"wp:featuredmedia":[{"embeddable":true,"href":"https:\/\/www.iemj.org\/es\/wp-json\/wp\/v2\/media\/73504"}],"wp:attachment":[{"href":"https:\/\/www.iemj.org\/es\/wp-json\/wp\/v2\/media?parent=73503"}],"wp:term":[{"taxonomy":"category","embeddable":true,"href":"https:\/\/www.iemj.org\/es\/wp-json\/wp\/v2\/categories?post=73503"},{"taxonomy":"post_tag","embeddable":true,"href":"https:\/\/www.iemj.org\/es\/wp-json\/wp\/v2\/tags?post=73503"},{"taxonomy":"technique","embeddable":true,"href":"https:\/\/www.iemj.org\/es\/wp-json\/wp\/v2\/technique?post=73503"},{"taxonomy":"squelettes","embeddable":true,"href":"https:\/\/www.iemj.org\/es\/wp-json\/wp\/v2\/squelettes?post=73503"},{"taxonomy":"sujet","embeddable":true,"href":"https:\/\/www.iemj.org\/es\/wp-json\/wp\/v2\/sujet?post=73503"},{"taxonomy":"formation","embeddable":true,"href":"https:\/\/www.iemj.org\/es\/wp-json\/wp\/v2\/formation?post=73503"},{"taxonomy":"genre","embeddable":true,"href":"https:\/\/www.iemj.org\/es\/wp-json\/wp\/v2\/genre?post=73503"},{"taxonomy":"fonds","embeddable":true,"href":"https:\/\/www.iemj.org\/es\/wp-json\/wp\/v2\/fonds?post=73503"},{"taxonomy":"tradition","embeddable":true,"href":"https:\/\/www.iemj.org\/es\/wp-json\/wp\/v2\/tradition?post=73503"},{"taxonomy":"type-de-contenu","embeddable":true,"href":"https:\/\/www.iemj.org\/es\/wp-json\/wp\/v2\/type-de-contenu?post=73503"},{"taxonomy":"interprete-compositeur","embeddable":true,"href":"https:\/\/www.iemj.org\/es\/wp-json\/wp\/v2\/interprete-compositeur?post=73503"},{"taxonomy":"frise","embeddable":true,"href":"https:\/\/www.iemj.org\/es\/wp-json\/wp\/v2\/frise?post=73503"},{"taxonomy":"type-devenement","embeddable":true,"href":"https:\/\/www.iemj.org\/es\/wp-json\/wp\/v2\/type-devenement?post=73503"},{"taxonomy":"tableaux-liens-externes","embeddable":true,"href":"https:\/\/www.iemj.org\/es\/wp-json\/wp\/v2\/tableaux-liens-externes?post=73503"}],"curies":[{"name":"wp","href":"https:\/\/api.w.org\/{rel}","templated":true}]}}