{"id":73524,"date":"2015-12-23T11:35:00","date_gmt":"2015-12-23T10:35:00","guid":{"rendered":"https:\/\/www.iemj.org\/itineraire-de-la-chanson-juive-en-france\/"},"modified":"2025-04-16T19:46:43","modified_gmt":"2025-04-16T17:46:43","slug":"itineraire-de-la-chanson-juive-en-france","status":"publish","type":"post","link":"https:\/\/www.iemj.org\/es\/itineraire-de-la-chanson-juive-en-france\/","title":{"rendered":"ITINERARIO DE LA CANCI\u00d3N JUD\u00cdA EN FRANCIA"},"content":{"rendered":"<p><strong>Un viaje musical a trav\u00e9s de una selecci\u00f3n representativa de canciones jud\u00edas, desde el siglo XIII hasta la actualidad, cantadas o publicadas en Francia<\/strong><\/p>\n<p><!--more--><\/p>\n<p>En el siglo XIII, Francia era una tierra de elecci\u00f3n para los jud\u00edos. En el sur viv\u00edan los jud\u00edos de la lengua de oc, en el norte los que hablaban la lengua de o\u00edl. Influidos por las m\u00fasicas locales y la poes\u00eda de los trovadores y troveros, los jud\u00edos adaptaron las canciones de su \u00e9poca con letras que cuentan su vida. A veces anotadas, estas canciones jud\u00edas han sido recientemente el objeto de varias reconstrucciones musicales fascinantes.<\/p>\n<p>Pero la canci\u00f3n jud\u00eda en Francia no se detuvo en la Edad Media. A pesar de las numerosas expulsiones de jud\u00edos de Francia, se encuentra en el siglo XVIII en el antiguo Condado Venaissin y en las comunidades portuguesas del suroeste de Francia. Pero fue en los siglos XIX y XX cuando la canci\u00f3n jud\u00eda se dispara: cantos en yiddish de los jud\u00edos de Europa del Este que hu\u00edan de los pogromos, cantos en judeo-espa\u00f1ol o en \u00e1rabe de los jud\u00edos del Imperio Otomano o del Magreb.<\/p>\n<p>Hoy en d\u00eda, la canci\u00f3n jud\u00eda est\u00e1 experimentando un verdadero renacimiento. Numerosos artistas se han propuesto reconquistar un repertorio de infinita riqueza. Entre la fidelidad y la creatividad, est\u00e1n rompiendo las fronteras e insertando las canciones jud\u00edas en la corriente de la World Music.<\/p>\n<p><strong>Lista de los cantos:<\/strong><\/p>\n<ol>\n<li>Messies qu\u2019entendes, <a href=\"https:\/\/www.iemj.org\/es\/musiques-judeo-francaises-des-xviiie-et-xixe-siecles\/\" target=\"_blank\" rel=\"noopener\">Musiques Judeo-Francaises des XVIII\u00b0 et XIX\u00b0 Siecles, \u00e9d IEMJ<\/a><\/li>\n<li>El-givat ha-levona : Chanson de mariage, <a href=\"https:\/\/www.iemj.org\/es\/juifs-et-trouveres\/\" target=\"_blank\" rel=\"noopener\">Juifs et Trouv\u00e8res, \u00e9d IEMJ<\/a><\/li>\n<li>B\u00e9nissez-nous, Dieu de lumi\u00e8re, <a href=\"https:\/\/www.iemj.org\/es\/musiques-de-la-synagogue-de-bordeaux\/\" target=\"_blank\" rel=\"noopener\">Musiques de la Synagogue de Bordeaux, \u00e9d IEMJ<\/a><\/li>\n<li>Avre tu Puerta Cerrada, <a href=\"https:\/\/www.iemj.org\/es\/variations-ladino\/\" target=\"_blank\" rel=\"noopener\">Variations Ladino, \u00e9d IEMJ<\/a><\/li>\n<li>Ya Lahraymiya, Tr\u00e9sors de la Chanson Judeo Arabe. Vol. 2. Blond Blond, Buda Musique<\/li>\n<li>Ma Guitare et mon Pays, Tr\u00e9sors de la Chanson Judeo Arabe. Vol. 2. Line Monty, Buda Musique<\/li>\n<li>Les Bains de Chelm, <a href=\"https:\/\/www.iemj.org\/es\/jacques-grober-chansons-yiddish-dhier-et-daujourdhui\/\" target=\"_blank\" rel=\"noopener\">Jacques Grober Chansons Yiddish d\u2019Hier et d\u2019Aujourd\u2019hui, \u00e9d IEMJ<\/a><\/li>\n<li>Vacances ma petite folie, <a href=\"https:\/\/www.iemj.org\/es\/reedition-du-coffret-musiques-juives-dans-le-paris-dapres-guerre-elesdisc-1948-1953\/\" target=\"_blank\" rel=\"noopener\">Musiques Juives dans le Paris d\u2019Apr\u00e8s-Guerre Vol.1, \u00e9d IEMJ<\/a><\/li>\n<li>Ma petite maison de la rue des Rosiers, <a href=\"https:\/\/www.iemj.org\/es\/reedition-du-coffret-musiques-juives-dans-le-paris-dapres-guerre-elesdisc-1948-1953\/\" target=\"_blank\" rel=\"noopener\">Musiques Juives dans le Paris d\u2019Apr\u00e8s-Guerre Vol.6, \u00e9d IEMJ<\/a><\/li>\n<\/ol>\n\n<div class=\"wp-block-image\">\n<figure class=\"aligncenter size-large\"><img fetchpriority=\"high\" decoding=\"async\" width=\"1024\" height=\"133\" src=\"https:\/\/www.iemj.org\/wp-content\/uploads\/2024\/03\/AUDIO-PLAYER-1024x133.png\" alt=\"\" class=\"wp-image-110610\" srcset=\"https:\/\/www.iemj.org\/wp-content\/uploads\/2024\/03\/AUDIO-PLAYER-1024x133.png 1024w, https:\/\/www.iemj.org\/wp-content\/uploads\/2024\/03\/AUDIO-PLAYER-300x39.png 300w, https:\/\/www.iemj.org\/wp-content\/uploads\/2024\/03\/AUDIO-PLAYER-768x100.png 768w, https:\/\/www.iemj.org\/wp-content\/uploads\/2024\/03\/AUDIO-PLAYER-600x78.png 600w, https:\/\/www.iemj.org\/wp-content\/uploads\/2024\/03\/AUDIO-PLAYER.png 1210w\" sizes=\"(max-width: 1024px) 100vw, 1024px\" \/><\/figure>\n<\/div>\n\n\n<div class=\"wp-block-file\"><a id=\"wp-block-file--media-cb9961cf-1e14-4759-b61d-9a4ee1eb1957\" href=\"https:\/\/www.iemj.org\/wp-content\/uploads\/2015\/12\/cd_5_09.mp3\">Messies qu\u2019entendes, Musiques Judeo-Francaises des XVIII\u00b0 et XIX\u00b0 Siecles, ed IEMJ<\/a><\/div>\n\n\n\n<div class=\"wp-block-file\"><a id=\"wp-block-file--media-8a677072-4924-4376-8269-bfdacf044690\" href=\"https:\/\/www.iemj.org\/wp-content\/uploads\/2015\/12\/cd_613_03.mp3\">El-givat ha-levona : Chanson de mariage, Juifs et Trouv\u00e8res, ed IEMJ<\/a><\/div>\n\n\n\n<div class=\"wp-block-file\"><a id=\"wp-block-file--media-cb2c4d7d-9147-4289-b897-435a6f082bd1\" href=\"https:\/\/www.iemj.org\/wp-content\/uploads\/2015\/12\/cd_6_19.mp3\">Benissez-nous, Dieu de lumi\u00e8re, Musiques de la Synagogue de Bordeaux, ed IEMJ<\/a><\/div>\n\n\n\n<div class=\"wp-block-file\"><a id=\"wp-block-file--media-b69931d7-08b2-4e91-a563-ffe3c255f839\" href=\"https:\/\/www.iemj.org\/wp-content\/uploads\/2015\/12\/cd_228_01.mp3\">Avre tu Puerta Cerrada, Variations Ladino, ed IEMJ<\/a><\/div>\n\n\n\n<div class=\"wp-block-file\"><a id=\"wp-block-file--media-38452026-8a44-4c2b-8629-ad9862bf324c\" href=\"https:\/\/www.iemj.org\/wp-content\/uploads\/2015\/12\/cd_171_07.mp3\">Ya Lahraymiya, Tresors de la Chanson Judeo Arabe. Vol. 2. Blond Blond, Buda Musique<\/a><\/div>\n\n\n\n<div class=\"wp-block-file\"><a id=\"wp-block-file--media-b065aec7-877a-4743-aaee-6b1354aea00c\" href=\"https:\/\/www.iemj.org\/wp-content\/uploads\/2015\/12\/cd_186_06.mp3\">Ma Guitare et mon Pays, Tresors de la Chanson Judeo Arabe. Vol. 2. Line Monty, Buda Musique<\/a><\/div>\n\n\n\n<div class=\"wp-block-file\"><a id=\"wp-block-file--media-a5c89c88-15f9-44fc-ab9e-913ae5edcc5d\" href=\"https:\/\/www.iemj.org\/wp-content\/uploads\/2015\/12\/cd_229_15.mp3\">Les Bains de Chelm, Jacques Grober Chansons Yiddish d\u2019Hier et d\u2019Aujourd\u2019hui, ed IEMJ<\/a><\/div>\n\n\n\n<div class=\"wp-block-file\"><a id=\"wp-block-file--media-f66c2333-04d8-4941-b74b-65473ef3455b\" href=\"https:\/\/www.iemj.org\/wp-content\/uploads\/2015\/12\/cd_645a_20.mp3\">Vacances ma petite folie, Musiques Juives dans le Paris d\u2019Apr\u00e8s-Guerre Vol.1, ed IEMJ<\/a><\/div>\n\n\n\n<div class=\"wp-block-file\"><a id=\"wp-block-file--media-2fb1e8fd-799a-4e50-8b3f-c104ecd6b815\" href=\"https:\/\/www.iemj.org\/wp-content\/uploads\/2015\/12\/cd_645f_21-2.mp3\">Ma petite maison de la rue des Rosiers, Musiques Juives dans le Paris d\u2019Apr\u00e8s-Guerre Vol.6, ed IEMJ<\/a><\/div>\n","protected":false},"excerpt":{"rendered":"<p>Un viaje musical a trav\u00e9s de una selecci\u00f3n representativa de canciones jud\u00edas, desde el siglo XIII hasta la actualidad, cantadas o publicadas en Francia<\/p>\n","protected":false},"author":1048,"featured_media":73525,"comment_status":"closed","ping_status":"open","sticky":false,"template":"","format":"standard","meta":{"_acf_changed":false,"footnotes":""},"categories":[1535],"tags":[],"technique":[],"squelettes":[],"sujet":[1824],"formation":[],"genre":[1879,1889,1908,1915,1863],"fonds":[],"tradition":[],"type-de-contenu":[],"interprete-compositeur":[],"frise":[],"type-devenement":[],"tableaux-liens-externes":[],"class_list":["post-73524","post","type-post","status-publish","format-standard","has-post-thumbnail","hentry","category-listas-de-reproduccion-es","sujet-francia-es","genre-cancion-francesa-es","genre-judeo-espanol-es","genre-musica-medieval-es","genre-oriental-es","genre-yiddish-es"],"acf":[],"yoast_head":"<!-- This site is optimized with the Yoast SEO plugin v27.3 - https:\/\/yoast.com\/product\/yoast-seo-wordpress\/ -->\n<title>ITINERARIO DE LA CANCI\u00d3N JUD\u00cdA EN FRANCIA - Institut Europ\u00e9en des Musiques Juives<\/title>\n<meta name=\"robots\" content=\"index, follow, max-snippet:-1, max-image-preview:large, max-video-preview:-1\" \/>\n<link rel=\"canonical\" href=\"https:\/\/www.iemj.org\/es\/itineraire-de-la-chanson-juive-en-france\/\" \/>\n<meta property=\"og:locale\" content=\"es_ES\" \/>\n<meta property=\"og:type\" content=\"article\" \/>\n<meta property=\"og:title\" content=\"ITINERARIO DE LA CANCI\u00d3N JUD\u00cdA EN FRANCIA - Institut Europ\u00e9en des Musiques Juives\" \/>\n<meta property=\"og:description\" content=\"Un viaje musical a trav\u00e9s de una selecci\u00f3n representativa de canciones jud\u00edas, desde el siglo XIII hasta la actualidad, cantadas o publicadas en Francia\" \/>\n<meta property=\"og:url\" content=\"https:\/\/www.iemj.org\/es\/itineraire-de-la-chanson-juive-en-france\/\" \/>\n<meta property=\"og:site_name\" content=\"Institut Europ\u00e9en des Musiques Juives\" \/>\n<meta property=\"article:publisher\" content=\"https:\/\/www.facebook.com\/MusiquesJuives\/\" \/>\n<meta property=\"article:published_time\" content=\"2015-12-23T10:35:00+00:00\" \/>\n<meta property=\"article:modified_time\" content=\"2025-04-16T17:46:43+00:00\" \/>\n<meta property=\"og:image\" content=\"https:\/\/www.iemj.org\/wp-content\/uploads\/2015\/12\/arton1294-e1677337969720.jpg\" \/>\n\t<meta property=\"og:image:width\" content=\"1280\" \/>\n\t<meta property=\"og:image:height\" content=\"1633\" \/>\n\t<meta property=\"og:image:type\" content=\"image\/jpeg\" \/>\n<meta name=\"author\" content=\"Jean-Gabriel Davis\" \/>\n<meta name=\"twitter:card\" content=\"summary_large_image\" \/>\n<meta name=\"twitter:label1\" content=\"Escrito por\" \/>\n\t<meta name=\"twitter:data1\" content=\"Jean-Gabriel Davis\" \/>\n\t<meta name=\"twitter:label2\" content=\"Tiempo de lectura\" \/>\n\t<meta name=\"twitter:data2\" content=\"3 minutos\" \/>\n<script type=\"application\/ld+json\" class=\"yoast-schema-graph\">{\"@context\":\"https:\\\/\\\/schema.org\",\"@graph\":[{\"@type\":\"Article\",\"@id\":\"https:\\\/\\\/www.iemj.org\\\/es\\\/itineraire-de-la-chanson-juive-en-france\\\/#article\",\"isPartOf\":{\"@id\":\"https:\\\/\\\/www.iemj.org\\\/es\\\/itineraire-de-la-chanson-juive-en-france\\\/\"},\"author\":{\"name\":\"Jean-Gabriel Davis\",\"@id\":\"https:\\\/\\\/www.iemj.org\\\/es\\\/#\\\/schema\\\/person\\\/c9bc1c386a3749579a2d675e72a18666\"},\"headline\":\"ITINERARIO DE LA CANCI\u00d3N JUD\u00cdA EN FRANCIA\",\"datePublished\":\"2015-12-23T10:35:00+00:00\",\"dateModified\":\"2025-04-16T17:46:43+00:00\",\"mainEntityOfPage\":{\"@id\":\"https:\\\/\\\/www.iemj.org\\\/es\\\/itineraire-de-la-chanson-juive-en-france\\\/\"},\"wordCount\":520,\"publisher\":{\"@id\":\"https:\\\/\\\/www.iemj.org\\\/es\\\/#organization\"},\"image\":{\"@id\":\"https:\\\/\\\/www.iemj.org\\\/es\\\/itineraire-de-la-chanson-juive-en-france\\\/#primaryimage\"},\"thumbnailUrl\":\"https:\\\/\\\/www.iemj.org\\\/wp-content\\\/uploads\\\/2015\\\/12\\\/arton1294-e1677337969720.jpg\",\"articleSection\":[\"Listas de reproducci\u00f3n\"],\"inLanguage\":\"es\"},{\"@type\":\"WebPage\",\"@id\":\"https:\\\/\\\/www.iemj.org\\\/es\\\/itineraire-de-la-chanson-juive-en-france\\\/\",\"url\":\"https:\\\/\\\/www.iemj.org\\\/es\\\/itineraire-de-la-chanson-juive-en-france\\\/\",\"name\":\"ITINERARIO DE LA CANCI\u00d3N JUD\u00cdA EN FRANCIA - Institut Europ\u00e9en des Musiques Juives\",\"isPartOf\":{\"@id\":\"https:\\\/\\\/www.iemj.org\\\/es\\\/#website\"},\"primaryImageOfPage\":{\"@id\":\"https:\\\/\\\/www.iemj.org\\\/es\\\/itineraire-de-la-chanson-juive-en-france\\\/#primaryimage\"},\"image\":{\"@id\":\"https:\\\/\\\/www.iemj.org\\\/es\\\/itineraire-de-la-chanson-juive-en-france\\\/#primaryimage\"},\"thumbnailUrl\":\"https:\\\/\\\/www.iemj.org\\\/wp-content\\\/uploads\\\/2015\\\/12\\\/arton1294-e1677337969720.jpg\",\"datePublished\":\"2015-12-23T10:35:00+00:00\",\"dateModified\":\"2025-04-16T17:46:43+00:00\",\"breadcrumb\":{\"@id\":\"https:\\\/\\\/www.iemj.org\\\/es\\\/itineraire-de-la-chanson-juive-en-france\\\/#breadcrumb\"},\"inLanguage\":\"es\",\"potentialAction\":[{\"@type\":\"ReadAction\",\"target\":[\"https:\\\/\\\/www.iemj.org\\\/es\\\/itineraire-de-la-chanson-juive-en-france\\\/\"]}]},{\"@type\":\"ImageObject\",\"inLanguage\":\"es\",\"@id\":\"https:\\\/\\\/www.iemj.org\\\/es\\\/itineraire-de-la-chanson-juive-en-france\\\/#primaryimage\",\"url\":\"https:\\\/\\\/www.iemj.org\\\/wp-content\\\/uploads\\\/2015\\\/12\\\/arton1294-e1677337969720.jpg\",\"contentUrl\":\"https:\\\/\\\/www.iemj.org\\\/wp-content\\\/uploads\\\/2015\\\/12\\\/arton1294-e1677337969720.jpg\",\"width\":1280,\"height\":1633},{\"@type\":\"BreadcrumbList\",\"@id\":\"https:\\\/\\\/www.iemj.org\\\/es\\\/itineraire-de-la-chanson-juive-en-france\\\/#breadcrumb\",\"itemListElement\":[{\"@type\":\"ListItem\",\"position\":1,\"name\":\"Accueil\",\"item\":\"https:\\\/\\\/www.iemj.org\\\/es\\\/\"},{\"@type\":\"ListItem\",\"position\":2,\"name\":\"ITINERARIO DE LA CANCI\u00d3N JUD\u00cdA EN FRANCIA\"}]},{\"@type\":\"WebSite\",\"@id\":\"https:\\\/\\\/www.iemj.org\\\/es\\\/#website\",\"url\":\"https:\\\/\\\/www.iemj.org\\\/es\\\/\",\"name\":\"Institut Europ\u00e9en des Musiques Juives\",\"description\":\"Des traditions musicales \u00e0 la port\u00e9e de tous\",\"publisher\":{\"@id\":\"https:\\\/\\\/www.iemj.org\\\/es\\\/#organization\"},\"potentialAction\":[{\"@type\":\"SearchAction\",\"target\":{\"@type\":\"EntryPoint\",\"urlTemplate\":\"https:\\\/\\\/www.iemj.org\\\/es\\\/?s={search_term_string}\"},\"query-input\":{\"@type\":\"PropertyValueSpecification\",\"valueRequired\":true,\"valueName\":\"search_term_string\"}}],\"inLanguage\":\"es\"},{\"@type\":\"Organization\",\"@id\":\"https:\\\/\\\/www.iemj.org\\\/es\\\/#organization\",\"name\":\"Institut Europ\u00e9en des Musiques Juives\",\"url\":\"https:\\\/\\\/www.iemj.org\\\/es\\\/\",\"logo\":{\"@type\":\"ImageObject\",\"inLanguage\":\"es\",\"@id\":\"https:\\\/\\\/www.iemj.org\\\/es\\\/#\\\/schema\\\/logo\\\/image\\\/\",\"url\":\"https:\\\/\\\/www.iemj.org\\\/wp-content\\\/uploads\\\/2021\\\/09\\\/Logo-IEMJ-Paypal.jpg\",\"contentUrl\":\"https:\\\/\\\/www.iemj.org\\\/wp-content\\\/uploads\\\/2021\\\/09\\\/Logo-IEMJ-Paypal.jpg\",\"width\":150,\"height\":50,\"caption\":\"Institut Europ\u00e9en des Musiques Juives\"},\"image\":{\"@id\":\"https:\\\/\\\/www.iemj.org\\\/es\\\/#\\\/schema\\\/logo\\\/image\\\/\"},\"sameAs\":[\"https:\\\/\\\/www.facebook.com\\\/MusiquesJuives\\\/\",\"https:\\\/\\\/www.instagram.com\\\/musiquesjuives\\\/\",\"https:\\\/\\\/www.youtube.com\\\/user\\\/musiquesjuives\"]},{\"@type\":\"Person\",\"@id\":\"https:\\\/\\\/www.iemj.org\\\/es\\\/#\\\/schema\\\/person\\\/c9bc1c386a3749579a2d675e72a18666\",\"name\":\"Jean-Gabriel Davis\",\"image\":{\"@type\":\"ImageObject\",\"inLanguage\":\"es\",\"@id\":\"https:\\\/\\\/secure.gravatar.com\\\/avatar\\\/2b90d67bdf392c9b3a21fab87c0fa7edaf1fb3a058172a1ffd61033fcec7aec1?s=96&d=mm&r=g\",\"url\":\"https:\\\/\\\/secure.gravatar.com\\\/avatar\\\/2b90d67bdf392c9b3a21fab87c0fa7edaf1fb3a058172a1ffd61033fcec7aec1?s=96&d=mm&r=g\",\"contentUrl\":\"https:\\\/\\\/secure.gravatar.com\\\/avatar\\\/2b90d67bdf392c9b3a21fab87c0fa7edaf1fb3a058172a1ffd61033fcec7aec1?s=96&d=mm&r=g\",\"caption\":\"Jean-Gabriel Davis\"}}]}<\/script>\n<!-- \/ Yoast SEO plugin. -->","yoast_head_json":{"title":"ITINERARIO DE LA CANCI\u00d3N JUD\u00cdA EN FRANCIA - Institut Europ\u00e9en des Musiques Juives","robots":{"index":"index","follow":"follow","max-snippet":"max-snippet:-1","max-image-preview":"max-image-preview:large","max-video-preview":"max-video-preview:-1"},"canonical":"https:\/\/www.iemj.org\/es\/itineraire-de-la-chanson-juive-en-france\/","og_locale":"es_ES","og_type":"article","og_title":"ITINERARIO DE LA CANCI\u00d3N JUD\u00cdA EN FRANCIA - Institut Europ\u00e9en des Musiques Juives","og_description":"Un viaje musical a trav\u00e9s de una selecci\u00f3n representativa de canciones jud\u00edas, desde el siglo XIII hasta la actualidad, cantadas o publicadas en Francia","og_url":"https:\/\/www.iemj.org\/es\/itineraire-de-la-chanson-juive-en-france\/","og_site_name":"Institut Europ\u00e9en des Musiques Juives","article_publisher":"https:\/\/www.facebook.com\/MusiquesJuives\/","article_published_time":"2015-12-23T10:35:00+00:00","article_modified_time":"2025-04-16T17:46:43+00:00","og_image":[{"width":1280,"height":1633,"url":"https:\/\/www.iemj.org\/wp-content\/uploads\/2015\/12\/arton1294-e1677337969720.jpg","type":"image\/jpeg"}],"author":"Jean-Gabriel Davis","twitter_card":"summary_large_image","twitter_misc":{"Escrito por":"Jean-Gabriel Davis","Tiempo de lectura":"3 minutos"},"schema":{"@context":"https:\/\/schema.org","@graph":[{"@type":"Article","@id":"https:\/\/www.iemj.org\/es\/itineraire-de-la-chanson-juive-en-france\/#article","isPartOf":{"@id":"https:\/\/www.iemj.org\/es\/itineraire-de-la-chanson-juive-en-france\/"},"author":{"name":"Jean-Gabriel Davis","@id":"https:\/\/www.iemj.org\/es\/#\/schema\/person\/c9bc1c386a3749579a2d675e72a18666"},"headline":"ITINERARIO DE LA CANCI\u00d3N JUD\u00cdA EN FRANCIA","datePublished":"2015-12-23T10:35:00+00:00","dateModified":"2025-04-16T17:46:43+00:00","mainEntityOfPage":{"@id":"https:\/\/www.iemj.org\/es\/itineraire-de-la-chanson-juive-en-france\/"},"wordCount":520,"publisher":{"@id":"https:\/\/www.iemj.org\/es\/#organization"},"image":{"@id":"https:\/\/www.iemj.org\/es\/itineraire-de-la-chanson-juive-en-france\/#primaryimage"},"thumbnailUrl":"https:\/\/www.iemj.org\/wp-content\/uploads\/2015\/12\/arton1294-e1677337969720.jpg","articleSection":["Listas de reproducci\u00f3n"],"inLanguage":"es"},{"@type":"WebPage","@id":"https:\/\/www.iemj.org\/es\/itineraire-de-la-chanson-juive-en-france\/","url":"https:\/\/www.iemj.org\/es\/itineraire-de-la-chanson-juive-en-france\/","name":"ITINERARIO DE LA CANCI\u00d3N JUD\u00cdA EN FRANCIA - Institut Europ\u00e9en des Musiques Juives","isPartOf":{"@id":"https:\/\/www.iemj.org\/es\/#website"},"primaryImageOfPage":{"@id":"https:\/\/www.iemj.org\/es\/itineraire-de-la-chanson-juive-en-france\/#primaryimage"},"image":{"@id":"https:\/\/www.iemj.org\/es\/itineraire-de-la-chanson-juive-en-france\/#primaryimage"},"thumbnailUrl":"https:\/\/www.iemj.org\/wp-content\/uploads\/2015\/12\/arton1294-e1677337969720.jpg","datePublished":"2015-12-23T10:35:00+00:00","dateModified":"2025-04-16T17:46:43+00:00","breadcrumb":{"@id":"https:\/\/www.iemj.org\/es\/itineraire-de-la-chanson-juive-en-france\/#breadcrumb"},"inLanguage":"es","potentialAction":[{"@type":"ReadAction","target":["https:\/\/www.iemj.org\/es\/itineraire-de-la-chanson-juive-en-france\/"]}]},{"@type":"ImageObject","inLanguage":"es","@id":"https:\/\/www.iemj.org\/es\/itineraire-de-la-chanson-juive-en-france\/#primaryimage","url":"https:\/\/www.iemj.org\/wp-content\/uploads\/2015\/12\/arton1294-e1677337969720.jpg","contentUrl":"https:\/\/www.iemj.org\/wp-content\/uploads\/2015\/12\/arton1294-e1677337969720.jpg","width":1280,"height":1633},{"@type":"BreadcrumbList","@id":"https:\/\/www.iemj.org\/es\/itineraire-de-la-chanson-juive-en-france\/#breadcrumb","itemListElement":[{"@type":"ListItem","position":1,"name":"Accueil","item":"https:\/\/www.iemj.org\/es\/"},{"@type":"ListItem","position":2,"name":"ITINERARIO DE LA CANCI\u00d3N JUD\u00cdA EN FRANCIA"}]},{"@type":"WebSite","@id":"https:\/\/www.iemj.org\/es\/#website","url":"https:\/\/www.iemj.org\/es\/","name":"Institut Europ\u00e9en des Musiques Juives","description":"Des traditions musicales \u00e0 la port\u00e9e de tous","publisher":{"@id":"https:\/\/www.iemj.org\/es\/#organization"},"potentialAction":[{"@type":"SearchAction","target":{"@type":"EntryPoint","urlTemplate":"https:\/\/www.iemj.org\/es\/?s={search_term_string}"},"query-input":{"@type":"PropertyValueSpecification","valueRequired":true,"valueName":"search_term_string"}}],"inLanguage":"es"},{"@type":"Organization","@id":"https:\/\/www.iemj.org\/es\/#organization","name":"Institut Europ\u00e9en des Musiques Juives","url":"https:\/\/www.iemj.org\/es\/","logo":{"@type":"ImageObject","inLanguage":"es","@id":"https:\/\/www.iemj.org\/es\/#\/schema\/logo\/image\/","url":"https:\/\/www.iemj.org\/wp-content\/uploads\/2021\/09\/Logo-IEMJ-Paypal.jpg","contentUrl":"https:\/\/www.iemj.org\/wp-content\/uploads\/2021\/09\/Logo-IEMJ-Paypal.jpg","width":150,"height":50,"caption":"Institut Europ\u00e9en des Musiques Juives"},"image":{"@id":"https:\/\/www.iemj.org\/es\/#\/schema\/logo\/image\/"},"sameAs":["https:\/\/www.facebook.com\/MusiquesJuives\/","https:\/\/www.instagram.com\/musiquesjuives\/","https:\/\/www.youtube.com\/user\/musiquesjuives"]},{"@type":"Person","@id":"https:\/\/www.iemj.org\/es\/#\/schema\/person\/c9bc1c386a3749579a2d675e72a18666","name":"Jean-Gabriel Davis","image":{"@type":"ImageObject","inLanguage":"es","@id":"https:\/\/secure.gravatar.com\/avatar\/2b90d67bdf392c9b3a21fab87c0fa7edaf1fb3a058172a1ffd61033fcec7aec1?s=96&d=mm&r=g","url":"https:\/\/secure.gravatar.com\/avatar\/2b90d67bdf392c9b3a21fab87c0fa7edaf1fb3a058172a1ffd61033fcec7aec1?s=96&d=mm&r=g","contentUrl":"https:\/\/secure.gravatar.com\/avatar\/2b90d67bdf392c9b3a21fab87c0fa7edaf1fb3a058172a1ffd61033fcec7aec1?s=96&d=mm&r=g","caption":"Jean-Gabriel Davis"}}]}},"_links":{"self":[{"href":"https:\/\/www.iemj.org\/es\/wp-json\/wp\/v2\/posts\/73524","targetHints":{"allow":["GET"]}}],"collection":[{"href":"https:\/\/www.iemj.org\/es\/wp-json\/wp\/v2\/posts"}],"about":[{"href":"https:\/\/www.iemj.org\/es\/wp-json\/wp\/v2\/types\/post"}],"author":[{"embeddable":true,"href":"https:\/\/www.iemj.org\/es\/wp-json\/wp\/v2\/users\/1048"}],"replies":[{"embeddable":true,"href":"https:\/\/www.iemj.org\/es\/wp-json\/wp\/v2\/comments?post=73524"}],"version-history":[{"count":0,"href":"https:\/\/www.iemj.org\/es\/wp-json\/wp\/v2\/posts\/73524\/revisions"}],"wp:featuredmedia":[{"embeddable":true,"href":"https:\/\/www.iemj.org\/es\/wp-json\/wp\/v2\/media\/73525"}],"wp:attachment":[{"href":"https:\/\/www.iemj.org\/es\/wp-json\/wp\/v2\/media?parent=73524"}],"wp:term":[{"taxonomy":"category","embeddable":true,"href":"https:\/\/www.iemj.org\/es\/wp-json\/wp\/v2\/categories?post=73524"},{"taxonomy":"post_tag","embeddable":true,"href":"https:\/\/www.iemj.org\/es\/wp-json\/wp\/v2\/tags?post=73524"},{"taxonomy":"technique","embeddable":true,"href":"https:\/\/www.iemj.org\/es\/wp-json\/wp\/v2\/technique?post=73524"},{"taxonomy":"squelettes","embeddable":true,"href":"https:\/\/www.iemj.org\/es\/wp-json\/wp\/v2\/squelettes?post=73524"},{"taxonomy":"sujet","embeddable":true,"href":"https:\/\/www.iemj.org\/es\/wp-json\/wp\/v2\/sujet?post=73524"},{"taxonomy":"formation","embeddable":true,"href":"https:\/\/www.iemj.org\/es\/wp-json\/wp\/v2\/formation?post=73524"},{"taxonomy":"genre","embeddable":true,"href":"https:\/\/www.iemj.org\/es\/wp-json\/wp\/v2\/genre?post=73524"},{"taxonomy":"fonds","embeddable":true,"href":"https:\/\/www.iemj.org\/es\/wp-json\/wp\/v2\/fonds?post=73524"},{"taxonomy":"tradition","embeddable":true,"href":"https:\/\/www.iemj.org\/es\/wp-json\/wp\/v2\/tradition?post=73524"},{"taxonomy":"type-de-contenu","embeddable":true,"href":"https:\/\/www.iemj.org\/es\/wp-json\/wp\/v2\/type-de-contenu?post=73524"},{"taxonomy":"interprete-compositeur","embeddable":true,"href":"https:\/\/www.iemj.org\/es\/wp-json\/wp\/v2\/interprete-compositeur?post=73524"},{"taxonomy":"frise","embeddable":true,"href":"https:\/\/www.iemj.org\/es\/wp-json\/wp\/v2\/frise?post=73524"},{"taxonomy":"type-devenement","embeddable":true,"href":"https:\/\/www.iemj.org\/es\/wp-json\/wp\/v2\/type-devenement?post=73524"},{"taxonomy":"tableaux-liens-externes","embeddable":true,"href":"https:\/\/www.iemj.org\/es\/wp-json\/wp\/v2\/tableaux-liens-externes?post=73524"}],"curies":[{"name":"wp","href":"https:\/\/api.w.org\/{rel}","templated":true}]}}