{"id":73622,"date":"2018-12-19T13:28:08","date_gmt":"2018-12-19T12:28:08","guid":{"rendered":"https:\/\/www.iemj.org\/rock-hard-rock-metal-punk-et-musiques-juives\/"},"modified":"2025-10-06T14:29:05","modified_gmt":"2025-10-06T12:29:05","slug":"rock-hard-rock-metal-punk-et-musiques-juives","status":"publish","type":"post","link":"https:\/\/www.iemj.org\/es\/rock-hard-rock-metal-punk-et-musiques-juives\/","title":{"rendered":"Rock, hard rock, metal, punk y m\u00fasicas jud\u00edas"},"content":{"rendered":"<h2>Historia<\/h2>\n<p>La m\u00fasica rock apareci\u00f3 en los a\u00f1os 50 en los Estados Unidos. A partir de los a\u00f1os 1960 se desarroll\u00f3 en muchas subcategor\u00edas, siempre en los Estados Unidos, pero tambi\u00e9n en el Reino Unido. Hoy en d\u00eda existen decenas de g\u00e9neros de rock diferentes (psych rock, garage rock, heavy metal, punk, hardcore, glam rock, grunge, hard rock, new wave, alternativo, progresivo, etc.).<\/p>\n<p>Musicalmente, el rock se caracteriza esencialmente por una melod\u00eda vocal dominante, una guitarra el\u00e9ctrica, un bajo y una bater\u00eda. Pero se pueden a\u00f1adir muchos otros instrumentos, como sintetizadores, trompas, acordeones o violines el\u00e9ctricos.<\/p>\n<p>En las tendencias del \u00abrock extremo\u00bb (hard rock, heavy metal, punk, hardcore&#8230;), la m\u00fasica es fuerte, r\u00e1pida y violenta. Las letras pueden ser comprometidas, humor\u00edsticas o provocativas.<\/p>\n<p>Heredero de la \u00abprostest song\u00bb, el rock a menudo esta considerado como una forma de expresi\u00f3n de la juventud popular y como un grito de rebeld\u00eda contra el conformismo, la moral dominante y la sociedad de consumo. \u00abSex, drugs, and Rock n\u2019 Roll\u00a0!\u00bb<\/p>\n<p>Derivado del rock, el punk-rock naci\u00f3 en los Estados Unidos en los a\u00f1os 60, antes de popularizarse en el Reino Unido en los 70, sobre todo con los <strong>Sex Pistols<\/strong> o <strong>The Clash<\/strong>. La m\u00fasica es violenta, r\u00e1pida, saturada, a veces en detrimento del juego instrumental. El punk dice que no es necesario tocar la m\u00fasica perfectamente para producir punk. Una guitarra el\u00e9ctrica, una bater\u00eda y unas letras sulfurosas gritadas son suficientes. Lo que cuenta es la energ\u00eda y el mensaje enviados. Este mensaje es el anticonformismo llevado al extremo, la militancia, que pasa por la provocaci\u00f3n y el humor. El movimiento punk puede describirse con la frase \u00abNo Future\u00bb [No Futuro]. A menudo se asocia con el movimiento anarquista, cuya frase emblem\u00e1tica es \u00abNi Dios, ni Amo\u00bb.<\/p>\n<figure style=\"width: 400px\" class=\"wp-caption alignnone\"><img fetchpriority=\"high\" decoding=\"async\" src=\"https:\/\/www.iemj.org\/wp-content\/uploads\/2018\/12\/sex-pistols-never-mind-the-bollocks-track-by-track-e7224f50-77f0-496e-963e-8ae7ee48daf9_pet.jpg\" alt=\"sex-pistols-never-mind-the-bollocks-track-by-track-e7224f50-77f0-496e-963e-8ae7ee48daf9_pet.jpg\" width=\"400\" height=\"224\" align=\"middle\" data-description=\"&lt;strong&gt;Sex Pistols, 1977&lt;\/strong&gt;\" \/><figcaption class=\"wp-caption-text\">Sex Pistols, 1977<\/figcaption><\/figure>\n<h2>\u00a0<\/h2>\n<h2>Rock, hard rock, metal, punk y m\u00fasica jud\u00eda: una interferencia creativa<\/h2>\n<p>\u00bfPueden las m\u00fasicas jud\u00edas mezclarse con el rock, o incluso con el punk? Ciertamente, ya que docenas de bandas lo han hecho. La m\u00fasica es a menudo el reflejo de una identidad. As\u00ed, los m\u00fasicos jud\u00edos que tocan esta m\u00fasica quieren reivindicar una doble identidad: jud\u00eda y rebelde.<\/p>\n<p>Que sean religiosos o no, estos m\u00fasicos expresan su pertenencia a una cultura milenaria, a una historia, a unas costumbres. Algunos expresar\u00e1n su amor de Dios y de la Tor\u00e1, otros se referir\u00e1n al viejo <em>yid<\/em> que trabaja frente a su m\u00e1quina de coser por unos cuantos kopecks, otros por fin reinterpretar\u00e1n las melod\u00edas klezmer que se tocan en las bodas, de un <em>shtetl<\/em> a un otro. Y todos gritan su c\u00f3lera. Contra el orden establecido, las injusticias, la guerra, la sociedad de consumo&#8230;<\/p>\n<p>En los Estados Unidos, en Israel, en Australia o en Francia, aqu\u00ed est\u00e1n algunos grupos de m\u00fasica tocando rock jud\u00edo, metal jud\u00edo, punk jud\u00edo y otros.<\/p>\n<p><img decoding=\"async\" class=\" alignleft size-full wp-image-22188\" src=\"https:\/\/www.iemj.org\/wp-content\/uploads\/2018\/12\/yidcore.jpg\" alt=\"yidcore.jpg\" width=\"300\" height=\"298\" align=\"left\" srcset=\"https:\/\/www.iemj.org\/wp-content\/uploads\/2018\/12\/yidcore.jpg 300w, https:\/\/www.iemj.org\/wp-content\/uploads\/2018\/12\/yidcore-150x150.jpg 150w, https:\/\/www.iemj.org\/wp-content\/uploads\/2018\/12\/yidcore-100x100.jpg 100w\" sizes=\"(max-width: 300px) 100vw, 300px\" \/><strong>Yidcore<\/strong> es un grupo australiano jud\u00edo de punk rock, formado en 1998 en Melbourne. Su m\u00fasica en\u00e9rgica y festiva, que abarca \u00e9xitos jud\u00edos e israel\u00edes, juega mucho en el terreno del humor y de la provocaci\u00f3n. Su primer \u00e1lbum hom\u00f3nimo, publicado en 2000, contiene 18 temas famosos, como Dayenu, Haleluya, Maoz Tzur, Yerushalayim Shel Zahav o incluso Hatikvah, todos ellos interpretados con bater\u00edas r\u00e1pidas, guitarras saturadas y voces chillonas. Tambi\u00e9n versionaron el musical El violinista en el tejado que rebautizaron como <em>Fiddlin On Ya Roof<\/em>.<br \/><a href=\"http:\/\/www.yidcore.com\/\" target=\"_blank\" rel=\"noopener\">Ver su sitio web<\/a><br \/><a href=\"https:\/\/www.youtube.com\/watch?v=0D6uzBs1_Pc\" target=\"_blank\" rel=\"noopener\">Escucar el primer \u00e1lbum en Youtube<\/a><\/p>\n<p><strong>Moshiach Oi!<\/strong> es una banda de hardcore basado en <img decoding=\"async\" class=\" alignright size-full wp-image-22190\" src=\"https:\/\/www.iemj.org\/wp-content\/uploads\/2018\/12\/moshiachoi_pet.jpg\" alt=\"moshiachoi_pet.jpg\" width=\"400\" height=\"225\" align=\"right\" srcset=\"https:\/\/www.iemj.org\/wp-content\/uploads\/2018\/12\/moshiachoi_pet.jpg 400w, https:\/\/www.iemj.org\/wp-content\/uploads\/2018\/12\/moshiachoi_pet-300x169.jpg 300w\" sizes=\"(max-width: 400px) 100vw, 400px\" \/> New-York cuyos m\u00fasicos expresan su amor por el punk rock y la Tor\u00e1. En 2008, tras redescubrir sus ra\u00edces jud\u00edas, el cantante fundador de la banda comenz\u00f3 a escribir canciones sobre el estudio de la Tor\u00e1, la llegada del mes\u00edas o la alabanza a Dios. El t\u00e9rmino \u00ab\u00a1Oi! \u00bb simboliza la m\u00fasica punk-rock de la clase obrera inglesa. En cuanto al t\u00e9rmino \u00ab\u00a1Oy! \u00ab, la banda lo define como el eterno sonido de la clase obrera jud\u00eda. A la vez, violenta, r\u00e1pida y comprometida, la m\u00fasica de este cantante, disc\u00edpulo del rabino Najman de Breslov, hace bailar la gente tanto con crestas en la cabeza como con orejeras.<br \/><a href=\"https:\/\/moshiachoi.bandcamp.com\/album\/this-world-is-nothing\" target=\"_blank\" rel=\"noopener\">Escuchar la m\u00fasica<\/a><br \/><a href=\"https:\/\/www.youtube.com\/watch?v=TVlCahhogv8\" target=\"_blank\" rel=\"noopener\">Ver un videoclip en Youtube<\/a><\/p>\n<p><img loading=\"lazy\" decoding=\"async\" class=\" alignleft size-full wp-image-22192\" src=\"https:\/\/www.iemj.org\/wp-content\/uploads\/2018\/12\/golem_pet.jpg\" alt=\"golem_pet.jpg\" width=\"400\" height=\"250\" align=\"left\" srcset=\"https:\/\/www.iemj.org\/wp-content\/uploads\/2018\/12\/golem_pet.jpg 400w, https:\/\/www.iemj.org\/wp-content\/uploads\/2018\/12\/golem_pet-300x188.jpg 300w\" sizes=\"(max-width: 400px) 100vw, 400px\" \/><\/p>\n<p>La banda <strong>Golem<\/strong>, con sede en Nueva York, lleva tocando klezmer rock desde el a\u00f1o 2000. Act\u00faan en toda Norteam\u00e9rica, as\u00ed como en otras partes del mundo, con un repertorio reactualizado de m\u00fasica de Europa del Este, jud\u00edas y no jud\u00edas. Las actuaciones de los m\u00fasicos son a la vez divertidas, en\u00e9rgicas, teatrales y respetuosas con tradiciones. El cantor carism\u00e1tico no dudara por ejemplo, teniendo el torso desnudo, a abrir una botella de vino en la escena, descalzarse, y beber el vino de su zapato.<\/p>\n<p><a href=\"http:\/\/golemrocks.com\/\" target=\"_blank\" rel=\"noopener\">Ver su sitio web<\/a><\/p>\n<p><img loading=\"lazy\" decoding=\"async\" class=\" alignright size-full wp-image-22194\" src=\"https:\/\/www.iemj.org\/wp-content\/uploads\/2018\/12\/yiddishprincess_000.jpg\" alt=\"yiddishprincess_000.jpg\" width=\"383\" height=\"350\" align=\"right\" srcset=\"https:\/\/www.iemj.org\/wp-content\/uploads\/2018\/12\/yiddishprincess_000.jpg 383w, https:\/\/www.iemj.org\/wp-content\/uploads\/2018\/12\/yiddishprincess_000-300x274.jpg 300w\" sizes=\"(max-width: 383px) 100vw, 383px\" \/><strong>Yiddish Princess<\/strong>, tambi\u00e9n con sede en Nueva York, toca hard rock\/power pop, \u00a1en yiddish! Con canciones como Oy Avram y A Glezele Yash, el grupo reinterpreta las canciones folcl\u00f3ricas yiddish con una m\u00fasica potente y muy mel\u00f3dica. La cofundadora del grupo es la cantante <strong>Sarah Gordon<\/strong>, que es la hija de <strong style=\"font-size: inherit;\"><a href=\"https:\/\/www.iemj.org\/es\/cooper-adrienne-1946-2011\/\" target=\"_blank\" rel=\"noopener\">Adrienne Cooper<\/a><\/strong><span style=\"font-size: inherit;\">, <\/span><span style=\"font-size: inherit;\">una cantante e investigadora que desempe\u00f1\u00f3 un papel importante en el renacimiento del klezmer y el yiddish en Estados Unidos en la d\u00e9cada de 1970, incluyendo actuaciones con los <strong>Klezmatics<\/strong>, para citar solo ellos. Entonces, no es necesario insistir sobre la gran calidad musical de este grupo. Al interpretar canciones tradicionales con una m\u00fasica moderna, Yiddish Princess se sit\u00faa deliberadamente en el lado humor\u00edstico (el Power Pop suele ser ridiculizado por otros rockeros m\u00e1s \u00abserios\u00bb). Y al actualizar las canciones en yiddish para convertirlas en power pop\/hard rock, Yiddish Princess abre las puertas de la cultura yiddish a gente que no la conoc\u00eda. Y en eso, es un acto militante.<\/span><a href=\"http:\/\/www.yiddishprincess.com\/\"><br \/><\/a><a href=\"http:\/\/www.yiddishprincess.com\/\">Ver su sitio web<\/a><\/p>\n<p><img loading=\"lazy\" decoding=\"async\" class=\" alignleft size-full wp-image-22196\" src=\"https:\/\/www.iemj.org\/wp-content\/uploads\/2018\/12\/daniel_kahn.jpg\" alt=\"daniel_kahn.jpg\" width=\"225\" height=\"225\" align=\"left\" srcset=\"https:\/\/www.iemj.org\/wp-content\/uploads\/2018\/12\/daniel_kahn.jpg 225w, https:\/\/www.iemj.org\/wp-content\/uploads\/2018\/12\/daniel_kahn-150x150.jpg 150w, https:\/\/www.iemj.org\/wp-content\/uploads\/2018\/12\/daniel_kahn-100x100.jpg 100w\" sizes=\"(max-width: 225px) 100vw, 225px\" \/><strong>Daniel Kahn and the Painted Bird <\/strong>tambi\u00e9n reinterpretan canciones en yiddish. La m\u00fasica de este grupo no puede definirse realmente como rock, es m\u00e1s bien m\u00fasica tradicional, con el uso de acorde\u00f3n, clarinete, viol\u00edn. La guitarra el\u00e9ctrica y la bater\u00eda suelen estar ausentes. Sin embargo, la banda se define a menudo como siendo \u00abpunk\u00bb. De hecho, la m\u00fasica del grupo es en\u00e9rgica y bailable, y la actuaci\u00f3n de los m\u00fasicos en el escenario puede ser provocadora. Interpretan por lo esencial canciones en yiddish del repertorio revolucionario o canciones de lucha. Estas canciones transmiten mensajes universales y atemporales, como el deseo de justicia social, el horror de la guerra, la libertad&#8230; Adem\u00e1s, Daniel Kahn habla muy bien el yiddish y traduce una parte de sus canciones al ingl\u00e9s. Al hacer resonar esta lengua magullada, y al traducirla al ingl\u00e9s, universaliza el mensaje de las canciones en yiddish.<\/p>\n<p><a href=\"https:\/\/www.paintedbird.de\/\" target=\"_blank\" rel=\"noopener\">Ver su sitio web<\/a><\/p>\n<p><img loading=\"lazy\" decoding=\"async\" class=\" alignright size-full wp-image-22198\" src=\"https:\/\/www.iemj.org\/wp-content\/uploads\/2018\/12\/klunk-4_pet.jpg\" alt=\"klunk-4_pet.jpg\" width=\"400\" height=\"266\" align=\"right\" srcset=\"https:\/\/www.iemj.org\/wp-content\/uploads\/2018\/12\/klunk-4_pet.jpg 400w, https:\/\/www.iemj.org\/wp-content\/uploads\/2018\/12\/klunk-4_pet-300x200.jpg 300w\" sizes=\"(max-width: 400px) 100vw, 400px\" \/><\/p>\n<p>En Francia, la banda <strong>Klunk<\/strong> existe desde 2012 y toca \u00abklezmer-yiddish-punk-metal\u00bb. Toma las canciones yiddish, especialmente las revolucionarias y de lucha, y las reinterpreta en una m\u00fasica que mezcla el punk-rock y el metal (riffs de guitarra pesados y r\u00e1pidos, energ\u00eda sobreexcitada&#8230;). El mensaje que se transmite es muy \u00abpunk\u00bb, con entonaciones militantes (justicia social, igualdad para todos y todas), humor\u00edsticas y muy a menudo provocadoras.<\/p>\n<p><a href=\"http:\/\/klunk.fr\/\" target=\"_blank\" rel=\"noopener\">Ver su sitio web<\/a><\/p>\n<p>Hay muchas bandas que fusionan estos estilos, y es imposible enumerarlas todas aqu\u00ed. Daremos como ejemplo una lista no exhaustiva de grupos no presentados en este art\u00edculo:\u00a0<strong>Jewdriver, Schmekel, Horse Raddish, Damn Dirty Commies, Asher Yatzar, The Shondes, Gangsta Rabbi, Jew Cocks, The Debaucherauntes, Gevolt, Koyt Far Dayn Fardakht<\/strong>&#8230;<\/p>\n<p><a href=\"http:\/\/michaelcroland.com\/\" target=\"_blank\" rel=\"noopener\">V\u00e9ase el sitio web de Michael Croland, autor de Oy Oy Gevalt, Jews and Punk y Punk Rock Hora<\/a><br \/><a href=\"https:\/\/www.iemj.org\/es\/oy-oy-oy-gevalt-jews-and-punk\/\" target=\"_blank\" rel=\"noopener\">M\u00e1s informaci\u00f3n sobre el libro Oy Oy Oy Gevalt, Jews and Punk<\/a><br \/><a href=\"https:\/\/www.iemj.org\/es\/punk-rock-hora-adventures-in-jew-punk-land-2\/\" target=\"_blank\" rel=\"noopener\">M\u00e1s informaci\u00f3n sobre el libro Punk Rock Hora<\/a><\/p>\n\n<div class=\"wp-block-image\">\n<figure class=\"aligncenter size-large\"><img loading=\"lazy\" decoding=\"async\" width=\"1024\" height=\"133\" src=\"https:\/\/www.iemj.org\/wp-content\/uploads\/2024\/03\/AUDIO-PLAYER-1024x133.png\" alt=\"\" class=\"wp-image-110610\" srcset=\"https:\/\/www.iemj.org\/wp-content\/uploads\/2024\/03\/AUDIO-PLAYER-1024x133.png 1024w, https:\/\/www.iemj.org\/wp-content\/uploads\/2024\/03\/AUDIO-PLAYER-300x39.png 300w, https:\/\/www.iemj.org\/wp-content\/uploads\/2024\/03\/AUDIO-PLAYER-768x100.png 768w, https:\/\/www.iemj.org\/wp-content\/uploads\/2024\/03\/AUDIO-PLAYER-600x78.png 600w, https:\/\/www.iemj.org\/wp-content\/uploads\/2024\/03\/AUDIO-PLAYER.png 1210w\" sizes=\"(max-width: 1024px) 100vw, 1024px\" \/><\/figure>\n<\/div>\n\n\n<div class=\"wp-block-file\"><a href=\"https:\/\/www.iemj.org\/wp-content\/uploads\/2018\/12\/03_klunk_-_barikadn_master_170217.mp3\">Klunk &#8211; Barikadn<\/a><\/div>\n\n\n\n<div class=\"wp-block-file\"><a href=\"https:\/\/www.iemj.org\/wp-content\/uploads\/2018\/12\/if-i-were-a-rich-man.mp3\">Yidcore &#8211; If I were a rich man<\/a><\/div>\n\n\n\n<div class=\"wp-block-file\"><a href=\"https:\/\/www.iemj.org\/wp-content\/uploads\/2018\/12\/train-across-ukraine-golem.mp3\">Golem &#8211; Train across Ukraine<\/a><\/div>\n\n\n\n<div class=\"wp-block-file\"><a href=\"https:\/\/www.iemj.org\/wp-content\/uploads\/2018\/12\/yiddish_princess_-_yiddish_princess_-_01_oy_avram.mp3\">Yiddish Princess &#8211; Oy Avram<\/a><\/div>\n\n\n\n<div class=\"wp-block-file\"><a href=\"https:\/\/www.iemj.org\/wp-content\/uploads\/2018\/12\/moshiach-oi-avraham-was-a-punk-rocker.mp3\">Moshiach Oi &#8211; Avraham was a punk rocker<\/a><\/div>\n\n\n\n<div class=\"wp-block-file\"><a href=\"https:\/\/www.iemj.org\/wp-content\/uploads\/2018\/12\/daniel-kahn-the-painted-bird-march-of-the-jobless-corps-arbetslozer-marsh.mp3\">Daniel Kahn and the Painted Bird &#8211; March of the jobless corps \/ arbetslozer marsh<\/a><\/div>\n","protected":false},"excerpt":{"rendered":"<p>Historia La m\u00fasica rock apareci\u00f3 en los a\u00f1os 50 en los Estados Unidos. A partir de los a\u00f1os 1960 se desarroll\u00f3 en muchas subcategor\u00edas, siempre en los Estados Unidos, pero<\/p>\n","protected":false},"author":1048,"featured_media":73623,"comment_status":"closed","ping_status":"closed","sticky":false,"template":"","format":"standard","meta":{"_acf_changed":false,"footnotes":""},"categories":[1408],"tags":[],"technique":[],"squelettes":[],"sujet":[],"formation":[],"genre":[1867,1863],"fonds":[],"tradition":[],"type-de-contenu":[],"interprete-compositeur":[],"frise":[],"type-devenement":[],"tableaux-liens-externes":[],"class_list":["post-73622","post","type-post","status-publish","format-standard","has-post-thumbnail","hentry","category-articulos-de-fondo-es","genre-rock-es","genre-yiddish-es"],"acf":[],"yoast_head":"<!-- This site is optimized with the Yoast SEO plugin v27.3 - https:\/\/yoast.com\/product\/yoast-seo-wordpress\/ -->\n<title>Rock, hard rock, metal, punk y m\u00fasicas jud\u00edas - Institut Europ\u00e9en des Musiques Juives<\/title>\n<meta name=\"robots\" content=\"index, follow, max-snippet:-1, max-image-preview:large, max-video-preview:-1\" \/>\n<link rel=\"canonical\" href=\"https:\/\/www.iemj.org\/es\/rock-hard-rock-metal-punk-et-musiques-juives\/\" \/>\n<meta property=\"og:locale\" content=\"es_ES\" \/>\n<meta property=\"og:type\" content=\"article\" \/>\n<meta property=\"og:title\" content=\"Rock, hard rock, metal, punk y m\u00fasicas jud\u00edas - Institut Europ\u00e9en des Musiques Juives\" \/>\n<meta property=\"og:description\" content=\"Historia La m\u00fasica rock apareci\u00f3 en los a\u00f1os 50 en los Estados Unidos. A partir de los a\u00f1os 1960 se desarroll\u00f3 en muchas subcategor\u00edas, siempre en los Estados Unidos, pero\" \/>\n<meta property=\"og:url\" content=\"https:\/\/www.iemj.org\/es\/rock-hard-rock-metal-punk-et-musiques-juives\/\" \/>\n<meta property=\"og:site_name\" content=\"Institut Europ\u00e9en des Musiques Juives\" \/>\n<meta property=\"article:publisher\" content=\"https:\/\/www.facebook.com\/MusiquesJuives\/\" \/>\n<meta property=\"article:published_time\" content=\"2018-12-19T12:28:08+00:00\" \/>\n<meta property=\"article:modified_time\" content=\"2025-10-06T12:29:05+00:00\" \/>\n<meta property=\"og:image\" content=\"https:\/\/www.iemj.org\/wp-content\/uploads\/2018\/12\/arton3847-e1618320209127.jpg\" \/>\n\t<meta property=\"og:image:width\" content=\"350\" \/>\n\t<meta property=\"og:image:height\" content=\"263\" \/>\n\t<meta property=\"og:image:type\" content=\"image\/jpeg\" \/>\n<meta name=\"author\" content=\"Jean-Gabriel Davis\" \/>\n<meta name=\"twitter:card\" content=\"summary_large_image\" \/>\n<meta name=\"twitter:label1\" content=\"Escrito por\" \/>\n\t<meta name=\"twitter:data1\" content=\"Jean-Gabriel Davis\" \/>\n\t<meta name=\"twitter:label2\" content=\"Tiempo de lectura\" \/>\n\t<meta name=\"twitter:data2\" content=\"9 minutos\" \/>\n<script type=\"application\/ld+json\" class=\"yoast-schema-graph\">{\"@context\":\"https:\\\/\\\/schema.org\",\"@graph\":[{\"@type\":\"Article\",\"@id\":\"https:\\\/\\\/www.iemj.org\\\/es\\\/rock-hard-rock-metal-punk-et-musiques-juives\\\/#article\",\"isPartOf\":{\"@id\":\"https:\\\/\\\/www.iemj.org\\\/es\\\/rock-hard-rock-metal-punk-et-musiques-juives\\\/\"},\"author\":{\"name\":\"Jean-Gabriel Davis\",\"@id\":\"https:\\\/\\\/www.iemj.org\\\/es\\\/#\\\/schema\\\/person\\\/c9bc1c386a3749579a2d675e72a18666\"},\"headline\":\"Rock, hard rock, metal, punk y m\u00fasicas jud\u00edas\",\"datePublished\":\"2018-12-19T12:28:08+00:00\",\"dateModified\":\"2025-10-06T12:29:05+00:00\",\"mainEntityOfPage\":{\"@id\":\"https:\\\/\\\/www.iemj.org\\\/es\\\/rock-hard-rock-metal-punk-et-musiques-juives\\\/\"},\"wordCount\":1410,\"publisher\":{\"@id\":\"https:\\\/\\\/www.iemj.org\\\/es\\\/#organization\"},\"image\":{\"@id\":\"https:\\\/\\\/www.iemj.org\\\/es\\\/rock-hard-rock-metal-punk-et-musiques-juives\\\/#primaryimage\"},\"thumbnailUrl\":\"https:\\\/\\\/www.iemj.org\\\/wp-content\\\/uploads\\\/2018\\\/12\\\/arton3847-e1618320209127.jpg\",\"articleSection\":[\"Art\u00edculos de fondo\"],\"inLanguage\":\"es\"},{\"@type\":\"WebPage\",\"@id\":\"https:\\\/\\\/www.iemj.org\\\/es\\\/rock-hard-rock-metal-punk-et-musiques-juives\\\/\",\"url\":\"https:\\\/\\\/www.iemj.org\\\/es\\\/rock-hard-rock-metal-punk-et-musiques-juives\\\/\",\"name\":\"Rock, hard rock, metal, punk y m\u00fasicas jud\u00edas - Institut Europ\u00e9en des Musiques Juives\",\"isPartOf\":{\"@id\":\"https:\\\/\\\/www.iemj.org\\\/es\\\/#website\"},\"primaryImageOfPage\":{\"@id\":\"https:\\\/\\\/www.iemj.org\\\/es\\\/rock-hard-rock-metal-punk-et-musiques-juives\\\/#primaryimage\"},\"image\":{\"@id\":\"https:\\\/\\\/www.iemj.org\\\/es\\\/rock-hard-rock-metal-punk-et-musiques-juives\\\/#primaryimage\"},\"thumbnailUrl\":\"https:\\\/\\\/www.iemj.org\\\/wp-content\\\/uploads\\\/2018\\\/12\\\/arton3847-e1618320209127.jpg\",\"datePublished\":\"2018-12-19T12:28:08+00:00\",\"dateModified\":\"2025-10-06T12:29:05+00:00\",\"breadcrumb\":{\"@id\":\"https:\\\/\\\/www.iemj.org\\\/es\\\/rock-hard-rock-metal-punk-et-musiques-juives\\\/#breadcrumb\"},\"inLanguage\":\"es\",\"potentialAction\":[{\"@type\":\"ReadAction\",\"target\":[\"https:\\\/\\\/www.iemj.org\\\/es\\\/rock-hard-rock-metal-punk-et-musiques-juives\\\/\"]}]},{\"@type\":\"ImageObject\",\"inLanguage\":\"es\",\"@id\":\"https:\\\/\\\/www.iemj.org\\\/es\\\/rock-hard-rock-metal-punk-et-musiques-juives\\\/#primaryimage\",\"url\":\"https:\\\/\\\/www.iemj.org\\\/wp-content\\\/uploads\\\/2018\\\/12\\\/arton3847-e1618320209127.jpg\",\"contentUrl\":\"https:\\\/\\\/www.iemj.org\\\/wp-content\\\/uploads\\\/2018\\\/12\\\/arton3847-e1618320209127.jpg\",\"width\":350,\"height\":263},{\"@type\":\"BreadcrumbList\",\"@id\":\"https:\\\/\\\/www.iemj.org\\\/es\\\/rock-hard-rock-metal-punk-et-musiques-juives\\\/#breadcrumb\",\"itemListElement\":[{\"@type\":\"ListItem\",\"position\":1,\"name\":\"Accueil\",\"item\":\"https:\\\/\\\/www.iemj.org\\\/es\\\/\"},{\"@type\":\"ListItem\",\"position\":2,\"name\":\"Rock, hard rock, metal, punk y m\u00fasicas jud\u00edas\"}]},{\"@type\":\"WebSite\",\"@id\":\"https:\\\/\\\/www.iemj.org\\\/es\\\/#website\",\"url\":\"https:\\\/\\\/www.iemj.org\\\/es\\\/\",\"name\":\"Institut Europ\u00e9en des Musiques Juives\",\"description\":\"Des traditions musicales \u00e0 la port\u00e9e de tous\",\"publisher\":{\"@id\":\"https:\\\/\\\/www.iemj.org\\\/es\\\/#organization\"},\"potentialAction\":[{\"@type\":\"SearchAction\",\"target\":{\"@type\":\"EntryPoint\",\"urlTemplate\":\"https:\\\/\\\/www.iemj.org\\\/es\\\/?s={search_term_string}\"},\"query-input\":{\"@type\":\"PropertyValueSpecification\",\"valueRequired\":true,\"valueName\":\"search_term_string\"}}],\"inLanguage\":\"es\"},{\"@type\":\"Organization\",\"@id\":\"https:\\\/\\\/www.iemj.org\\\/es\\\/#organization\",\"name\":\"Institut Europ\u00e9en des Musiques Juives\",\"url\":\"https:\\\/\\\/www.iemj.org\\\/es\\\/\",\"logo\":{\"@type\":\"ImageObject\",\"inLanguage\":\"es\",\"@id\":\"https:\\\/\\\/www.iemj.org\\\/es\\\/#\\\/schema\\\/logo\\\/image\\\/\",\"url\":\"https:\\\/\\\/www.iemj.org\\\/wp-content\\\/uploads\\\/2021\\\/09\\\/Logo-IEMJ-Paypal.jpg\",\"contentUrl\":\"https:\\\/\\\/www.iemj.org\\\/wp-content\\\/uploads\\\/2021\\\/09\\\/Logo-IEMJ-Paypal.jpg\",\"width\":150,\"height\":50,\"caption\":\"Institut Europ\u00e9en des Musiques Juives\"},\"image\":{\"@id\":\"https:\\\/\\\/www.iemj.org\\\/es\\\/#\\\/schema\\\/logo\\\/image\\\/\"},\"sameAs\":[\"https:\\\/\\\/www.facebook.com\\\/MusiquesJuives\\\/\",\"https:\\\/\\\/www.instagram.com\\\/musiquesjuives\\\/\",\"https:\\\/\\\/www.youtube.com\\\/user\\\/musiquesjuives\"]},{\"@type\":\"Person\",\"@id\":\"https:\\\/\\\/www.iemj.org\\\/es\\\/#\\\/schema\\\/person\\\/c9bc1c386a3749579a2d675e72a18666\",\"name\":\"Jean-Gabriel Davis\",\"image\":{\"@type\":\"ImageObject\",\"inLanguage\":\"es\",\"@id\":\"https:\\\/\\\/secure.gravatar.com\\\/avatar\\\/2b90d67bdf392c9b3a21fab87c0fa7edaf1fb3a058172a1ffd61033fcec7aec1?s=96&d=mm&r=g\",\"url\":\"https:\\\/\\\/secure.gravatar.com\\\/avatar\\\/2b90d67bdf392c9b3a21fab87c0fa7edaf1fb3a058172a1ffd61033fcec7aec1?s=96&d=mm&r=g\",\"contentUrl\":\"https:\\\/\\\/secure.gravatar.com\\\/avatar\\\/2b90d67bdf392c9b3a21fab87c0fa7edaf1fb3a058172a1ffd61033fcec7aec1?s=96&d=mm&r=g\",\"caption\":\"Jean-Gabriel Davis\"}}]}<\/script>\n<!-- \/ Yoast SEO plugin. -->","yoast_head_json":{"title":"Rock, hard rock, metal, punk y m\u00fasicas jud\u00edas - Institut Europ\u00e9en des Musiques Juives","robots":{"index":"index","follow":"follow","max-snippet":"max-snippet:-1","max-image-preview":"max-image-preview:large","max-video-preview":"max-video-preview:-1"},"canonical":"https:\/\/www.iemj.org\/es\/rock-hard-rock-metal-punk-et-musiques-juives\/","og_locale":"es_ES","og_type":"article","og_title":"Rock, hard rock, metal, punk y m\u00fasicas jud\u00edas - Institut Europ\u00e9en des Musiques Juives","og_description":"Historia La m\u00fasica rock apareci\u00f3 en los a\u00f1os 50 en los Estados Unidos. A partir de los a\u00f1os 1960 se desarroll\u00f3 en muchas subcategor\u00edas, siempre en los Estados Unidos, pero","og_url":"https:\/\/www.iemj.org\/es\/rock-hard-rock-metal-punk-et-musiques-juives\/","og_site_name":"Institut Europ\u00e9en des Musiques Juives","article_publisher":"https:\/\/www.facebook.com\/MusiquesJuives\/","article_published_time":"2018-12-19T12:28:08+00:00","article_modified_time":"2025-10-06T12:29:05+00:00","og_image":[{"width":350,"height":263,"url":"https:\/\/www.iemj.org\/wp-content\/uploads\/2018\/12\/arton3847-e1618320209127.jpg","type":"image\/jpeg"}],"author":"Jean-Gabriel Davis","twitter_card":"summary_large_image","twitter_misc":{"Escrito por":"Jean-Gabriel Davis","Tiempo de lectura":"9 minutos"},"schema":{"@context":"https:\/\/schema.org","@graph":[{"@type":"Article","@id":"https:\/\/www.iemj.org\/es\/rock-hard-rock-metal-punk-et-musiques-juives\/#article","isPartOf":{"@id":"https:\/\/www.iemj.org\/es\/rock-hard-rock-metal-punk-et-musiques-juives\/"},"author":{"name":"Jean-Gabriel Davis","@id":"https:\/\/www.iemj.org\/es\/#\/schema\/person\/c9bc1c386a3749579a2d675e72a18666"},"headline":"Rock, hard rock, metal, punk y m\u00fasicas jud\u00edas","datePublished":"2018-12-19T12:28:08+00:00","dateModified":"2025-10-06T12:29:05+00:00","mainEntityOfPage":{"@id":"https:\/\/www.iemj.org\/es\/rock-hard-rock-metal-punk-et-musiques-juives\/"},"wordCount":1410,"publisher":{"@id":"https:\/\/www.iemj.org\/es\/#organization"},"image":{"@id":"https:\/\/www.iemj.org\/es\/rock-hard-rock-metal-punk-et-musiques-juives\/#primaryimage"},"thumbnailUrl":"https:\/\/www.iemj.org\/wp-content\/uploads\/2018\/12\/arton3847-e1618320209127.jpg","articleSection":["Art\u00edculos de fondo"],"inLanguage":"es"},{"@type":"WebPage","@id":"https:\/\/www.iemj.org\/es\/rock-hard-rock-metal-punk-et-musiques-juives\/","url":"https:\/\/www.iemj.org\/es\/rock-hard-rock-metal-punk-et-musiques-juives\/","name":"Rock, hard rock, metal, punk y m\u00fasicas jud\u00edas - Institut Europ\u00e9en des Musiques Juives","isPartOf":{"@id":"https:\/\/www.iemj.org\/es\/#website"},"primaryImageOfPage":{"@id":"https:\/\/www.iemj.org\/es\/rock-hard-rock-metal-punk-et-musiques-juives\/#primaryimage"},"image":{"@id":"https:\/\/www.iemj.org\/es\/rock-hard-rock-metal-punk-et-musiques-juives\/#primaryimage"},"thumbnailUrl":"https:\/\/www.iemj.org\/wp-content\/uploads\/2018\/12\/arton3847-e1618320209127.jpg","datePublished":"2018-12-19T12:28:08+00:00","dateModified":"2025-10-06T12:29:05+00:00","breadcrumb":{"@id":"https:\/\/www.iemj.org\/es\/rock-hard-rock-metal-punk-et-musiques-juives\/#breadcrumb"},"inLanguage":"es","potentialAction":[{"@type":"ReadAction","target":["https:\/\/www.iemj.org\/es\/rock-hard-rock-metal-punk-et-musiques-juives\/"]}]},{"@type":"ImageObject","inLanguage":"es","@id":"https:\/\/www.iemj.org\/es\/rock-hard-rock-metal-punk-et-musiques-juives\/#primaryimage","url":"https:\/\/www.iemj.org\/wp-content\/uploads\/2018\/12\/arton3847-e1618320209127.jpg","contentUrl":"https:\/\/www.iemj.org\/wp-content\/uploads\/2018\/12\/arton3847-e1618320209127.jpg","width":350,"height":263},{"@type":"BreadcrumbList","@id":"https:\/\/www.iemj.org\/es\/rock-hard-rock-metal-punk-et-musiques-juives\/#breadcrumb","itemListElement":[{"@type":"ListItem","position":1,"name":"Accueil","item":"https:\/\/www.iemj.org\/es\/"},{"@type":"ListItem","position":2,"name":"Rock, hard rock, metal, punk y m\u00fasicas jud\u00edas"}]},{"@type":"WebSite","@id":"https:\/\/www.iemj.org\/es\/#website","url":"https:\/\/www.iemj.org\/es\/","name":"Institut Europ\u00e9en des Musiques Juives","description":"Des traditions musicales \u00e0 la port\u00e9e de tous","publisher":{"@id":"https:\/\/www.iemj.org\/es\/#organization"},"potentialAction":[{"@type":"SearchAction","target":{"@type":"EntryPoint","urlTemplate":"https:\/\/www.iemj.org\/es\/?s={search_term_string}"},"query-input":{"@type":"PropertyValueSpecification","valueRequired":true,"valueName":"search_term_string"}}],"inLanguage":"es"},{"@type":"Organization","@id":"https:\/\/www.iemj.org\/es\/#organization","name":"Institut Europ\u00e9en des Musiques Juives","url":"https:\/\/www.iemj.org\/es\/","logo":{"@type":"ImageObject","inLanguage":"es","@id":"https:\/\/www.iemj.org\/es\/#\/schema\/logo\/image\/","url":"https:\/\/www.iemj.org\/wp-content\/uploads\/2021\/09\/Logo-IEMJ-Paypal.jpg","contentUrl":"https:\/\/www.iemj.org\/wp-content\/uploads\/2021\/09\/Logo-IEMJ-Paypal.jpg","width":150,"height":50,"caption":"Institut Europ\u00e9en des Musiques Juives"},"image":{"@id":"https:\/\/www.iemj.org\/es\/#\/schema\/logo\/image\/"},"sameAs":["https:\/\/www.facebook.com\/MusiquesJuives\/","https:\/\/www.instagram.com\/musiquesjuives\/","https:\/\/www.youtube.com\/user\/musiquesjuives"]},{"@type":"Person","@id":"https:\/\/www.iemj.org\/es\/#\/schema\/person\/c9bc1c386a3749579a2d675e72a18666","name":"Jean-Gabriel Davis","image":{"@type":"ImageObject","inLanguage":"es","@id":"https:\/\/secure.gravatar.com\/avatar\/2b90d67bdf392c9b3a21fab87c0fa7edaf1fb3a058172a1ffd61033fcec7aec1?s=96&d=mm&r=g","url":"https:\/\/secure.gravatar.com\/avatar\/2b90d67bdf392c9b3a21fab87c0fa7edaf1fb3a058172a1ffd61033fcec7aec1?s=96&d=mm&r=g","contentUrl":"https:\/\/secure.gravatar.com\/avatar\/2b90d67bdf392c9b3a21fab87c0fa7edaf1fb3a058172a1ffd61033fcec7aec1?s=96&d=mm&r=g","caption":"Jean-Gabriel Davis"}}]}},"_links":{"self":[{"href":"https:\/\/www.iemj.org\/es\/wp-json\/wp\/v2\/posts\/73622","targetHints":{"allow":["GET"]}}],"collection":[{"href":"https:\/\/www.iemj.org\/es\/wp-json\/wp\/v2\/posts"}],"about":[{"href":"https:\/\/www.iemj.org\/es\/wp-json\/wp\/v2\/types\/post"}],"author":[{"embeddable":true,"href":"https:\/\/www.iemj.org\/es\/wp-json\/wp\/v2\/users\/1048"}],"replies":[{"embeddable":true,"href":"https:\/\/www.iemj.org\/es\/wp-json\/wp\/v2\/comments?post=73622"}],"version-history":[{"count":1,"href":"https:\/\/www.iemj.org\/es\/wp-json\/wp\/v2\/posts\/73622\/revisions"}],"predecessor-version":[{"id":126376,"href":"https:\/\/www.iemj.org\/es\/wp-json\/wp\/v2\/posts\/73622\/revisions\/126376"}],"wp:featuredmedia":[{"embeddable":true,"href":"https:\/\/www.iemj.org\/es\/wp-json\/wp\/v2\/media\/73623"}],"wp:attachment":[{"href":"https:\/\/www.iemj.org\/es\/wp-json\/wp\/v2\/media?parent=73622"}],"wp:term":[{"taxonomy":"category","embeddable":true,"href":"https:\/\/www.iemj.org\/es\/wp-json\/wp\/v2\/categories?post=73622"},{"taxonomy":"post_tag","embeddable":true,"href":"https:\/\/www.iemj.org\/es\/wp-json\/wp\/v2\/tags?post=73622"},{"taxonomy":"technique","embeddable":true,"href":"https:\/\/www.iemj.org\/es\/wp-json\/wp\/v2\/technique?post=73622"},{"taxonomy":"squelettes","embeddable":true,"href":"https:\/\/www.iemj.org\/es\/wp-json\/wp\/v2\/squelettes?post=73622"},{"taxonomy":"sujet","embeddable":true,"href":"https:\/\/www.iemj.org\/es\/wp-json\/wp\/v2\/sujet?post=73622"},{"taxonomy":"formation","embeddable":true,"href":"https:\/\/www.iemj.org\/es\/wp-json\/wp\/v2\/formation?post=73622"},{"taxonomy":"genre","embeddable":true,"href":"https:\/\/www.iemj.org\/es\/wp-json\/wp\/v2\/genre?post=73622"},{"taxonomy":"fonds","embeddable":true,"href":"https:\/\/www.iemj.org\/es\/wp-json\/wp\/v2\/fonds?post=73622"},{"taxonomy":"tradition","embeddable":true,"href":"https:\/\/www.iemj.org\/es\/wp-json\/wp\/v2\/tradition?post=73622"},{"taxonomy":"type-de-contenu","embeddable":true,"href":"https:\/\/www.iemj.org\/es\/wp-json\/wp\/v2\/type-de-contenu?post=73622"},{"taxonomy":"interprete-compositeur","embeddable":true,"href":"https:\/\/www.iemj.org\/es\/wp-json\/wp\/v2\/interprete-compositeur?post=73622"},{"taxonomy":"frise","embeddable":true,"href":"https:\/\/www.iemj.org\/es\/wp-json\/wp\/v2\/frise?post=73622"},{"taxonomy":"type-devenement","embeddable":true,"href":"https:\/\/www.iemj.org\/es\/wp-json\/wp\/v2\/type-devenement?post=73622"},{"taxonomy":"tableaux-liens-externes","embeddable":true,"href":"https:\/\/www.iemj.org\/es\/wp-json\/wp\/v2\/tableaux-liens-externes?post=73622"}],"curies":[{"name":"wp","href":"https:\/\/api.w.org\/{rel}","templated":true}]}}