{"id":75830,"date":"2015-02-10T16:34:00","date_gmt":"2015-02-10T15:34:00","guid":{"rendered":"https:\/\/www.iemj.org\/tresors-darchives-yiddish-partie-2\/"},"modified":"2025-09-21T19:40:28","modified_gmt":"2025-09-21T17:40:28","slug":"tresors-darchives-yiddish-partie-2","status":"publish","type":"post","link":"https:\/\/www.iemj.org\/es\/tresors-darchives-yiddish-partie-2\/","title":{"rendered":"Tesoros de los archivos en yiddish (parte 2)"},"content":{"rendered":"<p class=\"post_excerpt\"><strong>MUSIQUES JUIVES D\u2019HIER ET D\u2019AUJOURD\u2019HUI &#8211; MARTES 10 DE FEBRERO DE 2015, JUDA\u00cfQUES FM (94.8), 21:05.<\/strong><br \/><strong>Programa de radio en franc\u00e9s<\/strong><\/p>\n<p><!--more--><\/p>\n<p>Ante la r\u00e1pida urbanizaci\u00f3n e industrializaci\u00f3n que amenazaban el mundo jud\u00edo tradicional del shtetl a principios del siglo XX, algunos intelectuales jud\u00edos decidieron organizar expediciones etnogr\u00e1ficas para anotar, fotografiar o registrar las huellas de una vida que iba a ser totalmente engullida pocos a\u00f1os despu\u00e9s por el nazismo y el estalinismo. As\u00ed, entre 1911 y 1914, la Sociedad Hist\u00f3rica y Etnogr\u00e1fica Jud\u00eda -fundada en San Petersburgo en 1908- organiz\u00f3 la Expedici\u00f3n Etnogr\u00e1fica Bar\u00f3n Ginzburg, bajo la direcci\u00f3n de Shalom An-Ski (1863-1920).<\/p>\n<p><a href=\"https:\/\/www.iemj.org\/es\/tresors-darchives-yiddish-partie-1\/\" target=\"_blank\" rel=\"noopener\">La primera parte de este programa<\/a> nos introdujo en la riqueza de los archivos musicales en yiddish recogidos en Europa del Este por investigadores como Engel, Kisselgof, Beregovski, o en Estados Unidos por la folclorista Ruth Rubin.<\/p>\n<p>La segunda parte de este programa utilizar\u00e1 numerosos ejemplos musicales para mostrarnos c\u00f3mo los artistas de hoy utilizan la m\u00fasica de ayer para realizar sus propias creaciones.<\/p>\n<p>Desde la reapropiaci\u00f3n de Joel Rubin hasta el yiddish psicod\u00e9lico de Forshpil, desde el rock\/folk\/blues de Wolf Krakowski hasta la m\u00fasica yiddish-irlandesa de Lorin Sklamberg y Susan McKeown, la canci\u00f3n yiddish explora el mundo, rompiendo las fronteras entre g\u00e9neros musicales.<\/p>\n<p>Una inmersi\u00f3n en la vena creativa yiddish, guiada por la cantante y violinista El\u00e9onore Biezunski.<\/p>\n<p><a href=\"https:\/\/www.iemj.org\/es\/tresors-darchives-yiddish-partie-1\/\" target=\"_blank\" rel=\"noopener\"><img decoding=\"async\" class=\" alignleft  wp-image-75793\" src=\"https:\/\/www.iemj.org\/wp-content\/uploads\/2014\/04\/emission_de_radio_55_.jpg\" alt=\"emission_de_radio_55_.jpg\" width=\"51\" height=\"45\" align=\"left\" \/>Escuche la primera parte de \u201cTesoros del Archivo Yiddish\u201d<\/a><\/p>\n<p><em><img decoding=\"async\" class=\" alignleft size-full wp-image-65571\" src=\"https:\/\/www.iemj.org\/wp-content\/uploads\/2019\/10\/herve_photo_retouche_fond_uni_bleu_500px.jpg\" alt=\"herve_photo_retouche_fond_uni_bleu_500px.jpg\" width=\"140\" height=\"189\" align=\"left\" \/>Oficial de Artes y Letras, Doctor en Musicolog\u00eda por la Universidad de Par\u00eds IV Sorbona, Premio del Conservatorio Nacional Superior de M\u00fasica y Danza de Par\u00eds, Herv\u00e9 Roten es director del Instituto Europeo de M\u00fasica Jud\u00eda desde su creaci\u00f3n en 2006.<br \/>Formado como etnomusic\u00f3logo, se interes\u00f3 muy pronto por la conservaci\u00f3n y digitalizaci\u00f3n de archivos, materia que imparti\u00f3 durante varios a\u00f1os en las universidades de Reims y Marne-La-Vall\u00e9e.<br \/>Autor de numerosos art\u00edculos, libros y discos sobre m\u00fasica jud\u00eda, y productor de programas de radio, Herv\u00e9 Roten es reconocido hoy como uno de los mejores especialistas en m\u00fasica jud\u00eda del mundo.<br \/><\/em><\/p>\n\n\n<h2 class=\"wp-block-heading\"><\/h2>\n\n\n<div class=\"wp-block-image\">\n<figure class=\"aligncenter size-large\"><img fetchpriority=\"high\" decoding=\"async\" width=\"1024\" height=\"133\" src=\"https:\/\/www.iemj.org\/wp-content\/uploads\/2024\/03\/AUDIO-PLAYER-1024x133.png\" alt=\"\" class=\"wp-image-110610\" srcset=\"https:\/\/www.iemj.org\/wp-content\/uploads\/2024\/03\/AUDIO-PLAYER-1024x133.png 1024w, https:\/\/www.iemj.org\/wp-content\/uploads\/2024\/03\/AUDIO-PLAYER-300x39.png 300w, https:\/\/www.iemj.org\/wp-content\/uploads\/2024\/03\/AUDIO-PLAYER-768x100.png 768w, https:\/\/www.iemj.org\/wp-content\/uploads\/2024\/03\/AUDIO-PLAYER-600x78.png 600w, https:\/\/www.iemj.org\/wp-content\/uploads\/2024\/03\/AUDIO-PLAYER.png 1210w\" sizes=\"(max-width: 1024px) 100vw, 1024px\" \/><\/figure>\n<\/div>\n\n\n<div class=\"wp-block-file\"><a id=\"wp-block-file--media-24ac1bbf-f21c-4c1e-9b72-f98986f834c3\" href=\"https:\/\/www.iemj.org\/wp-content\/uploads\/2015\/07\/jfm38_tresor_archives_yiddish_2_v128kbs.mp3\">Tr\u00e9sor d\u2019archives yiddish (partie 2) &#8211; Herv\u00e9 Roten (Juda\u00efques FM 94.8)<\/a><\/div>\n","protected":false},"excerpt":{"rendered":"<p>MUSIQUES JUIVES D\u2019HIER ET D\u2019AUJOURD\u2019HUI &#8211; MARTES 10 DE FEBRERO DE 2015, JUDA\u00cfQUES FM (94.8), 21:05.Programa de radio en franc\u00e9s<\/p>\n","protected":false},"author":1051,"featured_media":75831,"comment_status":"closed","ping_status":"closed","sticky":false,"template":"","format":"standard","meta":{"_acf_changed":false,"footnotes":""},"categories":[1537,2183],"tags":[2213],"technique":[],"squelettes":[],"sujet":[],"formation":[],"genre":[1863],"fonds":[],"tradition":[],"type-de-contenu":[],"interprete-compositeur":[],"frise":[],"type-devenement":[],"tableaux-liens-externes":[],"class_list":["post-75830","post","type-post","status-publish","format-standard","has-post-thumbnail","hentry","category-programas-de-radio-es","category-programas-herve-roten-es","tag-programas-de-radio-del-iemj-es","genre-yiddish-es"],"acf":[],"yoast_head":"<!-- This site is optimized with the Yoast SEO plugin v27.3 - https:\/\/yoast.com\/product\/yoast-seo-wordpress\/ -->\n<title>Tesoros de los archivos en yiddish (parte 2) - Institut Europ\u00e9en des Musiques Juives<\/title>\n<meta name=\"robots\" content=\"index, follow, max-snippet:-1, max-image-preview:large, max-video-preview:-1\" \/>\n<link rel=\"canonical\" href=\"https:\/\/www.iemj.org\/es\/tresors-darchives-yiddish-partie-2\/\" \/>\n<meta property=\"og:locale\" content=\"es_ES\" \/>\n<meta property=\"og:type\" content=\"article\" \/>\n<meta property=\"og:title\" content=\"Tesoros de los archivos en yiddish (parte 2) - Institut Europ\u00e9en des Musiques Juives\" \/>\n<meta property=\"og:description\" content=\"MUSIQUES JUIVES D\u2019HIER ET D\u2019AUJOURD\u2019HUI &#8211; MARTES 10 DE FEBRERO DE 2015, JUDA\u00cfQUES FM (94.8), 21:05.Programa de radio en franc\u00e9s\" \/>\n<meta property=\"og:url\" content=\"https:\/\/www.iemj.org\/es\/tresors-darchives-yiddish-partie-2\/\" \/>\n<meta property=\"og:site_name\" content=\"Institut Europ\u00e9en des Musiques Juives\" \/>\n<meta property=\"article:publisher\" content=\"https:\/\/www.facebook.com\/MusiquesJuives\/\" \/>\n<meta property=\"article:published_time\" content=\"2015-02-10T15:34:00+00:00\" \/>\n<meta property=\"article:modified_time\" content=\"2025-09-21T17:40:28+00:00\" \/>\n<meta property=\"og:image\" content=\"https:\/\/www.iemj.org\/wp-content\/uploads\/2015\/02\/arton1041.jpg\" \/>\n\t<meta property=\"og:image:width\" content=\"136\" \/>\n\t<meta property=\"og:image:height\" content=\"136\" \/>\n\t<meta property=\"og:image:type\" content=\"image\/jpeg\" \/>\n<meta name=\"author\" content=\"Eleonore Biezunski\" \/>\n<meta name=\"twitter:card\" content=\"summary_large_image\" \/>\n<meta name=\"twitter:label1\" content=\"Escrito por\" \/>\n\t<meta name=\"twitter:data1\" content=\"Eleonore Biezunski\" \/>\n\t<meta name=\"twitter:label2\" content=\"Tiempo de lectura\" \/>\n\t<meta name=\"twitter:data2\" content=\"3 minutos\" \/>\n<script type=\"application\/ld+json\" class=\"yoast-schema-graph\">{\"@context\":\"https:\\\/\\\/schema.org\",\"@graph\":[{\"@type\":\"Article\",\"@id\":\"https:\\\/\\\/www.iemj.org\\\/es\\\/tresors-darchives-yiddish-partie-2\\\/#article\",\"isPartOf\":{\"@id\":\"https:\\\/\\\/www.iemj.org\\\/es\\\/tresors-darchives-yiddish-partie-2\\\/\"},\"author\":{\"name\":\"Eleonore Biezunski\",\"@id\":\"https:\\\/\\\/www.iemj.org\\\/es\\\/#\\\/schema\\\/person\\\/b642ef6ac700534beb3a478a1044fc58\"},\"headline\":\"Tesoros de los archivos en yiddish (parte 2)\",\"datePublished\":\"2015-02-10T15:34:00+00:00\",\"dateModified\":\"2025-09-21T17:40:28+00:00\",\"mainEntityOfPage\":{\"@id\":\"https:\\\/\\\/www.iemj.org\\\/es\\\/tresors-darchives-yiddish-partie-2\\\/\"},\"wordCount\":390,\"publisher\":{\"@id\":\"https:\\\/\\\/www.iemj.org\\\/es\\\/#organization\"},\"image\":{\"@id\":\"https:\\\/\\\/www.iemj.org\\\/es\\\/tresors-darchives-yiddish-partie-2\\\/#primaryimage\"},\"thumbnailUrl\":\"https:\\\/\\\/www.iemj.org\\\/wp-content\\\/uploads\\\/2015\\\/02\\\/arton1041.jpg\",\"keywords\":[\"Programas de radio del IEMJ\"],\"articleSection\":[\"Programas de radio\",\"Programas Herv\u00e9 Roten\"],\"inLanguage\":\"es\"},{\"@type\":\"WebPage\",\"@id\":\"https:\\\/\\\/www.iemj.org\\\/es\\\/tresors-darchives-yiddish-partie-2\\\/\",\"url\":\"https:\\\/\\\/www.iemj.org\\\/es\\\/tresors-darchives-yiddish-partie-2\\\/\",\"name\":\"Tesoros de los archivos en yiddish (parte 2) - Institut Europ\u00e9en des Musiques Juives\",\"isPartOf\":{\"@id\":\"https:\\\/\\\/www.iemj.org\\\/es\\\/#website\"},\"primaryImageOfPage\":{\"@id\":\"https:\\\/\\\/www.iemj.org\\\/es\\\/tresors-darchives-yiddish-partie-2\\\/#primaryimage\"},\"image\":{\"@id\":\"https:\\\/\\\/www.iemj.org\\\/es\\\/tresors-darchives-yiddish-partie-2\\\/#primaryimage\"},\"thumbnailUrl\":\"https:\\\/\\\/www.iemj.org\\\/wp-content\\\/uploads\\\/2015\\\/02\\\/arton1041.jpg\",\"datePublished\":\"2015-02-10T15:34:00+00:00\",\"dateModified\":\"2025-09-21T17:40:28+00:00\",\"breadcrumb\":{\"@id\":\"https:\\\/\\\/www.iemj.org\\\/es\\\/tresors-darchives-yiddish-partie-2\\\/#breadcrumb\"},\"inLanguage\":\"es\",\"potentialAction\":[{\"@type\":\"ReadAction\",\"target\":[\"https:\\\/\\\/www.iemj.org\\\/es\\\/tresors-darchives-yiddish-partie-2\\\/\"]}]},{\"@type\":\"ImageObject\",\"inLanguage\":\"es\",\"@id\":\"https:\\\/\\\/www.iemj.org\\\/es\\\/tresors-darchives-yiddish-partie-2\\\/#primaryimage\",\"url\":\"https:\\\/\\\/www.iemj.org\\\/wp-content\\\/uploads\\\/2015\\\/02\\\/arton1041.jpg\",\"contentUrl\":\"https:\\\/\\\/www.iemj.org\\\/wp-content\\\/uploads\\\/2015\\\/02\\\/arton1041.jpg\",\"width\":136,\"height\":136},{\"@type\":\"BreadcrumbList\",\"@id\":\"https:\\\/\\\/www.iemj.org\\\/es\\\/tresors-darchives-yiddish-partie-2\\\/#breadcrumb\",\"itemListElement\":[{\"@type\":\"ListItem\",\"position\":1,\"name\":\"Accueil\",\"item\":\"https:\\\/\\\/www.iemj.org\\\/es\\\/\"},{\"@type\":\"ListItem\",\"position\":2,\"name\":\"Tesoros de los archivos en yiddish (parte 2)\"}]},{\"@type\":\"WebSite\",\"@id\":\"https:\\\/\\\/www.iemj.org\\\/es\\\/#website\",\"url\":\"https:\\\/\\\/www.iemj.org\\\/es\\\/\",\"name\":\"Institut Europ\u00e9en des Musiques Juives\",\"description\":\"Des traditions musicales \u00e0 la port\u00e9e de tous\",\"publisher\":{\"@id\":\"https:\\\/\\\/www.iemj.org\\\/es\\\/#organization\"},\"potentialAction\":[{\"@type\":\"SearchAction\",\"target\":{\"@type\":\"EntryPoint\",\"urlTemplate\":\"https:\\\/\\\/www.iemj.org\\\/es\\\/?s={search_term_string}\"},\"query-input\":{\"@type\":\"PropertyValueSpecification\",\"valueRequired\":true,\"valueName\":\"search_term_string\"}}],\"inLanguage\":\"es\"},{\"@type\":\"Organization\",\"@id\":\"https:\\\/\\\/www.iemj.org\\\/es\\\/#organization\",\"name\":\"Institut Europ\u00e9en des Musiques Juives\",\"url\":\"https:\\\/\\\/www.iemj.org\\\/es\\\/\",\"logo\":{\"@type\":\"ImageObject\",\"inLanguage\":\"es\",\"@id\":\"https:\\\/\\\/www.iemj.org\\\/es\\\/#\\\/schema\\\/logo\\\/image\\\/\",\"url\":\"https:\\\/\\\/www.iemj.org\\\/wp-content\\\/uploads\\\/2021\\\/09\\\/Logo-IEMJ-Paypal.jpg\",\"contentUrl\":\"https:\\\/\\\/www.iemj.org\\\/wp-content\\\/uploads\\\/2021\\\/09\\\/Logo-IEMJ-Paypal.jpg\",\"width\":150,\"height\":50,\"caption\":\"Institut Europ\u00e9en des Musiques Juives\"},\"image\":{\"@id\":\"https:\\\/\\\/www.iemj.org\\\/es\\\/#\\\/schema\\\/logo\\\/image\\\/\"},\"sameAs\":[\"https:\\\/\\\/www.facebook.com\\\/MusiquesJuives\\\/\",\"https:\\\/\\\/www.instagram.com\\\/musiquesjuives\\\/\",\"https:\\\/\\\/www.youtube.com\\\/user\\\/musiquesjuives\"]},{\"@type\":\"Person\",\"@id\":\"https:\\\/\\\/www.iemj.org\\\/es\\\/#\\\/schema\\\/person\\\/b642ef6ac700534beb3a478a1044fc58\",\"name\":\"Eleonore Biezunski\",\"image\":{\"@type\":\"ImageObject\",\"inLanguage\":\"es\",\"@id\":\"https:\\\/\\\/secure.gravatar.com\\\/avatar\\\/23ebe6af626286145e05768bed85e683b6fb680909f71fae7052aa52346a660a?s=96&d=mm&r=g\",\"url\":\"https:\\\/\\\/secure.gravatar.com\\\/avatar\\\/23ebe6af626286145e05768bed85e683b6fb680909f71fae7052aa52346a660a?s=96&d=mm&r=g\",\"contentUrl\":\"https:\\\/\\\/secure.gravatar.com\\\/avatar\\\/23ebe6af626286145e05768bed85e683b6fb680909f71fae7052aa52346a660a?s=96&d=mm&r=g\",\"caption\":\"Eleonore Biezunski\"}}]}<\/script>\n<!-- \/ Yoast SEO plugin. -->","yoast_head_json":{"title":"Tesoros de los archivos en yiddish (parte 2) - Institut Europ\u00e9en des Musiques Juives","robots":{"index":"index","follow":"follow","max-snippet":"max-snippet:-1","max-image-preview":"max-image-preview:large","max-video-preview":"max-video-preview:-1"},"canonical":"https:\/\/www.iemj.org\/es\/tresors-darchives-yiddish-partie-2\/","og_locale":"es_ES","og_type":"article","og_title":"Tesoros de los archivos en yiddish (parte 2) - Institut Europ\u00e9en des Musiques Juives","og_description":"MUSIQUES JUIVES D\u2019HIER ET D\u2019AUJOURD\u2019HUI &#8211; MARTES 10 DE FEBRERO DE 2015, JUDA\u00cfQUES FM (94.8), 21:05.Programa de radio en franc\u00e9s","og_url":"https:\/\/www.iemj.org\/es\/tresors-darchives-yiddish-partie-2\/","og_site_name":"Institut Europ\u00e9en des Musiques Juives","article_publisher":"https:\/\/www.facebook.com\/MusiquesJuives\/","article_published_time":"2015-02-10T15:34:00+00:00","article_modified_time":"2025-09-21T17:40:28+00:00","og_image":[{"width":136,"height":136,"url":"https:\/\/www.iemj.org\/wp-content\/uploads\/2015\/02\/arton1041.jpg","type":"image\/jpeg"}],"author":"Eleonore Biezunski","twitter_card":"summary_large_image","twitter_misc":{"Escrito por":"Eleonore Biezunski","Tiempo de lectura":"3 minutos"},"schema":{"@context":"https:\/\/schema.org","@graph":[{"@type":"Article","@id":"https:\/\/www.iemj.org\/es\/tresors-darchives-yiddish-partie-2\/#article","isPartOf":{"@id":"https:\/\/www.iemj.org\/es\/tresors-darchives-yiddish-partie-2\/"},"author":{"name":"Eleonore Biezunski","@id":"https:\/\/www.iemj.org\/es\/#\/schema\/person\/b642ef6ac700534beb3a478a1044fc58"},"headline":"Tesoros de los archivos en yiddish (parte 2)","datePublished":"2015-02-10T15:34:00+00:00","dateModified":"2025-09-21T17:40:28+00:00","mainEntityOfPage":{"@id":"https:\/\/www.iemj.org\/es\/tresors-darchives-yiddish-partie-2\/"},"wordCount":390,"publisher":{"@id":"https:\/\/www.iemj.org\/es\/#organization"},"image":{"@id":"https:\/\/www.iemj.org\/es\/tresors-darchives-yiddish-partie-2\/#primaryimage"},"thumbnailUrl":"https:\/\/www.iemj.org\/wp-content\/uploads\/2015\/02\/arton1041.jpg","keywords":["Programas de radio del IEMJ"],"articleSection":["Programas de radio","Programas Herv\u00e9 Roten"],"inLanguage":"es"},{"@type":"WebPage","@id":"https:\/\/www.iemj.org\/es\/tresors-darchives-yiddish-partie-2\/","url":"https:\/\/www.iemj.org\/es\/tresors-darchives-yiddish-partie-2\/","name":"Tesoros de los archivos en yiddish (parte 2) - Institut Europ\u00e9en des Musiques Juives","isPartOf":{"@id":"https:\/\/www.iemj.org\/es\/#website"},"primaryImageOfPage":{"@id":"https:\/\/www.iemj.org\/es\/tresors-darchives-yiddish-partie-2\/#primaryimage"},"image":{"@id":"https:\/\/www.iemj.org\/es\/tresors-darchives-yiddish-partie-2\/#primaryimage"},"thumbnailUrl":"https:\/\/www.iemj.org\/wp-content\/uploads\/2015\/02\/arton1041.jpg","datePublished":"2015-02-10T15:34:00+00:00","dateModified":"2025-09-21T17:40:28+00:00","breadcrumb":{"@id":"https:\/\/www.iemj.org\/es\/tresors-darchives-yiddish-partie-2\/#breadcrumb"},"inLanguage":"es","potentialAction":[{"@type":"ReadAction","target":["https:\/\/www.iemj.org\/es\/tresors-darchives-yiddish-partie-2\/"]}]},{"@type":"ImageObject","inLanguage":"es","@id":"https:\/\/www.iemj.org\/es\/tresors-darchives-yiddish-partie-2\/#primaryimage","url":"https:\/\/www.iemj.org\/wp-content\/uploads\/2015\/02\/arton1041.jpg","contentUrl":"https:\/\/www.iemj.org\/wp-content\/uploads\/2015\/02\/arton1041.jpg","width":136,"height":136},{"@type":"BreadcrumbList","@id":"https:\/\/www.iemj.org\/es\/tresors-darchives-yiddish-partie-2\/#breadcrumb","itemListElement":[{"@type":"ListItem","position":1,"name":"Accueil","item":"https:\/\/www.iemj.org\/es\/"},{"@type":"ListItem","position":2,"name":"Tesoros de los archivos en yiddish (parte 2)"}]},{"@type":"WebSite","@id":"https:\/\/www.iemj.org\/es\/#website","url":"https:\/\/www.iemj.org\/es\/","name":"Institut Europ\u00e9en des Musiques Juives","description":"Des traditions musicales \u00e0 la port\u00e9e de tous","publisher":{"@id":"https:\/\/www.iemj.org\/es\/#organization"},"potentialAction":[{"@type":"SearchAction","target":{"@type":"EntryPoint","urlTemplate":"https:\/\/www.iemj.org\/es\/?s={search_term_string}"},"query-input":{"@type":"PropertyValueSpecification","valueRequired":true,"valueName":"search_term_string"}}],"inLanguage":"es"},{"@type":"Organization","@id":"https:\/\/www.iemj.org\/es\/#organization","name":"Institut Europ\u00e9en des Musiques Juives","url":"https:\/\/www.iemj.org\/es\/","logo":{"@type":"ImageObject","inLanguage":"es","@id":"https:\/\/www.iemj.org\/es\/#\/schema\/logo\/image\/","url":"https:\/\/www.iemj.org\/wp-content\/uploads\/2021\/09\/Logo-IEMJ-Paypal.jpg","contentUrl":"https:\/\/www.iemj.org\/wp-content\/uploads\/2021\/09\/Logo-IEMJ-Paypal.jpg","width":150,"height":50,"caption":"Institut Europ\u00e9en des Musiques Juives"},"image":{"@id":"https:\/\/www.iemj.org\/es\/#\/schema\/logo\/image\/"},"sameAs":["https:\/\/www.facebook.com\/MusiquesJuives\/","https:\/\/www.instagram.com\/musiquesjuives\/","https:\/\/www.youtube.com\/user\/musiquesjuives"]},{"@type":"Person","@id":"https:\/\/www.iemj.org\/es\/#\/schema\/person\/b642ef6ac700534beb3a478a1044fc58","name":"Eleonore Biezunski","image":{"@type":"ImageObject","inLanguage":"es","@id":"https:\/\/secure.gravatar.com\/avatar\/23ebe6af626286145e05768bed85e683b6fb680909f71fae7052aa52346a660a?s=96&d=mm&r=g","url":"https:\/\/secure.gravatar.com\/avatar\/23ebe6af626286145e05768bed85e683b6fb680909f71fae7052aa52346a660a?s=96&d=mm&r=g","contentUrl":"https:\/\/secure.gravatar.com\/avatar\/23ebe6af626286145e05768bed85e683b6fb680909f71fae7052aa52346a660a?s=96&d=mm&r=g","caption":"Eleonore Biezunski"}}]}},"_links":{"self":[{"href":"https:\/\/www.iemj.org\/es\/wp-json\/wp\/v2\/posts\/75830","targetHints":{"allow":["GET"]}}],"collection":[{"href":"https:\/\/www.iemj.org\/es\/wp-json\/wp\/v2\/posts"}],"about":[{"href":"https:\/\/www.iemj.org\/es\/wp-json\/wp\/v2\/types\/post"}],"author":[{"embeddable":true,"href":"https:\/\/www.iemj.org\/es\/wp-json\/wp\/v2\/users\/1051"}],"replies":[{"embeddable":true,"href":"https:\/\/www.iemj.org\/es\/wp-json\/wp\/v2\/comments?post=75830"}],"version-history":[{"count":0,"href":"https:\/\/www.iemj.org\/es\/wp-json\/wp\/v2\/posts\/75830\/revisions"}],"wp:featuredmedia":[{"embeddable":true,"href":"https:\/\/www.iemj.org\/es\/wp-json\/wp\/v2\/media\/75831"}],"wp:attachment":[{"href":"https:\/\/www.iemj.org\/es\/wp-json\/wp\/v2\/media?parent=75830"}],"wp:term":[{"taxonomy":"category","embeddable":true,"href":"https:\/\/www.iemj.org\/es\/wp-json\/wp\/v2\/categories?post=75830"},{"taxonomy":"post_tag","embeddable":true,"href":"https:\/\/www.iemj.org\/es\/wp-json\/wp\/v2\/tags?post=75830"},{"taxonomy":"technique","embeddable":true,"href":"https:\/\/www.iemj.org\/es\/wp-json\/wp\/v2\/technique?post=75830"},{"taxonomy":"squelettes","embeddable":true,"href":"https:\/\/www.iemj.org\/es\/wp-json\/wp\/v2\/squelettes?post=75830"},{"taxonomy":"sujet","embeddable":true,"href":"https:\/\/www.iemj.org\/es\/wp-json\/wp\/v2\/sujet?post=75830"},{"taxonomy":"formation","embeddable":true,"href":"https:\/\/www.iemj.org\/es\/wp-json\/wp\/v2\/formation?post=75830"},{"taxonomy":"genre","embeddable":true,"href":"https:\/\/www.iemj.org\/es\/wp-json\/wp\/v2\/genre?post=75830"},{"taxonomy":"fonds","embeddable":true,"href":"https:\/\/www.iemj.org\/es\/wp-json\/wp\/v2\/fonds?post=75830"},{"taxonomy":"tradition","embeddable":true,"href":"https:\/\/www.iemj.org\/es\/wp-json\/wp\/v2\/tradition?post=75830"},{"taxonomy":"type-de-contenu","embeddable":true,"href":"https:\/\/www.iemj.org\/es\/wp-json\/wp\/v2\/type-de-contenu?post=75830"},{"taxonomy":"interprete-compositeur","embeddable":true,"href":"https:\/\/www.iemj.org\/es\/wp-json\/wp\/v2\/interprete-compositeur?post=75830"},{"taxonomy":"frise","embeddable":true,"href":"https:\/\/www.iemj.org\/es\/wp-json\/wp\/v2\/frise?post=75830"},{"taxonomy":"type-devenement","embeddable":true,"href":"https:\/\/www.iemj.org\/es\/wp-json\/wp\/v2\/type-devenement?post=75830"},{"taxonomy":"tableaux-liens-externes","embeddable":true,"href":"https:\/\/www.iemj.org\/es\/wp-json\/wp\/v2\/tableaux-liens-externes?post=75830"}],"curies":[{"name":"wp","href":"https:\/\/api.w.org\/{rel}","templated":true}]}}