{"id":77803,"date":"2016-01-07T12:14:30","date_gmt":"2016-01-07T11:14:30","guid":{"rendered":"https:\/\/www.iemj.org\/chants-liturgiques-des-juifs-ashkenazes-le-choeur-juif-de-france\/"},"modified":"2025-02-13T15:46:29","modified_gmt":"2025-02-13T14:46:29","slug":"chants-liturgiques-des-juifs-ashkenazes-le-choeur-juif-de-france","status":"publish","type":"post","link":"https:\/\/www.iemj.org\/es\/chants-liturgiques-des-juifs-ashkenazes-le-choeur-juif-de-france\/","title":{"rendered":"CANTOS LIT\u00daRGICOS DE LOS JUD\u00cdOS ASHKENAZIES &#8211; EL CORO JUD\u00cdO DE FRANCIA"},"content":{"rendered":"<p lang=\"es-ES\" align=\"justify\"><span style=\"font-family: Calibri, sans-serif;\">Grabaci\u00f3n del concierto <em><span style=\"color: #171717;\"><span style=\"font-size: medium;\">Chants liturgiques des juifs ashk\u00e9nazes <\/span><\/span><\/em>[Canciones lit\u00fargicas de los jud\u00edos asquenaz\u00edes], ofrecido el 7 de septiembre de 2014, en el marco de la jornada de estudio <strong>Vox Aurea &#8211; Via Sacra 2014<\/strong>, por el Ch\u0153ur Juif de France [Coro Jud\u00edo de Francia] bajo la direcci\u00f3n de H\u00e9ctor Sabo.<\/span><\/p>\n<p><!--more--><\/p>\n<p lang=\"es-ES\" align=\"justify\"><span style=\"color: #171717;\"><span style=\"font-family: Calibri, sans-serif;\"><span style=\"font-size: medium;\">El Coro Jud\u00edo de Francia fue fundado en octubre de 2006 bajo los auspicios de la APAC (Association pour la Promotion de l\u2019Art cantorial et des Jeunes Talents) [Asociaci\u00f3n para la Promoci\u00f3n del Arte Cantoral y de los J\u00f3venes Talentos], en colaboraci\u00f3n con la ACIP (Association Consistoriale Isra\u00e9lite de Paris-Ile-de-France) [Asociaci\u00f3n Consistorial Israelita de Par\u00eds-Ile-de-France]. Est\u00e1 compuesto por unos cuarenta coristas. Rapha\u00ebl Cohen, gran cantor de fama internacional, es el solista oficial del coro. El pianista que acompa\u00f1a al coro es Pierre Lumbroso.<\/span><\/span><\/span><\/p>\n<p lang=\"es-ES\" align=\"justify\"><span style=\"color: #171717;\"><span style=\"font-family: Calibri, sans-serif;\"><span style=\"font-size: medium;\">El cat\u00e1logo del coro se centra principalmente en la m\u00fasica lit\u00fargica hebrea, la canci\u00f3n yiddish, el cat\u00e1logo asquenaz\u00edes y sefard\u00edes de la canci\u00f3n popular y los cantos israel\u00edes. H\u00e9ctor Sabo se encarga del arreglo de estas obras para voces masculinas.<\/span><\/span><\/span><\/p>\n<p lang=\"es-ES\" align=\"justify\"><span style=\"color: #171717;\"><span style=\"font-family: Calibri, sans-serif;\"><span style=\"font-size: medium;\">Desde su creaci\u00f3n hasta ahora, el Coro Jud\u00edo de Francia ha actuado en numerosos lugares de prestigio, como el Palacio de la UNESCO, en teatros as\u00ed que en diversas sinagogas de toda Francia.<\/span><\/span><\/span><\/p>\n<p><a href=\"https:\/\/www.iemj.org\/colloque-et-concerts-vox-aurea-via-sacra-2014-la-musique-sacree-juive\/\" target=\"_blank\" rel=\"noopener\">Consulta el programa del coloquio Vox Aurea &#8211; V\u00eda sacra 2014<\/a><\/p>\n<p><a href=\"https:\/\/www.iemj.org\/?s=Vox+aurea&amp;submit=Rechercher\" target=\"_blank\" rel=\"noopener\">Escuchar las conferencias y conciertos el programa del coloquio Vox Aurea &#8211; V\u00eda sacra 2014<\/a><\/p>\n<figure id=\"attachment_110610\" aria-describedby=\"caption-attachment-110610\" style=\"width: 900px\" class=\"wp-caption aligncenter\"><img fetchpriority=\"high\" decoding=\"async\" class=\"wp-image-110610\" src=\"https:\/\/www.iemj.org\/wp-content\/uploads\/2024\/03\/AUDIO-PLAYER-300x39.png\" alt=\"\" width=\"900\" height=\"117\" srcset=\"https:\/\/www.iemj.org\/wp-content\/uploads\/2024\/03\/AUDIO-PLAYER-300x39.png 300w, https:\/\/www.iemj.org\/wp-content\/uploads\/2024\/03\/AUDIO-PLAYER-1024x133.png 1024w, https:\/\/www.iemj.org\/wp-content\/uploads\/2024\/03\/AUDIO-PLAYER-768x100.png 768w, https:\/\/www.iemj.org\/wp-content\/uploads\/2024\/03\/AUDIO-PLAYER-600x78.png 600w, https:\/\/www.iemj.org\/wp-content\/uploads\/2024\/03\/AUDIO-PLAYER.png 1210w\" sizes=\"(max-width: 900px) 100vw, 900px\" \/><figcaption id=\"caption-attachment-110610\" class=\"wp-caption-text\"><strong>Escuche a continuaci\u00f3n la grabaci\u00f3n de audio del concierto<\/strong><\/figcaption><\/figure>\n\n\n<div class=\"wp-block-file\"><a href=\"https:\/\/www.iemj.org\/wp-content\/uploads\/2016\/01\/1_presentation_du_choeur_juif_de_france.mp3\">Introduction du Ch\u0153ur Juif de France<\/a><\/div>\n\n\n\n<div class=\"wp-block-file\"><a href=\"https:\/\/www.iemj.org\/wp-content\/uploads\/2016\/01\/2_vechomerou_benei_israel_et_hachabat_-_avraham_dunajewski.mp3\">Vechomerou benei Isra\u00ebl et hachabat &#8211; Avraham DUNAJEWSKI<\/a><\/div>\n\n\n\n<div class=\"wp-block-file\"><a href=\"https:\/\/www.iemj.org\/wp-content\/uploads\/2016\/01\/3_ouvachofor_godol_-_lea_low.mp3\">Ouvachofor godol &#8211; Leo LOW<\/a><\/div>\n\n\n\n<div class=\"wp-block-file\"><a href=\"https:\/\/www.iemj.org\/wp-content\/uploads\/2016\/01\/4_kiddouch_-_kurt_weill.mp3\">Kiddouch &#8211; Kurt WEILL<\/a><\/div>\n\n\n\n<div class=\"wp-block-file\"><a href=\"https:\/\/www.iemj.org\/wp-content\/uploads\/2016\/01\/5_chehe_heyonou_-_meyer_machtenberg.mp3\">Ch\u00e9h\u00e9&#8217;h\u00e9yonou &#8211; Meyer MACHTENBERG<\/a><\/div>\n\n\n\n<div class=\"wp-block-file\"><a href=\"https:\/\/www.iemj.org\/wp-content\/uploads\/2016\/01\/6_hallelou_-_yossele_rosenblatt.mp3\">Hallelou &#8211; Yossele ROSENBLATT<\/a><\/div>\n\n\n\n<div class=\"wp-block-file\"><a href=\"https:\/\/www.iemj.org\/wp-content\/uploads\/2016\/01\/7_av_horahamin_-_machtenberg.mp3\">Av Horahamin &#8211; MACHTENBERG<\/a><\/div>\n\n\n\n<div class=\"wp-block-file\"><a href=\"https:\/\/www.iemj.org\/wp-content\/uploads\/2016\/01\/8_zol_shoyn_kumen_di_gueulo_-_sidor_belarski.mp3\">Zol Shoyn Kumen di gu\u00e9ulo &#8211; Sidor BELARSKI<\/a><\/div>\n","protected":false},"excerpt":{"rendered":"<p>Grabaci\u00f3n del concierto Chants liturgiques des juifs ashk\u00e9nazes [Canciones lit\u00fargicas de los jud\u00edos asquenaz\u00edes], ofrecido el 7 de septiembre de 2014, en el marco de la jornada de estudio Vox<\/p>\n","protected":false},"author":1052,"featured_media":77804,"comment_status":"closed","ping_status":"open","sticky":false,"template":"","format":"standard","meta":{"_acf_changed":false,"footnotes":""},"categories":[1517],"tags":[3422],"technique":[],"squelettes":[],"sujet":[],"formation":[],"genre":[1890,1898],"fonds":[],"tradition":[1982],"type-de-contenu":[],"interprete-compositeur":[],"frise":[],"type-devenement":[],"tableaux-liens-externes":[],"class_list":["post-77803","post","type-post","status-publish","format-standard","has-post-thumbnail","hentry","category-conciertos-film-es","tag-eventos-asociados-es","genre-liturgia-es","genre-musica-coral-es","tradition-rito-ashkenazi-es"],"acf":[],"yoast_head":"<!-- This site is optimized with the Yoast SEO plugin v27.3 - https:\/\/yoast.com\/product\/yoast-seo-wordpress\/ -->\n<title>CANTOS LIT\u00daRGICOS DE LOS JUD\u00cdOS ASHKENAZIES - EL CORO JUD\u00cdO DE FRANCIA - Institut Europ\u00e9en des Musiques Juives<\/title>\n<meta name=\"robots\" content=\"index, follow, max-snippet:-1, max-image-preview:large, max-video-preview:-1\" \/>\n<link rel=\"canonical\" href=\"https:\/\/www.iemj.org\/es\/chants-liturgiques-des-juifs-ashkenazes-le-choeur-juif-de-france\/\" \/>\n<meta property=\"og:locale\" content=\"es_ES\" \/>\n<meta property=\"og:type\" content=\"article\" \/>\n<meta property=\"og:title\" content=\"CANTOS LIT\u00daRGICOS DE LOS JUD\u00cdOS ASHKENAZIES - EL CORO JUD\u00cdO DE FRANCIA - Institut Europ\u00e9en des Musiques Juives\" \/>\n<meta property=\"og:description\" content=\"Grabaci\u00f3n del concierto Chants liturgiques des juifs ashk\u00e9nazes [Canciones lit\u00fargicas de los jud\u00edos asquenaz\u00edes], ofrecido el 7 de septiembre de 2014, en el marco de la jornada de estudio Vox\" \/>\n<meta property=\"og:url\" content=\"https:\/\/www.iemj.org\/es\/chants-liturgiques-des-juifs-ashkenazes-le-choeur-juif-de-france\/\" \/>\n<meta property=\"og:site_name\" content=\"Institut Europ\u00e9en des Musiques Juives\" \/>\n<meta property=\"article:publisher\" content=\"https:\/\/www.facebook.com\/MusiquesJuives\/\" \/>\n<meta property=\"article:published_time\" content=\"2016-01-07T11:14:30+00:00\" \/>\n<meta property=\"article:modified_time\" content=\"2025-02-13T14:46:29+00:00\" \/>\n<meta property=\"og:image\" content=\"https:\/\/www.iemj.org\/wp-content\/uploads\/2016\/01\/arton1355-e1618231482691.jpg\" \/>\n\t<meta property=\"og:image:width\" content=\"350\" \/>\n\t<meta property=\"og:image:height\" content=\"216\" \/>\n\t<meta property=\"og:image:type\" content=\"image\/jpeg\" \/>\n<meta name=\"author\" content=\"Lea Couderc\" \/>\n<meta name=\"twitter:card\" content=\"summary_large_image\" \/>\n<meta name=\"twitter:label1\" content=\"Escrito por\" \/>\n\t<meta name=\"twitter:data1\" content=\"Lea Couderc\" \/>\n\t<meta name=\"twitter:label2\" content=\"Tiempo de lectura\" \/>\n\t<meta name=\"twitter:data2\" content=\"2 minutos\" \/>\n<script type=\"application\/ld+json\" class=\"yoast-schema-graph\">{\"@context\":\"https:\\\/\\\/schema.org\",\"@graph\":[{\"@type\":\"Article\",\"@id\":\"https:\\\/\\\/www.iemj.org\\\/es\\\/chants-liturgiques-des-juifs-ashkenazes-le-choeur-juif-de-france\\\/#article\",\"isPartOf\":{\"@id\":\"https:\\\/\\\/www.iemj.org\\\/es\\\/chants-liturgiques-des-juifs-ashkenazes-le-choeur-juif-de-france\\\/\"},\"author\":{\"name\":\"Lea Couderc\",\"@id\":\"https:\\\/\\\/www.iemj.org\\\/es\\\/#\\\/schema\\\/person\\\/e2ad57f2c4be119c7ed8ab79036807a9\"},\"headline\":\"CANTOS LIT\u00daRGICOS DE LOS JUD\u00cdOS ASHKENAZIES &#8211; EL CORO JUD\u00cdO DE FRANCIA\",\"datePublished\":\"2016-01-07T11:14:30+00:00\",\"dateModified\":\"2025-02-13T14:46:29+00:00\",\"mainEntityOfPage\":{\"@id\":\"https:\\\/\\\/www.iemj.org\\\/es\\\/chants-liturgiques-des-juifs-ashkenazes-le-choeur-juif-de-france\\\/\"},\"wordCount\":343,\"publisher\":{\"@id\":\"https:\\\/\\\/www.iemj.org\\\/es\\\/#organization\"},\"image\":{\"@id\":\"https:\\\/\\\/www.iemj.org\\\/es\\\/chants-liturgiques-des-juifs-ashkenazes-le-choeur-juif-de-france\\\/#primaryimage\"},\"thumbnailUrl\":\"https:\\\/\\\/www.iemj.org\\\/wp-content\\\/uploads\\\/2016\\\/01\\\/arton1355-e1618231482691.jpg\",\"keywords\":[\"Eventos asociados\"],\"articleSection\":[\"Conciertos\"],\"inLanguage\":\"es\"},{\"@type\":\"WebPage\",\"@id\":\"https:\\\/\\\/www.iemj.org\\\/es\\\/chants-liturgiques-des-juifs-ashkenazes-le-choeur-juif-de-france\\\/\",\"url\":\"https:\\\/\\\/www.iemj.org\\\/es\\\/chants-liturgiques-des-juifs-ashkenazes-le-choeur-juif-de-france\\\/\",\"name\":\"CANTOS LIT\u00daRGICOS DE LOS JUD\u00cdOS ASHKENAZIES - EL CORO JUD\u00cdO DE FRANCIA - Institut Europ\u00e9en des Musiques Juives\",\"isPartOf\":{\"@id\":\"https:\\\/\\\/www.iemj.org\\\/es\\\/#website\"},\"primaryImageOfPage\":{\"@id\":\"https:\\\/\\\/www.iemj.org\\\/es\\\/chants-liturgiques-des-juifs-ashkenazes-le-choeur-juif-de-france\\\/#primaryimage\"},\"image\":{\"@id\":\"https:\\\/\\\/www.iemj.org\\\/es\\\/chants-liturgiques-des-juifs-ashkenazes-le-choeur-juif-de-france\\\/#primaryimage\"},\"thumbnailUrl\":\"https:\\\/\\\/www.iemj.org\\\/wp-content\\\/uploads\\\/2016\\\/01\\\/arton1355-e1618231482691.jpg\",\"datePublished\":\"2016-01-07T11:14:30+00:00\",\"dateModified\":\"2025-02-13T14:46:29+00:00\",\"breadcrumb\":{\"@id\":\"https:\\\/\\\/www.iemj.org\\\/es\\\/chants-liturgiques-des-juifs-ashkenazes-le-choeur-juif-de-france\\\/#breadcrumb\"},\"inLanguage\":\"es\",\"potentialAction\":[{\"@type\":\"ReadAction\",\"target\":[\"https:\\\/\\\/www.iemj.org\\\/es\\\/chants-liturgiques-des-juifs-ashkenazes-le-choeur-juif-de-france\\\/\"]}]},{\"@type\":\"ImageObject\",\"inLanguage\":\"es\",\"@id\":\"https:\\\/\\\/www.iemj.org\\\/es\\\/chants-liturgiques-des-juifs-ashkenazes-le-choeur-juif-de-france\\\/#primaryimage\",\"url\":\"https:\\\/\\\/www.iemj.org\\\/wp-content\\\/uploads\\\/2016\\\/01\\\/arton1355-e1618231482691.jpg\",\"contentUrl\":\"https:\\\/\\\/www.iemj.org\\\/wp-content\\\/uploads\\\/2016\\\/01\\\/arton1355-e1618231482691.jpg\",\"width\":350,\"height\":216},{\"@type\":\"BreadcrumbList\",\"@id\":\"https:\\\/\\\/www.iemj.org\\\/es\\\/chants-liturgiques-des-juifs-ashkenazes-le-choeur-juif-de-france\\\/#breadcrumb\",\"itemListElement\":[{\"@type\":\"ListItem\",\"position\":1,\"name\":\"Accueil\",\"item\":\"https:\\\/\\\/www.iemj.org\\\/es\\\/\"},{\"@type\":\"ListItem\",\"position\":2,\"name\":\"CANTOS LIT\u00daRGICOS DE LOS JUD\u00cdOS ASHKENAZIES &#8211; EL CORO JUD\u00cdO DE FRANCIA\"}]},{\"@type\":\"WebSite\",\"@id\":\"https:\\\/\\\/www.iemj.org\\\/es\\\/#website\",\"url\":\"https:\\\/\\\/www.iemj.org\\\/es\\\/\",\"name\":\"Institut Europ\u00e9en des Musiques Juives\",\"description\":\"Des traditions musicales \u00e0 la port\u00e9e de tous\",\"publisher\":{\"@id\":\"https:\\\/\\\/www.iemj.org\\\/es\\\/#organization\"},\"potentialAction\":[{\"@type\":\"SearchAction\",\"target\":{\"@type\":\"EntryPoint\",\"urlTemplate\":\"https:\\\/\\\/www.iemj.org\\\/es\\\/?s={search_term_string}\"},\"query-input\":{\"@type\":\"PropertyValueSpecification\",\"valueRequired\":true,\"valueName\":\"search_term_string\"}}],\"inLanguage\":\"es\"},{\"@type\":\"Organization\",\"@id\":\"https:\\\/\\\/www.iemj.org\\\/es\\\/#organization\",\"name\":\"Institut Europ\u00e9en des Musiques Juives\",\"url\":\"https:\\\/\\\/www.iemj.org\\\/es\\\/\",\"logo\":{\"@type\":\"ImageObject\",\"inLanguage\":\"es\",\"@id\":\"https:\\\/\\\/www.iemj.org\\\/es\\\/#\\\/schema\\\/logo\\\/image\\\/\",\"url\":\"https:\\\/\\\/www.iemj.org\\\/wp-content\\\/uploads\\\/2021\\\/09\\\/Logo-IEMJ-Paypal.jpg\",\"contentUrl\":\"https:\\\/\\\/www.iemj.org\\\/wp-content\\\/uploads\\\/2021\\\/09\\\/Logo-IEMJ-Paypal.jpg\",\"width\":150,\"height\":50,\"caption\":\"Institut Europ\u00e9en des Musiques Juives\"},\"image\":{\"@id\":\"https:\\\/\\\/www.iemj.org\\\/es\\\/#\\\/schema\\\/logo\\\/image\\\/\"},\"sameAs\":[\"https:\\\/\\\/www.facebook.com\\\/MusiquesJuives\\\/\",\"https:\\\/\\\/www.instagram.com\\\/musiquesjuives\\\/\",\"https:\\\/\\\/www.youtube.com\\\/user\\\/musiquesjuives\"]},{\"@type\":\"Person\",\"@id\":\"https:\\\/\\\/www.iemj.org\\\/es\\\/#\\\/schema\\\/person\\\/e2ad57f2c4be119c7ed8ab79036807a9\",\"name\":\"Lea Couderc\",\"image\":{\"@type\":\"ImageObject\",\"inLanguage\":\"es\",\"@id\":\"https:\\\/\\\/secure.gravatar.com\\\/avatar\\\/46ee021475d60aeff17a7e490b79dea5a5684bb392ab7fd1494027411df8ba23?s=96&d=mm&r=g\",\"url\":\"https:\\\/\\\/secure.gravatar.com\\\/avatar\\\/46ee021475d60aeff17a7e490b79dea5a5684bb392ab7fd1494027411df8ba23?s=96&d=mm&r=g\",\"contentUrl\":\"https:\\\/\\\/secure.gravatar.com\\\/avatar\\\/46ee021475d60aeff17a7e490b79dea5a5684bb392ab7fd1494027411df8ba23?s=96&d=mm&r=g\",\"caption\":\"Lea Couderc\"}}]}<\/script>\n<!-- \/ Yoast SEO plugin. -->","yoast_head_json":{"title":"CANTOS LIT\u00daRGICOS DE LOS JUD\u00cdOS ASHKENAZIES - EL CORO JUD\u00cdO DE FRANCIA - Institut Europ\u00e9en des Musiques Juives","robots":{"index":"index","follow":"follow","max-snippet":"max-snippet:-1","max-image-preview":"max-image-preview:large","max-video-preview":"max-video-preview:-1"},"canonical":"https:\/\/www.iemj.org\/es\/chants-liturgiques-des-juifs-ashkenazes-le-choeur-juif-de-france\/","og_locale":"es_ES","og_type":"article","og_title":"CANTOS LIT\u00daRGICOS DE LOS JUD\u00cdOS ASHKENAZIES - EL CORO JUD\u00cdO DE FRANCIA - Institut Europ\u00e9en des Musiques Juives","og_description":"Grabaci\u00f3n del concierto Chants liturgiques des juifs ashk\u00e9nazes [Canciones lit\u00fargicas de los jud\u00edos asquenaz\u00edes], ofrecido el 7 de septiembre de 2014, en el marco de la jornada de estudio Vox","og_url":"https:\/\/www.iemj.org\/es\/chants-liturgiques-des-juifs-ashkenazes-le-choeur-juif-de-france\/","og_site_name":"Institut Europ\u00e9en des Musiques Juives","article_publisher":"https:\/\/www.facebook.com\/MusiquesJuives\/","article_published_time":"2016-01-07T11:14:30+00:00","article_modified_time":"2025-02-13T14:46:29+00:00","og_image":[{"width":350,"height":216,"url":"https:\/\/www.iemj.org\/wp-content\/uploads\/2016\/01\/arton1355-e1618231482691.jpg","type":"image\/jpeg"}],"author":"Lea Couderc","twitter_card":"summary_large_image","twitter_misc":{"Escrito por":"Lea Couderc","Tiempo de lectura":"2 minutos"},"schema":{"@context":"https:\/\/schema.org","@graph":[{"@type":"Article","@id":"https:\/\/www.iemj.org\/es\/chants-liturgiques-des-juifs-ashkenazes-le-choeur-juif-de-france\/#article","isPartOf":{"@id":"https:\/\/www.iemj.org\/es\/chants-liturgiques-des-juifs-ashkenazes-le-choeur-juif-de-france\/"},"author":{"name":"Lea Couderc","@id":"https:\/\/www.iemj.org\/es\/#\/schema\/person\/e2ad57f2c4be119c7ed8ab79036807a9"},"headline":"CANTOS LIT\u00daRGICOS DE LOS JUD\u00cdOS ASHKENAZIES &#8211; EL CORO JUD\u00cdO DE FRANCIA","datePublished":"2016-01-07T11:14:30+00:00","dateModified":"2025-02-13T14:46:29+00:00","mainEntityOfPage":{"@id":"https:\/\/www.iemj.org\/es\/chants-liturgiques-des-juifs-ashkenazes-le-choeur-juif-de-france\/"},"wordCount":343,"publisher":{"@id":"https:\/\/www.iemj.org\/es\/#organization"},"image":{"@id":"https:\/\/www.iemj.org\/es\/chants-liturgiques-des-juifs-ashkenazes-le-choeur-juif-de-france\/#primaryimage"},"thumbnailUrl":"https:\/\/www.iemj.org\/wp-content\/uploads\/2016\/01\/arton1355-e1618231482691.jpg","keywords":["Eventos asociados"],"articleSection":["Conciertos"],"inLanguage":"es"},{"@type":"WebPage","@id":"https:\/\/www.iemj.org\/es\/chants-liturgiques-des-juifs-ashkenazes-le-choeur-juif-de-france\/","url":"https:\/\/www.iemj.org\/es\/chants-liturgiques-des-juifs-ashkenazes-le-choeur-juif-de-france\/","name":"CANTOS LIT\u00daRGICOS DE LOS JUD\u00cdOS ASHKENAZIES - EL CORO JUD\u00cdO DE FRANCIA - Institut Europ\u00e9en des Musiques Juives","isPartOf":{"@id":"https:\/\/www.iemj.org\/es\/#website"},"primaryImageOfPage":{"@id":"https:\/\/www.iemj.org\/es\/chants-liturgiques-des-juifs-ashkenazes-le-choeur-juif-de-france\/#primaryimage"},"image":{"@id":"https:\/\/www.iemj.org\/es\/chants-liturgiques-des-juifs-ashkenazes-le-choeur-juif-de-france\/#primaryimage"},"thumbnailUrl":"https:\/\/www.iemj.org\/wp-content\/uploads\/2016\/01\/arton1355-e1618231482691.jpg","datePublished":"2016-01-07T11:14:30+00:00","dateModified":"2025-02-13T14:46:29+00:00","breadcrumb":{"@id":"https:\/\/www.iemj.org\/es\/chants-liturgiques-des-juifs-ashkenazes-le-choeur-juif-de-france\/#breadcrumb"},"inLanguage":"es","potentialAction":[{"@type":"ReadAction","target":["https:\/\/www.iemj.org\/es\/chants-liturgiques-des-juifs-ashkenazes-le-choeur-juif-de-france\/"]}]},{"@type":"ImageObject","inLanguage":"es","@id":"https:\/\/www.iemj.org\/es\/chants-liturgiques-des-juifs-ashkenazes-le-choeur-juif-de-france\/#primaryimage","url":"https:\/\/www.iemj.org\/wp-content\/uploads\/2016\/01\/arton1355-e1618231482691.jpg","contentUrl":"https:\/\/www.iemj.org\/wp-content\/uploads\/2016\/01\/arton1355-e1618231482691.jpg","width":350,"height":216},{"@type":"BreadcrumbList","@id":"https:\/\/www.iemj.org\/es\/chants-liturgiques-des-juifs-ashkenazes-le-choeur-juif-de-france\/#breadcrumb","itemListElement":[{"@type":"ListItem","position":1,"name":"Accueil","item":"https:\/\/www.iemj.org\/es\/"},{"@type":"ListItem","position":2,"name":"CANTOS LIT\u00daRGICOS DE LOS JUD\u00cdOS ASHKENAZIES &#8211; EL CORO JUD\u00cdO DE FRANCIA"}]},{"@type":"WebSite","@id":"https:\/\/www.iemj.org\/es\/#website","url":"https:\/\/www.iemj.org\/es\/","name":"Institut Europ\u00e9en des Musiques Juives","description":"Des traditions musicales \u00e0 la port\u00e9e de tous","publisher":{"@id":"https:\/\/www.iemj.org\/es\/#organization"},"potentialAction":[{"@type":"SearchAction","target":{"@type":"EntryPoint","urlTemplate":"https:\/\/www.iemj.org\/es\/?s={search_term_string}"},"query-input":{"@type":"PropertyValueSpecification","valueRequired":true,"valueName":"search_term_string"}}],"inLanguage":"es"},{"@type":"Organization","@id":"https:\/\/www.iemj.org\/es\/#organization","name":"Institut Europ\u00e9en des Musiques Juives","url":"https:\/\/www.iemj.org\/es\/","logo":{"@type":"ImageObject","inLanguage":"es","@id":"https:\/\/www.iemj.org\/es\/#\/schema\/logo\/image\/","url":"https:\/\/www.iemj.org\/wp-content\/uploads\/2021\/09\/Logo-IEMJ-Paypal.jpg","contentUrl":"https:\/\/www.iemj.org\/wp-content\/uploads\/2021\/09\/Logo-IEMJ-Paypal.jpg","width":150,"height":50,"caption":"Institut Europ\u00e9en des Musiques Juives"},"image":{"@id":"https:\/\/www.iemj.org\/es\/#\/schema\/logo\/image\/"},"sameAs":["https:\/\/www.facebook.com\/MusiquesJuives\/","https:\/\/www.instagram.com\/musiquesjuives\/","https:\/\/www.youtube.com\/user\/musiquesjuives"]},{"@type":"Person","@id":"https:\/\/www.iemj.org\/es\/#\/schema\/person\/e2ad57f2c4be119c7ed8ab79036807a9","name":"Lea Couderc","image":{"@type":"ImageObject","inLanguage":"es","@id":"https:\/\/secure.gravatar.com\/avatar\/46ee021475d60aeff17a7e490b79dea5a5684bb392ab7fd1494027411df8ba23?s=96&d=mm&r=g","url":"https:\/\/secure.gravatar.com\/avatar\/46ee021475d60aeff17a7e490b79dea5a5684bb392ab7fd1494027411df8ba23?s=96&d=mm&r=g","contentUrl":"https:\/\/secure.gravatar.com\/avatar\/46ee021475d60aeff17a7e490b79dea5a5684bb392ab7fd1494027411df8ba23?s=96&d=mm&r=g","caption":"Lea Couderc"}}]}},"_links":{"self":[{"href":"https:\/\/www.iemj.org\/es\/wp-json\/wp\/v2\/posts\/77803","targetHints":{"allow":["GET"]}}],"collection":[{"href":"https:\/\/www.iemj.org\/es\/wp-json\/wp\/v2\/posts"}],"about":[{"href":"https:\/\/www.iemj.org\/es\/wp-json\/wp\/v2\/types\/post"}],"author":[{"embeddable":true,"href":"https:\/\/www.iemj.org\/es\/wp-json\/wp\/v2\/users\/1052"}],"replies":[{"embeddable":true,"href":"https:\/\/www.iemj.org\/es\/wp-json\/wp\/v2\/comments?post=77803"}],"version-history":[{"count":0,"href":"https:\/\/www.iemj.org\/es\/wp-json\/wp\/v2\/posts\/77803\/revisions"}],"wp:featuredmedia":[{"embeddable":true,"href":"https:\/\/www.iemj.org\/es\/wp-json\/wp\/v2\/media\/77804"}],"wp:attachment":[{"href":"https:\/\/www.iemj.org\/es\/wp-json\/wp\/v2\/media?parent=77803"}],"wp:term":[{"taxonomy":"category","embeddable":true,"href":"https:\/\/www.iemj.org\/es\/wp-json\/wp\/v2\/categories?post=77803"},{"taxonomy":"post_tag","embeddable":true,"href":"https:\/\/www.iemj.org\/es\/wp-json\/wp\/v2\/tags?post=77803"},{"taxonomy":"technique","embeddable":true,"href":"https:\/\/www.iemj.org\/es\/wp-json\/wp\/v2\/technique?post=77803"},{"taxonomy":"squelettes","embeddable":true,"href":"https:\/\/www.iemj.org\/es\/wp-json\/wp\/v2\/squelettes?post=77803"},{"taxonomy":"sujet","embeddable":true,"href":"https:\/\/www.iemj.org\/es\/wp-json\/wp\/v2\/sujet?post=77803"},{"taxonomy":"formation","embeddable":true,"href":"https:\/\/www.iemj.org\/es\/wp-json\/wp\/v2\/formation?post=77803"},{"taxonomy":"genre","embeddable":true,"href":"https:\/\/www.iemj.org\/es\/wp-json\/wp\/v2\/genre?post=77803"},{"taxonomy":"fonds","embeddable":true,"href":"https:\/\/www.iemj.org\/es\/wp-json\/wp\/v2\/fonds?post=77803"},{"taxonomy":"tradition","embeddable":true,"href":"https:\/\/www.iemj.org\/es\/wp-json\/wp\/v2\/tradition?post=77803"},{"taxonomy":"type-de-contenu","embeddable":true,"href":"https:\/\/www.iemj.org\/es\/wp-json\/wp\/v2\/type-de-contenu?post=77803"},{"taxonomy":"interprete-compositeur","embeddable":true,"href":"https:\/\/www.iemj.org\/es\/wp-json\/wp\/v2\/interprete-compositeur?post=77803"},{"taxonomy":"frise","embeddable":true,"href":"https:\/\/www.iemj.org\/es\/wp-json\/wp\/v2\/frise?post=77803"},{"taxonomy":"type-devenement","embeddable":true,"href":"https:\/\/www.iemj.org\/es\/wp-json\/wp\/v2\/type-devenement?post=77803"},{"taxonomy":"tableaux-liens-externes","embeddable":true,"href":"https:\/\/www.iemj.org\/es\/wp-json\/wp\/v2\/tableaux-liens-externes?post=77803"}],"curies":[{"name":"wp","href":"https:\/\/api.w.org\/{rel}","templated":true}]}}