{"id":77891,"date":"2022-01-19T10:36:01","date_gmt":"2022-01-19T09:36:01","guid":{"rendered":"https:\/\/www.iemj.org\/krein-alexander-1883-1951\/"},"modified":"2022-04-14T12:04:50","modified_gmt":"2022-04-14T10:04:50","slug":"krein-alexander-1883-1951","status":"publish","type":"post","link":"https:\/\/www.iemj.org\/es\/krein-alexander-1883-1951\/","title":{"rendered":"KREIN, ALEXANDER (1883-1951)"},"content":{"rendered":"<p>Alexander Krein (Aleksander Abramovi\u010d Krejn) naci\u00f3 el 20 de octubre de 1883 en la ciudad rusa de Nizhni Novgorod. Su padre, Abraham, era un violinista apasionado por la m\u00fasica jud\u00eda, siete de cuyos diez hijos se convirtieron en m\u00fasicos profesionales. Despu\u00e9s de una infancia en la que toc\u00f3 m\u00fasica klezmer en la orquesta de su padre, Krein entr\u00f3 en la clase de violonchelo del Conservatorio de Mosc\u00fa a los trece a\u00f1os. A continuaci\u00f3n, estudi\u00f3 teor\u00eda musical y composici\u00f3n con los compositores Sergey Taneev y Boleslav Yavorsky. Se gradu\u00f3 en 1908 y desarroll\u00f3 un estilo compositivo muy original, combinando el lenguaje arm\u00f3nico de compositores modernos como Debussy, Ravel y Scriabin con las melod\u00edas y los modos de la m\u00fasica folcl\u00f3rica jud\u00eda, como demuestran sus dos <em>Evreiskie eskizi<\/em> ( Componentes jud\u00edos) para clarinete y cuarteto de cuerda (1909 y 1910), basados en melod\u00edas del repertorio klezmer de su padre y escritos a petici\u00f3n del compositor <a href=\"https:\/\/www.iemj.org\/es\/engel-joel-1868-1927\/\" target=\"_blank\" rel=\"noopener\">Joel Engel<\/a>.<\/p>\n<p>Tras el suceso de estas obras, Krein desempe\u00f1\u00f3 un rol importante en el surgimiento de la m\u00fasica nacional jud\u00eda como compositor y miembro activo de la rama moscovita de la Sociedad de M\u00fasica Popular Jud\u00eda (1913-1919) y de su organizaci\u00f3n sucesora, la Sociedad de M\u00fasica Jud\u00eda (1923-1929).<\/p>\n<p>A partir de 1917, compuso numerosas obras de teatro, sobre todo para el teatro hebreo Habima de Mosc\u00fa y los teatros idish de Ucrania y Bielorrusia. Durante la d\u00e9cada de 1920 escribi\u00f3 varias obras importantes, como la cantata sinf\u00f3nica <em>Kaddish<\/em> (1921), la <em>Primera Sonata para Piano<\/em> (1922) y la <em>Primera Sinfon\u00eda<\/em> (1922-25).<\/p>\n<p>En estas composiciones, Krein utiliza las improvisaciones mel\u00f3dicas y los ritmos recitativos de las melod\u00edas folcl\u00f3ricas y lit\u00fargicas jud\u00edas de Europa del Este para dar a sus composiciones un car\u00e1cter \u00fanico, como se puede escuchar en su <em>Melod\u00eda jud\u00eda<\/em>, Op. 43, para violonchelo y piano, compuesta en 1928.<\/p>\n<p>A medida que el r\u00e9gimen comunista se volvi\u00f3 cada vez m\u00e1s restrictivo desde el punto de vista ideol\u00f3gico a finales de los a\u00f1os 1920 y 1930, Krein se esforz\u00f3 por conciliar su arte con las crecientes presiones pol\u00edticas. A pesar de los evidentes compromisos pol\u00edticos, como la cantata <em>Oda f\u00fanebre en memoria de Lenin<\/em> (1926) y el oratorio sinf\u00f3nico <em>La Brigada de Choque del Proletariado Mundial de la URSS<\/em> (1932), Krein sigui\u00f3 explorando los temas musicales y literarios jud\u00edos en su obra hasta la d\u00e9cada de 1940. Su \u00f3pera <em>Zagmuk<\/em> (1929), sobre el levantamiento jud\u00edo en la antigua Babilonia, fue la primera \u00f3pera sovi\u00e9tica que se represent\u00f3 en el Teatro Bolshoi de Mosc\u00fa (1930). En 1934 recibi\u00f3 el t\u00edtulo de Artista de Honor de la Uni\u00f3n Sovi\u00e9tica.<\/p>\n<p>Krein compuso m\u00fasica para producciones del Teatro Estatal Yiddish de Mosc\u00fa hasta 1941, y su <em>Segunda Sinfon\u00eda<\/em> (1945) es una meditaci\u00f3n sobre los sufrimientos hist\u00f3ricos del pueblo jud\u00edo desde la antig\u00fcedad hasta el Holocausto.<\/p>\n\n\n<p>Fuentes: Loeffler, James,&nbsp;<a href=\"https:\/\/www.universaledition.com\/alexander-krein-2517#biography\" target=\"_blank\" rel=\"noreferrer noopener\">Pro Musica Hebraica<\/a><\/p>\n\n\n\n<p><a href=\"http:\/\/www.rachelnet.net\/F\/?func=find-c&amp;ccl_term=WRD+%3D+Krein+Alexander+OU+WRD+%3D+Krein+Aleksander&amp;local_base=iemcg\" target=\"_blank\" rel=\"noreferrer noopener\"><strong>Consultar nuestros archivos sobre Alexander Krein<\/strong><\/a><\/p>\n\n\n\n<figure class=\"wp-block-embed is-type-video is-provider-youtube wp-block-embed-youtube wp-embed-aspect-16-9 wp-has-aspect-ratio\"><div class=\"wp-block-embed__wrapper\">\n<iframe title=\"Alexander Krein, Esquisses H\u00e9bra\u00efques pour clarinette et quintette a cordes\" width=\"640\" height=\"360\" src=\"https:\/\/www.youtube.com\/embed\/AZ9Im6THyZA?feature=oembed\" frameborder=\"0\" allow=\"accelerometer; autoplay; clipboard-write; encrypted-media; gyroscope; picture-in-picture; web-share\" referrerpolicy=\"strict-origin-when-cross-origin\" allowfullscreen><\/iframe>\n<\/div><\/figure>\n\n\n\n<figure class=\"wp-block-embed is-type-video is-provider-youtube wp-block-embed-youtube wp-embed-aspect-16-9 wp-has-aspect-ratio\"><div class=\"wp-block-embed__wrapper\">\n<iframe title=\"Alexander Krein: 10 Yiddish Songs performed by Lucy Fitz Gibbon and Ryan MacEvoy McCullough\" width=\"640\" height=\"360\" src=\"https:\/\/www.youtube.com\/embed\/0jTZwuu7ON8?feature=oembed\" frameborder=\"0\" allow=\"accelerometer; autoplay; clipboard-write; encrypted-media; gyroscope; picture-in-picture; web-share\" referrerpolicy=\"strict-origin-when-cross-origin\" allowfullscreen><\/iframe>\n<\/div><\/figure>\n","protected":false},"excerpt":{"rendered":"<p>Alexander Krein (Aleksander Abramovi\u010d Krejn) naci\u00f3 el 20 de octubre de 1883 en la ciudad rusa de Nizhni Novgorod. Su padre, Abraham, era un violinista apasionado por la m\u00fasica jud\u00eda,<\/p>\n","protected":false},"author":1045,"featured_media":77822,"comment_status":"closed","ping_status":"closed","sticky":false,"template":"","format":"standard","meta":{"_acf_changed":false,"footnotes":""},"categories":[1417],"tags":[],"technique":[],"squelettes":[],"sujet":[],"formation":[],"genre":[],"fonds":[],"tradition":[],"type-de-contenu":[],"interprete-compositeur":[],"frise":[],"type-devenement":[],"tableaux-liens-externes":[],"class_list":["post-77891","post","type-post","status-publish","format-standard","has-post-thumbnail","hentry","category-biografias-es"],"acf":[],"yoast_head":"<!-- This site is optimized with the Yoast SEO plugin v27.3 - https:\/\/yoast.com\/product\/yoast-seo-wordpress\/ -->\n<title>KREIN, ALEXANDER (1883-1951) - Institut Europ\u00e9en des Musiques Juives<\/title>\n<meta name=\"robots\" content=\"index, follow, max-snippet:-1, max-image-preview:large, max-video-preview:-1\" \/>\n<link rel=\"canonical\" href=\"https:\/\/www.iemj.org\/es\/krein-alexander-1883-1951\/\" \/>\n<meta property=\"og:locale\" content=\"es_ES\" \/>\n<meta property=\"og:type\" content=\"article\" \/>\n<meta property=\"og:title\" content=\"KREIN, ALEXANDER (1883-1951) - Institut Europ\u00e9en des Musiques Juives\" \/>\n<meta property=\"og:description\" content=\"Alexander Krein (Aleksander Abramovi\u010d Krejn) naci\u00f3 el 20 de octubre de 1883 en la ciudad rusa de Nizhni Novgorod. Su padre, Abraham, era un violinista apasionado por la m\u00fasica jud\u00eda,\" \/>\n<meta property=\"og:url\" content=\"https:\/\/www.iemj.org\/es\/krein-alexander-1883-1951\/\" \/>\n<meta property=\"og:site_name\" content=\"Institut Europ\u00e9en des Musiques Juives\" \/>\n<meta property=\"article:publisher\" content=\"https:\/\/www.facebook.com\/MusiquesJuives\/\" \/>\n<meta property=\"article:published_time\" content=\"2022-01-19T09:36:01+00:00\" \/>\n<meta property=\"article:modified_time\" content=\"2022-04-14T10:04:50+00:00\" \/>\n<meta property=\"og:image\" content=\"https:\/\/www.iemj.org\/wp-content\/uploads\/2022\/01\/Alexander-Krein-e1643127701853.jpg\" \/>\n\t<meta property=\"og:image:width\" content=\"241\" \/>\n\t<meta property=\"og:image:height\" content=\"218\" \/>\n\t<meta property=\"og:image:type\" content=\"image\/jpeg\" \/>\n<meta name=\"author\" content=\"Herv\u00e9 Roten\" \/>\n<meta name=\"twitter:card\" content=\"summary_large_image\" \/>\n<meta name=\"twitter:label1\" content=\"Escrito por\" \/>\n\t<meta name=\"twitter:data1\" content=\"Herv\u00e9 Roten\" \/>\n\t<meta name=\"twitter:label2\" content=\"Tiempo de lectura\" \/>\n\t<meta name=\"twitter:data2\" content=\"3 minutos\" \/>\n<script type=\"application\/ld+json\" class=\"yoast-schema-graph\">{\"@context\":\"https:\\\/\\\/schema.org\",\"@graph\":[{\"@type\":\"Article\",\"@id\":\"https:\\\/\\\/www.iemj.org\\\/es\\\/krein-alexander-1883-1951\\\/#article\",\"isPartOf\":{\"@id\":\"https:\\\/\\\/www.iemj.org\\\/es\\\/krein-alexander-1883-1951\\\/\"},\"author\":{\"name\":\"Herv\u00e9 Roten\",\"@id\":\"https:\\\/\\\/www.iemj.org\\\/es\\\/#\\\/schema\\\/person\\\/906134402c29d5c76e7b726261dd4bbd\"},\"headline\":\"KREIN, ALEXANDER (1883-1951)\",\"datePublished\":\"2022-01-19T09:36:01+00:00\",\"dateModified\":\"2022-04-14T10:04:50+00:00\",\"mainEntityOfPage\":{\"@id\":\"https:\\\/\\\/www.iemj.org\\\/es\\\/krein-alexander-1883-1951\\\/\"},\"wordCount\":524,\"publisher\":{\"@id\":\"https:\\\/\\\/www.iemj.org\\\/es\\\/#organization\"},\"image\":{\"@id\":\"https:\\\/\\\/www.iemj.org\\\/es\\\/krein-alexander-1883-1951\\\/#primaryimage\"},\"thumbnailUrl\":\"https:\\\/\\\/www.iemj.org\\\/wp-content\\\/uploads\\\/2022\\\/01\\\/Alexander-Krein-e1643127701853.jpg\",\"articleSection\":[\"Biograf\u00edas\"],\"inLanguage\":\"es\"},{\"@type\":\"WebPage\",\"@id\":\"https:\\\/\\\/www.iemj.org\\\/es\\\/krein-alexander-1883-1951\\\/\",\"url\":\"https:\\\/\\\/www.iemj.org\\\/es\\\/krein-alexander-1883-1951\\\/\",\"name\":\"KREIN, ALEXANDER (1883-1951) - Institut Europ\u00e9en des Musiques Juives\",\"isPartOf\":{\"@id\":\"https:\\\/\\\/www.iemj.org\\\/es\\\/#website\"},\"primaryImageOfPage\":{\"@id\":\"https:\\\/\\\/www.iemj.org\\\/es\\\/krein-alexander-1883-1951\\\/#primaryimage\"},\"image\":{\"@id\":\"https:\\\/\\\/www.iemj.org\\\/es\\\/krein-alexander-1883-1951\\\/#primaryimage\"},\"thumbnailUrl\":\"https:\\\/\\\/www.iemj.org\\\/wp-content\\\/uploads\\\/2022\\\/01\\\/Alexander-Krein-e1643127701853.jpg\",\"datePublished\":\"2022-01-19T09:36:01+00:00\",\"dateModified\":\"2022-04-14T10:04:50+00:00\",\"breadcrumb\":{\"@id\":\"https:\\\/\\\/www.iemj.org\\\/es\\\/krein-alexander-1883-1951\\\/#breadcrumb\"},\"inLanguage\":\"es\",\"potentialAction\":[{\"@type\":\"ReadAction\",\"target\":[\"https:\\\/\\\/www.iemj.org\\\/es\\\/krein-alexander-1883-1951\\\/\"]}]},{\"@type\":\"ImageObject\",\"inLanguage\":\"es\",\"@id\":\"https:\\\/\\\/www.iemj.org\\\/es\\\/krein-alexander-1883-1951\\\/#primaryimage\",\"url\":\"https:\\\/\\\/www.iemj.org\\\/wp-content\\\/uploads\\\/2022\\\/01\\\/Alexander-Krein-e1643127701853.jpg\",\"contentUrl\":\"https:\\\/\\\/www.iemj.org\\\/wp-content\\\/uploads\\\/2022\\\/01\\\/Alexander-Krein-e1643127701853.jpg\",\"width\":241,\"height\":218},{\"@type\":\"BreadcrumbList\",\"@id\":\"https:\\\/\\\/www.iemj.org\\\/es\\\/krein-alexander-1883-1951\\\/#breadcrumb\",\"itemListElement\":[{\"@type\":\"ListItem\",\"position\":1,\"name\":\"Accueil\",\"item\":\"https:\\\/\\\/www.iemj.org\\\/es\\\/\"},{\"@type\":\"ListItem\",\"position\":2,\"name\":\"KREIN, ALEXANDER (1883-1951)\"}]},{\"@type\":\"WebSite\",\"@id\":\"https:\\\/\\\/www.iemj.org\\\/es\\\/#website\",\"url\":\"https:\\\/\\\/www.iemj.org\\\/es\\\/\",\"name\":\"Institut Europ\u00e9en des Musiques Juives\",\"description\":\"Des traditions musicales \u00e0 la port\u00e9e de tous\",\"publisher\":{\"@id\":\"https:\\\/\\\/www.iemj.org\\\/es\\\/#organization\"},\"potentialAction\":[{\"@type\":\"SearchAction\",\"target\":{\"@type\":\"EntryPoint\",\"urlTemplate\":\"https:\\\/\\\/www.iemj.org\\\/es\\\/?s={search_term_string}\"},\"query-input\":{\"@type\":\"PropertyValueSpecification\",\"valueRequired\":true,\"valueName\":\"search_term_string\"}}],\"inLanguage\":\"es\"},{\"@type\":\"Organization\",\"@id\":\"https:\\\/\\\/www.iemj.org\\\/es\\\/#organization\",\"name\":\"Institut Europ\u00e9en des Musiques Juives\",\"url\":\"https:\\\/\\\/www.iemj.org\\\/es\\\/\",\"logo\":{\"@type\":\"ImageObject\",\"inLanguage\":\"es\",\"@id\":\"https:\\\/\\\/www.iemj.org\\\/es\\\/#\\\/schema\\\/logo\\\/image\\\/\",\"url\":\"https:\\\/\\\/www.iemj.org\\\/wp-content\\\/uploads\\\/2021\\\/09\\\/Logo-IEMJ-Paypal.jpg\",\"contentUrl\":\"https:\\\/\\\/www.iemj.org\\\/wp-content\\\/uploads\\\/2021\\\/09\\\/Logo-IEMJ-Paypal.jpg\",\"width\":150,\"height\":50,\"caption\":\"Institut Europ\u00e9en des Musiques Juives\"},\"image\":{\"@id\":\"https:\\\/\\\/www.iemj.org\\\/es\\\/#\\\/schema\\\/logo\\\/image\\\/\"},\"sameAs\":[\"https:\\\/\\\/www.facebook.com\\\/MusiquesJuives\\\/\",\"https:\\\/\\\/www.instagram.com\\\/musiquesjuives\\\/\",\"https:\\\/\\\/www.youtube.com\\\/user\\\/musiquesjuives\"]},{\"@type\":\"Person\",\"@id\":\"https:\\\/\\\/www.iemj.org\\\/es\\\/#\\\/schema\\\/person\\\/906134402c29d5c76e7b726261dd4bbd\",\"name\":\"Herv\u00e9 Roten\",\"image\":{\"@type\":\"ImageObject\",\"inLanguage\":\"es\",\"@id\":\"https:\\\/\\\/secure.gravatar.com\\\/avatar\\\/f96ad2db538a26481f18384936b5cd0610c92d390c4dc382209216d455f685ff?s=96&d=mm&r=g\",\"url\":\"https:\\\/\\\/secure.gravatar.com\\\/avatar\\\/f96ad2db538a26481f18384936b5cd0610c92d390c4dc382209216d455f685ff?s=96&d=mm&r=g\",\"contentUrl\":\"https:\\\/\\\/secure.gravatar.com\\\/avatar\\\/f96ad2db538a26481f18384936b5cd0610c92d390c4dc382209216d455f685ff?s=96&d=mm&r=g\",\"caption\":\"Herv\u00e9 Roten\"}}]}<\/script>\n<!-- \/ Yoast SEO plugin. -->","yoast_head_json":{"title":"KREIN, ALEXANDER (1883-1951) - Institut Europ\u00e9en des Musiques Juives","robots":{"index":"index","follow":"follow","max-snippet":"max-snippet:-1","max-image-preview":"max-image-preview:large","max-video-preview":"max-video-preview:-1"},"canonical":"https:\/\/www.iemj.org\/es\/krein-alexander-1883-1951\/","og_locale":"es_ES","og_type":"article","og_title":"KREIN, ALEXANDER (1883-1951) - Institut Europ\u00e9en des Musiques Juives","og_description":"Alexander Krein (Aleksander Abramovi\u010d Krejn) naci\u00f3 el 20 de octubre de 1883 en la ciudad rusa de Nizhni Novgorod. Su padre, Abraham, era un violinista apasionado por la m\u00fasica jud\u00eda,","og_url":"https:\/\/www.iemj.org\/es\/krein-alexander-1883-1951\/","og_site_name":"Institut Europ\u00e9en des Musiques Juives","article_publisher":"https:\/\/www.facebook.com\/MusiquesJuives\/","article_published_time":"2022-01-19T09:36:01+00:00","article_modified_time":"2022-04-14T10:04:50+00:00","og_image":[{"width":241,"height":218,"url":"https:\/\/www.iemj.org\/wp-content\/uploads\/2022\/01\/Alexander-Krein-e1643127701853.jpg","type":"image\/jpeg"}],"author":"Herv\u00e9 Roten","twitter_card":"summary_large_image","twitter_misc":{"Escrito por":"Herv\u00e9 Roten","Tiempo de lectura":"3 minutos"},"schema":{"@context":"https:\/\/schema.org","@graph":[{"@type":"Article","@id":"https:\/\/www.iemj.org\/es\/krein-alexander-1883-1951\/#article","isPartOf":{"@id":"https:\/\/www.iemj.org\/es\/krein-alexander-1883-1951\/"},"author":{"name":"Herv\u00e9 Roten","@id":"https:\/\/www.iemj.org\/es\/#\/schema\/person\/906134402c29d5c76e7b726261dd4bbd"},"headline":"KREIN, ALEXANDER (1883-1951)","datePublished":"2022-01-19T09:36:01+00:00","dateModified":"2022-04-14T10:04:50+00:00","mainEntityOfPage":{"@id":"https:\/\/www.iemj.org\/es\/krein-alexander-1883-1951\/"},"wordCount":524,"publisher":{"@id":"https:\/\/www.iemj.org\/es\/#organization"},"image":{"@id":"https:\/\/www.iemj.org\/es\/krein-alexander-1883-1951\/#primaryimage"},"thumbnailUrl":"https:\/\/www.iemj.org\/wp-content\/uploads\/2022\/01\/Alexander-Krein-e1643127701853.jpg","articleSection":["Biograf\u00edas"],"inLanguage":"es"},{"@type":"WebPage","@id":"https:\/\/www.iemj.org\/es\/krein-alexander-1883-1951\/","url":"https:\/\/www.iemj.org\/es\/krein-alexander-1883-1951\/","name":"KREIN, ALEXANDER (1883-1951) - Institut Europ\u00e9en des Musiques Juives","isPartOf":{"@id":"https:\/\/www.iemj.org\/es\/#website"},"primaryImageOfPage":{"@id":"https:\/\/www.iemj.org\/es\/krein-alexander-1883-1951\/#primaryimage"},"image":{"@id":"https:\/\/www.iemj.org\/es\/krein-alexander-1883-1951\/#primaryimage"},"thumbnailUrl":"https:\/\/www.iemj.org\/wp-content\/uploads\/2022\/01\/Alexander-Krein-e1643127701853.jpg","datePublished":"2022-01-19T09:36:01+00:00","dateModified":"2022-04-14T10:04:50+00:00","breadcrumb":{"@id":"https:\/\/www.iemj.org\/es\/krein-alexander-1883-1951\/#breadcrumb"},"inLanguage":"es","potentialAction":[{"@type":"ReadAction","target":["https:\/\/www.iemj.org\/es\/krein-alexander-1883-1951\/"]}]},{"@type":"ImageObject","inLanguage":"es","@id":"https:\/\/www.iemj.org\/es\/krein-alexander-1883-1951\/#primaryimage","url":"https:\/\/www.iemj.org\/wp-content\/uploads\/2022\/01\/Alexander-Krein-e1643127701853.jpg","contentUrl":"https:\/\/www.iemj.org\/wp-content\/uploads\/2022\/01\/Alexander-Krein-e1643127701853.jpg","width":241,"height":218},{"@type":"BreadcrumbList","@id":"https:\/\/www.iemj.org\/es\/krein-alexander-1883-1951\/#breadcrumb","itemListElement":[{"@type":"ListItem","position":1,"name":"Accueil","item":"https:\/\/www.iemj.org\/es\/"},{"@type":"ListItem","position":2,"name":"KREIN, ALEXANDER (1883-1951)"}]},{"@type":"WebSite","@id":"https:\/\/www.iemj.org\/es\/#website","url":"https:\/\/www.iemj.org\/es\/","name":"Institut Europ\u00e9en des Musiques Juives","description":"Des traditions musicales \u00e0 la port\u00e9e de tous","publisher":{"@id":"https:\/\/www.iemj.org\/es\/#organization"},"potentialAction":[{"@type":"SearchAction","target":{"@type":"EntryPoint","urlTemplate":"https:\/\/www.iemj.org\/es\/?s={search_term_string}"},"query-input":{"@type":"PropertyValueSpecification","valueRequired":true,"valueName":"search_term_string"}}],"inLanguage":"es"},{"@type":"Organization","@id":"https:\/\/www.iemj.org\/es\/#organization","name":"Institut Europ\u00e9en des Musiques Juives","url":"https:\/\/www.iemj.org\/es\/","logo":{"@type":"ImageObject","inLanguage":"es","@id":"https:\/\/www.iemj.org\/es\/#\/schema\/logo\/image\/","url":"https:\/\/www.iemj.org\/wp-content\/uploads\/2021\/09\/Logo-IEMJ-Paypal.jpg","contentUrl":"https:\/\/www.iemj.org\/wp-content\/uploads\/2021\/09\/Logo-IEMJ-Paypal.jpg","width":150,"height":50,"caption":"Institut Europ\u00e9en des Musiques Juives"},"image":{"@id":"https:\/\/www.iemj.org\/es\/#\/schema\/logo\/image\/"},"sameAs":["https:\/\/www.facebook.com\/MusiquesJuives\/","https:\/\/www.instagram.com\/musiquesjuives\/","https:\/\/www.youtube.com\/user\/musiquesjuives"]},{"@type":"Person","@id":"https:\/\/www.iemj.org\/es\/#\/schema\/person\/906134402c29d5c76e7b726261dd4bbd","name":"Herv\u00e9 Roten","image":{"@type":"ImageObject","inLanguage":"es","@id":"https:\/\/secure.gravatar.com\/avatar\/f96ad2db538a26481f18384936b5cd0610c92d390c4dc382209216d455f685ff?s=96&d=mm&r=g","url":"https:\/\/secure.gravatar.com\/avatar\/f96ad2db538a26481f18384936b5cd0610c92d390c4dc382209216d455f685ff?s=96&d=mm&r=g","contentUrl":"https:\/\/secure.gravatar.com\/avatar\/f96ad2db538a26481f18384936b5cd0610c92d390c4dc382209216d455f685ff?s=96&d=mm&r=g","caption":"Herv\u00e9 Roten"}}]}},"_links":{"self":[{"href":"https:\/\/www.iemj.org\/es\/wp-json\/wp\/v2\/posts\/77891","targetHints":{"allow":["GET"]}}],"collection":[{"href":"https:\/\/www.iemj.org\/es\/wp-json\/wp\/v2\/posts"}],"about":[{"href":"https:\/\/www.iemj.org\/es\/wp-json\/wp\/v2\/types\/post"}],"author":[{"embeddable":true,"href":"https:\/\/www.iemj.org\/es\/wp-json\/wp\/v2\/users\/1045"}],"replies":[{"embeddable":true,"href":"https:\/\/www.iemj.org\/es\/wp-json\/wp\/v2\/comments?post=77891"}],"version-history":[{"count":0,"href":"https:\/\/www.iemj.org\/es\/wp-json\/wp\/v2\/posts\/77891\/revisions"}],"wp:featuredmedia":[{"embeddable":true,"href":"https:\/\/www.iemj.org\/es\/wp-json\/wp\/v2\/media\/77822"}],"wp:attachment":[{"href":"https:\/\/www.iemj.org\/es\/wp-json\/wp\/v2\/media?parent=77891"}],"wp:term":[{"taxonomy":"category","embeddable":true,"href":"https:\/\/www.iemj.org\/es\/wp-json\/wp\/v2\/categories?post=77891"},{"taxonomy":"post_tag","embeddable":true,"href":"https:\/\/www.iemj.org\/es\/wp-json\/wp\/v2\/tags?post=77891"},{"taxonomy":"technique","embeddable":true,"href":"https:\/\/www.iemj.org\/es\/wp-json\/wp\/v2\/technique?post=77891"},{"taxonomy":"squelettes","embeddable":true,"href":"https:\/\/www.iemj.org\/es\/wp-json\/wp\/v2\/squelettes?post=77891"},{"taxonomy":"sujet","embeddable":true,"href":"https:\/\/www.iemj.org\/es\/wp-json\/wp\/v2\/sujet?post=77891"},{"taxonomy":"formation","embeddable":true,"href":"https:\/\/www.iemj.org\/es\/wp-json\/wp\/v2\/formation?post=77891"},{"taxonomy":"genre","embeddable":true,"href":"https:\/\/www.iemj.org\/es\/wp-json\/wp\/v2\/genre?post=77891"},{"taxonomy":"fonds","embeddable":true,"href":"https:\/\/www.iemj.org\/es\/wp-json\/wp\/v2\/fonds?post=77891"},{"taxonomy":"tradition","embeddable":true,"href":"https:\/\/www.iemj.org\/es\/wp-json\/wp\/v2\/tradition?post=77891"},{"taxonomy":"type-de-contenu","embeddable":true,"href":"https:\/\/www.iemj.org\/es\/wp-json\/wp\/v2\/type-de-contenu?post=77891"},{"taxonomy":"interprete-compositeur","embeddable":true,"href":"https:\/\/www.iemj.org\/es\/wp-json\/wp\/v2\/interprete-compositeur?post=77891"},{"taxonomy":"frise","embeddable":true,"href":"https:\/\/www.iemj.org\/es\/wp-json\/wp\/v2\/frise?post=77891"},{"taxonomy":"type-devenement","embeddable":true,"href":"https:\/\/www.iemj.org\/es\/wp-json\/wp\/v2\/type-devenement?post=77891"},{"taxonomy":"tableaux-liens-externes","embeddable":true,"href":"https:\/\/www.iemj.org\/es\/wp-json\/wp\/v2\/tableaux-liens-externes?post=77891"}],"curies":[{"name":"wp","href":"https:\/\/api.w.org\/{rel}","templated":true}]}}