{"id":78504,"date":"2022-01-25T16:07:43","date_gmt":"2022-01-25T15:07:43","guid":{"rendered":"https:\/\/www.iemj.org\/dyck-vladimir-1882-1943\/"},"modified":"2022-04-13T18:00:18","modified_gmt":"2022-04-13T16:00:18","slug":"dyck-vladimir-1882-1943","status":"publish","type":"post","link":"https:\/\/www.iemj.org\/es\/dyck-vladimir-1882-1943\/","title":{"rendered":"DYCK, VLADIMIR (1882-1943)"},"content":{"rendered":"<p>La biograf\u00eda de este compositor, que naci\u00f3 el 19 de marzo de 1882 en Odessa y muri\u00f3 en Auschwitz en 1943, sigue incompleta hasta hoy. Quinto hijo de una familia modesta, Vladimir Dyck mostr\u00f3 desde muy joven aptitudes para la m\u00fasica, hasta tal punto que Rimsky-Korsakov, a quien pudo tener como maestro, le aconsej\u00f3 que completara sus estudios en el Conservatorio Nacional Superior de M\u00fasica de Par\u00eds. Lleg\u00f3 a Francia en 1899, a los 17 a\u00f1os, y consigui\u00f3 entrar en la escuela un a\u00f1o despu\u00e9s. En 1904, gan\u00f3 un primer premio de armon\u00eda en el curso de Antoine Taudou y recibi\u00f3 clases de acompa\u00f1amiento de piano de Paul Vidal. Poco despu\u00e9s, se convirti\u00f3 en alumno de composici\u00f3n de Charles-Marie Widor y, por decreto del 5 de febrero de 1910, adquiri\u00f3 la nacionalidad francesa para poder participar en el concurso de composici\u00f3n del Instituto de Francia. En 1911, gan\u00f3 el Segundo Gran Premio de Roma con la cantata <em>Yanitza<\/em>, tras Claude Delvincourt (Primer Segundo Gran Premio) y Paul Paray (Primer Gran Premio). La prensa de la \u00e9poca destac\u00f3 su talento y sus dotes, pero, al haber alcanzado la edad l\u00edmite, no pudo competir al a\u00f1o siguiente en el Primer Gran Premio. A continuaci\u00f3n, dio clases de piano en Par\u00eds. Entre sus alumnas se encontraban Henriette Poincar\u00e9, esposa del Presidente de la Rep\u00fablica, Madame Caillaux, esposa del Ministro y Presidente del Consejo, y Suzanne Bloch (nacida bajo el nombre de Mina Kabran el 7 de septiembre de 1887 en Omsk, Rusia), con quien se cas\u00f3 y tendr\u00e1 una hija llamada Nicole.<\/p>\n<p>Al mismo tiempo que su actividad como profesor, Vladimir Dyck fue un prol\u00edfico compositor que prob\u00f3 todos los g\u00e9neros, desde las canciones patri\u00f3ticas (<em>Alsace l\u00e8ve-toi<\/em>) hasta la comedia l\u00edrica <em>Le Sous-pr\u00e9fet aux champs<\/em> (1919), pasando por la m\u00fasica instrumental: <em>Orientales para piano<\/em> (1909), Sinfon\u00eda en do menor para piano a cuatro manos (1906), <em>Sinfon\u00eda para 10 instrumentos de viento<\/em> (1910), <em>Impromptu para violonchelo&#8230; y piano<\/em> (1912)&#8230; hasta m\u00fasica de cine escrita bajo el seud\u00f3nimo Dri Mival (anagrama de su primer nombre): <em>A travers champs, Footit, Parisette, Tartarin, Prince Charmant, Th\u00e9odora, Paysages aim\u00e9s<\/em> (1927), <em>Douglas, Africa<\/em> (1928), <em>V\u00e9nus Astart\u00e9<\/em> (1929)&#8230;<\/p>\n<p>Vladimir Dyck es tambi\u00e9n autor de una importante obra jud\u00eda: <em>\u00a1<\/em><em>Nana hebrea, Eli! \u00a1Eli! <\/em><em>\u2013 <\/em><em>sobre un tema jud\u00edo, Hatikva<\/em><em> \u2013<\/em><em> Canci\u00f3n de esperanza sobre un tema jud\u00edo, Tres piezas hebreas<\/em><em> \u2013 <\/em><em>para violonchelo o viol\u00edn y piano <\/em>(1933), <em>1\u00aa y 2\u00aa Leyenda hebrea <\/em>(1936)\u2026 publicada en particular en la colecci\u00f3n Mizmor de las Ediciones Salabert, que coedit\u00f3 con L\u00e9on Algazi a partir de 1933. Tambi\u00e9n arregl\u00f3 o escribi\u00f3 canciones en yidis (<em>Der gouter chadken, Kadisch de R\u00e8be L\u00e9vi \u2013 basada en una melod\u00eda popular jud\u00eda<\/em><em>\u2026<\/em>) y varias oraciones para el culto: <em>Adon olom, Avinu malkenu <\/em>(1934), <em>Salmo 137<\/em>\u2026 probablemente en relaci\u00f3n con las actividades de L\u00e9on Algazi, que dirig\u00eda el coro Mizmor y el coro de la Gran Sinagoga de la Victoria.<\/p>\n<p><img fetchpriority=\"high\" decoding=\"async\" class=\"size-medium wp-image-78563 alignright\" src=\"https:\/\/www.iemj.org\/wp-content\/uploads\/2022\/01\/Plaque_Vladimir_Dyck_79_avenue_de_Breteuil_640-px-300x203.jpg\" alt=\"\" width=\"300\" height=\"203\" srcset=\"https:\/\/www.iemj.org\/wp-content\/uploads\/2022\/01\/Plaque_Vladimir_Dyck_79_avenue_de_Breteuil_640-px-300x203.jpg 300w, https:\/\/www.iemj.org\/wp-content\/uploads\/2022\/01\/Plaque_Vladimir_Dyck_79_avenue_de_Breteuil_640-px-600x406.jpg 600w, https:\/\/www.iemj.org\/wp-content\/uploads\/2022\/01\/Plaque_Vladimir_Dyck_79_avenue_de_Breteuil_640-px.jpg 640w\" sizes=\"(max-width: 300px) 100vw, 300px\" \/>En 1943, Vladimir Dyck fue capturado por la Gestapo en su casa de Par\u00eds, en el n\u00famero 79 de la avenida de Breteuil, con su esposa y su hija. Fue deportado a Auschwitz el 31 de julio y asesinado all\u00ed unos d\u00edas despu\u00e9s, el 5 de agosto de 1943.<\/p>\n<p><em>*Biograf\u00eda del folleto del <a href=\"https:\/\/www.iemj.org\/es\/melodies-hebraiques-pour-violoncelle-et-piano-volume-2\/\" target=\"_blank\" rel=\"noopener\">CD M\u00e9lodies h\u00e9bra\u00efques- vol. 2, Collection Classiques vol. 7, Les Editions de l\u2019IEMJ, 2021<\/a><\/em>, con el agradecimiento del autor a Corine Rachel Kalifa por su valiosa ayuda en la preparaci\u00f3n de esta nota biogr\u00e1fica.<\/p>\n<p><a href=\"http:\/\/www.rachelnet.net\/F\/?func=find-c&amp;ccl_term=WRD+%3D+Dyck&amp;local_base=iemcg\" target=\"_blank\" rel=\"noopener\"><strong>Consulte nuestros archivos sobre Vladimir Dyck<\/strong><\/a><\/p>\n\n\n<div class=\"wp-block-group\"><div class=\"wp-block-group__inner-container is-layout-flow wp-block-group-is-layout-flow\">\n<figure class=\"wp-block-embed is-type-video is-provider-youtube wp-block-embed-youtube wp-embed-aspect-4-3 wp-has-aspect-ratio\"><div class=\"wp-block-embed__wrapper\">\n<iframe title=\"L\u00e9gende h\u00e9bra\u00efque\" width=\"640\" height=\"480\" src=\"https:\/\/www.youtube.com\/embed\/8cH8S82Wr2Y?feature=oembed\" frameborder=\"0\" allow=\"accelerometer; autoplay; clipboard-write; encrypted-media; gyroscope; picture-in-picture; web-share\" referrerpolicy=\"strict-origin-when-cross-origin\" allowfullscreen><\/iframe>\n<\/div><\/figure>\n<\/div><\/div>\n\n\n\n<p><\/p>\n","protected":false},"excerpt":{"rendered":"<p>La biograf\u00eda de este compositor, que naci\u00f3 el 19 de marzo de 1882 en Odessa y muri\u00f3 en Auschwitz en 1943, sigue incompleta hasta hoy. Quinto hijo de una familia<\/p>\n","protected":false},"author":5,"featured_media":78493,"comment_status":"closed","ping_status":"closed","sticky":false,"template":"","format":"standard","meta":{"_acf_changed":false,"footnotes":""},"categories":[1417],"tags":[],"technique":[],"squelettes":[],"sujet":[],"formation":[],"genre":[],"fonds":[],"tradition":[],"type-de-contenu":[],"interprete-compositeur":[],"frise":[],"type-devenement":[],"tableaux-liens-externes":[],"class_list":["post-78504","post","type-post","status-publish","format-standard","has-post-thumbnail","hentry","category-biografias-es"],"acf":[],"yoast_head":"<!-- This site is optimized with the Yoast SEO plugin v27.3 - https:\/\/yoast.com\/product\/yoast-seo-wordpress\/ -->\n<title>DYCK, VLADIMIR (1882-1943) - Institut Europ\u00e9en des Musiques Juives<\/title>\n<meta name=\"robots\" content=\"index, follow, max-snippet:-1, max-image-preview:large, max-video-preview:-1\" \/>\n<link rel=\"canonical\" href=\"https:\/\/www.iemj.org\/es\/dyck-vladimir-1882-1943\/\" \/>\n<meta property=\"og:locale\" content=\"es_ES\" \/>\n<meta property=\"og:type\" content=\"article\" \/>\n<meta property=\"og:title\" content=\"DYCK, VLADIMIR (1882-1943) - Institut Europ\u00e9en des Musiques Juives\" \/>\n<meta property=\"og:description\" content=\"La biograf\u00eda de este compositor, que naci\u00f3 el 19 de marzo de 1882 en Odessa y muri\u00f3 en Auschwitz en 1943, sigue incompleta hasta hoy. Quinto hijo de una familia\" \/>\n<meta property=\"og:url\" content=\"https:\/\/www.iemj.org\/es\/dyck-vladimir-1882-1943\/\" \/>\n<meta property=\"og:site_name\" content=\"Institut Europ\u00e9en des Musiques Juives\" \/>\n<meta property=\"article:publisher\" content=\"https:\/\/www.facebook.com\/MusiquesJuives\/\" \/>\n<meta property=\"article:published_time\" content=\"2022-01-25T15:07:43+00:00\" \/>\n<meta property=\"article:modified_time\" content=\"2022-04-13T16:00:18+00:00\" \/>\n<meta property=\"og:image\" content=\"https:\/\/www.iemj.org\/wp-content\/uploads\/2022\/01\/Vladimir-Dyck_Capture-plus-age-1-e1643129818296.png\" \/>\n\t<meta property=\"og:image:width\" content=\"155\" \/>\n\t<meta property=\"og:image:height\" content=\"218\" \/>\n\t<meta property=\"og:image:type\" content=\"image\/png\" \/>\n<meta name=\"author\" content=\"Jacqueline ROTEN\" \/>\n<meta name=\"twitter:card\" content=\"summary_large_image\" \/>\n<meta name=\"twitter:label1\" content=\"Escrito por\" \/>\n\t<meta name=\"twitter:data1\" content=\"Jacqueline ROTEN\" \/>\n\t<meta name=\"twitter:label2\" content=\"Tiempo de lectura\" \/>\n\t<meta name=\"twitter:data2\" content=\"4 minutos\" \/>\n<script type=\"application\/ld+json\" class=\"yoast-schema-graph\">{\"@context\":\"https:\\\/\\\/schema.org\",\"@graph\":[{\"@type\":\"Article\",\"@id\":\"https:\\\/\\\/www.iemj.org\\\/es\\\/dyck-vladimir-1882-1943\\\/#article\",\"isPartOf\":{\"@id\":\"https:\\\/\\\/www.iemj.org\\\/es\\\/dyck-vladimir-1882-1943\\\/\"},\"author\":{\"name\":\"Jacqueline ROTEN\",\"@id\":\"https:\\\/\\\/www.iemj.org\\\/es\\\/#\\\/schema\\\/person\\\/358e26c18aca017fcc4cc15437f7279c\"},\"headline\":\"DYCK, VLADIMIR (1882-1943)\",\"datePublished\":\"2022-01-25T15:07:43+00:00\",\"dateModified\":\"2022-04-13T16:00:18+00:00\",\"mainEntityOfPage\":{\"@id\":\"https:\\\/\\\/www.iemj.org\\\/es\\\/dyck-vladimir-1882-1943\\\/\"},\"wordCount\":603,\"publisher\":{\"@id\":\"https:\\\/\\\/www.iemj.org\\\/es\\\/#organization\"},\"image\":{\"@id\":\"https:\\\/\\\/www.iemj.org\\\/es\\\/dyck-vladimir-1882-1943\\\/#primaryimage\"},\"thumbnailUrl\":\"https:\\\/\\\/www.iemj.org\\\/wp-content\\\/uploads\\\/2022\\\/01\\\/Vladimir-Dyck_Capture-plus-age-1-e1643129818296.png\",\"articleSection\":[\"Biograf\u00edas\"],\"inLanguage\":\"es\"},{\"@type\":\"WebPage\",\"@id\":\"https:\\\/\\\/www.iemj.org\\\/es\\\/dyck-vladimir-1882-1943\\\/\",\"url\":\"https:\\\/\\\/www.iemj.org\\\/es\\\/dyck-vladimir-1882-1943\\\/\",\"name\":\"DYCK, VLADIMIR (1882-1943) - Institut Europ\u00e9en des Musiques Juives\",\"isPartOf\":{\"@id\":\"https:\\\/\\\/www.iemj.org\\\/es\\\/#website\"},\"primaryImageOfPage\":{\"@id\":\"https:\\\/\\\/www.iemj.org\\\/es\\\/dyck-vladimir-1882-1943\\\/#primaryimage\"},\"image\":{\"@id\":\"https:\\\/\\\/www.iemj.org\\\/es\\\/dyck-vladimir-1882-1943\\\/#primaryimage\"},\"thumbnailUrl\":\"https:\\\/\\\/www.iemj.org\\\/wp-content\\\/uploads\\\/2022\\\/01\\\/Vladimir-Dyck_Capture-plus-age-1-e1643129818296.png\",\"datePublished\":\"2022-01-25T15:07:43+00:00\",\"dateModified\":\"2022-04-13T16:00:18+00:00\",\"breadcrumb\":{\"@id\":\"https:\\\/\\\/www.iemj.org\\\/es\\\/dyck-vladimir-1882-1943\\\/#breadcrumb\"},\"inLanguage\":\"es\",\"potentialAction\":[{\"@type\":\"ReadAction\",\"target\":[\"https:\\\/\\\/www.iemj.org\\\/es\\\/dyck-vladimir-1882-1943\\\/\"]}]},{\"@type\":\"ImageObject\",\"inLanguage\":\"es\",\"@id\":\"https:\\\/\\\/www.iemj.org\\\/es\\\/dyck-vladimir-1882-1943\\\/#primaryimage\",\"url\":\"https:\\\/\\\/www.iemj.org\\\/wp-content\\\/uploads\\\/2022\\\/01\\\/Vladimir-Dyck_Capture-plus-age-1-e1643129818296.png\",\"contentUrl\":\"https:\\\/\\\/www.iemj.org\\\/wp-content\\\/uploads\\\/2022\\\/01\\\/Vladimir-Dyck_Capture-plus-age-1-e1643129818296.png\",\"width\":155,\"height\":218},{\"@type\":\"BreadcrumbList\",\"@id\":\"https:\\\/\\\/www.iemj.org\\\/es\\\/dyck-vladimir-1882-1943\\\/#breadcrumb\",\"itemListElement\":[{\"@type\":\"ListItem\",\"position\":1,\"name\":\"Accueil\",\"item\":\"https:\\\/\\\/www.iemj.org\\\/es\\\/\"},{\"@type\":\"ListItem\",\"position\":2,\"name\":\"DYCK, VLADIMIR (1882-1943)\"}]},{\"@type\":\"WebSite\",\"@id\":\"https:\\\/\\\/www.iemj.org\\\/es\\\/#website\",\"url\":\"https:\\\/\\\/www.iemj.org\\\/es\\\/\",\"name\":\"Institut Europ\u00e9en des Musiques Juives\",\"description\":\"Des traditions musicales \u00e0 la port\u00e9e de tous\",\"publisher\":{\"@id\":\"https:\\\/\\\/www.iemj.org\\\/es\\\/#organization\"},\"potentialAction\":[{\"@type\":\"SearchAction\",\"target\":{\"@type\":\"EntryPoint\",\"urlTemplate\":\"https:\\\/\\\/www.iemj.org\\\/es\\\/?s={search_term_string}\"},\"query-input\":{\"@type\":\"PropertyValueSpecification\",\"valueRequired\":true,\"valueName\":\"search_term_string\"}}],\"inLanguage\":\"es\"},{\"@type\":\"Organization\",\"@id\":\"https:\\\/\\\/www.iemj.org\\\/es\\\/#organization\",\"name\":\"Institut Europ\u00e9en des Musiques Juives\",\"url\":\"https:\\\/\\\/www.iemj.org\\\/es\\\/\",\"logo\":{\"@type\":\"ImageObject\",\"inLanguage\":\"es\",\"@id\":\"https:\\\/\\\/www.iemj.org\\\/es\\\/#\\\/schema\\\/logo\\\/image\\\/\",\"url\":\"https:\\\/\\\/www.iemj.org\\\/wp-content\\\/uploads\\\/2021\\\/09\\\/Logo-IEMJ-Paypal.jpg\",\"contentUrl\":\"https:\\\/\\\/www.iemj.org\\\/wp-content\\\/uploads\\\/2021\\\/09\\\/Logo-IEMJ-Paypal.jpg\",\"width\":150,\"height\":50,\"caption\":\"Institut Europ\u00e9en des Musiques Juives\"},\"image\":{\"@id\":\"https:\\\/\\\/www.iemj.org\\\/es\\\/#\\\/schema\\\/logo\\\/image\\\/\"},\"sameAs\":[\"https:\\\/\\\/www.facebook.com\\\/MusiquesJuives\\\/\",\"https:\\\/\\\/www.instagram.com\\\/musiquesjuives\\\/\",\"https:\\\/\\\/www.youtube.com\\\/user\\\/musiquesjuives\"]},{\"@type\":\"Person\",\"@id\":\"https:\\\/\\\/www.iemj.org\\\/es\\\/#\\\/schema\\\/person\\\/358e26c18aca017fcc4cc15437f7279c\",\"name\":\"Jacqueline ROTEN\",\"image\":{\"@type\":\"ImageObject\",\"inLanguage\":\"es\",\"@id\":\"https:\\\/\\\/secure.gravatar.com\\\/avatar\\\/5964256d6c6957de3a3505278957e0fb2a35119ac47ea41827a65301213c810b?s=96&d=mm&r=g\",\"url\":\"https:\\\/\\\/secure.gravatar.com\\\/avatar\\\/5964256d6c6957de3a3505278957e0fb2a35119ac47ea41827a65301213c810b?s=96&d=mm&r=g\",\"contentUrl\":\"https:\\\/\\\/secure.gravatar.com\\\/avatar\\\/5964256d6c6957de3a3505278957e0fb2a35119ac47ea41827a65301213c810b?s=96&d=mm&r=g\",\"caption\":\"Jacqueline ROTEN\"}}]}<\/script>\n<!-- \/ Yoast SEO plugin. -->","yoast_head_json":{"title":"DYCK, VLADIMIR (1882-1943) - Institut Europ\u00e9en des Musiques Juives","robots":{"index":"index","follow":"follow","max-snippet":"max-snippet:-1","max-image-preview":"max-image-preview:large","max-video-preview":"max-video-preview:-1"},"canonical":"https:\/\/www.iemj.org\/es\/dyck-vladimir-1882-1943\/","og_locale":"es_ES","og_type":"article","og_title":"DYCK, VLADIMIR (1882-1943) - Institut Europ\u00e9en des Musiques Juives","og_description":"La biograf\u00eda de este compositor, que naci\u00f3 el 19 de marzo de 1882 en Odessa y muri\u00f3 en Auschwitz en 1943, sigue incompleta hasta hoy. Quinto hijo de una familia","og_url":"https:\/\/www.iemj.org\/es\/dyck-vladimir-1882-1943\/","og_site_name":"Institut Europ\u00e9en des Musiques Juives","article_publisher":"https:\/\/www.facebook.com\/MusiquesJuives\/","article_published_time":"2022-01-25T15:07:43+00:00","article_modified_time":"2022-04-13T16:00:18+00:00","og_image":[{"width":155,"height":218,"url":"https:\/\/www.iemj.org\/wp-content\/uploads\/2022\/01\/Vladimir-Dyck_Capture-plus-age-1-e1643129818296.png","type":"image\/png"}],"author":"Jacqueline ROTEN","twitter_card":"summary_large_image","twitter_misc":{"Escrito por":"Jacqueline ROTEN","Tiempo de lectura":"4 minutos"},"schema":{"@context":"https:\/\/schema.org","@graph":[{"@type":"Article","@id":"https:\/\/www.iemj.org\/es\/dyck-vladimir-1882-1943\/#article","isPartOf":{"@id":"https:\/\/www.iemj.org\/es\/dyck-vladimir-1882-1943\/"},"author":{"name":"Jacqueline ROTEN","@id":"https:\/\/www.iemj.org\/es\/#\/schema\/person\/358e26c18aca017fcc4cc15437f7279c"},"headline":"DYCK, VLADIMIR (1882-1943)","datePublished":"2022-01-25T15:07:43+00:00","dateModified":"2022-04-13T16:00:18+00:00","mainEntityOfPage":{"@id":"https:\/\/www.iemj.org\/es\/dyck-vladimir-1882-1943\/"},"wordCount":603,"publisher":{"@id":"https:\/\/www.iemj.org\/es\/#organization"},"image":{"@id":"https:\/\/www.iemj.org\/es\/dyck-vladimir-1882-1943\/#primaryimage"},"thumbnailUrl":"https:\/\/www.iemj.org\/wp-content\/uploads\/2022\/01\/Vladimir-Dyck_Capture-plus-age-1-e1643129818296.png","articleSection":["Biograf\u00edas"],"inLanguage":"es"},{"@type":"WebPage","@id":"https:\/\/www.iemj.org\/es\/dyck-vladimir-1882-1943\/","url":"https:\/\/www.iemj.org\/es\/dyck-vladimir-1882-1943\/","name":"DYCK, VLADIMIR (1882-1943) - Institut Europ\u00e9en des Musiques Juives","isPartOf":{"@id":"https:\/\/www.iemj.org\/es\/#website"},"primaryImageOfPage":{"@id":"https:\/\/www.iemj.org\/es\/dyck-vladimir-1882-1943\/#primaryimage"},"image":{"@id":"https:\/\/www.iemj.org\/es\/dyck-vladimir-1882-1943\/#primaryimage"},"thumbnailUrl":"https:\/\/www.iemj.org\/wp-content\/uploads\/2022\/01\/Vladimir-Dyck_Capture-plus-age-1-e1643129818296.png","datePublished":"2022-01-25T15:07:43+00:00","dateModified":"2022-04-13T16:00:18+00:00","breadcrumb":{"@id":"https:\/\/www.iemj.org\/es\/dyck-vladimir-1882-1943\/#breadcrumb"},"inLanguage":"es","potentialAction":[{"@type":"ReadAction","target":["https:\/\/www.iemj.org\/es\/dyck-vladimir-1882-1943\/"]}]},{"@type":"ImageObject","inLanguage":"es","@id":"https:\/\/www.iemj.org\/es\/dyck-vladimir-1882-1943\/#primaryimage","url":"https:\/\/www.iemj.org\/wp-content\/uploads\/2022\/01\/Vladimir-Dyck_Capture-plus-age-1-e1643129818296.png","contentUrl":"https:\/\/www.iemj.org\/wp-content\/uploads\/2022\/01\/Vladimir-Dyck_Capture-plus-age-1-e1643129818296.png","width":155,"height":218},{"@type":"BreadcrumbList","@id":"https:\/\/www.iemj.org\/es\/dyck-vladimir-1882-1943\/#breadcrumb","itemListElement":[{"@type":"ListItem","position":1,"name":"Accueil","item":"https:\/\/www.iemj.org\/es\/"},{"@type":"ListItem","position":2,"name":"DYCK, VLADIMIR (1882-1943)"}]},{"@type":"WebSite","@id":"https:\/\/www.iemj.org\/es\/#website","url":"https:\/\/www.iemj.org\/es\/","name":"Institut Europ\u00e9en des Musiques Juives","description":"Des traditions musicales \u00e0 la port\u00e9e de tous","publisher":{"@id":"https:\/\/www.iemj.org\/es\/#organization"},"potentialAction":[{"@type":"SearchAction","target":{"@type":"EntryPoint","urlTemplate":"https:\/\/www.iemj.org\/es\/?s={search_term_string}"},"query-input":{"@type":"PropertyValueSpecification","valueRequired":true,"valueName":"search_term_string"}}],"inLanguage":"es"},{"@type":"Organization","@id":"https:\/\/www.iemj.org\/es\/#organization","name":"Institut Europ\u00e9en des Musiques Juives","url":"https:\/\/www.iemj.org\/es\/","logo":{"@type":"ImageObject","inLanguage":"es","@id":"https:\/\/www.iemj.org\/es\/#\/schema\/logo\/image\/","url":"https:\/\/www.iemj.org\/wp-content\/uploads\/2021\/09\/Logo-IEMJ-Paypal.jpg","contentUrl":"https:\/\/www.iemj.org\/wp-content\/uploads\/2021\/09\/Logo-IEMJ-Paypal.jpg","width":150,"height":50,"caption":"Institut Europ\u00e9en des Musiques Juives"},"image":{"@id":"https:\/\/www.iemj.org\/es\/#\/schema\/logo\/image\/"},"sameAs":["https:\/\/www.facebook.com\/MusiquesJuives\/","https:\/\/www.instagram.com\/musiquesjuives\/","https:\/\/www.youtube.com\/user\/musiquesjuives"]},{"@type":"Person","@id":"https:\/\/www.iemj.org\/es\/#\/schema\/person\/358e26c18aca017fcc4cc15437f7279c","name":"Jacqueline ROTEN","image":{"@type":"ImageObject","inLanguage":"es","@id":"https:\/\/secure.gravatar.com\/avatar\/5964256d6c6957de3a3505278957e0fb2a35119ac47ea41827a65301213c810b?s=96&d=mm&r=g","url":"https:\/\/secure.gravatar.com\/avatar\/5964256d6c6957de3a3505278957e0fb2a35119ac47ea41827a65301213c810b?s=96&d=mm&r=g","contentUrl":"https:\/\/secure.gravatar.com\/avatar\/5964256d6c6957de3a3505278957e0fb2a35119ac47ea41827a65301213c810b?s=96&d=mm&r=g","caption":"Jacqueline ROTEN"}}]}},"_links":{"self":[{"href":"https:\/\/www.iemj.org\/es\/wp-json\/wp\/v2\/posts\/78504","targetHints":{"allow":["GET"]}}],"collection":[{"href":"https:\/\/www.iemj.org\/es\/wp-json\/wp\/v2\/posts"}],"about":[{"href":"https:\/\/www.iemj.org\/es\/wp-json\/wp\/v2\/types\/post"}],"author":[{"embeddable":true,"href":"https:\/\/www.iemj.org\/es\/wp-json\/wp\/v2\/users\/5"}],"replies":[{"embeddable":true,"href":"https:\/\/www.iemj.org\/es\/wp-json\/wp\/v2\/comments?post=78504"}],"version-history":[{"count":0,"href":"https:\/\/www.iemj.org\/es\/wp-json\/wp\/v2\/posts\/78504\/revisions"}],"wp:featuredmedia":[{"embeddable":true,"href":"https:\/\/www.iemj.org\/es\/wp-json\/wp\/v2\/media\/78493"}],"wp:attachment":[{"href":"https:\/\/www.iemj.org\/es\/wp-json\/wp\/v2\/media?parent=78504"}],"wp:term":[{"taxonomy":"category","embeddable":true,"href":"https:\/\/www.iemj.org\/es\/wp-json\/wp\/v2\/categories?post=78504"},{"taxonomy":"post_tag","embeddable":true,"href":"https:\/\/www.iemj.org\/es\/wp-json\/wp\/v2\/tags?post=78504"},{"taxonomy":"technique","embeddable":true,"href":"https:\/\/www.iemj.org\/es\/wp-json\/wp\/v2\/technique?post=78504"},{"taxonomy":"squelettes","embeddable":true,"href":"https:\/\/www.iemj.org\/es\/wp-json\/wp\/v2\/squelettes?post=78504"},{"taxonomy":"sujet","embeddable":true,"href":"https:\/\/www.iemj.org\/es\/wp-json\/wp\/v2\/sujet?post=78504"},{"taxonomy":"formation","embeddable":true,"href":"https:\/\/www.iemj.org\/es\/wp-json\/wp\/v2\/formation?post=78504"},{"taxonomy":"genre","embeddable":true,"href":"https:\/\/www.iemj.org\/es\/wp-json\/wp\/v2\/genre?post=78504"},{"taxonomy":"fonds","embeddable":true,"href":"https:\/\/www.iemj.org\/es\/wp-json\/wp\/v2\/fonds?post=78504"},{"taxonomy":"tradition","embeddable":true,"href":"https:\/\/www.iemj.org\/es\/wp-json\/wp\/v2\/tradition?post=78504"},{"taxonomy":"type-de-contenu","embeddable":true,"href":"https:\/\/www.iemj.org\/es\/wp-json\/wp\/v2\/type-de-contenu?post=78504"},{"taxonomy":"interprete-compositeur","embeddable":true,"href":"https:\/\/www.iemj.org\/es\/wp-json\/wp\/v2\/interprete-compositeur?post=78504"},{"taxonomy":"frise","embeddable":true,"href":"https:\/\/www.iemj.org\/es\/wp-json\/wp\/v2\/frise?post=78504"},{"taxonomy":"type-devenement","embeddable":true,"href":"https:\/\/www.iemj.org\/es\/wp-json\/wp\/v2\/type-devenement?post=78504"},{"taxonomy":"tableaux-liens-externes","embeddable":true,"href":"https:\/\/www.iemj.org\/es\/wp-json\/wp\/v2\/tableaux-liens-externes?post=78504"}],"curies":[{"name":"wp","href":"https:\/\/api.w.org\/{rel}","templated":true}]}}