{"id":79413,"date":"2019-05-14T16:45:28","date_gmt":"2019-05-14T14:45:28","guid":{"rendered":"https:\/\/www.iemj.org\/bloch-ernest-1880-1959\/"},"modified":"2022-04-13T17:48:51","modified_gmt":"2022-04-13T15:48:51","slug":"bloch-ernest-1880-1959","status":"publish","type":"post","link":"https:\/\/www.iemj.org\/es\/bloch-ernest-1880-1959\/","title":{"rendered":"Bloch, Ernest (1880-1959)"},"content":{"rendered":"<p>Nacido en Ginebra el 24 de julio de 1880 y fallecido el 15 de julio de 1959 en Portland (Estados Unidos), Ernest Bloch es un compositor, violinista, director de orquesta y pedagogo suizo nacionalizado estadounidense cuya obra est\u00e1 profundamente marcada por su identidad jud\u00eda.<\/p>\n<p>Como se\u00f1ala Gil Pressnitzer en la revista <a href=\"https:\/\/www.espritsnomades.net\/musiques\/ernest-bloch-une-voix-du-fond-des-temps\/\" target=\"_blank\" rel=\"noopener\">Esprits Nomades<\/a>, \u00abBloch nunca tuvo la pretensi\u00f3n de imitar el vocabulario de la m\u00fasica jud\u00eda retomando su folclore y sus giros, quer\u00eda recuperar el aliento b\u00edblico y engrandecer la historia del pueblo jud\u00edo a trav\u00e9s de su m\u00fasica original\u00bb. Bloch dijo sobre su trabajo: \u00abNo es mi intenci\u00f3n ni mi deseo trabajar en la restauraci\u00f3n de la m\u00fasica jud\u00eda. No quiero basar mi m\u00fasica en melod\u00edas m\u00e1s o menos aut\u00e9nticas. No soy arque\u00f3logo. Lo que me interesa realmente es escribir m\u00fasica sincera y buena, la m\u00eda. Lo que realmente me interesa es el esp\u00edritu hebreo. Esa alma compleja, ardiente e inquieta que la Biblia hace vibrar en m\u00ed. El vigor de los Patriarcas, la violencia del libro de los Profetas, el amor ardiente por la justicia, el dolor y la grandeza del libro de Job, la sensualidad del Cantar de los Cantares. Todo esto est\u00e1 en nosotros, todo esto est\u00e1 en m\u00ed, y es la mejor parte de m\u00ed.\u00bb<\/p>\n<p><img fetchpriority=\"high\" decoding=\"async\" class=\"wp-image-23902 alignright\" src=\"https:\/\/www.iemj.org\/wp-content\/uploads\/2019\/05\/doc_1_bloch.jpg\" alt=\"doc_1_bloch.jpg\" width=\"439\" height=\"322\" align=\"middle\" srcset=\"https:\/\/www.iemj.org\/wp-content\/uploads\/2019\/05\/doc_1_bloch.jpg 500w, https:\/\/www.iemj.org\/wp-content\/uploads\/2019\/05\/doc_1_bloch-300x220.jpg 300w\" sizes=\"(max-width: 439px) 100vw, 439px\" \/>A pesar de una vida dif\u00edcil, Bloch fue un compositor extremadamente creativo. Su \u00abobra jud\u00eda\u00bb abarca varios periodos: de 1912 a 1916, escribi\u00f3, entre otras cosas, <em>Trois po\u00e8mes juifs<\/em> (Tres poemas jud\u00edos) (1913), <em>Trois psaumes <\/em>(Tres salmos) (1912-1914), una Sinfon\u00eda <em>Isra\u00ebl<\/em> (1912-1916), <em>Schelomo, rhapsodie h\u00e9bra\u00efque <\/em>(Schelomo, una rapsodia hebrea) para violonchelo y orquesta (1916). Entre 1923 y 1933, compuso <em>Baal Shem<\/em> (1923), <em>Trois tableaux de la vie hassidique <\/em>(Tres cuadros de la vida jas\u00eddica) (1923), <em>M\u00e9ditation H\u00e9bra\u00efque <\/em>(Meditaci\u00f3n hebrea) para violonchelo y piano (1924), <em>From Jewish life<\/em> (De la vida jud\u00eda) para violonchelo y piano (1924), <em>Abodah<\/em> para viol\u00edn y piano (1928), <em>Service Sacr\u00e9 <\/em>(Servicio sagrado) para bar\u00edtono, coro mixto y orquesta (1933). Finalmente, en los a\u00f1os 50, public\u00f3 <em>Six Pr\u00e9ludes pour la Synagogue (<\/em>Seis preludios para la sinagoga) (1946-1950), una <em>Suite H\u00e9bra\u00efque<\/em> (Suite hebraica) para viola o viol\u00edn y piano (1951), una <em>M\u00e9ditation et Processionnal<\/em> (Meditaci\u00f3n y procesi\u00f3n) para viola y piano (1951) y <em>Five Hebraic Pieces (<\/em>Cinco piezas hebraicas) (1951).<\/p>\n<p>\u00a0<\/p>\n<p>*<em>Biograf\u00eda extra\u00edda del folleto de los\u00a0CD <a href=\"https:\/\/www.iemj.org\/es\/melodies-hebraiques-pour-violoncelle-et-piano\/\" target=\"_blank\" rel=\"noopener\">M\u00e9lodies h\u00e9bra\u00efques, vol. 1<\/a>, y <a href=\"https:\/\/www.iemj.org\/es\/melodies-hebraiques-pour-violoncelle-et-piano-volume-2\/\" target=\"_blank\" rel=\"noopener\">M\u00e9lodies h\u00e9bra\u00efques, vol. 2<\/a>, Collection Classiques, Les Editions de l&#8217;IEMJ, 2016 et 2021<\/em><\/p>\n<p><a href=\"https:\/\/www.musicologie.org\/Biographies\/b\/bloch_ernest.html\" target=\"_blank\" rel=\"noopener\">M\u00e1s informaci\u00f3n sobre el compositor<\/a><\/p>\n<p><a href=\"http:\/\/www.rachelnet.net\/F\/?func=find-c&amp;ccl_term=WRD+%3D+Ernest+Bloch&amp;local_base=iemcg\" target=\"_blank\" rel=\"noopener\"><strong>Consulte nuestros archivos sobre Ernest Bloch<\/strong><\/a><\/p>\n\n\n<figure class=\"wp-block-embed is-type-video is-provider-youtube wp-block-embed-youtube wp-embed-aspect-4-3 wp-has-aspect-ratio\"><div class=\"wp-block-embed__wrapper\">\n<iframe title=\"M\u00e9ditation h\u00e9bra\u00efque\" width=\"640\" height=\"480\" src=\"https:\/\/www.youtube.com\/embed\/6aRPQqMqxgk?feature=oembed\" frameborder=\"0\" allow=\"accelerometer; autoplay; clipboard-write; encrypted-media; gyroscope; picture-in-picture; web-share\" referrerpolicy=\"strict-origin-when-cross-origin\" allowfullscreen><\/iframe>\n<\/div><figcaption> <strong>Escuchar<\/strong> <strong>la <em>M\u00e9ditation h\u00e9bra\u00efque<\/em> de Ernest Bloch desde nuestro <a href=\"https:\/\/www.iemj.org\/es\/melodies-hebraiques-pour-violoncelle-et-piano-volume-2\/\" target=\"_blank\" rel=\"noreferrer noopener\">CD M\u00e9lodies h\u00e9bra\u00efques pour violoncelle et piano, vol. 2<\/a><\/strong> <\/figcaption><\/figure>\n","protected":false},"excerpt":{"rendered":"<p>Nacido en Ginebra el 24 de julio de 1880 y fallecido el 15 de julio de 1959 en Portland (Estados Unidos), Ernest Bloch es un compositor, violinista, director de orquesta<\/p>\n","protected":false},"author":1052,"featured_media":51505,"comment_status":"closed","ping_status":"open","sticky":false,"template":"","format":"standard","meta":{"_acf_changed":false,"footnotes":""},"categories":[1417],"tags":[],"technique":[],"squelettes":[],"sujet":[],"formation":[],"genre":[],"fonds":[],"tradition":[],"type-de-contenu":[],"interprete-compositeur":[3146],"frise":[],"type-devenement":[],"tableaux-liens-externes":[],"class_list":["post-79413","post","type-post","status-publish","format-standard","has-post-thumbnail","hentry","category-biografias-es","interprete-compositeur-ernest-bloch-es-2"],"acf":[],"yoast_head":"<!-- This site is optimized with the Yoast SEO plugin v27.3 - https:\/\/yoast.com\/product\/yoast-seo-wordpress\/ -->\n<title>Bloch, Ernest (1880-1959) - Institut Europ\u00e9en des Musiques Juives<\/title>\n<meta name=\"robots\" content=\"index, follow, max-snippet:-1, max-image-preview:large, max-video-preview:-1\" \/>\n<link rel=\"canonical\" href=\"https:\/\/www.iemj.org\/es\/bloch-ernest-1880-1959\/\" \/>\n<meta property=\"og:locale\" content=\"es_ES\" \/>\n<meta property=\"og:type\" content=\"article\" \/>\n<meta property=\"og:title\" content=\"Bloch, Ernest (1880-1959) - Institut Europ\u00e9en des Musiques Juives\" \/>\n<meta property=\"og:description\" content=\"Nacido en Ginebra el 24 de julio de 1880 y fallecido el 15 de julio de 1959 en Portland (Estados Unidos), Ernest Bloch es un compositor, violinista, director de orquesta\" \/>\n<meta property=\"og:url\" content=\"https:\/\/www.iemj.org\/es\/bloch-ernest-1880-1959\/\" \/>\n<meta property=\"og:site_name\" content=\"Institut Europ\u00e9en des Musiques Juives\" \/>\n<meta property=\"article:publisher\" content=\"https:\/\/www.facebook.com\/MusiquesJuives\/\" \/>\n<meta property=\"article:published_time\" content=\"2019-05-14T14:45:28+00:00\" \/>\n<meta property=\"article:modified_time\" content=\"2022-04-13T15:48:51+00:00\" \/>\n<meta property=\"og:image\" content=\"https:\/\/www.iemj.org\/wp-content\/uploads\/2019\/05\/arton4150-e1624969070841.jpg\" \/>\n\t<meta property=\"og:image:width\" content=\"218\" \/>\n\t<meta property=\"og:image:height\" content=\"218\" \/>\n\t<meta property=\"og:image:type\" content=\"image\/jpeg\" \/>\n<meta name=\"author\" content=\"Lea Couderc\" \/>\n<meta name=\"twitter:card\" content=\"summary_large_image\" \/>\n<meta name=\"twitter:label1\" content=\"Escrito por\" \/>\n\t<meta name=\"twitter:data1\" content=\"Lea Couderc\" \/>\n\t<meta name=\"twitter:label2\" content=\"Tiempo de lectura\" \/>\n\t<meta name=\"twitter:data2\" content=\"3 minutos\" \/>\n<script type=\"application\/ld+json\" class=\"yoast-schema-graph\">{\"@context\":\"https:\\\/\\\/schema.org\",\"@graph\":[{\"@type\":\"Article\",\"@id\":\"https:\\\/\\\/www.iemj.org\\\/es\\\/bloch-ernest-1880-1959\\\/#article\",\"isPartOf\":{\"@id\":\"https:\\\/\\\/www.iemj.org\\\/es\\\/bloch-ernest-1880-1959\\\/\"},\"author\":{\"name\":\"Lea Couderc\",\"@id\":\"https:\\\/\\\/www.iemj.org\\\/es\\\/#\\\/schema\\\/person\\\/e2ad57f2c4be119c7ed8ab79036807a9\"},\"headline\":\"Bloch, Ernest (1880-1959)\",\"datePublished\":\"2019-05-14T14:45:28+00:00\",\"dateModified\":\"2022-04-13T15:48:51+00:00\",\"mainEntityOfPage\":{\"@id\":\"https:\\\/\\\/www.iemj.org\\\/es\\\/bloch-ernest-1880-1959\\\/\"},\"wordCount\":471,\"publisher\":{\"@id\":\"https:\\\/\\\/www.iemj.org\\\/es\\\/#organization\"},\"image\":{\"@id\":\"https:\\\/\\\/www.iemj.org\\\/es\\\/bloch-ernest-1880-1959\\\/#primaryimage\"},\"thumbnailUrl\":\"https:\\\/\\\/www.iemj.org\\\/wp-content\\\/uploads\\\/2019\\\/05\\\/arton4150-e1624969070841.jpg\",\"articleSection\":[\"Biograf\u00edas\"],\"inLanguage\":\"es\"},{\"@type\":\"WebPage\",\"@id\":\"https:\\\/\\\/www.iemj.org\\\/es\\\/bloch-ernest-1880-1959\\\/\",\"url\":\"https:\\\/\\\/www.iemj.org\\\/es\\\/bloch-ernest-1880-1959\\\/\",\"name\":\"Bloch, Ernest (1880-1959) - Institut Europ\u00e9en des Musiques Juives\",\"isPartOf\":{\"@id\":\"https:\\\/\\\/www.iemj.org\\\/es\\\/#website\"},\"primaryImageOfPage\":{\"@id\":\"https:\\\/\\\/www.iemj.org\\\/es\\\/bloch-ernest-1880-1959\\\/#primaryimage\"},\"image\":{\"@id\":\"https:\\\/\\\/www.iemj.org\\\/es\\\/bloch-ernest-1880-1959\\\/#primaryimage\"},\"thumbnailUrl\":\"https:\\\/\\\/www.iemj.org\\\/wp-content\\\/uploads\\\/2019\\\/05\\\/arton4150-e1624969070841.jpg\",\"datePublished\":\"2019-05-14T14:45:28+00:00\",\"dateModified\":\"2022-04-13T15:48:51+00:00\",\"breadcrumb\":{\"@id\":\"https:\\\/\\\/www.iemj.org\\\/es\\\/bloch-ernest-1880-1959\\\/#breadcrumb\"},\"inLanguage\":\"es\",\"potentialAction\":[{\"@type\":\"ReadAction\",\"target\":[\"https:\\\/\\\/www.iemj.org\\\/es\\\/bloch-ernest-1880-1959\\\/\"]}]},{\"@type\":\"ImageObject\",\"inLanguage\":\"es\",\"@id\":\"https:\\\/\\\/www.iemj.org\\\/es\\\/bloch-ernest-1880-1959\\\/#primaryimage\",\"url\":\"https:\\\/\\\/www.iemj.org\\\/wp-content\\\/uploads\\\/2019\\\/05\\\/arton4150-e1624969070841.jpg\",\"contentUrl\":\"https:\\\/\\\/www.iemj.org\\\/wp-content\\\/uploads\\\/2019\\\/05\\\/arton4150-e1624969070841.jpg\",\"width\":218,\"height\":218},{\"@type\":\"BreadcrumbList\",\"@id\":\"https:\\\/\\\/www.iemj.org\\\/es\\\/bloch-ernest-1880-1959\\\/#breadcrumb\",\"itemListElement\":[{\"@type\":\"ListItem\",\"position\":1,\"name\":\"Accueil\",\"item\":\"https:\\\/\\\/www.iemj.org\\\/es\\\/\"},{\"@type\":\"ListItem\",\"position\":2,\"name\":\"Bloch, Ernest (1880-1959)\"}]},{\"@type\":\"WebSite\",\"@id\":\"https:\\\/\\\/www.iemj.org\\\/es\\\/#website\",\"url\":\"https:\\\/\\\/www.iemj.org\\\/es\\\/\",\"name\":\"Institut Europ\u00e9en des Musiques Juives\",\"description\":\"Des traditions musicales \u00e0 la port\u00e9e de tous\",\"publisher\":{\"@id\":\"https:\\\/\\\/www.iemj.org\\\/es\\\/#organization\"},\"potentialAction\":[{\"@type\":\"SearchAction\",\"target\":{\"@type\":\"EntryPoint\",\"urlTemplate\":\"https:\\\/\\\/www.iemj.org\\\/es\\\/?s={search_term_string}\"},\"query-input\":{\"@type\":\"PropertyValueSpecification\",\"valueRequired\":true,\"valueName\":\"search_term_string\"}}],\"inLanguage\":\"es\"},{\"@type\":\"Organization\",\"@id\":\"https:\\\/\\\/www.iemj.org\\\/es\\\/#organization\",\"name\":\"Institut Europ\u00e9en des Musiques Juives\",\"url\":\"https:\\\/\\\/www.iemj.org\\\/es\\\/\",\"logo\":{\"@type\":\"ImageObject\",\"inLanguage\":\"es\",\"@id\":\"https:\\\/\\\/www.iemj.org\\\/es\\\/#\\\/schema\\\/logo\\\/image\\\/\",\"url\":\"https:\\\/\\\/www.iemj.org\\\/wp-content\\\/uploads\\\/2021\\\/09\\\/Logo-IEMJ-Paypal.jpg\",\"contentUrl\":\"https:\\\/\\\/www.iemj.org\\\/wp-content\\\/uploads\\\/2021\\\/09\\\/Logo-IEMJ-Paypal.jpg\",\"width\":150,\"height\":50,\"caption\":\"Institut Europ\u00e9en des Musiques Juives\"},\"image\":{\"@id\":\"https:\\\/\\\/www.iemj.org\\\/es\\\/#\\\/schema\\\/logo\\\/image\\\/\"},\"sameAs\":[\"https:\\\/\\\/www.facebook.com\\\/MusiquesJuives\\\/\",\"https:\\\/\\\/www.instagram.com\\\/musiquesjuives\\\/\",\"https:\\\/\\\/www.youtube.com\\\/user\\\/musiquesjuives\"]},{\"@type\":\"Person\",\"@id\":\"https:\\\/\\\/www.iemj.org\\\/es\\\/#\\\/schema\\\/person\\\/e2ad57f2c4be119c7ed8ab79036807a9\",\"name\":\"Lea Couderc\",\"image\":{\"@type\":\"ImageObject\",\"inLanguage\":\"es\",\"@id\":\"https:\\\/\\\/secure.gravatar.com\\\/avatar\\\/46ee021475d60aeff17a7e490b79dea5a5684bb392ab7fd1494027411df8ba23?s=96&d=mm&r=g\",\"url\":\"https:\\\/\\\/secure.gravatar.com\\\/avatar\\\/46ee021475d60aeff17a7e490b79dea5a5684bb392ab7fd1494027411df8ba23?s=96&d=mm&r=g\",\"contentUrl\":\"https:\\\/\\\/secure.gravatar.com\\\/avatar\\\/46ee021475d60aeff17a7e490b79dea5a5684bb392ab7fd1494027411df8ba23?s=96&d=mm&r=g\",\"caption\":\"Lea Couderc\"}}]}<\/script>\n<!-- \/ Yoast SEO plugin. -->","yoast_head_json":{"title":"Bloch, Ernest (1880-1959) - Institut Europ\u00e9en des Musiques Juives","robots":{"index":"index","follow":"follow","max-snippet":"max-snippet:-1","max-image-preview":"max-image-preview:large","max-video-preview":"max-video-preview:-1"},"canonical":"https:\/\/www.iemj.org\/es\/bloch-ernest-1880-1959\/","og_locale":"es_ES","og_type":"article","og_title":"Bloch, Ernest (1880-1959) - Institut Europ\u00e9en des Musiques Juives","og_description":"Nacido en Ginebra el 24 de julio de 1880 y fallecido el 15 de julio de 1959 en Portland (Estados Unidos), Ernest Bloch es un compositor, violinista, director de orquesta","og_url":"https:\/\/www.iemj.org\/es\/bloch-ernest-1880-1959\/","og_site_name":"Institut Europ\u00e9en des Musiques Juives","article_publisher":"https:\/\/www.facebook.com\/MusiquesJuives\/","article_published_time":"2019-05-14T14:45:28+00:00","article_modified_time":"2022-04-13T15:48:51+00:00","og_image":[{"width":218,"height":218,"url":"https:\/\/www.iemj.org\/wp-content\/uploads\/2019\/05\/arton4150-e1624969070841.jpg","type":"image\/jpeg"}],"author":"Lea Couderc","twitter_card":"summary_large_image","twitter_misc":{"Escrito por":"Lea Couderc","Tiempo de lectura":"3 minutos"},"schema":{"@context":"https:\/\/schema.org","@graph":[{"@type":"Article","@id":"https:\/\/www.iemj.org\/es\/bloch-ernest-1880-1959\/#article","isPartOf":{"@id":"https:\/\/www.iemj.org\/es\/bloch-ernest-1880-1959\/"},"author":{"name":"Lea Couderc","@id":"https:\/\/www.iemj.org\/es\/#\/schema\/person\/e2ad57f2c4be119c7ed8ab79036807a9"},"headline":"Bloch, Ernest (1880-1959)","datePublished":"2019-05-14T14:45:28+00:00","dateModified":"2022-04-13T15:48:51+00:00","mainEntityOfPage":{"@id":"https:\/\/www.iemj.org\/es\/bloch-ernest-1880-1959\/"},"wordCount":471,"publisher":{"@id":"https:\/\/www.iemj.org\/es\/#organization"},"image":{"@id":"https:\/\/www.iemj.org\/es\/bloch-ernest-1880-1959\/#primaryimage"},"thumbnailUrl":"https:\/\/www.iemj.org\/wp-content\/uploads\/2019\/05\/arton4150-e1624969070841.jpg","articleSection":["Biograf\u00edas"],"inLanguage":"es"},{"@type":"WebPage","@id":"https:\/\/www.iemj.org\/es\/bloch-ernest-1880-1959\/","url":"https:\/\/www.iemj.org\/es\/bloch-ernest-1880-1959\/","name":"Bloch, Ernest (1880-1959) - Institut Europ\u00e9en des Musiques Juives","isPartOf":{"@id":"https:\/\/www.iemj.org\/es\/#website"},"primaryImageOfPage":{"@id":"https:\/\/www.iemj.org\/es\/bloch-ernest-1880-1959\/#primaryimage"},"image":{"@id":"https:\/\/www.iemj.org\/es\/bloch-ernest-1880-1959\/#primaryimage"},"thumbnailUrl":"https:\/\/www.iemj.org\/wp-content\/uploads\/2019\/05\/arton4150-e1624969070841.jpg","datePublished":"2019-05-14T14:45:28+00:00","dateModified":"2022-04-13T15:48:51+00:00","breadcrumb":{"@id":"https:\/\/www.iemj.org\/es\/bloch-ernest-1880-1959\/#breadcrumb"},"inLanguage":"es","potentialAction":[{"@type":"ReadAction","target":["https:\/\/www.iemj.org\/es\/bloch-ernest-1880-1959\/"]}]},{"@type":"ImageObject","inLanguage":"es","@id":"https:\/\/www.iemj.org\/es\/bloch-ernest-1880-1959\/#primaryimage","url":"https:\/\/www.iemj.org\/wp-content\/uploads\/2019\/05\/arton4150-e1624969070841.jpg","contentUrl":"https:\/\/www.iemj.org\/wp-content\/uploads\/2019\/05\/arton4150-e1624969070841.jpg","width":218,"height":218},{"@type":"BreadcrumbList","@id":"https:\/\/www.iemj.org\/es\/bloch-ernest-1880-1959\/#breadcrumb","itemListElement":[{"@type":"ListItem","position":1,"name":"Accueil","item":"https:\/\/www.iemj.org\/es\/"},{"@type":"ListItem","position":2,"name":"Bloch, Ernest (1880-1959)"}]},{"@type":"WebSite","@id":"https:\/\/www.iemj.org\/es\/#website","url":"https:\/\/www.iemj.org\/es\/","name":"Institut Europ\u00e9en des Musiques Juives","description":"Des traditions musicales \u00e0 la port\u00e9e de tous","publisher":{"@id":"https:\/\/www.iemj.org\/es\/#organization"},"potentialAction":[{"@type":"SearchAction","target":{"@type":"EntryPoint","urlTemplate":"https:\/\/www.iemj.org\/es\/?s={search_term_string}"},"query-input":{"@type":"PropertyValueSpecification","valueRequired":true,"valueName":"search_term_string"}}],"inLanguage":"es"},{"@type":"Organization","@id":"https:\/\/www.iemj.org\/es\/#organization","name":"Institut Europ\u00e9en des Musiques Juives","url":"https:\/\/www.iemj.org\/es\/","logo":{"@type":"ImageObject","inLanguage":"es","@id":"https:\/\/www.iemj.org\/es\/#\/schema\/logo\/image\/","url":"https:\/\/www.iemj.org\/wp-content\/uploads\/2021\/09\/Logo-IEMJ-Paypal.jpg","contentUrl":"https:\/\/www.iemj.org\/wp-content\/uploads\/2021\/09\/Logo-IEMJ-Paypal.jpg","width":150,"height":50,"caption":"Institut Europ\u00e9en des Musiques Juives"},"image":{"@id":"https:\/\/www.iemj.org\/es\/#\/schema\/logo\/image\/"},"sameAs":["https:\/\/www.facebook.com\/MusiquesJuives\/","https:\/\/www.instagram.com\/musiquesjuives\/","https:\/\/www.youtube.com\/user\/musiquesjuives"]},{"@type":"Person","@id":"https:\/\/www.iemj.org\/es\/#\/schema\/person\/e2ad57f2c4be119c7ed8ab79036807a9","name":"Lea Couderc","image":{"@type":"ImageObject","inLanguage":"es","@id":"https:\/\/secure.gravatar.com\/avatar\/46ee021475d60aeff17a7e490b79dea5a5684bb392ab7fd1494027411df8ba23?s=96&d=mm&r=g","url":"https:\/\/secure.gravatar.com\/avatar\/46ee021475d60aeff17a7e490b79dea5a5684bb392ab7fd1494027411df8ba23?s=96&d=mm&r=g","contentUrl":"https:\/\/secure.gravatar.com\/avatar\/46ee021475d60aeff17a7e490b79dea5a5684bb392ab7fd1494027411df8ba23?s=96&d=mm&r=g","caption":"Lea Couderc"}}]}},"_links":{"self":[{"href":"https:\/\/www.iemj.org\/es\/wp-json\/wp\/v2\/posts\/79413","targetHints":{"allow":["GET"]}}],"collection":[{"href":"https:\/\/www.iemj.org\/es\/wp-json\/wp\/v2\/posts"}],"about":[{"href":"https:\/\/www.iemj.org\/es\/wp-json\/wp\/v2\/types\/post"}],"author":[{"embeddable":true,"href":"https:\/\/www.iemj.org\/es\/wp-json\/wp\/v2\/users\/1052"}],"replies":[{"embeddable":true,"href":"https:\/\/www.iemj.org\/es\/wp-json\/wp\/v2\/comments?post=79413"}],"version-history":[{"count":0,"href":"https:\/\/www.iemj.org\/es\/wp-json\/wp\/v2\/posts\/79413\/revisions"}],"wp:featuredmedia":[{"embeddable":true,"href":"https:\/\/www.iemj.org\/es\/wp-json\/wp\/v2\/media\/51505"}],"wp:attachment":[{"href":"https:\/\/www.iemj.org\/es\/wp-json\/wp\/v2\/media?parent=79413"}],"wp:term":[{"taxonomy":"category","embeddable":true,"href":"https:\/\/www.iemj.org\/es\/wp-json\/wp\/v2\/categories?post=79413"},{"taxonomy":"post_tag","embeddable":true,"href":"https:\/\/www.iemj.org\/es\/wp-json\/wp\/v2\/tags?post=79413"},{"taxonomy":"technique","embeddable":true,"href":"https:\/\/www.iemj.org\/es\/wp-json\/wp\/v2\/technique?post=79413"},{"taxonomy":"squelettes","embeddable":true,"href":"https:\/\/www.iemj.org\/es\/wp-json\/wp\/v2\/squelettes?post=79413"},{"taxonomy":"sujet","embeddable":true,"href":"https:\/\/www.iemj.org\/es\/wp-json\/wp\/v2\/sujet?post=79413"},{"taxonomy":"formation","embeddable":true,"href":"https:\/\/www.iemj.org\/es\/wp-json\/wp\/v2\/formation?post=79413"},{"taxonomy":"genre","embeddable":true,"href":"https:\/\/www.iemj.org\/es\/wp-json\/wp\/v2\/genre?post=79413"},{"taxonomy":"fonds","embeddable":true,"href":"https:\/\/www.iemj.org\/es\/wp-json\/wp\/v2\/fonds?post=79413"},{"taxonomy":"tradition","embeddable":true,"href":"https:\/\/www.iemj.org\/es\/wp-json\/wp\/v2\/tradition?post=79413"},{"taxonomy":"type-de-contenu","embeddable":true,"href":"https:\/\/www.iemj.org\/es\/wp-json\/wp\/v2\/type-de-contenu?post=79413"},{"taxonomy":"interprete-compositeur","embeddable":true,"href":"https:\/\/www.iemj.org\/es\/wp-json\/wp\/v2\/interprete-compositeur?post=79413"},{"taxonomy":"frise","embeddable":true,"href":"https:\/\/www.iemj.org\/es\/wp-json\/wp\/v2\/frise?post=79413"},{"taxonomy":"type-devenement","embeddable":true,"href":"https:\/\/www.iemj.org\/es\/wp-json\/wp\/v2\/type-devenement?post=79413"},{"taxonomy":"tableaux-liens-externes","embeddable":true,"href":"https:\/\/www.iemj.org\/es\/wp-json\/wp\/v2\/tableaux-liens-externes?post=79413"}],"curies":[{"name":"wp","href":"https:\/\/api.w.org\/{rel}","templated":true}]}}