{"id":80251,"date":"2021-12-07T15:20:29","date_gmt":"2021-12-07T14:20:29","guid":{"rendered":"https:\/\/www.iemj.org\/elmaghribi-samy-1922-2008\/"},"modified":"2024-01-29T17:04:57","modified_gmt":"2024-01-29T16:04:57","slug":"elmaghribi-samy-1922-2008","status":"publish","type":"post","link":"https:\/\/www.iemj.org\/es\/elmaghribi-samy-1922-2008\/","title":{"rendered":"Elmaghribi, Samy (1922 &#8211; 2008)"},"content":{"rendered":"<p>Samy Elmaghribi, cuyo nombre de nacimiento es Salomon Amzallag, naci\u00f3 el 19 de abril de 1922 en Safi (Marruecos), un d\u00eda bastante simb\u00f3lico, como le confi\u00f3 a un periodista canadiense: \u00abNac\u00ed bajo el signo del canto, el s\u00e9ptimo d\u00eda de P\u00e9saj, el d\u00eda en que el pueblo jud\u00edo sali\u00f3 de Egipto. Seg\u00fan la tradici\u00f3n judeo-sefard\u00ed, Moshe Rabbenu cant\u00f3 cuando los hebreos cruzaron el Mar Rojo. Al octavo d\u00eda de mi nacimiento, mi padre invit\u00f3 a las Shikhat, cantantes femeninas, a tararear melod\u00edas populares cerca de mi cuna\u00bb.<\/p>\n<p>Salom\u00f3n es el menor de los tres hijos de Farha y Amram Amzallag. En 1926 la familia se traslad\u00f3 a Rabat, y el joven Samy se interes\u00f3 r\u00e1pidamente por la m\u00fasica \u00e1rabe-andalus\u00ed.<\/p>\n<p class=\"Standard\"><span lang=\"ES\">Se cuenta que a los 7 a\u00f1os, se hizo una mandolina con los hilos de lino que recog\u00eda en el taller de su padre. Aprendi\u00f3 a tocar el oud por su cuenta y empez\u00f3 a frecuentar a los m\u00fasicos del barrio jud\u00edo de Rabat y a cantar en la sinagoga y en las fiestas familiares.<\/span><\/p>\n<p>A los 14 a\u00f1os, cuando su madre muri\u00f3, Samy y su familia se trasladaron a Sal\u00e9. Primero estudi\u00f3 en la Alianza Israelita y luego perfeccion\u00f3 su arte musical en el Conservatorio de Casablanca. A los 20 a\u00f1os, dej\u00f3 finalmente su trabajo como gerente de ventas para dedicarse \u00fanicamente al canto y a la m\u00fasica.<\/p>\n<p><img fetchpriority=\"high\" decoding=\"async\" class=\"wp-image-74023 alignright\" src=\"https:\/\/www.iemj.org\/wp-content\/uploads\/2021\/12\/I_393_B.jpg\" alt=\"\" width=\"221\" height=\"232\" srcset=\"https:\/\/www.iemj.org\/wp-content\/uploads\/2021\/12\/I_393_B.jpg 334w, https:\/\/www.iemj.org\/wp-content\/uploads\/2021\/12\/I_393_B-286x300.jpg 286w\" sizes=\"(max-width: 221px) 100vw, 221px\" \/>En 1948, su primer \u00e9xito Loukane Elmlayin (Ah, si j&#8217;\u00e9tais millionnaire) le impuls\u00f3 a Par\u00eds, donde realiz\u00f3 su primera grabaci\u00f3n para Path\u00e9 Marconi.<\/p>\n<p>En 1950, de vuelta a Marruecos, toc\u00f3 con su orquesta Los chicos de Samy.<\/p>\n<p>Salomon Amzallag, cuya fama crec\u00eda en Marruecos, se traslad\u00f3 a Casablanca y adopt\u00f3 su nombre art\u00edstico Samy Elmaghribi, Samy le Maghr\u00e9bin. Cre\u00f3 su propia compa\u00f1\u00eda discogr\u00e1fica, <a href=\"https:\/\/www.iemj.org\/es\/le-label-samyphone\/\" target=\"_blank\" rel=\"noopener\">Samyphone<\/a>, despu\u00e9s de haber sido publicado durante mucho tiempo por Path\u00e9.<\/p>\n<p>Entre 1942 y 1964, Samy Elmaghribi compuso un repertorio de canciones que se hizo popular en todo el Magreb. Influido por Salim Halali, cuya voz admiraba, retom\u00f3 los cantos tradicionales, especialmente los antiguos qassidat de Sidi Qaddour Al &#8216;Alami, Sheikh Bouazza, Bensliman y otros grandes tenores de la poes\u00eda malhoun. Por otro lado, compuso m\u00fasica popular con influencias tradicionales, basada en los motivos del Malhoun o el Hawzi.<\/p>\n<p>Realiz\u00f3 numerosas giras, especialmente en Argelia, donde actu\u00f3 con la orquesta sinf\u00f3nica de Radio Argel.<\/p>\n<p>En 1960, emigr\u00f3 a Canad\u00e1. En esa \u00e9poca, la comunidad sefard\u00ed de origen marroqu\u00ed crec\u00eda en Montreal y en 1967 Samy Elmaghribi se convirti\u00f3 en el primer hazan (cantor) de la sinagoga hispano-portuguesa Shearith Israel. All\u00ed ofici\u00f3 durante 16 a\u00f1os.<\/p>\n<p><img decoding=\"async\" class=\"wp-image-74028 alignleft\" src=\"https:\/\/www.iemj.org\/wp-content\/uploads\/2021\/12\/I_393_C.jpg\" alt=\"\" width=\"216\" height=\"222\" srcset=\"https:\/\/www.iemj.org\/wp-content\/uploads\/2021\/12\/I_393_C.jpg 341w, https:\/\/www.iemj.org\/wp-content\/uploads\/2021\/12\/I_393_C-292x300.jpg 292w\" sizes=\"(max-width: 216px) 100vw, 216px\" \/>En 1984, dej\u00f3 Montreal y se traslad\u00f3 a Ashdod (Israel). All\u00ed fund\u00f3 el <strong>Merkaz Piyyout Veshira<\/strong>, un centro de m\u00fasica sefard\u00ed en el que imparti\u00f3 clases como director de educaci\u00f3n de 1988 a 1994 y dirigi\u00f3 un coro de estudiantes que luego se convirti\u00f3 en la Orquesta Andaluza de Israel. El 27 de abril de 2005, Samy Elmaghribi particip\u00f3 en un concierto de homenaje a su carrera como cantante y profesor. El acto, celebrado en el Teatro de la \u00d3pera de Tel Aviv, marc\u00f3 tambi\u00e9n el d\u00e9cimo aniversario de la <strong>Orquesta Andaluza de Israel<\/strong>.<\/p>\n<p>En 1996 regres\u00f3 a Montreal, pero sigui\u00f3 viajando por el mundo y particip\u00f3 en muchos eventos musicales importantes, como el Festival de la Canci\u00f3n de Gharnati en Rabat y Oujda (1999) y el Festival \u00c1rabe-Andaluz de la UNESCO en Par\u00eds (2000). En 2006, particip\u00f3 como invitado en el popular programa de televisi\u00f3n Shada al alhan, cuya grabaci\u00f3n se hizo viral en YouTube.<\/p>\n<p>En Estados Unidos, trabaj\u00f3 durante un tiempo como cantor de la sinagoga sefard\u00ed Beit Yosef de Nueva Jersey, y ense\u00f1\u00f3 liturgia sefard\u00ed en la Universidad Yeshiva de Nueva York, entre otros lugares.<\/p>\n<p>Muri\u00f3 el 9 de marzo de 2008 en Montreal.<\/p>\n<p><strong>UN GENIO DE LA M\u00daSICA<\/strong><br \/>Samy Elmaghribi ha conseguido unificar tradici\u00f3n y modernidad, lo profano y lo sagrado, la cultura jud\u00eda y la cultura musulmana.<\/p>\n<p><img decoding=\"async\" class=\"alignright wp-image-74033 \" src=\"https:\/\/www.iemj.org\/wp-content\/uploads\/2021\/12\/I_397.jpg\" alt=\"\" width=\"185\" height=\"258\" srcset=\"https:\/\/www.iemj.org\/wp-content\/uploads\/2021\/12\/I_397.jpg 251w, https:\/\/www.iemj.org\/wp-content\/uploads\/2021\/12\/I_397-215x300.jpg 215w\" sizes=\"(max-width: 185px) 100vw, 185px\" \/>Su m\u00fasica integra la quintaesencia del patrimonio musical judeo-marroqu\u00ed y andaluz. Era un m\u00fasico \u00fanico que dominaba perfectamente el hebreo y el \u00e1rabe cl\u00e1sico. Fue el primero en transcribir la m\u00fasica andaluza. Estudi\u00f3 el repertorio para formar a los mel\u00f3manos en la tradici\u00f3n de la poes\u00eda cantada judeo-marroqu\u00ed, el piyutim, el malhoun y el matrouz, las noubas gharnati, el mou&#8217;al marroqu\u00ed, el cha&#8217;\u00e2bi argelino y el hawzi.<\/p>\n<p>Dominaba y combinaba armoniosamente cuatro g\u00e9neros: la canci\u00f3n popular marroqu\u00ed antigua y moderna, la canci\u00f3n cl\u00e1sica andaluza y la canci\u00f3n lit\u00fargica, a la que integr\u00f3 melod\u00edas de Turqu\u00eda y Europa Central.<\/p>\n<p>Sigui\u00f3 el camino ya abierto por otros antes que \u00e9l a principios del siglo XX, especialmente por <strong>Edmond-Nathan Yafil<\/strong>, que public\u00f3 su <em>Diwan El Aghani Min Kalam El Andalous<\/em> en 1905, y por <strong>David Iflah<\/strong>, considerado el \u00abdecano\u00bb de la m\u00fasica andalus\u00ed, y respetado por sus pares jud\u00edos y musulmanes.<\/p>\n<p>Sin embargo, a diferencia de los que le precedieron, aplic\u00f3 su arte de forma sistem\u00e1tica experimentando y grabando m\u00fasica en cada uno de los g\u00e9neros que componen el repertorio musical judeo-\u00e1rabe-andaluz. Su genio resid\u00eda en su capacidad para extraer del vasto opus musical de las once <em>noubas<\/em> de la m\u00fasica andaluza cuando quer\u00eda componer nuevas melod\u00edas. Su profundo conocimiento de los cinco movimientos de cada una de las nubas le permiti\u00f3 extraer melod\u00edas f\u00e1ciles de interpretar tanto en entornos religiosos como profanos.<\/p>\n<p>Gracias a sus conocimientos musicales enciclop\u00e9dicos, pod\u00eda discernir f\u00e1cilmente los matices entre la m\u00fasica cl\u00e1sica andaluza y el g\u00e9nero <em>gharnati<\/em>.<\/p>\n<p>Samy viaj\u00f3 a Argel en los a\u00f1os 50 para escuchar a los grandes maestros, como <strong>Dahman Ben Achoure<\/strong> o <strong>Reinette l&#8217;Oranaise<\/strong>, y absorber las tonalidades \u00fanicas de la interpretaci\u00f3n argelina de la m\u00fasica gharnatie. M\u00e1s tarde se inspirar\u00e1 en esta forma de m\u00fasica no orquestal para dirigir oficios en las grandes sinagogas de Casablanca, Par\u00eds, Jerusal\u00e9n y Montreal. Sus interpretaciones del Kol Nidre son famosas por su fuerza y su finura de entonaci\u00f3n. \u00abNunca un jud\u00edo <img loading=\"lazy\" decoding=\"async\" class=\"alignleft wp-image-74034\" src=\"https:\/\/www.iemj.org\/wp-content\/uploads\/2021\/12\/I_398-e1643991124527.jpg\" alt=\"\" width=\"296\" height=\"200\" \/>magreb\u00ed ha tenido tanta influencia en un repertorio musical percibido como dominio exclusivo de los \u00e1rabes. (Avraham Elarar, Presidente de la Fundaci\u00f3n Orquesta Andaluza de Israel).<\/p>\n<p>Su interpretaci\u00f3n de las canciones populares, las <em>qassidat<\/em>, y su estilo reconocible de canto han permanecido para siempre en el coraz\u00f3n de una comunidad dispersa por todo el mundo, e incluso en el de las nuevas generaciones que tararean sus melod\u00edas, aunque no siempre entiendan la letra y el significado.<\/p>\n<p>Samy ha conseguido unificar a los jud\u00edos y a los musulmanes a trav\u00e9s del amor a la canci\u00f3n, y ha contribuido as\u00ed a la visi\u00f3n de la paz en el futuro.<\/p>\n<p><strong>Fuentes:<\/strong><\/p>\n<ul>\n<li><a href=\"http:\/\/www.rachelnet.net\/F?func=find-c&amp;ccl_term=WCC+%3D+A_1873&amp;local_base=iemcg\" target=\"_blank\" rel=\"noopener\">\u201cHommage \u00e0 Salomon Amzallag Z\u2019L, interpr\u00e8te et, auteur-compositeur, musicien et cantor\u201d<\/a> (recopilaci\u00f3n de testimonios y art\u00edculos despu\u00e9s de su muerte. Archivo: A_1873)<\/li>\n<li><a href=\"https:\/\/www.lemonde.fr\/disparitions\/article\/2008\/03\/29\/samy-al-maghribi-le-chanteur-de-l-emotion_1028788_3382.html\" target=\"_blank\" rel=\"noopener\">Samy Al-Maghribi, \u201cle chanteur de l\u2019\u00e9motion\u201d <\/a>Le monde, 29 de marzo de 2008<\/li>\n<li><a href=\"http:\/\/juifdumaroc.over-blog.com\/2017\/11\/portrait-de-mr-samy-el-maghribi.html\" target=\"_blank\" rel=\"noopener\">Portrait de Mr Samy El Maghribi, Juif du Maroc<\/a><\/li>\n<li><a href=\"https:\/\/fr.calameo.com\/books\/00550150899495a93d4ab\" target=\"_blank\" rel=\"noopener\">Cantor Salomon Amzalag \u2013 Samy El Maghribi<\/a><\/li>\n<\/ul>\n<h3>\u00a0<\/h3>\n<h3 style=\"padding-left: 40px;\"><a href=\"https:\/\/www.iemj.org\/es\/samy-elmaghribi\/\" target=\"_blank\" rel=\"noopener\">Escuchar la lista de reproducci\u00f3n dedicada a Samy Elmaghribi<\/a><\/h3>\n<h3>\u00a0<\/h3>\n<h3 style=\"padding-left: 40px;\"><a href=\"http:\/\/www.rachelnet.net\/F\/?func=find-c&amp;ccl_term=WRD+%3D+Samy+Elmaghribi&amp;local_base=iemcg\" target=\"_blank\" rel=\"noopener\">Consultar nuestros archivos sobre Samy Elmaghribi<\/a><\/h3>\n\n\n<figure class=\"wp-block-video\"><video controls poster=\"https:\/\/www.iemj.org\/wp-content\/uploads\/2021\/12\/Capture-video-Elmaghribi.jpg\" src=\"https:\/\/www.iemj.org\/wp-content\/uploads\/2021\/12\/V_230B_EX.m4v\"><\/video><figcaption class=\"wp-element-caption\"><strong>Vea un extracto de v\u00eddeo con Samy Elmaghribi y Reinette l&#8217;Oranaise, v\u00eddeo de nuestras colecciones<\/strong><\/figcaption><\/figure>\n\n\n<h3>&nbsp;<\/h3>\n<\/p>","protected":false},"excerpt":{"rendered":"<p>Samy Elmaghribi, cuyo nombre de nacimiento es Salomon Amzallag, naci\u00f3 el 19 de abril de 1922 en Safi (Marruecos), un d\u00eda bastante simb\u00f3lico, como le confi\u00f3 a un periodista canadiense:<\/p>\n","protected":false},"author":1052,"featured_media":74045,"comment_status":"closed","ping_status":"closed","sticky":false,"template":"","format":"standard","meta":{"_acf_changed":false,"footnotes":""},"categories":[1417],"tags":[],"technique":[],"squelettes":[],"sujet":[],"formation":[],"genre":[],"fonds":[],"tradition":[],"type-de-contenu":[],"interprete-compositeur":[],"frise":[],"type-devenement":[],"tableaux-liens-externes":[],"class_list":["post-80251","post","type-post","status-publish","format-standard","has-post-thumbnail","hentry","category-biografias-es"],"acf":[],"yoast_head":"<!-- This site is optimized with the Yoast SEO plugin v27.3 - https:\/\/yoast.com\/product\/yoast-seo-wordpress\/ -->\n<title>Elmaghribi, Samy (1922 - 2008) - Institut Europ\u00e9en des Musiques Juives<\/title>\n<meta name=\"robots\" content=\"index, follow, max-snippet:-1, max-image-preview:large, max-video-preview:-1\" \/>\n<link rel=\"canonical\" href=\"https:\/\/www.iemj.org\/es\/elmaghribi-samy-1922-2008\/\" \/>\n<meta property=\"og:locale\" content=\"es_ES\" \/>\n<meta property=\"og:type\" content=\"article\" \/>\n<meta property=\"og:title\" content=\"Elmaghribi, Samy (1922 - 2008) - Institut Europ\u00e9en des Musiques Juives\" \/>\n<meta property=\"og:description\" content=\"Samy Elmaghribi, cuyo nombre de nacimiento es Salomon Amzallag, naci\u00f3 el 19 de abril de 1922 en Safi (Marruecos), un d\u00eda bastante simb\u00f3lico, como le confi\u00f3 a un periodista canadiense:\" \/>\n<meta property=\"og:url\" content=\"https:\/\/www.iemj.org\/es\/elmaghribi-samy-1922-2008\/\" \/>\n<meta property=\"og:site_name\" content=\"Institut Europ\u00e9en des Musiques Juives\" \/>\n<meta property=\"article:publisher\" content=\"https:\/\/www.facebook.com\/MusiquesJuives\/\" \/>\n<meta property=\"article:published_time\" content=\"2021-12-07T14:20:29+00:00\" \/>\n<meta property=\"article:modified_time\" content=\"2024-01-29T16:04:57+00:00\" \/>\n<meta property=\"og:image\" content=\"https:\/\/www.iemj.org\/wp-content\/uploads\/2021\/12\/Logo-Elmaghribi-e1643998821994.jpg\" \/>\n\t<meta property=\"og:image:width\" content=\"173\" \/>\n\t<meta property=\"og:image:height\" content=\"218\" \/>\n\t<meta property=\"og:image:type\" content=\"image\/jpeg\" \/>\n<meta name=\"author\" content=\"Lea Couderc\" \/>\n<meta name=\"twitter:card\" content=\"summary_large_image\" \/>\n<meta name=\"twitter:label1\" content=\"Escrito por\" \/>\n\t<meta name=\"twitter:data1\" content=\"Lea Couderc\" \/>\n\t<meta name=\"twitter:label2\" content=\"Tiempo de lectura\" \/>\n\t<meta name=\"twitter:data2\" content=\"7 minutos\" \/>\n<script type=\"application\/ld+json\" class=\"yoast-schema-graph\">{\"@context\":\"https:\\\/\\\/schema.org\",\"@graph\":[{\"@type\":\"Article\",\"@id\":\"https:\\\/\\\/www.iemj.org\\\/es\\\/elmaghribi-samy-1922-2008\\\/#article\",\"isPartOf\":{\"@id\":\"https:\\\/\\\/www.iemj.org\\\/es\\\/elmaghribi-samy-1922-2008\\\/\"},\"author\":{\"name\":\"Lea Couderc\",\"@id\":\"https:\\\/\\\/www.iemj.org\\\/es\\\/#\\\/schema\\\/person\\\/e2ad57f2c4be119c7ed8ab79036807a9\"},\"headline\":\"Elmaghribi, Samy (1922 &#8211; 2008)\",\"datePublished\":\"2021-12-07T14:20:29+00:00\",\"dateModified\":\"2024-01-29T16:04:57+00:00\",\"mainEntityOfPage\":{\"@id\":\"https:\\\/\\\/www.iemj.org\\\/es\\\/elmaghribi-samy-1922-2008\\\/\"},\"wordCount\":1245,\"publisher\":{\"@id\":\"https:\\\/\\\/www.iemj.org\\\/es\\\/#organization\"},\"image\":{\"@id\":\"https:\\\/\\\/www.iemj.org\\\/es\\\/elmaghribi-samy-1922-2008\\\/#primaryimage\"},\"thumbnailUrl\":\"https:\\\/\\\/www.iemj.org\\\/wp-content\\\/uploads\\\/2021\\\/12\\\/Logo-Elmaghribi-e1643998821994.jpg\",\"articleSection\":[\"Biograf\u00edas\"],\"inLanguage\":\"es\"},{\"@type\":\"WebPage\",\"@id\":\"https:\\\/\\\/www.iemj.org\\\/es\\\/elmaghribi-samy-1922-2008\\\/\",\"url\":\"https:\\\/\\\/www.iemj.org\\\/es\\\/elmaghribi-samy-1922-2008\\\/\",\"name\":\"Elmaghribi, Samy (1922 - 2008) - Institut Europ\u00e9en des Musiques Juives\",\"isPartOf\":{\"@id\":\"https:\\\/\\\/www.iemj.org\\\/es\\\/#website\"},\"primaryImageOfPage\":{\"@id\":\"https:\\\/\\\/www.iemj.org\\\/es\\\/elmaghribi-samy-1922-2008\\\/#primaryimage\"},\"image\":{\"@id\":\"https:\\\/\\\/www.iemj.org\\\/es\\\/elmaghribi-samy-1922-2008\\\/#primaryimage\"},\"thumbnailUrl\":\"https:\\\/\\\/www.iemj.org\\\/wp-content\\\/uploads\\\/2021\\\/12\\\/Logo-Elmaghribi-e1643998821994.jpg\",\"datePublished\":\"2021-12-07T14:20:29+00:00\",\"dateModified\":\"2024-01-29T16:04:57+00:00\",\"breadcrumb\":{\"@id\":\"https:\\\/\\\/www.iemj.org\\\/es\\\/elmaghribi-samy-1922-2008\\\/#breadcrumb\"},\"inLanguage\":\"es\",\"potentialAction\":[{\"@type\":\"ReadAction\",\"target\":[\"https:\\\/\\\/www.iemj.org\\\/es\\\/elmaghribi-samy-1922-2008\\\/\"]}]},{\"@type\":\"ImageObject\",\"inLanguage\":\"es\",\"@id\":\"https:\\\/\\\/www.iemj.org\\\/es\\\/elmaghribi-samy-1922-2008\\\/#primaryimage\",\"url\":\"https:\\\/\\\/www.iemj.org\\\/wp-content\\\/uploads\\\/2021\\\/12\\\/Logo-Elmaghribi-e1643998821994.jpg\",\"contentUrl\":\"https:\\\/\\\/www.iemj.org\\\/wp-content\\\/uploads\\\/2021\\\/12\\\/Logo-Elmaghribi-e1643998821994.jpg\",\"width\":173,\"height\":218},{\"@type\":\"BreadcrumbList\",\"@id\":\"https:\\\/\\\/www.iemj.org\\\/es\\\/elmaghribi-samy-1922-2008\\\/#breadcrumb\",\"itemListElement\":[{\"@type\":\"ListItem\",\"position\":1,\"name\":\"Accueil\",\"item\":\"https:\\\/\\\/www.iemj.org\\\/es\\\/\"},{\"@type\":\"ListItem\",\"position\":2,\"name\":\"Elmaghribi, Samy (1922 &#8211; 2008)\"}]},{\"@type\":\"WebSite\",\"@id\":\"https:\\\/\\\/www.iemj.org\\\/es\\\/#website\",\"url\":\"https:\\\/\\\/www.iemj.org\\\/es\\\/\",\"name\":\"Institut Europ\u00e9en des Musiques Juives\",\"description\":\"Des traditions musicales \u00e0 la port\u00e9e de tous\",\"publisher\":{\"@id\":\"https:\\\/\\\/www.iemj.org\\\/es\\\/#organization\"},\"potentialAction\":[{\"@type\":\"SearchAction\",\"target\":{\"@type\":\"EntryPoint\",\"urlTemplate\":\"https:\\\/\\\/www.iemj.org\\\/es\\\/?s={search_term_string}\"},\"query-input\":{\"@type\":\"PropertyValueSpecification\",\"valueRequired\":true,\"valueName\":\"search_term_string\"}}],\"inLanguage\":\"es\"},{\"@type\":\"Organization\",\"@id\":\"https:\\\/\\\/www.iemj.org\\\/es\\\/#organization\",\"name\":\"Institut Europ\u00e9en des Musiques Juives\",\"url\":\"https:\\\/\\\/www.iemj.org\\\/es\\\/\",\"logo\":{\"@type\":\"ImageObject\",\"inLanguage\":\"es\",\"@id\":\"https:\\\/\\\/www.iemj.org\\\/es\\\/#\\\/schema\\\/logo\\\/image\\\/\",\"url\":\"https:\\\/\\\/www.iemj.org\\\/wp-content\\\/uploads\\\/2021\\\/09\\\/Logo-IEMJ-Paypal.jpg\",\"contentUrl\":\"https:\\\/\\\/www.iemj.org\\\/wp-content\\\/uploads\\\/2021\\\/09\\\/Logo-IEMJ-Paypal.jpg\",\"width\":150,\"height\":50,\"caption\":\"Institut Europ\u00e9en des Musiques Juives\"},\"image\":{\"@id\":\"https:\\\/\\\/www.iemj.org\\\/es\\\/#\\\/schema\\\/logo\\\/image\\\/\"},\"sameAs\":[\"https:\\\/\\\/www.facebook.com\\\/MusiquesJuives\\\/\",\"https:\\\/\\\/www.instagram.com\\\/musiquesjuives\\\/\",\"https:\\\/\\\/www.youtube.com\\\/user\\\/musiquesjuives\"]},{\"@type\":\"Person\",\"@id\":\"https:\\\/\\\/www.iemj.org\\\/es\\\/#\\\/schema\\\/person\\\/e2ad57f2c4be119c7ed8ab79036807a9\",\"name\":\"Lea Couderc\",\"image\":{\"@type\":\"ImageObject\",\"inLanguage\":\"es\",\"@id\":\"https:\\\/\\\/secure.gravatar.com\\\/avatar\\\/46ee021475d60aeff17a7e490b79dea5a5684bb392ab7fd1494027411df8ba23?s=96&d=mm&r=g\",\"url\":\"https:\\\/\\\/secure.gravatar.com\\\/avatar\\\/46ee021475d60aeff17a7e490b79dea5a5684bb392ab7fd1494027411df8ba23?s=96&d=mm&r=g\",\"contentUrl\":\"https:\\\/\\\/secure.gravatar.com\\\/avatar\\\/46ee021475d60aeff17a7e490b79dea5a5684bb392ab7fd1494027411df8ba23?s=96&d=mm&r=g\",\"caption\":\"Lea Couderc\"}}]}<\/script>\n<!-- \/ Yoast SEO plugin. -->","yoast_head_json":{"title":"Elmaghribi, Samy (1922 - 2008) - Institut Europ\u00e9en des Musiques Juives","robots":{"index":"index","follow":"follow","max-snippet":"max-snippet:-1","max-image-preview":"max-image-preview:large","max-video-preview":"max-video-preview:-1"},"canonical":"https:\/\/www.iemj.org\/es\/elmaghribi-samy-1922-2008\/","og_locale":"es_ES","og_type":"article","og_title":"Elmaghribi, Samy (1922 - 2008) - Institut Europ\u00e9en des Musiques Juives","og_description":"Samy Elmaghribi, cuyo nombre de nacimiento es Salomon Amzallag, naci\u00f3 el 19 de abril de 1922 en Safi (Marruecos), un d\u00eda bastante simb\u00f3lico, como le confi\u00f3 a un periodista canadiense:","og_url":"https:\/\/www.iemj.org\/es\/elmaghribi-samy-1922-2008\/","og_site_name":"Institut Europ\u00e9en des Musiques Juives","article_publisher":"https:\/\/www.facebook.com\/MusiquesJuives\/","article_published_time":"2021-12-07T14:20:29+00:00","article_modified_time":"2024-01-29T16:04:57+00:00","og_image":[{"width":173,"height":218,"url":"https:\/\/www.iemj.org\/wp-content\/uploads\/2021\/12\/Logo-Elmaghribi-e1643998821994.jpg","type":"image\/jpeg"}],"author":"Lea Couderc","twitter_card":"summary_large_image","twitter_misc":{"Escrito por":"Lea Couderc","Tiempo de lectura":"7 minutos"},"schema":{"@context":"https:\/\/schema.org","@graph":[{"@type":"Article","@id":"https:\/\/www.iemj.org\/es\/elmaghribi-samy-1922-2008\/#article","isPartOf":{"@id":"https:\/\/www.iemj.org\/es\/elmaghribi-samy-1922-2008\/"},"author":{"name":"Lea Couderc","@id":"https:\/\/www.iemj.org\/es\/#\/schema\/person\/e2ad57f2c4be119c7ed8ab79036807a9"},"headline":"Elmaghribi, Samy (1922 &#8211; 2008)","datePublished":"2021-12-07T14:20:29+00:00","dateModified":"2024-01-29T16:04:57+00:00","mainEntityOfPage":{"@id":"https:\/\/www.iemj.org\/es\/elmaghribi-samy-1922-2008\/"},"wordCount":1245,"publisher":{"@id":"https:\/\/www.iemj.org\/es\/#organization"},"image":{"@id":"https:\/\/www.iemj.org\/es\/elmaghribi-samy-1922-2008\/#primaryimage"},"thumbnailUrl":"https:\/\/www.iemj.org\/wp-content\/uploads\/2021\/12\/Logo-Elmaghribi-e1643998821994.jpg","articleSection":["Biograf\u00edas"],"inLanguage":"es"},{"@type":"WebPage","@id":"https:\/\/www.iemj.org\/es\/elmaghribi-samy-1922-2008\/","url":"https:\/\/www.iemj.org\/es\/elmaghribi-samy-1922-2008\/","name":"Elmaghribi, Samy (1922 - 2008) - Institut Europ\u00e9en des Musiques Juives","isPartOf":{"@id":"https:\/\/www.iemj.org\/es\/#website"},"primaryImageOfPage":{"@id":"https:\/\/www.iemj.org\/es\/elmaghribi-samy-1922-2008\/#primaryimage"},"image":{"@id":"https:\/\/www.iemj.org\/es\/elmaghribi-samy-1922-2008\/#primaryimage"},"thumbnailUrl":"https:\/\/www.iemj.org\/wp-content\/uploads\/2021\/12\/Logo-Elmaghribi-e1643998821994.jpg","datePublished":"2021-12-07T14:20:29+00:00","dateModified":"2024-01-29T16:04:57+00:00","breadcrumb":{"@id":"https:\/\/www.iemj.org\/es\/elmaghribi-samy-1922-2008\/#breadcrumb"},"inLanguage":"es","potentialAction":[{"@type":"ReadAction","target":["https:\/\/www.iemj.org\/es\/elmaghribi-samy-1922-2008\/"]}]},{"@type":"ImageObject","inLanguage":"es","@id":"https:\/\/www.iemj.org\/es\/elmaghribi-samy-1922-2008\/#primaryimage","url":"https:\/\/www.iemj.org\/wp-content\/uploads\/2021\/12\/Logo-Elmaghribi-e1643998821994.jpg","contentUrl":"https:\/\/www.iemj.org\/wp-content\/uploads\/2021\/12\/Logo-Elmaghribi-e1643998821994.jpg","width":173,"height":218},{"@type":"BreadcrumbList","@id":"https:\/\/www.iemj.org\/es\/elmaghribi-samy-1922-2008\/#breadcrumb","itemListElement":[{"@type":"ListItem","position":1,"name":"Accueil","item":"https:\/\/www.iemj.org\/es\/"},{"@type":"ListItem","position":2,"name":"Elmaghribi, Samy (1922 &#8211; 2008)"}]},{"@type":"WebSite","@id":"https:\/\/www.iemj.org\/es\/#website","url":"https:\/\/www.iemj.org\/es\/","name":"Institut Europ\u00e9en des Musiques Juives","description":"Des traditions musicales \u00e0 la port\u00e9e de tous","publisher":{"@id":"https:\/\/www.iemj.org\/es\/#organization"},"potentialAction":[{"@type":"SearchAction","target":{"@type":"EntryPoint","urlTemplate":"https:\/\/www.iemj.org\/es\/?s={search_term_string}"},"query-input":{"@type":"PropertyValueSpecification","valueRequired":true,"valueName":"search_term_string"}}],"inLanguage":"es"},{"@type":"Organization","@id":"https:\/\/www.iemj.org\/es\/#organization","name":"Institut Europ\u00e9en des Musiques Juives","url":"https:\/\/www.iemj.org\/es\/","logo":{"@type":"ImageObject","inLanguage":"es","@id":"https:\/\/www.iemj.org\/es\/#\/schema\/logo\/image\/","url":"https:\/\/www.iemj.org\/wp-content\/uploads\/2021\/09\/Logo-IEMJ-Paypal.jpg","contentUrl":"https:\/\/www.iemj.org\/wp-content\/uploads\/2021\/09\/Logo-IEMJ-Paypal.jpg","width":150,"height":50,"caption":"Institut Europ\u00e9en des Musiques Juives"},"image":{"@id":"https:\/\/www.iemj.org\/es\/#\/schema\/logo\/image\/"},"sameAs":["https:\/\/www.facebook.com\/MusiquesJuives\/","https:\/\/www.instagram.com\/musiquesjuives\/","https:\/\/www.youtube.com\/user\/musiquesjuives"]},{"@type":"Person","@id":"https:\/\/www.iemj.org\/es\/#\/schema\/person\/e2ad57f2c4be119c7ed8ab79036807a9","name":"Lea Couderc","image":{"@type":"ImageObject","inLanguage":"es","@id":"https:\/\/secure.gravatar.com\/avatar\/46ee021475d60aeff17a7e490b79dea5a5684bb392ab7fd1494027411df8ba23?s=96&d=mm&r=g","url":"https:\/\/secure.gravatar.com\/avatar\/46ee021475d60aeff17a7e490b79dea5a5684bb392ab7fd1494027411df8ba23?s=96&d=mm&r=g","contentUrl":"https:\/\/secure.gravatar.com\/avatar\/46ee021475d60aeff17a7e490b79dea5a5684bb392ab7fd1494027411df8ba23?s=96&d=mm&r=g","caption":"Lea Couderc"}}]}},"_links":{"self":[{"href":"https:\/\/www.iemj.org\/es\/wp-json\/wp\/v2\/posts\/80251","targetHints":{"allow":["GET"]}}],"collection":[{"href":"https:\/\/www.iemj.org\/es\/wp-json\/wp\/v2\/posts"}],"about":[{"href":"https:\/\/www.iemj.org\/es\/wp-json\/wp\/v2\/types\/post"}],"author":[{"embeddable":true,"href":"https:\/\/www.iemj.org\/es\/wp-json\/wp\/v2\/users\/1052"}],"replies":[{"embeddable":true,"href":"https:\/\/www.iemj.org\/es\/wp-json\/wp\/v2\/comments?post=80251"}],"version-history":[{"count":0,"href":"https:\/\/www.iemj.org\/es\/wp-json\/wp\/v2\/posts\/80251\/revisions"}],"wp:featuredmedia":[{"embeddable":true,"href":"https:\/\/www.iemj.org\/es\/wp-json\/wp\/v2\/media\/74045"}],"wp:attachment":[{"href":"https:\/\/www.iemj.org\/es\/wp-json\/wp\/v2\/media?parent=80251"}],"wp:term":[{"taxonomy":"category","embeddable":true,"href":"https:\/\/www.iemj.org\/es\/wp-json\/wp\/v2\/categories?post=80251"},{"taxonomy":"post_tag","embeddable":true,"href":"https:\/\/www.iemj.org\/es\/wp-json\/wp\/v2\/tags?post=80251"},{"taxonomy":"technique","embeddable":true,"href":"https:\/\/www.iemj.org\/es\/wp-json\/wp\/v2\/technique?post=80251"},{"taxonomy":"squelettes","embeddable":true,"href":"https:\/\/www.iemj.org\/es\/wp-json\/wp\/v2\/squelettes?post=80251"},{"taxonomy":"sujet","embeddable":true,"href":"https:\/\/www.iemj.org\/es\/wp-json\/wp\/v2\/sujet?post=80251"},{"taxonomy":"formation","embeddable":true,"href":"https:\/\/www.iemj.org\/es\/wp-json\/wp\/v2\/formation?post=80251"},{"taxonomy":"genre","embeddable":true,"href":"https:\/\/www.iemj.org\/es\/wp-json\/wp\/v2\/genre?post=80251"},{"taxonomy":"fonds","embeddable":true,"href":"https:\/\/www.iemj.org\/es\/wp-json\/wp\/v2\/fonds?post=80251"},{"taxonomy":"tradition","embeddable":true,"href":"https:\/\/www.iemj.org\/es\/wp-json\/wp\/v2\/tradition?post=80251"},{"taxonomy":"type-de-contenu","embeddable":true,"href":"https:\/\/www.iemj.org\/es\/wp-json\/wp\/v2\/type-de-contenu?post=80251"},{"taxonomy":"interprete-compositeur","embeddable":true,"href":"https:\/\/www.iemj.org\/es\/wp-json\/wp\/v2\/interprete-compositeur?post=80251"},{"taxonomy":"frise","embeddable":true,"href":"https:\/\/www.iemj.org\/es\/wp-json\/wp\/v2\/frise?post=80251"},{"taxonomy":"type-devenement","embeddable":true,"href":"https:\/\/www.iemj.org\/es\/wp-json\/wp\/v2\/type-devenement?post=80251"},{"taxonomy":"tableaux-liens-externes","embeddable":true,"href":"https:\/\/www.iemj.org\/es\/wp-json\/wp\/v2\/tableaux-liens-externes?post=80251"}],"curies":[{"name":"wp","href":"https:\/\/api.w.org\/{rel}","templated":true}]}}