{"id":80299,"date":"2021-12-02T15:17:39","date_gmt":"2021-12-02T14:17:39","guid":{"rendered":"https:\/\/www.iemj.org\/samy-elmaghribi\/"},"modified":"2024-02-15T17:19:01","modified_gmt":"2024-02-15T16:19:01","slug":"samy-elmaghribi","status":"publish","type":"post","link":"https:\/\/www.iemj.org\/es\/samy-elmaghribi\/","title":{"rendered":"Samy Elmaghribi"},"content":{"rendered":"<p>Autor, compositor e int\u00e9rprete de m\u00fasicas inspiradas en la herencia judeo-marroqu\u00ed y andaluza, <a href=\"https:\/\/www.iemj.org\/es\/elmaghribi-samy-1922-2008\/\" target=\"_blank\" rel=\"noopener\"><strong>Samy Elmaghribi<\/strong><\/a> compuso entre 1942 y 1964 un repertorio de canciones populares que se impuso en todo el Magreb. Influido por <a href=\"https:\/\/www.iemj.org\/halali-salim-1920-2005\/\" target=\"_blank\" rel=\"noopener\">Salim Halali<\/a>, cuya voz admiraba, retom\u00f3 los cantos tradicionales, especialmente los antiguos <em>qassidat<\/em> de Sidi Qaddour Al &#8216;Alami, Sheikh Bouazza, Bensliman y otros grandes tenores de la poes\u00eda <em>malhoun<\/em>. Por otro lado, compuso m\u00fasica popular con influencias tradicionales, basada en los motivos del <em>malhoun<\/em> o del <em>hawzi<\/em>.<\/p>\n<p>En 1960 emigr\u00f3 a Canad\u00e1 y en 1967 se convirti\u00f3 en el primer hazan (cantor) de la sinagoga hispano-portuguesa Shearith Israel de Montreal, cargo que ocup\u00f3 durante 16 a\u00f1os.<\/p>\n<p>En 1984 se traslad\u00f3 a Israel y fund\u00f3 el <em>Merkaz Piyyout Veshira<\/em>, un centro de m\u00fasica sefard\u00ed, en el que impart\u00eda clases como director de educaci\u00f3n.<\/p>\n<p>En 1996 regres\u00f3 a Montreal, pero sigui\u00f3 viajando por el mundo y participando en muchos eventos musicales importantes, como el Festival de la Canci\u00f3n de <em>Gharnati<\/em> en Rabat y Oujda (1999) y el Festival \u00c1rabe-Andaluz de la UNESCO en Par\u00eds (2000). Tambi\u00e9n trabaj\u00f3 durante un tiempo como cantor de la sinagoga sefard\u00ed Beit Yosef de Nueva Jersey (EE.UU.), y ense\u00f1\u00f3 liturgia sefard\u00ed, entre otras cosas, en la Universidad Yeshiva de Nueva York.<\/p>\n<p>Muri\u00f3 el 9 de marzo de 2008 en Montreal.<\/p>\n<p>En la lista de reproducci\u00f3n a continuaci\u00f3n, descubra algunas de sus m\u00e1s bellas obras maestras musicales, como Omri <em>Man\u00e8ns\u00e8k Ya Mamma<\/em>, una canci\u00f3n dedicada a las madres, o <em>Kaftanek Mahloul<\/em>, que hizo bailar a generaciones de familias en fiestas o veladas de \u00abcabaret oriental\u00bb. Buen viaje y que disfrutes de la escucha.<\/p>\n\n\n<p>L<a href=\"https:\/\/www.iemj.org\/es\/elmaghribi-samy-1922-2008\/\" target=\"_blank\" rel=\"noreferrer noopener\">eer la biograf\u00eda de Samy Elmaghribi<\/a><\/p>\n\n\n\n<p><a href=\"https:\/\/www.iemj.org\/es\/le-label-samyphone\/\" target=\"_blank\" rel=\"noreferrer noopener\">Ver un v\u00eddeo sobre el sello Samyphone<\/a><\/p>\n\n\n\n<p><a href=\"http:\/\/www.rachelnet.net\/F\/?func=find-c&amp;ccl_term=WRD+%3D+Samy+Elmaghribi+ET+WTY+%3D+31+or+32+or+41+or+42+or+71+or+72+or+C1+or+C2+or+D1+or+D2+or+K1+or+K2+or+R1+or+R2+or+RB+or+SR&amp;local_base=iemcg\" target=\"_blank\" rel=\"noreferrer noopener\">Buscar m\u00e1s grabaciones de Samy Elmaghribi en nuestro cat\u00e1logo en l\u00ednea<\/a><\/p>\n\n\n\n<figure class=\"wp-block-image size-large\"><img fetchpriority=\"high\" decoding=\"async\" width=\"1024\" height=\"146\" src=\"https:\/\/www.iemj.org\/wp-content\/uploads\/2023\/01\/Bandeau-Playlist_ES2-1024x146.jpg\" alt=\"\" class=\"wp-image-93117\" srcset=\"https:\/\/www.iemj.org\/wp-content\/uploads\/2023\/01\/Bandeau-Playlist_ES2-1024x146.jpg 1024w, https:\/\/www.iemj.org\/wp-content\/uploads\/2023\/01\/Bandeau-Playlist_ES2-300x43.jpg 300w, https:\/\/www.iemj.org\/wp-content\/uploads\/2023\/01\/Bandeau-Playlist_ES2-768x110.jpg 768w, https:\/\/www.iemj.org\/wp-content\/uploads\/2023\/01\/Bandeau-Playlist_ES2-1536x220.jpg 1536w, https:\/\/www.iemj.org\/wp-content\/uploads\/2023\/01\/Bandeau-Playlist_ES2-600x86.jpg 600w, https:\/\/www.iemj.org\/wp-content\/uploads\/2023\/01\/Bandeau-Playlist_ES2.jpg 1608w\" sizes=\"(max-width: 1024px) 100vw, 1024px\" \/><\/figure>\n","protected":false},"excerpt":{"rendered":"<p>Autor, compositor e int\u00e9rprete de m\u00fasicas inspiradas en la herencia judeo-marroqu\u00ed y andaluza, Samy Elmaghribi compuso entre 1942 y 1964 un repertorio de canciones populares que se impuso en todo<\/p>\n","protected":false},"author":1927,"featured_media":72598,"comment_status":"closed","ping_status":"closed","sticky":false,"template":"","format":"standard","meta":{"_acf_changed":false,"footnotes":""},"categories":[1526,1535],"tags":[],"technique":[],"squelettes":[],"sujet":[],"formation":[],"genre":[],"fonds":[],"tradition":[],"type-de-contenu":[],"interprete-compositeur":[],"frise":[],"type-devenement":[],"tableaux-liens-externes":[],"class_list":["post-80299","post","type-post","status-publish","format-standard","has-post-thumbnail","hentry","category-escuchar-ver-es","category-listas-de-reproduccion-es"],"acf":[],"yoast_head":"<!-- This site is optimized with the Yoast SEO plugin v27.3 - https:\/\/yoast.com\/product\/yoast-seo-wordpress\/ -->\n<title>Samy Elmaghribi - Institut Europ\u00e9en des Musiques Juives<\/title>\n<meta name=\"robots\" content=\"index, follow, max-snippet:-1, max-image-preview:large, max-video-preview:-1\" \/>\n<link rel=\"canonical\" href=\"https:\/\/www.iemj.org\/es\/samy-elmaghribi\/\" \/>\n<meta property=\"og:locale\" content=\"es_ES\" \/>\n<meta property=\"og:type\" content=\"article\" \/>\n<meta property=\"og:title\" content=\"Samy Elmaghribi - Institut Europ\u00e9en des Musiques Juives\" \/>\n<meta property=\"og:description\" content=\"Autor, compositor e int\u00e9rprete de m\u00fasicas inspiradas en la herencia judeo-marroqu\u00ed y andaluza, Samy Elmaghribi compuso entre 1942 y 1964 un repertorio de canciones populares que se impuso en todo\" \/>\n<meta property=\"og:url\" content=\"https:\/\/www.iemj.org\/es\/samy-elmaghribi\/\" \/>\n<meta property=\"og:site_name\" content=\"Institut Europ\u00e9en des Musiques Juives\" \/>\n<meta property=\"article:publisher\" content=\"https:\/\/www.facebook.com\/MusiquesJuives\/\" \/>\n<meta property=\"article:published_time\" content=\"2021-12-02T14:17:39+00:00\" \/>\n<meta property=\"article:modified_time\" content=\"2024-02-15T16:19:01+00:00\" \/>\n<meta property=\"og:image\" content=\"https:\/\/www.iemj.org\/wp-content\/uploads\/2021\/11\/Logo-Samy.jpg\" \/>\n\t<meta property=\"og:image:width\" content=\"350\" \/>\n\t<meta property=\"og:image:height\" content=\"350\" \/>\n\t<meta property=\"og:image:type\" content=\"image\/jpeg\" \/>\n<meta name=\"author\" content=\"Avner Azoulay\" \/>\n<meta name=\"twitter:card\" content=\"summary_large_image\" \/>\n<meta name=\"twitter:label1\" content=\"Escrito por\" \/>\n\t<meta name=\"twitter:data1\" content=\"Avner Azoulay\" \/>\n\t<meta name=\"twitter:label2\" content=\"Tiempo de lectura\" \/>\n\t<meta name=\"twitter:data2\" content=\"2 minutos\" \/>\n<script type=\"application\/ld+json\" class=\"yoast-schema-graph\">{\"@context\":\"https:\\\/\\\/schema.org\",\"@graph\":[{\"@type\":\"Article\",\"@id\":\"https:\\\/\\\/www.iemj.org\\\/es\\\/samy-elmaghribi\\\/#article\",\"isPartOf\":{\"@id\":\"https:\\\/\\\/www.iemj.org\\\/es\\\/samy-elmaghribi\\\/\"},\"author\":{\"name\":\"Avner Azoulay\",\"@id\":\"https:\\\/\\\/www.iemj.org\\\/es\\\/#\\\/schema\\\/person\\\/a58cd365d504c8b7ff85749e8bdb460f\"},\"headline\":\"Samy Elmaghribi\",\"datePublished\":\"2021-12-02T14:17:39+00:00\",\"dateModified\":\"2024-02-15T16:19:01+00:00\",\"mainEntityOfPage\":{\"@id\":\"https:\\\/\\\/www.iemj.org\\\/es\\\/samy-elmaghribi\\\/\"},\"wordCount\":307,\"publisher\":{\"@id\":\"https:\\\/\\\/www.iemj.org\\\/es\\\/#organization\"},\"image\":{\"@id\":\"https:\\\/\\\/www.iemj.org\\\/es\\\/samy-elmaghribi\\\/#primaryimage\"},\"thumbnailUrl\":\"https:\\\/\\\/www.iemj.org\\\/wp-content\\\/uploads\\\/2021\\\/11\\\/Logo-Samy.jpg\",\"articleSection\":[\"Escuchar \\\/ Ver\",\"Listas de reproducci\u00f3n\"],\"inLanguage\":\"es\"},{\"@type\":\"WebPage\",\"@id\":\"https:\\\/\\\/www.iemj.org\\\/es\\\/samy-elmaghribi\\\/\",\"url\":\"https:\\\/\\\/www.iemj.org\\\/es\\\/samy-elmaghribi\\\/\",\"name\":\"Samy Elmaghribi - Institut Europ\u00e9en des Musiques Juives\",\"isPartOf\":{\"@id\":\"https:\\\/\\\/www.iemj.org\\\/es\\\/#website\"},\"primaryImageOfPage\":{\"@id\":\"https:\\\/\\\/www.iemj.org\\\/es\\\/samy-elmaghribi\\\/#primaryimage\"},\"image\":{\"@id\":\"https:\\\/\\\/www.iemj.org\\\/es\\\/samy-elmaghribi\\\/#primaryimage\"},\"thumbnailUrl\":\"https:\\\/\\\/www.iemj.org\\\/wp-content\\\/uploads\\\/2021\\\/11\\\/Logo-Samy.jpg\",\"datePublished\":\"2021-12-02T14:17:39+00:00\",\"dateModified\":\"2024-02-15T16:19:01+00:00\",\"breadcrumb\":{\"@id\":\"https:\\\/\\\/www.iemj.org\\\/es\\\/samy-elmaghribi\\\/#breadcrumb\"},\"inLanguage\":\"es\",\"potentialAction\":[{\"@type\":\"ReadAction\",\"target\":[\"https:\\\/\\\/www.iemj.org\\\/es\\\/samy-elmaghribi\\\/\"]}]},{\"@type\":\"ImageObject\",\"inLanguage\":\"es\",\"@id\":\"https:\\\/\\\/www.iemj.org\\\/es\\\/samy-elmaghribi\\\/#primaryimage\",\"url\":\"https:\\\/\\\/www.iemj.org\\\/wp-content\\\/uploads\\\/2021\\\/11\\\/Logo-Samy.jpg\",\"contentUrl\":\"https:\\\/\\\/www.iemj.org\\\/wp-content\\\/uploads\\\/2021\\\/11\\\/Logo-Samy.jpg\",\"width\":350,\"height\":350},{\"@type\":\"BreadcrumbList\",\"@id\":\"https:\\\/\\\/www.iemj.org\\\/es\\\/samy-elmaghribi\\\/#breadcrumb\",\"itemListElement\":[{\"@type\":\"ListItem\",\"position\":1,\"name\":\"Accueil\",\"item\":\"https:\\\/\\\/www.iemj.org\\\/es\\\/\"},{\"@type\":\"ListItem\",\"position\":2,\"name\":\"Samy Elmaghribi\"}]},{\"@type\":\"WebSite\",\"@id\":\"https:\\\/\\\/www.iemj.org\\\/es\\\/#website\",\"url\":\"https:\\\/\\\/www.iemj.org\\\/es\\\/\",\"name\":\"Institut Europ\u00e9en des Musiques Juives\",\"description\":\"Des traditions musicales \u00e0 la port\u00e9e de tous\",\"publisher\":{\"@id\":\"https:\\\/\\\/www.iemj.org\\\/es\\\/#organization\"},\"potentialAction\":[{\"@type\":\"SearchAction\",\"target\":{\"@type\":\"EntryPoint\",\"urlTemplate\":\"https:\\\/\\\/www.iemj.org\\\/es\\\/?s={search_term_string}\"},\"query-input\":{\"@type\":\"PropertyValueSpecification\",\"valueRequired\":true,\"valueName\":\"search_term_string\"}}],\"inLanguage\":\"es\"},{\"@type\":\"Organization\",\"@id\":\"https:\\\/\\\/www.iemj.org\\\/es\\\/#organization\",\"name\":\"Institut Europ\u00e9en des Musiques Juives\",\"url\":\"https:\\\/\\\/www.iemj.org\\\/es\\\/\",\"logo\":{\"@type\":\"ImageObject\",\"inLanguage\":\"es\",\"@id\":\"https:\\\/\\\/www.iemj.org\\\/es\\\/#\\\/schema\\\/logo\\\/image\\\/\",\"url\":\"https:\\\/\\\/www.iemj.org\\\/wp-content\\\/uploads\\\/2021\\\/09\\\/Logo-IEMJ-Paypal.jpg\",\"contentUrl\":\"https:\\\/\\\/www.iemj.org\\\/wp-content\\\/uploads\\\/2021\\\/09\\\/Logo-IEMJ-Paypal.jpg\",\"width\":150,\"height\":50,\"caption\":\"Institut Europ\u00e9en des Musiques Juives\"},\"image\":{\"@id\":\"https:\\\/\\\/www.iemj.org\\\/es\\\/#\\\/schema\\\/logo\\\/image\\\/\"},\"sameAs\":[\"https:\\\/\\\/www.facebook.com\\\/MusiquesJuives\\\/\",\"https:\\\/\\\/www.instagram.com\\\/musiquesjuives\\\/\",\"https:\\\/\\\/www.youtube.com\\\/user\\\/musiquesjuives\"]},{\"@type\":\"Person\",\"@id\":\"https:\\\/\\\/www.iemj.org\\\/es\\\/#\\\/schema\\\/person\\\/a58cd365d504c8b7ff85749e8bdb460f\",\"name\":\"Avner Azoulay\",\"image\":{\"@type\":\"ImageObject\",\"inLanguage\":\"es\",\"@id\":\"https:\\\/\\\/secure.gravatar.com\\\/avatar\\\/7bb6a05b44696c1b7a4f1f8b5ed8c02b0bdeb6f98aa51e671f0957030fafc587?s=96&d=mm&r=g\",\"url\":\"https:\\\/\\\/secure.gravatar.com\\\/avatar\\\/7bb6a05b44696c1b7a4f1f8b5ed8c02b0bdeb6f98aa51e671f0957030fafc587?s=96&d=mm&r=g\",\"contentUrl\":\"https:\\\/\\\/secure.gravatar.com\\\/avatar\\\/7bb6a05b44696c1b7a4f1f8b5ed8c02b0bdeb6f98aa51e671f0957030fafc587?s=96&d=mm&r=g\",\"caption\":\"Avner Azoulay\"}}]}<\/script>\n<!-- \/ Yoast SEO plugin. -->","yoast_head_json":{"title":"Samy Elmaghribi - Institut Europ\u00e9en des Musiques Juives","robots":{"index":"index","follow":"follow","max-snippet":"max-snippet:-1","max-image-preview":"max-image-preview:large","max-video-preview":"max-video-preview:-1"},"canonical":"https:\/\/www.iemj.org\/es\/samy-elmaghribi\/","og_locale":"es_ES","og_type":"article","og_title":"Samy Elmaghribi - Institut Europ\u00e9en des Musiques Juives","og_description":"Autor, compositor e int\u00e9rprete de m\u00fasicas inspiradas en la herencia judeo-marroqu\u00ed y andaluza, Samy Elmaghribi compuso entre 1942 y 1964 un repertorio de canciones populares que se impuso en todo","og_url":"https:\/\/www.iemj.org\/es\/samy-elmaghribi\/","og_site_name":"Institut Europ\u00e9en des Musiques Juives","article_publisher":"https:\/\/www.facebook.com\/MusiquesJuives\/","article_published_time":"2021-12-02T14:17:39+00:00","article_modified_time":"2024-02-15T16:19:01+00:00","og_image":[{"width":350,"height":350,"url":"https:\/\/www.iemj.org\/wp-content\/uploads\/2021\/11\/Logo-Samy.jpg","type":"image\/jpeg"}],"author":"Avner Azoulay","twitter_card":"summary_large_image","twitter_misc":{"Escrito por":"Avner Azoulay","Tiempo de lectura":"2 minutos"},"schema":{"@context":"https:\/\/schema.org","@graph":[{"@type":"Article","@id":"https:\/\/www.iemj.org\/es\/samy-elmaghribi\/#article","isPartOf":{"@id":"https:\/\/www.iemj.org\/es\/samy-elmaghribi\/"},"author":{"name":"Avner Azoulay","@id":"https:\/\/www.iemj.org\/es\/#\/schema\/person\/a58cd365d504c8b7ff85749e8bdb460f"},"headline":"Samy Elmaghribi","datePublished":"2021-12-02T14:17:39+00:00","dateModified":"2024-02-15T16:19:01+00:00","mainEntityOfPage":{"@id":"https:\/\/www.iemj.org\/es\/samy-elmaghribi\/"},"wordCount":307,"publisher":{"@id":"https:\/\/www.iemj.org\/es\/#organization"},"image":{"@id":"https:\/\/www.iemj.org\/es\/samy-elmaghribi\/#primaryimage"},"thumbnailUrl":"https:\/\/www.iemj.org\/wp-content\/uploads\/2021\/11\/Logo-Samy.jpg","articleSection":["Escuchar \/ Ver","Listas de reproducci\u00f3n"],"inLanguage":"es"},{"@type":"WebPage","@id":"https:\/\/www.iemj.org\/es\/samy-elmaghribi\/","url":"https:\/\/www.iemj.org\/es\/samy-elmaghribi\/","name":"Samy Elmaghribi - Institut Europ\u00e9en des Musiques Juives","isPartOf":{"@id":"https:\/\/www.iemj.org\/es\/#website"},"primaryImageOfPage":{"@id":"https:\/\/www.iemj.org\/es\/samy-elmaghribi\/#primaryimage"},"image":{"@id":"https:\/\/www.iemj.org\/es\/samy-elmaghribi\/#primaryimage"},"thumbnailUrl":"https:\/\/www.iemj.org\/wp-content\/uploads\/2021\/11\/Logo-Samy.jpg","datePublished":"2021-12-02T14:17:39+00:00","dateModified":"2024-02-15T16:19:01+00:00","breadcrumb":{"@id":"https:\/\/www.iemj.org\/es\/samy-elmaghribi\/#breadcrumb"},"inLanguage":"es","potentialAction":[{"@type":"ReadAction","target":["https:\/\/www.iemj.org\/es\/samy-elmaghribi\/"]}]},{"@type":"ImageObject","inLanguage":"es","@id":"https:\/\/www.iemj.org\/es\/samy-elmaghribi\/#primaryimage","url":"https:\/\/www.iemj.org\/wp-content\/uploads\/2021\/11\/Logo-Samy.jpg","contentUrl":"https:\/\/www.iemj.org\/wp-content\/uploads\/2021\/11\/Logo-Samy.jpg","width":350,"height":350},{"@type":"BreadcrumbList","@id":"https:\/\/www.iemj.org\/es\/samy-elmaghribi\/#breadcrumb","itemListElement":[{"@type":"ListItem","position":1,"name":"Accueil","item":"https:\/\/www.iemj.org\/es\/"},{"@type":"ListItem","position":2,"name":"Samy Elmaghribi"}]},{"@type":"WebSite","@id":"https:\/\/www.iemj.org\/es\/#website","url":"https:\/\/www.iemj.org\/es\/","name":"Institut Europ\u00e9en des Musiques Juives","description":"Des traditions musicales \u00e0 la port\u00e9e de tous","publisher":{"@id":"https:\/\/www.iemj.org\/es\/#organization"},"potentialAction":[{"@type":"SearchAction","target":{"@type":"EntryPoint","urlTemplate":"https:\/\/www.iemj.org\/es\/?s={search_term_string}"},"query-input":{"@type":"PropertyValueSpecification","valueRequired":true,"valueName":"search_term_string"}}],"inLanguage":"es"},{"@type":"Organization","@id":"https:\/\/www.iemj.org\/es\/#organization","name":"Institut Europ\u00e9en des Musiques Juives","url":"https:\/\/www.iemj.org\/es\/","logo":{"@type":"ImageObject","inLanguage":"es","@id":"https:\/\/www.iemj.org\/es\/#\/schema\/logo\/image\/","url":"https:\/\/www.iemj.org\/wp-content\/uploads\/2021\/09\/Logo-IEMJ-Paypal.jpg","contentUrl":"https:\/\/www.iemj.org\/wp-content\/uploads\/2021\/09\/Logo-IEMJ-Paypal.jpg","width":150,"height":50,"caption":"Institut Europ\u00e9en des Musiques Juives"},"image":{"@id":"https:\/\/www.iemj.org\/es\/#\/schema\/logo\/image\/"},"sameAs":["https:\/\/www.facebook.com\/MusiquesJuives\/","https:\/\/www.instagram.com\/musiquesjuives\/","https:\/\/www.youtube.com\/user\/musiquesjuives"]},{"@type":"Person","@id":"https:\/\/www.iemj.org\/es\/#\/schema\/person\/a58cd365d504c8b7ff85749e8bdb460f","name":"Avner Azoulay","image":{"@type":"ImageObject","inLanguage":"es","@id":"https:\/\/secure.gravatar.com\/avatar\/7bb6a05b44696c1b7a4f1f8b5ed8c02b0bdeb6f98aa51e671f0957030fafc587?s=96&d=mm&r=g","url":"https:\/\/secure.gravatar.com\/avatar\/7bb6a05b44696c1b7a4f1f8b5ed8c02b0bdeb6f98aa51e671f0957030fafc587?s=96&d=mm&r=g","contentUrl":"https:\/\/secure.gravatar.com\/avatar\/7bb6a05b44696c1b7a4f1f8b5ed8c02b0bdeb6f98aa51e671f0957030fafc587?s=96&d=mm&r=g","caption":"Avner Azoulay"}}]}},"_links":{"self":[{"href":"https:\/\/www.iemj.org\/es\/wp-json\/wp\/v2\/posts\/80299","targetHints":{"allow":["GET"]}}],"collection":[{"href":"https:\/\/www.iemj.org\/es\/wp-json\/wp\/v2\/posts"}],"about":[{"href":"https:\/\/www.iemj.org\/es\/wp-json\/wp\/v2\/types\/post"}],"author":[{"embeddable":true,"href":"https:\/\/www.iemj.org\/es\/wp-json\/wp\/v2\/users\/1927"}],"replies":[{"embeddable":true,"href":"https:\/\/www.iemj.org\/es\/wp-json\/wp\/v2\/comments?post=80299"}],"version-history":[{"count":0,"href":"https:\/\/www.iemj.org\/es\/wp-json\/wp\/v2\/posts\/80299\/revisions"}],"wp:featuredmedia":[{"embeddable":true,"href":"https:\/\/www.iemj.org\/es\/wp-json\/wp\/v2\/media\/72598"}],"wp:attachment":[{"href":"https:\/\/www.iemj.org\/es\/wp-json\/wp\/v2\/media?parent=80299"}],"wp:term":[{"taxonomy":"category","embeddable":true,"href":"https:\/\/www.iemj.org\/es\/wp-json\/wp\/v2\/categories?post=80299"},{"taxonomy":"post_tag","embeddable":true,"href":"https:\/\/www.iemj.org\/es\/wp-json\/wp\/v2\/tags?post=80299"},{"taxonomy":"technique","embeddable":true,"href":"https:\/\/www.iemj.org\/es\/wp-json\/wp\/v2\/technique?post=80299"},{"taxonomy":"squelettes","embeddable":true,"href":"https:\/\/www.iemj.org\/es\/wp-json\/wp\/v2\/squelettes?post=80299"},{"taxonomy":"sujet","embeddable":true,"href":"https:\/\/www.iemj.org\/es\/wp-json\/wp\/v2\/sujet?post=80299"},{"taxonomy":"formation","embeddable":true,"href":"https:\/\/www.iemj.org\/es\/wp-json\/wp\/v2\/formation?post=80299"},{"taxonomy":"genre","embeddable":true,"href":"https:\/\/www.iemj.org\/es\/wp-json\/wp\/v2\/genre?post=80299"},{"taxonomy":"fonds","embeddable":true,"href":"https:\/\/www.iemj.org\/es\/wp-json\/wp\/v2\/fonds?post=80299"},{"taxonomy":"tradition","embeddable":true,"href":"https:\/\/www.iemj.org\/es\/wp-json\/wp\/v2\/tradition?post=80299"},{"taxonomy":"type-de-contenu","embeddable":true,"href":"https:\/\/www.iemj.org\/es\/wp-json\/wp\/v2\/type-de-contenu?post=80299"},{"taxonomy":"interprete-compositeur","embeddable":true,"href":"https:\/\/www.iemj.org\/es\/wp-json\/wp\/v2\/interprete-compositeur?post=80299"},{"taxonomy":"frise","embeddable":true,"href":"https:\/\/www.iemj.org\/es\/wp-json\/wp\/v2\/frise?post=80299"},{"taxonomy":"type-devenement","embeddable":true,"href":"https:\/\/www.iemj.org\/es\/wp-json\/wp\/v2\/type-devenement?post=80299"},{"taxonomy":"tableaux-liens-externes","embeddable":true,"href":"https:\/\/www.iemj.org\/es\/wp-json\/wp\/v2\/tableaux-liens-externes?post=80299"}],"curies":[{"name":"wp","href":"https:\/\/api.w.org\/{rel}","templated":true}]}}