{"id":81544,"date":"2018-03-13T11:31:33","date_gmt":"2018-03-13T10:31:33","guid":{"rendered":"https:\/\/www.iemj.org\/monty-line-1926-2003\/"},"modified":"2025-09-08T17:21:13","modified_gmt":"2025-09-08T15:21:13","slug":"monty-line-1926-2003","status":"publish","type":"post","link":"https:\/\/www.iemj.org\/es\/monty-line-1926-2003\/","title":{"rendered":"Monty, Line (1926-2003)"},"content":{"rendered":"<p><!--more--><\/p>\n<p>Line Monty, cuyo verdadero nombre es \u00c9liane Serfati (tambi\u00e9n conocida bajo su nombre art\u00edstico Le\u00efla Fateh), naci\u00f3 en Argel en 1926 en el seno de una familia de amantes de la m\u00fasica.<\/p>\n<p>Alrededor de los 25 a\u00f1os, sigui\u00f3 clases de canto con un profesor italiano y empez\u00f3 a actuar en p\u00fablico, principalmente en galas ben\u00e9ficas.<\/p>\n<p>Se fue a Par\u00eds a principios de los a\u00f1os 50 y desde febrero de 1952, bajo el nombre de Line Monty, grab\u00f3 varios 78 rpm en \u00e1rabe para Path\u00e9 Marconi.<\/p>\n<p>El pianista Maurice El M\u00e9dioni fue su acompa\u00f1ante durante toda su carrera oriental.<br \/>Su amigo Youssef Hag\u00e8ge, tambi\u00e9n conocido como Jos\u00e9 De Suza, famoso autor y compositor que acompa\u00f1\u00f3 a las grandes figuras de la m\u00fasica oriental, le sugiri\u00f3 una de sus composiciones: <em>L\u2019orientale<\/em>.<\/p>\n<p><em>L\u2019Orientale<\/em> se convirti\u00f3 r\u00e1pidamente en un est\u00e1ndar, que ser\u00e1 versionado una d\u00e9cada m\u00e1s tarde por Enrico Mac\u00edas.<\/p>\n<p>Al a\u00f1o siguiente, Line Monty cambi\u00f3 su repertorio. Abandon\u00f3 temporalmente las canciones \u00e1rabes por un repertorio de canciones francesas.<\/p>\n<p>Desde finales de diciembre de 1952 hasta octubre de 1956, grab\u00f3 varios 78 rpm con Path\u00e9, acompa\u00f1ada por las orquestas de Raymond Legrand, Marius Coste y Andr\u00e9 Popp.<\/p>\n<p><img fetchpriority=\"high\" decoding=\"async\" class=\" alignright size-full wp-image-52302\" src=\"https:\/\/www.iemj.org\/wp-content\/uploads\/2017\/11\/doc_2_line_monty_500px.jpg\" alt=\"doc_2_line_monty_500px.jpg\" width=\"244\" height=\"311\" align=\"right\" srcset=\"https:\/\/www.iemj.org\/wp-content\/uploads\/2017\/11\/doc_2_line_monty_500px.jpg 244w, https:\/\/www.iemj.org\/wp-content\/uploads\/2017\/11\/doc_2_line_monty_500px-235x300.jpg 235w\" sizes=\"(max-width: 244px) 100vw, 244px\" \/>Obtuvo el premio Edith Piaf, luego el primer premio en el Olympia, y tuvo una serie de \u00e9xitos en salones de m\u00fasica y cabarets de los barrios elegantes. As\u00ed, defendi\u00f3 los colores de la canci\u00f3n francesa en todo el mundo, especialmente en Canad\u00e1, Estados Unidos (dirigi\u00f3 un club popular en Nueva York durante diez a\u00f1os), en Am\u00e9rica Latina, Alemania, Holanda y Medio Oriente.<\/p>\n<p>Sin embargo, versionar\u00e1 varias canciones argelinas tras la independencia de Argelia.<\/p>\n<p>Line Monty se interpret\u00f3 a s\u00ed misma en Grand Pardon 2, de Alexandre Arcady.<br \/>Muri\u00f3 en Par\u00eds en agosto de 2003 y es enterrada en el cementerio parisino de Pantin.<br \/>Tras la muerte de Line Monty en 2003, y de Lili Boniche en 2008, se cre\u00f3 un documental hist\u00f3rico sobre los tesoros de la m\u00fasica \u00e1rabe-andalus\u00ed y judeo-\u00e1rabe titulado Le Port des amours, realizado por Jacqueline Gozland.<\/p>\n<p><strong>Fuentes:<\/strong><\/p>\n<p><em><a href=\"https:\/\/www.iemj.org\/es\/je-chante-magazine\/\">JE CHANTE MAGAZINE n\u00b0 12, Enero 2016<\/a><br \/><a href=\"https:\/\/fr.wikipedia.org\/wiki\/Line_Monty\" target=\"_blank\" rel=\"noopener\">Wikipedia<\/a><\/em><\/p>\n<p><a href=\"https:\/\/www.discogs.com\/fr\/artist\/2406526-Line-Monty\">Consultar su discograf\u00eda<\/a><\/p>\n<p><strong><a href=\"http:\/\/www.rachelnet.net\/F\/?func=find-b&amp;find_code=WRD&amp;request=line+monty&amp;adjacent=N&amp;local_base=iemcg&amp;x=0&amp;y=0\" target=\"_blank\" rel=\"noopener\">Consultar nuestros archivos en Line Monty<\/a><\/strong><\/p>\n\n\n<h2 class=\"wp-block-heading\"><\/h2>\n\n\n<div class=\"wp-block-image\">\n<figure class=\"aligncenter size-large\"><img decoding=\"async\" width=\"1024\" height=\"133\" src=\"https:\/\/www.iemj.org\/wp-content\/uploads\/2024\/03\/AUDIO-PLAYER-1024x133.png\" alt=\"\" class=\"wp-image-110610\" srcset=\"https:\/\/www.iemj.org\/wp-content\/uploads\/2024\/03\/AUDIO-PLAYER-1024x133.png 1024w, https:\/\/www.iemj.org\/wp-content\/uploads\/2024\/03\/AUDIO-PLAYER-300x39.png 300w, https:\/\/www.iemj.org\/wp-content\/uploads\/2024\/03\/AUDIO-PLAYER-768x100.png 768w, https:\/\/www.iemj.org\/wp-content\/uploads\/2024\/03\/AUDIO-PLAYER-600x78.png 600w, https:\/\/www.iemj.org\/wp-content\/uploads\/2024\/03\/AUDIO-PLAYER.png 1210w\" sizes=\"(max-width: 1024px) 100vw, 1024px\" \/><\/figure>\n<\/div>\n\n\n<div class=\"wp-block-file\"><a id=\"wp-block-file--media-4ae3b87a-2d22-4fb6-ba2d-6a33224a720c\" href=\"https:\/\/www.iemj.org\/wp-content\/uploads\/2017\/11\/ma_guitare_et_mon_pays_extrait_-_line_monty.mp3\">Ma guitare et mon Pays (EXTRAIT) &#8211; Line Monty<\/a><\/div>\n\n\n\n<div class=\"wp-block-file\"><a id=\"wp-block-file--media-360051c2-bc49-46b3-bf74-9ec9d9de1a49\" href=\"https:\/\/www.iemj.org\/wp-content\/uploads\/2017\/11\/ana_ene_hobek_-_line_monty.mp3\">Ana Ene Hobek &#8211; Line Monty<\/a><\/div>\n\n\n\n<div class=\"wp-block-file\"><a id=\"wp-block-file--media-b49f4b4a-9501-4a59-9989-950a4db8bc19\" href=\"https:\/\/www.iemj.org\/wp-content\/uploads\/2017\/11\/dkhil_enhassbek_ya_oueld_ettir_-_line_monty.mp3\">Dkhil Enhassbek Ya Oueld Ettir &#8211; Line Monty<\/a><\/div>\n\n\n\n<div class=\"wp-block-file\"><a id=\"wp-block-file--media-1ee39243-b069-4559-848e-8dfe4110f3e7\" href=\"https:\/\/www.iemj.org\/wp-content\/uploads\/2017\/11\/selli_amorek_-_line_monty.mp3\">Selli Amorek &#8211; Line Monty<\/a><\/div>\n\n\n\n<div class=\"wp-block-file\"><a id=\"wp-block-file--media-2fdeaa3d-dfc2-429c-9dea-b5a11bd13d39\" href=\"https:\/\/www.iemj.org\/wp-content\/uploads\/2017\/11\/ya_oummi_ya_oummi_extrait_-_line_monty.mp3\">Ya Oummi Ya Oummi (EXTRAIT) &#8211; Line Monty<\/a><\/div>\n","protected":false},"excerpt":{"rendered":"","protected":false},"author":1052,"featured_media":52305,"comment_status":"closed","ping_status":"closed","sticky":false,"template":"","format":"standard","meta":{"_acf_changed":false,"footnotes":""},"categories":[1417],"tags":[],"technique":[],"squelettes":[],"sujet":[],"formation":[],"genre":[1879,1915],"fonds":[],"tradition":[],"type-de-contenu":[],"interprete-compositeur":[3244],"frise":[],"type-devenement":[],"tableaux-liens-externes":[],"class_list":["post-81544","post","type-post","status-publish","format-standard","has-post-thumbnail","hentry","category-biografias-es","genre-cancion-francesa-es","genre-oriental-es","interprete-compositeur-line-monty-2-es"],"acf":[],"yoast_head":"<!-- This site is optimized with the Yoast SEO plugin v27.3 - https:\/\/yoast.com\/product\/yoast-seo-wordpress\/ -->\n<title>Monty, Line (1926-2003) - Institut Europ\u00e9en des Musiques Juives<\/title>\n<meta name=\"robots\" content=\"index, follow, max-snippet:-1, max-image-preview:large, max-video-preview:-1\" \/>\n<link rel=\"canonical\" href=\"https:\/\/www.iemj.org\/es\/monty-line-1926-2003\/\" \/>\n<meta property=\"og:locale\" content=\"es_ES\" \/>\n<meta property=\"og:type\" content=\"article\" \/>\n<meta property=\"og:title\" content=\"Monty, Line (1926-2003) - Institut Europ\u00e9en des Musiques Juives\" \/>\n<meta property=\"og:url\" content=\"https:\/\/www.iemj.org\/es\/monty-line-1926-2003\/\" \/>\n<meta property=\"og:site_name\" content=\"Institut Europ\u00e9en des Musiques Juives\" \/>\n<meta property=\"article:publisher\" content=\"https:\/\/www.facebook.com\/MusiquesJuives\/\" \/>\n<meta property=\"article:published_time\" content=\"2018-03-13T10:31:33+00:00\" \/>\n<meta property=\"article:modified_time\" content=\"2025-09-08T15:21:13+00:00\" \/>\n<meta property=\"og:image\" content=\"https:\/\/www.iemj.org\/wp-content\/uploads\/2018\/03\/arton3240-e1646136570661.jpg\" \/>\n\t<meta property=\"og:image:width\" content=\"218\" \/>\n\t<meta property=\"og:image:height\" content=\"218\" \/>\n\t<meta property=\"og:image:type\" content=\"image\/jpeg\" \/>\n<meta name=\"author\" content=\"Lea Couderc\" \/>\n<meta name=\"twitter:card\" content=\"summary_large_image\" \/>\n<meta name=\"twitter:label1\" content=\"Escrito por\" \/>\n\t<meta name=\"twitter:data1\" content=\"Lea Couderc\" \/>\n\t<meta name=\"twitter:label2\" content=\"Tiempo de lectura\" \/>\n\t<meta name=\"twitter:data2\" content=\"3 minutos\" \/>\n<script type=\"application\/ld+json\" class=\"yoast-schema-graph\">{\"@context\":\"https:\\\/\\\/schema.org\",\"@graph\":[{\"@type\":\"Article\",\"@id\":\"https:\\\/\\\/www.iemj.org\\\/es\\\/monty-line-1926-2003\\\/#article\",\"isPartOf\":{\"@id\":\"https:\\\/\\\/www.iemj.org\\\/es\\\/monty-line-1926-2003\\\/\"},\"author\":{\"name\":\"Lea Couderc\",\"@id\":\"https:\\\/\\\/www.iemj.org\\\/es\\\/#\\\/schema\\\/person\\\/e2ad57f2c4be119c7ed8ab79036807a9\"},\"headline\":\"Monty, Line (1926-2003)\",\"datePublished\":\"2018-03-13T10:31:33+00:00\",\"dateModified\":\"2025-09-08T15:21:13+00:00\",\"mainEntityOfPage\":{\"@id\":\"https:\\\/\\\/www.iemj.org\\\/es\\\/monty-line-1926-2003\\\/\"},\"wordCount\":409,\"publisher\":{\"@id\":\"https:\\\/\\\/www.iemj.org\\\/es\\\/#organization\"},\"image\":{\"@id\":\"https:\\\/\\\/www.iemj.org\\\/es\\\/monty-line-1926-2003\\\/#primaryimage\"},\"thumbnailUrl\":\"https:\\\/\\\/www.iemj.org\\\/wp-content\\\/uploads\\\/2018\\\/03\\\/arton3240-e1646136570661.jpg\",\"articleSection\":[\"Biograf\u00edas\"],\"inLanguage\":\"es\"},{\"@type\":\"WebPage\",\"@id\":\"https:\\\/\\\/www.iemj.org\\\/es\\\/monty-line-1926-2003\\\/\",\"url\":\"https:\\\/\\\/www.iemj.org\\\/es\\\/monty-line-1926-2003\\\/\",\"name\":\"Monty, Line (1926-2003) - Institut Europ\u00e9en des Musiques Juives\",\"isPartOf\":{\"@id\":\"https:\\\/\\\/www.iemj.org\\\/es\\\/#website\"},\"primaryImageOfPage\":{\"@id\":\"https:\\\/\\\/www.iemj.org\\\/es\\\/monty-line-1926-2003\\\/#primaryimage\"},\"image\":{\"@id\":\"https:\\\/\\\/www.iemj.org\\\/es\\\/monty-line-1926-2003\\\/#primaryimage\"},\"thumbnailUrl\":\"https:\\\/\\\/www.iemj.org\\\/wp-content\\\/uploads\\\/2018\\\/03\\\/arton3240-e1646136570661.jpg\",\"datePublished\":\"2018-03-13T10:31:33+00:00\",\"dateModified\":\"2025-09-08T15:21:13+00:00\",\"breadcrumb\":{\"@id\":\"https:\\\/\\\/www.iemj.org\\\/es\\\/monty-line-1926-2003\\\/#breadcrumb\"},\"inLanguage\":\"es\",\"potentialAction\":[{\"@type\":\"ReadAction\",\"target\":[\"https:\\\/\\\/www.iemj.org\\\/es\\\/monty-line-1926-2003\\\/\"]}]},{\"@type\":\"ImageObject\",\"inLanguage\":\"es\",\"@id\":\"https:\\\/\\\/www.iemj.org\\\/es\\\/monty-line-1926-2003\\\/#primaryimage\",\"url\":\"https:\\\/\\\/www.iemj.org\\\/wp-content\\\/uploads\\\/2018\\\/03\\\/arton3240-e1646136570661.jpg\",\"contentUrl\":\"https:\\\/\\\/www.iemj.org\\\/wp-content\\\/uploads\\\/2018\\\/03\\\/arton3240-e1646136570661.jpg\",\"width\":218,\"height\":218},{\"@type\":\"BreadcrumbList\",\"@id\":\"https:\\\/\\\/www.iemj.org\\\/es\\\/monty-line-1926-2003\\\/#breadcrumb\",\"itemListElement\":[{\"@type\":\"ListItem\",\"position\":1,\"name\":\"Accueil\",\"item\":\"https:\\\/\\\/www.iemj.org\\\/es\\\/\"},{\"@type\":\"ListItem\",\"position\":2,\"name\":\"Monty, Line (1926-2003)\"}]},{\"@type\":\"WebSite\",\"@id\":\"https:\\\/\\\/www.iemj.org\\\/es\\\/#website\",\"url\":\"https:\\\/\\\/www.iemj.org\\\/es\\\/\",\"name\":\"Institut Europ\u00e9en des Musiques Juives\",\"description\":\"Des traditions musicales \u00e0 la port\u00e9e de tous\",\"publisher\":{\"@id\":\"https:\\\/\\\/www.iemj.org\\\/es\\\/#organization\"},\"potentialAction\":[{\"@type\":\"SearchAction\",\"target\":{\"@type\":\"EntryPoint\",\"urlTemplate\":\"https:\\\/\\\/www.iemj.org\\\/es\\\/?s={search_term_string}\"},\"query-input\":{\"@type\":\"PropertyValueSpecification\",\"valueRequired\":true,\"valueName\":\"search_term_string\"}}],\"inLanguage\":\"es\"},{\"@type\":\"Organization\",\"@id\":\"https:\\\/\\\/www.iemj.org\\\/es\\\/#organization\",\"name\":\"Institut Europ\u00e9en des Musiques Juives\",\"url\":\"https:\\\/\\\/www.iemj.org\\\/es\\\/\",\"logo\":{\"@type\":\"ImageObject\",\"inLanguage\":\"es\",\"@id\":\"https:\\\/\\\/www.iemj.org\\\/es\\\/#\\\/schema\\\/logo\\\/image\\\/\",\"url\":\"https:\\\/\\\/www.iemj.org\\\/wp-content\\\/uploads\\\/2021\\\/09\\\/Logo-IEMJ-Paypal.jpg\",\"contentUrl\":\"https:\\\/\\\/www.iemj.org\\\/wp-content\\\/uploads\\\/2021\\\/09\\\/Logo-IEMJ-Paypal.jpg\",\"width\":150,\"height\":50,\"caption\":\"Institut Europ\u00e9en des Musiques Juives\"},\"image\":{\"@id\":\"https:\\\/\\\/www.iemj.org\\\/es\\\/#\\\/schema\\\/logo\\\/image\\\/\"},\"sameAs\":[\"https:\\\/\\\/www.facebook.com\\\/MusiquesJuives\\\/\",\"https:\\\/\\\/www.instagram.com\\\/musiquesjuives\\\/\",\"https:\\\/\\\/www.youtube.com\\\/user\\\/musiquesjuives\"]},{\"@type\":\"Person\",\"@id\":\"https:\\\/\\\/www.iemj.org\\\/es\\\/#\\\/schema\\\/person\\\/e2ad57f2c4be119c7ed8ab79036807a9\",\"name\":\"Lea Couderc\",\"image\":{\"@type\":\"ImageObject\",\"inLanguage\":\"es\",\"@id\":\"https:\\\/\\\/secure.gravatar.com\\\/avatar\\\/46ee021475d60aeff17a7e490b79dea5a5684bb392ab7fd1494027411df8ba23?s=96&d=mm&r=g\",\"url\":\"https:\\\/\\\/secure.gravatar.com\\\/avatar\\\/46ee021475d60aeff17a7e490b79dea5a5684bb392ab7fd1494027411df8ba23?s=96&d=mm&r=g\",\"contentUrl\":\"https:\\\/\\\/secure.gravatar.com\\\/avatar\\\/46ee021475d60aeff17a7e490b79dea5a5684bb392ab7fd1494027411df8ba23?s=96&d=mm&r=g\",\"caption\":\"Lea Couderc\"}}]}<\/script>\n<!-- \/ Yoast SEO plugin. -->","yoast_head_json":{"title":"Monty, Line (1926-2003) - Institut Europ\u00e9en des Musiques Juives","robots":{"index":"index","follow":"follow","max-snippet":"max-snippet:-1","max-image-preview":"max-image-preview:large","max-video-preview":"max-video-preview:-1"},"canonical":"https:\/\/www.iemj.org\/es\/monty-line-1926-2003\/","og_locale":"es_ES","og_type":"article","og_title":"Monty, Line (1926-2003) - Institut Europ\u00e9en des Musiques Juives","og_url":"https:\/\/www.iemj.org\/es\/monty-line-1926-2003\/","og_site_name":"Institut Europ\u00e9en des Musiques Juives","article_publisher":"https:\/\/www.facebook.com\/MusiquesJuives\/","article_published_time":"2018-03-13T10:31:33+00:00","article_modified_time":"2025-09-08T15:21:13+00:00","og_image":[{"width":218,"height":218,"url":"https:\/\/www.iemj.org\/wp-content\/uploads\/2018\/03\/arton3240-e1646136570661.jpg","type":"image\/jpeg"}],"author":"Lea Couderc","twitter_card":"summary_large_image","twitter_misc":{"Escrito por":"Lea Couderc","Tiempo de lectura":"3 minutos"},"schema":{"@context":"https:\/\/schema.org","@graph":[{"@type":"Article","@id":"https:\/\/www.iemj.org\/es\/monty-line-1926-2003\/#article","isPartOf":{"@id":"https:\/\/www.iemj.org\/es\/monty-line-1926-2003\/"},"author":{"name":"Lea Couderc","@id":"https:\/\/www.iemj.org\/es\/#\/schema\/person\/e2ad57f2c4be119c7ed8ab79036807a9"},"headline":"Monty, Line (1926-2003)","datePublished":"2018-03-13T10:31:33+00:00","dateModified":"2025-09-08T15:21:13+00:00","mainEntityOfPage":{"@id":"https:\/\/www.iemj.org\/es\/monty-line-1926-2003\/"},"wordCount":409,"publisher":{"@id":"https:\/\/www.iemj.org\/es\/#organization"},"image":{"@id":"https:\/\/www.iemj.org\/es\/monty-line-1926-2003\/#primaryimage"},"thumbnailUrl":"https:\/\/www.iemj.org\/wp-content\/uploads\/2018\/03\/arton3240-e1646136570661.jpg","articleSection":["Biograf\u00edas"],"inLanguage":"es"},{"@type":"WebPage","@id":"https:\/\/www.iemj.org\/es\/monty-line-1926-2003\/","url":"https:\/\/www.iemj.org\/es\/monty-line-1926-2003\/","name":"Monty, Line (1926-2003) - Institut Europ\u00e9en des Musiques Juives","isPartOf":{"@id":"https:\/\/www.iemj.org\/es\/#website"},"primaryImageOfPage":{"@id":"https:\/\/www.iemj.org\/es\/monty-line-1926-2003\/#primaryimage"},"image":{"@id":"https:\/\/www.iemj.org\/es\/monty-line-1926-2003\/#primaryimage"},"thumbnailUrl":"https:\/\/www.iemj.org\/wp-content\/uploads\/2018\/03\/arton3240-e1646136570661.jpg","datePublished":"2018-03-13T10:31:33+00:00","dateModified":"2025-09-08T15:21:13+00:00","breadcrumb":{"@id":"https:\/\/www.iemj.org\/es\/monty-line-1926-2003\/#breadcrumb"},"inLanguage":"es","potentialAction":[{"@type":"ReadAction","target":["https:\/\/www.iemj.org\/es\/monty-line-1926-2003\/"]}]},{"@type":"ImageObject","inLanguage":"es","@id":"https:\/\/www.iemj.org\/es\/monty-line-1926-2003\/#primaryimage","url":"https:\/\/www.iemj.org\/wp-content\/uploads\/2018\/03\/arton3240-e1646136570661.jpg","contentUrl":"https:\/\/www.iemj.org\/wp-content\/uploads\/2018\/03\/arton3240-e1646136570661.jpg","width":218,"height":218},{"@type":"BreadcrumbList","@id":"https:\/\/www.iemj.org\/es\/monty-line-1926-2003\/#breadcrumb","itemListElement":[{"@type":"ListItem","position":1,"name":"Accueil","item":"https:\/\/www.iemj.org\/es\/"},{"@type":"ListItem","position":2,"name":"Monty, Line (1926-2003)"}]},{"@type":"WebSite","@id":"https:\/\/www.iemj.org\/es\/#website","url":"https:\/\/www.iemj.org\/es\/","name":"Institut Europ\u00e9en des Musiques Juives","description":"Des traditions musicales \u00e0 la port\u00e9e de tous","publisher":{"@id":"https:\/\/www.iemj.org\/es\/#organization"},"potentialAction":[{"@type":"SearchAction","target":{"@type":"EntryPoint","urlTemplate":"https:\/\/www.iemj.org\/es\/?s={search_term_string}"},"query-input":{"@type":"PropertyValueSpecification","valueRequired":true,"valueName":"search_term_string"}}],"inLanguage":"es"},{"@type":"Organization","@id":"https:\/\/www.iemj.org\/es\/#organization","name":"Institut Europ\u00e9en des Musiques Juives","url":"https:\/\/www.iemj.org\/es\/","logo":{"@type":"ImageObject","inLanguage":"es","@id":"https:\/\/www.iemj.org\/es\/#\/schema\/logo\/image\/","url":"https:\/\/www.iemj.org\/wp-content\/uploads\/2021\/09\/Logo-IEMJ-Paypal.jpg","contentUrl":"https:\/\/www.iemj.org\/wp-content\/uploads\/2021\/09\/Logo-IEMJ-Paypal.jpg","width":150,"height":50,"caption":"Institut Europ\u00e9en des Musiques Juives"},"image":{"@id":"https:\/\/www.iemj.org\/es\/#\/schema\/logo\/image\/"},"sameAs":["https:\/\/www.facebook.com\/MusiquesJuives\/","https:\/\/www.instagram.com\/musiquesjuives\/","https:\/\/www.youtube.com\/user\/musiquesjuives"]},{"@type":"Person","@id":"https:\/\/www.iemj.org\/es\/#\/schema\/person\/e2ad57f2c4be119c7ed8ab79036807a9","name":"Lea Couderc","image":{"@type":"ImageObject","inLanguage":"es","@id":"https:\/\/secure.gravatar.com\/avatar\/46ee021475d60aeff17a7e490b79dea5a5684bb392ab7fd1494027411df8ba23?s=96&d=mm&r=g","url":"https:\/\/secure.gravatar.com\/avatar\/46ee021475d60aeff17a7e490b79dea5a5684bb392ab7fd1494027411df8ba23?s=96&d=mm&r=g","contentUrl":"https:\/\/secure.gravatar.com\/avatar\/46ee021475d60aeff17a7e490b79dea5a5684bb392ab7fd1494027411df8ba23?s=96&d=mm&r=g","caption":"Lea Couderc"}}]}},"_links":{"self":[{"href":"https:\/\/www.iemj.org\/es\/wp-json\/wp\/v2\/posts\/81544","targetHints":{"allow":["GET"]}}],"collection":[{"href":"https:\/\/www.iemj.org\/es\/wp-json\/wp\/v2\/posts"}],"about":[{"href":"https:\/\/www.iemj.org\/es\/wp-json\/wp\/v2\/types\/post"}],"author":[{"embeddable":true,"href":"https:\/\/www.iemj.org\/es\/wp-json\/wp\/v2\/users\/1052"}],"replies":[{"embeddable":true,"href":"https:\/\/www.iemj.org\/es\/wp-json\/wp\/v2\/comments?post=81544"}],"version-history":[{"count":0,"href":"https:\/\/www.iemj.org\/es\/wp-json\/wp\/v2\/posts\/81544\/revisions"}],"wp:featuredmedia":[{"embeddable":true,"href":"https:\/\/www.iemj.org\/es\/wp-json\/wp\/v2\/media\/52305"}],"wp:attachment":[{"href":"https:\/\/www.iemj.org\/es\/wp-json\/wp\/v2\/media?parent=81544"}],"wp:term":[{"taxonomy":"category","embeddable":true,"href":"https:\/\/www.iemj.org\/es\/wp-json\/wp\/v2\/categories?post=81544"},{"taxonomy":"post_tag","embeddable":true,"href":"https:\/\/www.iemj.org\/es\/wp-json\/wp\/v2\/tags?post=81544"},{"taxonomy":"technique","embeddable":true,"href":"https:\/\/www.iemj.org\/es\/wp-json\/wp\/v2\/technique?post=81544"},{"taxonomy":"squelettes","embeddable":true,"href":"https:\/\/www.iemj.org\/es\/wp-json\/wp\/v2\/squelettes?post=81544"},{"taxonomy":"sujet","embeddable":true,"href":"https:\/\/www.iemj.org\/es\/wp-json\/wp\/v2\/sujet?post=81544"},{"taxonomy":"formation","embeddable":true,"href":"https:\/\/www.iemj.org\/es\/wp-json\/wp\/v2\/formation?post=81544"},{"taxonomy":"genre","embeddable":true,"href":"https:\/\/www.iemj.org\/es\/wp-json\/wp\/v2\/genre?post=81544"},{"taxonomy":"fonds","embeddable":true,"href":"https:\/\/www.iemj.org\/es\/wp-json\/wp\/v2\/fonds?post=81544"},{"taxonomy":"tradition","embeddable":true,"href":"https:\/\/www.iemj.org\/es\/wp-json\/wp\/v2\/tradition?post=81544"},{"taxonomy":"type-de-contenu","embeddable":true,"href":"https:\/\/www.iemj.org\/es\/wp-json\/wp\/v2\/type-de-contenu?post=81544"},{"taxonomy":"interprete-compositeur","embeddable":true,"href":"https:\/\/www.iemj.org\/es\/wp-json\/wp\/v2\/interprete-compositeur?post=81544"},{"taxonomy":"frise","embeddable":true,"href":"https:\/\/www.iemj.org\/es\/wp-json\/wp\/v2\/frise?post=81544"},{"taxonomy":"type-devenement","embeddable":true,"href":"https:\/\/www.iemj.org\/es\/wp-json\/wp\/v2\/type-devenement?post=81544"},{"taxonomy":"tableaux-liens-externes","embeddable":true,"href":"https:\/\/www.iemj.org\/es\/wp-json\/wp\/v2\/tableaux-liens-externes?post=81544"}],"curies":[{"name":"wp","href":"https:\/\/api.w.org\/{rel}","templated":true}]}}