{"id":81725,"date":"2021-12-14T17:30:54","date_gmt":"2021-12-14T16:30:54","guid":{"rendered":"https:\/\/www.iemj.org\/zrihan-emile\/"},"modified":"2022-04-14T15:12:54","modified_gmt":"2022-04-14T13:12:54","slug":"zrihan-emile","status":"publish","type":"post","link":"https:\/\/www.iemj.org\/es\/zrihan-emile\/","title":{"rendered":"Zrihan, Emile"},"content":{"rendered":"<p>Nacido en Rabat (Marruecos) en 1952, Emile Zrihan (a veces escrito \u00abZrihen\u00bb) se inici\u00f3 en el canto lit\u00fargico jud\u00edo y en la m\u00fasica folcl\u00f3rica marroqu\u00ed a una edad temprana. Emigr\u00f3 a Israel con su familia en 1963, y sigui\u00f3 sus estudios de hazanout (canto sinagogal), aprendiendo entre otras cosas la m\u00fasica de los piyutim del rabino Shlomo Ouanounou. \u00a0Demostr\u00f3 un talento precoz para el canto, y actu\u00f3 por primera vez en concierto a los 13 a\u00f1os. A partir de entonces, apareci\u00f3 regularmente durante varios a\u00f1os en el programa de televisi\u00f3n \u00abFolklore de l&#8217;Orient\u00bb.<\/p>\n<p>Con una voz de contratenor extraordinariamente potente, agita al p\u00fablico intensamente durante los oficios religiosos, especialmente en la gran sinagoga de Ashkelon, donde es el cantor residente. Conocedor de la m\u00fasica \u00e1rabe-andalus\u00ed y oriental, canta en varios registros musicales, tanto sagrados como profanos, e interpreta el Repertorios \u00e1rabe, \u00e1rabe-andaluz y judeo-\u00e1rabe. Sobresale en el arte del Maww\u00e2l (improvisaciones cantadas, generalmente sobre el tema del amor).<\/p>\n<p><img decoding=\"async\" class=\"size-medium wp-image-74733 alignright\" src=\"https:\/\/www.iemj.org\/wp-content\/uploads\/2021\/12\/photo-emile-300x166.jpg\" alt=\"\" width=\"300\" height=\"166\" srcset=\"https:\/\/www.iemj.org\/wp-content\/uploads\/2021\/12\/photo-emile-300x166.jpg 300w, https:\/\/www.iemj.org\/wp-content\/uploads\/2021\/12\/photo-emile-768x425.jpg 768w, https:\/\/www.iemj.org\/wp-content\/uploads\/2021\/12\/photo-emile-600x332.jpg 600w, https:\/\/www.iemj.org\/wp-content\/uploads\/2021\/12\/photo-emile.jpg 850w\" sizes=\"(max-width: 300px) 100vw, 300px\" \/>Su talento se revel\u00f3 al mundo en la Exposici\u00f3n Mundial de M\u00fasica de 1997 en Berl\u00edn.<\/p>\n<p>Emile Zrihan es solista de la Orquesta Andaluza de Israel y ha dado numerosos conciertos en Europa, Norteam\u00e9rica e Israel.<\/p>\n<p>Entre los numerosos discos en los que aparece, destaquemos \u00abAshkelon\u00bb publicado en 1998 bajo el sello alem\u00e1n Piranha, \u00abAndalousiya\u00bb bajo el sello Koliphone, o los tres vol\u00famenes de sus \u00abcanciones judeo-marroqu\u00edes\u00bb bajo el sello NMC.<\/p>\n<p><a href=\"https:\/\/www.iemj.org\/es\/emile-zrihan\/\" target=\"_blank\" rel=\"noopener\">Escuchar la lista de reproducci\u00f3n dedicada a Emile Zrihan<\/a><\/p>\n<p><img fetchpriority=\"high\" decoding=\"async\" class=\"alignnone  wp-image-79517 alignleft\" src=\"https:\/\/www.iemj.org\/wp-content\/uploads\/2022\/02\/CD_1697_COUV_Copier-150x150.jpg\" alt=\"\" width=\"345\" height=\"345\" srcset=\"https:\/\/www.iemj.org\/wp-content\/uploads\/2022\/02\/CD_1697_COUV_Copier-150x150.jpg 150w, https:\/\/www.iemj.org\/wp-content\/uploads\/2022\/02\/CD_1697_COUV_Copier-300x300.jpg 300w, https:\/\/www.iemj.org\/wp-content\/uploads\/2022\/02\/CD_1697_COUV_Copier-100x100.jpg 100w, https:\/\/www.iemj.org\/wp-content\/uploads\/2022\/02\/CD_1697_COUV_Copier.jpg 498w\" sizes=\"(max-width: 345px) 100vw, 345px\" \/><img decoding=\"async\" class=\"wp-image-79512 aligncenter\" src=\"https:\/\/www.iemj.org\/wp-content\/uploads\/2022\/02\/CD_1750_COUV_Copier-150x150.jpg\" alt=\"\" width=\"346\" height=\"346\" srcset=\"https:\/\/www.iemj.org\/wp-content\/uploads\/2022\/02\/CD_1750_COUV_Copier-150x150.jpg 150w, https:\/\/www.iemj.org\/wp-content\/uploads\/2022\/02\/CD_1750_COUV_Copier-300x300.jpg 300w, https:\/\/www.iemj.org\/wp-content\/uploads\/2022\/02\/CD_1750_COUV_Copier-100x100.jpg 100w\" sizes=\"(max-width: 346px) 100vw, 346px\" \/><\/p>\n\n\n<div class=\"wp-block-columns is-layout-flex wp-container-core-columns-is-layout-9d6595d7 wp-block-columns-is-layout-flex\">\n<div class=\"wp-block-column is-layout-flow wp-block-column-is-layout-flow\"><\/div>\n\n\n\n<div class=\"wp-block-column is-layout-flow wp-block-column-is-layout-flow\"><\/div>\n<\/div>\n\n\n\n<figure class=\"wp-block-embed is-type-video is-provider-youtube wp-block-embed-youtube wp-embed-aspect-16-9 wp-has-aspect-ratio\"><div class=\"wp-block-embed__wrapper\">\n<iframe title=\"Maurice El Medioni Avec Emil Zrihan\" width=\"640\" height=\"360\" src=\"https:\/\/www.youtube.com\/embed\/RyKLeD_9Fb4?feature=oembed\" frameborder=\"0\" allow=\"accelerometer; autoplay; clipboard-write; encrypted-media; gyroscope; picture-in-picture; web-share\" referrerpolicy=\"strict-origin-when-cross-origin\" allowfullscreen><\/iframe>\n<\/div><\/figure>\n\n\n\n<figure class=\"wp-block-embed is-type-video is-provider-youtube wp-block-embed-youtube wp-embed-aspect-4-3 wp-has-aspect-ratio\"><div class=\"wp-block-embed__wrapper\">\n<iframe title=\"EMILE ZRIHAN - Mariage a Mogador\" width=\"640\" height=\"480\" src=\"https:\/\/www.youtube.com\/embed\/J09nM6gUbBY?feature=oembed\" frameborder=\"0\" allow=\"accelerometer; autoplay; clipboard-write; encrypted-media; gyroscope; picture-in-picture; web-share\" referrerpolicy=\"strict-origin-when-cross-origin\" allowfullscreen><\/iframe>\n<\/div><\/figure>\n\n\n\n<p><\/p>\n\n\n\n<p><\/p>\n\n\n\n<p><\/p>\n\n\n\n<p><\/p>\n\n\n\n<p><\/p>\n\n\n\n<p><\/p>\n\n\n\n<p><\/p>\n\n\n\n<p><\/p>\n\n\n\n<p><\/p>\n\n\n\n<p><\/p>\n\n\n\n<p><\/p>\n\n\n\n<p><\/p>\n\n\n\n<p><\/p>\n\n\n\n<p><\/p>\n\n\n\n<p><\/p>\n\n\n\n<div class=\"wp-block-group\"><div class=\"wp-block-group__inner-container is-layout-flow wp-block-group-is-layout-flow\">\n<div class=\"wp-block-columns is-layout-flex wp-container-core-columns-is-layout-9d6595d7 wp-block-columns-is-layout-flex\">\n<div class=\"wp-block-column is-layout-flow wp-block-column-is-layout-flow\">\n<p><\/p>\n<\/div>\n<\/div>\n<\/div><\/div>\n\n\n\n<p><\/p>\n\n\n\n<p><\/p>\n","protected":false},"excerpt":{"rendered":"<p>Nacido en Rabat (Marruecos) en 1952, Emile Zrihan (a veces escrito \u00abZrihen\u00bb) se inici\u00f3 en el canto lit\u00fargico jud\u00edo y en la m\u00fasica folcl\u00f3rica marroqu\u00ed a una edad temprana. Emigr\u00f3<\/p>\n","protected":false},"author":1048,"featured_media":74728,"comment_status":"closed","ping_status":"closed","sticky":false,"template":"","format":"standard","meta":{"_acf_changed":false,"footnotes":""},"categories":[1417],"tags":[],"technique":[],"squelettes":[],"sujet":[],"formation":[],"genre":[],"fonds":[],"tradition":[],"type-de-contenu":[],"interprete-compositeur":[],"frise":[],"type-devenement":[],"tableaux-liens-externes":[],"class_list":["post-81725","post","type-post","status-publish","format-standard","has-post-thumbnail","hentry","category-biografias-es"],"acf":[],"yoast_head":"<!-- This site is optimized with the Yoast SEO plugin v27.3 - https:\/\/yoast.com\/product\/yoast-seo-wordpress\/ -->\n<title>Zrihan, Emile - Institut Europ\u00e9en des Musiques Juives<\/title>\n<meta name=\"robots\" content=\"index, follow, max-snippet:-1, max-image-preview:large, max-video-preview:-1\" \/>\n<link rel=\"canonical\" href=\"https:\/\/www.iemj.org\/es\/zrihan-emile\/\" \/>\n<meta property=\"og:locale\" content=\"es_ES\" \/>\n<meta property=\"og:type\" content=\"article\" \/>\n<meta property=\"og:title\" content=\"Zrihan, Emile - Institut Europ\u00e9en des Musiques Juives\" \/>\n<meta property=\"og:description\" content=\"Nacido en Rabat (Marruecos) en 1952, Emile Zrihan (a veces escrito \u00abZrihen\u00bb) se inici\u00f3 en el canto lit\u00fargico jud\u00edo y en la m\u00fasica folcl\u00f3rica marroqu\u00ed a una edad temprana. Emigr\u00f3\" \/>\n<meta property=\"og:url\" content=\"https:\/\/www.iemj.org\/es\/zrihan-emile\/\" \/>\n<meta property=\"og:site_name\" content=\"Institut Europ\u00e9en des Musiques Juives\" \/>\n<meta property=\"article:publisher\" content=\"https:\/\/www.facebook.com\/MusiquesJuives\/\" \/>\n<meta property=\"article:published_time\" content=\"2021-12-14T16:30:54+00:00\" \/>\n<meta property=\"article:modified_time\" content=\"2022-04-14T13:12:54+00:00\" \/>\n<meta property=\"og:image\" content=\"https:\/\/www.iemj.org\/wp-content\/uploads\/2021\/12\/emil-zrihan-logo-e1647536100840.jpg\" \/>\n\t<meta property=\"og:image:width\" content=\"181\" \/>\n\t<meta property=\"og:image:height\" content=\"218\" \/>\n\t<meta property=\"og:image:type\" content=\"image\/jpeg\" \/>\n<meta name=\"author\" content=\"Jean-Gabriel Davis\" \/>\n<meta name=\"twitter:card\" content=\"summary_large_image\" \/>\n<meta name=\"twitter:label1\" content=\"Escrito por\" \/>\n\t<meta name=\"twitter:data1\" content=\"Jean-Gabriel Davis\" \/>\n\t<meta name=\"twitter:label2\" content=\"Tiempo de lectura\" \/>\n\t<meta name=\"twitter:data2\" content=\"2 minutos\" \/>\n<script type=\"application\/ld+json\" class=\"yoast-schema-graph\">{\"@context\":\"https:\\\/\\\/schema.org\",\"@graph\":[{\"@type\":\"Article\",\"@id\":\"https:\\\/\\\/www.iemj.org\\\/es\\\/zrihan-emile\\\/#article\",\"isPartOf\":{\"@id\":\"https:\\\/\\\/www.iemj.org\\\/es\\\/zrihan-emile\\\/\"},\"author\":{\"name\":\"Jean-Gabriel Davis\",\"@id\":\"https:\\\/\\\/www.iemj.org\\\/es\\\/#\\\/schema\\\/person\\\/c9bc1c386a3749579a2d675e72a18666\"},\"headline\":\"Zrihan, Emile\",\"datePublished\":\"2021-12-14T16:30:54+00:00\",\"dateModified\":\"2022-04-14T13:12:54+00:00\",\"mainEntityOfPage\":{\"@id\":\"https:\\\/\\\/www.iemj.org\\\/es\\\/zrihan-emile\\\/\"},\"wordCount\":267,\"publisher\":{\"@id\":\"https:\\\/\\\/www.iemj.org\\\/es\\\/#organization\"},\"image\":{\"@id\":\"https:\\\/\\\/www.iemj.org\\\/es\\\/zrihan-emile\\\/#primaryimage\"},\"thumbnailUrl\":\"https:\\\/\\\/www.iemj.org\\\/wp-content\\\/uploads\\\/2021\\\/12\\\/emil-zrihan-logo-e1647536100840.jpg\",\"articleSection\":[\"Biograf\u00edas\"],\"inLanguage\":\"es\"},{\"@type\":\"WebPage\",\"@id\":\"https:\\\/\\\/www.iemj.org\\\/es\\\/zrihan-emile\\\/\",\"url\":\"https:\\\/\\\/www.iemj.org\\\/es\\\/zrihan-emile\\\/\",\"name\":\"Zrihan, Emile - Institut Europ\u00e9en des Musiques Juives\",\"isPartOf\":{\"@id\":\"https:\\\/\\\/www.iemj.org\\\/es\\\/#website\"},\"primaryImageOfPage\":{\"@id\":\"https:\\\/\\\/www.iemj.org\\\/es\\\/zrihan-emile\\\/#primaryimage\"},\"image\":{\"@id\":\"https:\\\/\\\/www.iemj.org\\\/es\\\/zrihan-emile\\\/#primaryimage\"},\"thumbnailUrl\":\"https:\\\/\\\/www.iemj.org\\\/wp-content\\\/uploads\\\/2021\\\/12\\\/emil-zrihan-logo-e1647536100840.jpg\",\"datePublished\":\"2021-12-14T16:30:54+00:00\",\"dateModified\":\"2022-04-14T13:12:54+00:00\",\"breadcrumb\":{\"@id\":\"https:\\\/\\\/www.iemj.org\\\/es\\\/zrihan-emile\\\/#breadcrumb\"},\"inLanguage\":\"es\",\"potentialAction\":[{\"@type\":\"ReadAction\",\"target\":[\"https:\\\/\\\/www.iemj.org\\\/es\\\/zrihan-emile\\\/\"]}]},{\"@type\":\"ImageObject\",\"inLanguage\":\"es\",\"@id\":\"https:\\\/\\\/www.iemj.org\\\/es\\\/zrihan-emile\\\/#primaryimage\",\"url\":\"https:\\\/\\\/www.iemj.org\\\/wp-content\\\/uploads\\\/2021\\\/12\\\/emil-zrihan-logo-e1647536100840.jpg\",\"contentUrl\":\"https:\\\/\\\/www.iemj.org\\\/wp-content\\\/uploads\\\/2021\\\/12\\\/emil-zrihan-logo-e1647536100840.jpg\",\"width\":181,\"height\":218},{\"@type\":\"BreadcrumbList\",\"@id\":\"https:\\\/\\\/www.iemj.org\\\/es\\\/zrihan-emile\\\/#breadcrumb\",\"itemListElement\":[{\"@type\":\"ListItem\",\"position\":1,\"name\":\"Accueil\",\"item\":\"https:\\\/\\\/www.iemj.org\\\/es\\\/\"},{\"@type\":\"ListItem\",\"position\":2,\"name\":\"Zrihan, Emile\"}]},{\"@type\":\"WebSite\",\"@id\":\"https:\\\/\\\/www.iemj.org\\\/es\\\/#website\",\"url\":\"https:\\\/\\\/www.iemj.org\\\/es\\\/\",\"name\":\"Institut Europ\u00e9en des Musiques Juives\",\"description\":\"Des traditions musicales \u00e0 la port\u00e9e de tous\",\"publisher\":{\"@id\":\"https:\\\/\\\/www.iemj.org\\\/es\\\/#organization\"},\"potentialAction\":[{\"@type\":\"SearchAction\",\"target\":{\"@type\":\"EntryPoint\",\"urlTemplate\":\"https:\\\/\\\/www.iemj.org\\\/es\\\/?s={search_term_string}\"},\"query-input\":{\"@type\":\"PropertyValueSpecification\",\"valueRequired\":true,\"valueName\":\"search_term_string\"}}],\"inLanguage\":\"es\"},{\"@type\":\"Organization\",\"@id\":\"https:\\\/\\\/www.iemj.org\\\/es\\\/#organization\",\"name\":\"Institut Europ\u00e9en des Musiques Juives\",\"url\":\"https:\\\/\\\/www.iemj.org\\\/es\\\/\",\"logo\":{\"@type\":\"ImageObject\",\"inLanguage\":\"es\",\"@id\":\"https:\\\/\\\/www.iemj.org\\\/es\\\/#\\\/schema\\\/logo\\\/image\\\/\",\"url\":\"https:\\\/\\\/www.iemj.org\\\/wp-content\\\/uploads\\\/2021\\\/09\\\/Logo-IEMJ-Paypal.jpg\",\"contentUrl\":\"https:\\\/\\\/www.iemj.org\\\/wp-content\\\/uploads\\\/2021\\\/09\\\/Logo-IEMJ-Paypal.jpg\",\"width\":150,\"height\":50,\"caption\":\"Institut Europ\u00e9en des Musiques Juives\"},\"image\":{\"@id\":\"https:\\\/\\\/www.iemj.org\\\/es\\\/#\\\/schema\\\/logo\\\/image\\\/\"},\"sameAs\":[\"https:\\\/\\\/www.facebook.com\\\/MusiquesJuives\\\/\",\"https:\\\/\\\/www.instagram.com\\\/musiquesjuives\\\/\",\"https:\\\/\\\/www.youtube.com\\\/user\\\/musiquesjuives\"]},{\"@type\":\"Person\",\"@id\":\"https:\\\/\\\/www.iemj.org\\\/es\\\/#\\\/schema\\\/person\\\/c9bc1c386a3749579a2d675e72a18666\",\"name\":\"Jean-Gabriel Davis\",\"image\":{\"@type\":\"ImageObject\",\"inLanguage\":\"es\",\"@id\":\"https:\\\/\\\/secure.gravatar.com\\\/avatar\\\/2b90d67bdf392c9b3a21fab87c0fa7edaf1fb3a058172a1ffd61033fcec7aec1?s=96&d=mm&r=g\",\"url\":\"https:\\\/\\\/secure.gravatar.com\\\/avatar\\\/2b90d67bdf392c9b3a21fab87c0fa7edaf1fb3a058172a1ffd61033fcec7aec1?s=96&d=mm&r=g\",\"contentUrl\":\"https:\\\/\\\/secure.gravatar.com\\\/avatar\\\/2b90d67bdf392c9b3a21fab87c0fa7edaf1fb3a058172a1ffd61033fcec7aec1?s=96&d=mm&r=g\",\"caption\":\"Jean-Gabriel Davis\"}}]}<\/script>\n<!-- \/ Yoast SEO plugin. -->","yoast_head_json":{"title":"Zrihan, Emile - Institut Europ\u00e9en des Musiques Juives","robots":{"index":"index","follow":"follow","max-snippet":"max-snippet:-1","max-image-preview":"max-image-preview:large","max-video-preview":"max-video-preview:-1"},"canonical":"https:\/\/www.iemj.org\/es\/zrihan-emile\/","og_locale":"es_ES","og_type":"article","og_title":"Zrihan, Emile - Institut Europ\u00e9en des Musiques Juives","og_description":"Nacido en Rabat (Marruecos) en 1952, Emile Zrihan (a veces escrito \u00abZrihen\u00bb) se inici\u00f3 en el canto lit\u00fargico jud\u00edo y en la m\u00fasica folcl\u00f3rica marroqu\u00ed a una edad temprana. Emigr\u00f3","og_url":"https:\/\/www.iemj.org\/es\/zrihan-emile\/","og_site_name":"Institut Europ\u00e9en des Musiques Juives","article_publisher":"https:\/\/www.facebook.com\/MusiquesJuives\/","article_published_time":"2021-12-14T16:30:54+00:00","article_modified_time":"2022-04-14T13:12:54+00:00","og_image":[{"width":181,"height":218,"url":"https:\/\/www.iemj.org\/wp-content\/uploads\/2021\/12\/emil-zrihan-logo-e1647536100840.jpg","type":"image\/jpeg"}],"author":"Jean-Gabriel Davis","twitter_card":"summary_large_image","twitter_misc":{"Escrito por":"Jean-Gabriel Davis","Tiempo de lectura":"2 minutos"},"schema":{"@context":"https:\/\/schema.org","@graph":[{"@type":"Article","@id":"https:\/\/www.iemj.org\/es\/zrihan-emile\/#article","isPartOf":{"@id":"https:\/\/www.iemj.org\/es\/zrihan-emile\/"},"author":{"name":"Jean-Gabriel Davis","@id":"https:\/\/www.iemj.org\/es\/#\/schema\/person\/c9bc1c386a3749579a2d675e72a18666"},"headline":"Zrihan, Emile","datePublished":"2021-12-14T16:30:54+00:00","dateModified":"2022-04-14T13:12:54+00:00","mainEntityOfPage":{"@id":"https:\/\/www.iemj.org\/es\/zrihan-emile\/"},"wordCount":267,"publisher":{"@id":"https:\/\/www.iemj.org\/es\/#organization"},"image":{"@id":"https:\/\/www.iemj.org\/es\/zrihan-emile\/#primaryimage"},"thumbnailUrl":"https:\/\/www.iemj.org\/wp-content\/uploads\/2021\/12\/emil-zrihan-logo-e1647536100840.jpg","articleSection":["Biograf\u00edas"],"inLanguage":"es"},{"@type":"WebPage","@id":"https:\/\/www.iemj.org\/es\/zrihan-emile\/","url":"https:\/\/www.iemj.org\/es\/zrihan-emile\/","name":"Zrihan, Emile - Institut Europ\u00e9en des Musiques Juives","isPartOf":{"@id":"https:\/\/www.iemj.org\/es\/#website"},"primaryImageOfPage":{"@id":"https:\/\/www.iemj.org\/es\/zrihan-emile\/#primaryimage"},"image":{"@id":"https:\/\/www.iemj.org\/es\/zrihan-emile\/#primaryimage"},"thumbnailUrl":"https:\/\/www.iemj.org\/wp-content\/uploads\/2021\/12\/emil-zrihan-logo-e1647536100840.jpg","datePublished":"2021-12-14T16:30:54+00:00","dateModified":"2022-04-14T13:12:54+00:00","breadcrumb":{"@id":"https:\/\/www.iemj.org\/es\/zrihan-emile\/#breadcrumb"},"inLanguage":"es","potentialAction":[{"@type":"ReadAction","target":["https:\/\/www.iemj.org\/es\/zrihan-emile\/"]}]},{"@type":"ImageObject","inLanguage":"es","@id":"https:\/\/www.iemj.org\/es\/zrihan-emile\/#primaryimage","url":"https:\/\/www.iemj.org\/wp-content\/uploads\/2021\/12\/emil-zrihan-logo-e1647536100840.jpg","contentUrl":"https:\/\/www.iemj.org\/wp-content\/uploads\/2021\/12\/emil-zrihan-logo-e1647536100840.jpg","width":181,"height":218},{"@type":"BreadcrumbList","@id":"https:\/\/www.iemj.org\/es\/zrihan-emile\/#breadcrumb","itemListElement":[{"@type":"ListItem","position":1,"name":"Accueil","item":"https:\/\/www.iemj.org\/es\/"},{"@type":"ListItem","position":2,"name":"Zrihan, Emile"}]},{"@type":"WebSite","@id":"https:\/\/www.iemj.org\/es\/#website","url":"https:\/\/www.iemj.org\/es\/","name":"Institut Europ\u00e9en des Musiques Juives","description":"Des traditions musicales \u00e0 la port\u00e9e de tous","publisher":{"@id":"https:\/\/www.iemj.org\/es\/#organization"},"potentialAction":[{"@type":"SearchAction","target":{"@type":"EntryPoint","urlTemplate":"https:\/\/www.iemj.org\/es\/?s={search_term_string}"},"query-input":{"@type":"PropertyValueSpecification","valueRequired":true,"valueName":"search_term_string"}}],"inLanguage":"es"},{"@type":"Organization","@id":"https:\/\/www.iemj.org\/es\/#organization","name":"Institut Europ\u00e9en des Musiques Juives","url":"https:\/\/www.iemj.org\/es\/","logo":{"@type":"ImageObject","inLanguage":"es","@id":"https:\/\/www.iemj.org\/es\/#\/schema\/logo\/image\/","url":"https:\/\/www.iemj.org\/wp-content\/uploads\/2021\/09\/Logo-IEMJ-Paypal.jpg","contentUrl":"https:\/\/www.iemj.org\/wp-content\/uploads\/2021\/09\/Logo-IEMJ-Paypal.jpg","width":150,"height":50,"caption":"Institut Europ\u00e9en des Musiques Juives"},"image":{"@id":"https:\/\/www.iemj.org\/es\/#\/schema\/logo\/image\/"},"sameAs":["https:\/\/www.facebook.com\/MusiquesJuives\/","https:\/\/www.instagram.com\/musiquesjuives\/","https:\/\/www.youtube.com\/user\/musiquesjuives"]},{"@type":"Person","@id":"https:\/\/www.iemj.org\/es\/#\/schema\/person\/c9bc1c386a3749579a2d675e72a18666","name":"Jean-Gabriel Davis","image":{"@type":"ImageObject","inLanguage":"es","@id":"https:\/\/secure.gravatar.com\/avatar\/2b90d67bdf392c9b3a21fab87c0fa7edaf1fb3a058172a1ffd61033fcec7aec1?s=96&d=mm&r=g","url":"https:\/\/secure.gravatar.com\/avatar\/2b90d67bdf392c9b3a21fab87c0fa7edaf1fb3a058172a1ffd61033fcec7aec1?s=96&d=mm&r=g","contentUrl":"https:\/\/secure.gravatar.com\/avatar\/2b90d67bdf392c9b3a21fab87c0fa7edaf1fb3a058172a1ffd61033fcec7aec1?s=96&d=mm&r=g","caption":"Jean-Gabriel Davis"}}]}},"_links":{"self":[{"href":"https:\/\/www.iemj.org\/es\/wp-json\/wp\/v2\/posts\/81725","targetHints":{"allow":["GET"]}}],"collection":[{"href":"https:\/\/www.iemj.org\/es\/wp-json\/wp\/v2\/posts"}],"about":[{"href":"https:\/\/www.iemj.org\/es\/wp-json\/wp\/v2\/types\/post"}],"author":[{"embeddable":true,"href":"https:\/\/www.iemj.org\/es\/wp-json\/wp\/v2\/users\/1048"}],"replies":[{"embeddable":true,"href":"https:\/\/www.iemj.org\/es\/wp-json\/wp\/v2\/comments?post=81725"}],"version-history":[{"count":0,"href":"https:\/\/www.iemj.org\/es\/wp-json\/wp\/v2\/posts\/81725\/revisions"}],"wp:featuredmedia":[{"embeddable":true,"href":"https:\/\/www.iemj.org\/es\/wp-json\/wp\/v2\/media\/74728"}],"wp:attachment":[{"href":"https:\/\/www.iemj.org\/es\/wp-json\/wp\/v2\/media?parent=81725"}],"wp:term":[{"taxonomy":"category","embeddable":true,"href":"https:\/\/www.iemj.org\/es\/wp-json\/wp\/v2\/categories?post=81725"},{"taxonomy":"post_tag","embeddable":true,"href":"https:\/\/www.iemj.org\/es\/wp-json\/wp\/v2\/tags?post=81725"},{"taxonomy":"technique","embeddable":true,"href":"https:\/\/www.iemj.org\/es\/wp-json\/wp\/v2\/technique?post=81725"},{"taxonomy":"squelettes","embeddable":true,"href":"https:\/\/www.iemj.org\/es\/wp-json\/wp\/v2\/squelettes?post=81725"},{"taxonomy":"sujet","embeddable":true,"href":"https:\/\/www.iemj.org\/es\/wp-json\/wp\/v2\/sujet?post=81725"},{"taxonomy":"formation","embeddable":true,"href":"https:\/\/www.iemj.org\/es\/wp-json\/wp\/v2\/formation?post=81725"},{"taxonomy":"genre","embeddable":true,"href":"https:\/\/www.iemj.org\/es\/wp-json\/wp\/v2\/genre?post=81725"},{"taxonomy":"fonds","embeddable":true,"href":"https:\/\/www.iemj.org\/es\/wp-json\/wp\/v2\/fonds?post=81725"},{"taxonomy":"tradition","embeddable":true,"href":"https:\/\/www.iemj.org\/es\/wp-json\/wp\/v2\/tradition?post=81725"},{"taxonomy":"type-de-contenu","embeddable":true,"href":"https:\/\/www.iemj.org\/es\/wp-json\/wp\/v2\/type-de-contenu?post=81725"},{"taxonomy":"interprete-compositeur","embeddable":true,"href":"https:\/\/www.iemj.org\/es\/wp-json\/wp\/v2\/interprete-compositeur?post=81725"},{"taxonomy":"frise","embeddable":true,"href":"https:\/\/www.iemj.org\/es\/wp-json\/wp\/v2\/frise?post=81725"},{"taxonomy":"type-devenement","embeddable":true,"href":"https:\/\/www.iemj.org\/es\/wp-json\/wp\/v2\/type-devenement?post=81725"},{"taxonomy":"tableaux-liens-externes","embeddable":true,"href":"https:\/\/www.iemj.org\/es\/wp-json\/wp\/v2\/tableaux-liens-externes?post=81725"}],"curies":[{"name":"wp","href":"https:\/\/api.w.org\/{rel}","templated":true}]}}