{"id":82689,"date":"2018-03-27T11:30:32","date_gmt":"2018-03-27T09:30:32","guid":{"rendered":"https:\/\/www.iemj.org\/adler-israel-1925-2009\/"},"modified":"2022-04-11T12:45:25","modified_gmt":"2022-04-11T10:45:25","slug":"adler-israel-1925-2009","status":"publish","type":"post","link":"https:\/\/www.iemj.org\/es\/adler-israel-1925-2009\/","title":{"rendered":"Adler, Israel (1925-2009)"},"content":{"rendered":"<p>Nacido en 1925 en Berl\u00edn en una familia que compon\u00eda de tres hijos, Israel Adler emigr\u00f3 a Palestina con sus padres a los once a\u00f1os. All\u00ed sigui\u00f3 estudios religiosos en los yechivot de Jerusal\u00e9n y luego de Peth Tikva. A los 23 a\u00f1os, cuando se cre\u00f3 el Estado de Israel, particip\u00f3 en la guerra de independencia en el seno de Palmaj. Sin embargo, atra\u00eddo por la m\u00fasica, se instal\u00f3 en Par\u00eds en 1950 para recibir clases de piano impartidas por Lazare L\u00e9vy (Ecole Normale Sup\u00e9rieure de Musique) y clases de armon\u00eda impartidas por Georges Dandelot (Conservatorio Nacional Superior de Par\u00eds). Al mismo tiempo, se matricul\u00f3 en la escuela llamada <em>Ecole Pratique des Hautes Etudes<\/em> y en el <em>Institut de Musicologie<\/em> de la Sorbona donde obtuvo su doctorado en 1963 por su investigaci\u00f3n fundamental sobre la pr\u00e1ctica musical sabia de las comunidades jud\u00edas en Europa en los siglos 17 y 18.<\/p>\n<p>Durante sus trece a\u00f1os de estudios en Par\u00eds (1950-1963), fue nombrado como asistente del music\u00f3logo Jacques Chailley en la Sorbona y responsable de los manuscritos hebreos de la Biblioteca Nacional. Es igualmente all\u00ed que encontr\u00f3 su esposa, Mich\u00e8le, con quien tendr\u00e1 un hijo, Elie.<\/p>\n<p>En 1963, la Universidad Hebrea de Jerusal\u00e9n le propuso el puesto de Director del nuevo Departamento de M\u00fasica de la National Jewish and University Library (JNUL). Poco despu\u00e9s de su nombramiento, Adler fund\u00f3 en 1964 el Centro de Investigaci\u00f3n sobre las M\u00fasicas Jud\u00edas. M\u00e1s tarde, en 1965 fund\u00f3 la Fonoteca Nacional de Israel (le&#8217;umit Fonoteca), basada en el modelo la <em>Phonot\u00e8que de la BNF<\/em>. Hoy en d\u00eda, esa instituci\u00f3n es reconocida por ser uno de los principales centros de documentaci\u00f3n sobre las tradiciones musicales orales, jud\u00edas o no, de Israel, de Palestina y de manera m\u00e1s gobal de Medio Oriente.<\/p>\n<p>Tambi\u00e9n fundador de la Sociedad de Musicolog\u00eda israel\u00ed, en 1967, Adler sin embargo no dej\u00f3 de lado sus cargos en la investigaci\u00f3n y en la ense\u00f1anza. En 197, fue nombrado profesor agregado de Musicolog\u00eda en la Universidad de Tel Aviv, para luego, de 1975 a 1989, ser Profesor en la Universidad Hebrea de Jerusal\u00e9n, donde obtuvo en 1994 el t\u00edtulo de \u201cprofesor em\u00e9rito\u201d.<\/p>\n<p>Animado por una energ\u00eda poco com\u00fan, Adler es autor de numerosas investigaciones importantes sobre las m\u00fasicas jud\u00edas. Bibliotecario de coraz\u00f3n, su objetivo era crear, en la continuidad de las investigaciones de Abraham Zvi Idelsohn, un inventario de las fuentes musicales jud\u00edas que sea m\u00e1s completo posible. Fue con ese estado de \u00e1nimo que trabaj\u00f3 durante casi 20 a\u00f1os, con la ayuda de L\u00e9a Shalem, sobre la publicaci\u00f3n de un libro incluyendo todos los manuscritos musicales hebreos antes del 1840. Otra de sus realizaciones importantes fue la publicaci\u00f3n de una recopilaci\u00f3n conteniendo todos los escritos en hebreo sobre la m\u00fasica desde el periodo de los Geonim (589) hasta 1800.<\/p>\n<p>Otro rasgo del car\u00e1cter de Alder era su tenacidad. Mientras dirig\u00eda el Departamento de M\u00fasica de la National Jewish and University Library, se enter\u00f3 de que una mujer, viviendo en Par\u00eds, pose\u00eda una colecci\u00f3n importante de manuscritos proveniendo de la Guenizah de El Cairo. Por pura fuerza de voluntad, consigui\u00f3 convencerla que lo dejara grabar esos viejos documentos que ten\u00edan a veces m\u00e1s de 1000 a\u00f1os de existencia. \u00a1Dentro de algunos d\u00edas, miles de manuscritos \u00fanicos salieron de una caja de casi 2 por 1.20 metros de tama\u00f1o para ser clasificados y grabados!<\/p>\n<p>Durante los \u00faltimos a\u00f1os de su vida, Israel Adler se esforz\u00f3 por obtener, por parte de las autoridades ucranianas, una copia de la extraordinaria colecci\u00f3n del music\u00f3logo jud\u00edo ruso Moisei Beregovski, dejada de lado durante el per\u00edodo estalinista, y encontrada en la Biblioteca Nacional Vernadski de Kiev. Entre sus actividades, tambi\u00e9n hay que mencionar su labor editorial de numerosas partituras de m\u00fasicas jud\u00edas barrocas, entre ellas el Oratorio de Ester (1774) \u2013 obra escrita por Christiano Giuseppe Lidarti en un folleto en hebreo del Rabino Jacob Raphael Saraval \u2013 cuyo redescubrimiento fue suyo.<\/p>\n","protected":false},"excerpt":{"rendered":"<p>Nacido en 1925 en Berl\u00edn en una familia que compon\u00eda de tres hijos, Israel Adler emigr\u00f3 a Palestina con sus padres a los once a\u00f1os. All\u00ed sigui\u00f3 estudios religiosos en<\/p>\n","protected":false},"author":1052,"featured_media":82690,"comment_status":"closed","ping_status":"open","sticky":false,"template":"","format":"standard","meta":{"_acf_changed":false,"footnotes":""},"categories":[1417],"tags":[],"technique":[],"squelettes":[],"sujet":[],"formation":[],"genre":[],"fonds":[],"tradition":[],"type-de-contenu":[],"interprete-compositeur":[],"frise":[],"type-devenement":[],"tableaux-liens-externes":[],"class_list":["post-82689","post","type-post","status-publish","format-standard","has-post-thumbnail","hentry","category-biografias-es"],"acf":[],"yoast_head":"<!-- This site is optimized with the Yoast SEO plugin v27.3 - https:\/\/yoast.com\/product\/yoast-seo-wordpress\/ -->\n<title>Adler, Israel (1925-2009) - Institut Europ\u00e9en des Musiques Juives<\/title>\n<meta name=\"robots\" content=\"index, follow, max-snippet:-1, max-image-preview:large, max-video-preview:-1\" \/>\n<link rel=\"canonical\" href=\"https:\/\/www.iemj.org\/es\/adler-israel-1925-2009\/\" \/>\n<meta property=\"og:locale\" content=\"es_ES\" \/>\n<meta property=\"og:type\" content=\"article\" \/>\n<meta property=\"og:title\" content=\"Adler, Israel (1925-2009) - Institut Europ\u00e9en des Musiques Juives\" \/>\n<meta property=\"og:description\" content=\"Nacido en 1925 en Berl\u00edn en una familia que compon\u00eda de tres hijos, Israel Adler emigr\u00f3 a Palestina con sus padres a los once a\u00f1os. All\u00ed sigui\u00f3 estudios religiosos en\" \/>\n<meta property=\"og:url\" content=\"https:\/\/www.iemj.org\/es\/adler-israel-1925-2009\/\" \/>\n<meta property=\"og:site_name\" content=\"Institut Europ\u00e9en des Musiques Juives\" \/>\n<meta property=\"article:publisher\" content=\"https:\/\/www.facebook.com\/MusiquesJuives\/\" \/>\n<meta property=\"article:published_time\" content=\"2018-03-27T09:30:32+00:00\" \/>\n<meta property=\"article:modified_time\" content=\"2022-04-11T10:45:25+00:00\" \/>\n<meta property=\"og:image\" content=\"https:\/\/www.iemj.org\/wp-content\/uploads\/2018\/03\/arton3276-e1617024073851.jpg\" \/>\n\t<meta property=\"og:image:width\" content=\"167\" \/>\n\t<meta property=\"og:image:height\" content=\"218\" \/>\n\t<meta property=\"og:image:type\" content=\"image\/jpeg\" \/>\n<meta name=\"author\" content=\"Lea Couderc\" \/>\n<meta name=\"twitter:card\" content=\"summary_large_image\" \/>\n<meta name=\"twitter:label1\" content=\"Escrito por\" \/>\n\t<meta name=\"twitter:data1\" content=\"Lea Couderc\" \/>\n\t<meta name=\"twitter:label2\" content=\"Tiempo de lectura\" \/>\n\t<meta name=\"twitter:data2\" content=\"4 minutos\" \/>\n<script type=\"application\/ld+json\" class=\"yoast-schema-graph\">{\"@context\":\"https:\\\/\\\/schema.org\",\"@graph\":[{\"@type\":\"Article\",\"@id\":\"https:\\\/\\\/www.iemj.org\\\/es\\\/adler-israel-1925-2009\\\/#article\",\"isPartOf\":{\"@id\":\"https:\\\/\\\/www.iemj.org\\\/es\\\/adler-israel-1925-2009\\\/\"},\"author\":{\"name\":\"Lea Couderc\",\"@id\":\"https:\\\/\\\/www.iemj.org\\\/es\\\/#\\\/schema\\\/person\\\/e2ad57f2c4be119c7ed8ab79036807a9\"},\"headline\":\"Adler, Israel (1925-2009)\",\"datePublished\":\"2018-03-27T09:30:32+00:00\",\"dateModified\":\"2022-04-11T10:45:25+00:00\",\"mainEntityOfPage\":{\"@id\":\"https:\\\/\\\/www.iemj.org\\\/es\\\/adler-israel-1925-2009\\\/\"},\"wordCount\":703,\"publisher\":{\"@id\":\"https:\\\/\\\/www.iemj.org\\\/es\\\/#organization\"},\"image\":{\"@id\":\"https:\\\/\\\/www.iemj.org\\\/es\\\/adler-israel-1925-2009\\\/#primaryimage\"},\"thumbnailUrl\":\"https:\\\/\\\/www.iemj.org\\\/wp-content\\\/uploads\\\/2018\\\/03\\\/arton3276-e1617024073851.jpg\",\"articleSection\":[\"Biograf\u00edas\"],\"inLanguage\":\"es\"},{\"@type\":\"WebPage\",\"@id\":\"https:\\\/\\\/www.iemj.org\\\/es\\\/adler-israel-1925-2009\\\/\",\"url\":\"https:\\\/\\\/www.iemj.org\\\/es\\\/adler-israel-1925-2009\\\/\",\"name\":\"Adler, Israel (1925-2009) - Institut Europ\u00e9en des Musiques Juives\",\"isPartOf\":{\"@id\":\"https:\\\/\\\/www.iemj.org\\\/es\\\/#website\"},\"primaryImageOfPage\":{\"@id\":\"https:\\\/\\\/www.iemj.org\\\/es\\\/adler-israel-1925-2009\\\/#primaryimage\"},\"image\":{\"@id\":\"https:\\\/\\\/www.iemj.org\\\/es\\\/adler-israel-1925-2009\\\/#primaryimage\"},\"thumbnailUrl\":\"https:\\\/\\\/www.iemj.org\\\/wp-content\\\/uploads\\\/2018\\\/03\\\/arton3276-e1617024073851.jpg\",\"datePublished\":\"2018-03-27T09:30:32+00:00\",\"dateModified\":\"2022-04-11T10:45:25+00:00\",\"breadcrumb\":{\"@id\":\"https:\\\/\\\/www.iemj.org\\\/es\\\/adler-israel-1925-2009\\\/#breadcrumb\"},\"inLanguage\":\"es\",\"potentialAction\":[{\"@type\":\"ReadAction\",\"target\":[\"https:\\\/\\\/www.iemj.org\\\/es\\\/adler-israel-1925-2009\\\/\"]}]},{\"@type\":\"ImageObject\",\"inLanguage\":\"es\",\"@id\":\"https:\\\/\\\/www.iemj.org\\\/es\\\/adler-israel-1925-2009\\\/#primaryimage\",\"url\":\"https:\\\/\\\/www.iemj.org\\\/wp-content\\\/uploads\\\/2018\\\/03\\\/arton3276-e1617024073851.jpg\",\"contentUrl\":\"https:\\\/\\\/www.iemj.org\\\/wp-content\\\/uploads\\\/2018\\\/03\\\/arton3276-e1617024073851.jpg\",\"width\":167,\"height\":218},{\"@type\":\"BreadcrumbList\",\"@id\":\"https:\\\/\\\/www.iemj.org\\\/es\\\/adler-israel-1925-2009\\\/#breadcrumb\",\"itemListElement\":[{\"@type\":\"ListItem\",\"position\":1,\"name\":\"Accueil\",\"item\":\"https:\\\/\\\/www.iemj.org\\\/es\\\/\"},{\"@type\":\"ListItem\",\"position\":2,\"name\":\"Adler, Israel (1925-2009)\"}]},{\"@type\":\"WebSite\",\"@id\":\"https:\\\/\\\/www.iemj.org\\\/es\\\/#website\",\"url\":\"https:\\\/\\\/www.iemj.org\\\/es\\\/\",\"name\":\"Institut Europ\u00e9en des Musiques Juives\",\"description\":\"Des traditions musicales \u00e0 la port\u00e9e de tous\",\"publisher\":{\"@id\":\"https:\\\/\\\/www.iemj.org\\\/es\\\/#organization\"},\"potentialAction\":[{\"@type\":\"SearchAction\",\"target\":{\"@type\":\"EntryPoint\",\"urlTemplate\":\"https:\\\/\\\/www.iemj.org\\\/es\\\/?s={search_term_string}\"},\"query-input\":{\"@type\":\"PropertyValueSpecification\",\"valueRequired\":true,\"valueName\":\"search_term_string\"}}],\"inLanguage\":\"es\"},{\"@type\":\"Organization\",\"@id\":\"https:\\\/\\\/www.iemj.org\\\/es\\\/#organization\",\"name\":\"Institut Europ\u00e9en des Musiques Juives\",\"url\":\"https:\\\/\\\/www.iemj.org\\\/es\\\/\",\"logo\":{\"@type\":\"ImageObject\",\"inLanguage\":\"es\",\"@id\":\"https:\\\/\\\/www.iemj.org\\\/es\\\/#\\\/schema\\\/logo\\\/image\\\/\",\"url\":\"https:\\\/\\\/www.iemj.org\\\/wp-content\\\/uploads\\\/2021\\\/09\\\/Logo-IEMJ-Paypal.jpg\",\"contentUrl\":\"https:\\\/\\\/www.iemj.org\\\/wp-content\\\/uploads\\\/2021\\\/09\\\/Logo-IEMJ-Paypal.jpg\",\"width\":150,\"height\":50,\"caption\":\"Institut Europ\u00e9en des Musiques Juives\"},\"image\":{\"@id\":\"https:\\\/\\\/www.iemj.org\\\/es\\\/#\\\/schema\\\/logo\\\/image\\\/\"},\"sameAs\":[\"https:\\\/\\\/www.facebook.com\\\/MusiquesJuives\\\/\",\"https:\\\/\\\/www.instagram.com\\\/musiquesjuives\\\/\",\"https:\\\/\\\/www.youtube.com\\\/user\\\/musiquesjuives\"]},{\"@type\":\"Person\",\"@id\":\"https:\\\/\\\/www.iemj.org\\\/es\\\/#\\\/schema\\\/person\\\/e2ad57f2c4be119c7ed8ab79036807a9\",\"name\":\"Lea Couderc\",\"image\":{\"@type\":\"ImageObject\",\"inLanguage\":\"es\",\"@id\":\"https:\\\/\\\/secure.gravatar.com\\\/avatar\\\/46ee021475d60aeff17a7e490b79dea5a5684bb392ab7fd1494027411df8ba23?s=96&d=mm&r=g\",\"url\":\"https:\\\/\\\/secure.gravatar.com\\\/avatar\\\/46ee021475d60aeff17a7e490b79dea5a5684bb392ab7fd1494027411df8ba23?s=96&d=mm&r=g\",\"contentUrl\":\"https:\\\/\\\/secure.gravatar.com\\\/avatar\\\/46ee021475d60aeff17a7e490b79dea5a5684bb392ab7fd1494027411df8ba23?s=96&d=mm&r=g\",\"caption\":\"Lea Couderc\"}}]}<\/script>\n<!-- \/ Yoast SEO plugin. -->","yoast_head_json":{"title":"Adler, Israel (1925-2009) - Institut Europ\u00e9en des Musiques Juives","robots":{"index":"index","follow":"follow","max-snippet":"max-snippet:-1","max-image-preview":"max-image-preview:large","max-video-preview":"max-video-preview:-1"},"canonical":"https:\/\/www.iemj.org\/es\/adler-israel-1925-2009\/","og_locale":"es_ES","og_type":"article","og_title":"Adler, Israel (1925-2009) - Institut Europ\u00e9en des Musiques Juives","og_description":"Nacido en 1925 en Berl\u00edn en una familia que compon\u00eda de tres hijos, Israel Adler emigr\u00f3 a Palestina con sus padres a los once a\u00f1os. All\u00ed sigui\u00f3 estudios religiosos en","og_url":"https:\/\/www.iemj.org\/es\/adler-israel-1925-2009\/","og_site_name":"Institut Europ\u00e9en des Musiques Juives","article_publisher":"https:\/\/www.facebook.com\/MusiquesJuives\/","article_published_time":"2018-03-27T09:30:32+00:00","article_modified_time":"2022-04-11T10:45:25+00:00","og_image":[{"width":167,"height":218,"url":"https:\/\/www.iemj.org\/wp-content\/uploads\/2018\/03\/arton3276-e1617024073851.jpg","type":"image\/jpeg"}],"author":"Lea Couderc","twitter_card":"summary_large_image","twitter_misc":{"Escrito por":"Lea Couderc","Tiempo de lectura":"4 minutos"},"schema":{"@context":"https:\/\/schema.org","@graph":[{"@type":"Article","@id":"https:\/\/www.iemj.org\/es\/adler-israel-1925-2009\/#article","isPartOf":{"@id":"https:\/\/www.iemj.org\/es\/adler-israel-1925-2009\/"},"author":{"name":"Lea Couderc","@id":"https:\/\/www.iemj.org\/es\/#\/schema\/person\/e2ad57f2c4be119c7ed8ab79036807a9"},"headline":"Adler, Israel (1925-2009)","datePublished":"2018-03-27T09:30:32+00:00","dateModified":"2022-04-11T10:45:25+00:00","mainEntityOfPage":{"@id":"https:\/\/www.iemj.org\/es\/adler-israel-1925-2009\/"},"wordCount":703,"publisher":{"@id":"https:\/\/www.iemj.org\/es\/#organization"},"image":{"@id":"https:\/\/www.iemj.org\/es\/adler-israel-1925-2009\/#primaryimage"},"thumbnailUrl":"https:\/\/www.iemj.org\/wp-content\/uploads\/2018\/03\/arton3276-e1617024073851.jpg","articleSection":["Biograf\u00edas"],"inLanguage":"es"},{"@type":"WebPage","@id":"https:\/\/www.iemj.org\/es\/adler-israel-1925-2009\/","url":"https:\/\/www.iemj.org\/es\/adler-israel-1925-2009\/","name":"Adler, Israel (1925-2009) - Institut Europ\u00e9en des Musiques Juives","isPartOf":{"@id":"https:\/\/www.iemj.org\/es\/#website"},"primaryImageOfPage":{"@id":"https:\/\/www.iemj.org\/es\/adler-israel-1925-2009\/#primaryimage"},"image":{"@id":"https:\/\/www.iemj.org\/es\/adler-israel-1925-2009\/#primaryimage"},"thumbnailUrl":"https:\/\/www.iemj.org\/wp-content\/uploads\/2018\/03\/arton3276-e1617024073851.jpg","datePublished":"2018-03-27T09:30:32+00:00","dateModified":"2022-04-11T10:45:25+00:00","breadcrumb":{"@id":"https:\/\/www.iemj.org\/es\/adler-israel-1925-2009\/#breadcrumb"},"inLanguage":"es","potentialAction":[{"@type":"ReadAction","target":["https:\/\/www.iemj.org\/es\/adler-israel-1925-2009\/"]}]},{"@type":"ImageObject","inLanguage":"es","@id":"https:\/\/www.iemj.org\/es\/adler-israel-1925-2009\/#primaryimage","url":"https:\/\/www.iemj.org\/wp-content\/uploads\/2018\/03\/arton3276-e1617024073851.jpg","contentUrl":"https:\/\/www.iemj.org\/wp-content\/uploads\/2018\/03\/arton3276-e1617024073851.jpg","width":167,"height":218},{"@type":"BreadcrumbList","@id":"https:\/\/www.iemj.org\/es\/adler-israel-1925-2009\/#breadcrumb","itemListElement":[{"@type":"ListItem","position":1,"name":"Accueil","item":"https:\/\/www.iemj.org\/es\/"},{"@type":"ListItem","position":2,"name":"Adler, Israel (1925-2009)"}]},{"@type":"WebSite","@id":"https:\/\/www.iemj.org\/es\/#website","url":"https:\/\/www.iemj.org\/es\/","name":"Institut Europ\u00e9en des Musiques Juives","description":"Des traditions musicales \u00e0 la port\u00e9e de tous","publisher":{"@id":"https:\/\/www.iemj.org\/es\/#organization"},"potentialAction":[{"@type":"SearchAction","target":{"@type":"EntryPoint","urlTemplate":"https:\/\/www.iemj.org\/es\/?s={search_term_string}"},"query-input":{"@type":"PropertyValueSpecification","valueRequired":true,"valueName":"search_term_string"}}],"inLanguage":"es"},{"@type":"Organization","@id":"https:\/\/www.iemj.org\/es\/#organization","name":"Institut Europ\u00e9en des Musiques Juives","url":"https:\/\/www.iemj.org\/es\/","logo":{"@type":"ImageObject","inLanguage":"es","@id":"https:\/\/www.iemj.org\/es\/#\/schema\/logo\/image\/","url":"https:\/\/www.iemj.org\/wp-content\/uploads\/2021\/09\/Logo-IEMJ-Paypal.jpg","contentUrl":"https:\/\/www.iemj.org\/wp-content\/uploads\/2021\/09\/Logo-IEMJ-Paypal.jpg","width":150,"height":50,"caption":"Institut Europ\u00e9en des Musiques Juives"},"image":{"@id":"https:\/\/www.iemj.org\/es\/#\/schema\/logo\/image\/"},"sameAs":["https:\/\/www.facebook.com\/MusiquesJuives\/","https:\/\/www.instagram.com\/musiquesjuives\/","https:\/\/www.youtube.com\/user\/musiquesjuives"]},{"@type":"Person","@id":"https:\/\/www.iemj.org\/es\/#\/schema\/person\/e2ad57f2c4be119c7ed8ab79036807a9","name":"Lea Couderc","image":{"@type":"ImageObject","inLanguage":"es","@id":"https:\/\/secure.gravatar.com\/avatar\/46ee021475d60aeff17a7e490b79dea5a5684bb392ab7fd1494027411df8ba23?s=96&d=mm&r=g","url":"https:\/\/secure.gravatar.com\/avatar\/46ee021475d60aeff17a7e490b79dea5a5684bb392ab7fd1494027411df8ba23?s=96&d=mm&r=g","contentUrl":"https:\/\/secure.gravatar.com\/avatar\/46ee021475d60aeff17a7e490b79dea5a5684bb392ab7fd1494027411df8ba23?s=96&d=mm&r=g","caption":"Lea Couderc"}}]}},"_links":{"self":[{"href":"https:\/\/www.iemj.org\/es\/wp-json\/wp\/v2\/posts\/82689","targetHints":{"allow":["GET"]}}],"collection":[{"href":"https:\/\/www.iemj.org\/es\/wp-json\/wp\/v2\/posts"}],"about":[{"href":"https:\/\/www.iemj.org\/es\/wp-json\/wp\/v2\/types\/post"}],"author":[{"embeddable":true,"href":"https:\/\/www.iemj.org\/es\/wp-json\/wp\/v2\/users\/1052"}],"replies":[{"embeddable":true,"href":"https:\/\/www.iemj.org\/es\/wp-json\/wp\/v2\/comments?post=82689"}],"version-history":[{"count":0,"href":"https:\/\/www.iemj.org\/es\/wp-json\/wp\/v2\/posts\/82689\/revisions"}],"wp:featuredmedia":[{"embeddable":true,"href":"https:\/\/www.iemj.org\/es\/wp-json\/wp\/v2\/media\/82690"}],"wp:attachment":[{"href":"https:\/\/www.iemj.org\/es\/wp-json\/wp\/v2\/media?parent=82689"}],"wp:term":[{"taxonomy":"category","embeddable":true,"href":"https:\/\/www.iemj.org\/es\/wp-json\/wp\/v2\/categories?post=82689"},{"taxonomy":"post_tag","embeddable":true,"href":"https:\/\/www.iemj.org\/es\/wp-json\/wp\/v2\/tags?post=82689"},{"taxonomy":"technique","embeddable":true,"href":"https:\/\/www.iemj.org\/es\/wp-json\/wp\/v2\/technique?post=82689"},{"taxonomy":"squelettes","embeddable":true,"href":"https:\/\/www.iemj.org\/es\/wp-json\/wp\/v2\/squelettes?post=82689"},{"taxonomy":"sujet","embeddable":true,"href":"https:\/\/www.iemj.org\/es\/wp-json\/wp\/v2\/sujet?post=82689"},{"taxonomy":"formation","embeddable":true,"href":"https:\/\/www.iemj.org\/es\/wp-json\/wp\/v2\/formation?post=82689"},{"taxonomy":"genre","embeddable":true,"href":"https:\/\/www.iemj.org\/es\/wp-json\/wp\/v2\/genre?post=82689"},{"taxonomy":"fonds","embeddable":true,"href":"https:\/\/www.iemj.org\/es\/wp-json\/wp\/v2\/fonds?post=82689"},{"taxonomy":"tradition","embeddable":true,"href":"https:\/\/www.iemj.org\/es\/wp-json\/wp\/v2\/tradition?post=82689"},{"taxonomy":"type-de-contenu","embeddable":true,"href":"https:\/\/www.iemj.org\/es\/wp-json\/wp\/v2\/type-de-contenu?post=82689"},{"taxonomy":"interprete-compositeur","embeddable":true,"href":"https:\/\/www.iemj.org\/es\/wp-json\/wp\/v2\/interprete-compositeur?post=82689"},{"taxonomy":"frise","embeddable":true,"href":"https:\/\/www.iemj.org\/es\/wp-json\/wp\/v2\/frise?post=82689"},{"taxonomy":"type-devenement","embeddable":true,"href":"https:\/\/www.iemj.org\/es\/wp-json\/wp\/v2\/type-devenement?post=82689"},{"taxonomy":"tableaux-liens-externes","embeddable":true,"href":"https:\/\/www.iemj.org\/es\/wp-json\/wp\/v2\/tableaux-liens-externes?post=82689"}],"curies":[{"name":"wp","href":"https:\/\/api.w.org\/{rel}","templated":true}]}}