{"id":82698,"date":"2013-05-16T12:56:45","date_gmt":"2013-05-16T10:56:45","guid":{"rendered":"https:\/\/www.iemj.org\/alkan-charles-valentin-1813-1888\/"},"modified":"2022-04-11T15:13:51","modified_gmt":"2022-04-11T13:13:51","slug":"alkan-charles-valentin-1813-1888","status":"publish","type":"post","link":"https:\/\/www.iemj.org\/es\/alkan-charles-valentin-1813-1888\/","title":{"rendered":"Alkan, Charles-Valentin (1813-1888)"},"content":{"rendered":"<p>Charles-Valentin Alkan (30 de noviembre de 1813 \u2013 29 de marzo de 1888), compositor y m\u00fasico tan precoz como Mozart, dotado de una t\u00e9cnica tan s\u00f3lida como la de Liszt, amigo de Chopin (que, despu\u00e9s de su muerte, le \u201cdej\u00f3\u201d sus alumnos), fue reconocido de todos los tiempos como un pianista excepcional en la tradici\u00f3n de gran virtuosismo de la epoca rom\u00e1ntica.<\/p>\n<p>Alkan naci\u00f3 y muri\u00f3 en la fe jud\u00eda. Con sus hermanos, compartiendo el apellido de nacimiento <em>Morhange<\/em>, decidi\u00f3 usar como patron\u00edmico el nombre hebreo de su padre y se volvi\u00f3 Charles-Valentin Alkan, mayor. Dominando muchas lenguas antiguas (hebreo, lat\u00edn, siriaco), tradujo el Antiguo y el Nuevo Testamento. Escribi\u00f3 a un amigo jud\u00edo alem\u00e1n, Stephen Heller, que es preferible ser jud\u00edo para entender bien el Nuevo Testamento&#8230; pero destruy\u00f3 su traducci\u00f3n. Tambi\u00e9n quiso transcribir la Biblia en m\u00fasica, pero nunce lo har\u00e1.<\/p>\n<p>Se quedaba muy discreto y se hab\u00eda construido una reputaci\u00f3n de mis\u00e1ntropo, especialemente despu\u00e9s de su derrota de 1848, deseando el cargo de profesor de piano en el Conservatorio, finalmente asignado a Marmontel. Sin embargo, era un pedagogo famoso y se ganaba la vida impartiendo clases.<\/p>\n<p>Colabor\u00f3 discretamente con el Consistorio para la transformaci\u00f3n y la unificaci\u00f3n de la liturgia, pero s\u00f3lo compondr\u00e1 2 trozos lit\u00fargicos a petici\u00f3n del hazan Samuel Naumbourg (<em>Ets Khayim et Hallelujah<\/em><span class=\"footnote_referrer\"><a role=\"button\" tabindex=\"0\" onclick=\"footnote_moveToReference_82698_1('footnote_plugin_reference_82698_1_1');\" onkeypress=\"footnote_moveToReference_82698_1('footnote_plugin_reference_82698_1_1');\" ><sup id=\"footnote_plugin_tooltip_82698_1_1\" class=\"footnote_plugin_tooltip_text\">[1]<\/sup><\/a><span id=\"footnote_plugin_tooltip_text_82698_1_1\" class=\"footnote_tooltip\">Algunas grabaciones y partituras pueden ser consultadas en el Institut Europ\u00e9en des Musiques Juives.<\/span><\/span><script type=\"text\/javascript\"> jQuery('#footnote_plugin_tooltip_82698_1_1').tooltip({ tip: '#footnote_plugin_tooltip_text_82698_1_1', tipClass: 'footnote_tooltip', effect: 'fade', predelay: 0, fadeInSpeed: 200, delay: 400, fadeOutSpeed: 200, position: 'top center', relative: true, offset: [-7, 0], });<\/script>).<\/p>\n<p>Acept\u00f3 el cargo de organista de la sinagoga de la calle Notre Dame de Nazareth (la primera de las grandes sinagogas erigidas en Par\u00eds en el siglo XIX, antes de la Victoria, los Tournelles, Buffault&#8230;) para al final dimitir algunos d\u00edas despu\u00e9s&#8230; Redact\u00f3 una recopilaci\u00f3n de <em>Pri\u00e8res pour orgue<\/em>, algunas con un texto en hebreo en evidencia, pero esos trozos, de muy buena calidad, son tan composiciones libres como oraciones. Escribi\u00f3 una <em>Paraphrase sur le Psaume 137<\/em> (Al N&#8217;harot Bavel), pero le dio el t\u00edtulo en lat\u00edn <em>Super flumina Babylonis<\/em>, y la obra fue dedicada a un abad. Las letras de su Psaume 41 (Salmo) son igualmente en lat\u00edn.<\/p>\n<p>Escribi\u00f3 cortas <em>Melod\u00edas jud\u00edas<\/em>, pero la primera (Adon Olom Acher Moloch, pronunciando como en asquenaz\u00ed) lleva como letra <em>Andon \u00d4lom, Ansch\u00e9r molc&#8217;h<\/em>, sin realmente saber, Alkan no dejaba nada al azar, la causa o el origen de esas modificaciones. La tercera es una melod\u00eda&#8230; sin letra, para \u00f3rgano, sobre un tema ya utilizado por Benedetto Marcello (lo demostr\u00f3 la music\u00f3loga Anny Kessous-Dreyfus), compositor veneciano del siglo XVIII, cristiano interesado por la liturgia jud\u00eda. Adem\u00e1s, esas melod\u00edas eran dedicadas a una arist\u00f3crata rusa, Zina de Mansouroff, que no conocemos para nada (\u00bfquiz\u00e1s era una alumna, o una amante?). S\u00f3lo sabemos que se convertir\u00e1 en la dama de compa\u00f1\u00eda de la zarina, cargo que no tiene mucha relaci\u00f3n con la melod\u00eda jud\u00eda.<\/p>\n<p>Alkan cita al profeta Miqueas, puesto de relieve en el 3er movimiento (adagio) de su <em>Grande Sonate pour piano et violoncelle<\/em>, es sin duda su obra m\u00e1s exitosa, y de aspecto perfectamente profano. Ese tercer movimiento fue escrito en do mayor, en este caso es una tonalidad meditativa que encontramos en <em>Ets Khayim<\/em>.<\/p>\n<p>Alkan muri\u00f3 en 1888, aplastado por su biblioteca, mientras estaba buscando el Talmud, seg\u00fan la leyenda, probablemente falsa, pero apropiado a ese gran hombre. Fue enterrado en la secci\u00f3n israelita del cementerio de Montmartre, un domingo de Pascua.<\/p>\n<p>En su testamento, leg\u00f3 una parte de sus bienes a su hijo biol\u00f3gico Elie Miriam Delaborde y a su hermano menor Napol\u00e9on Alkan (ambos pianistas de alto nivel), previ\u00f3 una renta para un concurso anual de cantatas sobre temas b\u00edblicos, un concurso que nunca saldr\u00e1 a la luz.<\/p>\n<p><a href=\"http:\/\/www.alkansociety.org\/\" target=\"_blank\" rel=\"noopener\">M\u00e1s informaci\u00f3n sobre Charles-Valentin Alkan<\/a><br \/><a href=\"http:\/\/alkan.assos.free.fr\/alkan\/04_partitions_fr_2.html\" target=\"_blank\" rel=\"noopener\">Consultar partituras en l\u00ednea de Charles-Valentin Alkan<\/a><br \/><a href=\"http:\/\/www.rachelnet.net\/F\/?func=find-c&amp;ccl_term=WRD+%3D+alkan&amp;local_base=iemcg\" target=\"_blank\" rel=\"noopener\">Consultar nuestros archivos sobre Charles-Valentin Alkan<\/a><\/p>\n\n\n<p><\/p>\n<div class=\"speaker-mute footnotes_reference_container\"> <div class=\"footnote_container_prepare\"><p><span role=\"button\" tabindex=\"0\" class=\"footnote_reference_container_label pointer\" onclick=\"footnote_expand_collapse_reference_container_82698_1();\">&#x202F;<\/span><span role=\"button\" tabindex=\"0\" class=\"footnote_reference_container_collapse_button\" style=\"display: none;\" onclick=\"footnote_expand_collapse_reference_container_82698_1();\">[<a id=\"footnote_reference_container_collapse_button_82698_1\">+<\/a>]<\/span><\/p><\/div> <div id=\"footnote_references_container_82698_1\" style=\"\"><table class=\"footnotes_table footnote-reference-container\"><caption class=\"accessibility\">References<\/caption> <tbody> \r\n\r\n<tr class=\"footnotes_plugin_reference_row\"> <th scope=\"row\" class=\"footnote_plugin_index_combi pointer\"  onclick=\"footnote_moveToAnchor_82698_1('footnote_plugin_tooltip_82698_1_1');\"><a id=\"footnote_plugin_reference_82698_1_1\" class=\"footnote_backlink\">1<\/a><\/th> <td class=\"footnote_plugin_text\">Algunas grabaciones y partituras pueden ser consultadas en el Institut Europ\u00e9en des Musiques Juives.<\/td><\/tr>\r\n\r\n <\/tbody> <\/table> <\/div><\/div><script type=\"text\/javascript\"> function footnote_expand_reference_container_82698_1() { jQuery('#footnote_references_container_82698_1').show(); jQuery('#footnote_reference_container_collapse_button_82698_1').text('\u2212'); } function footnote_collapse_reference_container_82698_1() { jQuery('#footnote_references_container_82698_1').hide(); jQuery('#footnote_reference_container_collapse_button_82698_1').text('+'); } function footnote_expand_collapse_reference_container_82698_1() { if (jQuery('#footnote_references_container_82698_1').is(':hidden')) { footnote_expand_reference_container_82698_1(); } else { footnote_collapse_reference_container_82698_1(); } } function footnote_moveToReference_82698_1(p_str_TargetID) { footnote_expand_reference_container_82698_1(); var l_obj_Target = jQuery('#' + p_str_TargetID); if (l_obj_Target.length) { jQuery( 'html, body' ).delay( 0 ); jQuery('html, body').animate({ scrollTop: l_obj_Target.offset().top - window.innerHeight * 0.2 }, 380); } } function footnote_moveToAnchor_82698_1(p_str_TargetID) { footnote_expand_reference_container_82698_1(); var l_obj_Target = jQuery('#' + p_str_TargetID); if (l_obj_Target.length) { jQuery( 'html, body' ).delay( 0 ); jQuery('html, body').animate({ scrollTop: l_obj_Target.offset().top - window.innerHeight * 0.2 }, 380); } }<\/script>","protected":false},"excerpt":{"rendered":"<p>Charles-Valentin Alkan (30 de noviembre de 1813 \u2013 29 de marzo de 1888), compositor y m\u00fasico tan precoz como Mozart, dotado de una t\u00e9cnica tan s\u00f3lida como la de Liszt,<\/p>\n","protected":false},"author":1050,"featured_media":51286,"comment_status":"closed","ping_status":"open","sticky":false,"template":"","format":"standard","meta":{"_acf_changed":false,"footnotes":""},"categories":[1417],"tags":[],"technique":[],"squelettes":[],"sujet":[],"formation":[],"genre":[],"fonds":[],"tradition":[],"type-de-contenu":[],"interprete-compositeur":[],"frise":[],"type-devenement":[],"tableaux-liens-externes":[],"class_list":["post-82698","post","type-post","status-publish","format-standard","has-post-thumbnail","hentry","category-biografias-es"],"acf":[],"yoast_head":"<!-- This site is optimized with the Yoast SEO plugin v27.3 - https:\/\/yoast.com\/product\/yoast-seo-wordpress\/ -->\n<title>Alkan, Charles-Valentin (1813-1888) - Institut Europ\u00e9en des Musiques Juives<\/title>\n<meta name=\"robots\" content=\"index, follow, max-snippet:-1, max-image-preview:large, max-video-preview:-1\" \/>\n<link rel=\"canonical\" href=\"https:\/\/www.iemj.org\/es\/alkan-charles-valentin-1813-1888\/\" \/>\n<meta property=\"og:locale\" content=\"es_ES\" \/>\n<meta property=\"og:type\" content=\"article\" \/>\n<meta property=\"og:title\" content=\"Alkan, Charles-Valentin (1813-1888) - Institut Europ\u00e9en des Musiques Juives\" \/>\n<meta property=\"og:description\" content=\"Charles-Valentin Alkan (30 de noviembre de 1813 \u2013 29 de marzo de 1888), compositor y m\u00fasico tan precoz como Mozart, dotado de una t\u00e9cnica tan s\u00f3lida como la de Liszt,\" \/>\n<meta property=\"og:url\" content=\"https:\/\/www.iemj.org\/es\/alkan-charles-valentin-1813-1888\/\" \/>\n<meta property=\"og:site_name\" content=\"Institut Europ\u00e9en des Musiques Juives\" \/>\n<meta property=\"article:publisher\" content=\"https:\/\/www.facebook.com\/MusiquesJuives\/\" \/>\n<meta property=\"article:published_time\" content=\"2013-05-16T10:56:45+00:00\" \/>\n<meta property=\"article:modified_time\" content=\"2022-04-11T13:13:51+00:00\" \/>\n<meta property=\"og:image\" content=\"https:\/\/www.iemj.org\/wp-content\/uploads\/2013\/05\/arton696-e1649674884655.jpg\" \/>\n\t<meta property=\"og:image:width\" content=\"164\" \/>\n\t<meta property=\"og:image:height\" content=\"218\" \/>\n\t<meta property=\"og:image:type\" content=\"image\/jpeg\" \/>\n<meta name=\"author\" content=\"ncochin\" \/>\n<meta name=\"twitter:card\" content=\"summary_large_image\" \/>\n<meta name=\"twitter:label1\" content=\"Escrito por\" \/>\n\t<meta name=\"twitter:data1\" content=\"ncochin\" \/>\n\t<meta name=\"twitter:label2\" content=\"Tiempo de lectura\" \/>\n\t<meta name=\"twitter:data2\" content=\"4 minutos\" \/>\n<script type=\"application\/ld+json\" class=\"yoast-schema-graph\">{\"@context\":\"https:\\\/\\\/schema.org\",\"@graph\":[{\"@type\":\"Article\",\"@id\":\"https:\\\/\\\/www.iemj.org\\\/es\\\/alkan-charles-valentin-1813-1888\\\/#article\",\"isPartOf\":{\"@id\":\"https:\\\/\\\/www.iemj.org\\\/es\\\/alkan-charles-valentin-1813-1888\\\/\"},\"author\":{\"name\":\"ncochin\",\"@id\":\"https:\\\/\\\/www.iemj.org\\\/es\\\/#\\\/schema\\\/person\\\/f826ad11b0cd58dd99babe0a3fbcb86e\"},\"headline\":\"Alkan, Charles-Valentin (1813-1888)\",\"datePublished\":\"2013-05-16T10:56:45+00:00\",\"dateModified\":\"2022-04-11T13:13:51+00:00\",\"mainEntityOfPage\":{\"@id\":\"https:\\\/\\\/www.iemj.org\\\/es\\\/alkan-charles-valentin-1813-1888\\\/\"},\"wordCount\":671,\"publisher\":{\"@id\":\"https:\\\/\\\/www.iemj.org\\\/es\\\/#organization\"},\"image\":{\"@id\":\"https:\\\/\\\/www.iemj.org\\\/es\\\/alkan-charles-valentin-1813-1888\\\/#primaryimage\"},\"thumbnailUrl\":\"https:\\\/\\\/www.iemj.org\\\/wp-content\\\/uploads\\\/2013\\\/05\\\/arton696-e1649674884655.jpg\",\"articleSection\":[\"Biograf\u00edas\"],\"inLanguage\":\"es\"},{\"@type\":\"WebPage\",\"@id\":\"https:\\\/\\\/www.iemj.org\\\/es\\\/alkan-charles-valentin-1813-1888\\\/\",\"url\":\"https:\\\/\\\/www.iemj.org\\\/es\\\/alkan-charles-valentin-1813-1888\\\/\",\"name\":\"Alkan, Charles-Valentin (1813-1888) - Institut Europ\u00e9en des Musiques Juives\",\"isPartOf\":{\"@id\":\"https:\\\/\\\/www.iemj.org\\\/es\\\/#website\"},\"primaryImageOfPage\":{\"@id\":\"https:\\\/\\\/www.iemj.org\\\/es\\\/alkan-charles-valentin-1813-1888\\\/#primaryimage\"},\"image\":{\"@id\":\"https:\\\/\\\/www.iemj.org\\\/es\\\/alkan-charles-valentin-1813-1888\\\/#primaryimage\"},\"thumbnailUrl\":\"https:\\\/\\\/www.iemj.org\\\/wp-content\\\/uploads\\\/2013\\\/05\\\/arton696-e1649674884655.jpg\",\"datePublished\":\"2013-05-16T10:56:45+00:00\",\"dateModified\":\"2022-04-11T13:13:51+00:00\",\"breadcrumb\":{\"@id\":\"https:\\\/\\\/www.iemj.org\\\/es\\\/alkan-charles-valentin-1813-1888\\\/#breadcrumb\"},\"inLanguage\":\"es\",\"potentialAction\":[{\"@type\":\"ReadAction\",\"target\":[\"https:\\\/\\\/www.iemj.org\\\/es\\\/alkan-charles-valentin-1813-1888\\\/\"]}]},{\"@type\":\"ImageObject\",\"inLanguage\":\"es\",\"@id\":\"https:\\\/\\\/www.iemj.org\\\/es\\\/alkan-charles-valentin-1813-1888\\\/#primaryimage\",\"url\":\"https:\\\/\\\/www.iemj.org\\\/wp-content\\\/uploads\\\/2013\\\/05\\\/arton696-e1649674884655.jpg\",\"contentUrl\":\"https:\\\/\\\/www.iemj.org\\\/wp-content\\\/uploads\\\/2013\\\/05\\\/arton696-e1649674884655.jpg\",\"width\":164,\"height\":218},{\"@type\":\"BreadcrumbList\",\"@id\":\"https:\\\/\\\/www.iemj.org\\\/es\\\/alkan-charles-valentin-1813-1888\\\/#breadcrumb\",\"itemListElement\":[{\"@type\":\"ListItem\",\"position\":1,\"name\":\"Accueil\",\"item\":\"https:\\\/\\\/www.iemj.org\\\/es\\\/\"},{\"@type\":\"ListItem\",\"position\":2,\"name\":\"Alkan, Charles-Valentin (1813-1888)\"}]},{\"@type\":\"WebSite\",\"@id\":\"https:\\\/\\\/www.iemj.org\\\/es\\\/#website\",\"url\":\"https:\\\/\\\/www.iemj.org\\\/es\\\/\",\"name\":\"Institut Europ\u00e9en des Musiques Juives\",\"description\":\"Des traditions musicales \u00e0 la port\u00e9e de tous\",\"publisher\":{\"@id\":\"https:\\\/\\\/www.iemj.org\\\/es\\\/#organization\"},\"potentialAction\":[{\"@type\":\"SearchAction\",\"target\":{\"@type\":\"EntryPoint\",\"urlTemplate\":\"https:\\\/\\\/www.iemj.org\\\/es\\\/?s={search_term_string}\"},\"query-input\":{\"@type\":\"PropertyValueSpecification\",\"valueRequired\":true,\"valueName\":\"search_term_string\"}}],\"inLanguage\":\"es\"},{\"@type\":\"Organization\",\"@id\":\"https:\\\/\\\/www.iemj.org\\\/es\\\/#organization\",\"name\":\"Institut Europ\u00e9en des Musiques Juives\",\"url\":\"https:\\\/\\\/www.iemj.org\\\/es\\\/\",\"logo\":{\"@type\":\"ImageObject\",\"inLanguage\":\"es\",\"@id\":\"https:\\\/\\\/www.iemj.org\\\/es\\\/#\\\/schema\\\/logo\\\/image\\\/\",\"url\":\"https:\\\/\\\/www.iemj.org\\\/wp-content\\\/uploads\\\/2021\\\/09\\\/Logo-IEMJ-Paypal.jpg\",\"contentUrl\":\"https:\\\/\\\/www.iemj.org\\\/wp-content\\\/uploads\\\/2021\\\/09\\\/Logo-IEMJ-Paypal.jpg\",\"width\":150,\"height\":50,\"caption\":\"Institut Europ\u00e9en des Musiques Juives\"},\"image\":{\"@id\":\"https:\\\/\\\/www.iemj.org\\\/es\\\/#\\\/schema\\\/logo\\\/image\\\/\"},\"sameAs\":[\"https:\\\/\\\/www.facebook.com\\\/MusiquesJuives\\\/\",\"https:\\\/\\\/www.instagram.com\\\/musiquesjuives\\\/\",\"https:\\\/\\\/www.youtube.com\\\/user\\\/musiquesjuives\"]},{\"@type\":\"Person\",\"@id\":\"https:\\\/\\\/www.iemj.org\\\/es\\\/#\\\/schema\\\/person\\\/f826ad11b0cd58dd99babe0a3fbcb86e\",\"name\":\"ncochin\",\"image\":{\"@type\":\"ImageObject\",\"inLanguage\":\"es\",\"@id\":\"https:\\\/\\\/secure.gravatar.com\\\/avatar\\\/4499f551e6a9b8c28bd3132f28d79657b2cb55ff363257726f67e89c95e2a33c?s=96&d=mm&r=g\",\"url\":\"https:\\\/\\\/secure.gravatar.com\\\/avatar\\\/4499f551e6a9b8c28bd3132f28d79657b2cb55ff363257726f67e89c95e2a33c?s=96&d=mm&r=g\",\"contentUrl\":\"https:\\\/\\\/secure.gravatar.com\\\/avatar\\\/4499f551e6a9b8c28bd3132f28d79657b2cb55ff363257726f67e89c95e2a33c?s=96&d=mm&r=g\",\"caption\":\"ncochin\"}}]}<\/script>\n<!-- \/ Yoast SEO plugin. -->","yoast_head_json":{"title":"Alkan, Charles-Valentin (1813-1888) - Institut Europ\u00e9en des Musiques Juives","robots":{"index":"index","follow":"follow","max-snippet":"max-snippet:-1","max-image-preview":"max-image-preview:large","max-video-preview":"max-video-preview:-1"},"canonical":"https:\/\/www.iemj.org\/es\/alkan-charles-valentin-1813-1888\/","og_locale":"es_ES","og_type":"article","og_title":"Alkan, Charles-Valentin (1813-1888) - Institut Europ\u00e9en des Musiques Juives","og_description":"Charles-Valentin Alkan (30 de noviembre de 1813 \u2013 29 de marzo de 1888), compositor y m\u00fasico tan precoz como Mozart, dotado de una t\u00e9cnica tan s\u00f3lida como la de Liszt,","og_url":"https:\/\/www.iemj.org\/es\/alkan-charles-valentin-1813-1888\/","og_site_name":"Institut Europ\u00e9en des Musiques Juives","article_publisher":"https:\/\/www.facebook.com\/MusiquesJuives\/","article_published_time":"2013-05-16T10:56:45+00:00","article_modified_time":"2022-04-11T13:13:51+00:00","og_image":[{"width":164,"height":218,"url":"https:\/\/www.iemj.org\/wp-content\/uploads\/2013\/05\/arton696-e1649674884655.jpg","type":"image\/jpeg"}],"author":"ncochin","twitter_card":"summary_large_image","twitter_misc":{"Escrito por":"ncochin","Tiempo de lectura":"4 minutos"},"schema":{"@context":"https:\/\/schema.org","@graph":[{"@type":"Article","@id":"https:\/\/www.iemj.org\/es\/alkan-charles-valentin-1813-1888\/#article","isPartOf":{"@id":"https:\/\/www.iemj.org\/es\/alkan-charles-valentin-1813-1888\/"},"author":{"name":"ncochin","@id":"https:\/\/www.iemj.org\/es\/#\/schema\/person\/f826ad11b0cd58dd99babe0a3fbcb86e"},"headline":"Alkan, Charles-Valentin (1813-1888)","datePublished":"2013-05-16T10:56:45+00:00","dateModified":"2022-04-11T13:13:51+00:00","mainEntityOfPage":{"@id":"https:\/\/www.iemj.org\/es\/alkan-charles-valentin-1813-1888\/"},"wordCount":671,"publisher":{"@id":"https:\/\/www.iemj.org\/es\/#organization"},"image":{"@id":"https:\/\/www.iemj.org\/es\/alkan-charles-valentin-1813-1888\/#primaryimage"},"thumbnailUrl":"https:\/\/www.iemj.org\/wp-content\/uploads\/2013\/05\/arton696-e1649674884655.jpg","articleSection":["Biograf\u00edas"],"inLanguage":"es"},{"@type":"WebPage","@id":"https:\/\/www.iemj.org\/es\/alkan-charles-valentin-1813-1888\/","url":"https:\/\/www.iemj.org\/es\/alkan-charles-valentin-1813-1888\/","name":"Alkan, Charles-Valentin (1813-1888) - Institut Europ\u00e9en des Musiques Juives","isPartOf":{"@id":"https:\/\/www.iemj.org\/es\/#website"},"primaryImageOfPage":{"@id":"https:\/\/www.iemj.org\/es\/alkan-charles-valentin-1813-1888\/#primaryimage"},"image":{"@id":"https:\/\/www.iemj.org\/es\/alkan-charles-valentin-1813-1888\/#primaryimage"},"thumbnailUrl":"https:\/\/www.iemj.org\/wp-content\/uploads\/2013\/05\/arton696-e1649674884655.jpg","datePublished":"2013-05-16T10:56:45+00:00","dateModified":"2022-04-11T13:13:51+00:00","breadcrumb":{"@id":"https:\/\/www.iemj.org\/es\/alkan-charles-valentin-1813-1888\/#breadcrumb"},"inLanguage":"es","potentialAction":[{"@type":"ReadAction","target":["https:\/\/www.iemj.org\/es\/alkan-charles-valentin-1813-1888\/"]}]},{"@type":"ImageObject","inLanguage":"es","@id":"https:\/\/www.iemj.org\/es\/alkan-charles-valentin-1813-1888\/#primaryimage","url":"https:\/\/www.iemj.org\/wp-content\/uploads\/2013\/05\/arton696-e1649674884655.jpg","contentUrl":"https:\/\/www.iemj.org\/wp-content\/uploads\/2013\/05\/arton696-e1649674884655.jpg","width":164,"height":218},{"@type":"BreadcrumbList","@id":"https:\/\/www.iemj.org\/es\/alkan-charles-valentin-1813-1888\/#breadcrumb","itemListElement":[{"@type":"ListItem","position":1,"name":"Accueil","item":"https:\/\/www.iemj.org\/es\/"},{"@type":"ListItem","position":2,"name":"Alkan, Charles-Valentin (1813-1888)"}]},{"@type":"WebSite","@id":"https:\/\/www.iemj.org\/es\/#website","url":"https:\/\/www.iemj.org\/es\/","name":"Institut Europ\u00e9en des Musiques Juives","description":"Des traditions musicales \u00e0 la port\u00e9e de tous","publisher":{"@id":"https:\/\/www.iemj.org\/es\/#organization"},"potentialAction":[{"@type":"SearchAction","target":{"@type":"EntryPoint","urlTemplate":"https:\/\/www.iemj.org\/es\/?s={search_term_string}"},"query-input":{"@type":"PropertyValueSpecification","valueRequired":true,"valueName":"search_term_string"}}],"inLanguage":"es"},{"@type":"Organization","@id":"https:\/\/www.iemj.org\/es\/#organization","name":"Institut Europ\u00e9en des Musiques Juives","url":"https:\/\/www.iemj.org\/es\/","logo":{"@type":"ImageObject","inLanguage":"es","@id":"https:\/\/www.iemj.org\/es\/#\/schema\/logo\/image\/","url":"https:\/\/www.iemj.org\/wp-content\/uploads\/2021\/09\/Logo-IEMJ-Paypal.jpg","contentUrl":"https:\/\/www.iemj.org\/wp-content\/uploads\/2021\/09\/Logo-IEMJ-Paypal.jpg","width":150,"height":50,"caption":"Institut Europ\u00e9en des Musiques Juives"},"image":{"@id":"https:\/\/www.iemj.org\/es\/#\/schema\/logo\/image\/"},"sameAs":["https:\/\/www.facebook.com\/MusiquesJuives\/","https:\/\/www.instagram.com\/musiquesjuives\/","https:\/\/www.youtube.com\/user\/musiquesjuives"]},{"@type":"Person","@id":"https:\/\/www.iemj.org\/es\/#\/schema\/person\/f826ad11b0cd58dd99babe0a3fbcb86e","name":"ncochin","image":{"@type":"ImageObject","inLanguage":"es","@id":"https:\/\/secure.gravatar.com\/avatar\/4499f551e6a9b8c28bd3132f28d79657b2cb55ff363257726f67e89c95e2a33c?s=96&d=mm&r=g","url":"https:\/\/secure.gravatar.com\/avatar\/4499f551e6a9b8c28bd3132f28d79657b2cb55ff363257726f67e89c95e2a33c?s=96&d=mm&r=g","contentUrl":"https:\/\/secure.gravatar.com\/avatar\/4499f551e6a9b8c28bd3132f28d79657b2cb55ff363257726f67e89c95e2a33c?s=96&d=mm&r=g","caption":"ncochin"}}]}},"_links":{"self":[{"href":"https:\/\/www.iemj.org\/es\/wp-json\/wp\/v2\/posts\/82698","targetHints":{"allow":["GET"]}}],"collection":[{"href":"https:\/\/www.iemj.org\/es\/wp-json\/wp\/v2\/posts"}],"about":[{"href":"https:\/\/www.iemj.org\/es\/wp-json\/wp\/v2\/types\/post"}],"author":[{"embeddable":true,"href":"https:\/\/www.iemj.org\/es\/wp-json\/wp\/v2\/users\/1050"}],"replies":[{"embeddable":true,"href":"https:\/\/www.iemj.org\/es\/wp-json\/wp\/v2\/comments?post=82698"}],"version-history":[{"count":0,"href":"https:\/\/www.iemj.org\/es\/wp-json\/wp\/v2\/posts\/82698\/revisions"}],"wp:featuredmedia":[{"embeddable":true,"href":"https:\/\/www.iemj.org\/es\/wp-json\/wp\/v2\/media\/51286"}],"wp:attachment":[{"href":"https:\/\/www.iemj.org\/es\/wp-json\/wp\/v2\/media?parent=82698"}],"wp:term":[{"taxonomy":"category","embeddable":true,"href":"https:\/\/www.iemj.org\/es\/wp-json\/wp\/v2\/categories?post=82698"},{"taxonomy":"post_tag","embeddable":true,"href":"https:\/\/www.iemj.org\/es\/wp-json\/wp\/v2\/tags?post=82698"},{"taxonomy":"technique","embeddable":true,"href":"https:\/\/www.iemj.org\/es\/wp-json\/wp\/v2\/technique?post=82698"},{"taxonomy":"squelettes","embeddable":true,"href":"https:\/\/www.iemj.org\/es\/wp-json\/wp\/v2\/squelettes?post=82698"},{"taxonomy":"sujet","embeddable":true,"href":"https:\/\/www.iemj.org\/es\/wp-json\/wp\/v2\/sujet?post=82698"},{"taxonomy":"formation","embeddable":true,"href":"https:\/\/www.iemj.org\/es\/wp-json\/wp\/v2\/formation?post=82698"},{"taxonomy":"genre","embeddable":true,"href":"https:\/\/www.iemj.org\/es\/wp-json\/wp\/v2\/genre?post=82698"},{"taxonomy":"fonds","embeddable":true,"href":"https:\/\/www.iemj.org\/es\/wp-json\/wp\/v2\/fonds?post=82698"},{"taxonomy":"tradition","embeddable":true,"href":"https:\/\/www.iemj.org\/es\/wp-json\/wp\/v2\/tradition?post=82698"},{"taxonomy":"type-de-contenu","embeddable":true,"href":"https:\/\/www.iemj.org\/es\/wp-json\/wp\/v2\/type-de-contenu?post=82698"},{"taxonomy":"interprete-compositeur","embeddable":true,"href":"https:\/\/www.iemj.org\/es\/wp-json\/wp\/v2\/interprete-compositeur?post=82698"},{"taxonomy":"frise","embeddable":true,"href":"https:\/\/www.iemj.org\/es\/wp-json\/wp\/v2\/frise?post=82698"},{"taxonomy":"type-devenement","embeddable":true,"href":"https:\/\/www.iemj.org\/es\/wp-json\/wp\/v2\/type-devenement?post=82698"},{"taxonomy":"tableaux-liens-externes","embeddable":true,"href":"https:\/\/www.iemj.org\/es\/wp-json\/wp\/v2\/tableaux-liens-externes?post=82698"}],"curies":[{"name":"wp","href":"https:\/\/api.w.org\/{rel}","templated":true}]}}