{"id":82718,"date":"2011-10-23T15:39:13","date_gmt":"2011-10-23T13:39:13","guid":{"rendered":"https:\/\/www.iemj.org\/argov-zohar-1955-1987\/"},"modified":"2025-10-05T12:27:31","modified_gmt":"2025-10-05T10:27:31","slug":"argov-zohar-1955-1987","status":"publish","type":"post","link":"https:\/\/www.iemj.org\/es\/argov-zohar-1955-1987\/","title":{"rendered":"Argov, Zohar (1955-1987)"},"content":{"rendered":"<p>Zohar Argov, cuyo verdadero nombre es Zohar Orkabi fue un cantante israel\u00ed, nacido en la ciudad de Rishon LeZion en Israel, el 16 de julio de 1955. De origen yemen\u00ed y proveniente de una familia pobre, Zohar Argov fue el hijo mayor de diez hijos. Desde la infancia, cultiv\u00f3 una cualidad para el canto, especialmente en el seno de la comunidad yemen\u00ed.<\/p>\n<p>Desde el inicio de su carrera, su m\u00fasica \u2013 muy apreciada por los soldados \u2013 se escuchaba en todas las bases militares, a pesar de que no pudo servir en el ej\u00e9rcito por motivos familiares.<\/p>\n<p>Su primer \u00e1lbum <strong><em>Elinor<\/em><\/strong> (1981), contiene la canci\u00f3n \u201c<strong>Sod HaMazalot<\/strong>\u201d (\u201cEl Secreto del Zodiaco\u201d) y \u201c<strong>Mah Lakh Yaldah<\/strong>\u201d (\u201c\u00bfQu\u00e9 te pasa muchacha?\u201d), en homenaje a su ex esposa, Braha. En 1982, gan\u00f3 el t\u00edtulo del mejor cantante israel\u00ed durante el famoso festival de m\u00fasica \u201c<strong>Lamnats\u00e9ah Shir Mizmor<\/strong>\u201d, con su canci\u00f3n \u201c<strong>HaPerah BeGani<\/strong>\u201d (La flor de mi jard\u00edn).<\/p>\n<p><img decoding=\"async\" class=\"alignright\" src=\"https:\/\/www.iemj.org\/wp-content\/uploads\/2011\/10\/zohar_festival_500px.jpg\" alt=\"zohar_festival_500px.jpg\" width=\"205\" height=\"183\" align=\"middle\" \/>Sus \u00e9xitos musicales le permitieron dejar de lado sus problemas personales, sobre todo su drogadicci\u00f3n. Fue as\u00ed uno de los primeros cantantes israelitos en conseguir un \u00e9xito comercial y nacional en el campo de la m\u00fasica de estilo oriental (<em>Mizrahi<\/em>). Su fama creciendo, junto a <strong>Avihou Medina<\/strong>,<strong> Ha\u00efm Moshe<\/strong> y <strong>Margalit Tzanani<\/strong>, particip\u00f3 en el reconocimiento de los jud\u00edos orientales frente a la hegemon\u00eda de los azquenaz\u00edes en Israel.<\/p>\n<p>Las canciones de Zohar Argov tienen como tema: el amor, la pena, la decepci\u00f3n y la alegr\u00eda. Es considerado por mucha gente como un prodigio de la m\u00fasica israel\u00ed.<\/p>\n<p>\u201cPod\u00eda realizar grabaciones perfectas en una sola toma y cuando se le ped\u00eda hacer otra toma, pod\u00eda totalmente cantar una versi\u00f3n distinta\u201d <strong>Nancy Brandes<\/strong>, arreglista y director de orquesta.<\/p>\n<p>El 6 de noviembre de 1987, a los 32 a\u00f1os, Zohar Argov se suicid\u00f3 en su celda en Rishon LeZion, su ciudad natal, una noche despu\u00e9s de su arresto por la polic\u00eda.<\/p>\n<p>Despu\u00e9s de su muerte, Zohar Argov ha conservado si estatus indiscutible de Rey \u201c<strong>HaMelekh<\/strong>\u201d de la m\u00fasica oriental en Israel. Su contribuci\u00f3n importante a la cultura israel\u00ed fue ampliamente reconocida. El sello popular, Hed Artzi, le dedic\u00f3 un \u00e1lbum doble <strong>The Best of Zohar Argov<\/strong>. Un largometraje basado en su vida, titulado <strong>Zohar<\/strong> se estren\u00f3 en 1993, para luego seguir con una obra de teatro representada en el escenario del Cameri Theater de Tel Aviv en 2010.<\/p>\n<p>Desde 2007, dos calles llevan su nombre, en Rishon Lezion y en Tel Aviv.<\/p>\n<p><strong>Visualizar un medley live durante una boda que anim\u00f3 en los a\u00f1os 80:<\/strong><\/p>\n<p><iframe src=\"https:\/\/www.youtube.com\/embed\/v8PjqODEkrE\" width=\"560\" height=\"315\" frameborder=\"0\" allowfullscreen=\"allowfullscreen\"><\/iframe><\/p>\n<p><img fetchpriority=\"high\" decoding=\"async\" class=\"wp-image-110610 aligncenter\" src=\"https:\/\/www.iemj.org\/wp-content\/uploads\/2024\/03\/AUDIO-PLAYER-300x39.png\" alt=\"\" width=\"900\" height=\"117\" srcset=\"https:\/\/www.iemj.org\/wp-content\/uploads\/2024\/03\/AUDIO-PLAYER-300x39.png 300w, https:\/\/www.iemj.org\/wp-content\/uploads\/2024\/03\/AUDIO-PLAYER-1024x133.png 1024w, https:\/\/www.iemj.org\/wp-content\/uploads\/2024\/03\/AUDIO-PLAYER-768x100.png 768w, https:\/\/www.iemj.org\/wp-content\/uploads\/2024\/03\/AUDIO-PLAYER-600x78.png 600w, https:\/\/www.iemj.org\/wp-content\/uploads\/2024\/03\/AUDIO-PLAYER.png 1210w\" sizes=\"(max-width: 900px) 100vw, 900px\" \/><\/p>\n","protected":false},"excerpt":{"rendered":"<p>Zohar Argov, cuyo verdadero nombre es Zohar Orkabi fue un cantante israel\u00ed, nacido en la ciudad de Rishon LeZion en Israel, el 16 de julio de 1955. De origen yemen\u00ed<\/p>\n","protected":false},"author":1045,"featured_media":82719,"comment_status":"closed","ping_status":"closed","sticky":false,"template":"","format":"standard","meta":{"_acf_changed":false,"footnotes":""},"categories":[1417],"tags":[],"technique":[],"squelettes":[],"sujet":[],"formation":[],"genre":[],"fonds":[],"tradition":[],"type-de-contenu":[],"interprete-compositeur":[],"frise":[],"type-devenement":[],"tableaux-liens-externes":[],"class_list":["post-82718","post","type-post","status-publish","format-standard","has-post-thumbnail","hentry","category-biografias-es"],"acf":[],"yoast_head":"<!-- This site is optimized with the Yoast SEO plugin v27.3 - https:\/\/yoast.com\/product\/yoast-seo-wordpress\/ -->\n<title>Argov, Zohar (1955-1987) - Institut Europ\u00e9en des Musiques Juives<\/title>\n<meta name=\"robots\" content=\"index, follow, max-snippet:-1, max-image-preview:large, max-video-preview:-1\" \/>\n<link rel=\"canonical\" href=\"https:\/\/www.iemj.org\/es\/argov-zohar-1955-1987\/\" \/>\n<meta property=\"og:locale\" content=\"es_ES\" \/>\n<meta property=\"og:type\" content=\"article\" \/>\n<meta property=\"og:title\" content=\"Argov, Zohar (1955-1987) - Institut Europ\u00e9en des Musiques Juives\" \/>\n<meta property=\"og:description\" content=\"Zohar Argov, cuyo verdadero nombre es Zohar Orkabi fue un cantante israel\u00ed, nacido en la ciudad de Rishon LeZion en Israel, el 16 de julio de 1955. De origen yemen\u00ed\" \/>\n<meta property=\"og:url\" content=\"https:\/\/www.iemj.org\/es\/argov-zohar-1955-1987\/\" \/>\n<meta property=\"og:site_name\" content=\"Institut Europ\u00e9en des Musiques Juives\" \/>\n<meta property=\"article:publisher\" content=\"https:\/\/www.facebook.com\/MusiquesJuives\/\" \/>\n<meta property=\"article:published_time\" content=\"2011-10-23T13:39:13+00:00\" \/>\n<meta property=\"article:modified_time\" content=\"2025-10-05T10:27:31+00:00\" \/>\n<meta property=\"og:image\" content=\"https:\/\/www.iemj.org\/wp-content\/uploads\/2011\/10\/arton312-e1617031789709.jpg\" \/>\n\t<meta property=\"og:image:width\" content=\"210\" \/>\n\t<meta property=\"og:image:height\" content=\"218\" \/>\n\t<meta property=\"og:image:type\" content=\"image\/jpeg\" \/>\n<meta name=\"author\" content=\"Herv\u00e9 Roten\" \/>\n<meta name=\"twitter:card\" content=\"summary_large_image\" \/>\n<meta name=\"twitter:label1\" content=\"Escrito por\" \/>\n\t<meta name=\"twitter:data1\" content=\"Herv\u00e9 Roten\" \/>\n\t<meta name=\"twitter:label2\" content=\"Tiempo de lectura\" \/>\n\t<meta name=\"twitter:data2\" content=\"3 minutos\" \/>\n<script type=\"application\/ld+json\" class=\"yoast-schema-graph\">{\"@context\":\"https:\\\/\\\/schema.org\",\"@graph\":[{\"@type\":\"Article\",\"@id\":\"https:\\\/\\\/www.iemj.org\\\/es\\\/argov-zohar-1955-1987\\\/#article\",\"isPartOf\":{\"@id\":\"https:\\\/\\\/www.iemj.org\\\/es\\\/argov-zohar-1955-1987\\\/\"},\"author\":{\"name\":\"Herv\u00e9 Roten\",\"@id\":\"https:\\\/\\\/www.iemj.org\\\/es\\\/#\\\/schema\\\/person\\\/906134402c29d5c76e7b726261dd4bbd\"},\"headline\":\"Argov, Zohar (1955-1987)\",\"datePublished\":\"2011-10-23T13:39:13+00:00\",\"dateModified\":\"2025-10-05T10:27:31+00:00\",\"mainEntityOfPage\":{\"@id\":\"https:\\\/\\\/www.iemj.org\\\/es\\\/argov-zohar-1955-1987\\\/\"},\"wordCount\":435,\"publisher\":{\"@id\":\"https:\\\/\\\/www.iemj.org\\\/es\\\/#organization\"},\"image\":{\"@id\":\"https:\\\/\\\/www.iemj.org\\\/es\\\/argov-zohar-1955-1987\\\/#primaryimage\"},\"thumbnailUrl\":\"https:\\\/\\\/www.iemj.org\\\/wp-content\\\/uploads\\\/2011\\\/10\\\/arton312-e1617031789709.jpg\",\"articleSection\":[\"Biograf\u00edas\"],\"inLanguage\":\"es\"},{\"@type\":\"WebPage\",\"@id\":\"https:\\\/\\\/www.iemj.org\\\/es\\\/argov-zohar-1955-1987\\\/\",\"url\":\"https:\\\/\\\/www.iemj.org\\\/es\\\/argov-zohar-1955-1987\\\/\",\"name\":\"Argov, Zohar (1955-1987) - Institut Europ\u00e9en des Musiques Juives\",\"isPartOf\":{\"@id\":\"https:\\\/\\\/www.iemj.org\\\/es\\\/#website\"},\"primaryImageOfPage\":{\"@id\":\"https:\\\/\\\/www.iemj.org\\\/es\\\/argov-zohar-1955-1987\\\/#primaryimage\"},\"image\":{\"@id\":\"https:\\\/\\\/www.iemj.org\\\/es\\\/argov-zohar-1955-1987\\\/#primaryimage\"},\"thumbnailUrl\":\"https:\\\/\\\/www.iemj.org\\\/wp-content\\\/uploads\\\/2011\\\/10\\\/arton312-e1617031789709.jpg\",\"datePublished\":\"2011-10-23T13:39:13+00:00\",\"dateModified\":\"2025-10-05T10:27:31+00:00\",\"breadcrumb\":{\"@id\":\"https:\\\/\\\/www.iemj.org\\\/es\\\/argov-zohar-1955-1987\\\/#breadcrumb\"},\"inLanguage\":\"es\",\"potentialAction\":[{\"@type\":\"ReadAction\",\"target\":[\"https:\\\/\\\/www.iemj.org\\\/es\\\/argov-zohar-1955-1987\\\/\"]}]},{\"@type\":\"ImageObject\",\"inLanguage\":\"es\",\"@id\":\"https:\\\/\\\/www.iemj.org\\\/es\\\/argov-zohar-1955-1987\\\/#primaryimage\",\"url\":\"https:\\\/\\\/www.iemj.org\\\/wp-content\\\/uploads\\\/2011\\\/10\\\/arton312-e1617031789709.jpg\",\"contentUrl\":\"https:\\\/\\\/www.iemj.org\\\/wp-content\\\/uploads\\\/2011\\\/10\\\/arton312-e1617031789709.jpg\",\"width\":210,\"height\":218},{\"@type\":\"BreadcrumbList\",\"@id\":\"https:\\\/\\\/www.iemj.org\\\/es\\\/argov-zohar-1955-1987\\\/#breadcrumb\",\"itemListElement\":[{\"@type\":\"ListItem\",\"position\":1,\"name\":\"Accueil\",\"item\":\"https:\\\/\\\/www.iemj.org\\\/es\\\/\"},{\"@type\":\"ListItem\",\"position\":2,\"name\":\"Argov, Zohar (1955-1987)\"}]},{\"@type\":\"WebSite\",\"@id\":\"https:\\\/\\\/www.iemj.org\\\/es\\\/#website\",\"url\":\"https:\\\/\\\/www.iemj.org\\\/es\\\/\",\"name\":\"Institut Europ\u00e9en des Musiques Juives\",\"description\":\"Des traditions musicales \u00e0 la port\u00e9e de tous\",\"publisher\":{\"@id\":\"https:\\\/\\\/www.iemj.org\\\/es\\\/#organization\"},\"potentialAction\":[{\"@type\":\"SearchAction\",\"target\":{\"@type\":\"EntryPoint\",\"urlTemplate\":\"https:\\\/\\\/www.iemj.org\\\/es\\\/?s={search_term_string}\"},\"query-input\":{\"@type\":\"PropertyValueSpecification\",\"valueRequired\":true,\"valueName\":\"search_term_string\"}}],\"inLanguage\":\"es\"},{\"@type\":\"Organization\",\"@id\":\"https:\\\/\\\/www.iemj.org\\\/es\\\/#organization\",\"name\":\"Institut Europ\u00e9en des Musiques Juives\",\"url\":\"https:\\\/\\\/www.iemj.org\\\/es\\\/\",\"logo\":{\"@type\":\"ImageObject\",\"inLanguage\":\"es\",\"@id\":\"https:\\\/\\\/www.iemj.org\\\/es\\\/#\\\/schema\\\/logo\\\/image\\\/\",\"url\":\"https:\\\/\\\/www.iemj.org\\\/wp-content\\\/uploads\\\/2021\\\/09\\\/Logo-IEMJ-Paypal.jpg\",\"contentUrl\":\"https:\\\/\\\/www.iemj.org\\\/wp-content\\\/uploads\\\/2021\\\/09\\\/Logo-IEMJ-Paypal.jpg\",\"width\":150,\"height\":50,\"caption\":\"Institut Europ\u00e9en des Musiques Juives\"},\"image\":{\"@id\":\"https:\\\/\\\/www.iemj.org\\\/es\\\/#\\\/schema\\\/logo\\\/image\\\/\"},\"sameAs\":[\"https:\\\/\\\/www.facebook.com\\\/MusiquesJuives\\\/\",\"https:\\\/\\\/www.instagram.com\\\/musiquesjuives\\\/\",\"https:\\\/\\\/www.youtube.com\\\/user\\\/musiquesjuives\"]},{\"@type\":\"Person\",\"@id\":\"https:\\\/\\\/www.iemj.org\\\/es\\\/#\\\/schema\\\/person\\\/906134402c29d5c76e7b726261dd4bbd\",\"name\":\"Herv\u00e9 Roten\",\"image\":{\"@type\":\"ImageObject\",\"inLanguage\":\"es\",\"@id\":\"https:\\\/\\\/secure.gravatar.com\\\/avatar\\\/f96ad2db538a26481f18384936b5cd0610c92d390c4dc382209216d455f685ff?s=96&d=mm&r=g\",\"url\":\"https:\\\/\\\/secure.gravatar.com\\\/avatar\\\/f96ad2db538a26481f18384936b5cd0610c92d390c4dc382209216d455f685ff?s=96&d=mm&r=g\",\"contentUrl\":\"https:\\\/\\\/secure.gravatar.com\\\/avatar\\\/f96ad2db538a26481f18384936b5cd0610c92d390c4dc382209216d455f685ff?s=96&d=mm&r=g\",\"caption\":\"Herv\u00e9 Roten\"}}]}<\/script>\n<!-- \/ Yoast SEO plugin. -->","yoast_head_json":{"title":"Argov, Zohar (1955-1987) - Institut Europ\u00e9en des Musiques Juives","robots":{"index":"index","follow":"follow","max-snippet":"max-snippet:-1","max-image-preview":"max-image-preview:large","max-video-preview":"max-video-preview:-1"},"canonical":"https:\/\/www.iemj.org\/es\/argov-zohar-1955-1987\/","og_locale":"es_ES","og_type":"article","og_title":"Argov, Zohar (1955-1987) - Institut Europ\u00e9en des Musiques Juives","og_description":"Zohar Argov, cuyo verdadero nombre es Zohar Orkabi fue un cantante israel\u00ed, nacido en la ciudad de Rishon LeZion en Israel, el 16 de julio de 1955. De origen yemen\u00ed","og_url":"https:\/\/www.iemj.org\/es\/argov-zohar-1955-1987\/","og_site_name":"Institut Europ\u00e9en des Musiques Juives","article_publisher":"https:\/\/www.facebook.com\/MusiquesJuives\/","article_published_time":"2011-10-23T13:39:13+00:00","article_modified_time":"2025-10-05T10:27:31+00:00","og_image":[{"width":210,"height":218,"url":"https:\/\/www.iemj.org\/wp-content\/uploads\/2011\/10\/arton312-e1617031789709.jpg","type":"image\/jpeg"}],"author":"Herv\u00e9 Roten","twitter_card":"summary_large_image","twitter_misc":{"Escrito por":"Herv\u00e9 Roten","Tiempo de lectura":"3 minutos"},"schema":{"@context":"https:\/\/schema.org","@graph":[{"@type":"Article","@id":"https:\/\/www.iemj.org\/es\/argov-zohar-1955-1987\/#article","isPartOf":{"@id":"https:\/\/www.iemj.org\/es\/argov-zohar-1955-1987\/"},"author":{"name":"Herv\u00e9 Roten","@id":"https:\/\/www.iemj.org\/es\/#\/schema\/person\/906134402c29d5c76e7b726261dd4bbd"},"headline":"Argov, Zohar (1955-1987)","datePublished":"2011-10-23T13:39:13+00:00","dateModified":"2025-10-05T10:27:31+00:00","mainEntityOfPage":{"@id":"https:\/\/www.iemj.org\/es\/argov-zohar-1955-1987\/"},"wordCount":435,"publisher":{"@id":"https:\/\/www.iemj.org\/es\/#organization"},"image":{"@id":"https:\/\/www.iemj.org\/es\/argov-zohar-1955-1987\/#primaryimage"},"thumbnailUrl":"https:\/\/www.iemj.org\/wp-content\/uploads\/2011\/10\/arton312-e1617031789709.jpg","articleSection":["Biograf\u00edas"],"inLanguage":"es"},{"@type":"WebPage","@id":"https:\/\/www.iemj.org\/es\/argov-zohar-1955-1987\/","url":"https:\/\/www.iemj.org\/es\/argov-zohar-1955-1987\/","name":"Argov, Zohar (1955-1987) - Institut Europ\u00e9en des Musiques Juives","isPartOf":{"@id":"https:\/\/www.iemj.org\/es\/#website"},"primaryImageOfPage":{"@id":"https:\/\/www.iemj.org\/es\/argov-zohar-1955-1987\/#primaryimage"},"image":{"@id":"https:\/\/www.iemj.org\/es\/argov-zohar-1955-1987\/#primaryimage"},"thumbnailUrl":"https:\/\/www.iemj.org\/wp-content\/uploads\/2011\/10\/arton312-e1617031789709.jpg","datePublished":"2011-10-23T13:39:13+00:00","dateModified":"2025-10-05T10:27:31+00:00","breadcrumb":{"@id":"https:\/\/www.iemj.org\/es\/argov-zohar-1955-1987\/#breadcrumb"},"inLanguage":"es","potentialAction":[{"@type":"ReadAction","target":["https:\/\/www.iemj.org\/es\/argov-zohar-1955-1987\/"]}]},{"@type":"ImageObject","inLanguage":"es","@id":"https:\/\/www.iemj.org\/es\/argov-zohar-1955-1987\/#primaryimage","url":"https:\/\/www.iemj.org\/wp-content\/uploads\/2011\/10\/arton312-e1617031789709.jpg","contentUrl":"https:\/\/www.iemj.org\/wp-content\/uploads\/2011\/10\/arton312-e1617031789709.jpg","width":210,"height":218},{"@type":"BreadcrumbList","@id":"https:\/\/www.iemj.org\/es\/argov-zohar-1955-1987\/#breadcrumb","itemListElement":[{"@type":"ListItem","position":1,"name":"Accueil","item":"https:\/\/www.iemj.org\/es\/"},{"@type":"ListItem","position":2,"name":"Argov, Zohar (1955-1987)"}]},{"@type":"WebSite","@id":"https:\/\/www.iemj.org\/es\/#website","url":"https:\/\/www.iemj.org\/es\/","name":"Institut Europ\u00e9en des Musiques Juives","description":"Des traditions musicales \u00e0 la port\u00e9e de tous","publisher":{"@id":"https:\/\/www.iemj.org\/es\/#organization"},"potentialAction":[{"@type":"SearchAction","target":{"@type":"EntryPoint","urlTemplate":"https:\/\/www.iemj.org\/es\/?s={search_term_string}"},"query-input":{"@type":"PropertyValueSpecification","valueRequired":true,"valueName":"search_term_string"}}],"inLanguage":"es"},{"@type":"Organization","@id":"https:\/\/www.iemj.org\/es\/#organization","name":"Institut Europ\u00e9en des Musiques Juives","url":"https:\/\/www.iemj.org\/es\/","logo":{"@type":"ImageObject","inLanguage":"es","@id":"https:\/\/www.iemj.org\/es\/#\/schema\/logo\/image\/","url":"https:\/\/www.iemj.org\/wp-content\/uploads\/2021\/09\/Logo-IEMJ-Paypal.jpg","contentUrl":"https:\/\/www.iemj.org\/wp-content\/uploads\/2021\/09\/Logo-IEMJ-Paypal.jpg","width":150,"height":50,"caption":"Institut Europ\u00e9en des Musiques Juives"},"image":{"@id":"https:\/\/www.iemj.org\/es\/#\/schema\/logo\/image\/"},"sameAs":["https:\/\/www.facebook.com\/MusiquesJuives\/","https:\/\/www.instagram.com\/musiquesjuives\/","https:\/\/www.youtube.com\/user\/musiquesjuives"]},{"@type":"Person","@id":"https:\/\/www.iemj.org\/es\/#\/schema\/person\/906134402c29d5c76e7b726261dd4bbd","name":"Herv\u00e9 Roten","image":{"@type":"ImageObject","inLanguage":"es","@id":"https:\/\/secure.gravatar.com\/avatar\/f96ad2db538a26481f18384936b5cd0610c92d390c4dc382209216d455f685ff?s=96&d=mm&r=g","url":"https:\/\/secure.gravatar.com\/avatar\/f96ad2db538a26481f18384936b5cd0610c92d390c4dc382209216d455f685ff?s=96&d=mm&r=g","contentUrl":"https:\/\/secure.gravatar.com\/avatar\/f96ad2db538a26481f18384936b5cd0610c92d390c4dc382209216d455f685ff?s=96&d=mm&r=g","caption":"Herv\u00e9 Roten"}}]}},"_links":{"self":[{"href":"https:\/\/www.iemj.org\/es\/wp-json\/wp\/v2\/posts\/82718","targetHints":{"allow":["GET"]}}],"collection":[{"href":"https:\/\/www.iemj.org\/es\/wp-json\/wp\/v2\/posts"}],"about":[{"href":"https:\/\/www.iemj.org\/es\/wp-json\/wp\/v2\/types\/post"}],"author":[{"embeddable":true,"href":"https:\/\/www.iemj.org\/es\/wp-json\/wp\/v2\/users\/1045"}],"replies":[{"embeddable":true,"href":"https:\/\/www.iemj.org\/es\/wp-json\/wp\/v2\/comments?post=82718"}],"version-history":[{"count":1,"href":"https:\/\/www.iemj.org\/es\/wp-json\/wp\/v2\/posts\/82718\/revisions"}],"predecessor-version":[{"id":126337,"href":"https:\/\/www.iemj.org\/es\/wp-json\/wp\/v2\/posts\/82718\/revisions\/126337"}],"wp:featuredmedia":[{"embeddable":true,"href":"https:\/\/www.iemj.org\/es\/wp-json\/wp\/v2\/media\/82719"}],"wp:attachment":[{"href":"https:\/\/www.iemj.org\/es\/wp-json\/wp\/v2\/media?parent=82718"}],"wp:term":[{"taxonomy":"category","embeddable":true,"href":"https:\/\/www.iemj.org\/es\/wp-json\/wp\/v2\/categories?post=82718"},{"taxonomy":"post_tag","embeddable":true,"href":"https:\/\/www.iemj.org\/es\/wp-json\/wp\/v2\/tags?post=82718"},{"taxonomy":"technique","embeddable":true,"href":"https:\/\/www.iemj.org\/es\/wp-json\/wp\/v2\/technique?post=82718"},{"taxonomy":"squelettes","embeddable":true,"href":"https:\/\/www.iemj.org\/es\/wp-json\/wp\/v2\/squelettes?post=82718"},{"taxonomy":"sujet","embeddable":true,"href":"https:\/\/www.iemj.org\/es\/wp-json\/wp\/v2\/sujet?post=82718"},{"taxonomy":"formation","embeddable":true,"href":"https:\/\/www.iemj.org\/es\/wp-json\/wp\/v2\/formation?post=82718"},{"taxonomy":"genre","embeddable":true,"href":"https:\/\/www.iemj.org\/es\/wp-json\/wp\/v2\/genre?post=82718"},{"taxonomy":"fonds","embeddable":true,"href":"https:\/\/www.iemj.org\/es\/wp-json\/wp\/v2\/fonds?post=82718"},{"taxonomy":"tradition","embeddable":true,"href":"https:\/\/www.iemj.org\/es\/wp-json\/wp\/v2\/tradition?post=82718"},{"taxonomy":"type-de-contenu","embeddable":true,"href":"https:\/\/www.iemj.org\/es\/wp-json\/wp\/v2\/type-de-contenu?post=82718"},{"taxonomy":"interprete-compositeur","embeddable":true,"href":"https:\/\/www.iemj.org\/es\/wp-json\/wp\/v2\/interprete-compositeur?post=82718"},{"taxonomy":"frise","embeddable":true,"href":"https:\/\/www.iemj.org\/es\/wp-json\/wp\/v2\/frise?post=82718"},{"taxonomy":"type-devenement","embeddable":true,"href":"https:\/\/www.iemj.org\/es\/wp-json\/wp\/v2\/type-devenement?post=82718"},{"taxonomy":"tableaux-liens-externes","embeddable":true,"href":"https:\/\/www.iemj.org\/es\/wp-json\/wp\/v2\/tableaux-liens-externes?post=82718"}],"curies":[{"name":"wp","href":"https:\/\/api.w.org\/{rel}","templated":true}]}}