{"id":82726,"date":"2016-05-24T10:04:02","date_gmt":"2016-05-24T08:04:02","guid":{"rendered":"https:\/\/www.iemj.org\/arom-simha-1930\/"},"modified":"2024-04-18T18:00:46","modified_gmt":"2024-04-18T16:00:46","slug":"arom-simha-1930","status":"publish","type":"post","link":"https:\/\/www.iemj.org\/es\/arom-simha-1930\/","title":{"rendered":"Arom, Simha (1930)"},"content":{"rendered":"<p><strong>Simha Arom<\/strong> naci\u00f3 en 1930 en D\u00fcsseldorf. Despu\u00e9s de la Noche de los cristales rotos en noviembre de 1938, su familia tuvo que huir de Alemania nazi para ir a B\u00e9lgica, y luego a Francia.<\/p>\n<p>Internados en el campo de Rivesaltes hasta el a\u00f1o 1941, Simha sobrevivi\u00f3. Sin noticias de sus padres, se fue a Palestina a los 14 a\u00f1os. En 1948, herido durante la guerra de Independencia de Israel, Simha empez\u00f3 estudios musicales y se volvi\u00f3 Primer trompista en la Orquesta Sinf\u00f3nica de Jerusal\u00e9n.<\/p>\n<p>En los a\u00f1os 60, enviado por el gobierno israel\u00ed para crear una fanfarria en <img decoding=\"async\" class=\" alignright  wp-image-10806\" src=\"https:\/\/www.iemj.org\/wp-content\/uploads\/2016\/05\/photo_simha_avec_fil_tendu_redim.jpg\" alt=\"photo_simha_avec_fil_tendu_redim.jpg\" width=\"232\" height=\"154\" align=\"right\" \/>Rep\u00fablica Centroafricana, estuvo fascinado por las m\u00fasicas tradicionales de este pa\u00eds, en particular por la polifon\u00eda vocal de los <strong>Pigmeos Aka<\/strong>. Entr\u00f3 en el CNRS (Centro Nacional para la Investigaci\u00f3n Cient\u00edfica) en 1968, y recibi\u00f3 la Medalla de plata en 1984. Volver\u00e1 sobre el terreno cada a\u00f1o de 1971 a 1991, acompa\u00f1ado por etnoling\u00fcistas y estudiantes, para grabar esas m\u00fasicas para estudiarlas y conservarlas.<\/p>\n<p>Primer premio de corno del Conservatorio Nacional Superior de M\u00fasica de Par\u00eds, y ahora etnomusic\u00f3logo, Simha Arom se interes\u00f3 por la actualizaci\u00f3n de los sistemas musicales impl\u00edcitos y por la manera en la que una cultura construye sus categor\u00edas cognitivas como demostradas a trav\u00e9s de su m\u00fasica \u2013 v\u00eda experimentos de tipo interactivo. Sus investigaciones se basan en el postulado de que los datos reunidos en el terreno, para ser v\u00e1lidos, deben tener la posibilidad de ser confirmados por datos cognitivos propios a los individuos que tienen esa cultura.<\/p>\n<p><img decoding=\"async\" class=\" alignleft  wp-image-10808\" src=\"https:\/\/www.iemj.org\/wp-content\/uploads\/2016\/05\/photo_simha_avec_3_pygmees_redim.jpg\" alt=\"photo_simha_avec_3_pygmees_redim.jpg\" width=\"268\" height=\"177\" align=\"left\" \/>Sus investigaciones tienen como tema la organizaci\u00f3n temporal de la m\u00fasica, las escalas musicales, las t\u00e9cnicas polif\u00f3nicas, la m\u00fasica dentro del sistema social y la elaboraci\u00f3n de herramientas conceptuales a fin de categorizaci\u00f3n, el an\u00e1lisis de la modelizaci\u00f3n de las m\u00fasicas tradicionales. Desde un campo principalmente descriptivo, intent\u00f3 crear una ciencia propia, con todas sus caracter\u00edsticas: experimentos, verificaci\u00f3n, validaci\u00f3n, modelizaci\u00f3n, conceptualizaci\u00f3n y reconstrucci\u00f3n por medio de s\u00edntesis.<\/p>\n<p><span style=\"font-size: x-large;\"><strong>Recopilaci\u00f3n de las m\u00fasicas jud\u00edas<\/strong><\/span><\/p>\n<ul>\n<li>Simha Arom a notamment r\u00e9alis\u00e9, en Isra\u00ebl, <a href=\"https:\/\/www.iemj.org\/le-chant-liturgique-juif-ethiopien\/\">grabaciones sobre los <strong>jud\u00edos de Etiop\u00eda<\/strong><\/a>, junto a <a href=\"https:\/\/ethnomusicologie.revues.org\/2072\">Olivier Tourny<\/a>, que ser\u00e1 m\u00e1s tarde su doctorando. En los a\u00f1os 80, lo que vivi\u00f3 en Israel, mezclado con su inter\u00e9s por las numerosas tradiciones africanas que estudi\u00f3, lo llevaron al estudio de los sacerdotes jud\u00edos et\u00edopes, creando as\u00ed una v\u00eda hacia nuevas investigaciones apasionantes, en colaboraci\u00f3n con la Universidad Hebrea de Jerusal\u00e9n.<br \/><a href=\"https:\/\/www.iemj.org\/le-chant-liturgique-juif-ethiopien-2\/\" target=\"_blank\" rel=\"noopener\">Escuchar el <strong>programa de radio del IEMJ<\/strong> \u201cLe chant liturgique juif \u00e9thiopien\u201d, grabado el 30 de agosto de 2011<\/a><\/li>\n<\/ul>\n<ul>\n<li>Adem\u00e1s, en 1994,<strong> Simha Arom<\/strong>, con <strong><a href=\"https:\/\/www.iemj.org\/es\/adler-israel-1925-2009\/\" target=\"_blank\" rel=\"noopener\">Isra\u00ebl Adler<\/a> <\/strong>y <strong>Herv\u00e9 Roten<\/strong>, Director de l&#8217;<em>Institut Europ\u00e9en des Musiques Juives<\/em>, participaron en una misi\u00f3n (organizada por la asociaci\u00f3n Yuval y el Centro de Investigaci\u00f3n sobre las m\u00fasicas jud\u00edas de Jerusal\u00e9n) de grabaci\u00f3n de los <strong>jud\u00edos de Djerba<\/strong>.<\/li>\n<\/ul>\n<p class=\"Standard\" style=\"text-align: justify; text-justify: inter-ideograph;\"><i><span lang=\"ES\">Simha Aron es director de investigaci\u00f3n em\u00e9rito en el CNRS, miembro fundador de la <b>Soci\u00e9t\u00e9 Fran\u00e7aise d&#8217;Ethnomusicologie<\/b> (<b>Sociedad Francesa de etnomusicolog\u00eda<\/b>), de la Soci\u00e9t\u00e9 Fran\u00e7aise d&#8217;Analyse Musicale (Sociedad Francesa de An\u00e1lisis Musical), de la European Society for the Cognitive Sciences of Music (ESCOM) y del European Seminar in Ethnomusicology; tambi\u00e9n forma parte de la Sociedad Francesa de Musicolog\u00eda y del Board of directors del proyecto The Universe of Music (UNESCO).<\/span><\/i><\/p>\n<p class=\"Standard\" style=\"text-align: justify; text-justify: inter-ideograph;\"><i><span lang=\"ES\">Sus archivos sonoros han sido depositados en 2011 en la fonoteca de la Biblioteca Nacional de Francia.<\/span><\/i><\/p>\n<p class=\"Standard\" style=\"text-align: justify; text-justify: inter-ideograph;\"><i><span lang=\"ES\">Simha Arom recibi\u00f3 en 2014 el <b>Premio Antoine Bernheim<\/b> concedido por la <b>Fondation du Juda\u00efsme Fran\u00e7ais<\/b> (<b>Fundaci\u00f3n del Juda\u00edsmo Franc\u00e9s<\/b>)<\/span><\/i><\/p>\n<p><strong>Misi\u00f3n en Djerba, septiembre del 1994:<\/strong><\/p>\n<figure style=\"width: 316px\" class=\"wp-caption alignleft\"><img fetchpriority=\"high\" decoding=\"async\" src=\"https:\/\/www.iemj.org\/wp-content\/uploads\/2016\/05\/djerba_israel_adler_et_herve_roten_atelier_poterie_1994-09_redim_25_.jpg\" alt=\"djerba_israel_adler_et_herve_roten_atelier_poterie_1994-09_redim_25_.jpg\" width=\"316\" height=\"215\" align=\"left\" data-description=\"&quot;&lt;em\" \/><figcaption class=\"wp-caption-text\"><strong>Isra\u00ebl Adler y Herv\u00e9 Roten, en un taller de alfarer\u00eda<\/strong><\/figcaption><\/figure>\n<p>\u00a0<\/p>\n<figure style=\"width: 222px\" class=\"wp-caption alignright\"><img loading=\"lazy\" decoding=\"async\" src=\"https:\/\/www.iemj.org\/wp-content\/uploads\/2016\/05\/djerba_simha_arom_et_israel_adler_ds_rue_du_gd_quartier_1994-09_redim_25_.jpg\" alt=\"djerba_simha_arom_et_israel_adler_ds_rue_du_gd_quartier_1994-09_redim_25_.jpg\" width=\"222\" height=\"325\" align=\"left\" data-description=\"&quot;&lt;em\" \/><figcaption class=\"wp-caption-text\"><strong>Simha Arom e Isra\u00ebl Adler, calle hara kebira (gran barrio)<\/strong>\u00a0<\/figcaption><\/figure>\n<p>\u00a0<\/p>\n<figure style=\"width: 314px\" class=\"wp-caption alignleft\"><img loading=\"lazy\" decoding=\"async\" src=\"https:\/\/www.iemj.org\/wp-content\/uploads\/2016\/05\/djerba_simha_arom_bet_israel_adler_syna_la_ghriba_1994-09_redim_25_.jpg\" alt=\"djerba_simha_arom_bet_israel_adler_syna_la_ghriba_1994-09_redim_25_.jpg\" width=\"314\" height=\"216\" align=\"left\" data-description=\"&quot;&lt;em\" \/><figcaption class=\"wp-caption-text\"><strong>Simha Arom e Isra\u00ebl Adler, Sinagoga de la Ghriba<\/strong><\/figcaption><\/figure>\n\n","protected":false},"excerpt":{"rendered":"<p>Simha Arom naci\u00f3 en 1930 en D\u00fcsseldorf. Despu\u00e9s de la Noche de los cristales rotos en noviembre de 1938, su familia tuvo que huir de Alemania nazi para ir a<\/p>\n","protected":false},"author":5,"featured_media":82728,"comment_status":"closed","ping_status":"open","sticky":false,"template":"","format":"standard","meta":{"_acf_changed":false,"footnotes":""},"categories":[1417],"tags":[2084],"technique":[],"squelettes":[],"sujet":[],"formation":[],"genre":[],"fonds":[],"tradition":[],"type-de-contenu":[],"interprete-compositeur":[],"frise":[],"type-devenement":[],"tableaux-liens-externes":[],"class_list":["post-82726","post","type-post","status-publish","format-standard","has-post-thumbnail","hentry","category-biografias-es","tag-etiopia-es"],"acf":[],"yoast_head":"<!-- This site is optimized with the Yoast SEO plugin v27.3 - https:\/\/yoast.com\/product\/yoast-seo-wordpress\/ -->\n<title>Arom, Simha (1930) - Institut Europ\u00e9en des Musiques Juives<\/title>\n<meta name=\"robots\" content=\"index, follow, max-snippet:-1, max-image-preview:large, max-video-preview:-1\" \/>\n<link rel=\"canonical\" href=\"https:\/\/www.iemj.org\/es\/arom-simha-1930\/\" \/>\n<meta property=\"og:locale\" content=\"es_ES\" \/>\n<meta property=\"og:type\" content=\"article\" \/>\n<meta property=\"og:title\" content=\"Arom, Simha (1930) - Institut Europ\u00e9en des Musiques Juives\" \/>\n<meta property=\"og:description\" content=\"Simha Arom naci\u00f3 en 1930 en D\u00fcsseldorf. Despu\u00e9s de la Noche de los cristales rotos en noviembre de 1938, su familia tuvo que huir de Alemania nazi para ir a\" \/>\n<meta property=\"og:url\" content=\"https:\/\/www.iemj.org\/es\/arom-simha-1930\/\" \/>\n<meta property=\"og:site_name\" content=\"Institut Europ\u00e9en des Musiques Juives\" \/>\n<meta property=\"article:publisher\" content=\"https:\/\/www.facebook.com\/MusiquesJuives\/\" \/>\n<meta property=\"article:published_time\" content=\"2016-05-24T08:04:02+00:00\" \/>\n<meta property=\"article:modified_time\" content=\"2024-04-18T16:00:46+00:00\" \/>\n<meta property=\"og:image\" content=\"https:\/\/www.iemj.org\/wp-content\/uploads\/2016\/05\/Logo-bio-Simha-Arom-nv-site-e1618076676599.jpg\" \/>\n\t<meta property=\"og:image:width\" content=\"213\" \/>\n\t<meta property=\"og:image:height\" content=\"218\" \/>\n\t<meta property=\"og:image:type\" content=\"image\/jpeg\" \/>\n<meta name=\"author\" content=\"Jacqueline ROTEN\" \/>\n<meta name=\"twitter:card\" content=\"summary_large_image\" \/>\n<meta name=\"twitter:label1\" content=\"Escrito por\" \/>\n\t<meta name=\"twitter:data1\" content=\"Jacqueline ROTEN\" \/>\n\t<meta name=\"twitter:label2\" content=\"Tiempo de lectura\" \/>\n\t<meta name=\"twitter:data2\" content=\"5 minutos\" \/>\n<script type=\"application\/ld+json\" class=\"yoast-schema-graph\">{\"@context\":\"https:\\\/\\\/schema.org\",\"@graph\":[{\"@type\":\"Article\",\"@id\":\"https:\\\/\\\/www.iemj.org\\\/es\\\/arom-simha-1930\\\/#article\",\"isPartOf\":{\"@id\":\"https:\\\/\\\/www.iemj.org\\\/es\\\/arom-simha-1930\\\/\"},\"author\":{\"name\":\"Jacqueline ROTEN\",\"@id\":\"https:\\\/\\\/www.iemj.org\\\/es\\\/#\\\/schema\\\/person\\\/358e26c18aca017fcc4cc15437f7279c\"},\"headline\":\"Arom, Simha (1930)\",\"datePublished\":\"2016-05-24T08:04:02+00:00\",\"dateModified\":\"2024-04-18T16:00:46+00:00\",\"mainEntityOfPage\":{\"@id\":\"https:\\\/\\\/www.iemj.org\\\/es\\\/arom-simha-1930\\\/\"},\"wordCount\":694,\"publisher\":{\"@id\":\"https:\\\/\\\/www.iemj.org\\\/es\\\/#organization\"},\"image\":{\"@id\":\"https:\\\/\\\/www.iemj.org\\\/es\\\/arom-simha-1930\\\/#primaryimage\"},\"thumbnailUrl\":\"https:\\\/\\\/www.iemj.org\\\/wp-content\\\/uploads\\\/2016\\\/05\\\/Logo-bio-Simha-Arom-nv-site-e1618076676599.jpg\",\"keywords\":[\"Etiop\u00eda\"],\"articleSection\":[\"Biograf\u00edas\"],\"inLanguage\":\"es\"},{\"@type\":\"WebPage\",\"@id\":\"https:\\\/\\\/www.iemj.org\\\/es\\\/arom-simha-1930\\\/\",\"url\":\"https:\\\/\\\/www.iemj.org\\\/es\\\/arom-simha-1930\\\/\",\"name\":\"Arom, Simha (1930) - Institut Europ\u00e9en des Musiques Juives\",\"isPartOf\":{\"@id\":\"https:\\\/\\\/www.iemj.org\\\/es\\\/#website\"},\"primaryImageOfPage\":{\"@id\":\"https:\\\/\\\/www.iemj.org\\\/es\\\/arom-simha-1930\\\/#primaryimage\"},\"image\":{\"@id\":\"https:\\\/\\\/www.iemj.org\\\/es\\\/arom-simha-1930\\\/#primaryimage\"},\"thumbnailUrl\":\"https:\\\/\\\/www.iemj.org\\\/wp-content\\\/uploads\\\/2016\\\/05\\\/Logo-bio-Simha-Arom-nv-site-e1618076676599.jpg\",\"datePublished\":\"2016-05-24T08:04:02+00:00\",\"dateModified\":\"2024-04-18T16:00:46+00:00\",\"breadcrumb\":{\"@id\":\"https:\\\/\\\/www.iemj.org\\\/es\\\/arom-simha-1930\\\/#breadcrumb\"},\"inLanguage\":\"es\",\"potentialAction\":[{\"@type\":\"ReadAction\",\"target\":[\"https:\\\/\\\/www.iemj.org\\\/es\\\/arom-simha-1930\\\/\"]}]},{\"@type\":\"ImageObject\",\"inLanguage\":\"es\",\"@id\":\"https:\\\/\\\/www.iemj.org\\\/es\\\/arom-simha-1930\\\/#primaryimage\",\"url\":\"https:\\\/\\\/www.iemj.org\\\/wp-content\\\/uploads\\\/2016\\\/05\\\/Logo-bio-Simha-Arom-nv-site-e1618076676599.jpg\",\"contentUrl\":\"https:\\\/\\\/www.iemj.org\\\/wp-content\\\/uploads\\\/2016\\\/05\\\/Logo-bio-Simha-Arom-nv-site-e1618076676599.jpg\",\"width\":213,\"height\":218},{\"@type\":\"BreadcrumbList\",\"@id\":\"https:\\\/\\\/www.iemj.org\\\/es\\\/arom-simha-1930\\\/#breadcrumb\",\"itemListElement\":[{\"@type\":\"ListItem\",\"position\":1,\"name\":\"Accueil\",\"item\":\"https:\\\/\\\/www.iemj.org\\\/es\\\/\"},{\"@type\":\"ListItem\",\"position\":2,\"name\":\"Arom, Simha (1930)\"}]},{\"@type\":\"WebSite\",\"@id\":\"https:\\\/\\\/www.iemj.org\\\/es\\\/#website\",\"url\":\"https:\\\/\\\/www.iemj.org\\\/es\\\/\",\"name\":\"Institut Europ\u00e9en des Musiques Juives\",\"description\":\"Des traditions musicales \u00e0 la port\u00e9e de tous\",\"publisher\":{\"@id\":\"https:\\\/\\\/www.iemj.org\\\/es\\\/#organization\"},\"potentialAction\":[{\"@type\":\"SearchAction\",\"target\":{\"@type\":\"EntryPoint\",\"urlTemplate\":\"https:\\\/\\\/www.iemj.org\\\/es\\\/?s={search_term_string}\"},\"query-input\":{\"@type\":\"PropertyValueSpecification\",\"valueRequired\":true,\"valueName\":\"search_term_string\"}}],\"inLanguage\":\"es\"},{\"@type\":\"Organization\",\"@id\":\"https:\\\/\\\/www.iemj.org\\\/es\\\/#organization\",\"name\":\"Institut Europ\u00e9en des Musiques Juives\",\"url\":\"https:\\\/\\\/www.iemj.org\\\/es\\\/\",\"logo\":{\"@type\":\"ImageObject\",\"inLanguage\":\"es\",\"@id\":\"https:\\\/\\\/www.iemj.org\\\/es\\\/#\\\/schema\\\/logo\\\/image\\\/\",\"url\":\"https:\\\/\\\/www.iemj.org\\\/wp-content\\\/uploads\\\/2021\\\/09\\\/Logo-IEMJ-Paypal.jpg\",\"contentUrl\":\"https:\\\/\\\/www.iemj.org\\\/wp-content\\\/uploads\\\/2021\\\/09\\\/Logo-IEMJ-Paypal.jpg\",\"width\":150,\"height\":50,\"caption\":\"Institut Europ\u00e9en des Musiques Juives\"},\"image\":{\"@id\":\"https:\\\/\\\/www.iemj.org\\\/es\\\/#\\\/schema\\\/logo\\\/image\\\/\"},\"sameAs\":[\"https:\\\/\\\/www.facebook.com\\\/MusiquesJuives\\\/\",\"https:\\\/\\\/www.instagram.com\\\/musiquesjuives\\\/\",\"https:\\\/\\\/www.youtube.com\\\/user\\\/musiquesjuives\"]},{\"@type\":\"Person\",\"@id\":\"https:\\\/\\\/www.iemj.org\\\/es\\\/#\\\/schema\\\/person\\\/358e26c18aca017fcc4cc15437f7279c\",\"name\":\"Jacqueline ROTEN\",\"image\":{\"@type\":\"ImageObject\",\"inLanguage\":\"es\",\"@id\":\"https:\\\/\\\/secure.gravatar.com\\\/avatar\\\/5964256d6c6957de3a3505278957e0fb2a35119ac47ea41827a65301213c810b?s=96&d=mm&r=g\",\"url\":\"https:\\\/\\\/secure.gravatar.com\\\/avatar\\\/5964256d6c6957de3a3505278957e0fb2a35119ac47ea41827a65301213c810b?s=96&d=mm&r=g\",\"contentUrl\":\"https:\\\/\\\/secure.gravatar.com\\\/avatar\\\/5964256d6c6957de3a3505278957e0fb2a35119ac47ea41827a65301213c810b?s=96&d=mm&r=g\",\"caption\":\"Jacqueline ROTEN\"}}]}<\/script>\n<!-- \/ Yoast SEO plugin. -->","yoast_head_json":{"title":"Arom, Simha (1930) - Institut Europ\u00e9en des Musiques Juives","robots":{"index":"index","follow":"follow","max-snippet":"max-snippet:-1","max-image-preview":"max-image-preview:large","max-video-preview":"max-video-preview:-1"},"canonical":"https:\/\/www.iemj.org\/es\/arom-simha-1930\/","og_locale":"es_ES","og_type":"article","og_title":"Arom, Simha (1930) - Institut Europ\u00e9en des Musiques Juives","og_description":"Simha Arom naci\u00f3 en 1930 en D\u00fcsseldorf. Despu\u00e9s de la Noche de los cristales rotos en noviembre de 1938, su familia tuvo que huir de Alemania nazi para ir a","og_url":"https:\/\/www.iemj.org\/es\/arom-simha-1930\/","og_site_name":"Institut Europ\u00e9en des Musiques Juives","article_publisher":"https:\/\/www.facebook.com\/MusiquesJuives\/","article_published_time":"2016-05-24T08:04:02+00:00","article_modified_time":"2024-04-18T16:00:46+00:00","og_image":[{"width":213,"height":218,"url":"https:\/\/www.iemj.org\/wp-content\/uploads\/2016\/05\/Logo-bio-Simha-Arom-nv-site-e1618076676599.jpg","type":"image\/jpeg"}],"author":"Jacqueline ROTEN","twitter_card":"summary_large_image","twitter_misc":{"Escrito por":"Jacqueline ROTEN","Tiempo de lectura":"5 minutos"},"schema":{"@context":"https:\/\/schema.org","@graph":[{"@type":"Article","@id":"https:\/\/www.iemj.org\/es\/arom-simha-1930\/#article","isPartOf":{"@id":"https:\/\/www.iemj.org\/es\/arom-simha-1930\/"},"author":{"name":"Jacqueline ROTEN","@id":"https:\/\/www.iemj.org\/es\/#\/schema\/person\/358e26c18aca017fcc4cc15437f7279c"},"headline":"Arom, Simha (1930)","datePublished":"2016-05-24T08:04:02+00:00","dateModified":"2024-04-18T16:00:46+00:00","mainEntityOfPage":{"@id":"https:\/\/www.iemj.org\/es\/arom-simha-1930\/"},"wordCount":694,"publisher":{"@id":"https:\/\/www.iemj.org\/es\/#organization"},"image":{"@id":"https:\/\/www.iemj.org\/es\/arom-simha-1930\/#primaryimage"},"thumbnailUrl":"https:\/\/www.iemj.org\/wp-content\/uploads\/2016\/05\/Logo-bio-Simha-Arom-nv-site-e1618076676599.jpg","keywords":["Etiop\u00eda"],"articleSection":["Biograf\u00edas"],"inLanguage":"es"},{"@type":"WebPage","@id":"https:\/\/www.iemj.org\/es\/arom-simha-1930\/","url":"https:\/\/www.iemj.org\/es\/arom-simha-1930\/","name":"Arom, Simha (1930) - Institut Europ\u00e9en des Musiques Juives","isPartOf":{"@id":"https:\/\/www.iemj.org\/es\/#website"},"primaryImageOfPage":{"@id":"https:\/\/www.iemj.org\/es\/arom-simha-1930\/#primaryimage"},"image":{"@id":"https:\/\/www.iemj.org\/es\/arom-simha-1930\/#primaryimage"},"thumbnailUrl":"https:\/\/www.iemj.org\/wp-content\/uploads\/2016\/05\/Logo-bio-Simha-Arom-nv-site-e1618076676599.jpg","datePublished":"2016-05-24T08:04:02+00:00","dateModified":"2024-04-18T16:00:46+00:00","breadcrumb":{"@id":"https:\/\/www.iemj.org\/es\/arom-simha-1930\/#breadcrumb"},"inLanguage":"es","potentialAction":[{"@type":"ReadAction","target":["https:\/\/www.iemj.org\/es\/arom-simha-1930\/"]}]},{"@type":"ImageObject","inLanguage":"es","@id":"https:\/\/www.iemj.org\/es\/arom-simha-1930\/#primaryimage","url":"https:\/\/www.iemj.org\/wp-content\/uploads\/2016\/05\/Logo-bio-Simha-Arom-nv-site-e1618076676599.jpg","contentUrl":"https:\/\/www.iemj.org\/wp-content\/uploads\/2016\/05\/Logo-bio-Simha-Arom-nv-site-e1618076676599.jpg","width":213,"height":218},{"@type":"BreadcrumbList","@id":"https:\/\/www.iemj.org\/es\/arom-simha-1930\/#breadcrumb","itemListElement":[{"@type":"ListItem","position":1,"name":"Accueil","item":"https:\/\/www.iemj.org\/es\/"},{"@type":"ListItem","position":2,"name":"Arom, Simha (1930)"}]},{"@type":"WebSite","@id":"https:\/\/www.iemj.org\/es\/#website","url":"https:\/\/www.iemj.org\/es\/","name":"Institut Europ\u00e9en des Musiques Juives","description":"Des traditions musicales \u00e0 la port\u00e9e de tous","publisher":{"@id":"https:\/\/www.iemj.org\/es\/#organization"},"potentialAction":[{"@type":"SearchAction","target":{"@type":"EntryPoint","urlTemplate":"https:\/\/www.iemj.org\/es\/?s={search_term_string}"},"query-input":{"@type":"PropertyValueSpecification","valueRequired":true,"valueName":"search_term_string"}}],"inLanguage":"es"},{"@type":"Organization","@id":"https:\/\/www.iemj.org\/es\/#organization","name":"Institut Europ\u00e9en des Musiques Juives","url":"https:\/\/www.iemj.org\/es\/","logo":{"@type":"ImageObject","inLanguage":"es","@id":"https:\/\/www.iemj.org\/es\/#\/schema\/logo\/image\/","url":"https:\/\/www.iemj.org\/wp-content\/uploads\/2021\/09\/Logo-IEMJ-Paypal.jpg","contentUrl":"https:\/\/www.iemj.org\/wp-content\/uploads\/2021\/09\/Logo-IEMJ-Paypal.jpg","width":150,"height":50,"caption":"Institut Europ\u00e9en des Musiques Juives"},"image":{"@id":"https:\/\/www.iemj.org\/es\/#\/schema\/logo\/image\/"},"sameAs":["https:\/\/www.facebook.com\/MusiquesJuives\/","https:\/\/www.instagram.com\/musiquesjuives\/","https:\/\/www.youtube.com\/user\/musiquesjuives"]},{"@type":"Person","@id":"https:\/\/www.iemj.org\/es\/#\/schema\/person\/358e26c18aca017fcc4cc15437f7279c","name":"Jacqueline ROTEN","image":{"@type":"ImageObject","inLanguage":"es","@id":"https:\/\/secure.gravatar.com\/avatar\/5964256d6c6957de3a3505278957e0fb2a35119ac47ea41827a65301213c810b?s=96&d=mm&r=g","url":"https:\/\/secure.gravatar.com\/avatar\/5964256d6c6957de3a3505278957e0fb2a35119ac47ea41827a65301213c810b?s=96&d=mm&r=g","contentUrl":"https:\/\/secure.gravatar.com\/avatar\/5964256d6c6957de3a3505278957e0fb2a35119ac47ea41827a65301213c810b?s=96&d=mm&r=g","caption":"Jacqueline ROTEN"}}]}},"_links":{"self":[{"href":"https:\/\/www.iemj.org\/es\/wp-json\/wp\/v2\/posts\/82726","targetHints":{"allow":["GET"]}}],"collection":[{"href":"https:\/\/www.iemj.org\/es\/wp-json\/wp\/v2\/posts"}],"about":[{"href":"https:\/\/www.iemj.org\/es\/wp-json\/wp\/v2\/types\/post"}],"author":[{"embeddable":true,"href":"https:\/\/www.iemj.org\/es\/wp-json\/wp\/v2\/users\/5"}],"replies":[{"embeddable":true,"href":"https:\/\/www.iemj.org\/es\/wp-json\/wp\/v2\/comments?post=82726"}],"version-history":[{"count":0,"href":"https:\/\/www.iemj.org\/es\/wp-json\/wp\/v2\/posts\/82726\/revisions"}],"wp:featuredmedia":[{"embeddable":true,"href":"https:\/\/www.iemj.org\/es\/wp-json\/wp\/v2\/media\/82728"}],"wp:attachment":[{"href":"https:\/\/www.iemj.org\/es\/wp-json\/wp\/v2\/media?parent=82726"}],"wp:term":[{"taxonomy":"category","embeddable":true,"href":"https:\/\/www.iemj.org\/es\/wp-json\/wp\/v2\/categories?post=82726"},{"taxonomy":"post_tag","embeddable":true,"href":"https:\/\/www.iemj.org\/es\/wp-json\/wp\/v2\/tags?post=82726"},{"taxonomy":"technique","embeddable":true,"href":"https:\/\/www.iemj.org\/es\/wp-json\/wp\/v2\/technique?post=82726"},{"taxonomy":"squelettes","embeddable":true,"href":"https:\/\/www.iemj.org\/es\/wp-json\/wp\/v2\/squelettes?post=82726"},{"taxonomy":"sujet","embeddable":true,"href":"https:\/\/www.iemj.org\/es\/wp-json\/wp\/v2\/sujet?post=82726"},{"taxonomy":"formation","embeddable":true,"href":"https:\/\/www.iemj.org\/es\/wp-json\/wp\/v2\/formation?post=82726"},{"taxonomy":"genre","embeddable":true,"href":"https:\/\/www.iemj.org\/es\/wp-json\/wp\/v2\/genre?post=82726"},{"taxonomy":"fonds","embeddable":true,"href":"https:\/\/www.iemj.org\/es\/wp-json\/wp\/v2\/fonds?post=82726"},{"taxonomy":"tradition","embeddable":true,"href":"https:\/\/www.iemj.org\/es\/wp-json\/wp\/v2\/tradition?post=82726"},{"taxonomy":"type-de-contenu","embeddable":true,"href":"https:\/\/www.iemj.org\/es\/wp-json\/wp\/v2\/type-de-contenu?post=82726"},{"taxonomy":"interprete-compositeur","embeddable":true,"href":"https:\/\/www.iemj.org\/es\/wp-json\/wp\/v2\/interprete-compositeur?post=82726"},{"taxonomy":"frise","embeddable":true,"href":"https:\/\/www.iemj.org\/es\/wp-json\/wp\/v2\/frise?post=82726"},{"taxonomy":"type-devenement","embeddable":true,"href":"https:\/\/www.iemj.org\/es\/wp-json\/wp\/v2\/type-devenement?post=82726"},{"taxonomy":"tableaux-liens-externes","embeddable":true,"href":"https:\/\/www.iemj.org\/es\/wp-json\/wp\/v2\/tableaux-liens-externes?post=82726"}],"curies":[{"name":"wp","href":"https:\/\/api.w.org\/{rel}","templated":true}]}}