{"id":82735,"date":"2020-03-18T16:53:17","date_gmt":"2020-03-18T15:53:17","guid":{"rendered":"https:\/\/www.iemj.org\/arrouasse-maurice-1932-2017\/"},"modified":"2022-08-30T15:20:57","modified_gmt":"2022-08-30T13:20:57","slug":"arrouasse-maurice-1932-2017","status":"publish","type":"post","link":"https:\/\/www.iemj.org\/es\/arrouasse-maurice-1932-2017\/","title":{"rendered":"Arrouasse, Maurice (1932-2017)"},"content":{"rendered":"<p class=\"Standard\" style=\"text-align: justify; text-justify: inter-ideograph;\"><span lang=\"ES\">Nacido en Tlemcen (Argelia) el 31 de julio de 1932, en el seno de una familia compuesta de diez hijos, Maurice Arrouasse viene de una familia pobre pero feliz. Tambi\u00e9n su vida social era muy feliz medio de las distintas comunidades religiosas que constitu\u00edan Argelia antes de la independencia, hasta el a\u00f1o 1962: el joven Maurice Arrouasse y su familia tuvieron que ir al puerto de la ciudad de Oran para subir en un barco (el \u201cVille d&#8217;Oran\u201d) con destino a Francia. El viaje durar\u00e1 36 horas para que la familia llegue a Marsella, la ciudad foceana. Los Arrouasse llegaron a Par\u00eds en tren, un viaje que duraba 11 o 12 horas en aquella \u00e9poca.<\/span><\/p>\n<p><img decoding=\"async\" class=\" alignright  wp-image-51313\" src=\"https:\/\/www.iemj.org\/wp-content\/uploads\/2020\/03\/1.famille_de_ma_avec_les_enfants_300px_vertic.jpg\" alt=\"1.famille_de_ma_avec_les_enfants_300px_vertic.jpg\" width=\"168\" height=\"255\" align=\"right\" \/>El inicio de la nueva vida parisina de Maurice Arrouasse fue dif\u00edcil antes de poder estabilizarse geogr\u00e1ficamente y financieramente. Poco despu\u00e9s de su llegada a Par\u00eds, Maurice Arrouasse primero obtuvo un cargo de ingeniero soldador en la empresa Saint Gobin, luego en 1976, cre\u00f3 su propia empresa de lavander\u00eda.<\/p>\n<p class=\"Standard\" style=\"text-align: justify; text-justify: inter-ideograph;\"><span lang=\"ES\">El mismo a\u00f1o, en ocasi\u00f3n de la bar mitzvah de su hijo Serge, que organiz\u00f3 \u00e9l mismo, emprendi\u00f3 una nueva actividad de \u201ctraiteur\u201d, en una \u00e9poca en que la comida kosher a\u00fan no era generalizada en Par\u00eds, como es hoy. Obtuvo su certificaci\u00f3n de kosher a los inicios de los a\u00f1os 80, al mismo tiempo que su ingreso a la Radio Shalom, (nueva radio libre jud\u00eda parisina fundada en 1981) gracias a la acci\u00f3n de su amigo locutor de radio Maurice Azoulay.<\/span><\/p>\n<p class=\"Standard\" style=\"text-align: justify; text-justify: inter-ideograph;\"><span lang=\"ES\"><img fetchpriority=\"high\" decoding=\"async\" class=\" alignleft  wp-image-51316\" src=\"https:\/\/www.iemj.org\/wp-content\/uploads\/2020\/03\/2._a_radio_shalom_300px_horiz.jpg\" alt=\"2._a_radio_shalom_300px_horiz.jpg\" width=\"280\" height=\"193\" align=\"left\" \/>En antena, animar\u00e1 durante unos treinta a\u00f1os \u201cOrientissimo\u201d, un programa de m\u00fasicas judeo orientales que daba la oportunidad a los oyentes que dedicaran un trozo de m\u00fasica en directo a sus familiares o amigos. Gracias a su programa, Maurice Arrouasse supo crear un ambiente familiar para sus numerosos oyentes, a lo largo de tres d\u00e9cadas en la radio. Durante sus numerosos programas, igualmente recib\u00eda grandes nombres de la m\u00fasica oriental.<\/span><\/p>\n<p class=\"Standard\" style=\"text-align: justify; text-justify: inter-ideograph;\"><span lang=\"ES\">Poseedor de una colecci\u00f3n importante de m\u00fasica oriental, y estando preocupado por la protecci\u00f3n de ese <img decoding=\"async\" class=\" alignright  wp-image-51319\" src=\"https:\/\/www.iemj.org\/wp-content\/uploads\/2020\/03\/3._concert_avec_blond-luc_cherki_et_autres_300px_horiz.jpg\" alt=\"3._concert_avec_blond-luc_cherki_et_autres_300px_horiz.jpg\" width=\"282\" height=\"193\" align=\"right\" \/>patrimonio, Maurice Arrouasse deposit\u00f3 en 2015, en el Institut Europ\u00e9en des Musiques Juives m\u00e1s de 300 documentos, principalmente grabaciones, pero tambi\u00e9n fotos de familia. Este <a href=\"https:\/\/www.iemj.org\/fonds-depose-par-maurice-arrouasse\/\" target=\"_blank\" rel=\"noopener\">fondo Maurice Arraouasse<\/a> ahora est\u00e1 disponible en el cat\u00e1logo de colecciones del IEMJ o con cita previa.<\/span><\/p>\n<p class=\"Standard\" style=\"text-align: justify; text-justify: inter-ideograph;\"><span lang=\"ES\">Maurice Arrouasse falleci\u00f3 el 4 de octubre de 2017, durante las celebraciones jud\u00edas del mes de Tishrei, dejando a las generaciones futuras una documentaci\u00f3n permitiendo un mejor conocimiento de las m\u00fasicas jud\u00edas de \u00c1frica del Norte y del Medio Oriente.<\/span><\/p>\n<p><a href=\"https:\/\/www.iemj.org\/fonds-depose-par-maurice-arrouasse\/?\">Consultar el fondo de Maurice Arrouasse<\/a><\/p>\n\n\n<p><\/p>\n","protected":false},"excerpt":{"rendered":"<p>Nacido en Tlemcen (Argelia) el 31 de julio de 1932, en el seno de una familia compuesta de diez hijos, Maurice Arrouasse viene de una familia pobre pero feliz. Tambi\u00e9n<\/p>\n","protected":false},"author":5,"featured_media":51309,"comment_status":"closed","ping_status":"closed","sticky":false,"template":"","format":"standard","meta":{"_acf_changed":false,"footnotes":""},"categories":[1417],"tags":[],"technique":[],"squelettes":[],"sujet":[],"formation":[],"genre":[1915],"fonds":[],"tradition":[],"type-de-contenu":[],"interprete-compositeur":[],"frise":[],"type-devenement":[],"tableaux-liens-externes":[],"class_list":["post-82735","post","type-post","status-publish","format-standard","has-post-thumbnail","hentry","category-biografias-es","genre-oriental-es"],"acf":[],"yoast_head":"<!-- This site is optimized with the Yoast SEO plugin v27.3 - https:\/\/yoast.com\/product\/yoast-seo-wordpress\/ -->\n<title>Arrouasse, Maurice (1932-2017) - Institut Europ\u00e9en des Musiques Juives<\/title>\n<meta name=\"robots\" content=\"index, follow, max-snippet:-1, max-image-preview:large, max-video-preview:-1\" \/>\n<link rel=\"canonical\" href=\"https:\/\/www.iemj.org\/es\/arrouasse-maurice-1932-2017\/\" \/>\n<meta property=\"og:locale\" content=\"es_ES\" \/>\n<meta property=\"og:type\" content=\"article\" \/>\n<meta property=\"og:title\" content=\"Arrouasse, Maurice (1932-2017) - Institut Europ\u00e9en des Musiques Juives\" \/>\n<meta property=\"og:description\" content=\"Nacido en Tlemcen (Argelia) el 31 de julio de 1932, en el seno de una familia compuesta de diez hijos, Maurice Arrouasse viene de una familia pobre pero feliz. Tambi\u00e9n\" \/>\n<meta property=\"og:url\" content=\"https:\/\/www.iemj.org\/es\/arrouasse-maurice-1932-2017\/\" \/>\n<meta property=\"og:site_name\" content=\"Institut Europ\u00e9en des Musiques Juives\" \/>\n<meta property=\"article:publisher\" content=\"https:\/\/www.facebook.com\/MusiquesJuives\/\" \/>\n<meta property=\"article:published_time\" content=\"2020-03-18T15:53:17+00:00\" \/>\n<meta property=\"article:modified_time\" content=\"2022-08-30T13:20:57+00:00\" \/>\n<meta property=\"og:image\" content=\"https:\/\/www.iemj.org\/wp-content\/uploads\/2020\/03\/arton4609-e1649686601655.jpg\" \/>\n\t<meta property=\"og:image:width\" content=\"160\" \/>\n\t<meta property=\"og:image:height\" content=\"218\" \/>\n\t<meta property=\"og:image:type\" content=\"image\/jpeg\" \/>\n<meta name=\"author\" content=\"Jacqueline ROTEN\" \/>\n<meta name=\"twitter:card\" content=\"summary_large_image\" \/>\n<meta name=\"twitter:label1\" content=\"Escrito por\" \/>\n\t<meta name=\"twitter:data1\" content=\"Jacqueline ROTEN\" \/>\n\t<meta name=\"twitter:label2\" content=\"Tiempo de lectura\" \/>\n\t<meta name=\"twitter:data2\" content=\"3 minutos\" \/>\n<script type=\"application\/ld+json\" class=\"yoast-schema-graph\">{\"@context\":\"https:\\\/\\\/schema.org\",\"@graph\":[{\"@type\":\"Article\",\"@id\":\"https:\\\/\\\/www.iemj.org\\\/es\\\/arrouasse-maurice-1932-2017\\\/#article\",\"isPartOf\":{\"@id\":\"https:\\\/\\\/www.iemj.org\\\/es\\\/arrouasse-maurice-1932-2017\\\/\"},\"author\":{\"name\":\"Jacqueline ROTEN\",\"@id\":\"https:\\\/\\\/www.iemj.org\\\/es\\\/#\\\/schema\\\/person\\\/358e26c18aca017fcc4cc15437f7279c\"},\"headline\":\"Arrouasse, Maurice (1932-2017)\",\"datePublished\":\"2020-03-18T15:53:17+00:00\",\"dateModified\":\"2022-08-30T13:20:57+00:00\",\"mainEntityOfPage\":{\"@id\":\"https:\\\/\\\/www.iemj.org\\\/es\\\/arrouasse-maurice-1932-2017\\\/\"},\"wordCount\":445,\"publisher\":{\"@id\":\"https:\\\/\\\/www.iemj.org\\\/es\\\/#organization\"},\"image\":{\"@id\":\"https:\\\/\\\/www.iemj.org\\\/es\\\/arrouasse-maurice-1932-2017\\\/#primaryimage\"},\"thumbnailUrl\":\"https:\\\/\\\/www.iemj.org\\\/wp-content\\\/uploads\\\/2020\\\/03\\\/arton4609-e1649686601655.jpg\",\"articleSection\":[\"Biograf\u00edas\"],\"inLanguage\":\"es\"},{\"@type\":\"WebPage\",\"@id\":\"https:\\\/\\\/www.iemj.org\\\/es\\\/arrouasse-maurice-1932-2017\\\/\",\"url\":\"https:\\\/\\\/www.iemj.org\\\/es\\\/arrouasse-maurice-1932-2017\\\/\",\"name\":\"Arrouasse, Maurice (1932-2017) - Institut Europ\u00e9en des Musiques Juives\",\"isPartOf\":{\"@id\":\"https:\\\/\\\/www.iemj.org\\\/es\\\/#website\"},\"primaryImageOfPage\":{\"@id\":\"https:\\\/\\\/www.iemj.org\\\/es\\\/arrouasse-maurice-1932-2017\\\/#primaryimage\"},\"image\":{\"@id\":\"https:\\\/\\\/www.iemj.org\\\/es\\\/arrouasse-maurice-1932-2017\\\/#primaryimage\"},\"thumbnailUrl\":\"https:\\\/\\\/www.iemj.org\\\/wp-content\\\/uploads\\\/2020\\\/03\\\/arton4609-e1649686601655.jpg\",\"datePublished\":\"2020-03-18T15:53:17+00:00\",\"dateModified\":\"2022-08-30T13:20:57+00:00\",\"breadcrumb\":{\"@id\":\"https:\\\/\\\/www.iemj.org\\\/es\\\/arrouasse-maurice-1932-2017\\\/#breadcrumb\"},\"inLanguage\":\"es\",\"potentialAction\":[{\"@type\":\"ReadAction\",\"target\":[\"https:\\\/\\\/www.iemj.org\\\/es\\\/arrouasse-maurice-1932-2017\\\/\"]}]},{\"@type\":\"ImageObject\",\"inLanguage\":\"es\",\"@id\":\"https:\\\/\\\/www.iemj.org\\\/es\\\/arrouasse-maurice-1932-2017\\\/#primaryimage\",\"url\":\"https:\\\/\\\/www.iemj.org\\\/wp-content\\\/uploads\\\/2020\\\/03\\\/arton4609-e1649686601655.jpg\",\"contentUrl\":\"https:\\\/\\\/www.iemj.org\\\/wp-content\\\/uploads\\\/2020\\\/03\\\/arton4609-e1649686601655.jpg\",\"width\":160,\"height\":218},{\"@type\":\"BreadcrumbList\",\"@id\":\"https:\\\/\\\/www.iemj.org\\\/es\\\/arrouasse-maurice-1932-2017\\\/#breadcrumb\",\"itemListElement\":[{\"@type\":\"ListItem\",\"position\":1,\"name\":\"Accueil\",\"item\":\"https:\\\/\\\/www.iemj.org\\\/es\\\/\"},{\"@type\":\"ListItem\",\"position\":2,\"name\":\"Arrouasse, Maurice (1932-2017)\"}]},{\"@type\":\"WebSite\",\"@id\":\"https:\\\/\\\/www.iemj.org\\\/es\\\/#website\",\"url\":\"https:\\\/\\\/www.iemj.org\\\/es\\\/\",\"name\":\"Institut Europ\u00e9en des Musiques Juives\",\"description\":\"Des traditions musicales \u00e0 la port\u00e9e de tous\",\"publisher\":{\"@id\":\"https:\\\/\\\/www.iemj.org\\\/es\\\/#organization\"},\"potentialAction\":[{\"@type\":\"SearchAction\",\"target\":{\"@type\":\"EntryPoint\",\"urlTemplate\":\"https:\\\/\\\/www.iemj.org\\\/es\\\/?s={search_term_string}\"},\"query-input\":{\"@type\":\"PropertyValueSpecification\",\"valueRequired\":true,\"valueName\":\"search_term_string\"}}],\"inLanguage\":\"es\"},{\"@type\":\"Organization\",\"@id\":\"https:\\\/\\\/www.iemj.org\\\/es\\\/#organization\",\"name\":\"Institut Europ\u00e9en des Musiques Juives\",\"url\":\"https:\\\/\\\/www.iemj.org\\\/es\\\/\",\"logo\":{\"@type\":\"ImageObject\",\"inLanguage\":\"es\",\"@id\":\"https:\\\/\\\/www.iemj.org\\\/es\\\/#\\\/schema\\\/logo\\\/image\\\/\",\"url\":\"https:\\\/\\\/www.iemj.org\\\/wp-content\\\/uploads\\\/2021\\\/09\\\/Logo-IEMJ-Paypal.jpg\",\"contentUrl\":\"https:\\\/\\\/www.iemj.org\\\/wp-content\\\/uploads\\\/2021\\\/09\\\/Logo-IEMJ-Paypal.jpg\",\"width\":150,\"height\":50,\"caption\":\"Institut Europ\u00e9en des Musiques Juives\"},\"image\":{\"@id\":\"https:\\\/\\\/www.iemj.org\\\/es\\\/#\\\/schema\\\/logo\\\/image\\\/\"},\"sameAs\":[\"https:\\\/\\\/www.facebook.com\\\/MusiquesJuives\\\/\",\"https:\\\/\\\/www.instagram.com\\\/musiquesjuives\\\/\",\"https:\\\/\\\/www.youtube.com\\\/user\\\/musiquesjuives\"]},{\"@type\":\"Person\",\"@id\":\"https:\\\/\\\/www.iemj.org\\\/es\\\/#\\\/schema\\\/person\\\/358e26c18aca017fcc4cc15437f7279c\",\"name\":\"Jacqueline ROTEN\",\"image\":{\"@type\":\"ImageObject\",\"inLanguage\":\"es\",\"@id\":\"https:\\\/\\\/secure.gravatar.com\\\/avatar\\\/5964256d6c6957de3a3505278957e0fb2a35119ac47ea41827a65301213c810b?s=96&d=mm&r=g\",\"url\":\"https:\\\/\\\/secure.gravatar.com\\\/avatar\\\/5964256d6c6957de3a3505278957e0fb2a35119ac47ea41827a65301213c810b?s=96&d=mm&r=g\",\"contentUrl\":\"https:\\\/\\\/secure.gravatar.com\\\/avatar\\\/5964256d6c6957de3a3505278957e0fb2a35119ac47ea41827a65301213c810b?s=96&d=mm&r=g\",\"caption\":\"Jacqueline ROTEN\"}}]}<\/script>\n<!-- \/ Yoast SEO plugin. -->","yoast_head_json":{"title":"Arrouasse, Maurice (1932-2017) - Institut Europ\u00e9en des Musiques Juives","robots":{"index":"index","follow":"follow","max-snippet":"max-snippet:-1","max-image-preview":"max-image-preview:large","max-video-preview":"max-video-preview:-1"},"canonical":"https:\/\/www.iemj.org\/es\/arrouasse-maurice-1932-2017\/","og_locale":"es_ES","og_type":"article","og_title":"Arrouasse, Maurice (1932-2017) - Institut Europ\u00e9en des Musiques Juives","og_description":"Nacido en Tlemcen (Argelia) el 31 de julio de 1932, en el seno de una familia compuesta de diez hijos, Maurice Arrouasse viene de una familia pobre pero feliz. Tambi\u00e9n","og_url":"https:\/\/www.iemj.org\/es\/arrouasse-maurice-1932-2017\/","og_site_name":"Institut Europ\u00e9en des Musiques Juives","article_publisher":"https:\/\/www.facebook.com\/MusiquesJuives\/","article_published_time":"2020-03-18T15:53:17+00:00","article_modified_time":"2022-08-30T13:20:57+00:00","og_image":[{"width":160,"height":218,"url":"https:\/\/www.iemj.org\/wp-content\/uploads\/2020\/03\/arton4609-e1649686601655.jpg","type":"image\/jpeg"}],"author":"Jacqueline ROTEN","twitter_card":"summary_large_image","twitter_misc":{"Escrito por":"Jacqueline ROTEN","Tiempo de lectura":"3 minutos"},"schema":{"@context":"https:\/\/schema.org","@graph":[{"@type":"Article","@id":"https:\/\/www.iemj.org\/es\/arrouasse-maurice-1932-2017\/#article","isPartOf":{"@id":"https:\/\/www.iemj.org\/es\/arrouasse-maurice-1932-2017\/"},"author":{"name":"Jacqueline ROTEN","@id":"https:\/\/www.iemj.org\/es\/#\/schema\/person\/358e26c18aca017fcc4cc15437f7279c"},"headline":"Arrouasse, Maurice (1932-2017)","datePublished":"2020-03-18T15:53:17+00:00","dateModified":"2022-08-30T13:20:57+00:00","mainEntityOfPage":{"@id":"https:\/\/www.iemj.org\/es\/arrouasse-maurice-1932-2017\/"},"wordCount":445,"publisher":{"@id":"https:\/\/www.iemj.org\/es\/#organization"},"image":{"@id":"https:\/\/www.iemj.org\/es\/arrouasse-maurice-1932-2017\/#primaryimage"},"thumbnailUrl":"https:\/\/www.iemj.org\/wp-content\/uploads\/2020\/03\/arton4609-e1649686601655.jpg","articleSection":["Biograf\u00edas"],"inLanguage":"es"},{"@type":"WebPage","@id":"https:\/\/www.iemj.org\/es\/arrouasse-maurice-1932-2017\/","url":"https:\/\/www.iemj.org\/es\/arrouasse-maurice-1932-2017\/","name":"Arrouasse, Maurice (1932-2017) - Institut Europ\u00e9en des Musiques Juives","isPartOf":{"@id":"https:\/\/www.iemj.org\/es\/#website"},"primaryImageOfPage":{"@id":"https:\/\/www.iemj.org\/es\/arrouasse-maurice-1932-2017\/#primaryimage"},"image":{"@id":"https:\/\/www.iemj.org\/es\/arrouasse-maurice-1932-2017\/#primaryimage"},"thumbnailUrl":"https:\/\/www.iemj.org\/wp-content\/uploads\/2020\/03\/arton4609-e1649686601655.jpg","datePublished":"2020-03-18T15:53:17+00:00","dateModified":"2022-08-30T13:20:57+00:00","breadcrumb":{"@id":"https:\/\/www.iemj.org\/es\/arrouasse-maurice-1932-2017\/#breadcrumb"},"inLanguage":"es","potentialAction":[{"@type":"ReadAction","target":["https:\/\/www.iemj.org\/es\/arrouasse-maurice-1932-2017\/"]}]},{"@type":"ImageObject","inLanguage":"es","@id":"https:\/\/www.iemj.org\/es\/arrouasse-maurice-1932-2017\/#primaryimage","url":"https:\/\/www.iemj.org\/wp-content\/uploads\/2020\/03\/arton4609-e1649686601655.jpg","contentUrl":"https:\/\/www.iemj.org\/wp-content\/uploads\/2020\/03\/arton4609-e1649686601655.jpg","width":160,"height":218},{"@type":"BreadcrumbList","@id":"https:\/\/www.iemj.org\/es\/arrouasse-maurice-1932-2017\/#breadcrumb","itemListElement":[{"@type":"ListItem","position":1,"name":"Accueil","item":"https:\/\/www.iemj.org\/es\/"},{"@type":"ListItem","position":2,"name":"Arrouasse, Maurice (1932-2017)"}]},{"@type":"WebSite","@id":"https:\/\/www.iemj.org\/es\/#website","url":"https:\/\/www.iemj.org\/es\/","name":"Institut Europ\u00e9en des Musiques Juives","description":"Des traditions musicales \u00e0 la port\u00e9e de tous","publisher":{"@id":"https:\/\/www.iemj.org\/es\/#organization"},"potentialAction":[{"@type":"SearchAction","target":{"@type":"EntryPoint","urlTemplate":"https:\/\/www.iemj.org\/es\/?s={search_term_string}"},"query-input":{"@type":"PropertyValueSpecification","valueRequired":true,"valueName":"search_term_string"}}],"inLanguage":"es"},{"@type":"Organization","@id":"https:\/\/www.iemj.org\/es\/#organization","name":"Institut Europ\u00e9en des Musiques Juives","url":"https:\/\/www.iemj.org\/es\/","logo":{"@type":"ImageObject","inLanguage":"es","@id":"https:\/\/www.iemj.org\/es\/#\/schema\/logo\/image\/","url":"https:\/\/www.iemj.org\/wp-content\/uploads\/2021\/09\/Logo-IEMJ-Paypal.jpg","contentUrl":"https:\/\/www.iemj.org\/wp-content\/uploads\/2021\/09\/Logo-IEMJ-Paypal.jpg","width":150,"height":50,"caption":"Institut Europ\u00e9en des Musiques Juives"},"image":{"@id":"https:\/\/www.iemj.org\/es\/#\/schema\/logo\/image\/"},"sameAs":["https:\/\/www.facebook.com\/MusiquesJuives\/","https:\/\/www.instagram.com\/musiquesjuives\/","https:\/\/www.youtube.com\/user\/musiquesjuives"]},{"@type":"Person","@id":"https:\/\/www.iemj.org\/es\/#\/schema\/person\/358e26c18aca017fcc4cc15437f7279c","name":"Jacqueline ROTEN","image":{"@type":"ImageObject","inLanguage":"es","@id":"https:\/\/secure.gravatar.com\/avatar\/5964256d6c6957de3a3505278957e0fb2a35119ac47ea41827a65301213c810b?s=96&d=mm&r=g","url":"https:\/\/secure.gravatar.com\/avatar\/5964256d6c6957de3a3505278957e0fb2a35119ac47ea41827a65301213c810b?s=96&d=mm&r=g","contentUrl":"https:\/\/secure.gravatar.com\/avatar\/5964256d6c6957de3a3505278957e0fb2a35119ac47ea41827a65301213c810b?s=96&d=mm&r=g","caption":"Jacqueline ROTEN"}}]}},"_links":{"self":[{"href":"https:\/\/www.iemj.org\/es\/wp-json\/wp\/v2\/posts\/82735","targetHints":{"allow":["GET"]}}],"collection":[{"href":"https:\/\/www.iemj.org\/es\/wp-json\/wp\/v2\/posts"}],"about":[{"href":"https:\/\/www.iemj.org\/es\/wp-json\/wp\/v2\/types\/post"}],"author":[{"embeddable":true,"href":"https:\/\/www.iemj.org\/es\/wp-json\/wp\/v2\/users\/5"}],"replies":[{"embeddable":true,"href":"https:\/\/www.iemj.org\/es\/wp-json\/wp\/v2\/comments?post=82735"}],"version-history":[{"count":0,"href":"https:\/\/www.iemj.org\/es\/wp-json\/wp\/v2\/posts\/82735\/revisions"}],"wp:featuredmedia":[{"embeddable":true,"href":"https:\/\/www.iemj.org\/es\/wp-json\/wp\/v2\/media\/51309"}],"wp:attachment":[{"href":"https:\/\/www.iemj.org\/es\/wp-json\/wp\/v2\/media?parent=82735"}],"wp:term":[{"taxonomy":"category","embeddable":true,"href":"https:\/\/www.iemj.org\/es\/wp-json\/wp\/v2\/categories?post=82735"},{"taxonomy":"post_tag","embeddable":true,"href":"https:\/\/www.iemj.org\/es\/wp-json\/wp\/v2\/tags?post=82735"},{"taxonomy":"technique","embeddable":true,"href":"https:\/\/www.iemj.org\/es\/wp-json\/wp\/v2\/technique?post=82735"},{"taxonomy":"squelettes","embeddable":true,"href":"https:\/\/www.iemj.org\/es\/wp-json\/wp\/v2\/squelettes?post=82735"},{"taxonomy":"sujet","embeddable":true,"href":"https:\/\/www.iemj.org\/es\/wp-json\/wp\/v2\/sujet?post=82735"},{"taxonomy":"formation","embeddable":true,"href":"https:\/\/www.iemj.org\/es\/wp-json\/wp\/v2\/formation?post=82735"},{"taxonomy":"genre","embeddable":true,"href":"https:\/\/www.iemj.org\/es\/wp-json\/wp\/v2\/genre?post=82735"},{"taxonomy":"fonds","embeddable":true,"href":"https:\/\/www.iemj.org\/es\/wp-json\/wp\/v2\/fonds?post=82735"},{"taxonomy":"tradition","embeddable":true,"href":"https:\/\/www.iemj.org\/es\/wp-json\/wp\/v2\/tradition?post=82735"},{"taxonomy":"type-de-contenu","embeddable":true,"href":"https:\/\/www.iemj.org\/es\/wp-json\/wp\/v2\/type-de-contenu?post=82735"},{"taxonomy":"interprete-compositeur","embeddable":true,"href":"https:\/\/www.iemj.org\/es\/wp-json\/wp\/v2\/interprete-compositeur?post=82735"},{"taxonomy":"frise","embeddable":true,"href":"https:\/\/www.iemj.org\/es\/wp-json\/wp\/v2\/frise?post=82735"},{"taxonomy":"type-devenement","embeddable":true,"href":"https:\/\/www.iemj.org\/es\/wp-json\/wp\/v2\/type-devenement?post=82735"},{"taxonomy":"tableaux-liens-externes","embeddable":true,"href":"https:\/\/www.iemj.org\/es\/wp-json\/wp\/v2\/tableaux-liens-externes?post=82735"}],"curies":[{"name":"wp","href":"https:\/\/api.w.org\/{rel}","templated":true}]}}