{"id":82766,"date":"2013-05-23T17:04:12","date_gmt":"2013-05-23T15:04:12","guid":{"rendered":"https:\/\/www.iemj.org\/barraine-elsa-1910-1999\/"},"modified":"2022-05-05T16:57:56","modified_gmt":"2022-05-05T14:57:56","slug":"barraine-elsa-1910-1999","status":"publish","type":"post","link":"https:\/\/www.iemj.org\/es\/barraine-elsa-1910-1999\/","title":{"rendered":"Barraine, Elsa (1910-1999)"},"content":{"rendered":"<p>Hija de Mathieu Barraine, violonchelista solista en la orquesta de la \u00d3pera de Par\u00eds, fue destituida de su cargo bajo la ocupaci\u00f3n, como los otros m\u00fasicos jud\u00edos de la orquesta. Elsa Barraine estudi\u00f3 en el Conservatorio Nacional Superior de M\u00fasica de Par\u00eds (CNSM) con Georges Caussade, Jean Gallon y Paul Dukas (estaba en la clase que Olivier Messiaen).<\/p>\n<p>En 1928, obtuvo el segundo Gran Premio de Roma con \u201cHeracles \u00e0 Delpes\u201d. Luego en 1929, obtuvo el primer Gran Premio con la cantata \u201cLa Vierge guerri\u00e8re\u201d con un poema de Armand Foucher, trilog\u00eda sagrada sobre Juana de Arco.<\/p>\n<figure id=\"attachment_5797\" aria-describedby=\"caption-attachment-5797\" style=\"width: 568px\" class=\"wp-caption aligncenter\"><img fetchpriority=\"high\" decoding=\"async\" class=\"wp-image-5797\" src=\"https:\/\/www.iemj.org\/wp-content\/uploads\/2013\/05\/la_classe_de_paul_dukas_en_1929_copyright_musicologie.org_.jpg\" alt=\"la_classe_de_paul_dukas_en_1929_copyright_musicologie.org.jpg\" width=\"568\" height=\"357\" align=\"middle\" \/><figcaption id=\"caption-attachment-5797\" class=\"wp-caption-text\"><strong><em>Clase de Paul Dukas en 1929: de izquierda a derecha, al lado del paino: Pierre Maillard-Verger, Elsa Barraine (brazos cruzados), Yvonne Desportes, Tony Aubin, Pierre Revel, Georges Favre, Paul Dukas, Ren\u00e9 Duclos, Georges Hugon, Maurice Durufl\u00e9. A la derecha, sentado: Claude Arrieu, Olivier Messiaen<\/em><\/strong><\/figcaption><\/figure>\n<p>De 1936 a 1939, Elsa Barraine fue jefa de canto en la orquesta nacional de la Radiodiffusion francesa. En 1938, se afili\u00f3 al Partido Comunista franc\u00e9s, tras el acuerdo de Munich. En 1941, fue destituida de sus funciones y se convirti\u00f3 en resistente. Gracias a Roger Desormi\u00e8re, trabaj\u00f3 en la Op\u00e9ra-Comique de Par\u00eds. Fue detenida y m\u00e1s tarde liberada gracias a un funcionario del departamento de polic\u00eda. Su padre, que era jud\u00edo, falleci\u00f3 el 24 de septiembre de 1943. Escapando de una trampa de la polic\u00eda, pas\u00f3 a la clandestinidad bajo el nombre de Catherine Bonnard. A partir de finales de 1944, fue cronista musical para el peri\u00f3dico \u201cl&#8217;Humanit\u00e9\u201d.<\/p>\n<p>De 1944 a 1946, Elsa Barraine fue directora de la Orquesta Nacional y directora musical de las ediciones del \u201cChant du Monde\u201d. En 1953, fue nombrada profesora en el Conservatorio Nacional Superior de Par\u00eds, all\u00ed ense\u00f1\u00f3 an\u00e1lisis de 1969 a 1973. En 1972-1974, fue inspectora de los teatros l\u00edricos nacionales en la Direcci\u00f3n de la m\u00fasica, en el Ministerio de la Cultura. En los a\u00f1os 1980, se puso a aprender chino y ruso, viaj\u00f3 a China, y particip\u00f3 en muchos eventos y manifestaciones en la Uni\u00f3n Sovi\u00e9tica.<\/p>\n<p>Elsa Barraine falleci\u00f3 el 20 de marzo de 1999, a los 89 a\u00f1os.<\/p>\n<p class=\"Standard\" style=\"text-align: justify; text-justify: inter-ideograph;\"><b><span lang=\"ES\">Su obra<\/span><\/b><\/p>\n<p class=\"Standard\" style=\"text-align: justify; text-justify: inter-ideograph;\"><span lang=\"ES\">Compositora talentosa, se le debe m\u00fasica para orquesta (tres <i>Symphonies<\/i>, una <i>Fantaisie<\/i> para piano y orquesta, una <i>Suite astrologique<\/i> para peque\u00f1a orquesta&#8230;), m\u00fasica para la escena (<i>Le Roi-bossu<\/i>, <i>Le Mur<\/i>, <i>La Chanson du mal-aim\u00e9<\/i>, <i>Les paysans<\/i>&#8230;), m\u00fasica de c\u00e1mara y m\u00fasica instrumental (<i>Quintette \u00e0 vent<\/i>, <i>Musique rituelle<\/i> para \u00f3rgano, gongs y xilorimba&#8230;) y m\u00fasica coral: <i>Hymne \u00e0 la lumi\u00e8re<\/i> para soprano y orquesta, <i>Po\u00e9sie ininterrompue<\/i> (<i>cantate sur des po\u00e8mes de Paul Eluard<\/i>), <i>Cantate du Vendredi Saint<\/i>.<\/span><\/p>\n<p class=\"Standard\" style=\"text-align: justify; text-justify: inter-ideograph;\"><span lang=\"ES\">Una peque\u00f1a parte de su obra se basa en el juda\u00edsmo: <i>Pogromes<\/i>, para orquesta (1933), 3 <i>Chansons H\u00e9bra\u00efques<\/i> (1935), 4 <i>Chants juifs <\/i>(1937), <i>Suite juive<\/i>, para viol\u00edn y piano (1951)<\/span><\/p>\n<p>Biograf\u00eda elaborada por Herv\u00e9 Roten y Bruno Fraitag con la ayuda de <a href=\"https:\/\/www.musicologie.org\/Biographies\/b\/barraine.html\">Musicologie.org<\/a> y\u00a0<a href=\"http:\/\/www.musimem.com\/prix-rome-1920-1929.htm#barraine.&lt;\/em&gt;%3C\/font%3E\">Musica et memoria<\/a><\/p>\n<p><a href=\"http:\/\/www.rachelnet.net\/F\/?func=find-c&amp;ccl_term=WRD+%3D+Barraine&amp;local_base=iemcg\" target=\"_blank\" rel=\"noopener\">Consultar los archivos IEMJ de Elsa Barraine<\/a><br \/><a href=\"http:\/\/www.rachelnet.net\/F\/?func=find-c&amp;ccl_term=WRD+%3D+Barraine+ET+WFT+%3D+MU&amp;local_base=iemcg\" target=\"_blank\" rel=\"noopener\">Escuchar 3 extractos de los Quatre chants juifs de Elsa Barraine<\/a>, extracto del \u00e1lbum <a href=\"https:\/\/www.iemj.org\/confluences\/\">Confluence(s) de Benjamin Alunni<\/a><br \/><a href=\"https:\/\/www.francemusique.fr\/emissions\/musicopolis\/elsa-barraine-a-paris-en-1958-1-5-59075\" target=\"_blank\" rel=\"noopener\">Escuchar el programa de France Musique Musicopolis dedicado a Elsa Barraine<\/a><\/p>\n\n\n<figure class=\"wp-block-embed is-type-video is-provider-youtube wp-block-embed-youtube wp-embed-aspect-4-3 wp-has-aspect-ratio\"><div class=\"wp-block-embed__wrapper\">\n<iframe title=\"Elsa Barraine (1910-1999) : Symphonie n\u00b0 2 (1938)\" width=\"640\" height=\"480\" src=\"https:\/\/www.youtube.com\/embed\/yPnUkjjfpp0?feature=oembed\" frameborder=\"0\" allow=\"accelerometer; autoplay; clipboard-write; encrypted-media; gyroscope; picture-in-picture; web-share\" referrerpolicy=\"strict-origin-when-cross-origin\" allowfullscreen><\/iframe>\n<\/div><\/figure>\n","protected":false},"excerpt":{"rendered":"<p>Hija de Mathieu Barraine, violonchelista solista en la orquesta de la \u00d3pera de Par\u00eds, fue destituida de su cargo bajo la ocupaci\u00f3n, como los otros m\u00fasicos jud\u00edos de la orquesta.<\/p>\n","protected":false},"author":1050,"featured_media":82768,"comment_status":"closed","ping_status":"open","sticky":false,"template":"","format":"standard","meta":{"_acf_changed":false,"footnotes":""},"categories":[1417],"tags":[],"technique":[],"squelettes":[],"sujet":[],"formation":[],"genre":[],"fonds":[],"tradition":[],"type-de-contenu":[],"interprete-compositeur":[],"frise":[],"type-devenement":[],"tableaux-liens-externes":[],"class_list":["post-82766","post","type-post","status-publish","format-standard","has-post-thumbnail","hentry","category-biografias-es"],"acf":[],"yoast_head":"<!-- This site is optimized with the Yoast SEO plugin v27.3 - https:\/\/yoast.com\/product\/yoast-seo-wordpress\/ -->\n<title>Barraine, Elsa (1910-1999) - Institut Europ\u00e9en des Musiques Juives<\/title>\n<meta name=\"robots\" content=\"index, follow, max-snippet:-1, max-image-preview:large, max-video-preview:-1\" \/>\n<link rel=\"canonical\" href=\"https:\/\/www.iemj.org\/es\/barraine-elsa-1910-1999\/\" \/>\n<meta property=\"og:locale\" content=\"es_ES\" \/>\n<meta property=\"og:type\" content=\"article\" \/>\n<meta property=\"og:title\" content=\"Barraine, Elsa (1910-1999) - Institut Europ\u00e9en des Musiques Juives\" \/>\n<meta property=\"og:description\" content=\"Hija de Mathieu Barraine, violonchelista solista en la orquesta de la \u00d3pera de Par\u00eds, fue destituida de su cargo bajo la ocupaci\u00f3n, como los otros m\u00fasicos jud\u00edos de la orquesta.\" \/>\n<meta property=\"og:url\" content=\"https:\/\/www.iemj.org\/es\/barraine-elsa-1910-1999\/\" \/>\n<meta property=\"og:site_name\" content=\"Institut Europ\u00e9en des Musiques Juives\" \/>\n<meta property=\"article:publisher\" content=\"https:\/\/www.facebook.com\/MusiquesJuives\/\" \/>\n<meta property=\"article:published_time\" content=\"2013-05-23T15:04:12+00:00\" \/>\n<meta property=\"article:modified_time\" content=\"2022-05-05T14:57:56+00:00\" \/>\n<meta property=\"og:image\" content=\"https:\/\/www.iemj.org\/wp-content\/uploads\/2013\/05\/logo-bio-Elsa-Barraine-e1617030583958.jpg\" \/>\n\t<meta property=\"og:image:width\" content=\"196\" \/>\n\t<meta property=\"og:image:height\" content=\"218\" \/>\n\t<meta property=\"og:image:type\" content=\"image\/jpeg\" \/>\n<meta name=\"author\" content=\"ncochin\" \/>\n<meta name=\"twitter:card\" content=\"summary_large_image\" \/>\n<meta name=\"twitter:label1\" content=\"Escrito por\" \/>\n\t<meta name=\"twitter:data1\" content=\"ncochin\" \/>\n\t<meta name=\"twitter:label2\" content=\"Tiempo de lectura\" \/>\n\t<meta name=\"twitter:data2\" content=\"3 minutos\" \/>\n<script type=\"application\/ld+json\" class=\"yoast-schema-graph\">{\"@context\":\"https:\\\/\\\/schema.org\",\"@graph\":[{\"@type\":\"Article\",\"@id\":\"https:\\\/\\\/www.iemj.org\\\/es\\\/barraine-elsa-1910-1999\\\/#article\",\"isPartOf\":{\"@id\":\"https:\\\/\\\/www.iemj.org\\\/es\\\/barraine-elsa-1910-1999\\\/\"},\"author\":{\"name\":\"ncochin\",\"@id\":\"https:\\\/\\\/www.iemj.org\\\/es\\\/#\\\/schema\\\/person\\\/f826ad11b0cd58dd99babe0a3fbcb86e\"},\"headline\":\"Barraine, Elsa (1910-1999)\",\"datePublished\":\"2013-05-23T15:04:12+00:00\",\"dateModified\":\"2022-05-05T14:57:56+00:00\",\"mainEntityOfPage\":{\"@id\":\"https:\\\/\\\/www.iemj.org\\\/es\\\/barraine-elsa-1910-1999\\\/\"},\"wordCount\":541,\"publisher\":{\"@id\":\"https:\\\/\\\/www.iemj.org\\\/es\\\/#organization\"},\"image\":{\"@id\":\"https:\\\/\\\/www.iemj.org\\\/es\\\/barraine-elsa-1910-1999\\\/#primaryimage\"},\"thumbnailUrl\":\"https:\\\/\\\/www.iemj.org\\\/wp-content\\\/uploads\\\/2013\\\/05\\\/logo-bio-Elsa-Barraine-e1617030583958.jpg\",\"articleSection\":[\"Biograf\u00edas\"],\"inLanguage\":\"es\"},{\"@type\":\"WebPage\",\"@id\":\"https:\\\/\\\/www.iemj.org\\\/es\\\/barraine-elsa-1910-1999\\\/\",\"url\":\"https:\\\/\\\/www.iemj.org\\\/es\\\/barraine-elsa-1910-1999\\\/\",\"name\":\"Barraine, Elsa (1910-1999) - Institut Europ\u00e9en des Musiques Juives\",\"isPartOf\":{\"@id\":\"https:\\\/\\\/www.iemj.org\\\/es\\\/#website\"},\"primaryImageOfPage\":{\"@id\":\"https:\\\/\\\/www.iemj.org\\\/es\\\/barraine-elsa-1910-1999\\\/#primaryimage\"},\"image\":{\"@id\":\"https:\\\/\\\/www.iemj.org\\\/es\\\/barraine-elsa-1910-1999\\\/#primaryimage\"},\"thumbnailUrl\":\"https:\\\/\\\/www.iemj.org\\\/wp-content\\\/uploads\\\/2013\\\/05\\\/logo-bio-Elsa-Barraine-e1617030583958.jpg\",\"datePublished\":\"2013-05-23T15:04:12+00:00\",\"dateModified\":\"2022-05-05T14:57:56+00:00\",\"breadcrumb\":{\"@id\":\"https:\\\/\\\/www.iemj.org\\\/es\\\/barraine-elsa-1910-1999\\\/#breadcrumb\"},\"inLanguage\":\"es\",\"potentialAction\":[{\"@type\":\"ReadAction\",\"target\":[\"https:\\\/\\\/www.iemj.org\\\/es\\\/barraine-elsa-1910-1999\\\/\"]}]},{\"@type\":\"ImageObject\",\"inLanguage\":\"es\",\"@id\":\"https:\\\/\\\/www.iemj.org\\\/es\\\/barraine-elsa-1910-1999\\\/#primaryimage\",\"url\":\"https:\\\/\\\/www.iemj.org\\\/wp-content\\\/uploads\\\/2013\\\/05\\\/logo-bio-Elsa-Barraine-e1617030583958.jpg\",\"contentUrl\":\"https:\\\/\\\/www.iemj.org\\\/wp-content\\\/uploads\\\/2013\\\/05\\\/logo-bio-Elsa-Barraine-e1617030583958.jpg\",\"width\":196,\"height\":218},{\"@type\":\"BreadcrumbList\",\"@id\":\"https:\\\/\\\/www.iemj.org\\\/es\\\/barraine-elsa-1910-1999\\\/#breadcrumb\",\"itemListElement\":[{\"@type\":\"ListItem\",\"position\":1,\"name\":\"Accueil\",\"item\":\"https:\\\/\\\/www.iemj.org\\\/es\\\/\"},{\"@type\":\"ListItem\",\"position\":2,\"name\":\"Barraine, Elsa (1910-1999)\"}]},{\"@type\":\"WebSite\",\"@id\":\"https:\\\/\\\/www.iemj.org\\\/es\\\/#website\",\"url\":\"https:\\\/\\\/www.iemj.org\\\/es\\\/\",\"name\":\"Institut Europ\u00e9en des Musiques Juives\",\"description\":\"Des traditions musicales \u00e0 la port\u00e9e de tous\",\"publisher\":{\"@id\":\"https:\\\/\\\/www.iemj.org\\\/es\\\/#organization\"},\"potentialAction\":[{\"@type\":\"SearchAction\",\"target\":{\"@type\":\"EntryPoint\",\"urlTemplate\":\"https:\\\/\\\/www.iemj.org\\\/es\\\/?s={search_term_string}\"},\"query-input\":{\"@type\":\"PropertyValueSpecification\",\"valueRequired\":true,\"valueName\":\"search_term_string\"}}],\"inLanguage\":\"es\"},{\"@type\":\"Organization\",\"@id\":\"https:\\\/\\\/www.iemj.org\\\/es\\\/#organization\",\"name\":\"Institut Europ\u00e9en des Musiques Juives\",\"url\":\"https:\\\/\\\/www.iemj.org\\\/es\\\/\",\"logo\":{\"@type\":\"ImageObject\",\"inLanguage\":\"es\",\"@id\":\"https:\\\/\\\/www.iemj.org\\\/es\\\/#\\\/schema\\\/logo\\\/image\\\/\",\"url\":\"https:\\\/\\\/www.iemj.org\\\/wp-content\\\/uploads\\\/2021\\\/09\\\/Logo-IEMJ-Paypal.jpg\",\"contentUrl\":\"https:\\\/\\\/www.iemj.org\\\/wp-content\\\/uploads\\\/2021\\\/09\\\/Logo-IEMJ-Paypal.jpg\",\"width\":150,\"height\":50,\"caption\":\"Institut Europ\u00e9en des Musiques Juives\"},\"image\":{\"@id\":\"https:\\\/\\\/www.iemj.org\\\/es\\\/#\\\/schema\\\/logo\\\/image\\\/\"},\"sameAs\":[\"https:\\\/\\\/www.facebook.com\\\/MusiquesJuives\\\/\",\"https:\\\/\\\/www.instagram.com\\\/musiquesjuives\\\/\",\"https:\\\/\\\/www.youtube.com\\\/user\\\/musiquesjuives\"]},{\"@type\":\"Person\",\"@id\":\"https:\\\/\\\/www.iemj.org\\\/es\\\/#\\\/schema\\\/person\\\/f826ad11b0cd58dd99babe0a3fbcb86e\",\"name\":\"ncochin\",\"image\":{\"@type\":\"ImageObject\",\"inLanguage\":\"es\",\"@id\":\"https:\\\/\\\/secure.gravatar.com\\\/avatar\\\/4499f551e6a9b8c28bd3132f28d79657b2cb55ff363257726f67e89c95e2a33c?s=96&d=mm&r=g\",\"url\":\"https:\\\/\\\/secure.gravatar.com\\\/avatar\\\/4499f551e6a9b8c28bd3132f28d79657b2cb55ff363257726f67e89c95e2a33c?s=96&d=mm&r=g\",\"contentUrl\":\"https:\\\/\\\/secure.gravatar.com\\\/avatar\\\/4499f551e6a9b8c28bd3132f28d79657b2cb55ff363257726f67e89c95e2a33c?s=96&d=mm&r=g\",\"caption\":\"ncochin\"}}]}<\/script>\n<!-- \/ Yoast SEO plugin. -->","yoast_head_json":{"title":"Barraine, Elsa (1910-1999) - Institut Europ\u00e9en des Musiques Juives","robots":{"index":"index","follow":"follow","max-snippet":"max-snippet:-1","max-image-preview":"max-image-preview:large","max-video-preview":"max-video-preview:-1"},"canonical":"https:\/\/www.iemj.org\/es\/barraine-elsa-1910-1999\/","og_locale":"es_ES","og_type":"article","og_title":"Barraine, Elsa (1910-1999) - Institut Europ\u00e9en des Musiques Juives","og_description":"Hija de Mathieu Barraine, violonchelista solista en la orquesta de la \u00d3pera de Par\u00eds, fue destituida de su cargo bajo la ocupaci\u00f3n, como los otros m\u00fasicos jud\u00edos de la orquesta.","og_url":"https:\/\/www.iemj.org\/es\/barraine-elsa-1910-1999\/","og_site_name":"Institut Europ\u00e9en des Musiques Juives","article_publisher":"https:\/\/www.facebook.com\/MusiquesJuives\/","article_published_time":"2013-05-23T15:04:12+00:00","article_modified_time":"2022-05-05T14:57:56+00:00","og_image":[{"width":196,"height":218,"url":"https:\/\/www.iemj.org\/wp-content\/uploads\/2013\/05\/logo-bio-Elsa-Barraine-e1617030583958.jpg","type":"image\/jpeg"}],"author":"ncochin","twitter_card":"summary_large_image","twitter_misc":{"Escrito por":"ncochin","Tiempo de lectura":"3 minutos"},"schema":{"@context":"https:\/\/schema.org","@graph":[{"@type":"Article","@id":"https:\/\/www.iemj.org\/es\/barraine-elsa-1910-1999\/#article","isPartOf":{"@id":"https:\/\/www.iemj.org\/es\/barraine-elsa-1910-1999\/"},"author":{"name":"ncochin","@id":"https:\/\/www.iemj.org\/es\/#\/schema\/person\/f826ad11b0cd58dd99babe0a3fbcb86e"},"headline":"Barraine, Elsa (1910-1999)","datePublished":"2013-05-23T15:04:12+00:00","dateModified":"2022-05-05T14:57:56+00:00","mainEntityOfPage":{"@id":"https:\/\/www.iemj.org\/es\/barraine-elsa-1910-1999\/"},"wordCount":541,"publisher":{"@id":"https:\/\/www.iemj.org\/es\/#organization"},"image":{"@id":"https:\/\/www.iemj.org\/es\/barraine-elsa-1910-1999\/#primaryimage"},"thumbnailUrl":"https:\/\/www.iemj.org\/wp-content\/uploads\/2013\/05\/logo-bio-Elsa-Barraine-e1617030583958.jpg","articleSection":["Biograf\u00edas"],"inLanguage":"es"},{"@type":"WebPage","@id":"https:\/\/www.iemj.org\/es\/barraine-elsa-1910-1999\/","url":"https:\/\/www.iemj.org\/es\/barraine-elsa-1910-1999\/","name":"Barraine, Elsa (1910-1999) - Institut Europ\u00e9en des Musiques Juives","isPartOf":{"@id":"https:\/\/www.iemj.org\/es\/#website"},"primaryImageOfPage":{"@id":"https:\/\/www.iemj.org\/es\/barraine-elsa-1910-1999\/#primaryimage"},"image":{"@id":"https:\/\/www.iemj.org\/es\/barraine-elsa-1910-1999\/#primaryimage"},"thumbnailUrl":"https:\/\/www.iemj.org\/wp-content\/uploads\/2013\/05\/logo-bio-Elsa-Barraine-e1617030583958.jpg","datePublished":"2013-05-23T15:04:12+00:00","dateModified":"2022-05-05T14:57:56+00:00","breadcrumb":{"@id":"https:\/\/www.iemj.org\/es\/barraine-elsa-1910-1999\/#breadcrumb"},"inLanguage":"es","potentialAction":[{"@type":"ReadAction","target":["https:\/\/www.iemj.org\/es\/barraine-elsa-1910-1999\/"]}]},{"@type":"ImageObject","inLanguage":"es","@id":"https:\/\/www.iemj.org\/es\/barraine-elsa-1910-1999\/#primaryimage","url":"https:\/\/www.iemj.org\/wp-content\/uploads\/2013\/05\/logo-bio-Elsa-Barraine-e1617030583958.jpg","contentUrl":"https:\/\/www.iemj.org\/wp-content\/uploads\/2013\/05\/logo-bio-Elsa-Barraine-e1617030583958.jpg","width":196,"height":218},{"@type":"BreadcrumbList","@id":"https:\/\/www.iemj.org\/es\/barraine-elsa-1910-1999\/#breadcrumb","itemListElement":[{"@type":"ListItem","position":1,"name":"Accueil","item":"https:\/\/www.iemj.org\/es\/"},{"@type":"ListItem","position":2,"name":"Barraine, Elsa (1910-1999)"}]},{"@type":"WebSite","@id":"https:\/\/www.iemj.org\/es\/#website","url":"https:\/\/www.iemj.org\/es\/","name":"Institut Europ\u00e9en des Musiques Juives","description":"Des traditions musicales \u00e0 la port\u00e9e de tous","publisher":{"@id":"https:\/\/www.iemj.org\/es\/#organization"},"potentialAction":[{"@type":"SearchAction","target":{"@type":"EntryPoint","urlTemplate":"https:\/\/www.iemj.org\/es\/?s={search_term_string}"},"query-input":{"@type":"PropertyValueSpecification","valueRequired":true,"valueName":"search_term_string"}}],"inLanguage":"es"},{"@type":"Organization","@id":"https:\/\/www.iemj.org\/es\/#organization","name":"Institut Europ\u00e9en des Musiques Juives","url":"https:\/\/www.iemj.org\/es\/","logo":{"@type":"ImageObject","inLanguage":"es","@id":"https:\/\/www.iemj.org\/es\/#\/schema\/logo\/image\/","url":"https:\/\/www.iemj.org\/wp-content\/uploads\/2021\/09\/Logo-IEMJ-Paypal.jpg","contentUrl":"https:\/\/www.iemj.org\/wp-content\/uploads\/2021\/09\/Logo-IEMJ-Paypal.jpg","width":150,"height":50,"caption":"Institut Europ\u00e9en des Musiques Juives"},"image":{"@id":"https:\/\/www.iemj.org\/es\/#\/schema\/logo\/image\/"},"sameAs":["https:\/\/www.facebook.com\/MusiquesJuives\/","https:\/\/www.instagram.com\/musiquesjuives\/","https:\/\/www.youtube.com\/user\/musiquesjuives"]},{"@type":"Person","@id":"https:\/\/www.iemj.org\/es\/#\/schema\/person\/f826ad11b0cd58dd99babe0a3fbcb86e","name":"ncochin","image":{"@type":"ImageObject","inLanguage":"es","@id":"https:\/\/secure.gravatar.com\/avatar\/4499f551e6a9b8c28bd3132f28d79657b2cb55ff363257726f67e89c95e2a33c?s=96&d=mm&r=g","url":"https:\/\/secure.gravatar.com\/avatar\/4499f551e6a9b8c28bd3132f28d79657b2cb55ff363257726f67e89c95e2a33c?s=96&d=mm&r=g","contentUrl":"https:\/\/secure.gravatar.com\/avatar\/4499f551e6a9b8c28bd3132f28d79657b2cb55ff363257726f67e89c95e2a33c?s=96&d=mm&r=g","caption":"ncochin"}}]}},"_links":{"self":[{"href":"https:\/\/www.iemj.org\/es\/wp-json\/wp\/v2\/posts\/82766","targetHints":{"allow":["GET"]}}],"collection":[{"href":"https:\/\/www.iemj.org\/es\/wp-json\/wp\/v2\/posts"}],"about":[{"href":"https:\/\/www.iemj.org\/es\/wp-json\/wp\/v2\/types\/post"}],"author":[{"embeddable":true,"href":"https:\/\/www.iemj.org\/es\/wp-json\/wp\/v2\/users\/1050"}],"replies":[{"embeddable":true,"href":"https:\/\/www.iemj.org\/es\/wp-json\/wp\/v2\/comments?post=82766"}],"version-history":[{"count":0,"href":"https:\/\/www.iemj.org\/es\/wp-json\/wp\/v2\/posts\/82766\/revisions"}],"wp:featuredmedia":[{"embeddable":true,"href":"https:\/\/www.iemj.org\/es\/wp-json\/wp\/v2\/media\/82768"}],"wp:attachment":[{"href":"https:\/\/www.iemj.org\/es\/wp-json\/wp\/v2\/media?parent=82766"}],"wp:term":[{"taxonomy":"category","embeddable":true,"href":"https:\/\/www.iemj.org\/es\/wp-json\/wp\/v2\/categories?post=82766"},{"taxonomy":"post_tag","embeddable":true,"href":"https:\/\/www.iemj.org\/es\/wp-json\/wp\/v2\/tags?post=82766"},{"taxonomy":"technique","embeddable":true,"href":"https:\/\/www.iemj.org\/es\/wp-json\/wp\/v2\/technique?post=82766"},{"taxonomy":"squelettes","embeddable":true,"href":"https:\/\/www.iemj.org\/es\/wp-json\/wp\/v2\/squelettes?post=82766"},{"taxonomy":"sujet","embeddable":true,"href":"https:\/\/www.iemj.org\/es\/wp-json\/wp\/v2\/sujet?post=82766"},{"taxonomy":"formation","embeddable":true,"href":"https:\/\/www.iemj.org\/es\/wp-json\/wp\/v2\/formation?post=82766"},{"taxonomy":"genre","embeddable":true,"href":"https:\/\/www.iemj.org\/es\/wp-json\/wp\/v2\/genre?post=82766"},{"taxonomy":"fonds","embeddable":true,"href":"https:\/\/www.iemj.org\/es\/wp-json\/wp\/v2\/fonds?post=82766"},{"taxonomy":"tradition","embeddable":true,"href":"https:\/\/www.iemj.org\/es\/wp-json\/wp\/v2\/tradition?post=82766"},{"taxonomy":"type-de-contenu","embeddable":true,"href":"https:\/\/www.iemj.org\/es\/wp-json\/wp\/v2\/type-de-contenu?post=82766"},{"taxonomy":"interprete-compositeur","embeddable":true,"href":"https:\/\/www.iemj.org\/es\/wp-json\/wp\/v2\/interprete-compositeur?post=82766"},{"taxonomy":"frise","embeddable":true,"href":"https:\/\/www.iemj.org\/es\/wp-json\/wp\/v2\/frise?post=82766"},{"taxonomy":"type-devenement","embeddable":true,"href":"https:\/\/www.iemj.org\/es\/wp-json\/wp\/v2\/type-devenement?post=82766"},{"taxonomy":"tableaux-liens-externes","embeddable":true,"href":"https:\/\/www.iemj.org\/es\/wp-json\/wp\/v2\/tableaux-liens-externes?post=82766"}],"curies":[{"name":"wp","href":"https:\/\/api.w.org\/{rel}","templated":true}]}}