{"id":82772,"date":"2014-12-11T11:37:32","date_gmt":"2014-12-11T10:37:32","guid":{"rendered":"https:\/\/www.iemj.org\/barry-sisters\/"},"modified":"2022-04-12T12:40:15","modified_gmt":"2022-04-12T10:40:15","slug":"barry-sisters","status":"publish","type":"post","link":"https:\/\/www.iemj.org\/es\/barry-sisters\/","title":{"rendered":"Barry Sisters"},"content":{"rendered":"<p class=\"Standard\"><span lang=\"ES\">(De izquierda a derecha: Claire y Myrna Barry)<\/span><\/p>\n<p><!--more-->Nacidas en el Bronx, en Nueva York, las Barry Sisters, Myrna y Claire, iniciaron su carrera bajo el nombre de Bagelman Sisters, se denominaron a s\u00ed mismas como cantantes de Jazz Yiddish. Cuando empezaron a ser famosas, cambiaron su nombre art\u00edstico a Barry Sisters. Su carrera inici\u00f3 en los hoteles de vacaciones de Catskills (Estado de Nueva York), para luego ir de gira con Mickey Katz. De 1937 a mediados de los a\u00f1os 50, participaron en el programa de radio de Nueva York \u201cYiddish Melodies in Swing\u201d, donde interpretaron est\u00e1ndares de jazz con letra en yidis, cuyo \u201cRain Drops Keep Falling on My Head\u201d as\u00ed se convirti\u00f3 en \u201cTrop&#8217;ns Fin Regen Oif Mein Kop\u201d.<\/p>\n<p>En el auge de su fama, incluso aparecieron en el Ed Sullivan Show y en el Jack Paar Show. Su d\u00fao incluso fue uno de los raros en actuar en URSS en 1959<\/p>\n<p>Las Barry Sisters tambi\u00e9n actuaron con otros cantantes jud\u00edos como Barbra Steisand o Moishe Oysher. Recordamos tambi\u00e9n que fueron las inspiradoras de una comedia del Saturday Night Live, \u201clas Sweeny Sister\u201d en el cual Jan Hooks y Nora Dunn interpretaron un d\u00fao de hermanas en un cabaret. Mark Shaimann realiz\u00f3 los arreglos musicales de estas comedias.<\/p>\n<p>Myrna Barry naci\u00f3 en 1925 y falleci\u00f3 en 1976. El und\u00e9cimo y \u00faltimo disco del d\u00fao, \u201cMy Way\u201d se estren\u00f3 en 1973. Claire Barry, nacida en 1923, sigui\u00f3 su carrera hasta el a\u00f1o 2002 (programa de radio de NPR, \u201cThe Yiddish Radio Project\u201d). Falleci\u00f3 en diciembre de 2014.<\/p>\n<p><a href=\"https:\/\/www.iemj.org\/es\/le-yiddish-swing-des-barry-sisters\/\" target=\"_blank\" rel=\"noopener\">Escuchar la playlist dedicada a las Barry Sisters<\/a><\/p>\n\n\n<figure class=\"wp-block-embed is-type-video is-provider-youtube wp-block-embed-youtube wp-embed-aspect-4-3 wp-has-aspect-ratio\"><div class=\"wp-block-embed__wrapper\">\n<iframe title=\"YIDDISH. THE BARRY SISTERS\" width=\"640\" height=\"480\" src=\"https:\/\/www.youtube.com\/embed\/qTE9u6Rp4_I?feature=oembed\" frameborder=\"0\" allow=\"accelerometer; autoplay; clipboard-write; encrypted-media; gyroscope; picture-in-picture; web-share\" referrerpolicy=\"strict-origin-when-cross-origin\" allowfullscreen><\/iframe>\n<\/div><\/figure>\n\n\n\n<figure class=\"wp-block-embed is-type-video is-provider-youtube wp-block-embed-youtube wp-embed-aspect-4-3 wp-has-aspect-ratio\"><div class=\"wp-block-embed__wrapper\">\n<iframe title=\"Barry Sisters- Bei mir bisti sheyn\" width=\"640\" height=\"480\" src=\"https:\/\/www.youtube.com\/embed\/jSVw0iye9Gw?feature=oembed\" frameborder=\"0\" allow=\"accelerometer; autoplay; clipboard-write; encrypted-media; gyroscope; picture-in-picture; web-share\" referrerpolicy=\"strict-origin-when-cross-origin\" allowfullscreen><\/iframe>\n<\/div><\/figure>\n","protected":false},"excerpt":{"rendered":"<p>(De izquierda a derecha: Claire y Myrna Barry)<\/p>\n","protected":false},"author":1045,"featured_media":82773,"comment_status":"closed","ping_status":"open","sticky":false,"template":"","format":"standard","meta":{"_acf_changed":false,"footnotes":""},"categories":[1417],"tags":[],"technique":[],"squelettes":[],"sujet":[],"formation":[],"genre":[1863],"fonds":[],"tradition":[],"type-de-contenu":[],"interprete-compositeur":[],"frise":[],"type-devenement":[],"tableaux-liens-externes":[],"class_list":["post-82772","post","type-post","status-publish","format-standard","has-post-thumbnail","hentry","category-biografias-es","genre-yiddish-es"],"acf":[],"yoast_head":"<!-- This site is optimized with the Yoast SEO plugin v27.3 - https:\/\/yoast.com\/product\/yoast-seo-wordpress\/ -->\n<title>Barry Sisters - Institut Europ\u00e9en des Musiques Juives<\/title>\n<meta name=\"robots\" content=\"index, follow, max-snippet:-1, max-image-preview:large, max-video-preview:-1\" \/>\n<link rel=\"canonical\" href=\"https:\/\/www.iemj.org\/es\/barry-sisters\/\" \/>\n<meta property=\"og:locale\" content=\"es_ES\" \/>\n<meta property=\"og:type\" content=\"article\" \/>\n<meta property=\"og:title\" content=\"Barry Sisters - Institut Europ\u00e9en des Musiques Juives\" \/>\n<meta property=\"og:description\" content=\"(De izquierda a derecha: Claire y Myrna Barry)\" \/>\n<meta property=\"og:url\" content=\"https:\/\/www.iemj.org\/es\/barry-sisters\/\" \/>\n<meta property=\"og:site_name\" content=\"Institut Europ\u00e9en des Musiques Juives\" \/>\n<meta property=\"article:publisher\" content=\"https:\/\/www.facebook.com\/MusiquesJuives\/\" \/>\n<meta property=\"article:published_time\" content=\"2014-12-11T10:37:32+00:00\" \/>\n<meta property=\"article:modified_time\" content=\"2022-04-12T10:40:15+00:00\" \/>\n<meta property=\"og:image\" content=\"https:\/\/www.iemj.org\/wp-content\/uploads\/2014\/12\/arton589-e1617027723113.jpg\" \/>\n\t<meta property=\"og:image:width\" content=\"210\" \/>\n\t<meta property=\"og:image:height\" content=\"218\" \/>\n\t<meta property=\"og:image:type\" content=\"image\/jpeg\" \/>\n<meta name=\"author\" content=\"Herv\u00e9 Roten\" \/>\n<meta name=\"twitter:card\" content=\"summary_large_image\" \/>\n<meta name=\"twitter:label1\" content=\"Escrito por\" \/>\n\t<meta name=\"twitter:data1\" content=\"Herv\u00e9 Roten\" \/>\n\t<meta name=\"twitter:label2\" content=\"Tiempo de lectura\" \/>\n\t<meta name=\"twitter:data2\" content=\"2 minutos\" \/>\n<script type=\"application\/ld+json\" class=\"yoast-schema-graph\">{\"@context\":\"https:\\\/\\\/schema.org\",\"@graph\":[{\"@type\":\"Article\",\"@id\":\"https:\\\/\\\/www.iemj.org\\\/es\\\/barry-sisters\\\/#article\",\"isPartOf\":{\"@id\":\"https:\\\/\\\/www.iemj.org\\\/es\\\/barry-sisters\\\/\"},\"author\":{\"name\":\"Herv\u00e9 Roten\",\"@id\":\"https:\\\/\\\/www.iemj.org\\\/es\\\/#\\\/schema\\\/person\\\/906134402c29d5c76e7b726261dd4bbd\"},\"headline\":\"Barry Sisters\",\"datePublished\":\"2014-12-11T10:37:32+00:00\",\"dateModified\":\"2022-04-12T10:40:15+00:00\",\"mainEntityOfPage\":{\"@id\":\"https:\\\/\\\/www.iemj.org\\\/es\\\/barry-sisters\\\/\"},\"wordCount\":294,\"publisher\":{\"@id\":\"https:\\\/\\\/www.iemj.org\\\/es\\\/#organization\"},\"image\":{\"@id\":\"https:\\\/\\\/www.iemj.org\\\/es\\\/barry-sisters\\\/#primaryimage\"},\"thumbnailUrl\":\"https:\\\/\\\/www.iemj.org\\\/wp-content\\\/uploads\\\/2014\\\/12\\\/arton589-e1617027723113.jpg\",\"articleSection\":[\"Biograf\u00edas\"],\"inLanguage\":\"es\"},{\"@type\":\"WebPage\",\"@id\":\"https:\\\/\\\/www.iemj.org\\\/es\\\/barry-sisters\\\/\",\"url\":\"https:\\\/\\\/www.iemj.org\\\/es\\\/barry-sisters\\\/\",\"name\":\"Barry Sisters - Institut Europ\u00e9en des Musiques Juives\",\"isPartOf\":{\"@id\":\"https:\\\/\\\/www.iemj.org\\\/es\\\/#website\"},\"primaryImageOfPage\":{\"@id\":\"https:\\\/\\\/www.iemj.org\\\/es\\\/barry-sisters\\\/#primaryimage\"},\"image\":{\"@id\":\"https:\\\/\\\/www.iemj.org\\\/es\\\/barry-sisters\\\/#primaryimage\"},\"thumbnailUrl\":\"https:\\\/\\\/www.iemj.org\\\/wp-content\\\/uploads\\\/2014\\\/12\\\/arton589-e1617027723113.jpg\",\"datePublished\":\"2014-12-11T10:37:32+00:00\",\"dateModified\":\"2022-04-12T10:40:15+00:00\",\"breadcrumb\":{\"@id\":\"https:\\\/\\\/www.iemj.org\\\/es\\\/barry-sisters\\\/#breadcrumb\"},\"inLanguage\":\"es\",\"potentialAction\":[{\"@type\":\"ReadAction\",\"target\":[\"https:\\\/\\\/www.iemj.org\\\/es\\\/barry-sisters\\\/\"]}]},{\"@type\":\"ImageObject\",\"inLanguage\":\"es\",\"@id\":\"https:\\\/\\\/www.iemj.org\\\/es\\\/barry-sisters\\\/#primaryimage\",\"url\":\"https:\\\/\\\/www.iemj.org\\\/wp-content\\\/uploads\\\/2014\\\/12\\\/arton589-e1617027723113.jpg\",\"contentUrl\":\"https:\\\/\\\/www.iemj.org\\\/wp-content\\\/uploads\\\/2014\\\/12\\\/arton589-e1617027723113.jpg\",\"width\":210,\"height\":218},{\"@type\":\"BreadcrumbList\",\"@id\":\"https:\\\/\\\/www.iemj.org\\\/es\\\/barry-sisters\\\/#breadcrumb\",\"itemListElement\":[{\"@type\":\"ListItem\",\"position\":1,\"name\":\"Accueil\",\"item\":\"https:\\\/\\\/www.iemj.org\\\/es\\\/\"},{\"@type\":\"ListItem\",\"position\":2,\"name\":\"Barry Sisters\"}]},{\"@type\":\"WebSite\",\"@id\":\"https:\\\/\\\/www.iemj.org\\\/es\\\/#website\",\"url\":\"https:\\\/\\\/www.iemj.org\\\/es\\\/\",\"name\":\"Institut Europ\u00e9en des Musiques Juives\",\"description\":\"Des traditions musicales \u00e0 la port\u00e9e de tous\",\"publisher\":{\"@id\":\"https:\\\/\\\/www.iemj.org\\\/es\\\/#organization\"},\"potentialAction\":[{\"@type\":\"SearchAction\",\"target\":{\"@type\":\"EntryPoint\",\"urlTemplate\":\"https:\\\/\\\/www.iemj.org\\\/es\\\/?s={search_term_string}\"},\"query-input\":{\"@type\":\"PropertyValueSpecification\",\"valueRequired\":true,\"valueName\":\"search_term_string\"}}],\"inLanguage\":\"es\"},{\"@type\":\"Organization\",\"@id\":\"https:\\\/\\\/www.iemj.org\\\/es\\\/#organization\",\"name\":\"Institut Europ\u00e9en des Musiques Juives\",\"url\":\"https:\\\/\\\/www.iemj.org\\\/es\\\/\",\"logo\":{\"@type\":\"ImageObject\",\"inLanguage\":\"es\",\"@id\":\"https:\\\/\\\/www.iemj.org\\\/es\\\/#\\\/schema\\\/logo\\\/image\\\/\",\"url\":\"https:\\\/\\\/www.iemj.org\\\/wp-content\\\/uploads\\\/2021\\\/09\\\/Logo-IEMJ-Paypal.jpg\",\"contentUrl\":\"https:\\\/\\\/www.iemj.org\\\/wp-content\\\/uploads\\\/2021\\\/09\\\/Logo-IEMJ-Paypal.jpg\",\"width\":150,\"height\":50,\"caption\":\"Institut Europ\u00e9en des Musiques Juives\"},\"image\":{\"@id\":\"https:\\\/\\\/www.iemj.org\\\/es\\\/#\\\/schema\\\/logo\\\/image\\\/\"},\"sameAs\":[\"https:\\\/\\\/www.facebook.com\\\/MusiquesJuives\\\/\",\"https:\\\/\\\/www.instagram.com\\\/musiquesjuives\\\/\",\"https:\\\/\\\/www.youtube.com\\\/user\\\/musiquesjuives\"]},{\"@type\":\"Person\",\"@id\":\"https:\\\/\\\/www.iemj.org\\\/es\\\/#\\\/schema\\\/person\\\/906134402c29d5c76e7b726261dd4bbd\",\"name\":\"Herv\u00e9 Roten\",\"image\":{\"@type\":\"ImageObject\",\"inLanguage\":\"es\",\"@id\":\"https:\\\/\\\/secure.gravatar.com\\\/avatar\\\/f96ad2db538a26481f18384936b5cd0610c92d390c4dc382209216d455f685ff?s=96&d=mm&r=g\",\"url\":\"https:\\\/\\\/secure.gravatar.com\\\/avatar\\\/f96ad2db538a26481f18384936b5cd0610c92d390c4dc382209216d455f685ff?s=96&d=mm&r=g\",\"contentUrl\":\"https:\\\/\\\/secure.gravatar.com\\\/avatar\\\/f96ad2db538a26481f18384936b5cd0610c92d390c4dc382209216d455f685ff?s=96&d=mm&r=g\",\"caption\":\"Herv\u00e9 Roten\"}}]}<\/script>\n<!-- \/ Yoast SEO plugin. -->","yoast_head_json":{"title":"Barry Sisters - Institut Europ\u00e9en des Musiques Juives","robots":{"index":"index","follow":"follow","max-snippet":"max-snippet:-1","max-image-preview":"max-image-preview:large","max-video-preview":"max-video-preview:-1"},"canonical":"https:\/\/www.iemj.org\/es\/barry-sisters\/","og_locale":"es_ES","og_type":"article","og_title":"Barry Sisters - Institut Europ\u00e9en des Musiques Juives","og_description":"(De izquierda a derecha: Claire y Myrna Barry)","og_url":"https:\/\/www.iemj.org\/es\/barry-sisters\/","og_site_name":"Institut Europ\u00e9en des Musiques Juives","article_publisher":"https:\/\/www.facebook.com\/MusiquesJuives\/","article_published_time":"2014-12-11T10:37:32+00:00","article_modified_time":"2022-04-12T10:40:15+00:00","og_image":[{"width":210,"height":218,"url":"https:\/\/www.iemj.org\/wp-content\/uploads\/2014\/12\/arton589-e1617027723113.jpg","type":"image\/jpeg"}],"author":"Herv\u00e9 Roten","twitter_card":"summary_large_image","twitter_misc":{"Escrito por":"Herv\u00e9 Roten","Tiempo de lectura":"2 minutos"},"schema":{"@context":"https:\/\/schema.org","@graph":[{"@type":"Article","@id":"https:\/\/www.iemj.org\/es\/barry-sisters\/#article","isPartOf":{"@id":"https:\/\/www.iemj.org\/es\/barry-sisters\/"},"author":{"name":"Herv\u00e9 Roten","@id":"https:\/\/www.iemj.org\/es\/#\/schema\/person\/906134402c29d5c76e7b726261dd4bbd"},"headline":"Barry Sisters","datePublished":"2014-12-11T10:37:32+00:00","dateModified":"2022-04-12T10:40:15+00:00","mainEntityOfPage":{"@id":"https:\/\/www.iemj.org\/es\/barry-sisters\/"},"wordCount":294,"publisher":{"@id":"https:\/\/www.iemj.org\/es\/#organization"},"image":{"@id":"https:\/\/www.iemj.org\/es\/barry-sisters\/#primaryimage"},"thumbnailUrl":"https:\/\/www.iemj.org\/wp-content\/uploads\/2014\/12\/arton589-e1617027723113.jpg","articleSection":["Biograf\u00edas"],"inLanguage":"es"},{"@type":"WebPage","@id":"https:\/\/www.iemj.org\/es\/barry-sisters\/","url":"https:\/\/www.iemj.org\/es\/barry-sisters\/","name":"Barry Sisters - Institut Europ\u00e9en des Musiques Juives","isPartOf":{"@id":"https:\/\/www.iemj.org\/es\/#website"},"primaryImageOfPage":{"@id":"https:\/\/www.iemj.org\/es\/barry-sisters\/#primaryimage"},"image":{"@id":"https:\/\/www.iemj.org\/es\/barry-sisters\/#primaryimage"},"thumbnailUrl":"https:\/\/www.iemj.org\/wp-content\/uploads\/2014\/12\/arton589-e1617027723113.jpg","datePublished":"2014-12-11T10:37:32+00:00","dateModified":"2022-04-12T10:40:15+00:00","breadcrumb":{"@id":"https:\/\/www.iemj.org\/es\/barry-sisters\/#breadcrumb"},"inLanguage":"es","potentialAction":[{"@type":"ReadAction","target":["https:\/\/www.iemj.org\/es\/barry-sisters\/"]}]},{"@type":"ImageObject","inLanguage":"es","@id":"https:\/\/www.iemj.org\/es\/barry-sisters\/#primaryimage","url":"https:\/\/www.iemj.org\/wp-content\/uploads\/2014\/12\/arton589-e1617027723113.jpg","contentUrl":"https:\/\/www.iemj.org\/wp-content\/uploads\/2014\/12\/arton589-e1617027723113.jpg","width":210,"height":218},{"@type":"BreadcrumbList","@id":"https:\/\/www.iemj.org\/es\/barry-sisters\/#breadcrumb","itemListElement":[{"@type":"ListItem","position":1,"name":"Accueil","item":"https:\/\/www.iemj.org\/es\/"},{"@type":"ListItem","position":2,"name":"Barry Sisters"}]},{"@type":"WebSite","@id":"https:\/\/www.iemj.org\/es\/#website","url":"https:\/\/www.iemj.org\/es\/","name":"Institut Europ\u00e9en des Musiques Juives","description":"Des traditions musicales \u00e0 la port\u00e9e de tous","publisher":{"@id":"https:\/\/www.iemj.org\/es\/#organization"},"potentialAction":[{"@type":"SearchAction","target":{"@type":"EntryPoint","urlTemplate":"https:\/\/www.iemj.org\/es\/?s={search_term_string}"},"query-input":{"@type":"PropertyValueSpecification","valueRequired":true,"valueName":"search_term_string"}}],"inLanguage":"es"},{"@type":"Organization","@id":"https:\/\/www.iemj.org\/es\/#organization","name":"Institut Europ\u00e9en des Musiques Juives","url":"https:\/\/www.iemj.org\/es\/","logo":{"@type":"ImageObject","inLanguage":"es","@id":"https:\/\/www.iemj.org\/es\/#\/schema\/logo\/image\/","url":"https:\/\/www.iemj.org\/wp-content\/uploads\/2021\/09\/Logo-IEMJ-Paypal.jpg","contentUrl":"https:\/\/www.iemj.org\/wp-content\/uploads\/2021\/09\/Logo-IEMJ-Paypal.jpg","width":150,"height":50,"caption":"Institut Europ\u00e9en des Musiques Juives"},"image":{"@id":"https:\/\/www.iemj.org\/es\/#\/schema\/logo\/image\/"},"sameAs":["https:\/\/www.facebook.com\/MusiquesJuives\/","https:\/\/www.instagram.com\/musiquesjuives\/","https:\/\/www.youtube.com\/user\/musiquesjuives"]},{"@type":"Person","@id":"https:\/\/www.iemj.org\/es\/#\/schema\/person\/906134402c29d5c76e7b726261dd4bbd","name":"Herv\u00e9 Roten","image":{"@type":"ImageObject","inLanguage":"es","@id":"https:\/\/secure.gravatar.com\/avatar\/f96ad2db538a26481f18384936b5cd0610c92d390c4dc382209216d455f685ff?s=96&d=mm&r=g","url":"https:\/\/secure.gravatar.com\/avatar\/f96ad2db538a26481f18384936b5cd0610c92d390c4dc382209216d455f685ff?s=96&d=mm&r=g","contentUrl":"https:\/\/secure.gravatar.com\/avatar\/f96ad2db538a26481f18384936b5cd0610c92d390c4dc382209216d455f685ff?s=96&d=mm&r=g","caption":"Herv\u00e9 Roten"}}]}},"_links":{"self":[{"href":"https:\/\/www.iemj.org\/es\/wp-json\/wp\/v2\/posts\/82772","targetHints":{"allow":["GET"]}}],"collection":[{"href":"https:\/\/www.iemj.org\/es\/wp-json\/wp\/v2\/posts"}],"about":[{"href":"https:\/\/www.iemj.org\/es\/wp-json\/wp\/v2\/types\/post"}],"author":[{"embeddable":true,"href":"https:\/\/www.iemj.org\/es\/wp-json\/wp\/v2\/users\/1045"}],"replies":[{"embeddable":true,"href":"https:\/\/www.iemj.org\/es\/wp-json\/wp\/v2\/comments?post=82772"}],"version-history":[{"count":0,"href":"https:\/\/www.iemj.org\/es\/wp-json\/wp\/v2\/posts\/82772\/revisions"}],"wp:featuredmedia":[{"embeddable":true,"href":"https:\/\/www.iemj.org\/es\/wp-json\/wp\/v2\/media\/82773"}],"wp:attachment":[{"href":"https:\/\/www.iemj.org\/es\/wp-json\/wp\/v2\/media?parent=82772"}],"wp:term":[{"taxonomy":"category","embeddable":true,"href":"https:\/\/www.iemj.org\/es\/wp-json\/wp\/v2\/categories?post=82772"},{"taxonomy":"post_tag","embeddable":true,"href":"https:\/\/www.iemj.org\/es\/wp-json\/wp\/v2\/tags?post=82772"},{"taxonomy":"technique","embeddable":true,"href":"https:\/\/www.iemj.org\/es\/wp-json\/wp\/v2\/technique?post=82772"},{"taxonomy":"squelettes","embeddable":true,"href":"https:\/\/www.iemj.org\/es\/wp-json\/wp\/v2\/squelettes?post=82772"},{"taxonomy":"sujet","embeddable":true,"href":"https:\/\/www.iemj.org\/es\/wp-json\/wp\/v2\/sujet?post=82772"},{"taxonomy":"formation","embeddable":true,"href":"https:\/\/www.iemj.org\/es\/wp-json\/wp\/v2\/formation?post=82772"},{"taxonomy":"genre","embeddable":true,"href":"https:\/\/www.iemj.org\/es\/wp-json\/wp\/v2\/genre?post=82772"},{"taxonomy":"fonds","embeddable":true,"href":"https:\/\/www.iemj.org\/es\/wp-json\/wp\/v2\/fonds?post=82772"},{"taxonomy":"tradition","embeddable":true,"href":"https:\/\/www.iemj.org\/es\/wp-json\/wp\/v2\/tradition?post=82772"},{"taxonomy":"type-de-contenu","embeddable":true,"href":"https:\/\/www.iemj.org\/es\/wp-json\/wp\/v2\/type-de-contenu?post=82772"},{"taxonomy":"interprete-compositeur","embeddable":true,"href":"https:\/\/www.iemj.org\/es\/wp-json\/wp\/v2\/interprete-compositeur?post=82772"},{"taxonomy":"frise","embeddable":true,"href":"https:\/\/www.iemj.org\/es\/wp-json\/wp\/v2\/frise?post=82772"},{"taxonomy":"type-devenement","embeddable":true,"href":"https:\/\/www.iemj.org\/es\/wp-json\/wp\/v2\/type-devenement?post=82772"},{"taxonomy":"tableaux-liens-externes","embeddable":true,"href":"https:\/\/www.iemj.org\/es\/wp-json\/wp\/v2\/tableaux-liens-externes?post=82772"}],"curies":[{"name":"wp","href":"https:\/\/api.w.org\/{rel}","templated":true}]}}