{"id":82787,"date":"2016-09-05T15:25:40","date_gmt":"2016-09-05T13:25:40","guid":{"rendered":"https:\/\/www.iemj.org\/cahen-danvers-albert-1846-1903\/"},"modified":"2025-06-18T11:42:25","modified_gmt":"2025-06-18T09:42:25","slug":"cahen-danvers-albert-1846-1903","status":"publish","type":"post","link":"https:\/\/www.iemj.org\/es\/cahen-danvers-albert-1846-1903\/","title":{"rendered":"Cahen d&#8217;Anvers, Albert (1846-1903)"},"content":{"rendered":"<p class=\"post_excerpt\">Basado en el folleto procedente del <a href=\"https:\/\/www.iemj.org\/es\/albert-cahen-danvers\/\">CD Albert Cahen d&#8217;Anvers &#8211; int\u00e9grale des m\u00e9lodies<\/a><\/p>\n<p><!--more--><\/p>\n<p>Albert Cahen fue un compositor franc\u00e9s, nacido en Anvers el 8 de enero de 1846 y fallecido en La Turbie el 27 de febrero de 1903. Descendiente de una familia de banqueros de Amberes, los Cahen d&#8217;Anvers, fue alumno del compositor C\u00e9sar Franck. Era conocido por sus operetas y fueron sus \u00abmelod\u00edas\u00bb las que hicieron famoso al compositor.<br \/>\nEn 1903, despu\u00e9s de su muerte, su Gran Piano de Concierto, Erard, adquirido por consejo de su maestro C\u00e9sar Franck, se instal\u00f3 en la sala de m\u00fasica de la casa familiar del castillo de Champs-sur-Marne.<\/p>\n<p>Albert Cahen d&#8217;Anvers proviene de una dinast\u00eda de banqueros. Sus hermanos, Edouard, Rapha\u00ebl y Louis se dedicaban a los negocios.<\/p>\n<p>S\u00f3lo Albert, considerado como original por sus familiares, hasta marginado, deseaba empezar una carrera musical.<\/p>\n<p>Alumno asiduo de <strong>C\u00e9sar Franck<\/strong>, uno de los fundadores de la m\u00fasica francesa moderna, Albert Cahend&#8217;Anvers, se afirm\u00f3 ante su familia y se proclam\u00f3 compositor.<\/p>\n<p>La creaci\u00f3n de su obra de \u00f3pera \u201cLe V\u00e9nitien\u201d dedicado a Franck le plante\u00f3 la reflexi\u00f3n siguiente: \u201c<em>la representaci\u00f3n del lunes fue una de las mejores en mi vida musical [\u2026] Esperaba que fuera buena pero super\u00f3 mis expectativas.<\/em>\u201d<\/p>\n<p><strong>Lucien Pat\u00e9<\/strong>, amigo poeta y jurista de C\u00e9sar Franck y de Albert Cahen, les inspir\u00f3 melod\u00edas a ellos dos, como por ejemplo \u201c<em>Lied<\/em>\u201d, musicalizada dedicada por C\u00e9sar Franck \u201ca mi amigo Albert Cahen\u201d, o tambi\u00e9n la melod\u00eda de Cahen \u201c<em>Son \u00e2me<\/em>\u201d, musicalizada sobre un poema de Lucien Pat\u00e9.<\/p>\n<p>La producci\u00f3n musical de Albert Cahen es importante. Consta de un poema mitol\u00f3gico, \u201c<em>Endymion\u201d<\/em>, obras de \u00f3pera como \u201c<em>Dianora<\/em>\u201d, \u201c<em>Le V\u00e9nitien<\/em>\u201d, obras de \u00f3pera humor\u00edsticas como \u201c<em>Louisette<\/em>\u201d&#8230; un drama l\u00edrico \u201c<em>La femme de Claude<\/em>\u201d, ballets como \u201c<em>Fleur des Neiges<\/em>\u201d, \u201c<em>La Belle au Bois Dormant<\/em>\u201d, la m\u00fasica esc\u00e9nica de los \u201c<em>Burgraves<\/em>\u201d de Hugo, una \u201c<em>Marche Triomphale<\/em>\u201d compuesta para la Exposici\u00f3n Universal del a\u00f1o 1900, obras de m\u00fasica de c\u00e1mara&#8230;<\/p>\n<p>La influencia de C\u00e9sar Franck en las melod\u00edas de Cahen se observa en los detalles arm\u00f3nicos y una voluntad evidente de estructura. Su conjunto de melod\u00edas contiene tanto ciclos como melod\u00edas separadas y podemos observar una gran diversidad en los ambientes y en el trato musical de \u00e9stas.<\/p>\n<p><img decoding=\"async\" class=\"wp-image-121750 alignright\" src=\"https:\/\/www.iemj.org\/wp-content\/uploads\/2025\/06\/Portrait-Cahen-dAnvers-par-Renoir-248x300.jpg\" alt=\"\" width=\"175\" height=\"212\" srcset=\"https:\/\/www.iemj.org\/wp-content\/uploads\/2025\/06\/Portrait-Cahen-dAnvers-par-Renoir-248x300.jpg 248w, https:\/\/www.iemj.org\/wp-content\/uploads\/2025\/06\/Portrait-Cahen-dAnvers-par-Renoir.jpg 413w\" sizes=\"(max-width: 175px) 100vw, 175px\" \/>Sus referencias musicales y su profundo apego al mundo musical que le rode\u00f3 llaman la atenci\u00f3n en toda su obra, y especialmente en las numerosas dedicatorias que podemos encontrar en sus melod\u00edas.<\/p>\n<p>Adem\u00e1s, en su hotel particular, \u201cle petit h\u00f4tel de Villars\u201d, calle de Grenelle, donde vivi\u00f3, Albert Cahen daba conciertos, toda la flor y nata parisina de la \u00e9poca asist\u00eda, era buena fuente de ingresos para los m\u00fasicos y encuentros oportunos para cada uno. All\u00ed el pintor Pierre Auguste Renoir realizar\u00e1 su famoso retrato en 1881. (<em>ver al lado<\/em>)<\/p>\n<p><a href=\"https:\/\/www.iemj.org\/es\/albert-cahen-danvers\/\" target=\"_blank\" rel=\"noopener\">Consultar el CD Albert Cahen d&#8217;Anvers &#8211; int\u00e9grale des m\u00e9lodies<\/a><\/p>\n","protected":false},"excerpt":{"rendered":"<p>Basado en el folleto procedente del CD Albert Cahen d&#8217;Anvers &#8211; int\u00e9grale des m\u00e9lodies<\/p>\n","protected":false},"author":5,"featured_media":51518,"comment_status":"closed","ping_status":"open","sticky":false,"template":"","format":"standard","meta":{"_acf_changed":false,"footnotes":""},"categories":[1417],"tags":[],"technique":[],"squelettes":[],"sujet":[],"formation":[],"genre":[],"fonds":[],"tradition":[],"type-de-contenu":[],"interprete-compositeur":[],"frise":[],"type-devenement":[],"tableaux-liens-externes":[],"class_list":["post-82787","post","type-post","status-publish","format-standard","has-post-thumbnail","hentry","category-biografias-es"],"acf":[],"yoast_head":"<!-- This site is optimized with the Yoast SEO plugin v27.3 - https:\/\/yoast.com\/product\/yoast-seo-wordpress\/ -->\n<title>Cahen d&#039;Anvers, Albert (1846-1903) - Institut Europ\u00e9en des Musiques Juives<\/title>\n<meta name=\"robots\" content=\"index, follow, max-snippet:-1, max-image-preview:large, max-video-preview:-1\" \/>\n<link rel=\"canonical\" href=\"https:\/\/www.iemj.org\/es\/cahen-danvers-albert-1846-1903\/\" \/>\n<meta property=\"og:locale\" content=\"es_ES\" \/>\n<meta property=\"og:type\" content=\"article\" \/>\n<meta property=\"og:title\" content=\"Cahen d&#039;Anvers, Albert (1846-1903) - Institut Europ\u00e9en des Musiques Juives\" \/>\n<meta property=\"og:description\" content=\"Basado en el folleto procedente del CD Albert Cahen d&#8217;Anvers &#8211; int\u00e9grale des m\u00e9lodies\" \/>\n<meta property=\"og:url\" content=\"https:\/\/www.iemj.org\/es\/cahen-danvers-albert-1846-1903\/\" \/>\n<meta property=\"og:site_name\" content=\"Institut Europ\u00e9en des Musiques Juives\" \/>\n<meta property=\"article:publisher\" content=\"https:\/\/www.facebook.com\/MusiquesJuives\/\" \/>\n<meta property=\"article:published_time\" content=\"2016-09-05T13:25:40+00:00\" \/>\n<meta property=\"article:modified_time\" content=\"2025-06-18T09:42:25+00:00\" \/>\n<meta property=\"og:image\" content=\"https:\/\/www.iemj.org\/wp-content\/uploads\/2025\/04\/Cahen-dAnvers_Logo-Bio.jpg\" \/>\n\t<meta property=\"og:image:width\" content=\"168\" \/>\n\t<meta property=\"og:image:height\" content=\"218\" \/>\n\t<meta property=\"og:image:type\" content=\"image\/jpeg\" \/>\n<meta name=\"author\" content=\"Jacqueline ROTEN\" \/>\n<meta name=\"twitter:card\" content=\"summary_large_image\" \/>\n<meta name=\"twitter:label1\" content=\"Escrito por\" \/>\n\t<meta name=\"twitter:data1\" content=\"Jacqueline ROTEN\" \/>\n\t<meta name=\"twitter:label2\" content=\"Tiempo de lectura\" \/>\n\t<meta name=\"twitter:data2\" content=\"3 minutos\" \/>\n<script type=\"application\/ld+json\" class=\"yoast-schema-graph\">{\"@context\":\"https:\\\/\\\/schema.org\",\"@graph\":[{\"@type\":\"Article\",\"@id\":\"https:\\\/\\\/www.iemj.org\\\/es\\\/cahen-danvers-albert-1846-1903\\\/#article\",\"isPartOf\":{\"@id\":\"https:\\\/\\\/www.iemj.org\\\/es\\\/cahen-danvers-albert-1846-1903\\\/\"},\"author\":{\"name\":\"Jacqueline ROTEN\",\"@id\":\"https:\\\/\\\/www.iemj.org\\\/es\\\/#\\\/schema\\\/person\\\/358e26c18aca017fcc4cc15437f7279c\"},\"headline\":\"Cahen d&#8217;Anvers, Albert (1846-1903)\",\"datePublished\":\"2016-09-05T13:25:40+00:00\",\"dateModified\":\"2025-06-18T09:42:25+00:00\",\"mainEntityOfPage\":{\"@id\":\"https:\\\/\\\/www.iemj.org\\\/es\\\/cahen-danvers-albert-1846-1903\\\/\"},\"wordCount\":518,\"publisher\":{\"@id\":\"https:\\\/\\\/www.iemj.org\\\/es\\\/#organization\"},\"image\":{\"@id\":\"https:\\\/\\\/www.iemj.org\\\/es\\\/cahen-danvers-albert-1846-1903\\\/#primaryimage\"},\"thumbnailUrl\":\"https:\\\/\\\/www.iemj.org\\\/wp-content\\\/uploads\\\/2025\\\/04\\\/Cahen-dAnvers_Logo-Bio.jpg\",\"articleSection\":[\"Biograf\u00edas\"],\"inLanguage\":\"es\"},{\"@type\":\"WebPage\",\"@id\":\"https:\\\/\\\/www.iemj.org\\\/es\\\/cahen-danvers-albert-1846-1903\\\/\",\"url\":\"https:\\\/\\\/www.iemj.org\\\/es\\\/cahen-danvers-albert-1846-1903\\\/\",\"name\":\"Cahen d'Anvers, Albert (1846-1903) - Institut Europ\u00e9en des Musiques Juives\",\"isPartOf\":{\"@id\":\"https:\\\/\\\/www.iemj.org\\\/es\\\/#website\"},\"primaryImageOfPage\":{\"@id\":\"https:\\\/\\\/www.iemj.org\\\/es\\\/cahen-danvers-albert-1846-1903\\\/#primaryimage\"},\"image\":{\"@id\":\"https:\\\/\\\/www.iemj.org\\\/es\\\/cahen-danvers-albert-1846-1903\\\/#primaryimage\"},\"thumbnailUrl\":\"https:\\\/\\\/www.iemj.org\\\/wp-content\\\/uploads\\\/2025\\\/04\\\/Cahen-dAnvers_Logo-Bio.jpg\",\"datePublished\":\"2016-09-05T13:25:40+00:00\",\"dateModified\":\"2025-06-18T09:42:25+00:00\",\"breadcrumb\":{\"@id\":\"https:\\\/\\\/www.iemj.org\\\/es\\\/cahen-danvers-albert-1846-1903\\\/#breadcrumb\"},\"inLanguage\":\"es\",\"potentialAction\":[{\"@type\":\"ReadAction\",\"target\":[\"https:\\\/\\\/www.iemj.org\\\/es\\\/cahen-danvers-albert-1846-1903\\\/\"]}]},{\"@type\":\"ImageObject\",\"inLanguage\":\"es\",\"@id\":\"https:\\\/\\\/www.iemj.org\\\/es\\\/cahen-danvers-albert-1846-1903\\\/#primaryimage\",\"url\":\"https:\\\/\\\/www.iemj.org\\\/wp-content\\\/uploads\\\/2025\\\/04\\\/Cahen-dAnvers_Logo-Bio.jpg\",\"contentUrl\":\"https:\\\/\\\/www.iemj.org\\\/wp-content\\\/uploads\\\/2025\\\/04\\\/Cahen-dAnvers_Logo-Bio.jpg\",\"width\":168,\"height\":218},{\"@type\":\"BreadcrumbList\",\"@id\":\"https:\\\/\\\/www.iemj.org\\\/es\\\/cahen-danvers-albert-1846-1903\\\/#breadcrumb\",\"itemListElement\":[{\"@type\":\"ListItem\",\"position\":1,\"name\":\"Accueil\",\"item\":\"https:\\\/\\\/www.iemj.org\\\/es\\\/\"},{\"@type\":\"ListItem\",\"position\":2,\"name\":\"Cahen d&#8217;Anvers, Albert (1846-1903)\"}]},{\"@type\":\"WebSite\",\"@id\":\"https:\\\/\\\/www.iemj.org\\\/es\\\/#website\",\"url\":\"https:\\\/\\\/www.iemj.org\\\/es\\\/\",\"name\":\"Institut Europ\u00e9en des Musiques Juives\",\"description\":\"Des traditions musicales \u00e0 la port\u00e9e de tous\",\"publisher\":{\"@id\":\"https:\\\/\\\/www.iemj.org\\\/es\\\/#organization\"},\"potentialAction\":[{\"@type\":\"SearchAction\",\"target\":{\"@type\":\"EntryPoint\",\"urlTemplate\":\"https:\\\/\\\/www.iemj.org\\\/es\\\/?s={search_term_string}\"},\"query-input\":{\"@type\":\"PropertyValueSpecification\",\"valueRequired\":true,\"valueName\":\"search_term_string\"}}],\"inLanguage\":\"es\"},{\"@type\":\"Organization\",\"@id\":\"https:\\\/\\\/www.iemj.org\\\/es\\\/#organization\",\"name\":\"Institut Europ\u00e9en des Musiques Juives\",\"url\":\"https:\\\/\\\/www.iemj.org\\\/es\\\/\",\"logo\":{\"@type\":\"ImageObject\",\"inLanguage\":\"es\",\"@id\":\"https:\\\/\\\/www.iemj.org\\\/es\\\/#\\\/schema\\\/logo\\\/image\\\/\",\"url\":\"https:\\\/\\\/www.iemj.org\\\/wp-content\\\/uploads\\\/2021\\\/09\\\/Logo-IEMJ-Paypal.jpg\",\"contentUrl\":\"https:\\\/\\\/www.iemj.org\\\/wp-content\\\/uploads\\\/2021\\\/09\\\/Logo-IEMJ-Paypal.jpg\",\"width\":150,\"height\":50,\"caption\":\"Institut Europ\u00e9en des Musiques Juives\"},\"image\":{\"@id\":\"https:\\\/\\\/www.iemj.org\\\/es\\\/#\\\/schema\\\/logo\\\/image\\\/\"},\"sameAs\":[\"https:\\\/\\\/www.facebook.com\\\/MusiquesJuives\\\/\",\"https:\\\/\\\/www.instagram.com\\\/musiquesjuives\\\/\",\"https:\\\/\\\/www.youtube.com\\\/user\\\/musiquesjuives\"]},{\"@type\":\"Person\",\"@id\":\"https:\\\/\\\/www.iemj.org\\\/es\\\/#\\\/schema\\\/person\\\/358e26c18aca017fcc4cc15437f7279c\",\"name\":\"Jacqueline ROTEN\",\"image\":{\"@type\":\"ImageObject\",\"inLanguage\":\"es\",\"@id\":\"https:\\\/\\\/secure.gravatar.com\\\/avatar\\\/5964256d6c6957de3a3505278957e0fb2a35119ac47ea41827a65301213c810b?s=96&d=mm&r=g\",\"url\":\"https:\\\/\\\/secure.gravatar.com\\\/avatar\\\/5964256d6c6957de3a3505278957e0fb2a35119ac47ea41827a65301213c810b?s=96&d=mm&r=g\",\"contentUrl\":\"https:\\\/\\\/secure.gravatar.com\\\/avatar\\\/5964256d6c6957de3a3505278957e0fb2a35119ac47ea41827a65301213c810b?s=96&d=mm&r=g\",\"caption\":\"Jacqueline ROTEN\"}}]}<\/script>\n<!-- \/ Yoast SEO plugin. -->","yoast_head_json":{"title":"Cahen d'Anvers, Albert (1846-1903) - Institut Europ\u00e9en des Musiques Juives","robots":{"index":"index","follow":"follow","max-snippet":"max-snippet:-1","max-image-preview":"max-image-preview:large","max-video-preview":"max-video-preview:-1"},"canonical":"https:\/\/www.iemj.org\/es\/cahen-danvers-albert-1846-1903\/","og_locale":"es_ES","og_type":"article","og_title":"Cahen d'Anvers, Albert (1846-1903) - Institut Europ\u00e9en des Musiques Juives","og_description":"Basado en el folleto procedente del CD Albert Cahen d&#8217;Anvers &#8211; int\u00e9grale des m\u00e9lodies","og_url":"https:\/\/www.iemj.org\/es\/cahen-danvers-albert-1846-1903\/","og_site_name":"Institut Europ\u00e9en des Musiques Juives","article_publisher":"https:\/\/www.facebook.com\/MusiquesJuives\/","article_published_time":"2016-09-05T13:25:40+00:00","article_modified_time":"2025-06-18T09:42:25+00:00","og_image":[{"width":168,"height":218,"url":"https:\/\/www.iemj.org\/wp-content\/uploads\/2025\/04\/Cahen-dAnvers_Logo-Bio.jpg","type":"image\/jpeg"}],"author":"Jacqueline ROTEN","twitter_card":"summary_large_image","twitter_misc":{"Escrito por":"Jacqueline ROTEN","Tiempo de lectura":"3 minutos"},"schema":{"@context":"https:\/\/schema.org","@graph":[{"@type":"Article","@id":"https:\/\/www.iemj.org\/es\/cahen-danvers-albert-1846-1903\/#article","isPartOf":{"@id":"https:\/\/www.iemj.org\/es\/cahen-danvers-albert-1846-1903\/"},"author":{"name":"Jacqueline ROTEN","@id":"https:\/\/www.iemj.org\/es\/#\/schema\/person\/358e26c18aca017fcc4cc15437f7279c"},"headline":"Cahen d&#8217;Anvers, Albert (1846-1903)","datePublished":"2016-09-05T13:25:40+00:00","dateModified":"2025-06-18T09:42:25+00:00","mainEntityOfPage":{"@id":"https:\/\/www.iemj.org\/es\/cahen-danvers-albert-1846-1903\/"},"wordCount":518,"publisher":{"@id":"https:\/\/www.iemj.org\/es\/#organization"},"image":{"@id":"https:\/\/www.iemj.org\/es\/cahen-danvers-albert-1846-1903\/#primaryimage"},"thumbnailUrl":"https:\/\/www.iemj.org\/wp-content\/uploads\/2025\/04\/Cahen-dAnvers_Logo-Bio.jpg","articleSection":["Biograf\u00edas"],"inLanguage":"es"},{"@type":"WebPage","@id":"https:\/\/www.iemj.org\/es\/cahen-danvers-albert-1846-1903\/","url":"https:\/\/www.iemj.org\/es\/cahen-danvers-albert-1846-1903\/","name":"Cahen d'Anvers, Albert (1846-1903) - Institut Europ\u00e9en des Musiques Juives","isPartOf":{"@id":"https:\/\/www.iemj.org\/es\/#website"},"primaryImageOfPage":{"@id":"https:\/\/www.iemj.org\/es\/cahen-danvers-albert-1846-1903\/#primaryimage"},"image":{"@id":"https:\/\/www.iemj.org\/es\/cahen-danvers-albert-1846-1903\/#primaryimage"},"thumbnailUrl":"https:\/\/www.iemj.org\/wp-content\/uploads\/2025\/04\/Cahen-dAnvers_Logo-Bio.jpg","datePublished":"2016-09-05T13:25:40+00:00","dateModified":"2025-06-18T09:42:25+00:00","breadcrumb":{"@id":"https:\/\/www.iemj.org\/es\/cahen-danvers-albert-1846-1903\/#breadcrumb"},"inLanguage":"es","potentialAction":[{"@type":"ReadAction","target":["https:\/\/www.iemj.org\/es\/cahen-danvers-albert-1846-1903\/"]}]},{"@type":"ImageObject","inLanguage":"es","@id":"https:\/\/www.iemj.org\/es\/cahen-danvers-albert-1846-1903\/#primaryimage","url":"https:\/\/www.iemj.org\/wp-content\/uploads\/2025\/04\/Cahen-dAnvers_Logo-Bio.jpg","contentUrl":"https:\/\/www.iemj.org\/wp-content\/uploads\/2025\/04\/Cahen-dAnvers_Logo-Bio.jpg","width":168,"height":218},{"@type":"BreadcrumbList","@id":"https:\/\/www.iemj.org\/es\/cahen-danvers-albert-1846-1903\/#breadcrumb","itemListElement":[{"@type":"ListItem","position":1,"name":"Accueil","item":"https:\/\/www.iemj.org\/es\/"},{"@type":"ListItem","position":2,"name":"Cahen d&#8217;Anvers, Albert (1846-1903)"}]},{"@type":"WebSite","@id":"https:\/\/www.iemj.org\/es\/#website","url":"https:\/\/www.iemj.org\/es\/","name":"Institut Europ\u00e9en des Musiques Juives","description":"Des traditions musicales \u00e0 la port\u00e9e de tous","publisher":{"@id":"https:\/\/www.iemj.org\/es\/#organization"},"potentialAction":[{"@type":"SearchAction","target":{"@type":"EntryPoint","urlTemplate":"https:\/\/www.iemj.org\/es\/?s={search_term_string}"},"query-input":{"@type":"PropertyValueSpecification","valueRequired":true,"valueName":"search_term_string"}}],"inLanguage":"es"},{"@type":"Organization","@id":"https:\/\/www.iemj.org\/es\/#organization","name":"Institut Europ\u00e9en des Musiques Juives","url":"https:\/\/www.iemj.org\/es\/","logo":{"@type":"ImageObject","inLanguage":"es","@id":"https:\/\/www.iemj.org\/es\/#\/schema\/logo\/image\/","url":"https:\/\/www.iemj.org\/wp-content\/uploads\/2021\/09\/Logo-IEMJ-Paypal.jpg","contentUrl":"https:\/\/www.iemj.org\/wp-content\/uploads\/2021\/09\/Logo-IEMJ-Paypal.jpg","width":150,"height":50,"caption":"Institut Europ\u00e9en des Musiques Juives"},"image":{"@id":"https:\/\/www.iemj.org\/es\/#\/schema\/logo\/image\/"},"sameAs":["https:\/\/www.facebook.com\/MusiquesJuives\/","https:\/\/www.instagram.com\/musiquesjuives\/","https:\/\/www.youtube.com\/user\/musiquesjuives"]},{"@type":"Person","@id":"https:\/\/www.iemj.org\/es\/#\/schema\/person\/358e26c18aca017fcc4cc15437f7279c","name":"Jacqueline ROTEN","image":{"@type":"ImageObject","inLanguage":"es","@id":"https:\/\/secure.gravatar.com\/avatar\/5964256d6c6957de3a3505278957e0fb2a35119ac47ea41827a65301213c810b?s=96&d=mm&r=g","url":"https:\/\/secure.gravatar.com\/avatar\/5964256d6c6957de3a3505278957e0fb2a35119ac47ea41827a65301213c810b?s=96&d=mm&r=g","contentUrl":"https:\/\/secure.gravatar.com\/avatar\/5964256d6c6957de3a3505278957e0fb2a35119ac47ea41827a65301213c810b?s=96&d=mm&r=g","caption":"Jacqueline ROTEN"}}]}},"_links":{"self":[{"href":"https:\/\/www.iemj.org\/es\/wp-json\/wp\/v2\/posts\/82787","targetHints":{"allow":["GET"]}}],"collection":[{"href":"https:\/\/www.iemj.org\/es\/wp-json\/wp\/v2\/posts"}],"about":[{"href":"https:\/\/www.iemj.org\/es\/wp-json\/wp\/v2\/types\/post"}],"author":[{"embeddable":true,"href":"https:\/\/www.iemj.org\/es\/wp-json\/wp\/v2\/users\/5"}],"replies":[{"embeddable":true,"href":"https:\/\/www.iemj.org\/es\/wp-json\/wp\/v2\/comments?post=82787"}],"version-history":[{"count":0,"href":"https:\/\/www.iemj.org\/es\/wp-json\/wp\/v2\/posts\/82787\/revisions"}],"wp:featuredmedia":[{"embeddable":true,"href":"https:\/\/www.iemj.org\/es\/wp-json\/wp\/v2\/media\/51518"}],"wp:attachment":[{"href":"https:\/\/www.iemj.org\/es\/wp-json\/wp\/v2\/media?parent=82787"}],"wp:term":[{"taxonomy":"category","embeddable":true,"href":"https:\/\/www.iemj.org\/es\/wp-json\/wp\/v2\/categories?post=82787"},{"taxonomy":"post_tag","embeddable":true,"href":"https:\/\/www.iemj.org\/es\/wp-json\/wp\/v2\/tags?post=82787"},{"taxonomy":"technique","embeddable":true,"href":"https:\/\/www.iemj.org\/es\/wp-json\/wp\/v2\/technique?post=82787"},{"taxonomy":"squelettes","embeddable":true,"href":"https:\/\/www.iemj.org\/es\/wp-json\/wp\/v2\/squelettes?post=82787"},{"taxonomy":"sujet","embeddable":true,"href":"https:\/\/www.iemj.org\/es\/wp-json\/wp\/v2\/sujet?post=82787"},{"taxonomy":"formation","embeddable":true,"href":"https:\/\/www.iemj.org\/es\/wp-json\/wp\/v2\/formation?post=82787"},{"taxonomy":"genre","embeddable":true,"href":"https:\/\/www.iemj.org\/es\/wp-json\/wp\/v2\/genre?post=82787"},{"taxonomy":"fonds","embeddable":true,"href":"https:\/\/www.iemj.org\/es\/wp-json\/wp\/v2\/fonds?post=82787"},{"taxonomy":"tradition","embeddable":true,"href":"https:\/\/www.iemj.org\/es\/wp-json\/wp\/v2\/tradition?post=82787"},{"taxonomy":"type-de-contenu","embeddable":true,"href":"https:\/\/www.iemj.org\/es\/wp-json\/wp\/v2\/type-de-contenu?post=82787"},{"taxonomy":"interprete-compositeur","embeddable":true,"href":"https:\/\/www.iemj.org\/es\/wp-json\/wp\/v2\/interprete-compositeur?post=82787"},{"taxonomy":"frise","embeddable":true,"href":"https:\/\/www.iemj.org\/es\/wp-json\/wp\/v2\/frise?post=82787"},{"taxonomy":"type-devenement","embeddable":true,"href":"https:\/\/www.iemj.org\/es\/wp-json\/wp\/v2\/type-devenement?post=82787"},{"taxonomy":"tableaux-liens-externes","embeddable":true,"href":"https:\/\/www.iemj.org\/es\/wp-json\/wp\/v2\/tableaux-liens-externes?post=82787"}],"curies":[{"name":"wp","href":"https:\/\/api.w.org\/{rel}","templated":true}]}}