{"id":83112,"date":"2022-04-18T18:24:12","date_gmt":"2022-04-18T16:24:12","guid":{"rendered":"https:\/\/www.iemj.org\/piattelli-elio-1910-2001\/"},"modified":"2022-04-26T12:46:36","modified_gmt":"2022-04-26T10:46:36","slug":"piattelli-elio-1910-2001","status":"publish","type":"post","link":"https:\/\/www.iemj.org\/es\/piattelli-elio-1910-2001\/","title":{"rendered":"Piattelli, Elio (1910-2001)"},"content":{"rendered":"<p class=\"Standard\" style=\"text-align: justify; text-justify: inter-ideograph;\"><span lang=\"ES\">Nacido en Roma el 30 de mayo de 1910, Elio Piattelli se gradu\u00f3 en 1931 en Literatura en la Universidad de Roma con la calificaci\u00f3n m\u00e1s alta \u201c110 sobre 110\u201d. Estudi\u00f3 con el Maestro Cesare Dobici (1873-1944) y obtuvo el t\u00edtulo en composici\u00f3n en el Conservatorio Santa Cecilia de Roma en 1941. El mismo a\u00f1o, particip\u00f3 en un concurso de la Academia Filarm\u00f3nica Romana con dos obras para coro. A\u00fan en 1941, su obra en cuatro actos, In\u00e9s de Su\u00e1rez (folleto de G.Guerra) fue representada en Santiago de Chile, con ocasi\u00f3n del cuarto centenario de la fundaci\u00f3n de la ciudad de Santiago.<\/span><\/p>\n<p class=\"Standard\" style=\"text-align: justify; text-justify: inter-ideograph;\"><span lang=\"ES\">En los primeros a\u00f1os de posguerra, Piattelli dirigi\u00f3 el coro de Politeama de Palermo. Imparti\u00f3 clases de cantos lit\u00fargicos en hebreo en Italia (Roma, Palestrina, Tur\u00edn, Mil\u00e1n, Florencia, N\u00e1poles&#8230;) y en Francia (Abad\u00eda de S\u00e9nanque cerca de Avi\u00f1\u00f3n, Saint-Louis en Par\u00eds, Estrasburgo).<\/span><\/p>\n<p class=\"Standard\" style=\"text-align: justify; text-justify: inter-ideograph;\"><span lang=\"ES\">Director de coro en el Tempio Maggiore en Roma (Gran Sinagoga de Roma), de 1948 a 1984, anim\u00f3 la vida lit\u00fargica de la sinagoga con el Coro que cantaba melod\u00edas de la tradici\u00f3n oral de distintos ritos de la comunidad jud\u00eda romana y composiciones de sus melod\u00edas para la liturg\u00eda de las celebraciones y para las fiestas jud\u00edas. Todas sus producciones musicales, literarias y musicol\u00f3gicas se conservan en 44 carpetas que componen el Fondo Piattelli en el <a href=\"https:\/\/ibimus.eu\/tour\" target=\"_blank\" rel=\"noopener\">IBIMUS<\/a> (Instituto de Bibliograf\u00eda Musical) de Roma, gracias al apoyo del profesor Giancarlo Rostirola, a la atenci\u00f3n entusiasta del Maestro Lino Bianchi (1920-2013), a la donaci\u00f3n de sus archivos por su hija, la Dr. Daniela Piattelli, y al trabajo de cat\u00e1logo del profesor Pasquale Tro\u00eda.<\/span><\/p>\n<p><img fetchpriority=\"high\" decoding=\"async\" class=\"size-full wp-image-83009 alignright\" src=\"https:\/\/www.iemj.org\/wp-content\/uploads\/2022\/04\/canti-liturgici-Piattelli_COUV-redim.jpg\" alt=\"\" width=\"219\" height=\"300\" \/><\/p>\n<p>Durante su larga carrera, las actividades de Elio Piattelli se centraron en cuatro \u00e1mbitos principales:<\/p>\n<ol>\n<li><strong>La transcripci\u00f3n de los cantos de la tradici\u00f3n oral<\/strong> a partir de la voz de los antiguos cantores de diversos ritos y tradiciones jud\u00edas italianas.<\/li>\n<li><strong>La composici\u00f3n de los cantos<\/strong> que renovan el sentido y el valor de las tradiciones vocales lit\u00fargicas jud\u00edas, cantos a\u00fan interpretados actualmente por el Coro del Tempio Maggiore en Roma.<\/li>\n<li><strong>Una producci\u00f3n literaria<\/strong> como traductor, facilitada por su conocimiento de hebreo y de lenguas europeas (muchos se acuerdan de \u00e9l como profesor de ingl\u00e9s) y por esa versatilidad narrativa sencilla y sint\u00e9tica que le dio su personalidad.<\/li>\n<li><strong>Una actividad musical e investigaciones musicales<\/strong>: Director de Coro del Tempio Maggiore en Roma (Gran Sinagoga de Roma), de 1948 a 1984, anim\u00f3 la vida lit\u00fargica de la sinagoga con el Coro que \u2013 como se se\u00f1al\u00f3 anteriormente \u2013 cantaba melod\u00edas de tradici\u00f3n oral de distintos ritos de la comunidad jud\u00eda romana y composiciones de sus melod\u00edas para la liturg\u00eda de las celebraciones y para las fiestas jud\u00edas. Tambi\u00e9n public\u00f3 4 recopilaciones de cantos lit\u00fargicos basados en transcripciones efectuadas con distintos adeptos de la tradici\u00f3n oral jud\u00eda italiana:<\/li>\n<\/ol>\n<ul>\n<li><em>Canti liturgici ebraici di rito italiano <\/em>(Liturgical Jewish Chants of the Italian Rite), transcribed and commented by E. Piattelli Edizioni De Santis, Rome 1967;<\/li>\n<li><em>Canti liturgici ebraici del Piemonte <\/em>(Jewish Liturgical Chants from Piedmont), transcribed and commented by E. Piattelli, Edizioni De Santis, Rome 1986;<\/li>\n<li><em>Canti liturgici di rito spagnolo del Tempio Israelitico di Firenze <\/em>(Liturgical Chants of the Sephardic Rite of the Israelite Temple in Florence), transcribed and commented by E. Piattelli, Editrice La Giuntina, Florence 1992;<\/li>\n<li><em>Canti liturgici ebraici di rito spagnolo di Roma <\/em>(Jewish Liturgical Chants of the Sephardi Rite of Rome) transcribed by Elio Piattelli (edited by P. Tro\u00eca), Fondazione Istituto Italiano per la Storia della Musica, Rome 2003-5763.<\/li>\n<\/ul>\n<p class=\"Textbody\" style=\"text-align: justify; text-justify: inter-ideograph;\"><span lang=\"ES\">Elio Piattelli falleci\u00f3 en Roma el 13 de enero de 2001.<\/span><\/p>\n<p><strong>Fuentes:<\/strong><\/p>\n<p>Giacomo BAROFFIO, Pasquale TROIA, <em>Elio Piattelli in memoriam<\/em><em>, <\/em><em>Revue liturgique<\/em>, ann\u00e9e LXXXVIII, Troisi\u00e8me s\u00e9rie, n\u00b0 5 septembre-octobre 2001, 669-677. M\u00e1s informaci\u00f3n en P. TROIA, <em><u>Canti del Tempio Maggiore \u00e0 Rome<\/u><\/em>, tome II, Gangemi Editore, Rome, que se publicar\u00e1 en\u00a0 2022.<\/p>\n<p><a href=\"https:\/\/jewish-music.huji.ac.il\/content\/elio-piattelli\" target=\"_blank\" rel=\"noopener\">M\u00e1s informaci\u00f3n sobre Elio Piattelli<\/a><\/p>\n<p><a href=\"https:\/\/www.shalom.it\/blog\/editoriali-bc9\/il-ma-elio-piattelli-un-ricordo-ed-una-testimonianza-nel-ventesimo-della-sua-scomparsa-b1105351\" target=\"_blank\" rel=\"noopener\">Leer el art\u00edculo II M\u00b0 Elio Piattelli: un ricordo ed una testimonianza nel ventesimo della sua scomparsa <em>(<\/em><em>Elio Piattelli: A memory and testimony of in the twentieth anniversary of his death)<\/em><\/a><\/p>\n<p><a href=\"https:\/\/www.pasqualetroia.it\/\" target=\"_blank\" rel=\"noopener\">M\u00e1s informaci\u00f3n sobre Pasquale Tro\u00eca<\/a><\/p>\n\n\n<figure class=\"wp-block-embed is-type-video is-provider-youtube wp-block-embed-youtube wp-embed-aspect-16-9 wp-has-aspect-ratio\"><div class=\"wp-block-embed__wrapper\">\n<iframe title=\"Elio Piattelli - Quartetto d&#039;archi - Canti liturgici di rito italiano - Roma, dicembre 2000\" width=\"640\" height=\"360\" src=\"https:\/\/www.youtube.com\/embed\/P7-bSF39qiE?feature=oembed\" frameborder=\"0\" allow=\"accelerometer; autoplay; clipboard-write; encrypted-media; gyroscope; picture-in-picture; web-share\" referrerpolicy=\"strict-origin-when-cross-origin\" allowfullscreen><\/iframe>\n<\/div><figcaption><strong><em><em><strong>Cuarteto de cuerda <\/strong><\/em><\/em><strong>de Elio Piattelli, incluyendo motivos basados en melod\u00edas lit\u00fargicas jud\u00edas de rito italiano<\/strong><\/strong><\/figcaption><\/figure>\n","protected":false},"excerpt":{"rendered":"<p>Nacido en Roma el 30 de mayo de 1910, Elio Piattelli se gradu\u00f3 en 1931 en Literatura en la Universidad de Roma con la calificaci\u00f3n m\u00e1s alta \u201c110 sobre 110\u201d.<\/p>\n","protected":false},"author":5,"featured_media":83003,"comment_status":"closed","ping_status":"closed","sticky":false,"template":"","format":"standard","meta":{"_acf_changed":false,"footnotes":""},"categories":[1417],"tags":[2092],"technique":[],"squelettes":[],"sujet":[],"formation":[],"genre":[],"fonds":[],"tradition":[],"type-de-contenu":[],"interprete-compositeur":[],"frise":[],"type-devenement":[],"tableaux-liens-externes":[],"class_list":["post-83112","post","type-post","status-publish","format-standard","has-post-thumbnail","hentry","category-biografias-es","tag-italia-es"],"acf":[],"yoast_head":"<!-- This site is optimized with the Yoast SEO plugin v27.3 - https:\/\/yoast.com\/product\/yoast-seo-wordpress\/ -->\n<title>Piattelli, Elio (1910-2001) - Institut Europ\u00e9en des Musiques Juives<\/title>\n<meta name=\"robots\" content=\"index, follow, max-snippet:-1, max-image-preview:large, max-video-preview:-1\" \/>\n<link rel=\"canonical\" href=\"https:\/\/www.iemj.org\/es\/piattelli-elio-1910-2001\/\" \/>\n<meta property=\"og:locale\" content=\"es_ES\" \/>\n<meta property=\"og:type\" content=\"article\" \/>\n<meta property=\"og:title\" content=\"Piattelli, Elio (1910-2001) - Institut Europ\u00e9en des Musiques Juives\" \/>\n<meta property=\"og:description\" content=\"Nacido en Roma el 30 de mayo de 1910, Elio Piattelli se gradu\u00f3 en 1931 en Literatura en la Universidad de Roma con la calificaci\u00f3n m\u00e1s alta \u201c110 sobre 110\u201d.\" \/>\n<meta property=\"og:url\" content=\"https:\/\/www.iemj.org\/es\/piattelli-elio-1910-2001\/\" \/>\n<meta property=\"og:site_name\" content=\"Institut Europ\u00e9en des Musiques Juives\" \/>\n<meta property=\"article:publisher\" content=\"https:\/\/www.facebook.com\/MusiquesJuives\/\" \/>\n<meta property=\"article:published_time\" content=\"2022-04-18T16:24:12+00:00\" \/>\n<meta property=\"article:modified_time\" content=\"2022-04-26T10:46:36+00:00\" \/>\n<meta property=\"og:image\" content=\"https:\/\/www.iemj.org\/wp-content\/uploads\/2022\/04\/Logo-Bio-Piattelli-1.png\" \/>\n\t<meta property=\"og:image:width\" content=\"172\" \/>\n\t<meta property=\"og:image:height\" content=\"218\" \/>\n\t<meta property=\"og:image:type\" content=\"image\/png\" \/>\n<meta name=\"author\" content=\"Jacqueline ROTEN\" \/>\n<meta name=\"twitter:card\" content=\"summary_large_image\" \/>\n<meta name=\"twitter:label1\" content=\"Escrito por\" \/>\n\t<meta name=\"twitter:data1\" content=\"Jacqueline ROTEN\" \/>\n\t<meta name=\"twitter:label2\" content=\"Tiempo de lectura\" \/>\n\t<meta name=\"twitter:data2\" content=\"4 minutos\" \/>\n<script type=\"application\/ld+json\" class=\"yoast-schema-graph\">{\"@context\":\"https:\\\/\\\/schema.org\",\"@graph\":[{\"@type\":\"Article\",\"@id\":\"https:\\\/\\\/www.iemj.org\\\/es\\\/piattelli-elio-1910-2001\\\/#article\",\"isPartOf\":{\"@id\":\"https:\\\/\\\/www.iemj.org\\\/es\\\/piattelli-elio-1910-2001\\\/\"},\"author\":{\"name\":\"Jacqueline ROTEN\",\"@id\":\"https:\\\/\\\/www.iemj.org\\\/es\\\/#\\\/schema\\\/person\\\/358e26c18aca017fcc4cc15437f7279c\"},\"headline\":\"Piattelli, Elio (1910-2001)\",\"datePublished\":\"2022-04-18T16:24:12+00:00\",\"dateModified\":\"2022-04-26T10:46:36+00:00\",\"mainEntityOfPage\":{\"@id\":\"https:\\\/\\\/www.iemj.org\\\/es\\\/piattelli-elio-1910-2001\\\/\"},\"wordCount\":742,\"publisher\":{\"@id\":\"https:\\\/\\\/www.iemj.org\\\/es\\\/#organization\"},\"image\":{\"@id\":\"https:\\\/\\\/www.iemj.org\\\/es\\\/piattelli-elio-1910-2001\\\/#primaryimage\"},\"thumbnailUrl\":\"https:\\\/\\\/www.iemj.org\\\/wp-content\\\/uploads\\\/2022\\\/04\\\/Logo-Bio-Piattelli-1.png\",\"keywords\":[\"Italia\"],\"articleSection\":[\"Biograf\u00edas\"],\"inLanguage\":\"es\"},{\"@type\":\"WebPage\",\"@id\":\"https:\\\/\\\/www.iemj.org\\\/es\\\/piattelli-elio-1910-2001\\\/\",\"url\":\"https:\\\/\\\/www.iemj.org\\\/es\\\/piattelli-elio-1910-2001\\\/\",\"name\":\"Piattelli, Elio (1910-2001) - Institut Europ\u00e9en des Musiques Juives\",\"isPartOf\":{\"@id\":\"https:\\\/\\\/www.iemj.org\\\/es\\\/#website\"},\"primaryImageOfPage\":{\"@id\":\"https:\\\/\\\/www.iemj.org\\\/es\\\/piattelli-elio-1910-2001\\\/#primaryimage\"},\"image\":{\"@id\":\"https:\\\/\\\/www.iemj.org\\\/es\\\/piattelli-elio-1910-2001\\\/#primaryimage\"},\"thumbnailUrl\":\"https:\\\/\\\/www.iemj.org\\\/wp-content\\\/uploads\\\/2022\\\/04\\\/Logo-Bio-Piattelli-1.png\",\"datePublished\":\"2022-04-18T16:24:12+00:00\",\"dateModified\":\"2022-04-26T10:46:36+00:00\",\"breadcrumb\":{\"@id\":\"https:\\\/\\\/www.iemj.org\\\/es\\\/piattelli-elio-1910-2001\\\/#breadcrumb\"},\"inLanguage\":\"es\",\"potentialAction\":[{\"@type\":\"ReadAction\",\"target\":[\"https:\\\/\\\/www.iemj.org\\\/es\\\/piattelli-elio-1910-2001\\\/\"]}]},{\"@type\":\"ImageObject\",\"inLanguage\":\"es\",\"@id\":\"https:\\\/\\\/www.iemj.org\\\/es\\\/piattelli-elio-1910-2001\\\/#primaryimage\",\"url\":\"https:\\\/\\\/www.iemj.org\\\/wp-content\\\/uploads\\\/2022\\\/04\\\/Logo-Bio-Piattelli-1.png\",\"contentUrl\":\"https:\\\/\\\/www.iemj.org\\\/wp-content\\\/uploads\\\/2022\\\/04\\\/Logo-Bio-Piattelli-1.png\",\"width\":172,\"height\":218},{\"@type\":\"BreadcrumbList\",\"@id\":\"https:\\\/\\\/www.iemj.org\\\/es\\\/piattelli-elio-1910-2001\\\/#breadcrumb\",\"itemListElement\":[{\"@type\":\"ListItem\",\"position\":1,\"name\":\"Accueil\",\"item\":\"https:\\\/\\\/www.iemj.org\\\/es\\\/\"},{\"@type\":\"ListItem\",\"position\":2,\"name\":\"Piattelli, Elio (1910-2001)\"}]},{\"@type\":\"WebSite\",\"@id\":\"https:\\\/\\\/www.iemj.org\\\/es\\\/#website\",\"url\":\"https:\\\/\\\/www.iemj.org\\\/es\\\/\",\"name\":\"Institut Europ\u00e9en des Musiques Juives\",\"description\":\"Des traditions musicales \u00e0 la port\u00e9e de tous\",\"publisher\":{\"@id\":\"https:\\\/\\\/www.iemj.org\\\/es\\\/#organization\"},\"potentialAction\":[{\"@type\":\"SearchAction\",\"target\":{\"@type\":\"EntryPoint\",\"urlTemplate\":\"https:\\\/\\\/www.iemj.org\\\/es\\\/?s={search_term_string}\"},\"query-input\":{\"@type\":\"PropertyValueSpecification\",\"valueRequired\":true,\"valueName\":\"search_term_string\"}}],\"inLanguage\":\"es\"},{\"@type\":\"Organization\",\"@id\":\"https:\\\/\\\/www.iemj.org\\\/es\\\/#organization\",\"name\":\"Institut Europ\u00e9en des Musiques Juives\",\"url\":\"https:\\\/\\\/www.iemj.org\\\/es\\\/\",\"logo\":{\"@type\":\"ImageObject\",\"inLanguage\":\"es\",\"@id\":\"https:\\\/\\\/www.iemj.org\\\/es\\\/#\\\/schema\\\/logo\\\/image\\\/\",\"url\":\"https:\\\/\\\/www.iemj.org\\\/wp-content\\\/uploads\\\/2021\\\/09\\\/Logo-IEMJ-Paypal.jpg\",\"contentUrl\":\"https:\\\/\\\/www.iemj.org\\\/wp-content\\\/uploads\\\/2021\\\/09\\\/Logo-IEMJ-Paypal.jpg\",\"width\":150,\"height\":50,\"caption\":\"Institut Europ\u00e9en des Musiques Juives\"},\"image\":{\"@id\":\"https:\\\/\\\/www.iemj.org\\\/es\\\/#\\\/schema\\\/logo\\\/image\\\/\"},\"sameAs\":[\"https:\\\/\\\/www.facebook.com\\\/MusiquesJuives\\\/\",\"https:\\\/\\\/www.instagram.com\\\/musiquesjuives\\\/\",\"https:\\\/\\\/www.youtube.com\\\/user\\\/musiquesjuives\"]},{\"@type\":\"Person\",\"@id\":\"https:\\\/\\\/www.iemj.org\\\/es\\\/#\\\/schema\\\/person\\\/358e26c18aca017fcc4cc15437f7279c\",\"name\":\"Jacqueline ROTEN\",\"image\":{\"@type\":\"ImageObject\",\"inLanguage\":\"es\",\"@id\":\"https:\\\/\\\/secure.gravatar.com\\\/avatar\\\/5964256d6c6957de3a3505278957e0fb2a35119ac47ea41827a65301213c810b?s=96&d=mm&r=g\",\"url\":\"https:\\\/\\\/secure.gravatar.com\\\/avatar\\\/5964256d6c6957de3a3505278957e0fb2a35119ac47ea41827a65301213c810b?s=96&d=mm&r=g\",\"contentUrl\":\"https:\\\/\\\/secure.gravatar.com\\\/avatar\\\/5964256d6c6957de3a3505278957e0fb2a35119ac47ea41827a65301213c810b?s=96&d=mm&r=g\",\"caption\":\"Jacqueline ROTEN\"}}]}<\/script>\n<!-- \/ Yoast SEO plugin. -->","yoast_head_json":{"title":"Piattelli, Elio (1910-2001) - Institut Europ\u00e9en des Musiques Juives","robots":{"index":"index","follow":"follow","max-snippet":"max-snippet:-1","max-image-preview":"max-image-preview:large","max-video-preview":"max-video-preview:-1"},"canonical":"https:\/\/www.iemj.org\/es\/piattelli-elio-1910-2001\/","og_locale":"es_ES","og_type":"article","og_title":"Piattelli, Elio (1910-2001) - Institut Europ\u00e9en des Musiques Juives","og_description":"Nacido en Roma el 30 de mayo de 1910, Elio Piattelli se gradu\u00f3 en 1931 en Literatura en la Universidad de Roma con la calificaci\u00f3n m\u00e1s alta \u201c110 sobre 110\u201d.","og_url":"https:\/\/www.iemj.org\/es\/piattelli-elio-1910-2001\/","og_site_name":"Institut Europ\u00e9en des Musiques Juives","article_publisher":"https:\/\/www.facebook.com\/MusiquesJuives\/","article_published_time":"2022-04-18T16:24:12+00:00","article_modified_time":"2022-04-26T10:46:36+00:00","og_image":[{"width":172,"height":218,"url":"https:\/\/www.iemj.org\/wp-content\/uploads\/2022\/04\/Logo-Bio-Piattelli-1.png","type":"image\/png"}],"author":"Jacqueline ROTEN","twitter_card":"summary_large_image","twitter_misc":{"Escrito por":"Jacqueline ROTEN","Tiempo de lectura":"4 minutos"},"schema":{"@context":"https:\/\/schema.org","@graph":[{"@type":"Article","@id":"https:\/\/www.iemj.org\/es\/piattelli-elio-1910-2001\/#article","isPartOf":{"@id":"https:\/\/www.iemj.org\/es\/piattelli-elio-1910-2001\/"},"author":{"name":"Jacqueline ROTEN","@id":"https:\/\/www.iemj.org\/es\/#\/schema\/person\/358e26c18aca017fcc4cc15437f7279c"},"headline":"Piattelli, Elio (1910-2001)","datePublished":"2022-04-18T16:24:12+00:00","dateModified":"2022-04-26T10:46:36+00:00","mainEntityOfPage":{"@id":"https:\/\/www.iemj.org\/es\/piattelli-elio-1910-2001\/"},"wordCount":742,"publisher":{"@id":"https:\/\/www.iemj.org\/es\/#organization"},"image":{"@id":"https:\/\/www.iemj.org\/es\/piattelli-elio-1910-2001\/#primaryimage"},"thumbnailUrl":"https:\/\/www.iemj.org\/wp-content\/uploads\/2022\/04\/Logo-Bio-Piattelli-1.png","keywords":["Italia"],"articleSection":["Biograf\u00edas"],"inLanguage":"es"},{"@type":"WebPage","@id":"https:\/\/www.iemj.org\/es\/piattelli-elio-1910-2001\/","url":"https:\/\/www.iemj.org\/es\/piattelli-elio-1910-2001\/","name":"Piattelli, Elio (1910-2001) - Institut Europ\u00e9en des Musiques Juives","isPartOf":{"@id":"https:\/\/www.iemj.org\/es\/#website"},"primaryImageOfPage":{"@id":"https:\/\/www.iemj.org\/es\/piattelli-elio-1910-2001\/#primaryimage"},"image":{"@id":"https:\/\/www.iemj.org\/es\/piattelli-elio-1910-2001\/#primaryimage"},"thumbnailUrl":"https:\/\/www.iemj.org\/wp-content\/uploads\/2022\/04\/Logo-Bio-Piattelli-1.png","datePublished":"2022-04-18T16:24:12+00:00","dateModified":"2022-04-26T10:46:36+00:00","breadcrumb":{"@id":"https:\/\/www.iemj.org\/es\/piattelli-elio-1910-2001\/#breadcrumb"},"inLanguage":"es","potentialAction":[{"@type":"ReadAction","target":["https:\/\/www.iemj.org\/es\/piattelli-elio-1910-2001\/"]}]},{"@type":"ImageObject","inLanguage":"es","@id":"https:\/\/www.iemj.org\/es\/piattelli-elio-1910-2001\/#primaryimage","url":"https:\/\/www.iemj.org\/wp-content\/uploads\/2022\/04\/Logo-Bio-Piattelli-1.png","contentUrl":"https:\/\/www.iemj.org\/wp-content\/uploads\/2022\/04\/Logo-Bio-Piattelli-1.png","width":172,"height":218},{"@type":"BreadcrumbList","@id":"https:\/\/www.iemj.org\/es\/piattelli-elio-1910-2001\/#breadcrumb","itemListElement":[{"@type":"ListItem","position":1,"name":"Accueil","item":"https:\/\/www.iemj.org\/es\/"},{"@type":"ListItem","position":2,"name":"Piattelli, Elio (1910-2001)"}]},{"@type":"WebSite","@id":"https:\/\/www.iemj.org\/es\/#website","url":"https:\/\/www.iemj.org\/es\/","name":"Institut Europ\u00e9en des Musiques Juives","description":"Des traditions musicales \u00e0 la port\u00e9e de tous","publisher":{"@id":"https:\/\/www.iemj.org\/es\/#organization"},"potentialAction":[{"@type":"SearchAction","target":{"@type":"EntryPoint","urlTemplate":"https:\/\/www.iemj.org\/es\/?s={search_term_string}"},"query-input":{"@type":"PropertyValueSpecification","valueRequired":true,"valueName":"search_term_string"}}],"inLanguage":"es"},{"@type":"Organization","@id":"https:\/\/www.iemj.org\/es\/#organization","name":"Institut Europ\u00e9en des Musiques Juives","url":"https:\/\/www.iemj.org\/es\/","logo":{"@type":"ImageObject","inLanguage":"es","@id":"https:\/\/www.iemj.org\/es\/#\/schema\/logo\/image\/","url":"https:\/\/www.iemj.org\/wp-content\/uploads\/2021\/09\/Logo-IEMJ-Paypal.jpg","contentUrl":"https:\/\/www.iemj.org\/wp-content\/uploads\/2021\/09\/Logo-IEMJ-Paypal.jpg","width":150,"height":50,"caption":"Institut Europ\u00e9en des Musiques Juives"},"image":{"@id":"https:\/\/www.iemj.org\/es\/#\/schema\/logo\/image\/"},"sameAs":["https:\/\/www.facebook.com\/MusiquesJuives\/","https:\/\/www.instagram.com\/musiquesjuives\/","https:\/\/www.youtube.com\/user\/musiquesjuives"]},{"@type":"Person","@id":"https:\/\/www.iemj.org\/es\/#\/schema\/person\/358e26c18aca017fcc4cc15437f7279c","name":"Jacqueline ROTEN","image":{"@type":"ImageObject","inLanguage":"es","@id":"https:\/\/secure.gravatar.com\/avatar\/5964256d6c6957de3a3505278957e0fb2a35119ac47ea41827a65301213c810b?s=96&d=mm&r=g","url":"https:\/\/secure.gravatar.com\/avatar\/5964256d6c6957de3a3505278957e0fb2a35119ac47ea41827a65301213c810b?s=96&d=mm&r=g","contentUrl":"https:\/\/secure.gravatar.com\/avatar\/5964256d6c6957de3a3505278957e0fb2a35119ac47ea41827a65301213c810b?s=96&d=mm&r=g","caption":"Jacqueline ROTEN"}}]}},"_links":{"self":[{"href":"https:\/\/www.iemj.org\/es\/wp-json\/wp\/v2\/posts\/83112","targetHints":{"allow":["GET"]}}],"collection":[{"href":"https:\/\/www.iemj.org\/es\/wp-json\/wp\/v2\/posts"}],"about":[{"href":"https:\/\/www.iemj.org\/es\/wp-json\/wp\/v2\/types\/post"}],"author":[{"embeddable":true,"href":"https:\/\/www.iemj.org\/es\/wp-json\/wp\/v2\/users\/5"}],"replies":[{"embeddable":true,"href":"https:\/\/www.iemj.org\/es\/wp-json\/wp\/v2\/comments?post=83112"}],"version-history":[{"count":0,"href":"https:\/\/www.iemj.org\/es\/wp-json\/wp\/v2\/posts\/83112\/revisions"}],"wp:featuredmedia":[{"embeddable":true,"href":"https:\/\/www.iemj.org\/es\/wp-json\/wp\/v2\/media\/83003"}],"wp:attachment":[{"href":"https:\/\/www.iemj.org\/es\/wp-json\/wp\/v2\/media?parent=83112"}],"wp:term":[{"taxonomy":"category","embeddable":true,"href":"https:\/\/www.iemj.org\/es\/wp-json\/wp\/v2\/categories?post=83112"},{"taxonomy":"post_tag","embeddable":true,"href":"https:\/\/www.iemj.org\/es\/wp-json\/wp\/v2\/tags?post=83112"},{"taxonomy":"technique","embeddable":true,"href":"https:\/\/www.iemj.org\/es\/wp-json\/wp\/v2\/technique?post=83112"},{"taxonomy":"squelettes","embeddable":true,"href":"https:\/\/www.iemj.org\/es\/wp-json\/wp\/v2\/squelettes?post=83112"},{"taxonomy":"sujet","embeddable":true,"href":"https:\/\/www.iemj.org\/es\/wp-json\/wp\/v2\/sujet?post=83112"},{"taxonomy":"formation","embeddable":true,"href":"https:\/\/www.iemj.org\/es\/wp-json\/wp\/v2\/formation?post=83112"},{"taxonomy":"genre","embeddable":true,"href":"https:\/\/www.iemj.org\/es\/wp-json\/wp\/v2\/genre?post=83112"},{"taxonomy":"fonds","embeddable":true,"href":"https:\/\/www.iemj.org\/es\/wp-json\/wp\/v2\/fonds?post=83112"},{"taxonomy":"tradition","embeddable":true,"href":"https:\/\/www.iemj.org\/es\/wp-json\/wp\/v2\/tradition?post=83112"},{"taxonomy":"type-de-contenu","embeddable":true,"href":"https:\/\/www.iemj.org\/es\/wp-json\/wp\/v2\/type-de-contenu?post=83112"},{"taxonomy":"interprete-compositeur","embeddable":true,"href":"https:\/\/www.iemj.org\/es\/wp-json\/wp\/v2\/interprete-compositeur?post=83112"},{"taxonomy":"frise","embeddable":true,"href":"https:\/\/www.iemj.org\/es\/wp-json\/wp\/v2\/frise?post=83112"},{"taxonomy":"type-devenement","embeddable":true,"href":"https:\/\/www.iemj.org\/es\/wp-json\/wp\/v2\/type-devenement?post=83112"},{"taxonomy":"tableaux-liens-externes","embeddable":true,"href":"https:\/\/www.iemj.org\/es\/wp-json\/wp\/v2\/tableaux-liens-externes?post=83112"}],"curies":[{"name":"wp","href":"https:\/\/api.w.org\/{rel}","templated":true}]}}