{"id":83192,"date":"2019-05-09T09:18:00","date_gmt":"2019-05-09T07:18:00","guid":{"rendered":"https:\/\/www.iemj.org\/renaissance-dune-nation\/"},"modified":"2025-05-27T11:35:31","modified_gmt":"2025-05-27T09:35:31","slug":"renaissance-dune-nation","status":"publish","type":"post","link":"https:\/\/www.iemj.org\/es\/renaissance-dune-nation\/","title":{"rendered":"Renacimiento de una Naci\u00f3n"},"content":{"rendered":"<p class=\"Standard\" style=\"text-align: justify; text-justify: inter-ideograph;\"><strong><span lang=\"ES\">Este disco vinilo 33 giros, prologado por Joseph Kessel, de la Academia Francesa, e ilustrado por Marc Chagall, fue realizado por motivo del 25e aniversario de la creaci\u00f3n del Estado de Israel.<\/span><\/strong><\/p>\n<\/p>\n<p><!--more--><\/p>\n<p>Su foleeto, bien documentado, consta de fotograf\u00edas de antolog\u00eda y de textos originales de las declaraciones de David Ben Gourion, Golda Meir, Asher Ben Natan, y los mensajes de Jacob Kaplan, Gran Rab\u00ed de Francia, Ren\u00e9 Cassin, Premio Nobel de la Paz&#8230;<\/p>\n<p>El disco (ver Calam\u00e9o m\u00e1s abajo) contiene los testimonios sonoros siguientes:<\/p>\n<ul>\n<li class=\"Standard\" style=\"text-align: justify; text-justify: inter-ideograph;\"><span lang=\"ES\">La grabaci\u00f3n original de la sesi\u00f3n de votaci\u00f3n de la ONU, el 29 de noviembre de 1947, creando as\u00ed el Estado de Israel,<\/span><\/li>\n<li>La proclamaci\u00f3n de Independencie declarada por David Ben Gourion, el 14 de mayo de 1948,-El mensaje de Golda Meir (primer ministro de Israel),<\/li>\n<li>La declaraci\u00f3n Asher Ben Natan (embajador de Israel en Par\u00eds),<\/li>\n<li>La \u00ab Hatikvah \u00bb el himno nacional israel\u00ed, cantada por los miembros del Consejo Nacional-La canci\u00f3n \u00ab Yeroushala\u00efm Shel Zahav \u00bb (Jerusal\u00e9n de oro) de Naomi Shemer, interpretada por\u00a0 el Coro de la Gran Sinagoga de Par\u00eds.<\/li>\n<\/ul>\n<p><img fetchpriority=\"high\" decoding=\"async\" class=\"wp-image-83533 aligncenter\" src=\"https:\/\/www.iemj.org\/wp-content\/uploads\/2019\/05\/doc_3_renaissance_3.jpg\" alt=\"doc_3_renaissance_3.jpg\" width=\"500\" height=\"377\" align=\"center\" srcset=\"https:\/\/www.iemj.org\/wp-content\/uploads\/2019\/05\/doc_3_renaissance_3.jpg 561w, https:\/\/www.iemj.org\/wp-content\/uploads\/2019\/05\/doc_3_renaissance_3-300x227.jpg 300w\" sizes=\"(max-width: 500px) 100vw, 500px\" \/><\/p>\n<p class=\"Standard\" style=\"text-align: justify; text-justify: inter-ideograph;\">El deseo de un Estado jud\u00edo se hace realidad en 1897, en Basilea en Suiza con el primer Congreso Sionista dirigido por Theodore Herzl.<\/p>\n<p class=\"Standard\" style=\"text-align: justify; text-justify: inter-ideograph;\"><span lang=\"ES\">Herzl confesar\u00e1 m\u00e1s tarde, respecto a ese congreso: \u00ab En Basilea, he fundado el Estado jud\u00edo \u2026 si lo quieren, no se tratar\u00e1 s\u00f3lo de un sue\u00f1o. \u00bb<\/span><\/p>\n<p><img decoding=\"async\" class=\"wp-image-83534 alignright\" src=\"https:\/\/www.iemj.org\/wp-content\/uploads\/2019\/05\/doc_2_renaissance2.jpg\" alt=\"doc_2_renaissance2.jpg\" width=\"397\" height=\"374\" align=\"center\" srcset=\"https:\/\/www.iemj.org\/wp-content\/uploads\/2019\/05\/doc_2_renaissance2.jpg 450w, https:\/\/www.iemj.org\/wp-content\/uploads\/2019\/05\/doc_2_renaissance2-300x283.jpg 300w\" sizes=\"(max-width: 397px) 100vw, 397px\" \/><\/p>\n<p class=\"Standard\" style=\"text-align: justify; text-justify: inter-ideograph;\"><span lang=\"ES\">Tras la declaraci\u00f3n Balfour, en 1917, en la que el primer ministro de relaciones exteriores ingl\u00e9s, Lord Arthur James Balfour, recopnoci\u00f3 el derecho del pueblo jud\u00edo a un hogar nacional en Palestina, la Sociedad de las Naciones estableci\u00f3 en 1922 el mandate brit\u00e1nico.<\/span><\/p>\n<p class=\"Standard\" style=\"text-align: justify; text-justify: inter-ideograph;\"><span lang=\"ES\">Ese mandato tiene como objetivo el establecimiento en Palestina de un \u00ab hogar nacional para el pueblo jud\u00edo \u00bb basado en el v\u00ednculo hist\u00f3rico que existe entre el pueblo jud\u00edo y Palestina.<\/span><\/p>\n<p class=\"Standard\" style=\"text-align: justify; text-justify: inter-ideograph;\"><span lang=\"ES\">Dos a\u00f1os despu\u00e9s de la Segunda Guerra Mundial en la que seis millones de jud\u00edos fueron asesinados, la Naciones Unidas (O.N.U) votaron, el 29 de noviembre de 1947, a favor de la creaci\u00f3n de un Estado jud\u00edo en Palestina, con 33 pa\u00edses favorables.<\/span><\/p>\n<p>El 14 de mayo de 1948, el primer ministro israel\u00ed, David Ben Gourion proclam\u00f3 la independencia del Estado de Israel.<\/p>\n<p><img decoding=\"async\" class=\" aligncenter size-full wp-image-83535\" src=\"https:\/\/www.iemj.org\/wp-content\/uploads\/2019\/05\/doc_1_renaissance_1.jpg\" alt=\"doc_1_renaissance_1.jpg\" width=\"778\" height=\"424\" align=\"center\" srcset=\"https:\/\/www.iemj.org\/wp-content\/uploads\/2019\/05\/doc_1_renaissance_1.jpg 778w, https:\/\/www.iemj.org\/wp-content\/uploads\/2019\/05\/doc_1_renaissance_1-300x163.jpg 300w, https:\/\/www.iemj.org\/wp-content\/uploads\/2019\/05\/doc_1_renaissance_1-768x419.jpg 768w, https:\/\/www.iemj.org\/wp-content\/uploads\/2019\/05\/doc_1_renaissance_1-600x327.jpg 600w\" sizes=\"(max-width: 778px) 100vw, 778px\" \/><\/p>\n<div style=\"text-align: center;\">\n<div style=\"margin: 8px 0px 4px;\"><a href=\"https:\/\/www.calameo.com\/books\/00461274952a2063ebed0\" target=\"_blank\" rel=\"noopener noreferrer\">Renacimiento de una Naci\u00f3n (folleto)<\/a><\/div>\n<p><iframe style=\"margin: 0 auto;\" src=\"\/\/v.calameo.com\/?bkcode=00461274952a2063ebed0&amp;mode=mini\" width=\"480\" height=\"300\" frameborder=\"0\" scrolling=\"no\" allowfullscreen=\"allowfullscreen\"><\/iframe><\/p>\n<div style=\"margin: 4px 0px 8px;\"><a href=\"http:\/\/www.calameo.com\/\" target=\"_blank\" rel=\"noopener noreferrer\">Leer m\u00e1s publicaciones en Calam\u00e9o<\/a><\/div>\n<\/div>\n<p><a href=\"https:\/\/www.iemj.org\/histoire-de-la-hatikva-lhymne-national-israelien\/\"><img loading=\"lazy\" decoding=\"async\" class=\"wp-image-83532 alignleft\" src=\"https:\/\/www.iemj.org\/wp-content\/uploads\/2016\/01\/emission_de_radio.jpg\" alt=\"emission_de_radio.jpg\" width=\"60\" height=\"53\" align=\"left\" \/>Escuchar el programa de radio sobre la Hatikva, presentado por Herv\u00e9 Roten<\/a><\/p>\n\n<div class=\"wp-block-image\">\n<figure class=\"aligncenter size-large\"><img loading=\"lazy\" decoding=\"async\" width=\"1024\" height=\"133\" src=\"https:\/\/www.iemj.org\/wp-content\/uploads\/2024\/03\/AUDIO-PLAYER-1024x133.png\" alt=\"\" class=\"wp-image-110610\" srcset=\"https:\/\/www.iemj.org\/wp-content\/uploads\/2024\/03\/AUDIO-PLAYER-1024x133.png 1024w, https:\/\/www.iemj.org\/wp-content\/uploads\/2024\/03\/AUDIO-PLAYER-300x39.png 300w, https:\/\/www.iemj.org\/wp-content\/uploads\/2024\/03\/AUDIO-PLAYER-768x100.png 768w, https:\/\/www.iemj.org\/wp-content\/uploads\/2024\/03\/AUDIO-PLAYER-600x78.png 600w, https:\/\/www.iemj.org\/wp-content\/uploads\/2024\/03\/AUDIO-PLAYER.png 1210w\" sizes=\"(max-width: 1024px) 100vw, 1024px\" \/><\/figure>\n<\/div>\n\n\n<h2 class=\"wp-block-heading\"><\/h2>\n\n\n\n<div class=\"wp-block-file\"><a id=\"wp-block-file--media-ac345cd4-bb57-4561-ab3f-4ff2d1d2a571\" href=\"https:\/\/www.iemj.org\/wp-content\/uploads\/2019\/05\/discours_de_mme_golda_meir_premier_ministre_d_israe_l__t.mp3\">Discours de Mme Golda Meir (premier ministre d\u2019Isra\u00ebl)<\/a><\/div>\n\n\n\n<div class=\"wp-block-file\"><a id=\"wp-block-file--media-92703c7b-bdbd-4600-8e63-cb78d6536c6f\" href=\"https:\/\/www.iemj.org\/wp-content\/uploads\/2019\/05\/proclamation_d_independance_prononcee_par_mr_david_ben_gourion_le_14_mai_1948_t.mp3\">Proclamation d\u2019Ind\u00e9pendance prononc\u00e9e par Mr David Ben Gourion, le 14 mai 1948<\/a><\/div>\n\n\n\n<div class=\"wp-block-file\"><a id=\"wp-block-file--media-91535afe-2f0e-49f5-8f61-a69a35abc46c\" href=\"https:\/\/www.iemj.org\/wp-content\/uploads\/2019\/05\/yeroushalaim_shel_zahav_-_choeur_de_la_grande_synagogue_de_paris_t.mp3\">Yeroushala\u00efm Shel Zahav &#8211; Choeur de la Grande Synagogue de Paris<\/a><\/div>\n","protected":false},"excerpt":{"rendered":"<p>Este disco vinilo 33 giros, prologado por Joseph Kessel, de la Academia Francesa, e ilustrado por Marc Chagall, fue realizado por motivo del 25e aniversario de la creaci\u00f3n del Estado<\/p>\n","protected":false},"author":1052,"featured_media":83193,"comment_status":"closed","ping_status":"open","sticky":false,"template":"","format":"standard","meta":{"_acf_changed":false,"footnotes":""},"categories":[1566],"tags":[],"technique":[],"squelettes":[],"sujet":[],"formation":[],"genre":[],"fonds":[],"tradition":[],"type-de-contenu":[],"interprete-compositeur":[],"frise":[],"type-devenement":[],"tableaux-liens-externes":[],"class_list":["post-83192","post","type-post","status-publish","format-standard","has-post-thumbnail","hentry","category-imprescindibles-es"],"acf":[],"yoast_head":"<!-- This site is optimized with the Yoast SEO plugin v27.3 - https:\/\/yoast.com\/product\/yoast-seo-wordpress\/ -->\n<title>Renacimiento de una Naci\u00f3n - Institut Europ\u00e9en des Musiques Juives<\/title>\n<meta name=\"robots\" content=\"index, follow, max-snippet:-1, max-image-preview:large, max-video-preview:-1\" \/>\n<link rel=\"canonical\" href=\"https:\/\/www.iemj.org\/es\/renaissance-dune-nation\/\" \/>\n<meta property=\"og:locale\" content=\"es_ES\" \/>\n<meta property=\"og:type\" content=\"article\" \/>\n<meta property=\"og:title\" content=\"Renacimiento de una Naci\u00f3n - Institut Europ\u00e9en des Musiques Juives\" \/>\n<meta property=\"og:description\" content=\"Este disco vinilo 33 giros, prologado por Joseph Kessel, de la Academia Francesa, e ilustrado por Marc Chagall, fue realizado por motivo del 25e aniversario de la creaci\u00f3n del Estado\" \/>\n<meta property=\"og:url\" content=\"https:\/\/www.iemj.org\/es\/renaissance-dune-nation\/\" \/>\n<meta property=\"og:site_name\" content=\"Institut Europ\u00e9en des Musiques Juives\" \/>\n<meta property=\"article:publisher\" content=\"https:\/\/www.facebook.com\/MusiquesJuives\/\" \/>\n<meta property=\"article:published_time\" content=\"2019-05-09T07:18:00+00:00\" \/>\n<meta property=\"article:modified_time\" content=\"2025-05-27T09:35:31+00:00\" \/>\n<meta property=\"og:image\" content=\"https:\/\/www.iemj.org\/wp-content\/uploads\/2019\/05\/arton4121-e1618590438966.jpg\" \/>\n\t<meta property=\"og:image:width\" content=\"350\" \/>\n\t<meta property=\"og:image:height\" content=\"361\" \/>\n\t<meta property=\"og:image:type\" content=\"image\/jpeg\" \/>\n<meta name=\"author\" content=\"Lea Couderc\" \/>\n<meta name=\"twitter:card\" content=\"summary_large_image\" \/>\n<meta name=\"twitter:label1\" content=\"Escrito por\" \/>\n\t<meta name=\"twitter:data1\" content=\"Lea Couderc\" \/>\n\t<meta name=\"twitter:label2\" content=\"Tiempo de lectura\" \/>\n\t<meta name=\"twitter:data2\" content=\"4 minutos\" \/>\n<script type=\"application\/ld+json\" class=\"yoast-schema-graph\">{\"@context\":\"https:\\\/\\\/schema.org\",\"@graph\":[{\"@type\":\"Article\",\"@id\":\"https:\\\/\\\/www.iemj.org\\\/es\\\/renaissance-dune-nation\\\/#article\",\"isPartOf\":{\"@id\":\"https:\\\/\\\/www.iemj.org\\\/es\\\/renaissance-dune-nation\\\/\"},\"author\":{\"name\":\"Lea Couderc\",\"@id\":\"https:\\\/\\\/www.iemj.org\\\/es\\\/#\\\/schema\\\/person\\\/e2ad57f2c4be119c7ed8ab79036807a9\"},\"headline\":\"Renacimiento de una Naci\u00f3n\",\"datePublished\":\"2019-05-09T07:18:00+00:00\",\"dateModified\":\"2025-05-27T09:35:31+00:00\",\"mainEntityOfPage\":{\"@id\":\"https:\\\/\\\/www.iemj.org\\\/es\\\/renaissance-dune-nation\\\/\"},\"wordCount\":448,\"publisher\":{\"@id\":\"https:\\\/\\\/www.iemj.org\\\/es\\\/#organization\"},\"image\":{\"@id\":\"https:\\\/\\\/www.iemj.org\\\/es\\\/renaissance-dune-nation\\\/#primaryimage\"},\"thumbnailUrl\":\"https:\\\/\\\/www.iemj.org\\\/wp-content\\\/uploads\\\/2019\\\/05\\\/arton4121-e1618590438966.jpg\",\"articleSection\":[\"Imprescindibles\"],\"inLanguage\":\"es\"},{\"@type\":\"WebPage\",\"@id\":\"https:\\\/\\\/www.iemj.org\\\/es\\\/renaissance-dune-nation\\\/\",\"url\":\"https:\\\/\\\/www.iemj.org\\\/es\\\/renaissance-dune-nation\\\/\",\"name\":\"Renacimiento de una Naci\u00f3n - Institut Europ\u00e9en des Musiques Juives\",\"isPartOf\":{\"@id\":\"https:\\\/\\\/www.iemj.org\\\/es\\\/#website\"},\"primaryImageOfPage\":{\"@id\":\"https:\\\/\\\/www.iemj.org\\\/es\\\/renaissance-dune-nation\\\/#primaryimage\"},\"image\":{\"@id\":\"https:\\\/\\\/www.iemj.org\\\/es\\\/renaissance-dune-nation\\\/#primaryimage\"},\"thumbnailUrl\":\"https:\\\/\\\/www.iemj.org\\\/wp-content\\\/uploads\\\/2019\\\/05\\\/arton4121-e1618590438966.jpg\",\"datePublished\":\"2019-05-09T07:18:00+00:00\",\"dateModified\":\"2025-05-27T09:35:31+00:00\",\"breadcrumb\":{\"@id\":\"https:\\\/\\\/www.iemj.org\\\/es\\\/renaissance-dune-nation\\\/#breadcrumb\"},\"inLanguage\":\"es\",\"potentialAction\":[{\"@type\":\"ReadAction\",\"target\":[\"https:\\\/\\\/www.iemj.org\\\/es\\\/renaissance-dune-nation\\\/\"]}]},{\"@type\":\"ImageObject\",\"inLanguage\":\"es\",\"@id\":\"https:\\\/\\\/www.iemj.org\\\/es\\\/renaissance-dune-nation\\\/#primaryimage\",\"url\":\"https:\\\/\\\/www.iemj.org\\\/wp-content\\\/uploads\\\/2019\\\/05\\\/arton4121-e1618590438966.jpg\",\"contentUrl\":\"https:\\\/\\\/www.iemj.org\\\/wp-content\\\/uploads\\\/2019\\\/05\\\/arton4121-e1618590438966.jpg\",\"width\":350,\"height\":361},{\"@type\":\"BreadcrumbList\",\"@id\":\"https:\\\/\\\/www.iemj.org\\\/es\\\/renaissance-dune-nation\\\/#breadcrumb\",\"itemListElement\":[{\"@type\":\"ListItem\",\"position\":1,\"name\":\"Accueil\",\"item\":\"https:\\\/\\\/www.iemj.org\\\/es\\\/\"},{\"@type\":\"ListItem\",\"position\":2,\"name\":\"Renacimiento de una Naci\u00f3n\"}]},{\"@type\":\"WebSite\",\"@id\":\"https:\\\/\\\/www.iemj.org\\\/es\\\/#website\",\"url\":\"https:\\\/\\\/www.iemj.org\\\/es\\\/\",\"name\":\"Institut Europ\u00e9en des Musiques Juives\",\"description\":\"Des traditions musicales \u00e0 la port\u00e9e de tous\",\"publisher\":{\"@id\":\"https:\\\/\\\/www.iemj.org\\\/es\\\/#organization\"},\"potentialAction\":[{\"@type\":\"SearchAction\",\"target\":{\"@type\":\"EntryPoint\",\"urlTemplate\":\"https:\\\/\\\/www.iemj.org\\\/es\\\/?s={search_term_string}\"},\"query-input\":{\"@type\":\"PropertyValueSpecification\",\"valueRequired\":true,\"valueName\":\"search_term_string\"}}],\"inLanguage\":\"es\"},{\"@type\":\"Organization\",\"@id\":\"https:\\\/\\\/www.iemj.org\\\/es\\\/#organization\",\"name\":\"Institut Europ\u00e9en des Musiques Juives\",\"url\":\"https:\\\/\\\/www.iemj.org\\\/es\\\/\",\"logo\":{\"@type\":\"ImageObject\",\"inLanguage\":\"es\",\"@id\":\"https:\\\/\\\/www.iemj.org\\\/es\\\/#\\\/schema\\\/logo\\\/image\\\/\",\"url\":\"https:\\\/\\\/www.iemj.org\\\/wp-content\\\/uploads\\\/2021\\\/09\\\/Logo-IEMJ-Paypal.jpg\",\"contentUrl\":\"https:\\\/\\\/www.iemj.org\\\/wp-content\\\/uploads\\\/2021\\\/09\\\/Logo-IEMJ-Paypal.jpg\",\"width\":150,\"height\":50,\"caption\":\"Institut Europ\u00e9en des Musiques Juives\"},\"image\":{\"@id\":\"https:\\\/\\\/www.iemj.org\\\/es\\\/#\\\/schema\\\/logo\\\/image\\\/\"},\"sameAs\":[\"https:\\\/\\\/www.facebook.com\\\/MusiquesJuives\\\/\",\"https:\\\/\\\/www.instagram.com\\\/musiquesjuives\\\/\",\"https:\\\/\\\/www.youtube.com\\\/user\\\/musiquesjuives\"]},{\"@type\":\"Person\",\"@id\":\"https:\\\/\\\/www.iemj.org\\\/es\\\/#\\\/schema\\\/person\\\/e2ad57f2c4be119c7ed8ab79036807a9\",\"name\":\"Lea Couderc\",\"image\":{\"@type\":\"ImageObject\",\"inLanguage\":\"es\",\"@id\":\"https:\\\/\\\/secure.gravatar.com\\\/avatar\\\/46ee021475d60aeff17a7e490b79dea5a5684bb392ab7fd1494027411df8ba23?s=96&d=mm&r=g\",\"url\":\"https:\\\/\\\/secure.gravatar.com\\\/avatar\\\/46ee021475d60aeff17a7e490b79dea5a5684bb392ab7fd1494027411df8ba23?s=96&d=mm&r=g\",\"contentUrl\":\"https:\\\/\\\/secure.gravatar.com\\\/avatar\\\/46ee021475d60aeff17a7e490b79dea5a5684bb392ab7fd1494027411df8ba23?s=96&d=mm&r=g\",\"caption\":\"Lea Couderc\"}}]}<\/script>\n<!-- \/ Yoast SEO plugin. -->","yoast_head_json":{"title":"Renacimiento de una Naci\u00f3n - Institut Europ\u00e9en des Musiques Juives","robots":{"index":"index","follow":"follow","max-snippet":"max-snippet:-1","max-image-preview":"max-image-preview:large","max-video-preview":"max-video-preview:-1"},"canonical":"https:\/\/www.iemj.org\/es\/renaissance-dune-nation\/","og_locale":"es_ES","og_type":"article","og_title":"Renacimiento de una Naci\u00f3n - Institut Europ\u00e9en des Musiques Juives","og_description":"Este disco vinilo 33 giros, prologado por Joseph Kessel, de la Academia Francesa, e ilustrado por Marc Chagall, fue realizado por motivo del 25e aniversario de la creaci\u00f3n del Estado","og_url":"https:\/\/www.iemj.org\/es\/renaissance-dune-nation\/","og_site_name":"Institut Europ\u00e9en des Musiques Juives","article_publisher":"https:\/\/www.facebook.com\/MusiquesJuives\/","article_published_time":"2019-05-09T07:18:00+00:00","article_modified_time":"2025-05-27T09:35:31+00:00","og_image":[{"width":350,"height":361,"url":"https:\/\/www.iemj.org\/wp-content\/uploads\/2019\/05\/arton4121-e1618590438966.jpg","type":"image\/jpeg"}],"author":"Lea Couderc","twitter_card":"summary_large_image","twitter_misc":{"Escrito por":"Lea Couderc","Tiempo de lectura":"4 minutos"},"schema":{"@context":"https:\/\/schema.org","@graph":[{"@type":"Article","@id":"https:\/\/www.iemj.org\/es\/renaissance-dune-nation\/#article","isPartOf":{"@id":"https:\/\/www.iemj.org\/es\/renaissance-dune-nation\/"},"author":{"name":"Lea Couderc","@id":"https:\/\/www.iemj.org\/es\/#\/schema\/person\/e2ad57f2c4be119c7ed8ab79036807a9"},"headline":"Renacimiento de una Naci\u00f3n","datePublished":"2019-05-09T07:18:00+00:00","dateModified":"2025-05-27T09:35:31+00:00","mainEntityOfPage":{"@id":"https:\/\/www.iemj.org\/es\/renaissance-dune-nation\/"},"wordCount":448,"publisher":{"@id":"https:\/\/www.iemj.org\/es\/#organization"},"image":{"@id":"https:\/\/www.iemj.org\/es\/renaissance-dune-nation\/#primaryimage"},"thumbnailUrl":"https:\/\/www.iemj.org\/wp-content\/uploads\/2019\/05\/arton4121-e1618590438966.jpg","articleSection":["Imprescindibles"],"inLanguage":"es"},{"@type":"WebPage","@id":"https:\/\/www.iemj.org\/es\/renaissance-dune-nation\/","url":"https:\/\/www.iemj.org\/es\/renaissance-dune-nation\/","name":"Renacimiento de una Naci\u00f3n - Institut Europ\u00e9en des Musiques Juives","isPartOf":{"@id":"https:\/\/www.iemj.org\/es\/#website"},"primaryImageOfPage":{"@id":"https:\/\/www.iemj.org\/es\/renaissance-dune-nation\/#primaryimage"},"image":{"@id":"https:\/\/www.iemj.org\/es\/renaissance-dune-nation\/#primaryimage"},"thumbnailUrl":"https:\/\/www.iemj.org\/wp-content\/uploads\/2019\/05\/arton4121-e1618590438966.jpg","datePublished":"2019-05-09T07:18:00+00:00","dateModified":"2025-05-27T09:35:31+00:00","breadcrumb":{"@id":"https:\/\/www.iemj.org\/es\/renaissance-dune-nation\/#breadcrumb"},"inLanguage":"es","potentialAction":[{"@type":"ReadAction","target":["https:\/\/www.iemj.org\/es\/renaissance-dune-nation\/"]}]},{"@type":"ImageObject","inLanguage":"es","@id":"https:\/\/www.iemj.org\/es\/renaissance-dune-nation\/#primaryimage","url":"https:\/\/www.iemj.org\/wp-content\/uploads\/2019\/05\/arton4121-e1618590438966.jpg","contentUrl":"https:\/\/www.iemj.org\/wp-content\/uploads\/2019\/05\/arton4121-e1618590438966.jpg","width":350,"height":361},{"@type":"BreadcrumbList","@id":"https:\/\/www.iemj.org\/es\/renaissance-dune-nation\/#breadcrumb","itemListElement":[{"@type":"ListItem","position":1,"name":"Accueil","item":"https:\/\/www.iemj.org\/es\/"},{"@type":"ListItem","position":2,"name":"Renacimiento de una Naci\u00f3n"}]},{"@type":"WebSite","@id":"https:\/\/www.iemj.org\/es\/#website","url":"https:\/\/www.iemj.org\/es\/","name":"Institut Europ\u00e9en des Musiques Juives","description":"Des traditions musicales \u00e0 la port\u00e9e de tous","publisher":{"@id":"https:\/\/www.iemj.org\/es\/#organization"},"potentialAction":[{"@type":"SearchAction","target":{"@type":"EntryPoint","urlTemplate":"https:\/\/www.iemj.org\/es\/?s={search_term_string}"},"query-input":{"@type":"PropertyValueSpecification","valueRequired":true,"valueName":"search_term_string"}}],"inLanguage":"es"},{"@type":"Organization","@id":"https:\/\/www.iemj.org\/es\/#organization","name":"Institut Europ\u00e9en des Musiques Juives","url":"https:\/\/www.iemj.org\/es\/","logo":{"@type":"ImageObject","inLanguage":"es","@id":"https:\/\/www.iemj.org\/es\/#\/schema\/logo\/image\/","url":"https:\/\/www.iemj.org\/wp-content\/uploads\/2021\/09\/Logo-IEMJ-Paypal.jpg","contentUrl":"https:\/\/www.iemj.org\/wp-content\/uploads\/2021\/09\/Logo-IEMJ-Paypal.jpg","width":150,"height":50,"caption":"Institut Europ\u00e9en des Musiques Juives"},"image":{"@id":"https:\/\/www.iemj.org\/es\/#\/schema\/logo\/image\/"},"sameAs":["https:\/\/www.facebook.com\/MusiquesJuives\/","https:\/\/www.instagram.com\/musiquesjuives\/","https:\/\/www.youtube.com\/user\/musiquesjuives"]},{"@type":"Person","@id":"https:\/\/www.iemj.org\/es\/#\/schema\/person\/e2ad57f2c4be119c7ed8ab79036807a9","name":"Lea Couderc","image":{"@type":"ImageObject","inLanguage":"es","@id":"https:\/\/secure.gravatar.com\/avatar\/46ee021475d60aeff17a7e490b79dea5a5684bb392ab7fd1494027411df8ba23?s=96&d=mm&r=g","url":"https:\/\/secure.gravatar.com\/avatar\/46ee021475d60aeff17a7e490b79dea5a5684bb392ab7fd1494027411df8ba23?s=96&d=mm&r=g","contentUrl":"https:\/\/secure.gravatar.com\/avatar\/46ee021475d60aeff17a7e490b79dea5a5684bb392ab7fd1494027411df8ba23?s=96&d=mm&r=g","caption":"Lea Couderc"}}]}},"_links":{"self":[{"href":"https:\/\/www.iemj.org\/es\/wp-json\/wp\/v2\/posts\/83192","targetHints":{"allow":["GET"]}}],"collection":[{"href":"https:\/\/www.iemj.org\/es\/wp-json\/wp\/v2\/posts"}],"about":[{"href":"https:\/\/www.iemj.org\/es\/wp-json\/wp\/v2\/types\/post"}],"author":[{"embeddable":true,"href":"https:\/\/www.iemj.org\/es\/wp-json\/wp\/v2\/users\/1052"}],"replies":[{"embeddable":true,"href":"https:\/\/www.iemj.org\/es\/wp-json\/wp\/v2\/comments?post=83192"}],"version-history":[{"count":0,"href":"https:\/\/www.iemj.org\/es\/wp-json\/wp\/v2\/posts\/83192\/revisions"}],"wp:featuredmedia":[{"embeddable":true,"href":"https:\/\/www.iemj.org\/es\/wp-json\/wp\/v2\/media\/83193"}],"wp:attachment":[{"href":"https:\/\/www.iemj.org\/es\/wp-json\/wp\/v2\/media?parent=83192"}],"wp:term":[{"taxonomy":"category","embeddable":true,"href":"https:\/\/www.iemj.org\/es\/wp-json\/wp\/v2\/categories?post=83192"},{"taxonomy":"post_tag","embeddable":true,"href":"https:\/\/www.iemj.org\/es\/wp-json\/wp\/v2\/tags?post=83192"},{"taxonomy":"technique","embeddable":true,"href":"https:\/\/www.iemj.org\/es\/wp-json\/wp\/v2\/technique?post=83192"},{"taxonomy":"squelettes","embeddable":true,"href":"https:\/\/www.iemj.org\/es\/wp-json\/wp\/v2\/squelettes?post=83192"},{"taxonomy":"sujet","embeddable":true,"href":"https:\/\/www.iemj.org\/es\/wp-json\/wp\/v2\/sujet?post=83192"},{"taxonomy":"formation","embeddable":true,"href":"https:\/\/www.iemj.org\/es\/wp-json\/wp\/v2\/formation?post=83192"},{"taxonomy":"genre","embeddable":true,"href":"https:\/\/www.iemj.org\/es\/wp-json\/wp\/v2\/genre?post=83192"},{"taxonomy":"fonds","embeddable":true,"href":"https:\/\/www.iemj.org\/es\/wp-json\/wp\/v2\/fonds?post=83192"},{"taxonomy":"tradition","embeddable":true,"href":"https:\/\/www.iemj.org\/es\/wp-json\/wp\/v2\/tradition?post=83192"},{"taxonomy":"type-de-contenu","embeddable":true,"href":"https:\/\/www.iemj.org\/es\/wp-json\/wp\/v2\/type-de-contenu?post=83192"},{"taxonomy":"interprete-compositeur","embeddable":true,"href":"https:\/\/www.iemj.org\/es\/wp-json\/wp\/v2\/interprete-compositeur?post=83192"},{"taxonomy":"frise","embeddable":true,"href":"https:\/\/www.iemj.org\/es\/wp-json\/wp\/v2\/frise?post=83192"},{"taxonomy":"type-devenement","embeddable":true,"href":"https:\/\/www.iemj.org\/es\/wp-json\/wp\/v2\/type-devenement?post=83192"},{"taxonomy":"tableaux-liens-externes","embeddable":true,"href":"https:\/\/www.iemj.org\/es\/wp-json\/wp\/v2\/tableaux-liens-externes?post=83192"}],"curies":[{"name":"wp","href":"https:\/\/api.w.org\/{rel}","templated":true}]}}