{"id":83281,"date":"2022-02-17T11:14:41","date_gmt":"2022-02-17T10:14:41","guid":{"rendered":"https:\/\/www.iemj.org\/le-journal-danne-frank\/"},"modified":"2025-10-19T18:16:12","modified_gmt":"2025-10-19T16:16:12","slug":"le-journal-danne-frank","status":"publish","type":"post","link":"https:\/\/www.iemj.org\/es\/le-journal-danne-frank\/","title":{"rendered":"El diario de Anne Frank"},"content":{"rendered":"<p class=\"Standard\" style=\"text-align: justify; text-justify: inter-ideograph;\"><b><span lang=\"ES\">Se propone la escucha integral de este disco en la lista de reproducci\u00f3n a continuaci\u00f3n<\/span><\/b><\/p>\n<p class=\"Standard\" style=\"text-align: justify; text-justify: inter-ideograph;\"><b><span lang=\"ES\">St\u00e9phane Dykman<\/span><\/b><span lang=\"ES\">, productor, pidi\u00f3 a la pianista y compositora <b>Carine GUTLERNER<\/b> que le presentara propuestas de m\u00fasica original, que se tocar\u00eda mayoritariamente con el viol\u00edn, con desarrollos para una formaci\u00f3n correspondiente a una orquesta de m\u00fasica de c\u00e1mara: \u201cO\u00eda una m\u00fasica sencialla y profunda, tocada por un m\u00e1ximo de diez o quince m\u00fasicos.\u201d Ya conoc\u00eda a Carine Gutlerner y sab\u00eda que pose\u00eda todas las cualidades necesarias para escribir una partitura potente y mel\u00f3dica al mismo tiempo. La m\u00fasica fue elaborada en un plazo de 12 meses (lo que es inusual en el \u00e1mbito del cine) y es \u00edntimamente parte de la adaptaci\u00f3n en s\u00ed. Distintas piezas influenciaron el montaje de secuencias enteras, desempe\u00f1ando a veces un papel narrativo importante. Era importante primero para nosotros grabar la m\u00fasica, simplemente por si misma, independientemente de las necesitades de la pel\u00edcula, cada pieza en su totalidad, en su integridad. Las grabaciones espec\u00edficas a la pel\u00edcula fueron realizadas en segundo lugar.<\/span><\/p>\n<p class=\"Standard\" style=\"text-align: justify; text-justify: inter-ideograph;\"><span lang=\"ES\">El CD refleja este estado de \u00e1nimo.<\/span><\/p>\n<p class=\"Standard\" style=\"text-align: justify; text-justify: inter-ideograph;\"><span lang=\"ES\">Hemos podido reunir algunos de los mejores solistas franceses. Todos son artistas importantes, no s\u00f3lo virtuosos de su propio instrumento sino tambi\u00e9n muy creativos, imaginativos e inspirados en su acto. Carine Gutlerner que dirige y toca las partes con piano, tiene un sentido extraordinario de la imagen y ha logrado capturar \u201cla peque\u00f1a m\u00fasica\u201d del Diario, tan particular y tan conmovedora.<\/span><\/p>\n<p class=\"Standard\" style=\"text-align: justify; text-justify: inter-ideograph;\"><b><span lang=\"ES\">LOS M\u00daSICOS<\/span><\/b><\/p>\n<p><strong>Carine H.D. GUTLERNER<\/strong><\/p>\n<p class=\"Standard\" style=\"text-align: justify; text-justify: inter-ideograph;\"><span lang=\"ES\">Compositora, pianista concertista y directora de coro. Ha sido formada por Flore Levine.<\/span><\/p>\n<p class=\"Standard\" style=\"text-align: justify; text-justify: inter-ideograph;\"><span lang=\"ES\">Primer premio de piano en el Conservatorio Real de Bruselas. Doctorado en piano (DMA) y M\u00e1ster en Direcci\u00f3n Coral en la Universidad de Kansas. Presenta con tanta pasi\u00f3n el repertorio cl\u00e1sico como el repertorio contempor\u00e1neo (ToruTakemitsu, Fr\u00e9d\u00e9ric Van Rossum, William Mayer, Georges Rochberg, Peter E\u00f6tv\u00f6s&#8230;). Compuso tambi\u00e9n la m\u00fasica original de la pel\u00edcula de referencia \u201cPaul Delvaux: carnets de croquis et toiles\u201d.<\/span><\/p>\n<p class=\"Standard\" style=\"text-align: justify; text-justify: inter-ideograph;\"><em><b><span lang=\"ES\">Carine Gutlerner dedica este CD a su padre y a las v\u00edctimas del Holocausto.<\/span><\/b><\/em><\/p>\n<p><a href=\"https:\/\/carinegutlerner.com\/\" target=\"_blank\" rel=\"noopener\">www.carinegutlerner.com<\/a><\/p>\n<p><strong>Laurent KORCIA<\/strong><\/p>\n<p class=\"Standard\" style=\"text-align: justify; text-justify: inter-ideograph;\"><span lang=\"ES\">Violinista franc\u00e9s. Grab\u00f3 la m\u00fasica de la pel\u00edcula con un Stradivarius el \u201cZahn\u201d de 1719.<\/span><\/p>\n<p class=\"Standard\" style=\"text-align: justify; text-justify: inter-ideograph;\"><span lang=\"ES\">Gan\u00f3 muchos concursos, entre los cuales el \u201cPaganini\u201d a los 18 a\u00f1os, Gran Premio del concurso Jacques Thibaud, solista con las mayores orquestas francesas y extranjeras. Grab\u00f3 las sonatas para viol\u00edn solo de Ysaye, un \u201cBart\u00f3k\u201d (Lyrinx) y \u201cle violon d&#8217;Europe centrale\u201d (con Georges Pludermacher con el piano \u2013 BMG\/RCA). Virtuosismo, creatividad, temperamento ardiente. Laurent Korcia toca con un Stradivarius -le \u201cZahn\u201d -prestado por LVMH.<\/span><\/p>\n<p><a href=\"http:\/\/www.agencedianedusaillant.com\">www.agencedianedusaillant.com<\/a><\/p>\n<p><strong>Xavier PHILLIPS<\/strong><\/p>\n<p class=\"Standard\" style=\"text-align: justify; text-justify: inter-ideograph;\"><span lang=\"ES\">Violonchelista franc\u00e9s. Grab\u00f3 la m\u00fasica de la pel\u00edcula con un Matteo Gofriller de 1710.<\/span><\/p>\n<p class=\"Standard\" style=\"text-align: justify; text-justify: inter-ideograph;\"><span lang=\"ES\">Muchos premios entre los cuales el concurso Rostropovitch (1990). \u201cChoc de la Musique\u201d por sus sonatas de Schnittke, Chostakovitch y Prokofiev con el pianista H\u00fcseyin Sermet (Harmonia Mundi). Toca a menudo con las mayores orquestas del mundo entero. Gira por Jap\u00f3n con Laurent Korcia y Jean-Marc Luisada.<\/span><\/p>\n<p><a href=\"http:\/\/www.xavierphillips.com\">www.xavierphillips.com<\/a><\/p>\n<p><strong>Philippe BERNOLD<\/strong><\/p>\n<p>Flautista. Primer gran premio del concurso internacional de flauta Jean-Pierre Rampal en 1987. \u00danico ganador franc\u00e9s de esta prestigiosa competici\u00f3n desde su creaci\u00f3n, es considerado como uno de los m\u00e1s talentuosos representantes de la Escuela francesa de flauta.<\/p>\n<p><u><a href=\"http:\/\/www.philippebernold.fr\/\" target=\"_blank\" rel=\"noopener\">www.philippebernold.fr<\/a><\/u><\/p>\n<p class=\"Standard\" style=\"text-align: justify; text-justify: inter-ideograph;\"><span lang=\"ES\">Los otros m\u00fasicos: <b>Herv\u00e9 Joulain<\/b>, miembro del Octuor \u00e0 Vent Paris-Bastille como <b>Olivier Doise<\/b>, <b>Romain Guyot<\/b>, <b>Jean Fran\u00e7ois Duquesnoy<\/b>, cada uno siguiendo carreras solistas.<\/span><\/p>\n<p class=\"Standard\" style=\"text-align: justify; text-justify: inter-ideograph;\"><b><span lang=\"ES\">Florence Roussin<\/span><\/b><span lang=\"ES\"> y <b>Vinciane B\u00e9ranger<\/b> son miembros del Quatuor Cosi. <b>Emmanuelle Bertrand<\/b>, primer premio de concurso de m\u00fasica de c\u00e1mara de Jap\u00f3n y de la Academia internacional Maurice-Ravel. <b>Bernard Cazauran<\/b>, profesor de contrabajo en el CNSM de Lyon; toc\u00f3 en particular en la Orquesta de Par\u00eds bajo la direcci\u00f3n de Solti, Berstein, Barenboim, cre\u00f3 el d\u00edptico de Henri Dutilleux; <b>Christine Icart<\/b> es considerada como una de las mejores arpistas de su generaci\u00f3n. Eric Sammut es miembro de la Orquesta de Par\u00eds. <b>Ariane Jacob<\/b> que es pianista, ha tenido la amabilidad de prestar su concurso para las partes de celesta.<\/span><\/p>\n<p>&#8212;&#8212;&#8212;&#8212;-<\/p>\n<p>Producido por St\u00e9phane Dykman &amp; Globe Trotter Network SA (Francia). Grabado en el Studio Davout (Par\u00eds) Toma de sonido &amp; Mezcla Claude Ermelin, asistente St\u00e9phane Reichart. Montaje: Florence Gambini. Masterizaci\u00f3n: Fran\u00e7ois Breillat (Digipro).<\/p>\n<p>Asistente musical: Claude Abromont. \u00a9 ADLEEK SA, todos derechos reservados. Im\u00e1genes de la pel\u00edcula extr\u00eddas del dibujo animado \u00a9 A-N<\/p>\n<p>Producci\u00f3n committee Im\u00e1genes extra\u00eddas del Making of \u00a9 St\u00e9phane Dykman<\/p>\n\n\n<div data-wp-interactive=\"core\/file\" class=\"wp-block-file\"><object data-wp-bind--hidden=\"!state.hasPdfPreview\" hidden class=\"wp-block-file__embed\" data=\"https:\/\/www.iemj.org\/wp-content\/uploads\/2022\/02\/LIVRET-CD-Anne-FRANK.pdf\" type=\"application\/pdf\" style=\"width:100%;height:600px\" aria-label=\"Incrustado de Folleto-CD-Anne FRANK.\"><\/object><a id=\"wp-block-file--media-53613396-a747-4588-9e8b-b2b38c3010e2\" href=\"https:\/\/www.iemj.org\/wp-content\/uploads\/2022\/02\/LIVRET-CD-Anne-FRANK.pdf\" target=\"_blank\" rel=\"noreferrer noopener\">Folleto-CD-Anne FRANK<\/a><a href=\"https:\/\/www.iemj.org\/wp-content\/uploads\/2022\/02\/LIVRET-CD-Anne-FRANK.pdf\" class=\"wp-block-file__button wp-element-button\" download aria-describedby=\"wp-block-file--media-53613396-a747-4588-9e8b-b2b38c3010e2\"><mark>T\u00e9l\u00e9charger<\/mark><\/a><\/div>\n\n\n<div class=\"wp-block-image\">\n<figure class=\"aligncenter size-large\"><img fetchpriority=\"high\" decoding=\"async\" width=\"1024\" height=\"133\" src=\"https:\/\/www.iemj.org\/wp-content\/uploads\/2024\/03\/AUDIO-PLAYER-1024x133.png\" alt=\"\" class=\"wp-image-110610\" srcset=\"https:\/\/www.iemj.org\/wp-content\/uploads\/2024\/03\/AUDIO-PLAYER-1024x133.png 1024w, https:\/\/www.iemj.org\/wp-content\/uploads\/2024\/03\/AUDIO-PLAYER-300x39.png 300w, https:\/\/www.iemj.org\/wp-content\/uploads\/2024\/03\/AUDIO-PLAYER-768x100.png 768w, https:\/\/www.iemj.org\/wp-content\/uploads\/2024\/03\/AUDIO-PLAYER-600x78.png 600w, https:\/\/www.iemj.org\/wp-content\/uploads\/2024\/03\/AUDIO-PLAYER.png 1210w\" sizes=\"(max-width: 1024px) 100vw, 1024px\" \/><\/figure>\n<\/div>","protected":false},"excerpt":{"rendered":"<p>Se propone la escucha integral de este disco en la lista de reproducci\u00f3n a continuaci\u00f3n St\u00e9phane Dykman, productor, pidi\u00f3 a la pianista y compositora Carine GUTLERNER que le presentara propuestas<\/p>\n","protected":false},"author":5,"featured_media":80828,"comment_status":"closed","ping_status":"closed","sticky":false,"template":"","format":"standard","meta":{"_acf_changed":false,"footnotes":""},"categories":[1568,1565],"tags":[],"technique":[],"squelettes":[],"sujet":[1803],"formation":[],"genre":[],"fonds":[],"tradition":[],"type-de-contenu":[],"interprete-compositeur":[],"frise":[],"type-devenement":[],"tableaux-liens-externes":[],"class_list":["post-83281","post","type-post","status-publish","format-standard","has-post-thumbnail","hentry","category-cd-es","category-ultimas-adquisiciones-es","sujet-shoah-es"],"acf":[],"yoast_head":"<!-- This site is optimized with the Yoast SEO plugin v27.3 - https:\/\/yoast.com\/product\/yoast-seo-wordpress\/ -->\n<title>El diario de Anne Frank - Institut Europ\u00e9en des Musiques Juives<\/title>\n<meta name=\"robots\" content=\"index, follow, max-snippet:-1, max-image-preview:large, max-video-preview:-1\" \/>\n<link rel=\"canonical\" href=\"https:\/\/www.iemj.org\/es\/le-journal-danne-frank\/\" \/>\n<meta property=\"og:locale\" content=\"es_ES\" \/>\n<meta property=\"og:type\" content=\"article\" \/>\n<meta property=\"og:title\" content=\"El diario de Anne Frank - Institut Europ\u00e9en des Musiques Juives\" \/>\n<meta property=\"og:description\" content=\"Se propone la escucha integral de este disco en la lista de reproducci\u00f3n a continuaci\u00f3n St\u00e9phane Dykman, productor, pidi\u00f3 a la pianista y compositora Carine GUTLERNER que le presentara propuestas\" \/>\n<meta property=\"og:url\" content=\"https:\/\/www.iemj.org\/es\/le-journal-danne-frank\/\" \/>\n<meta property=\"og:site_name\" content=\"Institut Europ\u00e9en des Musiques Juives\" \/>\n<meta property=\"article:publisher\" content=\"https:\/\/www.facebook.com\/MusiquesJuives\/\" \/>\n<meta property=\"article:published_time\" content=\"2022-02-17T10:14:41+00:00\" \/>\n<meta property=\"article:modified_time\" content=\"2025-10-19T16:16:12+00:00\" \/>\n<meta property=\"og:image\" content=\"https:\/\/www.iemj.org\/wp-content\/uploads\/2022\/02\/CD_1951_COUV-e1645031191672.jpg\" \/>\n\t<meta property=\"og:image:width\" content=\"1108\" \/>\n\t<meta property=\"og:image:height\" content=\"980\" \/>\n\t<meta property=\"og:image:type\" content=\"image\/jpeg\" \/>\n<meta name=\"author\" content=\"Jacqueline ROTEN\" \/>\n<meta name=\"twitter:card\" content=\"summary_large_image\" \/>\n<meta name=\"twitter:label1\" content=\"Escrito por\" \/>\n\t<meta name=\"twitter:data1\" content=\"Jacqueline ROTEN\" \/>\n\t<meta name=\"twitter:label2\" content=\"Tiempo de lectura\" \/>\n\t<meta name=\"twitter:data2\" content=\"5 minutos\" \/>\n<script type=\"application\/ld+json\" class=\"yoast-schema-graph\">{\"@context\":\"https:\\\/\\\/schema.org\",\"@graph\":[{\"@type\":\"Article\",\"@id\":\"https:\\\/\\\/www.iemj.org\\\/es\\\/le-journal-danne-frank\\\/#article\",\"isPartOf\":{\"@id\":\"https:\\\/\\\/www.iemj.org\\\/es\\\/le-journal-danne-frank\\\/\"},\"author\":{\"name\":\"Jacqueline ROTEN\",\"@id\":\"https:\\\/\\\/www.iemj.org\\\/es\\\/#\\\/schema\\\/person\\\/358e26c18aca017fcc4cc15437f7279c\"},\"headline\":\"El diario de Anne Frank\",\"datePublished\":\"2022-02-17T10:14:41+00:00\",\"dateModified\":\"2025-10-19T16:16:12+00:00\",\"mainEntityOfPage\":{\"@id\":\"https:\\\/\\\/www.iemj.org\\\/es\\\/le-journal-danne-frank\\\/\"},\"wordCount\":800,\"publisher\":{\"@id\":\"https:\\\/\\\/www.iemj.org\\\/es\\\/#organization\"},\"image\":{\"@id\":\"https:\\\/\\\/www.iemj.org\\\/es\\\/le-journal-danne-frank\\\/#primaryimage\"},\"thumbnailUrl\":\"https:\\\/\\\/www.iemj.org\\\/wp-content\\\/uploads\\\/2022\\\/02\\\/CD_1951_COUV-e1645031191672.jpg\",\"articleSection\":[\"CD\",\"\u00daltimas adquisiciones\"],\"inLanguage\":\"es\"},{\"@type\":\"WebPage\",\"@id\":\"https:\\\/\\\/www.iemj.org\\\/es\\\/le-journal-danne-frank\\\/\",\"url\":\"https:\\\/\\\/www.iemj.org\\\/es\\\/le-journal-danne-frank\\\/\",\"name\":\"El diario de Anne Frank - Institut Europ\u00e9en des Musiques Juives\",\"isPartOf\":{\"@id\":\"https:\\\/\\\/www.iemj.org\\\/es\\\/#website\"},\"primaryImageOfPage\":{\"@id\":\"https:\\\/\\\/www.iemj.org\\\/es\\\/le-journal-danne-frank\\\/#primaryimage\"},\"image\":{\"@id\":\"https:\\\/\\\/www.iemj.org\\\/es\\\/le-journal-danne-frank\\\/#primaryimage\"},\"thumbnailUrl\":\"https:\\\/\\\/www.iemj.org\\\/wp-content\\\/uploads\\\/2022\\\/02\\\/CD_1951_COUV-e1645031191672.jpg\",\"datePublished\":\"2022-02-17T10:14:41+00:00\",\"dateModified\":\"2025-10-19T16:16:12+00:00\",\"breadcrumb\":{\"@id\":\"https:\\\/\\\/www.iemj.org\\\/es\\\/le-journal-danne-frank\\\/#breadcrumb\"},\"inLanguage\":\"es\",\"potentialAction\":[{\"@type\":\"ReadAction\",\"target\":[\"https:\\\/\\\/www.iemj.org\\\/es\\\/le-journal-danne-frank\\\/\"]}]},{\"@type\":\"ImageObject\",\"inLanguage\":\"es\",\"@id\":\"https:\\\/\\\/www.iemj.org\\\/es\\\/le-journal-danne-frank\\\/#primaryimage\",\"url\":\"https:\\\/\\\/www.iemj.org\\\/wp-content\\\/uploads\\\/2022\\\/02\\\/CD_1951_COUV-e1645031191672.jpg\",\"contentUrl\":\"https:\\\/\\\/www.iemj.org\\\/wp-content\\\/uploads\\\/2022\\\/02\\\/CD_1951_COUV-e1645031191672.jpg\",\"width\":1108,\"height\":980},{\"@type\":\"BreadcrumbList\",\"@id\":\"https:\\\/\\\/www.iemj.org\\\/es\\\/le-journal-danne-frank\\\/#breadcrumb\",\"itemListElement\":[{\"@type\":\"ListItem\",\"position\":1,\"name\":\"Accueil\",\"item\":\"https:\\\/\\\/www.iemj.org\\\/es\\\/\"},{\"@type\":\"ListItem\",\"position\":2,\"name\":\"El diario de Anne Frank\"}]},{\"@type\":\"WebSite\",\"@id\":\"https:\\\/\\\/www.iemj.org\\\/es\\\/#website\",\"url\":\"https:\\\/\\\/www.iemj.org\\\/es\\\/\",\"name\":\"Institut Europ\u00e9en des Musiques Juives\",\"description\":\"Des traditions musicales \u00e0 la port\u00e9e de tous\",\"publisher\":{\"@id\":\"https:\\\/\\\/www.iemj.org\\\/es\\\/#organization\"},\"potentialAction\":[{\"@type\":\"SearchAction\",\"target\":{\"@type\":\"EntryPoint\",\"urlTemplate\":\"https:\\\/\\\/www.iemj.org\\\/es\\\/?s={search_term_string}\"},\"query-input\":{\"@type\":\"PropertyValueSpecification\",\"valueRequired\":true,\"valueName\":\"search_term_string\"}}],\"inLanguage\":\"es\"},{\"@type\":\"Organization\",\"@id\":\"https:\\\/\\\/www.iemj.org\\\/es\\\/#organization\",\"name\":\"Institut Europ\u00e9en des Musiques Juives\",\"url\":\"https:\\\/\\\/www.iemj.org\\\/es\\\/\",\"logo\":{\"@type\":\"ImageObject\",\"inLanguage\":\"es\",\"@id\":\"https:\\\/\\\/www.iemj.org\\\/es\\\/#\\\/schema\\\/logo\\\/image\\\/\",\"url\":\"https:\\\/\\\/www.iemj.org\\\/wp-content\\\/uploads\\\/2021\\\/09\\\/Logo-IEMJ-Paypal.jpg\",\"contentUrl\":\"https:\\\/\\\/www.iemj.org\\\/wp-content\\\/uploads\\\/2021\\\/09\\\/Logo-IEMJ-Paypal.jpg\",\"width\":150,\"height\":50,\"caption\":\"Institut Europ\u00e9en des Musiques Juives\"},\"image\":{\"@id\":\"https:\\\/\\\/www.iemj.org\\\/es\\\/#\\\/schema\\\/logo\\\/image\\\/\"},\"sameAs\":[\"https:\\\/\\\/www.facebook.com\\\/MusiquesJuives\\\/\",\"https:\\\/\\\/www.instagram.com\\\/musiquesjuives\\\/\",\"https:\\\/\\\/www.youtube.com\\\/user\\\/musiquesjuives\"]},{\"@type\":\"Person\",\"@id\":\"https:\\\/\\\/www.iemj.org\\\/es\\\/#\\\/schema\\\/person\\\/358e26c18aca017fcc4cc15437f7279c\",\"name\":\"Jacqueline ROTEN\",\"image\":{\"@type\":\"ImageObject\",\"inLanguage\":\"es\",\"@id\":\"https:\\\/\\\/secure.gravatar.com\\\/avatar\\\/5964256d6c6957de3a3505278957e0fb2a35119ac47ea41827a65301213c810b?s=96&d=mm&r=g\",\"url\":\"https:\\\/\\\/secure.gravatar.com\\\/avatar\\\/5964256d6c6957de3a3505278957e0fb2a35119ac47ea41827a65301213c810b?s=96&d=mm&r=g\",\"contentUrl\":\"https:\\\/\\\/secure.gravatar.com\\\/avatar\\\/5964256d6c6957de3a3505278957e0fb2a35119ac47ea41827a65301213c810b?s=96&d=mm&r=g\",\"caption\":\"Jacqueline ROTEN\"}}]}<\/script>\n<!-- \/ Yoast SEO plugin. -->","yoast_head_json":{"title":"El diario de Anne Frank - Institut Europ\u00e9en des Musiques Juives","robots":{"index":"index","follow":"follow","max-snippet":"max-snippet:-1","max-image-preview":"max-image-preview:large","max-video-preview":"max-video-preview:-1"},"canonical":"https:\/\/www.iemj.org\/es\/le-journal-danne-frank\/","og_locale":"es_ES","og_type":"article","og_title":"El diario de Anne Frank - Institut Europ\u00e9en des Musiques Juives","og_description":"Se propone la escucha integral de este disco en la lista de reproducci\u00f3n a continuaci\u00f3n St\u00e9phane Dykman, productor, pidi\u00f3 a la pianista y compositora Carine GUTLERNER que le presentara propuestas","og_url":"https:\/\/www.iemj.org\/es\/le-journal-danne-frank\/","og_site_name":"Institut Europ\u00e9en des Musiques Juives","article_publisher":"https:\/\/www.facebook.com\/MusiquesJuives\/","article_published_time":"2022-02-17T10:14:41+00:00","article_modified_time":"2025-10-19T16:16:12+00:00","og_image":[{"width":1108,"height":980,"url":"https:\/\/www.iemj.org\/wp-content\/uploads\/2022\/02\/CD_1951_COUV-e1645031191672.jpg","type":"image\/jpeg"}],"author":"Jacqueline ROTEN","twitter_card":"summary_large_image","twitter_misc":{"Escrito por":"Jacqueline ROTEN","Tiempo de lectura":"5 minutos"},"schema":{"@context":"https:\/\/schema.org","@graph":[{"@type":"Article","@id":"https:\/\/www.iemj.org\/es\/le-journal-danne-frank\/#article","isPartOf":{"@id":"https:\/\/www.iemj.org\/es\/le-journal-danne-frank\/"},"author":{"name":"Jacqueline ROTEN","@id":"https:\/\/www.iemj.org\/es\/#\/schema\/person\/358e26c18aca017fcc4cc15437f7279c"},"headline":"El diario de Anne Frank","datePublished":"2022-02-17T10:14:41+00:00","dateModified":"2025-10-19T16:16:12+00:00","mainEntityOfPage":{"@id":"https:\/\/www.iemj.org\/es\/le-journal-danne-frank\/"},"wordCount":800,"publisher":{"@id":"https:\/\/www.iemj.org\/es\/#organization"},"image":{"@id":"https:\/\/www.iemj.org\/es\/le-journal-danne-frank\/#primaryimage"},"thumbnailUrl":"https:\/\/www.iemj.org\/wp-content\/uploads\/2022\/02\/CD_1951_COUV-e1645031191672.jpg","articleSection":["CD","\u00daltimas adquisiciones"],"inLanguage":"es"},{"@type":"WebPage","@id":"https:\/\/www.iemj.org\/es\/le-journal-danne-frank\/","url":"https:\/\/www.iemj.org\/es\/le-journal-danne-frank\/","name":"El diario de Anne Frank - Institut Europ\u00e9en des Musiques Juives","isPartOf":{"@id":"https:\/\/www.iemj.org\/es\/#website"},"primaryImageOfPage":{"@id":"https:\/\/www.iemj.org\/es\/le-journal-danne-frank\/#primaryimage"},"image":{"@id":"https:\/\/www.iemj.org\/es\/le-journal-danne-frank\/#primaryimage"},"thumbnailUrl":"https:\/\/www.iemj.org\/wp-content\/uploads\/2022\/02\/CD_1951_COUV-e1645031191672.jpg","datePublished":"2022-02-17T10:14:41+00:00","dateModified":"2025-10-19T16:16:12+00:00","breadcrumb":{"@id":"https:\/\/www.iemj.org\/es\/le-journal-danne-frank\/#breadcrumb"},"inLanguage":"es","potentialAction":[{"@type":"ReadAction","target":["https:\/\/www.iemj.org\/es\/le-journal-danne-frank\/"]}]},{"@type":"ImageObject","inLanguage":"es","@id":"https:\/\/www.iemj.org\/es\/le-journal-danne-frank\/#primaryimage","url":"https:\/\/www.iemj.org\/wp-content\/uploads\/2022\/02\/CD_1951_COUV-e1645031191672.jpg","contentUrl":"https:\/\/www.iemj.org\/wp-content\/uploads\/2022\/02\/CD_1951_COUV-e1645031191672.jpg","width":1108,"height":980},{"@type":"BreadcrumbList","@id":"https:\/\/www.iemj.org\/es\/le-journal-danne-frank\/#breadcrumb","itemListElement":[{"@type":"ListItem","position":1,"name":"Accueil","item":"https:\/\/www.iemj.org\/es\/"},{"@type":"ListItem","position":2,"name":"El diario de Anne Frank"}]},{"@type":"WebSite","@id":"https:\/\/www.iemj.org\/es\/#website","url":"https:\/\/www.iemj.org\/es\/","name":"Institut Europ\u00e9en des Musiques Juives","description":"Des traditions musicales \u00e0 la port\u00e9e de tous","publisher":{"@id":"https:\/\/www.iemj.org\/es\/#organization"},"potentialAction":[{"@type":"SearchAction","target":{"@type":"EntryPoint","urlTemplate":"https:\/\/www.iemj.org\/es\/?s={search_term_string}"},"query-input":{"@type":"PropertyValueSpecification","valueRequired":true,"valueName":"search_term_string"}}],"inLanguage":"es"},{"@type":"Organization","@id":"https:\/\/www.iemj.org\/es\/#organization","name":"Institut Europ\u00e9en des Musiques Juives","url":"https:\/\/www.iemj.org\/es\/","logo":{"@type":"ImageObject","inLanguage":"es","@id":"https:\/\/www.iemj.org\/es\/#\/schema\/logo\/image\/","url":"https:\/\/www.iemj.org\/wp-content\/uploads\/2021\/09\/Logo-IEMJ-Paypal.jpg","contentUrl":"https:\/\/www.iemj.org\/wp-content\/uploads\/2021\/09\/Logo-IEMJ-Paypal.jpg","width":150,"height":50,"caption":"Institut Europ\u00e9en des Musiques Juives"},"image":{"@id":"https:\/\/www.iemj.org\/es\/#\/schema\/logo\/image\/"},"sameAs":["https:\/\/www.facebook.com\/MusiquesJuives\/","https:\/\/www.instagram.com\/musiquesjuives\/","https:\/\/www.youtube.com\/user\/musiquesjuives"]},{"@type":"Person","@id":"https:\/\/www.iemj.org\/es\/#\/schema\/person\/358e26c18aca017fcc4cc15437f7279c","name":"Jacqueline ROTEN","image":{"@type":"ImageObject","inLanguage":"es","@id":"https:\/\/secure.gravatar.com\/avatar\/5964256d6c6957de3a3505278957e0fb2a35119ac47ea41827a65301213c810b?s=96&d=mm&r=g","url":"https:\/\/secure.gravatar.com\/avatar\/5964256d6c6957de3a3505278957e0fb2a35119ac47ea41827a65301213c810b?s=96&d=mm&r=g","contentUrl":"https:\/\/secure.gravatar.com\/avatar\/5964256d6c6957de3a3505278957e0fb2a35119ac47ea41827a65301213c810b?s=96&d=mm&r=g","caption":"Jacqueline ROTEN"}}]}},"_links":{"self":[{"href":"https:\/\/www.iemj.org\/es\/wp-json\/wp\/v2\/posts\/83281","targetHints":{"allow":["GET"]}}],"collection":[{"href":"https:\/\/www.iemj.org\/es\/wp-json\/wp\/v2\/posts"}],"about":[{"href":"https:\/\/www.iemj.org\/es\/wp-json\/wp\/v2\/types\/post"}],"author":[{"embeddable":true,"href":"https:\/\/www.iemj.org\/es\/wp-json\/wp\/v2\/users\/5"}],"replies":[{"embeddable":true,"href":"https:\/\/www.iemj.org\/es\/wp-json\/wp\/v2\/comments?post=83281"}],"version-history":[{"count":1,"href":"https:\/\/www.iemj.org\/es\/wp-json\/wp\/v2\/posts\/83281\/revisions"}],"predecessor-version":[{"id":127211,"href":"https:\/\/www.iemj.org\/es\/wp-json\/wp\/v2\/posts\/83281\/revisions\/127211"}],"wp:featuredmedia":[{"embeddable":true,"href":"https:\/\/www.iemj.org\/es\/wp-json\/wp\/v2\/media\/80828"}],"wp:attachment":[{"href":"https:\/\/www.iemj.org\/es\/wp-json\/wp\/v2\/media?parent=83281"}],"wp:term":[{"taxonomy":"category","embeddable":true,"href":"https:\/\/www.iemj.org\/es\/wp-json\/wp\/v2\/categories?post=83281"},{"taxonomy":"post_tag","embeddable":true,"href":"https:\/\/www.iemj.org\/es\/wp-json\/wp\/v2\/tags?post=83281"},{"taxonomy":"technique","embeddable":true,"href":"https:\/\/www.iemj.org\/es\/wp-json\/wp\/v2\/technique?post=83281"},{"taxonomy":"squelettes","embeddable":true,"href":"https:\/\/www.iemj.org\/es\/wp-json\/wp\/v2\/squelettes?post=83281"},{"taxonomy":"sujet","embeddable":true,"href":"https:\/\/www.iemj.org\/es\/wp-json\/wp\/v2\/sujet?post=83281"},{"taxonomy":"formation","embeddable":true,"href":"https:\/\/www.iemj.org\/es\/wp-json\/wp\/v2\/formation?post=83281"},{"taxonomy":"genre","embeddable":true,"href":"https:\/\/www.iemj.org\/es\/wp-json\/wp\/v2\/genre?post=83281"},{"taxonomy":"fonds","embeddable":true,"href":"https:\/\/www.iemj.org\/es\/wp-json\/wp\/v2\/fonds?post=83281"},{"taxonomy":"tradition","embeddable":true,"href":"https:\/\/www.iemj.org\/es\/wp-json\/wp\/v2\/tradition?post=83281"},{"taxonomy":"type-de-contenu","embeddable":true,"href":"https:\/\/www.iemj.org\/es\/wp-json\/wp\/v2\/type-de-contenu?post=83281"},{"taxonomy":"interprete-compositeur","embeddable":true,"href":"https:\/\/www.iemj.org\/es\/wp-json\/wp\/v2\/interprete-compositeur?post=83281"},{"taxonomy":"frise","embeddable":true,"href":"https:\/\/www.iemj.org\/es\/wp-json\/wp\/v2\/frise?post=83281"},{"taxonomy":"type-devenement","embeddable":true,"href":"https:\/\/www.iemj.org\/es\/wp-json\/wp\/v2\/type-devenement?post=83281"},{"taxonomy":"tableaux-liens-externes","embeddable":true,"href":"https:\/\/www.iemj.org\/es\/wp-json\/wp\/v2\/tableaux-liens-externes?post=83281"}],"curies":[{"name":"wp","href":"https:\/\/api.w.org\/{rel}","templated":true}]}}