{"id":83444,"date":"2017-11-27T12:46:31","date_gmt":"2017-11-27T11:46:31","guid":{"rendered":"https:\/\/www.iemj.org\/giorgio-e-gino-canti-di-memoria-e-di-speranza\/"},"modified":"2025-04-16T16:17:39","modified_gmt":"2025-04-16T14:17:39","slug":"giorgio-e-gino-canti-di-memoria-e-di-speranza","status":"publish","type":"post","link":"https:\/\/www.iemj.org\/es\/giorgio-e-gino-canti-di-memoria-e-di-speranza\/","title":{"rendered":"Giorgio e Gino, Canti di memoria e di speranza"},"content":{"rendered":"<p><em>Giorgio e Gino, Canti di memoria e di speranza<\/em> (cantos de memoria y de esperanza), es un \u00e1lbum de canciones sobre el tema del Holocausto y de la resistencia, por <strong>Piero Nissim<\/strong>. Interpretado principalmente en italiano, este CD recoge cantos escritos por otros compositores, sin embargo todos cantados y arreglados por Piero Nissim. Encontramos canciones como<em> Zog nit keyn mol<\/em>, <em>Canzone degli ebrei nel campo di concentramento<\/em>, <em>Hatikva<\/em>, <em>La speranza<\/em>, o <em>Se questo \u00e8 un uomo<\/em>, cuyo texto fue escrito por <strong>Primo Levi<\/strong>. <em>Giorgio e Gino<\/em> es la \u00fanica canci\u00f3n totalmente escrita y compuesta por Piero Nissim.<\/p>\n<p>\u00bfQuienes son\u00a0 Giorgio y Gino, las caras que ilustran la portada del CD? Giorgio no es otro que el padre de Piero Nissim. Nacido el 23 de marzo de 1908, 100 a\u00f1os antes del lanzamiento de este CD. <strong>Giorgio Nissim<\/strong> fue un jud\u00edo italiano y un antifascista activo. Era animador en Toscana de la red DELASEM, acr\u00f3nimo para la Delegaci\u00f3n de los Exiliados Jud\u00edos, una organizaci\u00f3n de resistencia jud\u00eda que actuaba en Italia entre 1939 y 1947, para ayudar a los Jud\u00edos exiliados y dar una ayuda econ\u00f3mica a los internados y refugiados. En Italia, la red jud\u00eda era (mal) tolerada, y tras el 8 de septiembre de 1943, tuvo que actuar a escondidas. La DELASEM era tambi\u00e9n apoyada por los no jud\u00edos, laicos, y miembros de la Iglesia cat\u00f3lica, entre los cuales se encontraba el gran campe\u00f3n de ciclismo<strong> Gino Bartali<\/strong>. Amigo cercano de Giorgio Nissim, Gino Bartali, con el pretexto de sesiones de ejercicios, transport\u00f3 clandestinamente, durante la Segunda Guerra Mundial, todo tipo de documentos y papeles falsos escondidos en el manillar o el sill\u00edn de su bicicleta. Su actividad como mensajero clandestino permiti\u00f3 salvar alrededor de 800 jud\u00edos. Fue reconocido en este sentido como \u201cJusto entra las Naciones\u201d en septiembre de 2013 y su nombre aparece en el memorial de Yad Vashem.<\/p>\n<p class=\"Standard\" style=\"text-align: justify; text-justify: inter-ideograph;\"><span lang=\"ES\">Fue a estas dos personalidades que Piero Nissim, cantado y tocando la guitarra, quiso rendir homenaje, acompa\u00f1ado de Davide Casali con el clarinete, el bajo el\u00e9ctrico y la percusi\u00f3n, Samuele Orlando con el teclado y Myriam Nissim con el coro.<\/span><\/p>\n<p><a href=\"https:\/\/www.antiwarsongs.org\/canzone.php?lang=it&amp;id=48914\" target=\"_blank\" rel=\"noopener\">M\u00e1s informaci\u00f3n<\/a><\/p>\n\n<div class=\"wp-block-image\">\n<figure class=\"aligncenter size-large\"><img fetchpriority=\"high\" decoding=\"async\" width=\"1024\" height=\"133\" src=\"https:\/\/www.iemj.org\/wp-content\/uploads\/2024\/03\/AUDIO-PLAYER-1024x133.png\" alt=\"\" class=\"wp-image-110610\" srcset=\"https:\/\/www.iemj.org\/wp-content\/uploads\/2024\/03\/AUDIO-PLAYER-1024x133.png 1024w, https:\/\/www.iemj.org\/wp-content\/uploads\/2024\/03\/AUDIO-PLAYER-300x39.png 300w, https:\/\/www.iemj.org\/wp-content\/uploads\/2024\/03\/AUDIO-PLAYER-768x100.png 768w, https:\/\/www.iemj.org\/wp-content\/uploads\/2024\/03\/AUDIO-PLAYER-600x78.png 600w, https:\/\/www.iemj.org\/wp-content\/uploads\/2024\/03\/AUDIO-PLAYER.png 1210w\" sizes=\"(max-width: 1024px) 100vw, 1024px\" \/><\/figure>\n<\/div>\n\n\n<div class=\"wp-block-file\"><a id=\"wp-block-file--media-7be2bade-78a1-4be8-9b03-42b9e49937c9\" href=\"https:\/\/www.iemj.org\/wp-content\/uploads\/2017\/11\/cd_886_01.mp3\">Zog nit keyn mol, Hirsh Glik (extrait)<\/a><\/div>\n\n\n\n<div class=\"wp-block-file\"><a id=\"wp-block-file--media-461a2d6e-af52-41b4-90b0-e5b51e3c900c\" href=\"https:\/\/www.iemj.org\/wp-content\/uploads\/2017\/11\/cd_886_02.mp3\">Giorgio e Gino, Piero Nissim (extrait)<\/a><\/div>\n\n\n\n<div class=\"wp-block-file\"><a id=\"wp-block-file--media-b1310127-d44a-449c-a589-ca7512a0ad43\" href=\"https:\/\/www.iemj.org\/wp-content\/uploads\/2017\/11\/cd_886_04.mp3\">Vilne, L. Volfson, A. Olshansky (extrait)<\/a><\/div>\n\n\n\n<div class=\"wp-block-file\"><a id=\"wp-block-file--media-efc9e027-b9be-4ad4-ae63-4c57abba2c34\" href=\"https:\/\/www.iemj.org\/wp-content\/uploads\/2017\/11\/cd_886_05.mp3\">Se questo \u00e8 un uomo, Primo Levi (extrait)<\/a><\/div>\n\n\n\n<div class=\"wp-block-file\"><a id=\"wp-block-file--media-7dc91619-cf83-463c-8d5b-c36e08b8e6ba\" href=\"https:\/\/www.iemj.org\/wp-content\/uploads\/2017\/11\/cd_886_08.mp3\">Canzone degli ebrei emigranti, Myriam Plotkin Nissim (extrait)<\/a><\/div>\n\n\n\n<div class=\"wp-block-file\"><a id=\"wp-block-file--media-442639a1-41ed-49c2-94ab-7eb94a39e768\" href=\"https:\/\/www.iemj.org\/wp-content\/uploads\/2017\/11\/cd_886_10.mp3\">Hatikva. La speranza, Naftali Herz Imber, Samuel Cohen (extrait)<\/a><\/div>\n","protected":false},"excerpt":{"rendered":"<p>Giorgio e Gino, Canti di memoria e di speranza (cantos de memoria y de esperanza), es un \u00e1lbum de canciones sobre el tema del Holocausto y de la resistencia, por<\/p>\n","protected":false},"author":1048,"featured_media":83445,"comment_status":"closed","ping_status":"open","sticky":false,"template":"","format":"standard","meta":{"_acf_changed":false,"footnotes":""},"categories":[1568,1565],"tags":[2092],"technique":[],"squelettes":[],"sujet":[],"formation":[],"genre":[],"fonds":[],"tradition":[],"type-de-contenu":[],"interprete-compositeur":[],"frise":[],"type-devenement":[],"tableaux-liens-externes":[],"class_list":["post-83444","post","type-post","status-publish","format-standard","has-post-thumbnail","hentry","category-cd-es","category-ultimas-adquisiciones-es","tag-italia-es"],"acf":[],"yoast_head":"<!-- This site is optimized with the Yoast SEO plugin v27.3 - https:\/\/yoast.com\/product\/yoast-seo-wordpress\/ -->\n<title>Giorgio e Gino, Canti di memoria e di speranza - Institut Europ\u00e9en des Musiques Juives<\/title>\n<meta name=\"robots\" content=\"index, follow, max-snippet:-1, max-image-preview:large, max-video-preview:-1\" \/>\n<link rel=\"canonical\" href=\"https:\/\/www.iemj.org\/es\/giorgio-e-gino-canti-di-memoria-e-di-speranza\/\" \/>\n<meta property=\"og:locale\" content=\"es_ES\" \/>\n<meta property=\"og:type\" content=\"article\" \/>\n<meta property=\"og:title\" content=\"Giorgio e Gino, Canti di memoria e di speranza - Institut Europ\u00e9en des Musiques Juives\" \/>\n<meta property=\"og:description\" content=\"Giorgio e Gino, Canti di memoria e di speranza (cantos de memoria y de esperanza), es un \u00e1lbum de canciones sobre el tema del Holocausto y de la resistencia, por\" \/>\n<meta property=\"og:url\" content=\"https:\/\/www.iemj.org\/es\/giorgio-e-gino-canti-di-memoria-e-di-speranza\/\" \/>\n<meta property=\"og:site_name\" content=\"Institut Europ\u00e9en des Musiques Juives\" \/>\n<meta property=\"article:publisher\" content=\"https:\/\/www.facebook.com\/MusiquesJuives\/\" \/>\n<meta property=\"article:published_time\" content=\"2017-11-27T11:46:31+00:00\" \/>\n<meta property=\"article:modified_time\" content=\"2025-04-16T14:17:39+00:00\" \/>\n<meta property=\"og:image\" content=\"https:\/\/www.iemj.org\/wp-content\/uploads\/2017\/11\/arton2807-e1619196542160.jpg\" \/>\n\t<meta property=\"og:image:width\" content=\"350\" \/>\n\t<meta property=\"og:image:height\" content=\"342\" \/>\n\t<meta property=\"og:image:type\" content=\"image\/jpeg\" \/>\n<meta name=\"author\" content=\"Jean-Gabriel Davis\" \/>\n<meta name=\"twitter:card\" content=\"summary_large_image\" \/>\n<meta name=\"twitter:label1\" content=\"Escrito por\" \/>\n\t<meta name=\"twitter:data1\" content=\"Jean-Gabriel Davis\" \/>\n\t<meta name=\"twitter:label2\" content=\"Tiempo de lectura\" \/>\n\t<meta name=\"twitter:data2\" content=\"3 minutos\" \/>\n<script type=\"application\/ld+json\" class=\"yoast-schema-graph\">{\"@context\":\"https:\\\/\\\/schema.org\",\"@graph\":[{\"@type\":\"Article\",\"@id\":\"https:\\\/\\\/www.iemj.org\\\/es\\\/giorgio-e-gino-canti-di-memoria-e-di-speranza\\\/#article\",\"isPartOf\":{\"@id\":\"https:\\\/\\\/www.iemj.org\\\/es\\\/giorgio-e-gino-canti-di-memoria-e-di-speranza\\\/\"},\"author\":{\"name\":\"Jean-Gabriel Davis\",\"@id\":\"https:\\\/\\\/www.iemj.org\\\/es\\\/#\\\/schema\\\/person\\\/c9bc1c386a3749579a2d675e72a18666\"},\"headline\":\"Giorgio e Gino, Canti di memoria e di speranza\",\"datePublished\":\"2017-11-27T11:46:31+00:00\",\"dateModified\":\"2025-04-16T14:17:39+00:00\",\"mainEntityOfPage\":{\"@id\":\"https:\\\/\\\/www.iemj.org\\\/es\\\/giorgio-e-gino-canti-di-memoria-e-di-speranza\\\/\"},\"wordCount\":418,\"publisher\":{\"@id\":\"https:\\\/\\\/www.iemj.org\\\/es\\\/#organization\"},\"image\":{\"@id\":\"https:\\\/\\\/www.iemj.org\\\/es\\\/giorgio-e-gino-canti-di-memoria-e-di-speranza\\\/#primaryimage\"},\"thumbnailUrl\":\"https:\\\/\\\/www.iemj.org\\\/wp-content\\\/uploads\\\/2017\\\/11\\\/arton2807-e1619196542160.jpg\",\"keywords\":[\"Italia\"],\"articleSection\":[\"CD\",\"\u00daltimas adquisiciones\"],\"inLanguage\":\"es\"},{\"@type\":\"WebPage\",\"@id\":\"https:\\\/\\\/www.iemj.org\\\/es\\\/giorgio-e-gino-canti-di-memoria-e-di-speranza\\\/\",\"url\":\"https:\\\/\\\/www.iemj.org\\\/es\\\/giorgio-e-gino-canti-di-memoria-e-di-speranza\\\/\",\"name\":\"Giorgio e Gino, Canti di memoria e di speranza - Institut Europ\u00e9en des Musiques Juives\",\"isPartOf\":{\"@id\":\"https:\\\/\\\/www.iemj.org\\\/es\\\/#website\"},\"primaryImageOfPage\":{\"@id\":\"https:\\\/\\\/www.iemj.org\\\/es\\\/giorgio-e-gino-canti-di-memoria-e-di-speranza\\\/#primaryimage\"},\"image\":{\"@id\":\"https:\\\/\\\/www.iemj.org\\\/es\\\/giorgio-e-gino-canti-di-memoria-e-di-speranza\\\/#primaryimage\"},\"thumbnailUrl\":\"https:\\\/\\\/www.iemj.org\\\/wp-content\\\/uploads\\\/2017\\\/11\\\/arton2807-e1619196542160.jpg\",\"datePublished\":\"2017-11-27T11:46:31+00:00\",\"dateModified\":\"2025-04-16T14:17:39+00:00\",\"breadcrumb\":{\"@id\":\"https:\\\/\\\/www.iemj.org\\\/es\\\/giorgio-e-gino-canti-di-memoria-e-di-speranza\\\/#breadcrumb\"},\"inLanguage\":\"es\",\"potentialAction\":[{\"@type\":\"ReadAction\",\"target\":[\"https:\\\/\\\/www.iemj.org\\\/es\\\/giorgio-e-gino-canti-di-memoria-e-di-speranza\\\/\"]}]},{\"@type\":\"ImageObject\",\"inLanguage\":\"es\",\"@id\":\"https:\\\/\\\/www.iemj.org\\\/es\\\/giorgio-e-gino-canti-di-memoria-e-di-speranza\\\/#primaryimage\",\"url\":\"https:\\\/\\\/www.iemj.org\\\/wp-content\\\/uploads\\\/2017\\\/11\\\/arton2807-e1619196542160.jpg\",\"contentUrl\":\"https:\\\/\\\/www.iemj.org\\\/wp-content\\\/uploads\\\/2017\\\/11\\\/arton2807-e1619196542160.jpg\",\"width\":350,\"height\":342},{\"@type\":\"BreadcrumbList\",\"@id\":\"https:\\\/\\\/www.iemj.org\\\/es\\\/giorgio-e-gino-canti-di-memoria-e-di-speranza\\\/#breadcrumb\",\"itemListElement\":[{\"@type\":\"ListItem\",\"position\":1,\"name\":\"Accueil\",\"item\":\"https:\\\/\\\/www.iemj.org\\\/es\\\/\"},{\"@type\":\"ListItem\",\"position\":2,\"name\":\"Giorgio e Gino, Canti di memoria e di speranza\"}]},{\"@type\":\"WebSite\",\"@id\":\"https:\\\/\\\/www.iemj.org\\\/es\\\/#website\",\"url\":\"https:\\\/\\\/www.iemj.org\\\/es\\\/\",\"name\":\"Institut Europ\u00e9en des Musiques Juives\",\"description\":\"Des traditions musicales \u00e0 la port\u00e9e de tous\",\"publisher\":{\"@id\":\"https:\\\/\\\/www.iemj.org\\\/es\\\/#organization\"},\"potentialAction\":[{\"@type\":\"SearchAction\",\"target\":{\"@type\":\"EntryPoint\",\"urlTemplate\":\"https:\\\/\\\/www.iemj.org\\\/es\\\/?s={search_term_string}\"},\"query-input\":{\"@type\":\"PropertyValueSpecification\",\"valueRequired\":true,\"valueName\":\"search_term_string\"}}],\"inLanguage\":\"es\"},{\"@type\":\"Organization\",\"@id\":\"https:\\\/\\\/www.iemj.org\\\/es\\\/#organization\",\"name\":\"Institut Europ\u00e9en des Musiques Juives\",\"url\":\"https:\\\/\\\/www.iemj.org\\\/es\\\/\",\"logo\":{\"@type\":\"ImageObject\",\"inLanguage\":\"es\",\"@id\":\"https:\\\/\\\/www.iemj.org\\\/es\\\/#\\\/schema\\\/logo\\\/image\\\/\",\"url\":\"https:\\\/\\\/www.iemj.org\\\/wp-content\\\/uploads\\\/2021\\\/09\\\/Logo-IEMJ-Paypal.jpg\",\"contentUrl\":\"https:\\\/\\\/www.iemj.org\\\/wp-content\\\/uploads\\\/2021\\\/09\\\/Logo-IEMJ-Paypal.jpg\",\"width\":150,\"height\":50,\"caption\":\"Institut Europ\u00e9en des Musiques Juives\"},\"image\":{\"@id\":\"https:\\\/\\\/www.iemj.org\\\/es\\\/#\\\/schema\\\/logo\\\/image\\\/\"},\"sameAs\":[\"https:\\\/\\\/www.facebook.com\\\/MusiquesJuives\\\/\",\"https:\\\/\\\/www.instagram.com\\\/musiquesjuives\\\/\",\"https:\\\/\\\/www.youtube.com\\\/user\\\/musiquesjuives\"]},{\"@type\":\"Person\",\"@id\":\"https:\\\/\\\/www.iemj.org\\\/es\\\/#\\\/schema\\\/person\\\/c9bc1c386a3749579a2d675e72a18666\",\"name\":\"Jean-Gabriel Davis\",\"image\":{\"@type\":\"ImageObject\",\"inLanguage\":\"es\",\"@id\":\"https:\\\/\\\/secure.gravatar.com\\\/avatar\\\/2b90d67bdf392c9b3a21fab87c0fa7edaf1fb3a058172a1ffd61033fcec7aec1?s=96&d=mm&r=g\",\"url\":\"https:\\\/\\\/secure.gravatar.com\\\/avatar\\\/2b90d67bdf392c9b3a21fab87c0fa7edaf1fb3a058172a1ffd61033fcec7aec1?s=96&d=mm&r=g\",\"contentUrl\":\"https:\\\/\\\/secure.gravatar.com\\\/avatar\\\/2b90d67bdf392c9b3a21fab87c0fa7edaf1fb3a058172a1ffd61033fcec7aec1?s=96&d=mm&r=g\",\"caption\":\"Jean-Gabriel Davis\"}}]}<\/script>\n<!-- \/ Yoast SEO plugin. -->","yoast_head_json":{"title":"Giorgio e Gino, Canti di memoria e di speranza - Institut Europ\u00e9en des Musiques Juives","robots":{"index":"index","follow":"follow","max-snippet":"max-snippet:-1","max-image-preview":"max-image-preview:large","max-video-preview":"max-video-preview:-1"},"canonical":"https:\/\/www.iemj.org\/es\/giorgio-e-gino-canti-di-memoria-e-di-speranza\/","og_locale":"es_ES","og_type":"article","og_title":"Giorgio e Gino, Canti di memoria e di speranza - Institut Europ\u00e9en des Musiques Juives","og_description":"Giorgio e Gino, Canti di memoria e di speranza (cantos de memoria y de esperanza), es un \u00e1lbum de canciones sobre el tema del Holocausto y de la resistencia, por","og_url":"https:\/\/www.iemj.org\/es\/giorgio-e-gino-canti-di-memoria-e-di-speranza\/","og_site_name":"Institut Europ\u00e9en des Musiques Juives","article_publisher":"https:\/\/www.facebook.com\/MusiquesJuives\/","article_published_time":"2017-11-27T11:46:31+00:00","article_modified_time":"2025-04-16T14:17:39+00:00","og_image":[{"width":350,"height":342,"url":"https:\/\/www.iemj.org\/wp-content\/uploads\/2017\/11\/arton2807-e1619196542160.jpg","type":"image\/jpeg"}],"author":"Jean-Gabriel Davis","twitter_card":"summary_large_image","twitter_misc":{"Escrito por":"Jean-Gabriel Davis","Tiempo de lectura":"3 minutos"},"schema":{"@context":"https:\/\/schema.org","@graph":[{"@type":"Article","@id":"https:\/\/www.iemj.org\/es\/giorgio-e-gino-canti-di-memoria-e-di-speranza\/#article","isPartOf":{"@id":"https:\/\/www.iemj.org\/es\/giorgio-e-gino-canti-di-memoria-e-di-speranza\/"},"author":{"name":"Jean-Gabriel Davis","@id":"https:\/\/www.iemj.org\/es\/#\/schema\/person\/c9bc1c386a3749579a2d675e72a18666"},"headline":"Giorgio e Gino, Canti di memoria e di speranza","datePublished":"2017-11-27T11:46:31+00:00","dateModified":"2025-04-16T14:17:39+00:00","mainEntityOfPage":{"@id":"https:\/\/www.iemj.org\/es\/giorgio-e-gino-canti-di-memoria-e-di-speranza\/"},"wordCount":418,"publisher":{"@id":"https:\/\/www.iemj.org\/es\/#organization"},"image":{"@id":"https:\/\/www.iemj.org\/es\/giorgio-e-gino-canti-di-memoria-e-di-speranza\/#primaryimage"},"thumbnailUrl":"https:\/\/www.iemj.org\/wp-content\/uploads\/2017\/11\/arton2807-e1619196542160.jpg","keywords":["Italia"],"articleSection":["CD","\u00daltimas adquisiciones"],"inLanguage":"es"},{"@type":"WebPage","@id":"https:\/\/www.iemj.org\/es\/giorgio-e-gino-canti-di-memoria-e-di-speranza\/","url":"https:\/\/www.iemj.org\/es\/giorgio-e-gino-canti-di-memoria-e-di-speranza\/","name":"Giorgio e Gino, Canti di memoria e di speranza - Institut Europ\u00e9en des Musiques Juives","isPartOf":{"@id":"https:\/\/www.iemj.org\/es\/#website"},"primaryImageOfPage":{"@id":"https:\/\/www.iemj.org\/es\/giorgio-e-gino-canti-di-memoria-e-di-speranza\/#primaryimage"},"image":{"@id":"https:\/\/www.iemj.org\/es\/giorgio-e-gino-canti-di-memoria-e-di-speranza\/#primaryimage"},"thumbnailUrl":"https:\/\/www.iemj.org\/wp-content\/uploads\/2017\/11\/arton2807-e1619196542160.jpg","datePublished":"2017-11-27T11:46:31+00:00","dateModified":"2025-04-16T14:17:39+00:00","breadcrumb":{"@id":"https:\/\/www.iemj.org\/es\/giorgio-e-gino-canti-di-memoria-e-di-speranza\/#breadcrumb"},"inLanguage":"es","potentialAction":[{"@type":"ReadAction","target":["https:\/\/www.iemj.org\/es\/giorgio-e-gino-canti-di-memoria-e-di-speranza\/"]}]},{"@type":"ImageObject","inLanguage":"es","@id":"https:\/\/www.iemj.org\/es\/giorgio-e-gino-canti-di-memoria-e-di-speranza\/#primaryimage","url":"https:\/\/www.iemj.org\/wp-content\/uploads\/2017\/11\/arton2807-e1619196542160.jpg","contentUrl":"https:\/\/www.iemj.org\/wp-content\/uploads\/2017\/11\/arton2807-e1619196542160.jpg","width":350,"height":342},{"@type":"BreadcrumbList","@id":"https:\/\/www.iemj.org\/es\/giorgio-e-gino-canti-di-memoria-e-di-speranza\/#breadcrumb","itemListElement":[{"@type":"ListItem","position":1,"name":"Accueil","item":"https:\/\/www.iemj.org\/es\/"},{"@type":"ListItem","position":2,"name":"Giorgio e Gino, Canti di memoria e di speranza"}]},{"@type":"WebSite","@id":"https:\/\/www.iemj.org\/es\/#website","url":"https:\/\/www.iemj.org\/es\/","name":"Institut Europ\u00e9en des Musiques Juives","description":"Des traditions musicales \u00e0 la port\u00e9e de tous","publisher":{"@id":"https:\/\/www.iemj.org\/es\/#organization"},"potentialAction":[{"@type":"SearchAction","target":{"@type":"EntryPoint","urlTemplate":"https:\/\/www.iemj.org\/es\/?s={search_term_string}"},"query-input":{"@type":"PropertyValueSpecification","valueRequired":true,"valueName":"search_term_string"}}],"inLanguage":"es"},{"@type":"Organization","@id":"https:\/\/www.iemj.org\/es\/#organization","name":"Institut Europ\u00e9en des Musiques Juives","url":"https:\/\/www.iemj.org\/es\/","logo":{"@type":"ImageObject","inLanguage":"es","@id":"https:\/\/www.iemj.org\/es\/#\/schema\/logo\/image\/","url":"https:\/\/www.iemj.org\/wp-content\/uploads\/2021\/09\/Logo-IEMJ-Paypal.jpg","contentUrl":"https:\/\/www.iemj.org\/wp-content\/uploads\/2021\/09\/Logo-IEMJ-Paypal.jpg","width":150,"height":50,"caption":"Institut Europ\u00e9en des Musiques Juives"},"image":{"@id":"https:\/\/www.iemj.org\/es\/#\/schema\/logo\/image\/"},"sameAs":["https:\/\/www.facebook.com\/MusiquesJuives\/","https:\/\/www.instagram.com\/musiquesjuives\/","https:\/\/www.youtube.com\/user\/musiquesjuives"]},{"@type":"Person","@id":"https:\/\/www.iemj.org\/es\/#\/schema\/person\/c9bc1c386a3749579a2d675e72a18666","name":"Jean-Gabriel Davis","image":{"@type":"ImageObject","inLanguage":"es","@id":"https:\/\/secure.gravatar.com\/avatar\/2b90d67bdf392c9b3a21fab87c0fa7edaf1fb3a058172a1ffd61033fcec7aec1?s=96&d=mm&r=g","url":"https:\/\/secure.gravatar.com\/avatar\/2b90d67bdf392c9b3a21fab87c0fa7edaf1fb3a058172a1ffd61033fcec7aec1?s=96&d=mm&r=g","contentUrl":"https:\/\/secure.gravatar.com\/avatar\/2b90d67bdf392c9b3a21fab87c0fa7edaf1fb3a058172a1ffd61033fcec7aec1?s=96&d=mm&r=g","caption":"Jean-Gabriel Davis"}}]}},"_links":{"self":[{"href":"https:\/\/www.iemj.org\/es\/wp-json\/wp\/v2\/posts\/83444","targetHints":{"allow":["GET"]}}],"collection":[{"href":"https:\/\/www.iemj.org\/es\/wp-json\/wp\/v2\/posts"}],"about":[{"href":"https:\/\/www.iemj.org\/es\/wp-json\/wp\/v2\/types\/post"}],"author":[{"embeddable":true,"href":"https:\/\/www.iemj.org\/es\/wp-json\/wp\/v2\/users\/1048"}],"replies":[{"embeddable":true,"href":"https:\/\/www.iemj.org\/es\/wp-json\/wp\/v2\/comments?post=83444"}],"version-history":[{"count":0,"href":"https:\/\/www.iemj.org\/es\/wp-json\/wp\/v2\/posts\/83444\/revisions"}],"wp:featuredmedia":[{"embeddable":true,"href":"https:\/\/www.iemj.org\/es\/wp-json\/wp\/v2\/media\/83445"}],"wp:attachment":[{"href":"https:\/\/www.iemj.org\/es\/wp-json\/wp\/v2\/media?parent=83444"}],"wp:term":[{"taxonomy":"category","embeddable":true,"href":"https:\/\/www.iemj.org\/es\/wp-json\/wp\/v2\/categories?post=83444"},{"taxonomy":"post_tag","embeddable":true,"href":"https:\/\/www.iemj.org\/es\/wp-json\/wp\/v2\/tags?post=83444"},{"taxonomy":"technique","embeddable":true,"href":"https:\/\/www.iemj.org\/es\/wp-json\/wp\/v2\/technique?post=83444"},{"taxonomy":"squelettes","embeddable":true,"href":"https:\/\/www.iemj.org\/es\/wp-json\/wp\/v2\/squelettes?post=83444"},{"taxonomy":"sujet","embeddable":true,"href":"https:\/\/www.iemj.org\/es\/wp-json\/wp\/v2\/sujet?post=83444"},{"taxonomy":"formation","embeddable":true,"href":"https:\/\/www.iemj.org\/es\/wp-json\/wp\/v2\/formation?post=83444"},{"taxonomy":"genre","embeddable":true,"href":"https:\/\/www.iemj.org\/es\/wp-json\/wp\/v2\/genre?post=83444"},{"taxonomy":"fonds","embeddable":true,"href":"https:\/\/www.iemj.org\/es\/wp-json\/wp\/v2\/fonds?post=83444"},{"taxonomy":"tradition","embeddable":true,"href":"https:\/\/www.iemj.org\/es\/wp-json\/wp\/v2\/tradition?post=83444"},{"taxonomy":"type-de-contenu","embeddable":true,"href":"https:\/\/www.iemj.org\/es\/wp-json\/wp\/v2\/type-de-contenu?post=83444"},{"taxonomy":"interprete-compositeur","embeddable":true,"href":"https:\/\/www.iemj.org\/es\/wp-json\/wp\/v2\/interprete-compositeur?post=83444"},{"taxonomy":"frise","embeddable":true,"href":"https:\/\/www.iemj.org\/es\/wp-json\/wp\/v2\/frise?post=83444"},{"taxonomy":"type-devenement","embeddable":true,"href":"https:\/\/www.iemj.org\/es\/wp-json\/wp\/v2\/type-devenement?post=83444"},{"taxonomy":"tableaux-liens-externes","embeddable":true,"href":"https:\/\/www.iemj.org\/es\/wp-json\/wp\/v2\/tableaux-liens-externes?post=83444"}],"curies":[{"name":"wp","href":"https:\/\/api.w.org\/{rel}","templated":true}]}}