{"id":84152,"date":"2022-05-11T12:18:20","date_gmt":"2022-05-11T10:18:20","guid":{"rendered":"https:\/\/www.iemj.org\/arnold-jacques-1946\/"},"modified":"2024-10-14T13:03:15","modified_gmt":"2024-10-14T11:03:15","slug":"arnold-jacques-1946","status":"publish","type":"post","link":"https:\/\/www.iemj.org\/es\/arnold-jacques-1946\/","title":{"rendered":"Arnold, Jacques (1946)"},"content":{"rendered":"<p>Jacques Arnold naci\u00f3 el 29 de diciembre de 1946 en el 10<sup>\u00b0 <\/sup>distrito de Par\u00eds, en una familia tradicionalista comprometida con la cultura jud\u00eda. Asisti\u00f3 a la escuela primaria de su barrio y luego a la escuela Yavn\u00e9 hasta graduarse (bachillerato franc\u00e9s). Esa escuela jud\u00eda estando situada en aquella \u00e9poca cerca del Seminario Israelita de Francia, ingres\u00f3 en 1963 a la secci\u00f3n Liturgia-Pedagog\u00eda del Seminario donde sigui\u00f3 el curso de formaci\u00f3n de oficiante dirigido por L\u00e9on Algazi, con el apoyo de Alberto Hemsi, Roland Moss\u00e9, Adolphe Attia, Shalom Berlinski\u2026 Durante esos a\u00f1os de aprendizaje asumi\u00f3 la funci\u00f3n de cantor (hazan) y de profesor en distintas comunidades jud\u00edas (La Varenne, Bayona, Sinagoga de la Victoire en Par\u00eds\u2026).<\/p>\n<p><img decoding=\"async\" class=\" wp-image-83855 alignright\" src=\"https:\/\/www.iemj.org\/wp-content\/uploads\/2022\/05\/photo-J.-Arnold_redim-175x300.jpg\" alt=\"\" width=\"139\" height=\"238\" srcset=\"https:\/\/www.iemj.org\/wp-content\/uploads\/2022\/05\/photo-J.-Arnold_redim-175x300.jpg 175w, https:\/\/www.iemj.org\/wp-content\/uploads\/2022\/05\/photo-J.-Arnold_redim.jpg 292w\" sizes=\"(max-width: 139px) 100vw, 139px\" \/><\/p>\n<p>De 1968 a 1971, Jacques Arnold realiz\u00f3 una visita de estudio y de descubrimiento de Israel para completar sus conocimientos en el juda\u00edsmo. Trabajador incansable, obtuvo una licenciatura en hebreo moderno en el INALCO (Langues O) en 1991.<\/p>\n<p>A partir de noviembre de 1971 asumi\u00f3 el cargo de responsable religioso en el seno del hogar de ancianos de la Fundaci\u00f3n de Rothschild \u2013 calle de Picpus Par\u00eds 12<sup>\u00b0<\/sup>. Su tarea, que cumplir\u00e1 fielmente durante 36 a\u00f1os, consist\u00eda en dirigir los oficios de la sinagoga de la instituci\u00f3n, en organizar la vida jud\u00eda y la celebraci\u00f3n de las fiestas para los residentes y en garantizar la formaci\u00f3n del personal y la acogida de los fieles del barrio.<\/p>\n<p>Al mismo tiempo, ense\u00f1\u00f3, de 1987 a 2008, las asignaturas jud\u00edas (hebreo, liturgia\u2026) en el colegio y el Instituto de la escuela Yavn\u00e9. Esta dedicaci\u00f3n total, especialmente al \u00e1mbito educativo, le vali\u00f3 la entrega del t\u00edtulo de Rab\u00ed honor\u00edfico en diciembre de 2009 por el Gran Rab\u00ed Gilles Bernheim.<\/p>\n<figure id=\"attachment_84097\" aria-describedby=\"caption-attachment-84097\" style=\"width: 488px\" class=\"wp-caption aligncenter\"><img fetchpriority=\"high\" decoding=\"async\" class=\"wp-image-84097\" src=\"https:\/\/www.iemj.org\/wp-content\/uploads\/2022\/05\/2009-Nomination-par-le-Grand-Rabbin-G.-Bernheim-300x225.jpg\" alt=\"\" width=\"488\" height=\"366\" srcset=\"https:\/\/www.iemj.org\/wp-content\/uploads\/2022\/05\/2009-Nomination-par-le-Grand-Rabbin-G.-Bernheim-300x225.jpg 300w, https:\/\/www.iemj.org\/wp-content\/uploads\/2022\/05\/2009-Nomination-par-le-Grand-Rabbin-G.-Bernheim.jpg 500w\" sizes=\"(max-width: 488px) 100vw, 488px\" \/><figcaption id=\"caption-attachment-84097\" class=\"wp-caption-text\"><strong>2009 &#8211; Nombramiento por el Gran Rabino G. Bernheim<\/strong><\/figcaption><\/figure>\n<p>A partir del 2009, fecha de su partida a retiro, Jacques y su esposa Isabelle realizaron viajes frecuentes entre Jerusal\u00e9n y Par\u00eds para estar junto a sus cuatro hijos, nietos y bisnietos parisinos e israel\u00ed.<\/p>\n<p>El hecho de disponer de tiempo libre permiti\u00f3 a Jacques Arnold unirse al equipo de voluntarios del Institut Europ\u00e9en des Musiques Juives para dedicarse, entre otros, a la clasificaci\u00f3n y a la indentificaci\u00f3n de los numerosos documentos sonoros digitalizados relacionados con la liturgia y las tradiciones musicales jud\u00edas. Colabor\u00f3 tambi\u00e9n con Herv\u00e9 Roten para distintos programas de radio de m\u00fasicas jud\u00edas en Juda\u00efques FM y form\u00f3 parte del Coro jud\u00edo de Francia.<\/p>\n<p>Por \u00faltimo, realiz\u00f3 vitrales hermosos para las dos grandes vidrieras de la Sinagoga de la Fundaci\u00f3n de Rothschild. Inspir\u00e1ndose en temas procedentes de la tradici\u00f3n jud\u00eda y de elementos pertenecientes a la Biblia, dise\u00f1\u00f3 e hizo los dibujos preparatorios con el deseo de crear una composici\u00f3n armoniosa. Luego realiz\u00f3 las maquetas que permitieron a Sylvie Fagot maestra vidriera, elaborar la obra seg\u00fan las reglas del arte. Estos vitrales, que tienen inscripciones hebreas acompa\u00f1ando estampado, traen un toque de color y participan en la tranquilidad de este lugar de oraci\u00f3n renovado.<\/p>\n\n\n<figure class=\"wp-block-gallery has-nested-images columns-default is-cropped wp-block-gallery-1 is-layout-flex wp-block-gallery-is-layout-flex\">\n<figure class=\"wp-block-image size-full\"><img decoding=\"async\" width=\"375\" height=\"500\" data-id=\"84010\" src=\"https:\/\/www.iemj.org\/wp-content\/uploads\/2022\/05\/1953_Redim_Fete-de-Hanouka-Synagogue-de-la-rue-Doudeauville-Paris-XVIIIeme-recitation-des-prieres-avec-Mr-Pinkas-Guiguel-hazan-de-la-com.jpg\" alt=\"\" class=\"wp-image-84010\" srcset=\"https:\/\/www.iemj.org\/wp-content\/uploads\/2022\/05\/1953_Redim_Fete-de-Hanouka-Synagogue-de-la-rue-Doudeauville-Paris-XVIIIeme-recitation-des-prieres-avec-Mr-Pinkas-Guiguel-hazan-de-la-com.jpg 375w, https:\/\/www.iemj.org\/wp-content\/uploads\/2022\/05\/1953_Redim_Fete-de-Hanouka-Synagogue-de-la-rue-Doudeauville-Paris-XVIIIeme-recitation-des-prieres-avec-Mr-Pinkas-Guiguel-hazan-de-la-com-225x300.jpg 225w\" sizes=\"(max-width: 375px) 100vw, 375px\" \/><figcaption class=\"wp-element-caption\"><strong>Foto 1<\/strong><\/figcaption><\/figure>\n\n\n\n<figure class=\"wp-block-image size-large is-style-default\"><img loading=\"lazy\" decoding=\"async\" width=\"724\" height=\"1024\" data-id=\"84092\" src=\"https:\/\/www.iemj.org\/wp-content\/uploads\/2022\/05\/1960-Kiddouch-de-la-Bar-Mitsvah-de-J.-Arnold-a-la-droite-dEmile-Kacman-ministre-officiant2-724x1024.jpg\" alt=\"\" class=\"wp-image-84092\" srcset=\"https:\/\/www.iemj.org\/wp-content\/uploads\/2022\/05\/1960-Kiddouch-de-la-Bar-Mitsvah-de-J.-Arnold-a-la-droite-dEmile-Kacman-ministre-officiant2-724x1024.jpg 724w, https:\/\/www.iemj.org\/wp-content\/uploads\/2022\/05\/1960-Kiddouch-de-la-Bar-Mitsvah-de-J.-Arnold-a-la-droite-dEmile-Kacman-ministre-officiant2-212x300.jpg 212w, https:\/\/www.iemj.org\/wp-content\/uploads\/2022\/05\/1960-Kiddouch-de-la-Bar-Mitsvah-de-J.-Arnold-a-la-droite-dEmile-Kacman-ministre-officiant2-768x1086.jpg 768w, https:\/\/www.iemj.org\/wp-content\/uploads\/2022\/05\/1960-Kiddouch-de-la-Bar-Mitsvah-de-J.-Arnold-a-la-droite-dEmile-Kacman-ministre-officiant2-1086x1536.jpg 1086w, https:\/\/www.iemj.org\/wp-content\/uploads\/2022\/05\/1960-Kiddouch-de-la-Bar-Mitsvah-de-J.-Arnold-a-la-droite-dEmile-Kacman-ministre-officiant2-600x849.jpg 600w, https:\/\/www.iemj.org\/wp-content\/uploads\/2022\/05\/1960-Kiddouch-de-la-Bar-Mitsvah-de-J.-Arnold-a-la-droite-dEmile-Kacman-ministre-officiant2.jpg 1240w\" sizes=\"(max-width: 724px) 100vw, 724px\" \/><figcaption class=\"wp-element-caption\"><strong>Foto 2<\/strong><\/figcaption><\/figure>\n\n\n\n<figure class=\"wp-block-image size-large\"><img loading=\"lazy\" decoding=\"async\" width=\"500\" height=\"375\" data-id=\"84025\" src=\"https:\/\/www.iemj.org\/wp-content\/uploads\/2022\/05\/1964.Voir-legende-1182.jpg\" alt=\"\" class=\"wp-image-84025\" srcset=\"https:\/\/www.iemj.org\/wp-content\/uploads\/2022\/05\/1964.Voir-legende-1182.jpg 500w, https:\/\/www.iemj.org\/wp-content\/uploads\/2022\/05\/1964.Voir-legende-1182-300x225.jpg 300w\" sizes=\"(max-width: 500px) 100vw, 500px\" \/><figcaption class=\"wp-element-caption\"><strong>Foto 3<\/strong><\/figcaption><\/figure>\n\n\n\n<figure class=\"wp-block-image size-large\"><img loading=\"lazy\" decoding=\"async\" width=\"375\" height=\"500\" data-id=\"84029\" src=\"https:\/\/www.iemj.org\/wp-content\/uploads\/2022\/05\/1965_Redim_Synagogue-Buffault-assistant-Mr-R.-Mosse-lors-dun-mariage.jpg\" alt=\"\" class=\"wp-image-84029\" srcset=\"https:\/\/www.iemj.org\/wp-content\/uploads\/2022\/05\/1965_Redim_Synagogue-Buffault-assistant-Mr-R.-Mosse-lors-dun-mariage.jpg 375w, https:\/\/www.iemj.org\/wp-content\/uploads\/2022\/05\/1965_Redim_Synagogue-Buffault-assistant-Mr-R.-Mosse-lors-dun-mariage-225x300.jpg 225w\" sizes=\"(max-width: 375px) 100vw, 375px\" \/><figcaption class=\"wp-element-caption\"><strong>Foto 4<\/strong><\/figcaption><\/figure>\n\n\n\n<figure class=\"wp-block-image size-large\"><img loading=\"lazy\" decoding=\"async\" width=\"367\" height=\"500\" data-id=\"84014\" src=\"https:\/\/www.iemj.org\/wp-content\/uploads\/2022\/05\/Redim_Benediction-lors-dune-celebration-de-mariage.jpg\" alt=\"\" class=\"wp-image-84014\" srcset=\"https:\/\/www.iemj.org\/wp-content\/uploads\/2022\/05\/Redim_Benediction-lors-dune-celebration-de-mariage.jpg 367w, https:\/\/www.iemj.org\/wp-content\/uploads\/2022\/05\/Redim_Benediction-lors-dune-celebration-de-mariage-220x300.jpg 220w\" sizes=\"(max-width: 367px) 100vw, 367px\" \/><figcaption class=\"wp-element-caption\"><strong>Foto 5<\/strong><\/figcaption><\/figure>\n\n\n\n<figure class=\"wp-block-image size-large\"><img loading=\"lazy\" decoding=\"async\" width=\"500\" height=\"497\" data-id=\"84019\" src=\"https:\/\/www.iemj.org\/wp-content\/uploads\/2022\/05\/Vitraux-de-Jacques-Arnold.jpeg\" alt=\"\" class=\"wp-image-84019\" srcset=\"https:\/\/www.iemj.org\/wp-content\/uploads\/2022\/05\/Vitraux-de-Jacques-Arnold.jpeg 500w, https:\/\/www.iemj.org\/wp-content\/uploads\/2022\/05\/Vitraux-de-Jacques-Arnold-300x298.jpeg 300w, https:\/\/www.iemj.org\/wp-content\/uploads\/2022\/05\/Vitraux-de-Jacques-Arnold-150x150.jpeg 150w, https:\/\/www.iemj.org\/wp-content\/uploads\/2022\/05\/Vitraux-de-Jacques-Arnold-100x100.jpeg 100w\" sizes=\"(max-width: 500px) 100vw, 500px\" \/><figcaption class=\"wp-element-caption\"><strong>Foto 6<\/strong><\/figcaption><\/figure>\n<figcaption class=\"blocks-gallery-caption wp-element-caption\"><strong>Foto 1<\/strong> : 1953 &#8211; Celebraci\u00f3n de Hannukah \u2013 Sinagoga de la calle Doudeauville (Par\u00eds 18\u00b0) recitaci\u00f3n de oraciones con Pinkas Chiguel, haz\u00e1n de la comunidad llamada actualmente K\u00e9douchat Levi &#8211; <strong>Foto 2 <\/strong>: 1960 &#8211; Kiddush del Bar Mitzvah de J. Arnold (a la izquierda en la foto) con el ministro de oficio Emile Ka\u00e7man &#8211; <strong>Foto 3<\/strong> : 1964 &#8211; Coro de los alumnos del seminario de la calle Vauquelin &#8211; <strong>Foto 4<\/strong> : 1965 &#8211; Sinagoga Buffault \u2013 Ayudando a R. Moss\u00e9 durante una boda &#8211; <strong>Foto 5<\/strong> : Bendici\u00f3n durante la celebraci\u00f3n de un matrimonio &#8211; <strong>Foto 6<\/strong> : Vitrales de Jacques Arnold<\/figcaption><\/figure>\n\n\n<\/p>\n<ul>\n<li><a href=\"https:\/\/www.iemj.org\/?s=Jacques+Arnold&amp;search_type=main&amp;submit=Search\" target=\"_blank\" rel=\"noopener\">M\u00e1s informaci\u00f3n sobre Jacques Arnold y escuchar sus programas de radio en la p\u00e1gina web del IEMJ<\/a><\/li>\n<li><a href=\"https:\/\/www.iemj.org\/le-hazzan-vecteur-du-chant-synagogal-jacques-arnold\/\" target=\"_blank\" rel=\"noopener\">Escuchar la conferencia de Jacques Arnold sobre el papel del hazan en el culto sinagogal<\/a><\/li>\n<li><a href=\"https:\/\/www.iemj.org\/fonds-jacques-arnold\/\" target=\"_blank\" rel=\"noopener\">Consultar el fondo de archivos (grabaciones sonoras, partituras, etc.) dado por Jacques Arnold al IEMJ<\/a><\/li>\n<li><a href=\"https:\/\/www.iemj.org\/es\/jacques-arnold-une-vie-au-service-de-la-hazzanout\/\" target=\"_blank\" rel=\"noopener\">Ver el v\u00eddeo <em>Jacques Arnold, Una vida al servicio de la Jazanut<\/em><\/a><\/li>\n<\/ul>\n\n\n<div data-wp-interactive=\"core\/file\" class=\"wp-block-file\"><object data-wp-bind--hidden=\"!state.hasPdfPreview\" hidden class=\"wp-block-file__embed\" data=\"https:\/\/www.iemj.org\/wp-content\/uploads\/2022\/05\/Article-sur-Jacques-Arnold-Vox-Aurea-Via-Sacra-Sept.-2014.pdf\" type=\"application\/pdf\" style=\"width:100%;height:600px\" aria-label=\"Incrustado de Art\u00edculo sobre Jacques Arnold, Vox Aurea-Via Sacra, Sept.2014.\"><\/object><a id=\"wp-block-file--media-bfb0456e-6258-4beb-85f9-8a6978d8e5e1\" href=\"https:\/\/www.iemj.org\/wp-content\/uploads\/2022\/05\/Article-sur-Jacques-Arnold-Vox-Aurea-Via-Sacra-Sept.-2014.pdf\">Art\u00edculo sobre Jacques Arnold, Vox Aurea-Via Sacra, Sept.2014<\/a><a href=\"https:\/\/www.iemj.org\/wp-content\/uploads\/2022\/05\/Article-sur-Jacques-Arnold-Vox-Aurea-Via-Sacra-Sept.-2014.pdf\" class=\"wp-block-file__button wp-element-button\" download aria-describedby=\"wp-block-file--media-bfb0456e-6258-4beb-85f9-8a6978d8e5e1\">Descargar PDF<\/a><\/div>\n","protected":false},"excerpt":{"rendered":"<p>Jacques Arnold naci\u00f3 el 29 de diciembre de 1946 en el 10\u00b0 distrito de Par\u00eds, en una familia tradicionalista comprometida con la cultura jud\u00eda. Asisti\u00f3 a la escuela primaria de<\/p>\n","protected":false},"author":5,"featured_media":83849,"comment_status":"closed","ping_status":"closed","sticky":false,"template":"","format":"standard","meta":{"_acf_changed":false,"footnotes":""},"categories":[1417],"tags":[],"technique":[],"squelettes":[],"sujet":[],"formation":[],"genre":[],"fonds":[],"tradition":[],"type-de-contenu":[],"interprete-compositeur":[],"frise":[],"type-devenement":[],"tableaux-liens-externes":[],"class_list":["post-84152","post","type-post","status-publish","format-standard","has-post-thumbnail","hentry","category-biografias-es"],"acf":[],"yoast_head":"<!-- This site is optimized with the Yoast SEO plugin v27.3 - https:\/\/yoast.com\/product\/yoast-seo-wordpress\/ -->\n<title>Arnold, Jacques (1946) - Institut Europ\u00e9en des Musiques Juives<\/title>\n<meta name=\"robots\" content=\"index, follow, max-snippet:-1, max-image-preview:large, max-video-preview:-1\" \/>\n<link rel=\"canonical\" href=\"https:\/\/www.iemj.org\/es\/arnold-jacques-1946\/\" \/>\n<meta property=\"og:locale\" content=\"es_ES\" \/>\n<meta property=\"og:type\" content=\"article\" \/>\n<meta property=\"og:title\" content=\"Arnold, Jacques (1946) - Institut Europ\u00e9en des Musiques Juives\" \/>\n<meta property=\"og:description\" content=\"Jacques Arnold naci\u00f3 el 29 de diciembre de 1946 en el 10\u00b0 distrito de Par\u00eds, en una familia tradicionalista comprometida con la cultura jud\u00eda. Asisti\u00f3 a la escuela primaria de\" \/>\n<meta property=\"og:url\" content=\"https:\/\/www.iemj.org\/es\/arnold-jacques-1946\/\" \/>\n<meta property=\"og:site_name\" content=\"Institut Europ\u00e9en des Musiques Juives\" \/>\n<meta property=\"article:publisher\" content=\"https:\/\/www.facebook.com\/MusiquesJuives\/\" \/>\n<meta property=\"article:published_time\" content=\"2022-05-11T10:18:20+00:00\" \/>\n<meta property=\"article:modified_time\" content=\"2024-10-14T11:03:15+00:00\" \/>\n<meta property=\"og:image\" content=\"https:\/\/www.iemj.org\/wp-content\/uploads\/2022\/05\/Logo-Bio-Jacques-Arnold.jpg\" \/>\n\t<meta property=\"og:image:width\" content=\"174\" \/>\n\t<meta property=\"og:image:height\" content=\"218\" \/>\n\t<meta property=\"og:image:type\" content=\"image\/jpeg\" \/>\n<meta name=\"author\" content=\"Jacqueline ROTEN\" \/>\n<meta name=\"twitter:card\" content=\"summary_large_image\" \/>\n<meta name=\"twitter:label1\" content=\"Escrito por\" \/>\n\t<meta name=\"twitter:data1\" content=\"Jacqueline ROTEN\" \/>\n\t<meta name=\"twitter:label2\" content=\"Tiempo de lectura\" \/>\n\t<meta name=\"twitter:data2\" content=\"6 minutos\" \/>\n<script type=\"application\/ld+json\" class=\"yoast-schema-graph\">{\"@context\":\"https:\\\/\\\/schema.org\",\"@graph\":[{\"@type\":\"Article\",\"@id\":\"https:\\\/\\\/www.iemj.org\\\/es\\\/arnold-jacques-1946\\\/#article\",\"isPartOf\":{\"@id\":\"https:\\\/\\\/www.iemj.org\\\/es\\\/arnold-jacques-1946\\\/\"},\"author\":{\"name\":\"Jacqueline ROTEN\",\"@id\":\"https:\\\/\\\/www.iemj.org\\\/es\\\/#\\\/schema\\\/person\\\/358e26c18aca017fcc4cc15437f7279c\"},\"headline\":\"Arnold, Jacques (1946)\",\"datePublished\":\"2022-05-11T10:18:20+00:00\",\"dateModified\":\"2024-10-14T11:03:15+00:00\",\"mainEntityOfPage\":{\"@id\":\"https:\\\/\\\/www.iemj.org\\\/es\\\/arnold-jacques-1946\\\/\"},\"wordCount\":700,\"publisher\":{\"@id\":\"https:\\\/\\\/www.iemj.org\\\/es\\\/#organization\"},\"image\":{\"@id\":\"https:\\\/\\\/www.iemj.org\\\/es\\\/arnold-jacques-1946\\\/#primaryimage\"},\"thumbnailUrl\":\"https:\\\/\\\/www.iemj.org\\\/wp-content\\\/uploads\\\/2022\\\/05\\\/Logo-Bio-Jacques-Arnold.jpg\",\"articleSection\":[\"Biograf\u00edas\"],\"inLanguage\":\"es\"},{\"@type\":\"WebPage\",\"@id\":\"https:\\\/\\\/www.iemj.org\\\/es\\\/arnold-jacques-1946\\\/\",\"url\":\"https:\\\/\\\/www.iemj.org\\\/es\\\/arnold-jacques-1946\\\/\",\"name\":\"Arnold, Jacques (1946) - Institut Europ\u00e9en des Musiques Juives\",\"isPartOf\":{\"@id\":\"https:\\\/\\\/www.iemj.org\\\/es\\\/#website\"},\"primaryImageOfPage\":{\"@id\":\"https:\\\/\\\/www.iemj.org\\\/es\\\/arnold-jacques-1946\\\/#primaryimage\"},\"image\":{\"@id\":\"https:\\\/\\\/www.iemj.org\\\/es\\\/arnold-jacques-1946\\\/#primaryimage\"},\"thumbnailUrl\":\"https:\\\/\\\/www.iemj.org\\\/wp-content\\\/uploads\\\/2022\\\/05\\\/Logo-Bio-Jacques-Arnold.jpg\",\"datePublished\":\"2022-05-11T10:18:20+00:00\",\"dateModified\":\"2024-10-14T11:03:15+00:00\",\"breadcrumb\":{\"@id\":\"https:\\\/\\\/www.iemj.org\\\/es\\\/arnold-jacques-1946\\\/#breadcrumb\"},\"inLanguage\":\"es\",\"potentialAction\":[{\"@type\":\"ReadAction\",\"target\":[\"https:\\\/\\\/www.iemj.org\\\/es\\\/arnold-jacques-1946\\\/\"]}]},{\"@type\":\"ImageObject\",\"inLanguage\":\"es\",\"@id\":\"https:\\\/\\\/www.iemj.org\\\/es\\\/arnold-jacques-1946\\\/#primaryimage\",\"url\":\"https:\\\/\\\/www.iemj.org\\\/wp-content\\\/uploads\\\/2022\\\/05\\\/Logo-Bio-Jacques-Arnold.jpg\",\"contentUrl\":\"https:\\\/\\\/www.iemj.org\\\/wp-content\\\/uploads\\\/2022\\\/05\\\/Logo-Bio-Jacques-Arnold.jpg\",\"width\":174,\"height\":218},{\"@type\":\"BreadcrumbList\",\"@id\":\"https:\\\/\\\/www.iemj.org\\\/es\\\/arnold-jacques-1946\\\/#breadcrumb\",\"itemListElement\":[{\"@type\":\"ListItem\",\"position\":1,\"name\":\"Accueil\",\"item\":\"https:\\\/\\\/www.iemj.org\\\/es\\\/\"},{\"@type\":\"ListItem\",\"position\":2,\"name\":\"Arnold, Jacques (1946)\"}]},{\"@type\":\"WebSite\",\"@id\":\"https:\\\/\\\/www.iemj.org\\\/es\\\/#website\",\"url\":\"https:\\\/\\\/www.iemj.org\\\/es\\\/\",\"name\":\"Institut Europ\u00e9en des Musiques Juives\",\"description\":\"Des traditions musicales \u00e0 la port\u00e9e de tous\",\"publisher\":{\"@id\":\"https:\\\/\\\/www.iemj.org\\\/es\\\/#organization\"},\"potentialAction\":[{\"@type\":\"SearchAction\",\"target\":{\"@type\":\"EntryPoint\",\"urlTemplate\":\"https:\\\/\\\/www.iemj.org\\\/es\\\/?s={search_term_string}\"},\"query-input\":{\"@type\":\"PropertyValueSpecification\",\"valueRequired\":true,\"valueName\":\"search_term_string\"}}],\"inLanguage\":\"es\"},{\"@type\":\"Organization\",\"@id\":\"https:\\\/\\\/www.iemj.org\\\/es\\\/#organization\",\"name\":\"Institut Europ\u00e9en des Musiques Juives\",\"url\":\"https:\\\/\\\/www.iemj.org\\\/es\\\/\",\"logo\":{\"@type\":\"ImageObject\",\"inLanguage\":\"es\",\"@id\":\"https:\\\/\\\/www.iemj.org\\\/es\\\/#\\\/schema\\\/logo\\\/image\\\/\",\"url\":\"https:\\\/\\\/www.iemj.org\\\/wp-content\\\/uploads\\\/2021\\\/09\\\/Logo-IEMJ-Paypal.jpg\",\"contentUrl\":\"https:\\\/\\\/www.iemj.org\\\/wp-content\\\/uploads\\\/2021\\\/09\\\/Logo-IEMJ-Paypal.jpg\",\"width\":150,\"height\":50,\"caption\":\"Institut Europ\u00e9en des Musiques Juives\"},\"image\":{\"@id\":\"https:\\\/\\\/www.iemj.org\\\/es\\\/#\\\/schema\\\/logo\\\/image\\\/\"},\"sameAs\":[\"https:\\\/\\\/www.facebook.com\\\/MusiquesJuives\\\/\",\"https:\\\/\\\/www.instagram.com\\\/musiquesjuives\\\/\",\"https:\\\/\\\/www.youtube.com\\\/user\\\/musiquesjuives\"]},{\"@type\":\"Person\",\"@id\":\"https:\\\/\\\/www.iemj.org\\\/es\\\/#\\\/schema\\\/person\\\/358e26c18aca017fcc4cc15437f7279c\",\"name\":\"Jacqueline ROTEN\",\"image\":{\"@type\":\"ImageObject\",\"inLanguage\":\"es\",\"@id\":\"https:\\\/\\\/secure.gravatar.com\\\/avatar\\\/5964256d6c6957de3a3505278957e0fb2a35119ac47ea41827a65301213c810b?s=96&d=mm&r=g\",\"url\":\"https:\\\/\\\/secure.gravatar.com\\\/avatar\\\/5964256d6c6957de3a3505278957e0fb2a35119ac47ea41827a65301213c810b?s=96&d=mm&r=g\",\"contentUrl\":\"https:\\\/\\\/secure.gravatar.com\\\/avatar\\\/5964256d6c6957de3a3505278957e0fb2a35119ac47ea41827a65301213c810b?s=96&d=mm&r=g\",\"caption\":\"Jacqueline ROTEN\"}}]}<\/script>\n<!-- \/ Yoast SEO plugin. -->","yoast_head_json":{"title":"Arnold, Jacques (1946) - Institut Europ\u00e9en des Musiques Juives","robots":{"index":"index","follow":"follow","max-snippet":"max-snippet:-1","max-image-preview":"max-image-preview:large","max-video-preview":"max-video-preview:-1"},"canonical":"https:\/\/www.iemj.org\/es\/arnold-jacques-1946\/","og_locale":"es_ES","og_type":"article","og_title":"Arnold, Jacques (1946) - Institut Europ\u00e9en des Musiques Juives","og_description":"Jacques Arnold naci\u00f3 el 29 de diciembre de 1946 en el 10\u00b0 distrito de Par\u00eds, en una familia tradicionalista comprometida con la cultura jud\u00eda. Asisti\u00f3 a la escuela primaria de","og_url":"https:\/\/www.iemj.org\/es\/arnold-jacques-1946\/","og_site_name":"Institut Europ\u00e9en des Musiques Juives","article_publisher":"https:\/\/www.facebook.com\/MusiquesJuives\/","article_published_time":"2022-05-11T10:18:20+00:00","article_modified_time":"2024-10-14T11:03:15+00:00","og_image":[{"width":174,"height":218,"url":"https:\/\/www.iemj.org\/wp-content\/uploads\/2022\/05\/Logo-Bio-Jacques-Arnold.jpg","type":"image\/jpeg"}],"author":"Jacqueline ROTEN","twitter_card":"summary_large_image","twitter_misc":{"Escrito por":"Jacqueline ROTEN","Tiempo de lectura":"6 minutos"},"schema":{"@context":"https:\/\/schema.org","@graph":[{"@type":"Article","@id":"https:\/\/www.iemj.org\/es\/arnold-jacques-1946\/#article","isPartOf":{"@id":"https:\/\/www.iemj.org\/es\/arnold-jacques-1946\/"},"author":{"name":"Jacqueline ROTEN","@id":"https:\/\/www.iemj.org\/es\/#\/schema\/person\/358e26c18aca017fcc4cc15437f7279c"},"headline":"Arnold, Jacques (1946)","datePublished":"2022-05-11T10:18:20+00:00","dateModified":"2024-10-14T11:03:15+00:00","mainEntityOfPage":{"@id":"https:\/\/www.iemj.org\/es\/arnold-jacques-1946\/"},"wordCount":700,"publisher":{"@id":"https:\/\/www.iemj.org\/es\/#organization"},"image":{"@id":"https:\/\/www.iemj.org\/es\/arnold-jacques-1946\/#primaryimage"},"thumbnailUrl":"https:\/\/www.iemj.org\/wp-content\/uploads\/2022\/05\/Logo-Bio-Jacques-Arnold.jpg","articleSection":["Biograf\u00edas"],"inLanguage":"es"},{"@type":"WebPage","@id":"https:\/\/www.iemj.org\/es\/arnold-jacques-1946\/","url":"https:\/\/www.iemj.org\/es\/arnold-jacques-1946\/","name":"Arnold, Jacques (1946) - Institut Europ\u00e9en des Musiques Juives","isPartOf":{"@id":"https:\/\/www.iemj.org\/es\/#website"},"primaryImageOfPage":{"@id":"https:\/\/www.iemj.org\/es\/arnold-jacques-1946\/#primaryimage"},"image":{"@id":"https:\/\/www.iemj.org\/es\/arnold-jacques-1946\/#primaryimage"},"thumbnailUrl":"https:\/\/www.iemj.org\/wp-content\/uploads\/2022\/05\/Logo-Bio-Jacques-Arnold.jpg","datePublished":"2022-05-11T10:18:20+00:00","dateModified":"2024-10-14T11:03:15+00:00","breadcrumb":{"@id":"https:\/\/www.iemj.org\/es\/arnold-jacques-1946\/#breadcrumb"},"inLanguage":"es","potentialAction":[{"@type":"ReadAction","target":["https:\/\/www.iemj.org\/es\/arnold-jacques-1946\/"]}]},{"@type":"ImageObject","inLanguage":"es","@id":"https:\/\/www.iemj.org\/es\/arnold-jacques-1946\/#primaryimage","url":"https:\/\/www.iemj.org\/wp-content\/uploads\/2022\/05\/Logo-Bio-Jacques-Arnold.jpg","contentUrl":"https:\/\/www.iemj.org\/wp-content\/uploads\/2022\/05\/Logo-Bio-Jacques-Arnold.jpg","width":174,"height":218},{"@type":"BreadcrumbList","@id":"https:\/\/www.iemj.org\/es\/arnold-jacques-1946\/#breadcrumb","itemListElement":[{"@type":"ListItem","position":1,"name":"Accueil","item":"https:\/\/www.iemj.org\/es\/"},{"@type":"ListItem","position":2,"name":"Arnold, Jacques (1946)"}]},{"@type":"WebSite","@id":"https:\/\/www.iemj.org\/es\/#website","url":"https:\/\/www.iemj.org\/es\/","name":"Institut Europ\u00e9en des Musiques Juives","description":"Des traditions musicales \u00e0 la port\u00e9e de tous","publisher":{"@id":"https:\/\/www.iemj.org\/es\/#organization"},"potentialAction":[{"@type":"SearchAction","target":{"@type":"EntryPoint","urlTemplate":"https:\/\/www.iemj.org\/es\/?s={search_term_string}"},"query-input":{"@type":"PropertyValueSpecification","valueRequired":true,"valueName":"search_term_string"}}],"inLanguage":"es"},{"@type":"Organization","@id":"https:\/\/www.iemj.org\/es\/#organization","name":"Institut Europ\u00e9en des Musiques Juives","url":"https:\/\/www.iemj.org\/es\/","logo":{"@type":"ImageObject","inLanguage":"es","@id":"https:\/\/www.iemj.org\/es\/#\/schema\/logo\/image\/","url":"https:\/\/www.iemj.org\/wp-content\/uploads\/2021\/09\/Logo-IEMJ-Paypal.jpg","contentUrl":"https:\/\/www.iemj.org\/wp-content\/uploads\/2021\/09\/Logo-IEMJ-Paypal.jpg","width":150,"height":50,"caption":"Institut Europ\u00e9en des Musiques Juives"},"image":{"@id":"https:\/\/www.iemj.org\/es\/#\/schema\/logo\/image\/"},"sameAs":["https:\/\/www.facebook.com\/MusiquesJuives\/","https:\/\/www.instagram.com\/musiquesjuives\/","https:\/\/www.youtube.com\/user\/musiquesjuives"]},{"@type":"Person","@id":"https:\/\/www.iemj.org\/es\/#\/schema\/person\/358e26c18aca017fcc4cc15437f7279c","name":"Jacqueline ROTEN","image":{"@type":"ImageObject","inLanguage":"es","@id":"https:\/\/secure.gravatar.com\/avatar\/5964256d6c6957de3a3505278957e0fb2a35119ac47ea41827a65301213c810b?s=96&d=mm&r=g","url":"https:\/\/secure.gravatar.com\/avatar\/5964256d6c6957de3a3505278957e0fb2a35119ac47ea41827a65301213c810b?s=96&d=mm&r=g","contentUrl":"https:\/\/secure.gravatar.com\/avatar\/5964256d6c6957de3a3505278957e0fb2a35119ac47ea41827a65301213c810b?s=96&d=mm&r=g","caption":"Jacqueline ROTEN"}}]}},"_links":{"self":[{"href":"https:\/\/www.iemj.org\/es\/wp-json\/wp\/v2\/posts\/84152","targetHints":{"allow":["GET"]}}],"collection":[{"href":"https:\/\/www.iemj.org\/es\/wp-json\/wp\/v2\/posts"}],"about":[{"href":"https:\/\/www.iemj.org\/es\/wp-json\/wp\/v2\/types\/post"}],"author":[{"embeddable":true,"href":"https:\/\/www.iemj.org\/es\/wp-json\/wp\/v2\/users\/5"}],"replies":[{"embeddable":true,"href":"https:\/\/www.iemj.org\/es\/wp-json\/wp\/v2\/comments?post=84152"}],"version-history":[{"count":0,"href":"https:\/\/www.iemj.org\/es\/wp-json\/wp\/v2\/posts\/84152\/revisions"}],"wp:featuredmedia":[{"embeddable":true,"href":"https:\/\/www.iemj.org\/es\/wp-json\/wp\/v2\/media\/83849"}],"wp:attachment":[{"href":"https:\/\/www.iemj.org\/es\/wp-json\/wp\/v2\/media?parent=84152"}],"wp:term":[{"taxonomy":"category","embeddable":true,"href":"https:\/\/www.iemj.org\/es\/wp-json\/wp\/v2\/categories?post=84152"},{"taxonomy":"post_tag","embeddable":true,"href":"https:\/\/www.iemj.org\/es\/wp-json\/wp\/v2\/tags?post=84152"},{"taxonomy":"technique","embeddable":true,"href":"https:\/\/www.iemj.org\/es\/wp-json\/wp\/v2\/technique?post=84152"},{"taxonomy":"squelettes","embeddable":true,"href":"https:\/\/www.iemj.org\/es\/wp-json\/wp\/v2\/squelettes?post=84152"},{"taxonomy":"sujet","embeddable":true,"href":"https:\/\/www.iemj.org\/es\/wp-json\/wp\/v2\/sujet?post=84152"},{"taxonomy":"formation","embeddable":true,"href":"https:\/\/www.iemj.org\/es\/wp-json\/wp\/v2\/formation?post=84152"},{"taxonomy":"genre","embeddable":true,"href":"https:\/\/www.iemj.org\/es\/wp-json\/wp\/v2\/genre?post=84152"},{"taxonomy":"fonds","embeddable":true,"href":"https:\/\/www.iemj.org\/es\/wp-json\/wp\/v2\/fonds?post=84152"},{"taxonomy":"tradition","embeddable":true,"href":"https:\/\/www.iemj.org\/es\/wp-json\/wp\/v2\/tradition?post=84152"},{"taxonomy":"type-de-contenu","embeddable":true,"href":"https:\/\/www.iemj.org\/es\/wp-json\/wp\/v2\/type-de-contenu?post=84152"},{"taxonomy":"interprete-compositeur","embeddable":true,"href":"https:\/\/www.iemj.org\/es\/wp-json\/wp\/v2\/interprete-compositeur?post=84152"},{"taxonomy":"frise","embeddable":true,"href":"https:\/\/www.iemj.org\/es\/wp-json\/wp\/v2\/frise?post=84152"},{"taxonomy":"type-devenement","embeddable":true,"href":"https:\/\/www.iemj.org\/es\/wp-json\/wp\/v2\/type-devenement?post=84152"},{"taxonomy":"tableaux-liens-externes","embeddable":true,"href":"https:\/\/www.iemj.org\/es\/wp-json\/wp\/v2\/tableaux-liens-externes?post=84152"}],"curies":[{"name":"wp","href":"https:\/\/api.w.org\/{rel}","templated":true}]}}