{"id":84175,"date":"2022-05-11T14:29:37","date_gmt":"2022-05-11T12:29:37","guid":{"rendered":"https:\/\/www.iemj.org\/kluger-jacques-1912-1963\/"},"modified":"2022-05-16T11:50:49","modified_gmt":"2022-05-16T09:50:49","slug":"kluger-jacques-1912-1963","status":"publish","type":"post","link":"https:\/\/www.iemj.org\/es\/kluger-jacques-1912-1963\/","title":{"rendered":"Kluger, Jacques (1912-1963)"},"content":{"rendered":"<p>Jacques Kluger naci\u00f3 el 23 de enero de 1912 en Anvers. Su padre, Maurice, comerciante nacido en Wisnicz en Galicia (actualmente en Polonia) en 1883, se instal\u00f3 en Anvers en 1905. Particip\u00f3 en la creaci\u00f3n de la bolsa de diamantes, y se cas\u00f3 con Rosa Steger, nacida en 1889.<\/p>\n<p>Jacques creci\u00f3 en Anvers \u2013 donde se encontraba en ese momento la mayor comunidad jud\u00eda de B\u00e9lgica &#8211; all\u00ed se dedic\u00f3 al tenis y al billar. A la vuelta de un exilio con su familia en los Pa\u00edses Bajos durante la Primera Guerra Mundial, Jacques termin\u00f3 sus estudios secundarios y aprendi\u00f3 cuatro lenguas: franc\u00e9s, ingl\u00e9s, alem\u00e1n y yidis (que le ser\u00e1 \u00fatil durante sus viajes de negocios y le permiti\u00f3 comunicar mejor con su padre), adem\u00e1s de su lengua materna, flamenco. Sin embargo, Jacques no sigui\u00f3 estudios superiores y empez\u00f3 a trabajar en 1929, en medio de una crisis econ\u00f3mica.<\/p>\n<figure id=\"attachment_83895\" aria-describedby=\"caption-attachment-83895\" style=\"width: 135px\" class=\"wp-caption alignright\"><img decoding=\"async\" class=\"wp-image-83899\" src=\"https:\/\/www.iemj.org\/wp-content\/uploads\/2022\/05\/J-Kluger-avec-Cab-Calloway-154x300.jpg\" alt=\"\" width=\"135\" height=\"263\" srcset=\"https:\/\/www.iemj.org\/wp-content\/uploads\/2022\/05\/J-Kluger-avec-Cab-Calloway-154x300.jpg 154w, https:\/\/www.iemj.org\/wp-content\/uploads\/2022\/05\/J-Kluger-avec-Cab-Calloway.jpg 164w\" sizes=\"(max-width: 135px) 100vw, 135px\" \/><figcaption id=\"caption-attachment-83895\" class=\"wp-caption-text\"><strong>Con Cab Calloway<\/strong><\/figcaption><\/figure>\n<p>Debido a la profesi\u00f3n de su padre, se destin\u00f3 a la industria del diamante y se prob\u00f3 en divisi\u00f3n [tama\u00f1o] del diamante durante un a\u00f1o, pero su pasi\u00f3n por la m\u00fasica decidi\u00f3 otra cosa, y a los 18 a\u00f1os, inspirado por sus \u00eddolos Duke Ellington y Cab Calloway, fund\u00f3 una orquesta de jazz aficionada titulada \u201cThe Collegians\u201d. Verdadero autodidacta, Jacques se embarc\u00f3 en el jazz que no era una m\u00fasica convencional en ese momento. Con su orquesta, que dirig\u00eda y que ten\u00eda como miembro su hermano Johnny en la bater\u00eda, gan\u00f3 muchas competiciones. Se descubri\u00f3 su talento y firm\u00f3 un contrato con la radio flamenca para presentar el primer programa radiof\u00f3nico de jazz en el mundo.<\/p>\n<div class=\"mceTemp\"><\/div>\n<figure id=\"attachment_83883\" aria-describedby=\"caption-attachment-83883\" style=\"width: 152px\" class=\"wp-caption alignleft\"><img decoding=\"async\" class=\"wp-image-83887\" src=\"https:\/\/www.iemj.org\/wp-content\/uploads\/2022\/05\/Capture-decran-2011-03-25-a-12.30.47.jpeg\" alt=\"\" width=\"152\" height=\"206\" \/><figcaption id=\"caption-attachment-83883\" class=\"wp-caption-text\"><strong>Con Louis Armstrong<\/strong><\/figcaption><\/figure>\n<p>A lo largo de los a\u00f1os 1930, Jacques organiz\u00f3 una serie de conciertos en Bruselas y Anvers con Duke Ellington y Louis Armstrong, en particular. Actu\u00f3 tambi\u00e9n cada fin de semana con su orquesta durante noches de baile. Fue tambi\u00e9n durante este per\u00edodo que se cas\u00f3 con Adela Rozenbaum en 1935, que encontr\u00f3 por primera vez diez a\u00f1os antes. Era la sobrina del asociado de su padre, y vino a Polonia desde Miechow a los trece a\u00f1os para trabajar como talladora de diamantes. Dos a\u00f1os m\u00e1s tarde, naci\u00f3 su primer hijo, Jean. Entonces, en v\u00edsperas de la Segunda Guerra Mundial, Jacques estaba instalada en Anvers, casado y padre de familia plenamente comprometido con su pasi\u00f3n musical, el jazz.<\/p>\n<p>Cuando la guerra estall\u00f3, Jacques huy\u00f3 la presencia nazi y se mud\u00f3 con su familia a Clermont-Ferrand, y luego pensando que la situaci\u00f3n iba a mejorarse y que podr\u00eda irse a Estados Unidos, volvi\u00f3 a Anvers. A todas luces, se equivoc\u00f3 y fue detenido la noche de Navidad de 1941 en un estudio de grabaci\u00f3n en compa\u00f1\u00eda de Felix Faecq, presidente del jazz club de B\u00e9lgica, por haber grabado y promovido m\u00fasica estadounidense. Tras 23 d\u00edas pasados en la c\u00e1rcel de Saint-Gilles, fueron liberados. A\u00fan optimista, se fue de Anvers s\u00f3lo en noviembre de 1942 y busc\u00f3 refugio con su familia en zona libre, en Villeneuve-de-Berg en Ard\u00e8che (departamento franc\u00e9s), donde naci\u00f3 en abril de 1943 su segundo hijo, Roland. Desde la llegada de las primeras tropas estadounidenses, en junio de 1944, Jacques y su hermano Johnny volvieron a Anvers. La familia de Jacques llegar\u00e1 all\u00ed en marzo de 1945 debido a des vicisitudes de la guerra.<\/p>\n<p>Al final de la Segunda Guerra Mundial empez\u00f3 una nueva era, y Felix Faecq que hered\u00f3 por su madre la editorial musical <em>World Music Company <\/em>le propuso que se asociaran. Entendiendo r\u00e1pidamente la importencia de dominar el conjunto de la cadena de producci\u00f3n musical, fundaron un sello titulado <em>Victory<\/em> con el cual firmaron la orquesta de Ray Ventura, en particular y su nuevo cantante Henri Salvador. Jacques organiz\u00f3 tambi\u00e9n, en el \u00e1mbito del Plan Marshall, conciertos para las tropas estadounidenses estacionadas en Alemania. En 1949 naci\u00f3 su tercer hijo, Ludovic. A principios de los a\u00f1os 1950, aprovechando del crecimiento de la industria discogr\u00e1fica liderada por la revoluci\u00f3n del microsurco<span class=\"footnote_referrer\"><a role=\"button\" tabindex=\"0\" onclick=\"footnote_moveToReference_84175_1('footnote_plugin_reference_84175_1_1');\" onkeypress=\"footnote_moveToReference_84175_1('footnote_plugin_reference_84175_1_1');\" ><sup id=\"footnote_plugin_tooltip_84175_1_1\" class=\"footnote_plugin_tooltip_text\">[1]<\/sup><\/a><span id=\"footnote_plugin_tooltip_text_84175_1_1\" class=\"footnote_tooltip\">Jacques Kluger y Felix Faecq fueron los primeros representantes en B\u00e9lgica de la compa\u00f1\u00eda Mercury con los nuevos LP (elep\u00e9) 25 y 30 cent\u00edmetros.<\/span><\/span><script type=\"text\/javascript\"> jQuery('#footnote_plugin_tooltip_84175_1_1').tooltip({ tip: '#footnote_plugin_tooltip_text_84175_1_1', tipClass: 'footnote_tooltip', effect: 'fade', predelay: 0, fadeInSpeed: 200, delay: 400, fadeOutSpeed: 200, position: 'top center', relative: true, offset: [-7, 0], });<\/script>, abri\u00f3 con Felix Faecq filiales en Londres (<em>Good Music<\/em>) en colaboraci\u00f3n con Ted Heath, en Nueva York (<em>Zodiac Music<\/em>), y tambi\u00e9n <em>empresas conjuntas<\/em> a trav\u00e9s del mundo. La efervescencia de las editoras musicales prest\u00e1ndose a ello, y Jacques teniendo una apetencia por lo internacional, se puso a viajar mucho &#8211; mientras las duraciones de los trayectos y de las estancias a\u00fan eran largas &#8211; y aprovech\u00f3 estos viajes para enriquecer su red editorial y asociarse con Wesley Rose en Nashville (Everly Brothers, Roy Orbison), Ralph Peer en Los Angeles (Brazil Tico Tico),\u00a0 Jimmy Philips en Londres, Sugar en Italia, y Rolf Marbot con Raoul Breton \u2013 el emblem\u00e1tico editor de Trenet, B\u00e9caud y Aznavour &#8211; en Francia. En pleno coraz\u00f3n de este frenes\u00ed, adem\u00e1s del hecho de adquirir derechos de autor mundiales como <em>Lullaby of Birdland<\/em>, produjo y export\u00f3 \u00e9xitos mundiales como <em>La Petite Valse<\/em> (\u2018<em>The Petite Waltz<\/em>\u2019) que existe en m\u00e1s de 200 versiones hoy en d\u00eda, como la de Errol Garner. As\u00ed se convirti\u00f3 en el fundador de la canci\u00f3n flamenca como editor y productor del artista n\u00b01 de ese momento en Flandes, Bobbejaan Schoepen, pero tambi\u00e9n Bob Benny, Jean Walter, Will Tura o Louis Neef. En 1958, fund\u00f3, siempre con Felix Faecq, una nueva editorial discogr\u00e1fica <em>Palette<\/em>, que tuvo muchos \u00e9xitos internacionales, como <em>Manhattan Spiritual<\/em> por Reg Owen y <em>Hawaii Tattoo<\/em> por The Waikikis.<\/p>\n<figure style=\"width: 320px\" class=\"wp-caption alignleft\"><img fetchpriority=\"high\" decoding=\"async\" src=\"https:\/\/www.iemj.org\/wp-content\/uploads\/2022\/05\/J-Kluger-et-Claude-Bolling.jpg\" alt=\"\" width=\"320\" height=\"193\" \/><figcaption class=\"wp-caption-text\"><strong>Con Claude Bolling<\/strong><\/figcaption><\/figure>\n<p>M\u00e1s all\u00e1 de la m\u00fasica, a Jacques le gustaban los creadores y \u00e9stos le daban un trabajo de buena calidad. Buscaba el talento y no pod\u00eda resistir cualquiera sea el lugar. Cambi\u00f3 el curso de la carrera de muchos artistas, como Annie Cordy, Eddie Constantine, el letrista holand\u00e9s Ernst Van Altena, o tambi\u00e9n el solista Alexis Weissenberg. Fue tambi\u00e9n el primer editor de Jacques Brel en Bruselas (<em>Il peut pleuvoir<\/em>), el productor de seis \u00e1lbumes con Dolf Van Der Linden y la orquesta de la radio de Hilversum en los Pa\u00edses Bajos y de Alice Babs en Suecia. Tambi\u00e9n permiti\u00f3 al compositor de <em>Bluesette<\/em>, Toots Thielemans, ir a Nueva York para encontrar a Georges Shearing y grabar con Benny Goodman. En 1950, el sello estadounidense Bally Records le pidi\u00f3 una serie de \u00e1lbumes de Jazz en Europa, con el pianista Claude Bolling en particular, para Francia. Jacques ser\u00e1 el testigo de la boda de \u00e9ste.<\/p>\n<p>Para Jacques, los proyectos y los \u00e9xitos se encadenaron. Produjo distintos \u00e1lbumes para la marca Capitol en Los Angeles, entre ellos <em>Jewish Music \u2013 Melodies Beloved the World Over<\/em>, una grabaci\u00f3n de 21 melod\u00edas jud\u00edas arregladas y orquestadas por Benedict Silberman, acompa\u00f1ado con la orquesta de la radio holandesa.<\/p>\n<figure id=\"attachment_83889\" aria-describedby=\"caption-attachment-83889\" style=\"width: 221px\" class=\"wp-caption alignright\"><img loading=\"lazy\" decoding=\"async\" class=\"wp-image-83893\" src=\"https:\/\/www.iemj.org\/wp-content\/uploads\/2022\/05\/CD_1190_VIG_CD-The-Best-Jewish-Songs-in-the-World-300x300.jpg\" alt=\"\" width=\"221\" height=\"221\" srcset=\"https:\/\/www.iemj.org\/wp-content\/uploads\/2022\/05\/CD_1190_VIG_CD-The-Best-Jewish-Songs-in-the-World-300x300.jpg 300w, https:\/\/www.iemj.org\/wp-content\/uploads\/2022\/05\/CD_1190_VIG_CD-The-Best-Jewish-Songs-in-the-World-150x150.jpg 150w, https:\/\/www.iemj.org\/wp-content\/uploads\/2022\/05\/CD_1190_VIG_CD-The-Best-Jewish-Songs-in-the-World-768x768.jpg 768w, https:\/\/www.iemj.org\/wp-content\/uploads\/2022\/05\/CD_1190_VIG_CD-The-Best-Jewish-Songs-in-the-World-600x600.jpg 600w, https:\/\/www.iemj.org\/wp-content\/uploads\/2022\/05\/CD_1190_VIG_CD-The-Best-Jewish-Songs-in-the-World-100x100.jpg 100w, https:\/\/www.iemj.org\/wp-content\/uploads\/2022\/05\/CD_1190_VIG_CD-The-Best-Jewish-Songs-in-the-World.jpg 794w\" sizes=\"(max-width: 221px) 100vw, 221px\" \/><figcaption id=\"caption-attachment-83889\" class=\"wp-caption-text\"><strong>The Best Jewish Songs in the World<\/strong><\/figcaption><\/figure>\n<p>Este proyecto le permiti\u00f3 rendir homenaje a su padre, que hab\u00eda muerto recientemente y que era gran amante de m\u00fasica tradicional jud\u00eda. Su madre, pianista talentuosa, le ayud\u00f3 a transcribir las canciones y melod\u00edas que elle tocaba con piano cuando animaba los fines de celebraciones de Shabat para los numerosos invitados de su marido al salir de la sinagoga. Este disco, que tuvo un cierto \u00e9xito, fue seguido un poco m\u00e1s tarde por la publicaci\u00f3n de un segundo 33 tours (vinilo) titulado <em>Jewish Memories<\/em>, incluyendo 14 nuevas melod\u00edas. Estos dos discos fueron compilados y reeditados varias veces en diferentes soportes, ya sean casetes audios (<em>The World of Traditional Jewish Memories<\/em>) o CD (<a href=\"https:\/\/www.iemj.org\/the-best-jewish-songs-in-the-world\/\" target=\"_blank\" rel=\"noopener\"><em>The Best Jewish Songs in the World, played by Benedict Silberman<\/em><\/a> ou encore <em>30 greatest Jewish Songs, played by B\u00e9n\u00e9dict Silberman<\/em>).<\/p>\n<figure id=\"attachment_83914\" aria-describedby=\"caption-attachment-83914\" style=\"width: 825px\" class=\"wp-caption aligncenter\"><img loading=\"lazy\" decoding=\"async\" class=\"wp-image-83914\" src=\"https:\/\/www.iemj.org\/wp-content\/uploads\/2022\/05\/Famille-kluger-lors-enrgtt-avec-B-Silberman-300x109.jpg\" alt=\"\" width=\"825\" height=\"300\" srcset=\"https:\/\/www.iemj.org\/wp-content\/uploads\/2022\/05\/Famille-kluger-lors-enrgtt-avec-B-Silberman-300x109.jpg 300w, https:\/\/www.iemj.org\/wp-content\/uploads\/2022\/05\/Famille-kluger-lors-enrgtt-avec-B-Silberman-768x279.jpg 768w, https:\/\/www.iemj.org\/wp-content\/uploads\/2022\/05\/Famille-kluger-lors-enrgtt-avec-B-Silberman-600x218.jpg 600w, https:\/\/www.iemj.org\/wp-content\/uploads\/2022\/05\/Famille-kluger-lors-enrgtt-avec-B-Silberman.jpg 826w\" sizes=\"(max-width: 825px) 100vw, 825px\" \/><figcaption id=\"caption-attachment-83914\" class=\"wp-caption-text\"><strong>La familia Kluger durante la grabaci\u00f3n con B. Silberman<\/strong><\/figcaption><\/figure>\n<p>A finales de los a\u00f1os 1950, sus dos hijos mayores, Jean y luego Roland, empezaron a trabajar con \u00e9l. Por desgracia, en 1961 sufr\u00eda una enfermedad (enfermedad de Lou Gehrig) que era incurable y r\u00e1pidamente le impidi\u00f3 ejercer cualquier tipo de actividad. Falleci\u00f3 dos a\u00f1os m\u00e1s tarde, el 26 de mayo de 1963, a los 51 a\u00f1os, acortando una vida llena de m\u00fasica, de viajes y de encuentros. Cumpli\u00f3 en un per\u00edodo de m\u00e1s o menos quince a\u00f1os lo que hubiera debido cumplirse a lo largo de una vida completa y supo vivir por su pasi\u00f3n. Desafortunadamente para \u00e9l y su familia, le falt\u00f3 s\u00f3lo una cosa: el tiempo de disfrutar.<\/p>\n<p>Biograf\u00eda realizada en abril de 2022 por Arthur, uno de los bisnietos de Jacques Kluger<\/p>\n<div class=\"speaker-mute footnotes_reference_container\"> <div class=\"footnote_container_prepare\"><p><span role=\"button\" tabindex=\"0\" class=\"footnote_reference_container_label pointer\" onclick=\"footnote_expand_collapse_reference_container_84175_1();\">&#x202F;<\/span><span role=\"button\" tabindex=\"0\" class=\"footnote_reference_container_collapse_button\" style=\"display: none;\" onclick=\"footnote_expand_collapse_reference_container_84175_1();\">[<a id=\"footnote_reference_container_collapse_button_84175_1\">+<\/a>]<\/span><\/p><\/div> <div id=\"footnote_references_container_84175_1\" style=\"\"><table class=\"footnotes_table footnote-reference-container\"><caption class=\"accessibility\">References<\/caption> <tbody> \r\n\r\n<tr class=\"footnotes_plugin_reference_row\"> <th scope=\"row\" class=\"footnote_plugin_index_combi pointer\"  onclick=\"footnote_moveToAnchor_84175_1('footnote_plugin_tooltip_84175_1_1');\"><a id=\"footnote_plugin_reference_84175_1_1\" class=\"footnote_backlink\">1<\/a><\/th> <td class=\"footnote_plugin_text\">Jacques Kluger y Felix Faecq fueron los primeros representantes en B\u00e9lgica de la compa\u00f1\u00eda Mercury con los nuevos LP (elep\u00e9) 25 y 30 cent\u00edmetros.<\/td><\/tr>\r\n\r\n <\/tbody> <\/table> <\/div><\/div><script type=\"text\/javascript\"> function footnote_expand_reference_container_84175_1() { jQuery('#footnote_references_container_84175_1').show(); jQuery('#footnote_reference_container_collapse_button_84175_1').text('\u2212'); } function footnote_collapse_reference_container_84175_1() { jQuery('#footnote_references_container_84175_1').hide(); jQuery('#footnote_reference_container_collapse_button_84175_1').text('+'); } function footnote_expand_collapse_reference_container_84175_1() { if (jQuery('#footnote_references_container_84175_1').is(':hidden')) { footnote_expand_reference_container_84175_1(); } else { footnote_collapse_reference_container_84175_1(); } } function footnote_moveToReference_84175_1(p_str_TargetID) { footnote_expand_reference_container_84175_1(); var l_obj_Target = jQuery('#' + p_str_TargetID); if (l_obj_Target.length) { jQuery( 'html, body' ).delay( 0 ); jQuery('html, body').animate({ scrollTop: l_obj_Target.offset().top - window.innerHeight * 0.2 }, 380); } } function footnote_moveToAnchor_84175_1(p_str_TargetID) { footnote_expand_reference_container_84175_1(); var l_obj_Target = jQuery('#' + p_str_TargetID); if (l_obj_Target.length) { jQuery( 'html, body' ).delay( 0 ); jQuery('html, body').animate({ scrollTop: l_obj_Target.offset().top - window.innerHeight * 0.2 }, 380); } }<\/script>","protected":false},"excerpt":{"rendered":"<p>Jacques Kluger naci\u00f3 el 23 de enero de 1912 en Anvers. Su padre, Maurice, comerciante nacido en Wisnicz en Galicia (actualmente en Polonia) en 1883, se instal\u00f3 en Anvers en<\/p>\n","protected":false},"author":5,"featured_media":83880,"comment_status":"closed","ping_status":"closed","sticky":false,"template":"","format":"standard","meta":{"_acf_changed":false,"footnotes":""},"categories":[1417],"tags":[],"technique":[],"squelettes":[],"sujet":[],"formation":[],"genre":[],"fonds":[],"tradition":[],"type-de-contenu":[],"interprete-compositeur":[],"frise":[],"type-devenement":[],"tableaux-liens-externes":[],"class_list":["post-84175","post","type-post","status-publish","format-standard","has-post-thumbnail","hentry","category-biografias-es"],"acf":[],"yoast_head":"<!-- This site is optimized with the Yoast SEO plugin v27.3 - https:\/\/yoast.com\/product\/yoast-seo-wordpress\/ -->\n<title>Kluger, Jacques (1912-1963) - Institut Europ\u00e9en des Musiques Juives<\/title>\n<meta name=\"robots\" content=\"index, follow, max-snippet:-1, max-image-preview:large, max-video-preview:-1\" \/>\n<link rel=\"canonical\" href=\"https:\/\/www.iemj.org\/es\/kluger-jacques-1912-1963\/\" \/>\n<meta property=\"og:locale\" content=\"es_ES\" \/>\n<meta property=\"og:type\" content=\"article\" \/>\n<meta property=\"og:title\" content=\"Kluger, Jacques (1912-1963) - Institut Europ\u00e9en des Musiques Juives\" \/>\n<meta property=\"og:description\" content=\"Jacques Kluger naci\u00f3 el 23 de enero de 1912 en Anvers. Su padre, Maurice, comerciante nacido en Wisnicz en Galicia (actualmente en Polonia) en 1883, se instal\u00f3 en Anvers en\" \/>\n<meta property=\"og:url\" content=\"https:\/\/www.iemj.org\/es\/kluger-jacques-1912-1963\/\" \/>\n<meta property=\"og:site_name\" content=\"Institut Europ\u00e9en des Musiques Juives\" \/>\n<meta property=\"article:publisher\" content=\"https:\/\/www.facebook.com\/MusiquesJuives\/\" \/>\n<meta property=\"article:published_time\" content=\"2022-05-11T12:29:37+00:00\" \/>\n<meta property=\"article:modified_time\" content=\"2022-05-16T09:50:49+00:00\" \/>\n<meta property=\"og:image\" content=\"https:\/\/www.iemj.org\/wp-content\/uploads\/2022\/05\/Logo-Bio-Jacques-Kluger.jpg\" \/>\n\t<meta property=\"og:image:width\" content=\"172\" \/>\n\t<meta property=\"og:image:height\" content=\"218\" \/>\n\t<meta property=\"og:image:type\" content=\"image\/jpeg\" \/>\n<meta name=\"author\" content=\"Jacqueline ROTEN\" \/>\n<meta name=\"twitter:card\" content=\"summary_large_image\" \/>\n<meta name=\"twitter:label1\" content=\"Escrito por\" \/>\n\t<meta name=\"twitter:data1\" content=\"Jacqueline ROTEN\" \/>\n\t<meta name=\"twitter:label2\" content=\"Tiempo de lectura\" \/>\n\t<meta name=\"twitter:data2\" content=\"9 minutos\" \/>\n<script type=\"application\/ld+json\" class=\"yoast-schema-graph\">{\"@context\":\"https:\\\/\\\/schema.org\",\"@graph\":[{\"@type\":\"Article\",\"@id\":\"https:\\\/\\\/www.iemj.org\\\/es\\\/kluger-jacques-1912-1963\\\/#article\",\"isPartOf\":{\"@id\":\"https:\\\/\\\/www.iemj.org\\\/es\\\/kluger-jacques-1912-1963\\\/\"},\"author\":{\"name\":\"Jacqueline ROTEN\",\"@id\":\"https:\\\/\\\/www.iemj.org\\\/es\\\/#\\\/schema\\\/person\\\/358e26c18aca017fcc4cc15437f7279c\"},\"headline\":\"Kluger, Jacques (1912-1963)\",\"datePublished\":\"2022-05-11T12:29:37+00:00\",\"dateModified\":\"2022-05-16T09:50:49+00:00\",\"mainEntityOfPage\":{\"@id\":\"https:\\\/\\\/www.iemj.org\\\/es\\\/kluger-jacques-1912-1963\\\/\"},\"wordCount\":1491,\"publisher\":{\"@id\":\"https:\\\/\\\/www.iemj.org\\\/es\\\/#organization\"},\"image\":{\"@id\":\"https:\\\/\\\/www.iemj.org\\\/es\\\/kluger-jacques-1912-1963\\\/#primaryimage\"},\"thumbnailUrl\":\"https:\\\/\\\/www.iemj.org\\\/wp-content\\\/uploads\\\/2022\\\/05\\\/Logo-Bio-Jacques-Kluger.jpg\",\"articleSection\":[\"Biograf\u00edas\"],\"inLanguage\":\"es\"},{\"@type\":\"WebPage\",\"@id\":\"https:\\\/\\\/www.iemj.org\\\/es\\\/kluger-jacques-1912-1963\\\/\",\"url\":\"https:\\\/\\\/www.iemj.org\\\/es\\\/kluger-jacques-1912-1963\\\/\",\"name\":\"Kluger, Jacques (1912-1963) - Institut Europ\u00e9en des Musiques Juives\",\"isPartOf\":{\"@id\":\"https:\\\/\\\/www.iemj.org\\\/es\\\/#website\"},\"primaryImageOfPage\":{\"@id\":\"https:\\\/\\\/www.iemj.org\\\/es\\\/kluger-jacques-1912-1963\\\/#primaryimage\"},\"image\":{\"@id\":\"https:\\\/\\\/www.iemj.org\\\/es\\\/kluger-jacques-1912-1963\\\/#primaryimage\"},\"thumbnailUrl\":\"https:\\\/\\\/www.iemj.org\\\/wp-content\\\/uploads\\\/2022\\\/05\\\/Logo-Bio-Jacques-Kluger.jpg\",\"datePublished\":\"2022-05-11T12:29:37+00:00\",\"dateModified\":\"2022-05-16T09:50:49+00:00\",\"breadcrumb\":{\"@id\":\"https:\\\/\\\/www.iemj.org\\\/es\\\/kluger-jacques-1912-1963\\\/#breadcrumb\"},\"inLanguage\":\"es\",\"potentialAction\":[{\"@type\":\"ReadAction\",\"target\":[\"https:\\\/\\\/www.iemj.org\\\/es\\\/kluger-jacques-1912-1963\\\/\"]}]},{\"@type\":\"ImageObject\",\"inLanguage\":\"es\",\"@id\":\"https:\\\/\\\/www.iemj.org\\\/es\\\/kluger-jacques-1912-1963\\\/#primaryimage\",\"url\":\"https:\\\/\\\/www.iemj.org\\\/wp-content\\\/uploads\\\/2022\\\/05\\\/Logo-Bio-Jacques-Kluger.jpg\",\"contentUrl\":\"https:\\\/\\\/www.iemj.org\\\/wp-content\\\/uploads\\\/2022\\\/05\\\/Logo-Bio-Jacques-Kluger.jpg\",\"width\":172,\"height\":218},{\"@type\":\"BreadcrumbList\",\"@id\":\"https:\\\/\\\/www.iemj.org\\\/es\\\/kluger-jacques-1912-1963\\\/#breadcrumb\",\"itemListElement\":[{\"@type\":\"ListItem\",\"position\":1,\"name\":\"Accueil\",\"item\":\"https:\\\/\\\/www.iemj.org\\\/es\\\/\"},{\"@type\":\"ListItem\",\"position\":2,\"name\":\"Kluger, Jacques (1912-1963)\"}]},{\"@type\":\"WebSite\",\"@id\":\"https:\\\/\\\/www.iemj.org\\\/es\\\/#website\",\"url\":\"https:\\\/\\\/www.iemj.org\\\/es\\\/\",\"name\":\"Institut Europ\u00e9en des Musiques Juives\",\"description\":\"Des traditions musicales \u00e0 la port\u00e9e de tous\",\"publisher\":{\"@id\":\"https:\\\/\\\/www.iemj.org\\\/es\\\/#organization\"},\"potentialAction\":[{\"@type\":\"SearchAction\",\"target\":{\"@type\":\"EntryPoint\",\"urlTemplate\":\"https:\\\/\\\/www.iemj.org\\\/es\\\/?s={search_term_string}\"},\"query-input\":{\"@type\":\"PropertyValueSpecification\",\"valueRequired\":true,\"valueName\":\"search_term_string\"}}],\"inLanguage\":\"es\"},{\"@type\":\"Organization\",\"@id\":\"https:\\\/\\\/www.iemj.org\\\/es\\\/#organization\",\"name\":\"Institut Europ\u00e9en des Musiques Juives\",\"url\":\"https:\\\/\\\/www.iemj.org\\\/es\\\/\",\"logo\":{\"@type\":\"ImageObject\",\"inLanguage\":\"es\",\"@id\":\"https:\\\/\\\/www.iemj.org\\\/es\\\/#\\\/schema\\\/logo\\\/image\\\/\",\"url\":\"https:\\\/\\\/www.iemj.org\\\/wp-content\\\/uploads\\\/2021\\\/09\\\/Logo-IEMJ-Paypal.jpg\",\"contentUrl\":\"https:\\\/\\\/www.iemj.org\\\/wp-content\\\/uploads\\\/2021\\\/09\\\/Logo-IEMJ-Paypal.jpg\",\"width\":150,\"height\":50,\"caption\":\"Institut Europ\u00e9en des Musiques Juives\"},\"image\":{\"@id\":\"https:\\\/\\\/www.iemj.org\\\/es\\\/#\\\/schema\\\/logo\\\/image\\\/\"},\"sameAs\":[\"https:\\\/\\\/www.facebook.com\\\/MusiquesJuives\\\/\",\"https:\\\/\\\/www.instagram.com\\\/musiquesjuives\\\/\",\"https:\\\/\\\/www.youtube.com\\\/user\\\/musiquesjuives\"]},{\"@type\":\"Person\",\"@id\":\"https:\\\/\\\/www.iemj.org\\\/es\\\/#\\\/schema\\\/person\\\/358e26c18aca017fcc4cc15437f7279c\",\"name\":\"Jacqueline ROTEN\",\"image\":{\"@type\":\"ImageObject\",\"inLanguage\":\"es\",\"@id\":\"https:\\\/\\\/secure.gravatar.com\\\/avatar\\\/5964256d6c6957de3a3505278957e0fb2a35119ac47ea41827a65301213c810b?s=96&d=mm&r=g\",\"url\":\"https:\\\/\\\/secure.gravatar.com\\\/avatar\\\/5964256d6c6957de3a3505278957e0fb2a35119ac47ea41827a65301213c810b?s=96&d=mm&r=g\",\"contentUrl\":\"https:\\\/\\\/secure.gravatar.com\\\/avatar\\\/5964256d6c6957de3a3505278957e0fb2a35119ac47ea41827a65301213c810b?s=96&d=mm&r=g\",\"caption\":\"Jacqueline ROTEN\"}}]}<\/script>\n<!-- \/ Yoast SEO plugin. -->","yoast_head_json":{"title":"Kluger, Jacques (1912-1963) - Institut Europ\u00e9en des Musiques Juives","robots":{"index":"index","follow":"follow","max-snippet":"max-snippet:-1","max-image-preview":"max-image-preview:large","max-video-preview":"max-video-preview:-1"},"canonical":"https:\/\/www.iemj.org\/es\/kluger-jacques-1912-1963\/","og_locale":"es_ES","og_type":"article","og_title":"Kluger, Jacques (1912-1963) - Institut Europ\u00e9en des Musiques Juives","og_description":"Jacques Kluger naci\u00f3 el 23 de enero de 1912 en Anvers. Su padre, Maurice, comerciante nacido en Wisnicz en Galicia (actualmente en Polonia) en 1883, se instal\u00f3 en Anvers en","og_url":"https:\/\/www.iemj.org\/es\/kluger-jacques-1912-1963\/","og_site_name":"Institut Europ\u00e9en des Musiques Juives","article_publisher":"https:\/\/www.facebook.com\/MusiquesJuives\/","article_published_time":"2022-05-11T12:29:37+00:00","article_modified_time":"2022-05-16T09:50:49+00:00","og_image":[{"width":172,"height":218,"url":"https:\/\/www.iemj.org\/wp-content\/uploads\/2022\/05\/Logo-Bio-Jacques-Kluger.jpg","type":"image\/jpeg"}],"author":"Jacqueline ROTEN","twitter_card":"summary_large_image","twitter_misc":{"Escrito por":"Jacqueline ROTEN","Tiempo de lectura":"9 minutos"},"schema":{"@context":"https:\/\/schema.org","@graph":[{"@type":"Article","@id":"https:\/\/www.iemj.org\/es\/kluger-jacques-1912-1963\/#article","isPartOf":{"@id":"https:\/\/www.iemj.org\/es\/kluger-jacques-1912-1963\/"},"author":{"name":"Jacqueline ROTEN","@id":"https:\/\/www.iemj.org\/es\/#\/schema\/person\/358e26c18aca017fcc4cc15437f7279c"},"headline":"Kluger, Jacques (1912-1963)","datePublished":"2022-05-11T12:29:37+00:00","dateModified":"2022-05-16T09:50:49+00:00","mainEntityOfPage":{"@id":"https:\/\/www.iemj.org\/es\/kluger-jacques-1912-1963\/"},"wordCount":1491,"publisher":{"@id":"https:\/\/www.iemj.org\/es\/#organization"},"image":{"@id":"https:\/\/www.iemj.org\/es\/kluger-jacques-1912-1963\/#primaryimage"},"thumbnailUrl":"https:\/\/www.iemj.org\/wp-content\/uploads\/2022\/05\/Logo-Bio-Jacques-Kluger.jpg","articleSection":["Biograf\u00edas"],"inLanguage":"es"},{"@type":"WebPage","@id":"https:\/\/www.iemj.org\/es\/kluger-jacques-1912-1963\/","url":"https:\/\/www.iemj.org\/es\/kluger-jacques-1912-1963\/","name":"Kluger, Jacques (1912-1963) - Institut Europ\u00e9en des Musiques Juives","isPartOf":{"@id":"https:\/\/www.iemj.org\/es\/#website"},"primaryImageOfPage":{"@id":"https:\/\/www.iemj.org\/es\/kluger-jacques-1912-1963\/#primaryimage"},"image":{"@id":"https:\/\/www.iemj.org\/es\/kluger-jacques-1912-1963\/#primaryimage"},"thumbnailUrl":"https:\/\/www.iemj.org\/wp-content\/uploads\/2022\/05\/Logo-Bio-Jacques-Kluger.jpg","datePublished":"2022-05-11T12:29:37+00:00","dateModified":"2022-05-16T09:50:49+00:00","breadcrumb":{"@id":"https:\/\/www.iemj.org\/es\/kluger-jacques-1912-1963\/#breadcrumb"},"inLanguage":"es","potentialAction":[{"@type":"ReadAction","target":["https:\/\/www.iemj.org\/es\/kluger-jacques-1912-1963\/"]}]},{"@type":"ImageObject","inLanguage":"es","@id":"https:\/\/www.iemj.org\/es\/kluger-jacques-1912-1963\/#primaryimage","url":"https:\/\/www.iemj.org\/wp-content\/uploads\/2022\/05\/Logo-Bio-Jacques-Kluger.jpg","contentUrl":"https:\/\/www.iemj.org\/wp-content\/uploads\/2022\/05\/Logo-Bio-Jacques-Kluger.jpg","width":172,"height":218},{"@type":"BreadcrumbList","@id":"https:\/\/www.iemj.org\/es\/kluger-jacques-1912-1963\/#breadcrumb","itemListElement":[{"@type":"ListItem","position":1,"name":"Accueil","item":"https:\/\/www.iemj.org\/es\/"},{"@type":"ListItem","position":2,"name":"Kluger, Jacques (1912-1963)"}]},{"@type":"WebSite","@id":"https:\/\/www.iemj.org\/es\/#website","url":"https:\/\/www.iemj.org\/es\/","name":"Institut Europ\u00e9en des Musiques Juives","description":"Des traditions musicales \u00e0 la port\u00e9e de tous","publisher":{"@id":"https:\/\/www.iemj.org\/es\/#organization"},"potentialAction":[{"@type":"SearchAction","target":{"@type":"EntryPoint","urlTemplate":"https:\/\/www.iemj.org\/es\/?s={search_term_string}"},"query-input":{"@type":"PropertyValueSpecification","valueRequired":true,"valueName":"search_term_string"}}],"inLanguage":"es"},{"@type":"Organization","@id":"https:\/\/www.iemj.org\/es\/#organization","name":"Institut Europ\u00e9en des Musiques Juives","url":"https:\/\/www.iemj.org\/es\/","logo":{"@type":"ImageObject","inLanguage":"es","@id":"https:\/\/www.iemj.org\/es\/#\/schema\/logo\/image\/","url":"https:\/\/www.iemj.org\/wp-content\/uploads\/2021\/09\/Logo-IEMJ-Paypal.jpg","contentUrl":"https:\/\/www.iemj.org\/wp-content\/uploads\/2021\/09\/Logo-IEMJ-Paypal.jpg","width":150,"height":50,"caption":"Institut Europ\u00e9en des Musiques Juives"},"image":{"@id":"https:\/\/www.iemj.org\/es\/#\/schema\/logo\/image\/"},"sameAs":["https:\/\/www.facebook.com\/MusiquesJuives\/","https:\/\/www.instagram.com\/musiquesjuives\/","https:\/\/www.youtube.com\/user\/musiquesjuives"]},{"@type":"Person","@id":"https:\/\/www.iemj.org\/es\/#\/schema\/person\/358e26c18aca017fcc4cc15437f7279c","name":"Jacqueline ROTEN","image":{"@type":"ImageObject","inLanguage":"es","@id":"https:\/\/secure.gravatar.com\/avatar\/5964256d6c6957de3a3505278957e0fb2a35119ac47ea41827a65301213c810b?s=96&d=mm&r=g","url":"https:\/\/secure.gravatar.com\/avatar\/5964256d6c6957de3a3505278957e0fb2a35119ac47ea41827a65301213c810b?s=96&d=mm&r=g","contentUrl":"https:\/\/secure.gravatar.com\/avatar\/5964256d6c6957de3a3505278957e0fb2a35119ac47ea41827a65301213c810b?s=96&d=mm&r=g","caption":"Jacqueline ROTEN"}}]}},"_links":{"self":[{"href":"https:\/\/www.iemj.org\/es\/wp-json\/wp\/v2\/posts\/84175","targetHints":{"allow":["GET"]}}],"collection":[{"href":"https:\/\/www.iemj.org\/es\/wp-json\/wp\/v2\/posts"}],"about":[{"href":"https:\/\/www.iemj.org\/es\/wp-json\/wp\/v2\/types\/post"}],"author":[{"embeddable":true,"href":"https:\/\/www.iemj.org\/es\/wp-json\/wp\/v2\/users\/5"}],"replies":[{"embeddable":true,"href":"https:\/\/www.iemj.org\/es\/wp-json\/wp\/v2\/comments?post=84175"}],"version-history":[{"count":0,"href":"https:\/\/www.iemj.org\/es\/wp-json\/wp\/v2\/posts\/84175\/revisions"}],"wp:featuredmedia":[{"embeddable":true,"href":"https:\/\/www.iemj.org\/es\/wp-json\/wp\/v2\/media\/83880"}],"wp:attachment":[{"href":"https:\/\/www.iemj.org\/es\/wp-json\/wp\/v2\/media?parent=84175"}],"wp:term":[{"taxonomy":"category","embeddable":true,"href":"https:\/\/www.iemj.org\/es\/wp-json\/wp\/v2\/categories?post=84175"},{"taxonomy":"post_tag","embeddable":true,"href":"https:\/\/www.iemj.org\/es\/wp-json\/wp\/v2\/tags?post=84175"},{"taxonomy":"technique","embeddable":true,"href":"https:\/\/www.iemj.org\/es\/wp-json\/wp\/v2\/technique?post=84175"},{"taxonomy":"squelettes","embeddable":true,"href":"https:\/\/www.iemj.org\/es\/wp-json\/wp\/v2\/squelettes?post=84175"},{"taxonomy":"sujet","embeddable":true,"href":"https:\/\/www.iemj.org\/es\/wp-json\/wp\/v2\/sujet?post=84175"},{"taxonomy":"formation","embeddable":true,"href":"https:\/\/www.iemj.org\/es\/wp-json\/wp\/v2\/formation?post=84175"},{"taxonomy":"genre","embeddable":true,"href":"https:\/\/www.iemj.org\/es\/wp-json\/wp\/v2\/genre?post=84175"},{"taxonomy":"fonds","embeddable":true,"href":"https:\/\/www.iemj.org\/es\/wp-json\/wp\/v2\/fonds?post=84175"},{"taxonomy":"tradition","embeddable":true,"href":"https:\/\/www.iemj.org\/es\/wp-json\/wp\/v2\/tradition?post=84175"},{"taxonomy":"type-de-contenu","embeddable":true,"href":"https:\/\/www.iemj.org\/es\/wp-json\/wp\/v2\/type-de-contenu?post=84175"},{"taxonomy":"interprete-compositeur","embeddable":true,"href":"https:\/\/www.iemj.org\/es\/wp-json\/wp\/v2\/interprete-compositeur?post=84175"},{"taxonomy":"frise","embeddable":true,"href":"https:\/\/www.iemj.org\/es\/wp-json\/wp\/v2\/frise?post=84175"},{"taxonomy":"type-devenement","embeddable":true,"href":"https:\/\/www.iemj.org\/es\/wp-json\/wp\/v2\/type-devenement?post=84175"},{"taxonomy":"tableaux-liens-externes","embeddable":true,"href":"https:\/\/www.iemj.org\/es\/wp-json\/wp\/v2\/tableaux-liens-externes?post=84175"}],"curies":[{"name":"wp","href":"https:\/\/api.w.org\/{rel}","templated":true}]}}