{"id":84230,"date":"2022-05-16T10:37:08","date_gmt":"2022-05-16T08:37:08","guid":{"rendered":"https:\/\/www.iemj.org\/jacques-arnold-une-vie-au-service-de-la-hazzanout\/"},"modified":"2022-05-18T11:52:42","modified_gmt":"2022-05-18T09:52:42","slug":"jacques-arnold-une-vie-au-service-de-la-hazzanout","status":"publish","type":"post","link":"https:\/\/www.iemj.org\/es\/jacques-arnold-une-vie-au-service-de-la-hazzanout\/","title":{"rendered":"Jacques Arnold, Una Vida al Servicio de la Jazanut"},"content":{"rendered":"<p>Nacido en 1946 en Par\u00eds, el cantor y rabino honor\u00edfico <a href=\"https:\/\/www.iemj.org\/es\/arnold-jacques-1946\/\">Jacques Arnold<\/a> narra la historia de su vida en este v\u00eddeo, desde sus estudios en la escuela Yavn\u00e9, su integraci\u00f3n en 1963 en la secci\u00f3n Liturgia-Pedagog\u00eda del Seminario Israelita de Francia donde sigui\u00f3 los cursos de L\u00e9on Algazi, Alberto Hemsi, Roland Moss\u00e9, Adolphe Attia, Shalom Berlinski, su compromiso con las comunidades de La Varenne, Bayona, La Victoire y el oratorio del hogar de ancianos de la Fundaci\u00f3n de Rothschild \u2013 calle de Picpus Par\u00eds 12\u00b0 donde dirigi\u00f3 los oficios durante 36 a\u00f1os.<\/p>\n<p>\u00a1Un testimonio raro y fascinante de una vida al servicio de la jazanut!<\/p>\n<p><a href=\"https:\/\/www.iemj.org\/?s=Jacques+Arnold&amp;search_type=main&amp;submit=Search\" target=\"_blank\" rel=\"noopener\">M\u00e1s informaci\u00f3n sobre Jacques Arnold y escuchar sus programas de radio en la p\u00e1gina web del IEMJ<\/a><\/p>\n<p><a href=\"https:\/\/www.iemj.org\/le-hazzan-vecteur-du-chant-synagogal-jacques-arnold\/\" target=\"_blank\" rel=\"noopener\">Ecuchar la conferencia de Jacques Arnold sobre el papel del haz\u00e1n en el culto sinagogal<\/a><\/p>\n<p><a href=\"https:\/\/www.iemj.org\/es\/fonds-jacques-arnold\/\" target=\"_blank\" rel=\"noopener\">Consultar el fondo de archivos (grabaciones sonoras, partituras, etc.) dado por Jacques Arnold al IEMJ<\/a><\/p>\n<p><a href=\"#_ftnref1\" name=\"_ftn1\"><\/a><\/p>\n\n\n<figure class=\"wp-block-embed is-type-video is-provider-youtube wp-block-embed-youtube wp-embed-aspect-16-9 wp-has-aspect-ratio\"><div class=\"wp-block-embed__wrapper\">\n<iframe title=\"Jacques Arnold, une vie au service de la hazzanout\" width=\"640\" height=\"360\" src=\"https:\/\/www.youtube.com\/embed\/J_MirIV41pw?feature=oembed\" frameborder=\"0\" allow=\"accelerometer; autoplay; clipboard-write; encrypted-media; gyroscope; picture-in-picture; web-share\" referrerpolicy=\"strict-origin-when-cross-origin\" allowfullscreen><\/iframe>\n<\/div><\/figure>\n","protected":false},"excerpt":{"rendered":"<p>Nacido en 1946 en Par\u00eds, el cantor y rabino honor\u00edfico Jacques Arnold narra la historia de su vida en este v\u00eddeo, desde sus estudios en la escuela Yavn\u00e9, su integraci\u00f3n<\/p>\n","protected":false},"author":5,"featured_media":84295,"comment_status":"closed","ping_status":"closed","sticky":false,"template":"","format":"standard","meta":{"_acf_changed":false,"footnotes":""},"categories":[1532],"tags":[],"technique":[],"squelettes":[],"sujet":[2109],"formation":[],"genre":[],"fonds":[],"tradition":[],"type-de-contenu":[],"interprete-compositeur":[],"frise":[],"type-devenement":[],"tableaux-liens-externes":[],"class_list":["post-84230","post","type-post","status-publish","format-standard","has-post-thumbnail","hentry","category-programas-tv-videos-es","sujet-el-cantor-hazzan-es"],"acf":[],"yoast_head":"<!-- This site is optimized with the Yoast SEO plugin v27.3 - https:\/\/yoast.com\/product\/yoast-seo-wordpress\/ -->\n<title>Jacques Arnold, Una Vida al Servicio de la Jazanut - Institut Europ\u00e9en des Musiques Juives<\/title>\n<meta name=\"robots\" content=\"index, follow, max-snippet:-1, max-image-preview:large, max-video-preview:-1\" \/>\n<link rel=\"canonical\" href=\"https:\/\/www.iemj.org\/es\/jacques-arnold-une-vie-au-service-de-la-hazzanout\/\" \/>\n<meta property=\"og:locale\" content=\"es_ES\" \/>\n<meta property=\"og:type\" content=\"article\" \/>\n<meta property=\"og:title\" content=\"Jacques Arnold, Una Vida al Servicio de la Jazanut - Institut Europ\u00e9en des Musiques Juives\" \/>\n<meta property=\"og:description\" content=\"Nacido en 1946 en Par\u00eds, el cantor y rabino honor\u00edfico Jacques Arnold narra la historia de su vida en este v\u00eddeo, desde sus estudios en la escuela Yavn\u00e9, su integraci\u00f3n\" \/>\n<meta property=\"og:url\" content=\"https:\/\/www.iemj.org\/es\/jacques-arnold-une-vie-au-service-de-la-hazzanout\/\" \/>\n<meta property=\"og:site_name\" content=\"Institut Europ\u00e9en des Musiques Juives\" \/>\n<meta property=\"article:publisher\" content=\"https:\/\/www.facebook.com\/MusiquesJuives\/\" \/>\n<meta property=\"article:published_time\" content=\"2022-05-16T08:37:08+00:00\" \/>\n<meta property=\"article:modified_time\" content=\"2022-05-18T09:52:42+00:00\" \/>\n<meta property=\"og:image\" content=\"https:\/\/www.iemj.org\/wp-content\/uploads\/2022\/05\/Logo-Video-J.A.-OK.jpg\" \/>\n\t<meta property=\"og:image:width\" content=\"350\" \/>\n\t<meta property=\"og:image:height\" content=\"350\" \/>\n\t<meta property=\"og:image:type\" content=\"image\/jpeg\" \/>\n<meta name=\"author\" content=\"Jacqueline ROTEN\" \/>\n<meta name=\"twitter:card\" content=\"summary_large_image\" \/>\n<meta name=\"twitter:label1\" content=\"Escrito por\" \/>\n\t<meta name=\"twitter:data1\" content=\"Jacqueline ROTEN\" \/>\n\t<meta name=\"twitter:label2\" content=\"Tiempo de lectura\" \/>\n\t<meta name=\"twitter:data2\" content=\"1 minuto\" \/>\n<script type=\"application\/ld+json\" class=\"yoast-schema-graph\">{\"@context\":\"https:\\\/\\\/schema.org\",\"@graph\":[{\"@type\":\"Article\",\"@id\":\"https:\\\/\\\/www.iemj.org\\\/es\\\/jacques-arnold-une-vie-au-service-de-la-hazzanout\\\/#article\",\"isPartOf\":{\"@id\":\"https:\\\/\\\/www.iemj.org\\\/es\\\/jacques-arnold-une-vie-au-service-de-la-hazzanout\\\/\"},\"author\":{\"name\":\"Jacqueline ROTEN\",\"@id\":\"https:\\\/\\\/www.iemj.org\\\/es\\\/#\\\/schema\\\/person\\\/358e26c18aca017fcc4cc15437f7279c\"},\"headline\":\"Jacques Arnold, Una Vida al Servicio de la Jazanut\",\"datePublished\":\"2022-05-16T08:37:08+00:00\",\"dateModified\":\"2022-05-18T09:52:42+00:00\",\"mainEntityOfPage\":{\"@id\":\"https:\\\/\\\/www.iemj.org\\\/es\\\/jacques-arnold-une-vie-au-service-de-la-hazzanout\\\/\"},\"wordCount\":179,\"publisher\":{\"@id\":\"https:\\\/\\\/www.iemj.org\\\/es\\\/#organization\"},\"image\":{\"@id\":\"https:\\\/\\\/www.iemj.org\\\/es\\\/jacques-arnold-une-vie-au-service-de-la-hazzanout\\\/#primaryimage\"},\"thumbnailUrl\":\"https:\\\/\\\/www.iemj.org\\\/wp-content\\\/uploads\\\/2022\\\/05\\\/Logo-Video-J.A.-OK.jpg\",\"articleSection\":[\"Programas TV \\\/ V\u00eddeos\"],\"inLanguage\":\"es\"},{\"@type\":\"WebPage\",\"@id\":\"https:\\\/\\\/www.iemj.org\\\/es\\\/jacques-arnold-une-vie-au-service-de-la-hazzanout\\\/\",\"url\":\"https:\\\/\\\/www.iemj.org\\\/es\\\/jacques-arnold-une-vie-au-service-de-la-hazzanout\\\/\",\"name\":\"Jacques Arnold, Una Vida al Servicio de la Jazanut - Institut Europ\u00e9en des Musiques Juives\",\"isPartOf\":{\"@id\":\"https:\\\/\\\/www.iemj.org\\\/es\\\/#website\"},\"primaryImageOfPage\":{\"@id\":\"https:\\\/\\\/www.iemj.org\\\/es\\\/jacques-arnold-une-vie-au-service-de-la-hazzanout\\\/#primaryimage\"},\"image\":{\"@id\":\"https:\\\/\\\/www.iemj.org\\\/es\\\/jacques-arnold-une-vie-au-service-de-la-hazzanout\\\/#primaryimage\"},\"thumbnailUrl\":\"https:\\\/\\\/www.iemj.org\\\/wp-content\\\/uploads\\\/2022\\\/05\\\/Logo-Video-J.A.-OK.jpg\",\"datePublished\":\"2022-05-16T08:37:08+00:00\",\"dateModified\":\"2022-05-18T09:52:42+00:00\",\"breadcrumb\":{\"@id\":\"https:\\\/\\\/www.iemj.org\\\/es\\\/jacques-arnold-une-vie-au-service-de-la-hazzanout\\\/#breadcrumb\"},\"inLanguage\":\"es\",\"potentialAction\":[{\"@type\":\"ReadAction\",\"target\":[\"https:\\\/\\\/www.iemj.org\\\/es\\\/jacques-arnold-une-vie-au-service-de-la-hazzanout\\\/\"]}]},{\"@type\":\"ImageObject\",\"inLanguage\":\"es\",\"@id\":\"https:\\\/\\\/www.iemj.org\\\/es\\\/jacques-arnold-une-vie-au-service-de-la-hazzanout\\\/#primaryimage\",\"url\":\"https:\\\/\\\/www.iemj.org\\\/wp-content\\\/uploads\\\/2022\\\/05\\\/Logo-Video-J.A.-OK.jpg\",\"contentUrl\":\"https:\\\/\\\/www.iemj.org\\\/wp-content\\\/uploads\\\/2022\\\/05\\\/Logo-Video-J.A.-OK.jpg\",\"width\":350,\"height\":350,\"caption\":\"Logo Vid\u00e9o\"},{\"@type\":\"BreadcrumbList\",\"@id\":\"https:\\\/\\\/www.iemj.org\\\/es\\\/jacques-arnold-une-vie-au-service-de-la-hazzanout\\\/#breadcrumb\",\"itemListElement\":[{\"@type\":\"ListItem\",\"position\":1,\"name\":\"Accueil\",\"item\":\"https:\\\/\\\/www.iemj.org\\\/es\\\/\"},{\"@type\":\"ListItem\",\"position\":2,\"name\":\"Jacques Arnold, Una Vida al Servicio de la Jazanut\"}]},{\"@type\":\"WebSite\",\"@id\":\"https:\\\/\\\/www.iemj.org\\\/es\\\/#website\",\"url\":\"https:\\\/\\\/www.iemj.org\\\/es\\\/\",\"name\":\"Institut Europ\u00e9en des Musiques Juives\",\"description\":\"Des traditions musicales \u00e0 la port\u00e9e de tous\",\"publisher\":{\"@id\":\"https:\\\/\\\/www.iemj.org\\\/es\\\/#organization\"},\"potentialAction\":[{\"@type\":\"SearchAction\",\"target\":{\"@type\":\"EntryPoint\",\"urlTemplate\":\"https:\\\/\\\/www.iemj.org\\\/es\\\/?s={search_term_string}\"},\"query-input\":{\"@type\":\"PropertyValueSpecification\",\"valueRequired\":true,\"valueName\":\"search_term_string\"}}],\"inLanguage\":\"es\"},{\"@type\":\"Organization\",\"@id\":\"https:\\\/\\\/www.iemj.org\\\/es\\\/#organization\",\"name\":\"Institut Europ\u00e9en des Musiques Juives\",\"url\":\"https:\\\/\\\/www.iemj.org\\\/es\\\/\",\"logo\":{\"@type\":\"ImageObject\",\"inLanguage\":\"es\",\"@id\":\"https:\\\/\\\/www.iemj.org\\\/es\\\/#\\\/schema\\\/logo\\\/image\\\/\",\"url\":\"https:\\\/\\\/www.iemj.org\\\/wp-content\\\/uploads\\\/2021\\\/09\\\/Logo-IEMJ-Paypal.jpg\",\"contentUrl\":\"https:\\\/\\\/www.iemj.org\\\/wp-content\\\/uploads\\\/2021\\\/09\\\/Logo-IEMJ-Paypal.jpg\",\"width\":150,\"height\":50,\"caption\":\"Institut Europ\u00e9en des Musiques Juives\"},\"image\":{\"@id\":\"https:\\\/\\\/www.iemj.org\\\/es\\\/#\\\/schema\\\/logo\\\/image\\\/\"},\"sameAs\":[\"https:\\\/\\\/www.facebook.com\\\/MusiquesJuives\\\/\",\"https:\\\/\\\/www.instagram.com\\\/musiquesjuives\\\/\",\"https:\\\/\\\/www.youtube.com\\\/user\\\/musiquesjuives\"]},{\"@type\":\"Person\",\"@id\":\"https:\\\/\\\/www.iemj.org\\\/es\\\/#\\\/schema\\\/person\\\/358e26c18aca017fcc4cc15437f7279c\",\"name\":\"Jacqueline ROTEN\",\"image\":{\"@type\":\"ImageObject\",\"inLanguage\":\"es\",\"@id\":\"https:\\\/\\\/secure.gravatar.com\\\/avatar\\\/5964256d6c6957de3a3505278957e0fb2a35119ac47ea41827a65301213c810b?s=96&d=mm&r=g\",\"url\":\"https:\\\/\\\/secure.gravatar.com\\\/avatar\\\/5964256d6c6957de3a3505278957e0fb2a35119ac47ea41827a65301213c810b?s=96&d=mm&r=g\",\"contentUrl\":\"https:\\\/\\\/secure.gravatar.com\\\/avatar\\\/5964256d6c6957de3a3505278957e0fb2a35119ac47ea41827a65301213c810b?s=96&d=mm&r=g\",\"caption\":\"Jacqueline ROTEN\"}}]}<\/script>\n<!-- \/ Yoast SEO plugin. -->","yoast_head_json":{"title":"Jacques Arnold, Una Vida al Servicio de la Jazanut - Institut Europ\u00e9en des Musiques Juives","robots":{"index":"index","follow":"follow","max-snippet":"max-snippet:-1","max-image-preview":"max-image-preview:large","max-video-preview":"max-video-preview:-1"},"canonical":"https:\/\/www.iemj.org\/es\/jacques-arnold-une-vie-au-service-de-la-hazzanout\/","og_locale":"es_ES","og_type":"article","og_title":"Jacques Arnold, Una Vida al Servicio de la Jazanut - Institut Europ\u00e9en des Musiques Juives","og_description":"Nacido en 1946 en Par\u00eds, el cantor y rabino honor\u00edfico Jacques Arnold narra la historia de su vida en este v\u00eddeo, desde sus estudios en la escuela Yavn\u00e9, su integraci\u00f3n","og_url":"https:\/\/www.iemj.org\/es\/jacques-arnold-une-vie-au-service-de-la-hazzanout\/","og_site_name":"Institut Europ\u00e9en des Musiques Juives","article_publisher":"https:\/\/www.facebook.com\/MusiquesJuives\/","article_published_time":"2022-05-16T08:37:08+00:00","article_modified_time":"2022-05-18T09:52:42+00:00","og_image":[{"width":350,"height":350,"url":"https:\/\/www.iemj.org\/wp-content\/uploads\/2022\/05\/Logo-Video-J.A.-OK.jpg","type":"image\/jpeg"}],"author":"Jacqueline ROTEN","twitter_card":"summary_large_image","twitter_misc":{"Escrito por":"Jacqueline ROTEN","Tiempo de lectura":"1 minuto"},"schema":{"@context":"https:\/\/schema.org","@graph":[{"@type":"Article","@id":"https:\/\/www.iemj.org\/es\/jacques-arnold-une-vie-au-service-de-la-hazzanout\/#article","isPartOf":{"@id":"https:\/\/www.iemj.org\/es\/jacques-arnold-une-vie-au-service-de-la-hazzanout\/"},"author":{"name":"Jacqueline ROTEN","@id":"https:\/\/www.iemj.org\/es\/#\/schema\/person\/358e26c18aca017fcc4cc15437f7279c"},"headline":"Jacques Arnold, Una Vida al Servicio de la Jazanut","datePublished":"2022-05-16T08:37:08+00:00","dateModified":"2022-05-18T09:52:42+00:00","mainEntityOfPage":{"@id":"https:\/\/www.iemj.org\/es\/jacques-arnold-une-vie-au-service-de-la-hazzanout\/"},"wordCount":179,"publisher":{"@id":"https:\/\/www.iemj.org\/es\/#organization"},"image":{"@id":"https:\/\/www.iemj.org\/es\/jacques-arnold-une-vie-au-service-de-la-hazzanout\/#primaryimage"},"thumbnailUrl":"https:\/\/www.iemj.org\/wp-content\/uploads\/2022\/05\/Logo-Video-J.A.-OK.jpg","articleSection":["Programas TV \/ V\u00eddeos"],"inLanguage":"es"},{"@type":"WebPage","@id":"https:\/\/www.iemj.org\/es\/jacques-arnold-une-vie-au-service-de-la-hazzanout\/","url":"https:\/\/www.iemj.org\/es\/jacques-arnold-une-vie-au-service-de-la-hazzanout\/","name":"Jacques Arnold, Una Vida al Servicio de la Jazanut - Institut Europ\u00e9en des Musiques Juives","isPartOf":{"@id":"https:\/\/www.iemj.org\/es\/#website"},"primaryImageOfPage":{"@id":"https:\/\/www.iemj.org\/es\/jacques-arnold-une-vie-au-service-de-la-hazzanout\/#primaryimage"},"image":{"@id":"https:\/\/www.iemj.org\/es\/jacques-arnold-une-vie-au-service-de-la-hazzanout\/#primaryimage"},"thumbnailUrl":"https:\/\/www.iemj.org\/wp-content\/uploads\/2022\/05\/Logo-Video-J.A.-OK.jpg","datePublished":"2022-05-16T08:37:08+00:00","dateModified":"2022-05-18T09:52:42+00:00","breadcrumb":{"@id":"https:\/\/www.iemj.org\/es\/jacques-arnold-une-vie-au-service-de-la-hazzanout\/#breadcrumb"},"inLanguage":"es","potentialAction":[{"@type":"ReadAction","target":["https:\/\/www.iemj.org\/es\/jacques-arnold-une-vie-au-service-de-la-hazzanout\/"]}]},{"@type":"ImageObject","inLanguage":"es","@id":"https:\/\/www.iemj.org\/es\/jacques-arnold-une-vie-au-service-de-la-hazzanout\/#primaryimage","url":"https:\/\/www.iemj.org\/wp-content\/uploads\/2022\/05\/Logo-Video-J.A.-OK.jpg","contentUrl":"https:\/\/www.iemj.org\/wp-content\/uploads\/2022\/05\/Logo-Video-J.A.-OK.jpg","width":350,"height":350,"caption":"Logo Vid\u00e9o"},{"@type":"BreadcrumbList","@id":"https:\/\/www.iemj.org\/es\/jacques-arnold-une-vie-au-service-de-la-hazzanout\/#breadcrumb","itemListElement":[{"@type":"ListItem","position":1,"name":"Accueil","item":"https:\/\/www.iemj.org\/es\/"},{"@type":"ListItem","position":2,"name":"Jacques Arnold, Una Vida al Servicio de la Jazanut"}]},{"@type":"WebSite","@id":"https:\/\/www.iemj.org\/es\/#website","url":"https:\/\/www.iemj.org\/es\/","name":"Institut Europ\u00e9en des Musiques Juives","description":"Des traditions musicales \u00e0 la port\u00e9e de tous","publisher":{"@id":"https:\/\/www.iemj.org\/es\/#organization"},"potentialAction":[{"@type":"SearchAction","target":{"@type":"EntryPoint","urlTemplate":"https:\/\/www.iemj.org\/es\/?s={search_term_string}"},"query-input":{"@type":"PropertyValueSpecification","valueRequired":true,"valueName":"search_term_string"}}],"inLanguage":"es"},{"@type":"Organization","@id":"https:\/\/www.iemj.org\/es\/#organization","name":"Institut Europ\u00e9en des Musiques Juives","url":"https:\/\/www.iemj.org\/es\/","logo":{"@type":"ImageObject","inLanguage":"es","@id":"https:\/\/www.iemj.org\/es\/#\/schema\/logo\/image\/","url":"https:\/\/www.iemj.org\/wp-content\/uploads\/2021\/09\/Logo-IEMJ-Paypal.jpg","contentUrl":"https:\/\/www.iemj.org\/wp-content\/uploads\/2021\/09\/Logo-IEMJ-Paypal.jpg","width":150,"height":50,"caption":"Institut Europ\u00e9en des Musiques Juives"},"image":{"@id":"https:\/\/www.iemj.org\/es\/#\/schema\/logo\/image\/"},"sameAs":["https:\/\/www.facebook.com\/MusiquesJuives\/","https:\/\/www.instagram.com\/musiquesjuives\/","https:\/\/www.youtube.com\/user\/musiquesjuives"]},{"@type":"Person","@id":"https:\/\/www.iemj.org\/es\/#\/schema\/person\/358e26c18aca017fcc4cc15437f7279c","name":"Jacqueline ROTEN","image":{"@type":"ImageObject","inLanguage":"es","@id":"https:\/\/secure.gravatar.com\/avatar\/5964256d6c6957de3a3505278957e0fb2a35119ac47ea41827a65301213c810b?s=96&d=mm&r=g","url":"https:\/\/secure.gravatar.com\/avatar\/5964256d6c6957de3a3505278957e0fb2a35119ac47ea41827a65301213c810b?s=96&d=mm&r=g","contentUrl":"https:\/\/secure.gravatar.com\/avatar\/5964256d6c6957de3a3505278957e0fb2a35119ac47ea41827a65301213c810b?s=96&d=mm&r=g","caption":"Jacqueline ROTEN"}}]}},"_links":{"self":[{"href":"https:\/\/www.iemj.org\/es\/wp-json\/wp\/v2\/posts\/84230","targetHints":{"allow":["GET"]}}],"collection":[{"href":"https:\/\/www.iemj.org\/es\/wp-json\/wp\/v2\/posts"}],"about":[{"href":"https:\/\/www.iemj.org\/es\/wp-json\/wp\/v2\/types\/post"}],"author":[{"embeddable":true,"href":"https:\/\/www.iemj.org\/es\/wp-json\/wp\/v2\/users\/5"}],"replies":[{"embeddable":true,"href":"https:\/\/www.iemj.org\/es\/wp-json\/wp\/v2\/comments?post=84230"}],"version-history":[{"count":0,"href":"https:\/\/www.iemj.org\/es\/wp-json\/wp\/v2\/posts\/84230\/revisions"}],"wp:featuredmedia":[{"embeddable":true,"href":"https:\/\/www.iemj.org\/es\/wp-json\/wp\/v2\/media\/84295"}],"wp:attachment":[{"href":"https:\/\/www.iemj.org\/es\/wp-json\/wp\/v2\/media?parent=84230"}],"wp:term":[{"taxonomy":"category","embeddable":true,"href":"https:\/\/www.iemj.org\/es\/wp-json\/wp\/v2\/categories?post=84230"},{"taxonomy":"post_tag","embeddable":true,"href":"https:\/\/www.iemj.org\/es\/wp-json\/wp\/v2\/tags?post=84230"},{"taxonomy":"technique","embeddable":true,"href":"https:\/\/www.iemj.org\/es\/wp-json\/wp\/v2\/technique?post=84230"},{"taxonomy":"squelettes","embeddable":true,"href":"https:\/\/www.iemj.org\/es\/wp-json\/wp\/v2\/squelettes?post=84230"},{"taxonomy":"sujet","embeddable":true,"href":"https:\/\/www.iemj.org\/es\/wp-json\/wp\/v2\/sujet?post=84230"},{"taxonomy":"formation","embeddable":true,"href":"https:\/\/www.iemj.org\/es\/wp-json\/wp\/v2\/formation?post=84230"},{"taxonomy":"genre","embeddable":true,"href":"https:\/\/www.iemj.org\/es\/wp-json\/wp\/v2\/genre?post=84230"},{"taxonomy":"fonds","embeddable":true,"href":"https:\/\/www.iemj.org\/es\/wp-json\/wp\/v2\/fonds?post=84230"},{"taxonomy":"tradition","embeddable":true,"href":"https:\/\/www.iemj.org\/es\/wp-json\/wp\/v2\/tradition?post=84230"},{"taxonomy":"type-de-contenu","embeddable":true,"href":"https:\/\/www.iemj.org\/es\/wp-json\/wp\/v2\/type-de-contenu?post=84230"},{"taxonomy":"interprete-compositeur","embeddable":true,"href":"https:\/\/www.iemj.org\/es\/wp-json\/wp\/v2\/interprete-compositeur?post=84230"},{"taxonomy":"frise","embeddable":true,"href":"https:\/\/www.iemj.org\/es\/wp-json\/wp\/v2\/frise?post=84230"},{"taxonomy":"type-devenement","embeddable":true,"href":"https:\/\/www.iemj.org\/es\/wp-json\/wp\/v2\/type-devenement?post=84230"},{"taxonomy":"tableaux-liens-externes","embeddable":true,"href":"https:\/\/www.iemj.org\/es\/wp-json\/wp\/v2\/tableaux-liens-externes?post=84230"}],"curies":[{"name":"wp","href":"https:\/\/api.w.org\/{rel}","templated":true}]}}