{"id":84465,"date":"2022-05-19T12:02:47","date_gmt":"2022-05-19T10:02:47","guid":{"rendered":"https:\/\/www.iemj.org\/meimoun-francois-1979\/"},"modified":"2022-05-23T12:03:58","modified_gmt":"2022-05-23T10:03:58","slug":"meimoun-francois-1979","status":"publish","type":"post","link":"https:\/\/www.iemj.org\/es\/meimoun-francois-1979\/","title":{"rendered":"Me\u00efmoun, Fran\u00e7ois (1979)"},"content":{"rendered":"<p>Nacido en 1979, Fran\u00e7ois Me\u00efmoun estudi\u00f3 en el Conservatorio Nacional Superior de M\u00fasica y Danza de Par\u00eds (CNSMDP) con Micha\u00ebl Levinas, en la Universidad Sorbonne-Par\u00eds IV en la Escuela de Estudios Superiores donde present\u00f3 una tesis de musicolog\u00eda sobre <em>La construcci\u00f3n del lenguaje de Pierre Boulez (1942-1948)<\/em><em>. Desde<\/em> 2017, ense\u00f1a el an\u00e1lisis musical en el CNSMDP y es tambi\u00e9n director de la colecci\u00f3n \u00ab M\u00fasicas siglos XX-XXI \u00bb en las ediciones Aedam Musicae.<\/p>\n<p>Ganador de distintos premios prestigiosos de composiciones (Grand Prix de la musique symphonique, Premio Nadia y Lili Boulanger, Acad\u00e9mie des Beaux-Arts), Fran\u00e7ois Me\u00efmoun es el autor de unas cuarenta obras instrumentales y vocales, especialmente interpretadas por el Cuarteto Ardeo, el Cuarteto Arditti, el Cuarteto Tana, el Cuarteto Voce, las Percussions de Strasbourg, la Orquesta Filarm\u00f3nica de Radio Francia y por muchos solistas, como Alain Billard, \u00c9lise Chauvin, Marc Coppey, Christophe Desjardins, Chen Halevi, Garth Knox, Marie Kobayashi, Olivier Patey, H\u00e9l\u00e8ne Tysman, Marie Vermeulin, S\u00e9bastien Vichard y Vanessa Wagner. Regularmente es programado en muchos festivales como los de Aix en Provenza, de Chaillol, M\u00fasica Estrasburgo, ManiFeste, Musiques sur Ciel, Las M\u00fasicas de Marsella, Los Musicales de Colmar, Zeitkunst en Berl\u00edn y Belo Horizonte en Brasil.<\/p>\n<p>Un determinado n\u00famero de sus obras se relaciona con la tradici\u00f3n jud\u00eda de la que proviene, como <em>Tsimtsoum<\/em><em> para<\/em> quinteto de cuerda (2015), <em>P\u00e9r\u00e8k chira<\/em><em> para<\/em> cuarteto de cuerda con piano (2015) ; <em>Hora<\/em> para dos pianos (2017) ; <em>La danse de David<\/em> para violonchelo (2019), <em>Terouah<\/em><em> \u2013 <\/em><em>Psaume 150 <\/em><em>para<\/em> \u00f3rgano (2022) \u2026 Su <strong><a href=\"https:\/\/www.iemj.org\/es\/francois-meimoun-kaddish-pour-mezzo-quatuor-a-cordes\/\" target=\"_blank\" rel=\"noopener\"><em>Kaddish<\/em><em> para<\/em> mezzosoprano y cuarteto de cuerda (2016)<\/a><\/strong> resulta de un pedido de la sinagoga de la ULIF-Copernic (Par\u00eds) que lo estren\u00f3 a nivel mundial el 13 de noviembre de 2016 \u00a0en el marco de un concierto dedicado a la memoria de todas las v\u00edctimas del terrorismo.<\/p>\n\n\n<p><\/p>\n","protected":false},"excerpt":{"rendered":"<p>Nacido en 1979, Fran\u00e7ois Me\u00efmoun estudi\u00f3 en el Conservatorio Nacional Superior de M\u00fasica y Danza de Par\u00eds (CNSMDP) con Micha\u00ebl Levinas, en la Universidad Sorbonne-Par\u00eds IV en la Escuela de<\/p>\n","protected":false},"author":5,"featured_media":84344,"comment_status":"closed","ping_status":"closed","sticky":false,"template":"","format":"standard","meta":{"_acf_changed":false,"footnotes":""},"categories":[1417],"tags":[],"technique":[],"squelettes":[],"sujet":[],"formation":[],"genre":[],"fonds":[],"tradition":[],"type-de-contenu":[],"interprete-compositeur":[],"frise":[],"type-devenement":[],"tableaux-liens-externes":[],"class_list":["post-84465","post","type-post","status-publish","format-standard","has-post-thumbnail","hentry","category-biografias-es"],"acf":[],"yoast_head":"<!-- This site is optimized with the Yoast SEO plugin v27.3 - https:\/\/yoast.com\/product\/yoast-seo-wordpress\/ -->\n<title>Me\u00efmoun, Fran\u00e7ois (1979) - Institut Europ\u00e9en des Musiques Juives<\/title>\n<meta name=\"robots\" content=\"index, follow, max-snippet:-1, max-image-preview:large, max-video-preview:-1\" \/>\n<link rel=\"canonical\" href=\"https:\/\/www.iemj.org\/es\/meimoun-francois-1979\/\" \/>\n<meta property=\"og:locale\" content=\"es_ES\" \/>\n<meta property=\"og:type\" content=\"article\" \/>\n<meta property=\"og:title\" content=\"Me\u00efmoun, Fran\u00e7ois (1979) - Institut Europ\u00e9en des Musiques Juives\" \/>\n<meta property=\"og:description\" content=\"Nacido en 1979, Fran\u00e7ois Me\u00efmoun estudi\u00f3 en el Conservatorio Nacional Superior de M\u00fasica y Danza de Par\u00eds (CNSMDP) con Micha\u00ebl Levinas, en la Universidad Sorbonne-Par\u00eds IV en la Escuela de\" \/>\n<meta property=\"og:url\" content=\"https:\/\/www.iemj.org\/es\/meimoun-francois-1979\/\" \/>\n<meta property=\"og:site_name\" content=\"Institut Europ\u00e9en des Musiques Juives\" \/>\n<meta property=\"article:publisher\" content=\"https:\/\/www.facebook.com\/MusiquesJuives\/\" \/>\n<meta property=\"article:published_time\" content=\"2022-05-19T10:02:47+00:00\" \/>\n<meta property=\"article:modified_time\" content=\"2022-05-23T10:03:58+00:00\" \/>\n<meta property=\"og:image\" content=\"https:\/\/www.iemj.org\/wp-content\/uploads\/2022\/05\/Photo-F-Meimoun_Vignette-boutique-e1652954453979.jpg\" \/>\n\t<meta property=\"og:image:width\" content=\"245\" \/>\n\t<meta property=\"og:image:height\" content=\"250\" \/>\n\t<meta property=\"og:image:type\" content=\"image\/jpeg\" \/>\n<meta name=\"author\" content=\"Jacqueline ROTEN\" \/>\n<meta name=\"twitter:card\" content=\"summary_large_image\" \/>\n<meta name=\"twitter:label1\" content=\"Escrito por\" \/>\n\t<meta name=\"twitter:data1\" content=\"Jacqueline ROTEN\" \/>\n\t<meta name=\"twitter:label2\" content=\"Tiempo de lectura\" \/>\n\t<meta name=\"twitter:data2\" content=\"2 minutos\" \/>\n<script type=\"application\/ld+json\" class=\"yoast-schema-graph\">{\"@context\":\"https:\\\/\\\/schema.org\",\"@graph\":[{\"@type\":\"Article\",\"@id\":\"https:\\\/\\\/www.iemj.org\\\/es\\\/meimoun-francois-1979\\\/#article\",\"isPartOf\":{\"@id\":\"https:\\\/\\\/www.iemj.org\\\/es\\\/meimoun-francois-1979\\\/\"},\"author\":{\"name\":\"Jacqueline ROTEN\",\"@id\":\"https:\\\/\\\/www.iemj.org\\\/es\\\/#\\\/schema\\\/person\\\/358e26c18aca017fcc4cc15437f7279c\"},\"headline\":\"Me\u00efmoun, Fran\u00e7ois (1979)\",\"datePublished\":\"2022-05-19T10:02:47+00:00\",\"dateModified\":\"2022-05-23T10:03:58+00:00\",\"mainEntityOfPage\":{\"@id\":\"https:\\\/\\\/www.iemj.org\\\/es\\\/meimoun-francois-1979\\\/\"},\"wordCount\":316,\"publisher\":{\"@id\":\"https:\\\/\\\/www.iemj.org\\\/es\\\/#organization\"},\"image\":{\"@id\":\"https:\\\/\\\/www.iemj.org\\\/es\\\/meimoun-francois-1979\\\/#primaryimage\"},\"thumbnailUrl\":\"https:\\\/\\\/www.iemj.org\\\/wp-content\\\/uploads\\\/2022\\\/05\\\/Photo-F-Meimoun_Vignette-boutique-e1652954453979.jpg\",\"articleSection\":[\"Biograf\u00edas\"],\"inLanguage\":\"es\"},{\"@type\":\"WebPage\",\"@id\":\"https:\\\/\\\/www.iemj.org\\\/es\\\/meimoun-francois-1979\\\/\",\"url\":\"https:\\\/\\\/www.iemj.org\\\/es\\\/meimoun-francois-1979\\\/\",\"name\":\"Me\u00efmoun, Fran\u00e7ois (1979) - Institut Europ\u00e9en des Musiques Juives\",\"isPartOf\":{\"@id\":\"https:\\\/\\\/www.iemj.org\\\/es\\\/#website\"},\"primaryImageOfPage\":{\"@id\":\"https:\\\/\\\/www.iemj.org\\\/es\\\/meimoun-francois-1979\\\/#primaryimage\"},\"image\":{\"@id\":\"https:\\\/\\\/www.iemj.org\\\/es\\\/meimoun-francois-1979\\\/#primaryimage\"},\"thumbnailUrl\":\"https:\\\/\\\/www.iemj.org\\\/wp-content\\\/uploads\\\/2022\\\/05\\\/Photo-F-Meimoun_Vignette-boutique-e1652954453979.jpg\",\"datePublished\":\"2022-05-19T10:02:47+00:00\",\"dateModified\":\"2022-05-23T10:03:58+00:00\",\"breadcrumb\":{\"@id\":\"https:\\\/\\\/www.iemj.org\\\/es\\\/meimoun-francois-1979\\\/#breadcrumb\"},\"inLanguage\":\"es\",\"potentialAction\":[{\"@type\":\"ReadAction\",\"target\":[\"https:\\\/\\\/www.iemj.org\\\/es\\\/meimoun-francois-1979\\\/\"]}]},{\"@type\":\"ImageObject\",\"inLanguage\":\"es\",\"@id\":\"https:\\\/\\\/www.iemj.org\\\/es\\\/meimoun-francois-1979\\\/#primaryimage\",\"url\":\"https:\\\/\\\/www.iemj.org\\\/wp-content\\\/uploads\\\/2022\\\/05\\\/Photo-F-Meimoun_Vignette-boutique-e1652954453979.jpg\",\"contentUrl\":\"https:\\\/\\\/www.iemj.org\\\/wp-content\\\/uploads\\\/2022\\\/05\\\/Photo-F-Meimoun_Vignette-boutique-e1652954453979.jpg\",\"width\":245,\"height\":250},{\"@type\":\"BreadcrumbList\",\"@id\":\"https:\\\/\\\/www.iemj.org\\\/es\\\/meimoun-francois-1979\\\/#breadcrumb\",\"itemListElement\":[{\"@type\":\"ListItem\",\"position\":1,\"name\":\"Accueil\",\"item\":\"https:\\\/\\\/www.iemj.org\\\/es\\\/\"},{\"@type\":\"ListItem\",\"position\":2,\"name\":\"Me\u00efmoun, Fran\u00e7ois (1979)\"}]},{\"@type\":\"WebSite\",\"@id\":\"https:\\\/\\\/www.iemj.org\\\/es\\\/#website\",\"url\":\"https:\\\/\\\/www.iemj.org\\\/es\\\/\",\"name\":\"Institut Europ\u00e9en des Musiques Juives\",\"description\":\"Des traditions musicales \u00e0 la port\u00e9e de tous\",\"publisher\":{\"@id\":\"https:\\\/\\\/www.iemj.org\\\/es\\\/#organization\"},\"potentialAction\":[{\"@type\":\"SearchAction\",\"target\":{\"@type\":\"EntryPoint\",\"urlTemplate\":\"https:\\\/\\\/www.iemj.org\\\/es\\\/?s={search_term_string}\"},\"query-input\":{\"@type\":\"PropertyValueSpecification\",\"valueRequired\":true,\"valueName\":\"search_term_string\"}}],\"inLanguage\":\"es\"},{\"@type\":\"Organization\",\"@id\":\"https:\\\/\\\/www.iemj.org\\\/es\\\/#organization\",\"name\":\"Institut Europ\u00e9en des Musiques Juives\",\"url\":\"https:\\\/\\\/www.iemj.org\\\/es\\\/\",\"logo\":{\"@type\":\"ImageObject\",\"inLanguage\":\"es\",\"@id\":\"https:\\\/\\\/www.iemj.org\\\/es\\\/#\\\/schema\\\/logo\\\/image\\\/\",\"url\":\"https:\\\/\\\/www.iemj.org\\\/wp-content\\\/uploads\\\/2021\\\/09\\\/Logo-IEMJ-Paypal.jpg\",\"contentUrl\":\"https:\\\/\\\/www.iemj.org\\\/wp-content\\\/uploads\\\/2021\\\/09\\\/Logo-IEMJ-Paypal.jpg\",\"width\":150,\"height\":50,\"caption\":\"Institut Europ\u00e9en des Musiques Juives\"},\"image\":{\"@id\":\"https:\\\/\\\/www.iemj.org\\\/es\\\/#\\\/schema\\\/logo\\\/image\\\/\"},\"sameAs\":[\"https:\\\/\\\/www.facebook.com\\\/MusiquesJuives\\\/\",\"https:\\\/\\\/www.instagram.com\\\/musiquesjuives\\\/\",\"https:\\\/\\\/www.youtube.com\\\/user\\\/musiquesjuives\"]},{\"@type\":\"Person\",\"@id\":\"https:\\\/\\\/www.iemj.org\\\/es\\\/#\\\/schema\\\/person\\\/358e26c18aca017fcc4cc15437f7279c\",\"name\":\"Jacqueline ROTEN\",\"image\":{\"@type\":\"ImageObject\",\"inLanguage\":\"es\",\"@id\":\"https:\\\/\\\/secure.gravatar.com\\\/avatar\\\/5964256d6c6957de3a3505278957e0fb2a35119ac47ea41827a65301213c810b?s=96&d=mm&r=g\",\"url\":\"https:\\\/\\\/secure.gravatar.com\\\/avatar\\\/5964256d6c6957de3a3505278957e0fb2a35119ac47ea41827a65301213c810b?s=96&d=mm&r=g\",\"contentUrl\":\"https:\\\/\\\/secure.gravatar.com\\\/avatar\\\/5964256d6c6957de3a3505278957e0fb2a35119ac47ea41827a65301213c810b?s=96&d=mm&r=g\",\"caption\":\"Jacqueline ROTEN\"}}]}<\/script>\n<!-- \/ Yoast SEO plugin. -->","yoast_head_json":{"title":"Me\u00efmoun, Fran\u00e7ois (1979) - Institut Europ\u00e9en des Musiques Juives","robots":{"index":"index","follow":"follow","max-snippet":"max-snippet:-1","max-image-preview":"max-image-preview:large","max-video-preview":"max-video-preview:-1"},"canonical":"https:\/\/www.iemj.org\/es\/meimoun-francois-1979\/","og_locale":"es_ES","og_type":"article","og_title":"Me\u00efmoun, Fran\u00e7ois (1979) - Institut Europ\u00e9en des Musiques Juives","og_description":"Nacido en 1979, Fran\u00e7ois Me\u00efmoun estudi\u00f3 en el Conservatorio Nacional Superior de M\u00fasica y Danza de Par\u00eds (CNSMDP) con Micha\u00ebl Levinas, en la Universidad Sorbonne-Par\u00eds IV en la Escuela de","og_url":"https:\/\/www.iemj.org\/es\/meimoun-francois-1979\/","og_site_name":"Institut Europ\u00e9en des Musiques Juives","article_publisher":"https:\/\/www.facebook.com\/MusiquesJuives\/","article_published_time":"2022-05-19T10:02:47+00:00","article_modified_time":"2022-05-23T10:03:58+00:00","og_image":[{"width":245,"height":250,"url":"https:\/\/www.iemj.org\/wp-content\/uploads\/2022\/05\/Photo-F-Meimoun_Vignette-boutique-e1652954453979.jpg","type":"image\/jpeg"}],"author":"Jacqueline ROTEN","twitter_card":"summary_large_image","twitter_misc":{"Escrito por":"Jacqueline ROTEN","Tiempo de lectura":"2 minutos"},"schema":{"@context":"https:\/\/schema.org","@graph":[{"@type":"Article","@id":"https:\/\/www.iemj.org\/es\/meimoun-francois-1979\/#article","isPartOf":{"@id":"https:\/\/www.iemj.org\/es\/meimoun-francois-1979\/"},"author":{"name":"Jacqueline ROTEN","@id":"https:\/\/www.iemj.org\/es\/#\/schema\/person\/358e26c18aca017fcc4cc15437f7279c"},"headline":"Me\u00efmoun, Fran\u00e7ois (1979)","datePublished":"2022-05-19T10:02:47+00:00","dateModified":"2022-05-23T10:03:58+00:00","mainEntityOfPage":{"@id":"https:\/\/www.iemj.org\/es\/meimoun-francois-1979\/"},"wordCount":316,"publisher":{"@id":"https:\/\/www.iemj.org\/es\/#organization"},"image":{"@id":"https:\/\/www.iemj.org\/es\/meimoun-francois-1979\/#primaryimage"},"thumbnailUrl":"https:\/\/www.iemj.org\/wp-content\/uploads\/2022\/05\/Photo-F-Meimoun_Vignette-boutique-e1652954453979.jpg","articleSection":["Biograf\u00edas"],"inLanguage":"es"},{"@type":"WebPage","@id":"https:\/\/www.iemj.org\/es\/meimoun-francois-1979\/","url":"https:\/\/www.iemj.org\/es\/meimoun-francois-1979\/","name":"Me\u00efmoun, Fran\u00e7ois (1979) - Institut Europ\u00e9en des Musiques Juives","isPartOf":{"@id":"https:\/\/www.iemj.org\/es\/#website"},"primaryImageOfPage":{"@id":"https:\/\/www.iemj.org\/es\/meimoun-francois-1979\/#primaryimage"},"image":{"@id":"https:\/\/www.iemj.org\/es\/meimoun-francois-1979\/#primaryimage"},"thumbnailUrl":"https:\/\/www.iemj.org\/wp-content\/uploads\/2022\/05\/Photo-F-Meimoun_Vignette-boutique-e1652954453979.jpg","datePublished":"2022-05-19T10:02:47+00:00","dateModified":"2022-05-23T10:03:58+00:00","breadcrumb":{"@id":"https:\/\/www.iemj.org\/es\/meimoun-francois-1979\/#breadcrumb"},"inLanguage":"es","potentialAction":[{"@type":"ReadAction","target":["https:\/\/www.iemj.org\/es\/meimoun-francois-1979\/"]}]},{"@type":"ImageObject","inLanguage":"es","@id":"https:\/\/www.iemj.org\/es\/meimoun-francois-1979\/#primaryimage","url":"https:\/\/www.iemj.org\/wp-content\/uploads\/2022\/05\/Photo-F-Meimoun_Vignette-boutique-e1652954453979.jpg","contentUrl":"https:\/\/www.iemj.org\/wp-content\/uploads\/2022\/05\/Photo-F-Meimoun_Vignette-boutique-e1652954453979.jpg","width":245,"height":250},{"@type":"BreadcrumbList","@id":"https:\/\/www.iemj.org\/es\/meimoun-francois-1979\/#breadcrumb","itemListElement":[{"@type":"ListItem","position":1,"name":"Accueil","item":"https:\/\/www.iemj.org\/es\/"},{"@type":"ListItem","position":2,"name":"Me\u00efmoun, Fran\u00e7ois (1979)"}]},{"@type":"WebSite","@id":"https:\/\/www.iemj.org\/es\/#website","url":"https:\/\/www.iemj.org\/es\/","name":"Institut Europ\u00e9en des Musiques Juives","description":"Des traditions musicales \u00e0 la port\u00e9e de tous","publisher":{"@id":"https:\/\/www.iemj.org\/es\/#organization"},"potentialAction":[{"@type":"SearchAction","target":{"@type":"EntryPoint","urlTemplate":"https:\/\/www.iemj.org\/es\/?s={search_term_string}"},"query-input":{"@type":"PropertyValueSpecification","valueRequired":true,"valueName":"search_term_string"}}],"inLanguage":"es"},{"@type":"Organization","@id":"https:\/\/www.iemj.org\/es\/#organization","name":"Institut Europ\u00e9en des Musiques Juives","url":"https:\/\/www.iemj.org\/es\/","logo":{"@type":"ImageObject","inLanguage":"es","@id":"https:\/\/www.iemj.org\/es\/#\/schema\/logo\/image\/","url":"https:\/\/www.iemj.org\/wp-content\/uploads\/2021\/09\/Logo-IEMJ-Paypal.jpg","contentUrl":"https:\/\/www.iemj.org\/wp-content\/uploads\/2021\/09\/Logo-IEMJ-Paypal.jpg","width":150,"height":50,"caption":"Institut Europ\u00e9en des Musiques Juives"},"image":{"@id":"https:\/\/www.iemj.org\/es\/#\/schema\/logo\/image\/"},"sameAs":["https:\/\/www.facebook.com\/MusiquesJuives\/","https:\/\/www.instagram.com\/musiquesjuives\/","https:\/\/www.youtube.com\/user\/musiquesjuives"]},{"@type":"Person","@id":"https:\/\/www.iemj.org\/es\/#\/schema\/person\/358e26c18aca017fcc4cc15437f7279c","name":"Jacqueline ROTEN","image":{"@type":"ImageObject","inLanguage":"es","@id":"https:\/\/secure.gravatar.com\/avatar\/5964256d6c6957de3a3505278957e0fb2a35119ac47ea41827a65301213c810b?s=96&d=mm&r=g","url":"https:\/\/secure.gravatar.com\/avatar\/5964256d6c6957de3a3505278957e0fb2a35119ac47ea41827a65301213c810b?s=96&d=mm&r=g","contentUrl":"https:\/\/secure.gravatar.com\/avatar\/5964256d6c6957de3a3505278957e0fb2a35119ac47ea41827a65301213c810b?s=96&d=mm&r=g","caption":"Jacqueline ROTEN"}}]}},"_links":{"self":[{"href":"https:\/\/www.iemj.org\/es\/wp-json\/wp\/v2\/posts\/84465","targetHints":{"allow":["GET"]}}],"collection":[{"href":"https:\/\/www.iemj.org\/es\/wp-json\/wp\/v2\/posts"}],"about":[{"href":"https:\/\/www.iemj.org\/es\/wp-json\/wp\/v2\/types\/post"}],"author":[{"embeddable":true,"href":"https:\/\/www.iemj.org\/es\/wp-json\/wp\/v2\/users\/5"}],"replies":[{"embeddable":true,"href":"https:\/\/www.iemj.org\/es\/wp-json\/wp\/v2\/comments?post=84465"}],"version-history":[{"count":0,"href":"https:\/\/www.iemj.org\/es\/wp-json\/wp\/v2\/posts\/84465\/revisions"}],"wp:featuredmedia":[{"embeddable":true,"href":"https:\/\/www.iemj.org\/es\/wp-json\/wp\/v2\/media\/84344"}],"wp:attachment":[{"href":"https:\/\/www.iemj.org\/es\/wp-json\/wp\/v2\/media?parent=84465"}],"wp:term":[{"taxonomy":"category","embeddable":true,"href":"https:\/\/www.iemj.org\/es\/wp-json\/wp\/v2\/categories?post=84465"},{"taxonomy":"post_tag","embeddable":true,"href":"https:\/\/www.iemj.org\/es\/wp-json\/wp\/v2\/tags?post=84465"},{"taxonomy":"technique","embeddable":true,"href":"https:\/\/www.iemj.org\/es\/wp-json\/wp\/v2\/technique?post=84465"},{"taxonomy":"squelettes","embeddable":true,"href":"https:\/\/www.iemj.org\/es\/wp-json\/wp\/v2\/squelettes?post=84465"},{"taxonomy":"sujet","embeddable":true,"href":"https:\/\/www.iemj.org\/es\/wp-json\/wp\/v2\/sujet?post=84465"},{"taxonomy":"formation","embeddable":true,"href":"https:\/\/www.iemj.org\/es\/wp-json\/wp\/v2\/formation?post=84465"},{"taxonomy":"genre","embeddable":true,"href":"https:\/\/www.iemj.org\/es\/wp-json\/wp\/v2\/genre?post=84465"},{"taxonomy":"fonds","embeddable":true,"href":"https:\/\/www.iemj.org\/es\/wp-json\/wp\/v2\/fonds?post=84465"},{"taxonomy":"tradition","embeddable":true,"href":"https:\/\/www.iemj.org\/es\/wp-json\/wp\/v2\/tradition?post=84465"},{"taxonomy":"type-de-contenu","embeddable":true,"href":"https:\/\/www.iemj.org\/es\/wp-json\/wp\/v2\/type-de-contenu?post=84465"},{"taxonomy":"interprete-compositeur","embeddable":true,"href":"https:\/\/www.iemj.org\/es\/wp-json\/wp\/v2\/interprete-compositeur?post=84465"},{"taxonomy":"frise","embeddable":true,"href":"https:\/\/www.iemj.org\/es\/wp-json\/wp\/v2\/frise?post=84465"},{"taxonomy":"type-devenement","embeddable":true,"href":"https:\/\/www.iemj.org\/es\/wp-json\/wp\/v2\/type-devenement?post=84465"},{"taxonomy":"tableaux-liens-externes","embeddable":true,"href":"https:\/\/www.iemj.org\/es\/wp-json\/wp\/v2\/tableaux-liens-externes?post=84465"}],"curies":[{"name":"wp","href":"https:\/\/api.w.org\/{rel}","templated":true}]}}