{"id":84488,"date":"2022-05-19T16:50:05","date_gmt":"2022-05-19T14:50:05","guid":{"rendered":"https:\/\/www.iemj.org\/francois-meimoun-kaddish-pour-mezzo-quatuor-a-cordes\/"},"modified":"2022-05-23T11:37:58","modified_gmt":"2022-05-23T09:37:58","slug":"francois-meimoun-kaddish-pour-mezzo-quatuor-a-cordes","status":"publish","type":"post","link":"https:\/\/www.iemj.org\/es\/francois-meimoun-kaddish-pour-mezzo-quatuor-a-cordes\/","title":{"rendered":"Fran\u00e7ois Me\u00efmoun, Kaddish, para Mezzo &#038; Cuarteto de Cuerda"},"content":{"rendered":"<p>Music\u00f3logo, profesor de an\u00e1lisis musical en el Conservatorio Nacional Superior de M\u00fasica y Danza de Par\u00eds, ganador de distintos premios prestigiosos de composiciones (Grand Prix de la musique symphonique, Premio Nadia y Lili Boulanger, Acad\u00e9mie des Beaux-Arts), <a href=\"https:\/\/www.iemj.org\/es\/meimoun-francois-1979\/\" target=\"_blank\" rel=\"noopener\">Fran\u00e7ois Me\u00efmoun<\/a> es el autor de unas cuarenta obras instrumentales y vocales a menudo estrenadas durante festivales y conciertos en el mundo entero.<\/p>\n<p>Un determinado n\u00famero de sus obras se relaciona con la tradici\u00f3n jud\u00eda de la que proviene como <em>Tsimtsoum<\/em><em> para<\/em> quinteto de cuerda (2015), <em>P\u00e9r\u00e8k chira<\/em><em> para<\/em> cuarteto de cuerda con piano (2015); <em>Hora<\/em> para dos pianos (2017) ; <em>La danse de David<\/em> para violonchelo (2019), <em>Terouah<\/em><em> \u2013 <\/em><em>Psaume<\/em> <em>150<\/em><em> para<\/em> \u00f3rgano (2022)\u2026<\/p>\n<p>La partitura de su <em>Kaddish<\/em><em> para<\/em> mezzosoprano y cuarteto de cuerda, publicada por primera vez por las Ediciones del IEMJ, resulta de un pedido de la sinagoga de la ULIF-Copernic (Par\u00eds) que lo estren\u00f3 a nivel mundial el 13 de noviembre de 2016 en el marco de un concierto dedicado a la memoria de todas las v\u00edctimas del terrorismo.<\/p>\n<h3><a href=\"https:\/\/www.iemj.org\/es\/produit\/meimoun-kaddish-pour-mezzo-quatuor-a-cordes\/\" target=\"_blank\" rel=\"noopener\">Pedir la partitura en la tienda en l\u00ednea del IEMJ<\/a><\/h3>\n<p>\u00a0<\/p>\n\n\n<figure class=\"wp-block-embed is-type-video is-provider-youtube wp-block-embed-youtube wp-embed-aspect-16-9 wp-has-aspect-ratio\"><div class=\"wp-block-embed__wrapper\">\n<iframe title=\"Fran\u00e7ois Me\u00efmoun : Kaddish\" width=\"640\" height=\"360\" src=\"https:\/\/www.youtube.com\/embed\/T-M2LvK1LCE?feature=oembed\" frameborder=\"0\" allow=\"accelerometer; autoplay; clipboard-write; encrypted-media; gyroscope; picture-in-picture; web-share\" referrerpolicy=\"strict-origin-when-cross-origin\" allowfullscreen><\/iframe>\n<\/div><\/figure>\n","protected":false},"excerpt":{"rendered":"<p>Music\u00f3logo, profesor de an\u00e1lisis musical en el Conservatorio Nacional Superior de M\u00fasica y Danza de Par\u00eds, ganador de distintos premios prestigiosos de composiciones (Grand Prix de la musique symphonique, Premio<\/p>\n","protected":false},"author":5,"featured_media":84481,"comment_status":"closed","ping_status":"closed","sticky":false,"template":"","format":"standard","meta":{"_acf_changed":false,"footnotes":""},"categories":[1398,1391],"tags":[],"technique":[],"squelettes":[],"sujet":[],"formation":[],"genre":[],"fonds":[],"tradition":[],"type-de-contenu":[],"interprete-compositeur":[3858],"frise":[],"type-devenement":[],"tableaux-liens-externes":[],"class_list":["post-84488","post","type-post","status-publish","format-standard","has-post-thumbnail","hentry","category-partituras-iemj-es","category-publicaciones-es","interprete-compositeur-francois-meimoun-es"],"acf":[],"yoast_head":"<!-- This site is optimized with the Yoast SEO plugin v27.3 - https:\/\/yoast.com\/product\/yoast-seo-wordpress\/ -->\n<title>Fran\u00e7ois Me\u00efmoun, Kaddish, para Mezzo &amp; Cuarteto de Cuerda - Institut Europ\u00e9en des Musiques Juives<\/title>\n<meta name=\"robots\" content=\"index, follow, max-snippet:-1, max-image-preview:large, max-video-preview:-1\" \/>\n<link rel=\"canonical\" href=\"https:\/\/www.iemj.org\/es\/francois-meimoun-kaddish-pour-mezzo-quatuor-a-cordes\/\" \/>\n<meta property=\"og:locale\" content=\"es_ES\" \/>\n<meta property=\"og:type\" content=\"article\" \/>\n<meta property=\"og:title\" content=\"Fran\u00e7ois Me\u00efmoun, Kaddish, para Mezzo &amp; Cuarteto de Cuerda - Institut Europ\u00e9en des Musiques Juives\" \/>\n<meta property=\"og:description\" content=\"Music\u00f3logo, profesor de an\u00e1lisis musical en el Conservatorio Nacional Superior de M\u00fasica y Danza de Par\u00eds, ganador de distintos premios prestigiosos de composiciones (Grand Prix de la musique symphonique, Premio\" \/>\n<meta property=\"og:url\" content=\"https:\/\/www.iemj.org\/es\/francois-meimoun-kaddish-pour-mezzo-quatuor-a-cordes\/\" \/>\n<meta property=\"og:site_name\" content=\"Institut Europ\u00e9en des Musiques Juives\" \/>\n<meta property=\"article:publisher\" content=\"https:\/\/www.facebook.com\/MusiquesJuives\/\" \/>\n<meta property=\"article:published_time\" content=\"2022-05-19T14:50:05+00:00\" \/>\n<meta property=\"article:modified_time\" content=\"2022-05-23T09:37:58+00:00\" \/>\n<meta property=\"og:image\" content=\"https:\/\/www.iemj.org\/wp-content\/uploads\/2022\/05\/Logo-article-1.jpg\" \/>\n\t<meta property=\"og:image:width\" content=\"350\" \/>\n\t<meta property=\"og:image:height\" content=\"350\" \/>\n\t<meta property=\"og:image:type\" content=\"image\/jpeg\" \/>\n<meta name=\"author\" content=\"Jacqueline ROTEN\" \/>\n<meta name=\"twitter:card\" content=\"summary_large_image\" \/>\n<meta name=\"twitter:label1\" content=\"Escrito por\" \/>\n\t<meta name=\"twitter:data1\" content=\"Jacqueline ROTEN\" \/>\n\t<meta name=\"twitter:label2\" content=\"Tiempo de lectura\" \/>\n\t<meta name=\"twitter:data2\" content=\"1 minuto\" \/>\n<script type=\"application\/ld+json\" class=\"yoast-schema-graph\">{\"@context\":\"https:\\\/\\\/schema.org\",\"@graph\":[{\"@type\":\"Article\",\"@id\":\"https:\\\/\\\/www.iemj.org\\\/es\\\/francois-meimoun-kaddish-pour-mezzo-quatuor-a-cordes\\\/#article\",\"isPartOf\":{\"@id\":\"https:\\\/\\\/www.iemj.org\\\/es\\\/francois-meimoun-kaddish-pour-mezzo-quatuor-a-cordes\\\/\"},\"author\":{\"name\":\"Jacqueline ROTEN\",\"@id\":\"https:\\\/\\\/www.iemj.org\\\/es\\\/#\\\/schema\\\/person\\\/358e26c18aca017fcc4cc15437f7279c\"},\"headline\":\"Fran\u00e7ois Me\u00efmoun, Kaddish, para Mezzo &#038; Cuarteto de Cuerda\",\"datePublished\":\"2022-05-19T14:50:05+00:00\",\"dateModified\":\"2022-05-23T09:37:58+00:00\",\"mainEntityOfPage\":{\"@id\":\"https:\\\/\\\/www.iemj.org\\\/es\\\/francois-meimoun-kaddish-pour-mezzo-quatuor-a-cordes\\\/\"},\"wordCount\":202,\"publisher\":{\"@id\":\"https:\\\/\\\/www.iemj.org\\\/es\\\/#organization\"},\"image\":{\"@id\":\"https:\\\/\\\/www.iemj.org\\\/es\\\/francois-meimoun-kaddish-pour-mezzo-quatuor-a-cordes\\\/#primaryimage\"},\"thumbnailUrl\":\"https:\\\/\\\/www.iemj.org\\\/wp-content\\\/uploads\\\/2022\\\/05\\\/Logo-article-1.jpg\",\"articleSection\":[\"Partituras IEMJ\",\"Publicaciones\"],\"inLanguage\":\"es\"},{\"@type\":\"WebPage\",\"@id\":\"https:\\\/\\\/www.iemj.org\\\/es\\\/francois-meimoun-kaddish-pour-mezzo-quatuor-a-cordes\\\/\",\"url\":\"https:\\\/\\\/www.iemj.org\\\/es\\\/francois-meimoun-kaddish-pour-mezzo-quatuor-a-cordes\\\/\",\"name\":\"Fran\u00e7ois Me\u00efmoun, Kaddish, para Mezzo & Cuarteto de Cuerda - Institut Europ\u00e9en des Musiques Juives\",\"isPartOf\":{\"@id\":\"https:\\\/\\\/www.iemj.org\\\/es\\\/#website\"},\"primaryImageOfPage\":{\"@id\":\"https:\\\/\\\/www.iemj.org\\\/es\\\/francois-meimoun-kaddish-pour-mezzo-quatuor-a-cordes\\\/#primaryimage\"},\"image\":{\"@id\":\"https:\\\/\\\/www.iemj.org\\\/es\\\/francois-meimoun-kaddish-pour-mezzo-quatuor-a-cordes\\\/#primaryimage\"},\"thumbnailUrl\":\"https:\\\/\\\/www.iemj.org\\\/wp-content\\\/uploads\\\/2022\\\/05\\\/Logo-article-1.jpg\",\"datePublished\":\"2022-05-19T14:50:05+00:00\",\"dateModified\":\"2022-05-23T09:37:58+00:00\",\"breadcrumb\":{\"@id\":\"https:\\\/\\\/www.iemj.org\\\/es\\\/francois-meimoun-kaddish-pour-mezzo-quatuor-a-cordes\\\/#breadcrumb\"},\"inLanguage\":\"es\",\"potentialAction\":[{\"@type\":\"ReadAction\",\"target\":[\"https:\\\/\\\/www.iemj.org\\\/es\\\/francois-meimoun-kaddish-pour-mezzo-quatuor-a-cordes\\\/\"]}]},{\"@type\":\"ImageObject\",\"inLanguage\":\"es\",\"@id\":\"https:\\\/\\\/www.iemj.org\\\/es\\\/francois-meimoun-kaddish-pour-mezzo-quatuor-a-cordes\\\/#primaryimage\",\"url\":\"https:\\\/\\\/www.iemj.org\\\/wp-content\\\/uploads\\\/2022\\\/05\\\/Logo-article-1.jpg\",\"contentUrl\":\"https:\\\/\\\/www.iemj.org\\\/wp-content\\\/uploads\\\/2022\\\/05\\\/Logo-article-1.jpg\",\"width\":350,\"height\":350},{\"@type\":\"BreadcrumbList\",\"@id\":\"https:\\\/\\\/www.iemj.org\\\/es\\\/francois-meimoun-kaddish-pour-mezzo-quatuor-a-cordes\\\/#breadcrumb\",\"itemListElement\":[{\"@type\":\"ListItem\",\"position\":1,\"name\":\"Accueil\",\"item\":\"https:\\\/\\\/www.iemj.org\\\/es\\\/\"},{\"@type\":\"ListItem\",\"position\":2,\"name\":\"Fran\u00e7ois Me\u00efmoun, Kaddish, para Mezzo &#038; Cuarteto de Cuerda\"}]},{\"@type\":\"WebSite\",\"@id\":\"https:\\\/\\\/www.iemj.org\\\/es\\\/#website\",\"url\":\"https:\\\/\\\/www.iemj.org\\\/es\\\/\",\"name\":\"Institut Europ\u00e9en des Musiques Juives\",\"description\":\"Des traditions musicales \u00e0 la port\u00e9e de tous\",\"publisher\":{\"@id\":\"https:\\\/\\\/www.iemj.org\\\/es\\\/#organization\"},\"potentialAction\":[{\"@type\":\"SearchAction\",\"target\":{\"@type\":\"EntryPoint\",\"urlTemplate\":\"https:\\\/\\\/www.iemj.org\\\/es\\\/?s={search_term_string}\"},\"query-input\":{\"@type\":\"PropertyValueSpecification\",\"valueRequired\":true,\"valueName\":\"search_term_string\"}}],\"inLanguage\":\"es\"},{\"@type\":\"Organization\",\"@id\":\"https:\\\/\\\/www.iemj.org\\\/es\\\/#organization\",\"name\":\"Institut Europ\u00e9en des Musiques Juives\",\"url\":\"https:\\\/\\\/www.iemj.org\\\/es\\\/\",\"logo\":{\"@type\":\"ImageObject\",\"inLanguage\":\"es\",\"@id\":\"https:\\\/\\\/www.iemj.org\\\/es\\\/#\\\/schema\\\/logo\\\/image\\\/\",\"url\":\"https:\\\/\\\/www.iemj.org\\\/wp-content\\\/uploads\\\/2021\\\/09\\\/Logo-IEMJ-Paypal.jpg\",\"contentUrl\":\"https:\\\/\\\/www.iemj.org\\\/wp-content\\\/uploads\\\/2021\\\/09\\\/Logo-IEMJ-Paypal.jpg\",\"width\":150,\"height\":50,\"caption\":\"Institut Europ\u00e9en des Musiques Juives\"},\"image\":{\"@id\":\"https:\\\/\\\/www.iemj.org\\\/es\\\/#\\\/schema\\\/logo\\\/image\\\/\"},\"sameAs\":[\"https:\\\/\\\/www.facebook.com\\\/MusiquesJuives\\\/\",\"https:\\\/\\\/www.instagram.com\\\/musiquesjuives\\\/\",\"https:\\\/\\\/www.youtube.com\\\/user\\\/musiquesjuives\"]},{\"@type\":\"Person\",\"@id\":\"https:\\\/\\\/www.iemj.org\\\/es\\\/#\\\/schema\\\/person\\\/358e26c18aca017fcc4cc15437f7279c\",\"name\":\"Jacqueline ROTEN\",\"image\":{\"@type\":\"ImageObject\",\"inLanguage\":\"es\",\"@id\":\"https:\\\/\\\/secure.gravatar.com\\\/avatar\\\/5964256d6c6957de3a3505278957e0fb2a35119ac47ea41827a65301213c810b?s=96&d=mm&r=g\",\"url\":\"https:\\\/\\\/secure.gravatar.com\\\/avatar\\\/5964256d6c6957de3a3505278957e0fb2a35119ac47ea41827a65301213c810b?s=96&d=mm&r=g\",\"contentUrl\":\"https:\\\/\\\/secure.gravatar.com\\\/avatar\\\/5964256d6c6957de3a3505278957e0fb2a35119ac47ea41827a65301213c810b?s=96&d=mm&r=g\",\"caption\":\"Jacqueline ROTEN\"}}]}<\/script>\n<!-- \/ Yoast SEO plugin. -->","yoast_head_json":{"title":"Fran\u00e7ois Me\u00efmoun, Kaddish, para Mezzo & Cuarteto de Cuerda - Institut Europ\u00e9en des Musiques Juives","robots":{"index":"index","follow":"follow","max-snippet":"max-snippet:-1","max-image-preview":"max-image-preview:large","max-video-preview":"max-video-preview:-1"},"canonical":"https:\/\/www.iemj.org\/es\/francois-meimoun-kaddish-pour-mezzo-quatuor-a-cordes\/","og_locale":"es_ES","og_type":"article","og_title":"Fran\u00e7ois Me\u00efmoun, Kaddish, para Mezzo & Cuarteto de Cuerda - Institut Europ\u00e9en des Musiques Juives","og_description":"Music\u00f3logo, profesor de an\u00e1lisis musical en el Conservatorio Nacional Superior de M\u00fasica y Danza de Par\u00eds, ganador de distintos premios prestigiosos de composiciones (Grand Prix de la musique symphonique, Premio","og_url":"https:\/\/www.iemj.org\/es\/francois-meimoun-kaddish-pour-mezzo-quatuor-a-cordes\/","og_site_name":"Institut Europ\u00e9en des Musiques Juives","article_publisher":"https:\/\/www.facebook.com\/MusiquesJuives\/","article_published_time":"2022-05-19T14:50:05+00:00","article_modified_time":"2022-05-23T09:37:58+00:00","og_image":[{"width":350,"height":350,"url":"https:\/\/www.iemj.org\/wp-content\/uploads\/2022\/05\/Logo-article-1.jpg","type":"image\/jpeg"}],"author":"Jacqueline ROTEN","twitter_card":"summary_large_image","twitter_misc":{"Escrito por":"Jacqueline ROTEN","Tiempo de lectura":"1 minuto"},"schema":{"@context":"https:\/\/schema.org","@graph":[{"@type":"Article","@id":"https:\/\/www.iemj.org\/es\/francois-meimoun-kaddish-pour-mezzo-quatuor-a-cordes\/#article","isPartOf":{"@id":"https:\/\/www.iemj.org\/es\/francois-meimoun-kaddish-pour-mezzo-quatuor-a-cordes\/"},"author":{"name":"Jacqueline ROTEN","@id":"https:\/\/www.iemj.org\/es\/#\/schema\/person\/358e26c18aca017fcc4cc15437f7279c"},"headline":"Fran\u00e7ois Me\u00efmoun, Kaddish, para Mezzo &#038; Cuarteto de Cuerda","datePublished":"2022-05-19T14:50:05+00:00","dateModified":"2022-05-23T09:37:58+00:00","mainEntityOfPage":{"@id":"https:\/\/www.iemj.org\/es\/francois-meimoun-kaddish-pour-mezzo-quatuor-a-cordes\/"},"wordCount":202,"publisher":{"@id":"https:\/\/www.iemj.org\/es\/#organization"},"image":{"@id":"https:\/\/www.iemj.org\/es\/francois-meimoun-kaddish-pour-mezzo-quatuor-a-cordes\/#primaryimage"},"thumbnailUrl":"https:\/\/www.iemj.org\/wp-content\/uploads\/2022\/05\/Logo-article-1.jpg","articleSection":["Partituras IEMJ","Publicaciones"],"inLanguage":"es"},{"@type":"WebPage","@id":"https:\/\/www.iemj.org\/es\/francois-meimoun-kaddish-pour-mezzo-quatuor-a-cordes\/","url":"https:\/\/www.iemj.org\/es\/francois-meimoun-kaddish-pour-mezzo-quatuor-a-cordes\/","name":"Fran\u00e7ois Me\u00efmoun, Kaddish, para Mezzo & Cuarteto de Cuerda - Institut Europ\u00e9en des Musiques Juives","isPartOf":{"@id":"https:\/\/www.iemj.org\/es\/#website"},"primaryImageOfPage":{"@id":"https:\/\/www.iemj.org\/es\/francois-meimoun-kaddish-pour-mezzo-quatuor-a-cordes\/#primaryimage"},"image":{"@id":"https:\/\/www.iemj.org\/es\/francois-meimoun-kaddish-pour-mezzo-quatuor-a-cordes\/#primaryimage"},"thumbnailUrl":"https:\/\/www.iemj.org\/wp-content\/uploads\/2022\/05\/Logo-article-1.jpg","datePublished":"2022-05-19T14:50:05+00:00","dateModified":"2022-05-23T09:37:58+00:00","breadcrumb":{"@id":"https:\/\/www.iemj.org\/es\/francois-meimoun-kaddish-pour-mezzo-quatuor-a-cordes\/#breadcrumb"},"inLanguage":"es","potentialAction":[{"@type":"ReadAction","target":["https:\/\/www.iemj.org\/es\/francois-meimoun-kaddish-pour-mezzo-quatuor-a-cordes\/"]}]},{"@type":"ImageObject","inLanguage":"es","@id":"https:\/\/www.iemj.org\/es\/francois-meimoun-kaddish-pour-mezzo-quatuor-a-cordes\/#primaryimage","url":"https:\/\/www.iemj.org\/wp-content\/uploads\/2022\/05\/Logo-article-1.jpg","contentUrl":"https:\/\/www.iemj.org\/wp-content\/uploads\/2022\/05\/Logo-article-1.jpg","width":350,"height":350},{"@type":"BreadcrumbList","@id":"https:\/\/www.iemj.org\/es\/francois-meimoun-kaddish-pour-mezzo-quatuor-a-cordes\/#breadcrumb","itemListElement":[{"@type":"ListItem","position":1,"name":"Accueil","item":"https:\/\/www.iemj.org\/es\/"},{"@type":"ListItem","position":2,"name":"Fran\u00e7ois Me\u00efmoun, Kaddish, para Mezzo &#038; Cuarteto de Cuerda"}]},{"@type":"WebSite","@id":"https:\/\/www.iemj.org\/es\/#website","url":"https:\/\/www.iemj.org\/es\/","name":"Institut Europ\u00e9en des Musiques Juives","description":"Des traditions musicales \u00e0 la port\u00e9e de tous","publisher":{"@id":"https:\/\/www.iemj.org\/es\/#organization"},"potentialAction":[{"@type":"SearchAction","target":{"@type":"EntryPoint","urlTemplate":"https:\/\/www.iemj.org\/es\/?s={search_term_string}"},"query-input":{"@type":"PropertyValueSpecification","valueRequired":true,"valueName":"search_term_string"}}],"inLanguage":"es"},{"@type":"Organization","@id":"https:\/\/www.iemj.org\/es\/#organization","name":"Institut Europ\u00e9en des Musiques Juives","url":"https:\/\/www.iemj.org\/es\/","logo":{"@type":"ImageObject","inLanguage":"es","@id":"https:\/\/www.iemj.org\/es\/#\/schema\/logo\/image\/","url":"https:\/\/www.iemj.org\/wp-content\/uploads\/2021\/09\/Logo-IEMJ-Paypal.jpg","contentUrl":"https:\/\/www.iemj.org\/wp-content\/uploads\/2021\/09\/Logo-IEMJ-Paypal.jpg","width":150,"height":50,"caption":"Institut Europ\u00e9en des Musiques Juives"},"image":{"@id":"https:\/\/www.iemj.org\/es\/#\/schema\/logo\/image\/"},"sameAs":["https:\/\/www.facebook.com\/MusiquesJuives\/","https:\/\/www.instagram.com\/musiquesjuives\/","https:\/\/www.youtube.com\/user\/musiquesjuives"]},{"@type":"Person","@id":"https:\/\/www.iemj.org\/es\/#\/schema\/person\/358e26c18aca017fcc4cc15437f7279c","name":"Jacqueline ROTEN","image":{"@type":"ImageObject","inLanguage":"es","@id":"https:\/\/secure.gravatar.com\/avatar\/5964256d6c6957de3a3505278957e0fb2a35119ac47ea41827a65301213c810b?s=96&d=mm&r=g","url":"https:\/\/secure.gravatar.com\/avatar\/5964256d6c6957de3a3505278957e0fb2a35119ac47ea41827a65301213c810b?s=96&d=mm&r=g","contentUrl":"https:\/\/secure.gravatar.com\/avatar\/5964256d6c6957de3a3505278957e0fb2a35119ac47ea41827a65301213c810b?s=96&d=mm&r=g","caption":"Jacqueline ROTEN"}}]}},"_links":{"self":[{"href":"https:\/\/www.iemj.org\/es\/wp-json\/wp\/v2\/posts\/84488","targetHints":{"allow":["GET"]}}],"collection":[{"href":"https:\/\/www.iemj.org\/es\/wp-json\/wp\/v2\/posts"}],"about":[{"href":"https:\/\/www.iemj.org\/es\/wp-json\/wp\/v2\/types\/post"}],"author":[{"embeddable":true,"href":"https:\/\/www.iemj.org\/es\/wp-json\/wp\/v2\/users\/5"}],"replies":[{"embeddable":true,"href":"https:\/\/www.iemj.org\/es\/wp-json\/wp\/v2\/comments?post=84488"}],"version-history":[{"count":0,"href":"https:\/\/www.iemj.org\/es\/wp-json\/wp\/v2\/posts\/84488\/revisions"}],"wp:featuredmedia":[{"embeddable":true,"href":"https:\/\/www.iemj.org\/es\/wp-json\/wp\/v2\/media\/84481"}],"wp:attachment":[{"href":"https:\/\/www.iemj.org\/es\/wp-json\/wp\/v2\/media?parent=84488"}],"wp:term":[{"taxonomy":"category","embeddable":true,"href":"https:\/\/www.iemj.org\/es\/wp-json\/wp\/v2\/categories?post=84488"},{"taxonomy":"post_tag","embeddable":true,"href":"https:\/\/www.iemj.org\/es\/wp-json\/wp\/v2\/tags?post=84488"},{"taxonomy":"technique","embeddable":true,"href":"https:\/\/www.iemj.org\/es\/wp-json\/wp\/v2\/technique?post=84488"},{"taxonomy":"squelettes","embeddable":true,"href":"https:\/\/www.iemj.org\/es\/wp-json\/wp\/v2\/squelettes?post=84488"},{"taxonomy":"sujet","embeddable":true,"href":"https:\/\/www.iemj.org\/es\/wp-json\/wp\/v2\/sujet?post=84488"},{"taxonomy":"formation","embeddable":true,"href":"https:\/\/www.iemj.org\/es\/wp-json\/wp\/v2\/formation?post=84488"},{"taxonomy":"genre","embeddable":true,"href":"https:\/\/www.iemj.org\/es\/wp-json\/wp\/v2\/genre?post=84488"},{"taxonomy":"fonds","embeddable":true,"href":"https:\/\/www.iemj.org\/es\/wp-json\/wp\/v2\/fonds?post=84488"},{"taxonomy":"tradition","embeddable":true,"href":"https:\/\/www.iemj.org\/es\/wp-json\/wp\/v2\/tradition?post=84488"},{"taxonomy":"type-de-contenu","embeddable":true,"href":"https:\/\/www.iemj.org\/es\/wp-json\/wp\/v2\/type-de-contenu?post=84488"},{"taxonomy":"interprete-compositeur","embeddable":true,"href":"https:\/\/www.iemj.org\/es\/wp-json\/wp\/v2\/interprete-compositeur?post=84488"},{"taxonomy":"frise","embeddable":true,"href":"https:\/\/www.iemj.org\/es\/wp-json\/wp\/v2\/frise?post=84488"},{"taxonomy":"type-devenement","embeddable":true,"href":"https:\/\/www.iemj.org\/es\/wp-json\/wp\/v2\/type-devenement?post=84488"},{"taxonomy":"tableaux-liens-externes","embeddable":true,"href":"https:\/\/www.iemj.org\/es\/wp-json\/wp\/v2\/tableaux-liens-externes?post=84488"}],"curies":[{"name":"wp","href":"https:\/\/api.w.org\/{rel}","templated":true}]}}