{"id":85392,"date":"2022-05-26T16:12:38","date_gmt":"2022-05-26T14:12:38","guid":{"rendered":"https:\/\/www.iemj.org\/concert-melodies-hebraiques-2-2\/"},"modified":"2022-06-15T10:09:05","modified_gmt":"2022-06-15T08:09:05","slug":"concert-melodies-hebraiques-2-2","status":"publish","type":"post","link":"https:\/\/www.iemj.org\/es\/concert-melodies-hebraiques-2-2\/","title":{"rendered":"CONCIERTO MELOD\u00cdAS Hebreas 2"},"content":{"rendered":"<p>Vea extractos del concierto de la chelista Sarah Iancu y el pianista David Bismuth, que tuvo lugar el 9 de febrero de 2022 a las 19:00 horas, en el MAHJ &#8211; Par\u00eds, con motivo de la publicaci\u00f3n del CD <em><a href=\"https:\/\/www.iemj.org\/es\/melodies-hebraiques-pour-violoncelle-et-piano-volume-2\/\" target=\"_blank\" rel=\"noopener\">Melod\u00edas Hebraicas para violoncelo y piano, 2\u00b0 Volumen<\/a><\/em><\/p>\n<p><strong>Concierto propuesto por<\/strong>: el Instituto Europeo de M\u00fasica Jud\u00eda y el Museo de Arte e Historia de los Jud\u00edos (Mus\u00e9e d\u2019Art et d\u2019Histoire du Juda\u00efsme), con el apoyo de la Fundaci\u00f3n Henriette Halphen bajo los auspicios de la Fundaci\u00f3n del Juda\u00edsmo Franc\u00e9s (Fondation du Juda\u00efsme Fran\u00e7ais)<\/p>\n<p><a href=\"https:\/\/www.iemj.org\/es\/concert-de-melodies-hebraiques-pour-violoncelle-et-piano\/\" target=\"_blank\" rel=\"noopener\">M\u00e1s informaci\u00f3n sobre el concierto Melod\u00edas Hebreas del 9 de febrero de 2022<\/a><\/p>\n<p><a href=\"https:\/\/www.iemj.org\/es\/produit\/hebrew-melodies\/\" target=\"_blank\" rel=\"noopener\">Pedir el CD Melod\u00edas Hebreas, vol. 1<\/a><\/p>\n<p><a href=\"https:\/\/www.iemj.org\/es\/produit\/melodies-hebraiques-volume-2\/\" target=\"_blank\" rel=\"noopener\">Pedir el CD Melod\u00edas Hebreas, vol. 2<\/a><\/p>\n\n\n<figure class=\"wp-block-embed is-type-video is-provider-youtube wp-block-embed-youtube wp-embed-aspect-16-9 wp-has-aspect-ratio\"><div class=\"wp-block-embed__wrapper\">\n<iframe title=\"CONCERT M\u00c9LODIES H\u00c9BRA\u00cfQUES POUR VIOLONCELLE ET PIANO\" width=\"640\" height=\"360\" src=\"https:\/\/www.youtube.com\/embed\/iLMg5s3Zdwo?feature=oembed\" frameborder=\"0\" allow=\"accelerometer; autoplay; clipboard-write; encrypted-media; gyroscope; picture-in-picture; web-share\" referrerpolicy=\"strict-origin-when-cross-origin\" allowfullscreen><\/iframe>\n<\/div><figcaption>Extractos:<br><strong>00:08<\/strong>&nbsp;Ten Jewish songs (Jacob Weinberg)<br><strong>02:55<\/strong>&nbsp;Rozinkhes mit mandlen (Abraham Goldfaden)<br><strong>05:54<\/strong>&nbsp;Kaddisch (Maurice Ravel)<br><strong>07:00<\/strong>&nbsp;Pri\u00e8re (Fernand Halphen)<br><strong>08:16<\/strong>&nbsp;My Yiddishe Momme (Lew Pollack &amp; Jack Yellen) <br><strong>10:24<\/strong> Six Chants Populaires H\u00e9bra\u00efques&nbsp;(Darius Milhaud) <br><strong>11:44<\/strong> Drei Jiddische Lieder (Viktor Ullmann) <br><strong>13:35<\/strong> Seis Canciones populares sefardies (Joaquin Nin-Culmell) <br><strong>14:46<\/strong> Kol nidre (Mario Castelnuovo-Tedesco) <br><strong>15:45<\/strong> M\u00e9ditation h\u00e9bra\u00efque (Ernest Bloch) <br><strong>17:27<\/strong> De la po\u00e9sie populaire juive&nbsp;(n\u00b0 9, 7) (Dimitri Chostakovitch)<\/figcaption><\/figure>\n\n\n\n<div data-wp-interactive=\"core\/file\" class=\"wp-block-file\"><object data-wp-bind--hidden=\"!state.hasPdfPreview\" hidden class=\"wp-block-file__embed\" data=\"https:\/\/www.iemj.org\/wp-content\/uploads\/2022\/05\/Programme-Concert-Melodies-hebraiques.pdf\" type=\"application\/pdf\" style=\"width:100%;height:600px\" aria-label=\"Incrustado de Embed of Programa del concierto Melod\u00edas Hebreas..\"><\/object><a id=\"wp-block-file--media-971330fe-e610-4da0-b0b6-0eb307e7872b\" href=\"https:\/\/www.iemj.org\/wp-content\/uploads\/2022\/05\/Programme-Concert-Melodies-hebraiques.pdf\">Programa del concierto Melod\u00edas Hebreas<\/a><a href=\"https:\/\/www.iemj.org\/wp-content\/uploads\/2022\/05\/Programme-Concert-Melodies-hebraiques.pdf\" class=\"wp-block-file__button\" download aria-describedby=\"wp-block-file--media-971330fe-e610-4da0-b0b6-0eb307e7872b\">Descargar<\/a><\/div>\n\n\n\n<p><\/p>\n","protected":false},"excerpt":{"rendered":"<p>Vea extractos del concierto de la chelista Sarah Iancu y el pianista David Bismuth, que tuvo lugar el 9 de febrero de 2022 a las 19:00 horas, en el MAHJ<\/p>\n","protected":false},"author":5,"featured_media":85120,"comment_status":"closed","ping_status":"open","sticky":false,"template":"","format":"standard","meta":{"_acf_changed":false,"footnotes":""},"categories":[1517],"tags":[],"technique":[],"squelettes":[],"sujet":[],"formation":[],"genre":[],"fonds":[],"tradition":[],"type-de-contenu":[],"interprete-compositeur":[3129,3146,3166,3253],"frise":[],"type-devenement":[],"tableaux-liens-externes":[],"class_list":["post-85392","post","type-post","status-publish","format-standard","has-post-thumbnail","hentry","category-conciertos-film-es","interprete-compositeur-darius-milhaud-es","interprete-compositeur-ernest-bloch-es-2","interprete-compositeur-fernand-halphen-es","interprete-compositeur-maurice-ravel-2-es"],"acf":[],"yoast_head":"<!-- This site is optimized with the Yoast SEO plugin v27.3 - https:\/\/yoast.com\/product\/yoast-seo-wordpress\/ -->\n<title>CONCIERTO MELOD\u00cdAS Hebreas 2 - Institut Europ\u00e9en des Musiques Juives<\/title>\n<meta name=\"robots\" content=\"index, follow, max-snippet:-1, max-image-preview:large, max-video-preview:-1\" \/>\n<link rel=\"canonical\" href=\"https:\/\/www.iemj.org\/es\/concert-melodies-hebraiques-2-2\/\" \/>\n<meta property=\"og:locale\" content=\"es_ES\" \/>\n<meta property=\"og:type\" content=\"article\" \/>\n<meta property=\"og:title\" content=\"CONCIERTO MELOD\u00cdAS Hebreas 2 - Institut Europ\u00e9en des Musiques Juives\" \/>\n<meta property=\"og:description\" content=\"Vea extractos del concierto de la chelista Sarah Iancu y el pianista David Bismuth, que tuvo lugar el 9 de febrero de 2022 a las 19:00 horas, en el MAHJ\" \/>\n<meta property=\"og:url\" content=\"https:\/\/www.iemj.org\/es\/concert-melodies-hebraiques-2-2\/\" \/>\n<meta property=\"og:site_name\" content=\"Institut Europ\u00e9en des Musiques Juives\" \/>\n<meta property=\"article:publisher\" content=\"https:\/\/www.facebook.com\/MusiquesJuives\/\" \/>\n<meta property=\"article:published_time\" content=\"2022-05-26T14:12:38+00:00\" \/>\n<meta property=\"article:modified_time\" content=\"2022-06-15T08:09:05+00:00\" \/>\n<meta property=\"og:image\" content=\"https:\/\/www.iemj.org\/wp-content\/uploads\/2022\/05\/Logo-Video.jpg\" \/>\n\t<meta property=\"og:image:width\" content=\"350\" \/>\n\t<meta property=\"og:image:height\" content=\"350\" \/>\n\t<meta property=\"og:image:type\" content=\"image\/jpeg\" \/>\n<meta name=\"author\" content=\"Jacqueline ROTEN\" \/>\n<meta name=\"twitter:card\" content=\"summary_large_image\" \/>\n<meta name=\"twitter:label1\" content=\"Escrito por\" \/>\n\t<meta name=\"twitter:data1\" content=\"Jacqueline ROTEN\" \/>\n\t<meta name=\"twitter:label2\" content=\"Tiempo de lectura\" \/>\n\t<meta name=\"twitter:data2\" content=\"2 minutos\" \/>\n<script type=\"application\/ld+json\" class=\"yoast-schema-graph\">{\"@context\":\"https:\\\/\\\/schema.org\",\"@graph\":[{\"@type\":\"Article\",\"@id\":\"https:\\\/\\\/www.iemj.org\\\/es\\\/concert-melodies-hebraiques-2-2\\\/#article\",\"isPartOf\":{\"@id\":\"https:\\\/\\\/www.iemj.org\\\/es\\\/concert-melodies-hebraiques-2-2\\\/\"},\"author\":{\"name\":\"Jacqueline ROTEN\",\"@id\":\"https:\\\/\\\/www.iemj.org\\\/es\\\/#\\\/schema\\\/person\\\/358e26c18aca017fcc4cc15437f7279c\"},\"headline\":\"CONCIERTO MELOD\u00cdAS Hebreas 2\",\"datePublished\":\"2022-05-26T14:12:38+00:00\",\"dateModified\":\"2022-06-15T08:09:05+00:00\",\"mainEntityOfPage\":{\"@id\":\"https:\\\/\\\/www.iemj.org\\\/es\\\/concert-melodies-hebraiques-2-2\\\/\"},\"wordCount\":222,\"publisher\":{\"@id\":\"https:\\\/\\\/www.iemj.org\\\/es\\\/#organization\"},\"image\":{\"@id\":\"https:\\\/\\\/www.iemj.org\\\/es\\\/concert-melodies-hebraiques-2-2\\\/#primaryimage\"},\"thumbnailUrl\":\"https:\\\/\\\/www.iemj.org\\\/wp-content\\\/uploads\\\/2022\\\/05\\\/Logo-Video.jpg\",\"articleSection\":[\"Conciertos\"],\"inLanguage\":\"es\"},{\"@type\":\"WebPage\",\"@id\":\"https:\\\/\\\/www.iemj.org\\\/es\\\/concert-melodies-hebraiques-2-2\\\/\",\"url\":\"https:\\\/\\\/www.iemj.org\\\/es\\\/concert-melodies-hebraiques-2-2\\\/\",\"name\":\"CONCIERTO MELOD\u00cdAS Hebreas 2 - Institut Europ\u00e9en des Musiques Juives\",\"isPartOf\":{\"@id\":\"https:\\\/\\\/www.iemj.org\\\/es\\\/#website\"},\"primaryImageOfPage\":{\"@id\":\"https:\\\/\\\/www.iemj.org\\\/es\\\/concert-melodies-hebraiques-2-2\\\/#primaryimage\"},\"image\":{\"@id\":\"https:\\\/\\\/www.iemj.org\\\/es\\\/concert-melodies-hebraiques-2-2\\\/#primaryimage\"},\"thumbnailUrl\":\"https:\\\/\\\/www.iemj.org\\\/wp-content\\\/uploads\\\/2022\\\/05\\\/Logo-Video.jpg\",\"datePublished\":\"2022-05-26T14:12:38+00:00\",\"dateModified\":\"2022-06-15T08:09:05+00:00\",\"breadcrumb\":{\"@id\":\"https:\\\/\\\/www.iemj.org\\\/es\\\/concert-melodies-hebraiques-2-2\\\/#breadcrumb\"},\"inLanguage\":\"es\",\"potentialAction\":[{\"@type\":\"ReadAction\",\"target\":[\"https:\\\/\\\/www.iemj.org\\\/es\\\/concert-melodies-hebraiques-2-2\\\/\"]}]},{\"@type\":\"ImageObject\",\"inLanguage\":\"es\",\"@id\":\"https:\\\/\\\/www.iemj.org\\\/es\\\/concert-melodies-hebraiques-2-2\\\/#primaryimage\",\"url\":\"https:\\\/\\\/www.iemj.org\\\/wp-content\\\/uploads\\\/2022\\\/05\\\/Logo-Video.jpg\",\"contentUrl\":\"https:\\\/\\\/www.iemj.org\\\/wp-content\\\/uploads\\\/2022\\\/05\\\/Logo-Video.jpg\",\"width\":350,\"height\":350},{\"@type\":\"BreadcrumbList\",\"@id\":\"https:\\\/\\\/www.iemj.org\\\/es\\\/concert-melodies-hebraiques-2-2\\\/#breadcrumb\",\"itemListElement\":[{\"@type\":\"ListItem\",\"position\":1,\"name\":\"Accueil\",\"item\":\"https:\\\/\\\/www.iemj.org\\\/es\\\/\"},{\"@type\":\"ListItem\",\"position\":2,\"name\":\"CONCIERTO MELOD\u00cdAS Hebreas 2\"}]},{\"@type\":\"WebSite\",\"@id\":\"https:\\\/\\\/www.iemj.org\\\/es\\\/#website\",\"url\":\"https:\\\/\\\/www.iemj.org\\\/es\\\/\",\"name\":\"Institut Europ\u00e9en des Musiques Juives\",\"description\":\"Des traditions musicales \u00e0 la port\u00e9e de tous\",\"publisher\":{\"@id\":\"https:\\\/\\\/www.iemj.org\\\/es\\\/#organization\"},\"potentialAction\":[{\"@type\":\"SearchAction\",\"target\":{\"@type\":\"EntryPoint\",\"urlTemplate\":\"https:\\\/\\\/www.iemj.org\\\/es\\\/?s={search_term_string}\"},\"query-input\":{\"@type\":\"PropertyValueSpecification\",\"valueRequired\":true,\"valueName\":\"search_term_string\"}}],\"inLanguage\":\"es\"},{\"@type\":\"Organization\",\"@id\":\"https:\\\/\\\/www.iemj.org\\\/es\\\/#organization\",\"name\":\"Institut Europ\u00e9en des Musiques Juives\",\"url\":\"https:\\\/\\\/www.iemj.org\\\/es\\\/\",\"logo\":{\"@type\":\"ImageObject\",\"inLanguage\":\"es\",\"@id\":\"https:\\\/\\\/www.iemj.org\\\/es\\\/#\\\/schema\\\/logo\\\/image\\\/\",\"url\":\"https:\\\/\\\/www.iemj.org\\\/wp-content\\\/uploads\\\/2021\\\/09\\\/Logo-IEMJ-Paypal.jpg\",\"contentUrl\":\"https:\\\/\\\/www.iemj.org\\\/wp-content\\\/uploads\\\/2021\\\/09\\\/Logo-IEMJ-Paypal.jpg\",\"width\":150,\"height\":50,\"caption\":\"Institut Europ\u00e9en des Musiques Juives\"},\"image\":{\"@id\":\"https:\\\/\\\/www.iemj.org\\\/es\\\/#\\\/schema\\\/logo\\\/image\\\/\"},\"sameAs\":[\"https:\\\/\\\/www.facebook.com\\\/MusiquesJuives\\\/\",\"https:\\\/\\\/www.instagram.com\\\/musiquesjuives\\\/\",\"https:\\\/\\\/www.youtube.com\\\/user\\\/musiquesjuives\"]},{\"@type\":\"Person\",\"@id\":\"https:\\\/\\\/www.iemj.org\\\/es\\\/#\\\/schema\\\/person\\\/358e26c18aca017fcc4cc15437f7279c\",\"name\":\"Jacqueline ROTEN\",\"image\":{\"@type\":\"ImageObject\",\"inLanguage\":\"es\",\"@id\":\"https:\\\/\\\/secure.gravatar.com\\\/avatar\\\/5964256d6c6957de3a3505278957e0fb2a35119ac47ea41827a65301213c810b?s=96&d=mm&r=g\",\"url\":\"https:\\\/\\\/secure.gravatar.com\\\/avatar\\\/5964256d6c6957de3a3505278957e0fb2a35119ac47ea41827a65301213c810b?s=96&d=mm&r=g\",\"contentUrl\":\"https:\\\/\\\/secure.gravatar.com\\\/avatar\\\/5964256d6c6957de3a3505278957e0fb2a35119ac47ea41827a65301213c810b?s=96&d=mm&r=g\",\"caption\":\"Jacqueline ROTEN\"}}]}<\/script>\n<!-- \/ Yoast SEO plugin. -->","yoast_head_json":{"title":"CONCIERTO MELOD\u00cdAS Hebreas 2 - Institut Europ\u00e9en des Musiques Juives","robots":{"index":"index","follow":"follow","max-snippet":"max-snippet:-1","max-image-preview":"max-image-preview:large","max-video-preview":"max-video-preview:-1"},"canonical":"https:\/\/www.iemj.org\/es\/concert-melodies-hebraiques-2-2\/","og_locale":"es_ES","og_type":"article","og_title":"CONCIERTO MELOD\u00cdAS Hebreas 2 - Institut Europ\u00e9en des Musiques Juives","og_description":"Vea extractos del concierto de la chelista Sarah Iancu y el pianista David Bismuth, que tuvo lugar el 9 de febrero de 2022 a las 19:00 horas, en el MAHJ","og_url":"https:\/\/www.iemj.org\/es\/concert-melodies-hebraiques-2-2\/","og_site_name":"Institut Europ\u00e9en des Musiques Juives","article_publisher":"https:\/\/www.facebook.com\/MusiquesJuives\/","article_published_time":"2022-05-26T14:12:38+00:00","article_modified_time":"2022-06-15T08:09:05+00:00","og_image":[{"width":350,"height":350,"url":"https:\/\/www.iemj.org\/wp-content\/uploads\/2022\/05\/Logo-Video.jpg","type":"image\/jpeg"}],"author":"Jacqueline ROTEN","twitter_card":"summary_large_image","twitter_misc":{"Escrito por":"Jacqueline ROTEN","Tiempo de lectura":"2 minutos"},"schema":{"@context":"https:\/\/schema.org","@graph":[{"@type":"Article","@id":"https:\/\/www.iemj.org\/es\/concert-melodies-hebraiques-2-2\/#article","isPartOf":{"@id":"https:\/\/www.iemj.org\/es\/concert-melodies-hebraiques-2-2\/"},"author":{"name":"Jacqueline ROTEN","@id":"https:\/\/www.iemj.org\/es\/#\/schema\/person\/358e26c18aca017fcc4cc15437f7279c"},"headline":"CONCIERTO MELOD\u00cdAS Hebreas 2","datePublished":"2022-05-26T14:12:38+00:00","dateModified":"2022-06-15T08:09:05+00:00","mainEntityOfPage":{"@id":"https:\/\/www.iemj.org\/es\/concert-melodies-hebraiques-2-2\/"},"wordCount":222,"publisher":{"@id":"https:\/\/www.iemj.org\/es\/#organization"},"image":{"@id":"https:\/\/www.iemj.org\/es\/concert-melodies-hebraiques-2-2\/#primaryimage"},"thumbnailUrl":"https:\/\/www.iemj.org\/wp-content\/uploads\/2022\/05\/Logo-Video.jpg","articleSection":["Conciertos"],"inLanguage":"es"},{"@type":"WebPage","@id":"https:\/\/www.iemj.org\/es\/concert-melodies-hebraiques-2-2\/","url":"https:\/\/www.iemj.org\/es\/concert-melodies-hebraiques-2-2\/","name":"CONCIERTO MELOD\u00cdAS Hebreas 2 - Institut Europ\u00e9en des Musiques Juives","isPartOf":{"@id":"https:\/\/www.iemj.org\/es\/#website"},"primaryImageOfPage":{"@id":"https:\/\/www.iemj.org\/es\/concert-melodies-hebraiques-2-2\/#primaryimage"},"image":{"@id":"https:\/\/www.iemj.org\/es\/concert-melodies-hebraiques-2-2\/#primaryimage"},"thumbnailUrl":"https:\/\/www.iemj.org\/wp-content\/uploads\/2022\/05\/Logo-Video.jpg","datePublished":"2022-05-26T14:12:38+00:00","dateModified":"2022-06-15T08:09:05+00:00","breadcrumb":{"@id":"https:\/\/www.iemj.org\/es\/concert-melodies-hebraiques-2-2\/#breadcrumb"},"inLanguage":"es","potentialAction":[{"@type":"ReadAction","target":["https:\/\/www.iemj.org\/es\/concert-melodies-hebraiques-2-2\/"]}]},{"@type":"ImageObject","inLanguage":"es","@id":"https:\/\/www.iemj.org\/es\/concert-melodies-hebraiques-2-2\/#primaryimage","url":"https:\/\/www.iemj.org\/wp-content\/uploads\/2022\/05\/Logo-Video.jpg","contentUrl":"https:\/\/www.iemj.org\/wp-content\/uploads\/2022\/05\/Logo-Video.jpg","width":350,"height":350},{"@type":"BreadcrumbList","@id":"https:\/\/www.iemj.org\/es\/concert-melodies-hebraiques-2-2\/#breadcrumb","itemListElement":[{"@type":"ListItem","position":1,"name":"Accueil","item":"https:\/\/www.iemj.org\/es\/"},{"@type":"ListItem","position":2,"name":"CONCIERTO MELOD\u00cdAS Hebreas 2"}]},{"@type":"WebSite","@id":"https:\/\/www.iemj.org\/es\/#website","url":"https:\/\/www.iemj.org\/es\/","name":"Institut Europ\u00e9en des Musiques Juives","description":"Des traditions musicales \u00e0 la port\u00e9e de tous","publisher":{"@id":"https:\/\/www.iemj.org\/es\/#organization"},"potentialAction":[{"@type":"SearchAction","target":{"@type":"EntryPoint","urlTemplate":"https:\/\/www.iemj.org\/es\/?s={search_term_string}"},"query-input":{"@type":"PropertyValueSpecification","valueRequired":true,"valueName":"search_term_string"}}],"inLanguage":"es"},{"@type":"Organization","@id":"https:\/\/www.iemj.org\/es\/#organization","name":"Institut Europ\u00e9en des Musiques Juives","url":"https:\/\/www.iemj.org\/es\/","logo":{"@type":"ImageObject","inLanguage":"es","@id":"https:\/\/www.iemj.org\/es\/#\/schema\/logo\/image\/","url":"https:\/\/www.iemj.org\/wp-content\/uploads\/2021\/09\/Logo-IEMJ-Paypal.jpg","contentUrl":"https:\/\/www.iemj.org\/wp-content\/uploads\/2021\/09\/Logo-IEMJ-Paypal.jpg","width":150,"height":50,"caption":"Institut Europ\u00e9en des Musiques Juives"},"image":{"@id":"https:\/\/www.iemj.org\/es\/#\/schema\/logo\/image\/"},"sameAs":["https:\/\/www.facebook.com\/MusiquesJuives\/","https:\/\/www.instagram.com\/musiquesjuives\/","https:\/\/www.youtube.com\/user\/musiquesjuives"]},{"@type":"Person","@id":"https:\/\/www.iemj.org\/es\/#\/schema\/person\/358e26c18aca017fcc4cc15437f7279c","name":"Jacqueline ROTEN","image":{"@type":"ImageObject","inLanguage":"es","@id":"https:\/\/secure.gravatar.com\/avatar\/5964256d6c6957de3a3505278957e0fb2a35119ac47ea41827a65301213c810b?s=96&d=mm&r=g","url":"https:\/\/secure.gravatar.com\/avatar\/5964256d6c6957de3a3505278957e0fb2a35119ac47ea41827a65301213c810b?s=96&d=mm&r=g","contentUrl":"https:\/\/secure.gravatar.com\/avatar\/5964256d6c6957de3a3505278957e0fb2a35119ac47ea41827a65301213c810b?s=96&d=mm&r=g","caption":"Jacqueline ROTEN"}}]}},"_links":{"self":[{"href":"https:\/\/www.iemj.org\/es\/wp-json\/wp\/v2\/posts\/85392","targetHints":{"allow":["GET"]}}],"collection":[{"href":"https:\/\/www.iemj.org\/es\/wp-json\/wp\/v2\/posts"}],"about":[{"href":"https:\/\/www.iemj.org\/es\/wp-json\/wp\/v2\/types\/post"}],"author":[{"embeddable":true,"href":"https:\/\/www.iemj.org\/es\/wp-json\/wp\/v2\/users\/5"}],"replies":[{"embeddable":true,"href":"https:\/\/www.iemj.org\/es\/wp-json\/wp\/v2\/comments?post=85392"}],"version-history":[{"count":0,"href":"https:\/\/www.iemj.org\/es\/wp-json\/wp\/v2\/posts\/85392\/revisions"}],"wp:featuredmedia":[{"embeddable":true,"href":"https:\/\/www.iemj.org\/es\/wp-json\/wp\/v2\/media\/85120"}],"wp:attachment":[{"href":"https:\/\/www.iemj.org\/es\/wp-json\/wp\/v2\/media?parent=85392"}],"wp:term":[{"taxonomy":"category","embeddable":true,"href":"https:\/\/www.iemj.org\/es\/wp-json\/wp\/v2\/categories?post=85392"},{"taxonomy":"post_tag","embeddable":true,"href":"https:\/\/www.iemj.org\/es\/wp-json\/wp\/v2\/tags?post=85392"},{"taxonomy":"technique","embeddable":true,"href":"https:\/\/www.iemj.org\/es\/wp-json\/wp\/v2\/technique?post=85392"},{"taxonomy":"squelettes","embeddable":true,"href":"https:\/\/www.iemj.org\/es\/wp-json\/wp\/v2\/squelettes?post=85392"},{"taxonomy":"sujet","embeddable":true,"href":"https:\/\/www.iemj.org\/es\/wp-json\/wp\/v2\/sujet?post=85392"},{"taxonomy":"formation","embeddable":true,"href":"https:\/\/www.iemj.org\/es\/wp-json\/wp\/v2\/formation?post=85392"},{"taxonomy":"genre","embeddable":true,"href":"https:\/\/www.iemj.org\/es\/wp-json\/wp\/v2\/genre?post=85392"},{"taxonomy":"fonds","embeddable":true,"href":"https:\/\/www.iemj.org\/es\/wp-json\/wp\/v2\/fonds?post=85392"},{"taxonomy":"tradition","embeddable":true,"href":"https:\/\/www.iemj.org\/es\/wp-json\/wp\/v2\/tradition?post=85392"},{"taxonomy":"type-de-contenu","embeddable":true,"href":"https:\/\/www.iemj.org\/es\/wp-json\/wp\/v2\/type-de-contenu?post=85392"},{"taxonomy":"interprete-compositeur","embeddable":true,"href":"https:\/\/www.iemj.org\/es\/wp-json\/wp\/v2\/interprete-compositeur?post=85392"},{"taxonomy":"frise","embeddable":true,"href":"https:\/\/www.iemj.org\/es\/wp-json\/wp\/v2\/frise?post=85392"},{"taxonomy":"type-devenement","embeddable":true,"href":"https:\/\/www.iemj.org\/es\/wp-json\/wp\/v2\/type-devenement?post=85392"},{"taxonomy":"tableaux-liens-externes","embeddable":true,"href":"https:\/\/www.iemj.org\/es\/wp-json\/wp\/v2\/tableaux-liens-externes?post=85392"}],"curies":[{"name":"wp","href":"https:\/\/api.w.org\/{rel}","templated":true}]}}