{"id":85696,"date":"2022-06-21T12:35:48","date_gmt":"2022-06-21T10:35:48","guid":{"rendered":"https:\/\/www.iemj.org\/la-musique-juive-en-espagne\/"},"modified":"2024-11-12T14:31:34","modified_gmt":"2024-11-12T13:31:34","slug":"la-musique-juive-en-espagne","status":"publish","type":"post","link":"https:\/\/www.iemj.org\/es\/la-musique-juive-en-espagne\/","title":{"rendered":"M\u00fasica jud\u00eda en Espa\u00f1a"},"content":{"rendered":"<p><!--more--><\/p>\n<p>Como es sabido, los jud\u00edos fueron expulsados de Espa\u00f1a en 1492, aunque evidentemente muchos se quedaron tras convertirse al catolicismo y, entre ellos, algunos siguieron practicando su fe en secreto. No tenemos las partituras ni demasiada documentaci\u00f3n sobre la m\u00fasica de los jud\u00edos durante el milenio de su presencia en la <img fetchpriority=\"high\" decoding=\"async\" class=\"alignright wp-image-85502 size-medium\" src=\"https:\/\/www.iemj.org\/wp-content\/uploads\/2022\/06\/Autodafe-Inquisition-242x300.jpg\" alt=\"\" width=\"242\" height=\"300\" srcset=\"https:\/\/www.iemj.org\/wp-content\/uploads\/2022\/06\/Autodafe-Inquisition-242x300.jpg 242w, https:\/\/www.iemj.org\/wp-content\/uploads\/2022\/06\/Autodafe-Inquisition.jpg 282w\" sizes=\"(max-width: 242px) 100vw, 242px\" \/>Pen\u00ednsula Ib\u00e9rica: apenas las quejas de algunos rabinos por la incorporaci\u00f3n de melod\u00edas de otras comunidades religiosas (musulmanas o cristianas) a los cantos devocionales (<em>piyut\u00edm<\/em>) que sol\u00edan formar parte de la liturgia. Durante su larga ausencia (o clandestinidad) encontramos alg\u00fan testimonio sobre lo jud\u00edo en la voz de otros colectivos. Por ejemplo, aunque los gitanos empezaron a llegar a Espa\u00f1a para la \u00e9poca en que los jud\u00edos sal\u00edan de ella, qued\u00f3 registrado en el acervo flamenco una <em>buler\u00eda por sole\u00e1<\/em> que estremece por su testimonio de lo que seguramente ser\u00eda un <strong>autodafe de la Inquisici\u00f3n<\/strong>: \u201cComo los jud\u00edos t\u00fa eres, t\u00fa eres como los jud\u00edos; aunque te quemen la ropa puesta en el cuerpo, no reniegas de lo que has\u00a0<em>s\u00edo<\/em>\u201d.<\/p>\n<figure id=\"attachment_85503\" aria-describedby=\"caption-attachment-85503\" style=\"width: 320px\" class=\"wp-caption alignleft\"><img decoding=\"async\" class=\"wp-image-85507\" src=\"https:\/\/www.iemj.org\/wp-content\/uploads\/2022\/06\/Ceuta-et-Melilla-300x213.jpg\" alt=\"\" width=\"320\" height=\"227\" srcset=\"https:\/\/www.iemj.org\/wp-content\/uploads\/2022\/06\/Ceuta-et-Melilla-300x213.jpg 300w, https:\/\/www.iemj.org\/wp-content\/uploads\/2022\/06\/Ceuta-et-Melilla.jpg 350w\" sizes=\"(max-width: 320px) 100vw, 320px\" \/><figcaption id=\"caption-attachment-85503\" class=\"wp-caption-text\"><strong>Ceuta et Melilla<\/strong><\/figcaption><\/figure>\n<p>Ya desde mediados del siglo XIX (tras la cuarta y definitiva abolici\u00f3n de la Inquisici\u00f3n) comienza un goteo de entrada de jud\u00edos a Espa\u00f1a, la mayor\u00eda de ellos de origen centro-europeo y ligados a industrias de modernizaci\u00f3n como el ferrocarril. Pero es en Melilla, donde desde entonces comienza a instalarse una comunidad jud\u00eda de origen sefard\u00ed norafricano que trae consigo sus ritos y melod\u00edas, aunque estas canciones no salen del entorno de las sinagogas y las familias. Uno de los primeros en explorar este terreno ignoto fue <strong>Arcadio de Larrea Palac\u00edn<\/strong> (1907 \u2013 1985), music\u00f3logo estudioso del flamenco, folklorista y miembro de la Real Academia de la Lengua, que visit\u00f3 la citada ciudad y la de Ceuta, adem\u00e1s del Protectorado espa\u00f1ol del norte de Marruecos, donde toma nota de varias melod\u00edas populares. Sin embargo, su labor no trascendi\u00f3 m\u00e1s all\u00e1 del \u00e1mbito acad\u00e9mico.<\/p>\n<figure id=\"attachment_85508\" aria-describedby=\"caption-attachment-85508\" style=\"width: 321px\" class=\"wp-caption alignleft\"><img decoding=\"async\" class=\"wp-image-85512\" src=\"https:\/\/www.iemj.org\/wp-content\/uploads\/2022\/06\/Capture-Sophia-Noel-portrait-2-300x182.jpg\" alt=\"\" width=\"321\" height=\"195\" srcset=\"https:\/\/www.iemj.org\/wp-content\/uploads\/2022\/06\/Capture-Sophia-Noel-portrait-2-300x182.jpg 300w, https:\/\/www.iemj.org\/wp-content\/uploads\/2022\/06\/Capture-Sophia-Noel-portrait-2.jpg 350w\" sizes=\"(max-width: 321px) 100vw, 321px\" \/><figcaption id=\"caption-attachment-85508\" class=\"wp-caption-text\"><strong>Sof\u00eda Noel<\/strong><\/figcaption><\/figure>\n<p>Desde inicios del siglo XX, y gracias especialmente a la labor del senador \u00c1ngel Pulido (1852 \u2013 1932), se potencia un incipiente sentimiento filo-semita que llega incluso en 1924 a la promulgaci\u00f3n de un listado de apellidos de jud\u00edos sefarditas de origen espa\u00f1ol que permit\u00edan obtener la ciudadan\u00eda espa\u00f1ola. El estallido en 1936 de la Guerra Civil y el triunfo del bando <em>nacional<\/em> (apoyado militarmente por reg\u00edmenes antisemitas como el nazismo) echa por tierra durante d\u00e9cadas ese acercamiento. Sin embargo, durante la Segunda Guerra Mundial llegan a Espa\u00f1a algunos jud\u00edos que buscan refugio, como la soprano y music\u00f3loga belga Sophie Heyman (1915 \u2013 2011), hija de un sefard\u00ed y una ashkenaz\u00ed (jud\u00eda originaria del este de Europa), que cambiar\u00eda su nombre por el de <strong>Sof\u00eda Noel,<\/strong> y cuya presencia y talento inspirar\u00edan la creaci\u00f3n de partituras que reivindican el pasado judeoespa\u00f1ol, firmadas por compositores como Fernando Obradors y acompa\u00f1ada al piano por Ricardo Vi\u00f1es, quien en Par\u00eds fuera profesor de la sefardita Victoria Kamhi (nacida en Estambul en 1902 y fallecida en 1997), luego esposa del compositor Joaqu\u00edn Rodrigo (afamado especialmente por su <em>Concierto de Aranjuez<\/em>)<\/p>\n<figure id=\"attachment_85513\" aria-describedby=\"caption-attachment-85513\" style=\"width: 300px\" class=\"wp-caption alignright\"><img loading=\"lazy\" decoding=\"async\" class=\"wp-image-85517 size-medium\" src=\"https:\/\/www.iemj.org\/wp-content\/uploads\/2022\/06\/Joaquin-Diaz-300x252.jpg\" alt=\"\" width=\"300\" height=\"252\" srcset=\"https:\/\/www.iemj.org\/wp-content\/uploads\/2022\/06\/Joaquin-Diaz-300x252.jpg 300w, https:\/\/www.iemj.org\/wp-content\/uploads\/2022\/06\/Joaquin-Diaz.jpg 350w\" sizes=\"(max-width: 300px) 100vw, 300px\" \/><figcaption id=\"caption-attachment-85513\" class=\"wp-caption-text\"><strong>Joaqu\u00edn D\u00edaz<\/strong><\/figcaption><\/figure>\n<p>Tras el fin del Protectorado, la independencia de Marruecos y, especialmente, la ola de antisemitismo a ra\u00edz de la Guerra de los Seis D\u00edas de 1967 en Israel, hubo una gran afluencia de comunidades jud\u00edas sefard\u00edes del norte de Marruecos hacia grandes ciudades espa\u00f1olas (principalmente Madrid y Barcelona), trayendo consigo sus rituales y m\u00fasicas religiosas, aunque tampoco en la pen\u00ednsula trascienden de su \u00e1mbito ceremonial y familiar. En el mismo 1967, el folklorista y m\u00fasico zamorano <strong>Joaqu\u00edn D\u00edaz Gonz\u00e1lez<\/strong> realiz\u00f3 una gira de recitales y conferencias por universidades de Estados Unidos, encontr\u00e1ndose con el fundador del sello Folkways Records (Moses Asch), quien le regal\u00f3 el disco de canciones populares sefard\u00edes que hab\u00eda editado en 1959 e interpretado por Gloria Levy, que le revel\u00f3 un repertorio y una lengua desconocidos aunque fuertemente ligados a su propio acervo, que pronto hizo suyos. Sus primeros discos inspirados en dicha tradici\u00f3n (aunque interpretados con un marcado car\u00e1cter hisp\u00e1nico) sentaron las bases de lo que en Espa\u00f1a se considera, hasta el d\u00eda de hoy, <em>m\u00fasica sefard\u00ed<\/em>. Por entonces, el music\u00f3logo israel\u00ed nacido en Manisa (en la actual Turqu\u00eda) en 1919 y fallecido en 1977 Itzhak (Isaac) Levy (padre de la cantante Yasmin Levy), publicaba dos importantes recopilaciones de m\u00fasica sefard\u00ed, tanto de su m\u00fasica popular en judeoespa\u00f1ol, como de los cantos (en hebreo) de las m\u00fasicas lit\u00fargicas y devocionales, que sirvieron de referencia para que otros cantantes espa\u00f1oles (y de otros pa\u00edses) abordaran este repertorio.<\/p>\n<audio class=\"wp-audio-shortcode\" id=\"audio-85696-1\" preload=\"none\" style=\"width: 100%;\" controls=\"controls\"><source type=\"audio\/mpeg\" src=\"https:\/\/www.iemj.org\/wp-content\/uploads\/2022\/06\/1.Barminan_Joaqin-Diaz-CD_699_21-3.mp3?_=1\" \/><a href=\"https:\/\/www.iemj.org\/wp-content\/uploads\/2022\/06\/1.Barminan_Joaqin-Diaz-CD_699_21-3.mp3\">https:\/\/www.iemj.org\/wp-content\/uploads\/2022\/06\/1.Barminan_Joaqin-Diaz-CD_699_21-3.mp3<\/a><\/audio>\n<p><strong>Barminan &#8211; Joaqin D\u00edaz<\/strong><\/p>\n<p><img loading=\"lazy\" decoding=\"async\" class=\" wp-image-85558 alignleft\" src=\"https:\/\/www.iemj.org\/wp-content\/uploads\/2022\/06\/Disque-Gloria-Levy-1959-D33-30_211_VIG-285x300.jpg\" alt=\"\" width=\"251\" height=\"264\" srcset=\"https:\/\/www.iemj.org\/wp-content\/uploads\/2022\/06\/Disque-Gloria-Levy-1959-D33-30_211_VIG-285x300.jpg 285w, https:\/\/www.iemj.org\/wp-content\/uploads\/2022\/06\/Disque-Gloria-Levy-1959-D33-30_211_VIG.jpg 333w\" sizes=\"(max-width: 251px) 100vw, 251px\" \/><\/p>\n<p>Estos acontecimientos sirvieron de pistoletazo de salida para m\u00faltiples iniciativas de cantantes y grupos, a veces dedicados exclusivamente al repertorio sefard\u00ed y, otras, con \u00e9ste como parte del cat\u00e1logo de m\u00fasicas populares espa\u00f1olas. Adem\u00e1s, empez\u00f3 a desarrollarse tambi\u00e9n un inter\u00e9s por las m\u00fasicas sefard\u00edes de origen lit\u00fargico y paralit\u00fargico en hebreo, muchas veces acudiendo a las <em>contrafacta<\/em>, es decir, la sustituci\u00f3n, en la m\u00fasica vocal, de un texto por otro, aunque conservando la melod\u00eda. Este mecanismo refuerza el ideal de una \u201cm\u00fasica de las <em>Tres Culturas<\/em>\u201d, en alusi\u00f3n a la supuesta convivencia y tolerancia entre las tres religiones monote\u00edstas (cristianos, musulmanes y jud\u00edos) en la Espa\u00f1a medieval, conocida entre los \u00faltimos como Sefarad.<\/p>\n<audio class=\"wp-audio-shortcode\" id=\"audio-85696-2\" preload=\"none\" style=\"width: 100%;\" controls=\"controls\"><source type=\"audio\/mpeg\" src=\"https:\/\/www.iemj.org\/wp-content\/uploads\/2022\/06\/2.Quando-Veyi-Hija-Hermoza-Gloria-Levy-D33-30_211_01-3.mp3?_=2\" \/><a href=\"https:\/\/www.iemj.org\/wp-content\/uploads\/2022\/06\/2.Quando-Veyi-Hija-Hermoza-Gloria-Levy-D33-30_211_01-3.mp3\">https:\/\/www.iemj.org\/wp-content\/uploads\/2022\/06\/2.Quando-Veyi-Hija-Hermoza-Gloria-Levy-D33-30_211_01-3.mp3<\/a><\/audio>\n<p><strong>Quando Veyi Hija Hermoza &#8211; Gloria Levy <\/strong><\/p>\n<p><img loading=\"lazy\" decoding=\"async\" class=\"wp-image-85523 alignright\" src=\"https:\/\/www.iemj.org\/wp-content\/uploads\/2022\/06\/Kroke-K7_563_VIG-296x300.jpg\" alt=\"\" width=\"240\" height=\"243\" srcset=\"https:\/\/www.iemj.org\/wp-content\/uploads\/2022\/06\/Kroke-K7_563_VIG-296x300.jpg 296w, https:\/\/www.iemj.org\/wp-content\/uploads\/2022\/06\/Kroke-K7_563_VIG-100x100.jpg 100w, https:\/\/www.iemj.org\/wp-content\/uploads\/2022\/06\/Kroke-K7_563_VIG.jpg 345w\" sizes=\"(max-width: 240px) 100vw, 240px\" \/><\/p>\n<p>En cuanto a las m\u00fasicas jud\u00edas de tradiciones no hispanas, su impacto ha sido m\u00ednimo. Por ejemplo, la m\u00fasica <em>klezmer<\/em> (de la tradici\u00f3n instrumental de los jud\u00edos del este de Europa) es m\u00e1s conocida a trav\u00e9s de grupos no espa\u00f1oles y no jud\u00edos como los polacos Kroke, aunque en las \u00faltimas d\u00e9cadas hubo algunas iniciativas nacionales, como <strong>Klezmer sefard\u00ed<\/strong>, con una formaci\u00f3n plural en sus or\u00edgenes musicales jud\u00edos, as\u00ed como en la nacionalidad y pertenencia religiosa de sus miembros. Otras vertientes de la m\u00fasica jud\u00eda (de Oriente Medio, por ejemplo) siguen pr\u00e1cticamente ausentes de los escenarios peninsulares.<\/p>\n<audio class=\"wp-audio-shortcode\" id=\"audio-85696-3\" preload=\"none\" style=\"width: 100%;\" controls=\"controls\"><source type=\"audio\/mpeg\" src=\"https:\/\/www.iemj.org\/wp-content\/uploads\/2022\/06\/3.Sun-Kroke-Extrait-CD_962_02_EX-3.mp3?_=3\" \/><a href=\"https:\/\/www.iemj.org\/wp-content\/uploads\/2022\/06\/3.Sun-Kroke-Extrait-CD_962_02_EX-3.mp3\">https:\/\/www.iemj.org\/wp-content\/uploads\/2022\/06\/3.Sun-Kroke-Extrait-CD_962_02_EX-3.mp3<\/a><\/audio>\n<p><strong>Sun &#8211; Kroke (Extracto)<\/strong><\/p>\n<audio class=\"wp-audio-shortcode\" id=\"audio-85696-4\" preload=\"none\" style=\"width: 100%;\" controls=\"controls\"><source type=\"audio\/mpeg\" src=\"https:\/\/www.iemj.org\/wp-content\/uploads\/2022\/06\/4.Miserlou-Klezmer-Sefardi-Extrait-4.mp3?_=4\" \/><a href=\"https:\/\/www.iemj.org\/wp-content\/uploads\/2022\/06\/4.Miserlou-Klezmer-Sefardi-Extrait-4.mp3\">https:\/\/www.iemj.org\/wp-content\/uploads\/2022\/06\/4.Miserlou-Klezmer-Sefardi-Extrait-4.mp3<\/a><\/audio>\n<p><strong>Miserlou &#8211; Klezmer Sefardi (Extracto)<\/strong><\/p>\n<p>En cuanto a m\u00fasicos jud\u00edos espa\u00f1oles, la baj\u00edsima proporci\u00f3n de esta colectividad dentro de la poblaci\u00f3n general (en torno al 0,1%) reduce las probabilidades de un gran impacto, pero m\u00e1s a\u00fan de aquellos que se dedican a alguna forma de expresi\u00f3n musical jud\u00eda. Encontramos, sin embargo, nombres importantes de jud\u00edos dentro de g\u00e9neros musicales populares como Jorge Drexler, Ariel Rot, Alejo Stivel o Federico Lechner, y tambi\u00e9n cierta representatividad entre los int\u00e9rpretes de m\u00fasica cl\u00e1sica, aunque los m\u00e1s renombrados exponentes nacionales de las m\u00fasicas identificadas como jud\u00edas no pertenecen a dicha comunidad.<\/p>\n<p>Jorge Rozemblum<\/p>\n<p>Director de Radio Sefarad y correspondiente en Espa\u00f1a de la <strong>Red Europea de M\u00fasica Jud\u00eda<\/strong><\/p>\n<p><a href=\"http:\/\/www.radiosefarad.com\/\">www.radiosefarad.com<\/a><\/p>\n<p><a href=\"#_ftnref1\" name=\"_ftn1\"><\/a><\/p>\n\n\n<figure class=\"wp-block-embed is-type-video is-provider-youtube wp-block-embed-youtube wp-embed-aspect-4-3 wp-has-aspect-ratio\"><div class=\"wp-block-embed__wrapper\">\n<iframe title=\"Dame Par\u00e1s\" width=\"640\" height=\"480\" src=\"https:\/\/www.youtube.com\/embed\/tp6qC0s5-FE?feature=oembed\" frameborder=\"0\" allow=\"accelerometer; autoplay; clipboard-write; encrypted-media; gyroscope; picture-in-picture; web-share\" referrerpolicy=\"strict-origin-when-cross-origin\" allowfullscreen><\/iframe>\n<\/div><\/figure>\n\n\n\n<p><\/p>\n","protected":false},"excerpt":{"rendered":"","protected":false},"author":5,"featured_media":85550,"comment_status":"closed","ping_status":"closed","sticky":false,"template":"","format":"standard","meta":{"_acf_changed":false,"footnotes":""},"categories":[1408],"tags":[],"technique":[],"squelettes":[],"sujet":[],"formation":[],"genre":[],"fonds":[],"tradition":[],"type-de-contenu":[],"interprete-compositeur":[],"frise":[],"type-devenement":[],"tableaux-liens-externes":[],"class_list":["post-85696","post","type-post","status-publish","format-standard","has-post-thumbnail","hentry","category-articulos-de-fondo-es"],"acf":[],"yoast_head":"<!-- This site is optimized with the Yoast SEO plugin v27.3 - https:\/\/yoast.com\/product\/yoast-seo-wordpress\/ -->\n<title>M\u00fasica jud\u00eda en Espa\u00f1a - Institut Europ\u00e9en des Musiques Juives<\/title>\n<meta name=\"robots\" content=\"index, follow, max-snippet:-1, max-image-preview:large, max-video-preview:-1\" \/>\n<link rel=\"canonical\" href=\"https:\/\/www.iemj.org\/es\/la-musique-juive-en-espagne\/\" \/>\n<meta property=\"og:locale\" content=\"es_ES\" \/>\n<meta property=\"og:type\" content=\"article\" \/>\n<meta property=\"og:title\" content=\"M\u00fasica jud\u00eda en Espa\u00f1a - Institut Europ\u00e9en des Musiques Juives\" \/>\n<meta property=\"og:url\" content=\"https:\/\/www.iemj.org\/es\/la-musique-juive-en-espagne\/\" \/>\n<meta property=\"og:site_name\" content=\"Institut Europ\u00e9en des Musiques Juives\" \/>\n<meta property=\"article:publisher\" content=\"https:\/\/www.facebook.com\/MusiquesJuives\/\" \/>\n<meta property=\"article:published_time\" content=\"2022-06-21T10:35:48+00:00\" \/>\n<meta property=\"article:modified_time\" content=\"2024-11-12T13:31:34+00:00\" \/>\n<meta property=\"og:image\" content=\"https:\/\/www.iemj.org\/wp-content\/uploads\/2022\/06\/Logo-Article.png\" \/>\n\t<meta property=\"og:image:width\" content=\"350\" \/>\n\t<meta property=\"og:image:height\" content=\"350\" \/>\n\t<meta property=\"og:image:type\" content=\"image\/png\" \/>\n<meta name=\"author\" content=\"Jacqueline ROTEN\" \/>\n<meta name=\"twitter:card\" content=\"summary_large_image\" \/>\n<meta name=\"twitter:label1\" content=\"Escrito por\" \/>\n\t<meta name=\"twitter:data1\" content=\"Jacqueline ROTEN\" \/>\n\t<meta name=\"twitter:label2\" content=\"Tiempo de lectura\" \/>\n\t<meta name=\"twitter:data2\" content=\"8 minutos\" \/>\n<script type=\"application\/ld+json\" class=\"yoast-schema-graph\">{\"@context\":\"https:\\\/\\\/schema.org\",\"@graph\":[{\"@type\":\"Article\",\"@id\":\"https:\\\/\\\/www.iemj.org\\\/es\\\/la-musique-juive-en-espagne\\\/#article\",\"isPartOf\":{\"@id\":\"https:\\\/\\\/www.iemj.org\\\/es\\\/la-musique-juive-en-espagne\\\/\"},\"author\":{\"name\":\"Jacqueline ROTEN\",\"@id\":\"https:\\\/\\\/www.iemj.org\\\/es\\\/#\\\/schema\\\/person\\\/358e26c18aca017fcc4cc15437f7279c\"},\"headline\":\"M\u00fasica jud\u00eda en Espa\u00f1a\",\"datePublished\":\"2022-06-21T10:35:48+00:00\",\"dateModified\":\"2024-11-12T13:31:34+00:00\",\"mainEntityOfPage\":{\"@id\":\"https:\\\/\\\/www.iemj.org\\\/es\\\/la-musique-juive-en-espagne\\\/\"},\"wordCount\":1303,\"publisher\":{\"@id\":\"https:\\\/\\\/www.iemj.org\\\/es\\\/#organization\"},\"image\":{\"@id\":\"https:\\\/\\\/www.iemj.org\\\/es\\\/la-musique-juive-en-espagne\\\/#primaryimage\"},\"thumbnailUrl\":\"https:\\\/\\\/www.iemj.org\\\/wp-content\\\/uploads\\\/2022\\\/06\\\/Logo-Article.png\",\"articleSection\":[\"Art\u00edculos de fondo\"],\"inLanguage\":\"es\"},{\"@type\":\"WebPage\",\"@id\":\"https:\\\/\\\/www.iemj.org\\\/es\\\/la-musique-juive-en-espagne\\\/\",\"url\":\"https:\\\/\\\/www.iemj.org\\\/es\\\/la-musique-juive-en-espagne\\\/\",\"name\":\"M\u00fasica jud\u00eda en Espa\u00f1a - Institut Europ\u00e9en des Musiques Juives\",\"isPartOf\":{\"@id\":\"https:\\\/\\\/www.iemj.org\\\/es\\\/#website\"},\"primaryImageOfPage\":{\"@id\":\"https:\\\/\\\/www.iemj.org\\\/es\\\/la-musique-juive-en-espagne\\\/#primaryimage\"},\"image\":{\"@id\":\"https:\\\/\\\/www.iemj.org\\\/es\\\/la-musique-juive-en-espagne\\\/#primaryimage\"},\"thumbnailUrl\":\"https:\\\/\\\/www.iemj.org\\\/wp-content\\\/uploads\\\/2022\\\/06\\\/Logo-Article.png\",\"datePublished\":\"2022-06-21T10:35:48+00:00\",\"dateModified\":\"2024-11-12T13:31:34+00:00\",\"breadcrumb\":{\"@id\":\"https:\\\/\\\/www.iemj.org\\\/es\\\/la-musique-juive-en-espagne\\\/#breadcrumb\"},\"inLanguage\":\"es\",\"potentialAction\":[{\"@type\":\"ReadAction\",\"target\":[\"https:\\\/\\\/www.iemj.org\\\/es\\\/la-musique-juive-en-espagne\\\/\"]}]},{\"@type\":\"ImageObject\",\"inLanguage\":\"es\",\"@id\":\"https:\\\/\\\/www.iemj.org\\\/es\\\/la-musique-juive-en-espagne\\\/#primaryimage\",\"url\":\"https:\\\/\\\/www.iemj.org\\\/wp-content\\\/uploads\\\/2022\\\/06\\\/Logo-Article.png\",\"contentUrl\":\"https:\\\/\\\/www.iemj.org\\\/wp-content\\\/uploads\\\/2022\\\/06\\\/Logo-Article.png\",\"width\":350,\"height\":350},{\"@type\":\"BreadcrumbList\",\"@id\":\"https:\\\/\\\/www.iemj.org\\\/es\\\/la-musique-juive-en-espagne\\\/#breadcrumb\",\"itemListElement\":[{\"@type\":\"ListItem\",\"position\":1,\"name\":\"Accueil\",\"item\":\"https:\\\/\\\/www.iemj.org\\\/es\\\/\"},{\"@type\":\"ListItem\",\"position\":2,\"name\":\"M\u00fasica jud\u00eda en Espa\u00f1a\"}]},{\"@type\":\"WebSite\",\"@id\":\"https:\\\/\\\/www.iemj.org\\\/es\\\/#website\",\"url\":\"https:\\\/\\\/www.iemj.org\\\/es\\\/\",\"name\":\"Institut Europ\u00e9en des Musiques Juives\",\"description\":\"Des traditions musicales \u00e0 la port\u00e9e de tous\",\"publisher\":{\"@id\":\"https:\\\/\\\/www.iemj.org\\\/es\\\/#organization\"},\"potentialAction\":[{\"@type\":\"SearchAction\",\"target\":{\"@type\":\"EntryPoint\",\"urlTemplate\":\"https:\\\/\\\/www.iemj.org\\\/es\\\/?s={search_term_string}\"},\"query-input\":{\"@type\":\"PropertyValueSpecification\",\"valueRequired\":true,\"valueName\":\"search_term_string\"}}],\"inLanguage\":\"es\"},{\"@type\":\"Organization\",\"@id\":\"https:\\\/\\\/www.iemj.org\\\/es\\\/#organization\",\"name\":\"Institut Europ\u00e9en des Musiques Juives\",\"url\":\"https:\\\/\\\/www.iemj.org\\\/es\\\/\",\"logo\":{\"@type\":\"ImageObject\",\"inLanguage\":\"es\",\"@id\":\"https:\\\/\\\/www.iemj.org\\\/es\\\/#\\\/schema\\\/logo\\\/image\\\/\",\"url\":\"https:\\\/\\\/www.iemj.org\\\/wp-content\\\/uploads\\\/2021\\\/09\\\/Logo-IEMJ-Paypal.jpg\",\"contentUrl\":\"https:\\\/\\\/www.iemj.org\\\/wp-content\\\/uploads\\\/2021\\\/09\\\/Logo-IEMJ-Paypal.jpg\",\"width\":150,\"height\":50,\"caption\":\"Institut Europ\u00e9en des Musiques Juives\"},\"image\":{\"@id\":\"https:\\\/\\\/www.iemj.org\\\/es\\\/#\\\/schema\\\/logo\\\/image\\\/\"},\"sameAs\":[\"https:\\\/\\\/www.facebook.com\\\/MusiquesJuives\\\/\",\"https:\\\/\\\/www.instagram.com\\\/musiquesjuives\\\/\",\"https:\\\/\\\/www.youtube.com\\\/user\\\/musiquesjuives\"]},{\"@type\":\"Person\",\"@id\":\"https:\\\/\\\/www.iemj.org\\\/es\\\/#\\\/schema\\\/person\\\/358e26c18aca017fcc4cc15437f7279c\",\"name\":\"Jacqueline ROTEN\",\"image\":{\"@type\":\"ImageObject\",\"inLanguage\":\"es\",\"@id\":\"https:\\\/\\\/secure.gravatar.com\\\/avatar\\\/5964256d6c6957de3a3505278957e0fb2a35119ac47ea41827a65301213c810b?s=96&d=mm&r=g\",\"url\":\"https:\\\/\\\/secure.gravatar.com\\\/avatar\\\/5964256d6c6957de3a3505278957e0fb2a35119ac47ea41827a65301213c810b?s=96&d=mm&r=g\",\"contentUrl\":\"https:\\\/\\\/secure.gravatar.com\\\/avatar\\\/5964256d6c6957de3a3505278957e0fb2a35119ac47ea41827a65301213c810b?s=96&d=mm&r=g\",\"caption\":\"Jacqueline ROTEN\"}}]}<\/script>\n<!-- \/ Yoast SEO plugin. -->","yoast_head_json":{"title":"M\u00fasica jud\u00eda en Espa\u00f1a - Institut Europ\u00e9en des Musiques Juives","robots":{"index":"index","follow":"follow","max-snippet":"max-snippet:-1","max-image-preview":"max-image-preview:large","max-video-preview":"max-video-preview:-1"},"canonical":"https:\/\/www.iemj.org\/es\/la-musique-juive-en-espagne\/","og_locale":"es_ES","og_type":"article","og_title":"M\u00fasica jud\u00eda en Espa\u00f1a - Institut Europ\u00e9en des Musiques Juives","og_url":"https:\/\/www.iemj.org\/es\/la-musique-juive-en-espagne\/","og_site_name":"Institut Europ\u00e9en des Musiques Juives","article_publisher":"https:\/\/www.facebook.com\/MusiquesJuives\/","article_published_time":"2022-06-21T10:35:48+00:00","article_modified_time":"2024-11-12T13:31:34+00:00","og_image":[{"width":350,"height":350,"url":"https:\/\/www.iemj.org\/wp-content\/uploads\/2022\/06\/Logo-Article.png","type":"image\/png"}],"author":"Jacqueline ROTEN","twitter_card":"summary_large_image","twitter_misc":{"Escrito por":"Jacqueline ROTEN","Tiempo de lectura":"8 minutos"},"schema":{"@context":"https:\/\/schema.org","@graph":[{"@type":"Article","@id":"https:\/\/www.iemj.org\/es\/la-musique-juive-en-espagne\/#article","isPartOf":{"@id":"https:\/\/www.iemj.org\/es\/la-musique-juive-en-espagne\/"},"author":{"name":"Jacqueline ROTEN","@id":"https:\/\/www.iemj.org\/es\/#\/schema\/person\/358e26c18aca017fcc4cc15437f7279c"},"headline":"M\u00fasica jud\u00eda en Espa\u00f1a","datePublished":"2022-06-21T10:35:48+00:00","dateModified":"2024-11-12T13:31:34+00:00","mainEntityOfPage":{"@id":"https:\/\/www.iemj.org\/es\/la-musique-juive-en-espagne\/"},"wordCount":1303,"publisher":{"@id":"https:\/\/www.iemj.org\/es\/#organization"},"image":{"@id":"https:\/\/www.iemj.org\/es\/la-musique-juive-en-espagne\/#primaryimage"},"thumbnailUrl":"https:\/\/www.iemj.org\/wp-content\/uploads\/2022\/06\/Logo-Article.png","articleSection":["Art\u00edculos de fondo"],"inLanguage":"es"},{"@type":"WebPage","@id":"https:\/\/www.iemj.org\/es\/la-musique-juive-en-espagne\/","url":"https:\/\/www.iemj.org\/es\/la-musique-juive-en-espagne\/","name":"M\u00fasica jud\u00eda en Espa\u00f1a - Institut Europ\u00e9en des Musiques Juives","isPartOf":{"@id":"https:\/\/www.iemj.org\/es\/#website"},"primaryImageOfPage":{"@id":"https:\/\/www.iemj.org\/es\/la-musique-juive-en-espagne\/#primaryimage"},"image":{"@id":"https:\/\/www.iemj.org\/es\/la-musique-juive-en-espagne\/#primaryimage"},"thumbnailUrl":"https:\/\/www.iemj.org\/wp-content\/uploads\/2022\/06\/Logo-Article.png","datePublished":"2022-06-21T10:35:48+00:00","dateModified":"2024-11-12T13:31:34+00:00","breadcrumb":{"@id":"https:\/\/www.iemj.org\/es\/la-musique-juive-en-espagne\/#breadcrumb"},"inLanguage":"es","potentialAction":[{"@type":"ReadAction","target":["https:\/\/www.iemj.org\/es\/la-musique-juive-en-espagne\/"]}]},{"@type":"ImageObject","inLanguage":"es","@id":"https:\/\/www.iemj.org\/es\/la-musique-juive-en-espagne\/#primaryimage","url":"https:\/\/www.iemj.org\/wp-content\/uploads\/2022\/06\/Logo-Article.png","contentUrl":"https:\/\/www.iemj.org\/wp-content\/uploads\/2022\/06\/Logo-Article.png","width":350,"height":350},{"@type":"BreadcrumbList","@id":"https:\/\/www.iemj.org\/es\/la-musique-juive-en-espagne\/#breadcrumb","itemListElement":[{"@type":"ListItem","position":1,"name":"Accueil","item":"https:\/\/www.iemj.org\/es\/"},{"@type":"ListItem","position":2,"name":"M\u00fasica jud\u00eda en Espa\u00f1a"}]},{"@type":"WebSite","@id":"https:\/\/www.iemj.org\/es\/#website","url":"https:\/\/www.iemj.org\/es\/","name":"Institut Europ\u00e9en des Musiques Juives","description":"Des traditions musicales \u00e0 la port\u00e9e de tous","publisher":{"@id":"https:\/\/www.iemj.org\/es\/#organization"},"potentialAction":[{"@type":"SearchAction","target":{"@type":"EntryPoint","urlTemplate":"https:\/\/www.iemj.org\/es\/?s={search_term_string}"},"query-input":{"@type":"PropertyValueSpecification","valueRequired":true,"valueName":"search_term_string"}}],"inLanguage":"es"},{"@type":"Organization","@id":"https:\/\/www.iemj.org\/es\/#organization","name":"Institut Europ\u00e9en des Musiques Juives","url":"https:\/\/www.iemj.org\/es\/","logo":{"@type":"ImageObject","inLanguage":"es","@id":"https:\/\/www.iemj.org\/es\/#\/schema\/logo\/image\/","url":"https:\/\/www.iemj.org\/wp-content\/uploads\/2021\/09\/Logo-IEMJ-Paypal.jpg","contentUrl":"https:\/\/www.iemj.org\/wp-content\/uploads\/2021\/09\/Logo-IEMJ-Paypal.jpg","width":150,"height":50,"caption":"Institut Europ\u00e9en des Musiques Juives"},"image":{"@id":"https:\/\/www.iemj.org\/es\/#\/schema\/logo\/image\/"},"sameAs":["https:\/\/www.facebook.com\/MusiquesJuives\/","https:\/\/www.instagram.com\/musiquesjuives\/","https:\/\/www.youtube.com\/user\/musiquesjuives"]},{"@type":"Person","@id":"https:\/\/www.iemj.org\/es\/#\/schema\/person\/358e26c18aca017fcc4cc15437f7279c","name":"Jacqueline ROTEN","image":{"@type":"ImageObject","inLanguage":"es","@id":"https:\/\/secure.gravatar.com\/avatar\/5964256d6c6957de3a3505278957e0fb2a35119ac47ea41827a65301213c810b?s=96&d=mm&r=g","url":"https:\/\/secure.gravatar.com\/avatar\/5964256d6c6957de3a3505278957e0fb2a35119ac47ea41827a65301213c810b?s=96&d=mm&r=g","contentUrl":"https:\/\/secure.gravatar.com\/avatar\/5964256d6c6957de3a3505278957e0fb2a35119ac47ea41827a65301213c810b?s=96&d=mm&r=g","caption":"Jacqueline ROTEN"}}]}},"_links":{"self":[{"href":"https:\/\/www.iemj.org\/es\/wp-json\/wp\/v2\/posts\/85696","targetHints":{"allow":["GET"]}}],"collection":[{"href":"https:\/\/www.iemj.org\/es\/wp-json\/wp\/v2\/posts"}],"about":[{"href":"https:\/\/www.iemj.org\/es\/wp-json\/wp\/v2\/types\/post"}],"author":[{"embeddable":true,"href":"https:\/\/www.iemj.org\/es\/wp-json\/wp\/v2\/users\/5"}],"replies":[{"embeddable":true,"href":"https:\/\/www.iemj.org\/es\/wp-json\/wp\/v2\/comments?post=85696"}],"version-history":[{"count":0,"href":"https:\/\/www.iemj.org\/es\/wp-json\/wp\/v2\/posts\/85696\/revisions"}],"wp:featuredmedia":[{"embeddable":true,"href":"https:\/\/www.iemj.org\/es\/wp-json\/wp\/v2\/media\/85550"}],"wp:attachment":[{"href":"https:\/\/www.iemj.org\/es\/wp-json\/wp\/v2\/media?parent=85696"}],"wp:term":[{"taxonomy":"category","embeddable":true,"href":"https:\/\/www.iemj.org\/es\/wp-json\/wp\/v2\/categories?post=85696"},{"taxonomy":"post_tag","embeddable":true,"href":"https:\/\/www.iemj.org\/es\/wp-json\/wp\/v2\/tags?post=85696"},{"taxonomy":"technique","embeddable":true,"href":"https:\/\/www.iemj.org\/es\/wp-json\/wp\/v2\/technique?post=85696"},{"taxonomy":"squelettes","embeddable":true,"href":"https:\/\/www.iemj.org\/es\/wp-json\/wp\/v2\/squelettes?post=85696"},{"taxonomy":"sujet","embeddable":true,"href":"https:\/\/www.iemj.org\/es\/wp-json\/wp\/v2\/sujet?post=85696"},{"taxonomy":"formation","embeddable":true,"href":"https:\/\/www.iemj.org\/es\/wp-json\/wp\/v2\/formation?post=85696"},{"taxonomy":"genre","embeddable":true,"href":"https:\/\/www.iemj.org\/es\/wp-json\/wp\/v2\/genre?post=85696"},{"taxonomy":"fonds","embeddable":true,"href":"https:\/\/www.iemj.org\/es\/wp-json\/wp\/v2\/fonds?post=85696"},{"taxonomy":"tradition","embeddable":true,"href":"https:\/\/www.iemj.org\/es\/wp-json\/wp\/v2\/tradition?post=85696"},{"taxonomy":"type-de-contenu","embeddable":true,"href":"https:\/\/www.iemj.org\/es\/wp-json\/wp\/v2\/type-de-contenu?post=85696"},{"taxonomy":"interprete-compositeur","embeddable":true,"href":"https:\/\/www.iemj.org\/es\/wp-json\/wp\/v2\/interprete-compositeur?post=85696"},{"taxonomy":"frise","embeddable":true,"href":"https:\/\/www.iemj.org\/es\/wp-json\/wp\/v2\/frise?post=85696"},{"taxonomy":"type-devenement","embeddable":true,"href":"https:\/\/www.iemj.org\/es\/wp-json\/wp\/v2\/type-devenement?post=85696"},{"taxonomy":"tableaux-liens-externes","embeddable":true,"href":"https:\/\/www.iemj.org\/es\/wp-json\/wp\/v2\/tableaux-liens-externes?post=85696"}],"curies":[{"name":"wp","href":"https:\/\/api.w.org\/{rel}","templated":true}]}}