{"id":86199,"date":"2022-07-20T18:02:13","date_gmt":"2022-07-20T16:02:13","guid":{"rendered":"https:\/\/www.iemj.org\/journo-raoul-1911-2001\/"},"modified":"2022-07-21T10:54:25","modified_gmt":"2022-07-21T08:54:25","slug":"journo-raoul-1911-2001","status":"publish","type":"post","link":"https:\/\/www.iemj.org\/es\/journo-raoul-1911-2001\/","title":{"rendered":"Journo, Raoul (1911-2001)"},"content":{"rendered":"<p><strong>Por Herv\u00e9 Roten<\/strong><\/p>\n<p>Nacido en T\u00fanez en 1911 y fallecido en Par\u00eds en 2001, Raoul Journo es autor-compositor-int\u00e9rprete de m\u00e1s de 90 canciones escritas en el m\u00e1s puro estilo de la m\u00fasica oriental. Cantante con una voz poderosa, se dedic\u00f3 a la interpretaci\u00f3n de los ta\u00e2lil, estos cantos de alabanza improvisados durante las ceremonias familiares (parto, circuncisi\u00f3n, bar-mitsva, henna, boda\u2026). Pero m\u00e1s all\u00e1 de la m\u00fasica, existe la historia de un hombre que ha tenido que ir contra el destino para escapar de la miseria.<\/p>\n<p>Raoul Journo naci\u00f3 el 18 de enero de 1911 en un barrio popular de T\u00fanez donde conviv\u00edan pac\u00edficamente los jud\u00edos y \u00e1rabes. Su familia viv\u00eda en condiciones rudimentarias. Su padre, pintor de brocha gorda, no ten\u00eda suficiente dinero para alimentar a su familia. As\u00ed que su hermana menor meurt por falta de atenci\u00f3n m\u00e9dica y privaci\u00f3n de alimentos a los cinco a\u00f1os.<\/p>\n<p><img decoding=\"async\" class=\"alignleft wp-image-86184\" src=\"https:\/\/www.iemj.org\/wp-content\/uploads\/2022\/07\/D45-17_390_VIG_Raoul-Journo-292x300.jpg\" alt=\"\" width=\"193\" height=\"198\" srcset=\"https:\/\/www.iemj.org\/wp-content\/uploads\/2022\/07\/D45-17_390_VIG_Raoul-Journo-292x300.jpg 292w, https:\/\/www.iemj.org\/wp-content\/uploads\/2022\/07\/D45-17_390_VIG_Raoul-Journo.jpg 341w\" sizes=\"(max-width: 193px) 100vw, 193px\" \/><\/p>\n<p>Desde una edad temprana, Raoul Journo se interes\u00f3 por la m\u00fasica y el canto, para desgracia de su madre que deseaba que se convirtiera en m\u00e9dico o abogado. Sin embargo fue la voz melodiosa de su madre interpretando poes\u00eda y <em>aroubis<\/em> (poema nost\u00e1lgico cantado) que activ\u00f3 la voluntad del joven Raoul para ser cantante. El canto fue su v\u00e1lvula de escape para superar las condiciones de vida m\u00edseras.<\/p>\n<p>A los 9 a\u00f1os, cada s\u00e1bado a partir de las 2:00 de la ma\u00f1ana, Raoul iba a rezar con su padre en dos sinagogas. Su voz melodiosa y poderosa cantando las oraciones encant\u00f3 a los fieles con el mayor orgullo de su padre. Tras su bar-mitsva en 1924, iba a la sinagoga cada lunes y juves por la ma\u00f1ana.<\/p>\n<p><img decoding=\"async\" class=\"wp-image-86179 alignright\" src=\"https:\/\/www.iemj.org\/wp-content\/uploads\/2022\/07\/CD_1296_VIG-Habiba-Msika-300x298.jpg\" alt=\"\" width=\"215\" height=\"214\" srcset=\"https:\/\/www.iemj.org\/wp-content\/uploads\/2022\/07\/CD_1296_VIG-Habiba-Msika-300x300.jpg 300w, https:\/\/www.iemj.org\/wp-content\/uploads\/2022\/07\/CD_1296_VIG-Habiba-Msika-150x150.jpg 150w, https:\/\/www.iemj.org\/wp-content\/uploads\/2022\/07\/CD_1296_VIG-Habiba-Msika-100x100.jpg 100w, https:\/\/www.iemj.org\/wp-content\/uploads\/2022\/07\/CD_1296_VIG-Habiba-Msika.jpg 352w\" sizes=\"(max-width: 215px) 100vw, 215px\" \/><\/p>\n<p>En los caf\u00e9s se familiariz\u00f3 con las melod\u00edas y las canciones de su \u00e9poca. En aquellos tiempos, los propietarios de los caf\u00e9s difund\u00edan en los tocadiscos los discos de cera de los principales cantantes de moda: Chiri El Hassanin, Zaki Mourad, Habiba Msika, Om Kaltoum, Cheikh Salama, El Abedih Chir El Chafti, Abdel Wab&#8230; En la escuela israelita de la Hafsia, recibi\u00f3 \u2013 entre otras \u2013 las clases de canto de Gaston Bchiri que le ense\u00f1\u00f3 piezas de maluf, canciones egipcias, tunecinas y tripolitanas. Un d\u00eda, Gaston Bchiri, impresionado por el talento de su joven alumno, habl\u00f3 con el padre de Raoul para proponerle que acompa\u00f1ara a su hijo en veladas musicales donde ten\u00eda un contrato. Pero su padre se neg\u00f3 rotundamente. En aquella \u00e9poca, ser cantante se consideraba una profesi\u00f3n para la gente vulgar y pervertida.<\/p>\n<p><img decoding=\"async\" class=\"wp-image-86166 alignleft\" src=\"https:\/\/www.iemj.org\/wp-content\/uploads\/2022\/07\/Louisa-Tounsia-300x300.jpg\" alt=\"\" width=\"208\" height=\"208\" srcset=\"https:\/\/www.iemj.org\/wp-content\/uploads\/2022\/07\/Louisa-Tounsia-300x300.jpg 300w, https:\/\/www.iemj.org\/wp-content\/uploads\/2022\/07\/Louisa-Tounsia-150x150.jpg 150w, https:\/\/www.iemj.org\/wp-content\/uploads\/2022\/07\/Louisa-Tounsia-100x100.jpg 100w, https:\/\/www.iemj.org\/wp-content\/uploads\/2022\/07\/Louisa-Tounsia.jpg 349w\" sizes=\"(max-width: 208px) 100vw, 208px\" \/><\/p>\n<p>A los 15 a\u00f1os, Raoul Journo tuvo que dejar la escuela para encontrar un trabajo para que su familia pueda sobrevivir. Durante casi seis a\u00f1os, realiz\u00f3 diversas tareas de mantenimiento siguiendo cantando cuando pod\u00eda. A los 17 a\u00f1os, adquiri\u00f3 un oud (la\u00fad oriental) y, sin haber tomado ninguna clase, domin\u00f3 r\u00e1pidamente el instrumento. Su notoriedad se extendi\u00f3 progresivamente y fue cada vez m\u00e1s solicitado para espect\u00e1culos donde se encontraba a veces con celebridades, como Habiba Msika. Tambi\u00e9n asist\u00eda a menudo a los conciertos de Louisia Tounsia.<\/p>\n<p>Cuando apenas ten\u00eda 18 a\u00f1os, Raoul Journo, consciente de su talento y de sus posibilidades art\u00edsticas, dej\u00f3 de actuar en los caf\u00e9s y tabernas y tom\u00f3 clases de canto. A los 21 a\u00f1os, encontr\u00f3 a Emilie, su futura esposa, que le pidi\u00f3 que renunciara a su carrera musical. Afortunadamente, empez\u00f3 a obtener sus primeros \u00e9xitos como cantante-autor-compositor en Radio Tunis donde era a menudo invitado. Fue admitido en la Sacem y grab\u00f3 su primer disco en 1933 bajo la direcci\u00f3n del famoso pianista Messaoud Ahbib, director de orquesta y tambi\u00e9n director de la compa\u00f1\u00eda discogr\u00e1fica Path\u00e9 Marconi. Este primer disco, que tuvo un gran \u00e9xito por toda \u00c1frica del Norte, lanz\u00f3 Raoul Journo a la cima, permiti\u00e9ndole asegurar unos ingresos gracias a la m\u00fasica.<\/p>\n<p>En 1933, Raoul Journo embarc\u00f3 en un barco. En direcci\u00f3n Par\u00eds. Tras la grabaci\u00f3n de diez canciones con Path\u00e9-Marconi, firm\u00f3 un contrato con la compa\u00f1\u00eda Polydor para la grabaci\u00f3n de dos nuevos discos incluyendo cada uno diez canciones. De vuelta en T\u00fanez, con su reputaci\u00f3n parisina, fund\u00f3 su propia orquesta profesional y se cas\u00f3 con Emilie, el 24 de junio de 1934, a pesar de la diferencia de clase social.<\/p>\n<p>Una primera hija, Lyli, naci\u00f3 de esa uni\u00f3n en 1935, pero las remuneraciones art\u00edsticas de Raoul Journo \u2013 que daba una parte a sus padres \u2013 no permiten una vida decente a la pareja con su beb\u00e9. Raoul Journo, que a\u00fan no <img loading=\"lazy\" decoding=\"async\" class=\" wp-image-86189 alignright\" src=\"https:\/\/www.iemj.org\/wp-content\/uploads\/2022\/07\/COUV-livre-Raoul-Journo-193x300.jpg\" alt=\"\" width=\"210\" height=\"327\" srcset=\"https:\/\/www.iemj.org\/wp-content\/uploads\/2022\/07\/COUV-livre-Raoul-Journo-193x300.jpg 193w, https:\/\/www.iemj.org\/wp-content\/uploads\/2022\/07\/COUV-livre-Raoul-Journo-660x1024.jpg 660w, https:\/\/www.iemj.org\/wp-content\/uploads\/2022\/07\/COUV-livre-Raoul-Journo-768x1192.jpg 768w, https:\/\/www.iemj.org\/wp-content\/uploads\/2022\/07\/COUV-livre-Raoul-Journo-990x1536.jpg 990w, https:\/\/www.iemj.org\/wp-content\/uploads\/2022\/07\/COUV-livre-Raoul-Journo-1320x2048.jpg 1320w, https:\/\/www.iemj.org\/wp-content\/uploads\/2022\/07\/COUV-livre-Raoul-Journo-600x931.jpg 600w, https:\/\/www.iemj.org\/wp-content\/uploads\/2022\/07\/COUV-livre-Raoul-Journo-scaled.jpg 1649w\" sizes=\"(max-width: 210px) 100vw, 210px\" \/>aceptaba la remunaci\u00f3n por su actuaci\u00f3n como cantante, tuvo que seguir trabajando por otra parte. Al mismo tiempo, la radio tunecina, donde a menudo interpretaba canciones nupciales, lo impuso como el \u00eddolo de las bodas \u00e1rabes. Los jud\u00edos lo solicitaban tambi\u00e9n para los brit-mila, bar-mitsva, henna, bodas, cumplea\u00f1os\u2026<\/p>\n<p>En 1938, naci\u00f3 su segunda hija, Simone. La carrera de Raoul estaba en ese momento en su apogeo, pero la guerra y la ocupaci\u00f3n de T\u00fanez por los nazis pusieron fin a los conciertos. Los tiempos son dif\u00edciles y los est\u00f3magos vac\u00edos. Durante la liberaci\u00f3n, las actividades art\u00edsticas de Raoul se reanudaron. A menudo era invitado por el Bey y las celebridades de T\u00fanez.<\/p>\n<p>En agosto de 1946 y en junio de 1950 nacieron dos nuevas hijas: Flavie y Dany. Raoul Journo realiz\u00f3 giras triunfales por Marruecos y Argelia. En Casablanca, actu\u00f3 en el escenario con Le\u00efla Tounsia y Samy El Maghribi, no muy lejos del cabaret <em>Au coq d\u2019or<\/em> donde cantaba Salim Halalli.<\/p>\n<p>En 1967, Emilie y Raoul abandonaron T\u00fanez para reunirse con sus tres hijas instaladas en Par\u00eds. Para su gran sorpresa, Raoul Journo empez\u00f3 a partir del 1971 una carrera parisina con su nuevo conjunto orquestral Ari Bock. Actu\u00f3 durante los bar-mitsvas, bodas y otras ceremonias jud\u00edas, pero tambi\u00e9n en la televisi\u00f3n francesa, en el Casino de Par\u00eds (1987), en el Olympia (1991) o incluso en la cit\u00e9 bleue de Ginebra (1999).<\/p>\n<p>El 3 de agosto de 1980, fue condecorado por el Presidente tunecino Bourguiba con la medalla de oficial de la orden del m\u00e9rito cultural. Tambi\u00e9n fue consagrado Caballero de las Artes y las Letras, el 3 de octubre de 1985, por Jack Lang, ministro de Cultura.<\/p>\n<p>Raoul Journo falleci\u00f3 el 22 de noviembre de 2001, poco tiempo antes de los 91 a\u00f1os. Est\u00e1 enterrado en Jerusal\u00e9n y a lo largo de su carrera compuso m\u00e1s de 90 canciones, hoy en d\u00eda la mayor parte est\u00e1 disponible en CD o en internet.<\/p>\n<p>Biografia: Raoul Journo, ma vie, par ma fille Flavie, Biblieurope, 2002, 263 p.<\/p>\n<ul>\n<li class=\"xmsonormal\"><a href=\"https:\/\/www.iemj.org\/chants-des-juifs-de-tunisie\/\" target=\"_blank\" rel=\"noopener\">Escuchar la lista de reproducci\u00f3n sobre las canciones de los jud\u00edos de T\u00fanez<\/a><\/li>\n<li class=\"xmsonormal\"><a href=\"https:\/\/www.iemj.org\/chants-des-juifs-de-tunisie-2\/\" target=\"_blank\" rel=\"noopener\">Escuchar la lista de reproducci\u00f3n sobre las canciones de los jud\u00edos de T\u00fanez 2<\/a><\/li>\n<li class=\"xmsonormal\"><a href=\"https:\/\/www.iemj.org\/chanteurs-juifs-de-tunisie-2\/\" target=\"_blank\" rel=\"noopener\">Escuchar el programa de radio presentado por Herv\u00e9 Roten &#8211; Cantantes jud\u00edos de T\u00fanez<\/a><\/li>\n<li><a href=\"https:\/\/www.iemj.org\/raoul-journo\/\" target=\"_blank\" rel=\"noopener\">Escuchar algunos extractos del CD de Raoul Journo<\/a><\/li>\n<\/ul>\n\n\n<p><\/p>\n","protected":false},"excerpt":{"rendered":"<p>Por Herv\u00e9 Roten Nacido en T\u00fanez en 1911 y fallecido en Par\u00eds en 2001, Raoul Journo es autor-compositor-int\u00e9rprete de m\u00e1s de 90 canciones escritas en el m\u00e1s puro estilo de<\/p>\n","protected":false},"author":5,"featured_media":86173,"comment_status":"closed","ping_status":"closed","sticky":false,"template":"","format":"standard","meta":{"_acf_changed":false,"footnotes":""},"categories":[1417],"tags":[],"technique":[],"squelettes":[],"sujet":[],"formation":[],"genre":[1915],"fonds":[],"tradition":[],"type-de-contenu":[],"interprete-compositeur":[],"frise":[],"type-devenement":[],"tableaux-liens-externes":[],"class_list":["post-86199","post","type-post","status-publish","format-standard","has-post-thumbnail","hentry","category-biografias-es","genre-oriental-es"],"acf":[],"yoast_head":"<!-- This site is optimized with the Yoast SEO plugin v27.3 - https:\/\/yoast.com\/product\/yoast-seo-wordpress\/ -->\n<title>Journo, Raoul (1911-2001) - Institut Europ\u00e9en des Musiques Juives<\/title>\n<meta name=\"robots\" content=\"index, follow, max-snippet:-1, max-image-preview:large, max-video-preview:-1\" \/>\n<link rel=\"canonical\" href=\"https:\/\/www.iemj.org\/es\/journo-raoul-1911-2001\/\" \/>\n<meta property=\"og:locale\" content=\"es_ES\" \/>\n<meta property=\"og:type\" content=\"article\" \/>\n<meta property=\"og:title\" content=\"Journo, Raoul (1911-2001) - Institut Europ\u00e9en des Musiques Juives\" \/>\n<meta property=\"og:description\" content=\"Por Herv\u00e9 Roten Nacido en T\u00fanez en 1911 y fallecido en Par\u00eds en 2001, Raoul Journo es autor-compositor-int\u00e9rprete de m\u00e1s de 90 canciones escritas en el m\u00e1s puro estilo de\" \/>\n<meta property=\"og:url\" content=\"https:\/\/www.iemj.org\/es\/journo-raoul-1911-2001\/\" \/>\n<meta property=\"og:site_name\" content=\"Institut Europ\u00e9en des Musiques Juives\" \/>\n<meta property=\"article:publisher\" content=\"https:\/\/www.facebook.com\/MusiquesJuives\/\" \/>\n<meta property=\"article:published_time\" content=\"2022-07-20T16:02:13+00:00\" \/>\n<meta property=\"article:modified_time\" content=\"2022-07-21T08:54:25+00:00\" \/>\n<meta property=\"og:image\" content=\"https:\/\/www.iemj.org\/wp-content\/uploads\/2022\/07\/Logo-bio-Raoul-Journo.jpg\" \/>\n\t<meta property=\"og:image:width\" content=\"225\" \/>\n\t<meta property=\"og:image:height\" content=\"218\" \/>\n\t<meta property=\"og:image:type\" content=\"image\/jpeg\" \/>\n<meta name=\"author\" content=\"Jacqueline ROTEN\" \/>\n<meta name=\"twitter:card\" content=\"summary_large_image\" \/>\n<meta name=\"twitter:label1\" content=\"Escrito por\" \/>\n\t<meta name=\"twitter:data1\" content=\"Jacqueline ROTEN\" \/>\n\t<meta name=\"twitter:label2\" content=\"Tiempo de lectura\" \/>\n\t<meta name=\"twitter:data2\" content=\"7 minutos\" \/>\n<script type=\"application\/ld+json\" class=\"yoast-schema-graph\">{\"@context\":\"https:\\\/\\\/schema.org\",\"@graph\":[{\"@type\":\"Article\",\"@id\":\"https:\\\/\\\/www.iemj.org\\\/es\\\/journo-raoul-1911-2001\\\/#article\",\"isPartOf\":{\"@id\":\"https:\\\/\\\/www.iemj.org\\\/es\\\/journo-raoul-1911-2001\\\/\"},\"author\":{\"name\":\"Jacqueline ROTEN\",\"@id\":\"https:\\\/\\\/www.iemj.org\\\/es\\\/#\\\/schema\\\/person\\\/358e26c18aca017fcc4cc15437f7279c\"},\"headline\":\"Journo, Raoul (1911-2001)\",\"datePublished\":\"2022-07-20T16:02:13+00:00\",\"dateModified\":\"2022-07-21T08:54:25+00:00\",\"mainEntityOfPage\":{\"@id\":\"https:\\\/\\\/www.iemj.org\\\/es\\\/journo-raoul-1911-2001\\\/\"},\"wordCount\":1188,\"publisher\":{\"@id\":\"https:\\\/\\\/www.iemj.org\\\/es\\\/#organization\"},\"image\":{\"@id\":\"https:\\\/\\\/www.iemj.org\\\/es\\\/journo-raoul-1911-2001\\\/#primaryimage\"},\"thumbnailUrl\":\"https:\\\/\\\/www.iemj.org\\\/wp-content\\\/uploads\\\/2022\\\/07\\\/Logo-bio-Raoul-Journo.jpg\",\"articleSection\":[\"Biograf\u00edas\"],\"inLanguage\":\"es\"},{\"@type\":\"WebPage\",\"@id\":\"https:\\\/\\\/www.iemj.org\\\/es\\\/journo-raoul-1911-2001\\\/\",\"url\":\"https:\\\/\\\/www.iemj.org\\\/es\\\/journo-raoul-1911-2001\\\/\",\"name\":\"Journo, Raoul (1911-2001) - Institut Europ\u00e9en des Musiques Juives\",\"isPartOf\":{\"@id\":\"https:\\\/\\\/www.iemj.org\\\/es\\\/#website\"},\"primaryImageOfPage\":{\"@id\":\"https:\\\/\\\/www.iemj.org\\\/es\\\/journo-raoul-1911-2001\\\/#primaryimage\"},\"image\":{\"@id\":\"https:\\\/\\\/www.iemj.org\\\/es\\\/journo-raoul-1911-2001\\\/#primaryimage\"},\"thumbnailUrl\":\"https:\\\/\\\/www.iemj.org\\\/wp-content\\\/uploads\\\/2022\\\/07\\\/Logo-bio-Raoul-Journo.jpg\",\"datePublished\":\"2022-07-20T16:02:13+00:00\",\"dateModified\":\"2022-07-21T08:54:25+00:00\",\"breadcrumb\":{\"@id\":\"https:\\\/\\\/www.iemj.org\\\/es\\\/journo-raoul-1911-2001\\\/#breadcrumb\"},\"inLanguage\":\"es\",\"potentialAction\":[{\"@type\":\"ReadAction\",\"target\":[\"https:\\\/\\\/www.iemj.org\\\/es\\\/journo-raoul-1911-2001\\\/\"]}]},{\"@type\":\"ImageObject\",\"inLanguage\":\"es\",\"@id\":\"https:\\\/\\\/www.iemj.org\\\/es\\\/journo-raoul-1911-2001\\\/#primaryimage\",\"url\":\"https:\\\/\\\/www.iemj.org\\\/wp-content\\\/uploads\\\/2022\\\/07\\\/Logo-bio-Raoul-Journo.jpg\",\"contentUrl\":\"https:\\\/\\\/www.iemj.org\\\/wp-content\\\/uploads\\\/2022\\\/07\\\/Logo-bio-Raoul-Journo.jpg\",\"width\":225,\"height\":218},{\"@type\":\"BreadcrumbList\",\"@id\":\"https:\\\/\\\/www.iemj.org\\\/es\\\/journo-raoul-1911-2001\\\/#breadcrumb\",\"itemListElement\":[{\"@type\":\"ListItem\",\"position\":1,\"name\":\"Accueil\",\"item\":\"https:\\\/\\\/www.iemj.org\\\/es\\\/\"},{\"@type\":\"ListItem\",\"position\":2,\"name\":\"Journo, Raoul (1911-2001)\"}]},{\"@type\":\"WebSite\",\"@id\":\"https:\\\/\\\/www.iemj.org\\\/es\\\/#website\",\"url\":\"https:\\\/\\\/www.iemj.org\\\/es\\\/\",\"name\":\"Institut Europ\u00e9en des Musiques Juives\",\"description\":\"Des traditions musicales \u00e0 la port\u00e9e de tous\",\"publisher\":{\"@id\":\"https:\\\/\\\/www.iemj.org\\\/es\\\/#organization\"},\"potentialAction\":[{\"@type\":\"SearchAction\",\"target\":{\"@type\":\"EntryPoint\",\"urlTemplate\":\"https:\\\/\\\/www.iemj.org\\\/es\\\/?s={search_term_string}\"},\"query-input\":{\"@type\":\"PropertyValueSpecification\",\"valueRequired\":true,\"valueName\":\"search_term_string\"}}],\"inLanguage\":\"es\"},{\"@type\":\"Organization\",\"@id\":\"https:\\\/\\\/www.iemj.org\\\/es\\\/#organization\",\"name\":\"Institut Europ\u00e9en des Musiques Juives\",\"url\":\"https:\\\/\\\/www.iemj.org\\\/es\\\/\",\"logo\":{\"@type\":\"ImageObject\",\"inLanguage\":\"es\",\"@id\":\"https:\\\/\\\/www.iemj.org\\\/es\\\/#\\\/schema\\\/logo\\\/image\\\/\",\"url\":\"https:\\\/\\\/www.iemj.org\\\/wp-content\\\/uploads\\\/2021\\\/09\\\/Logo-IEMJ-Paypal.jpg\",\"contentUrl\":\"https:\\\/\\\/www.iemj.org\\\/wp-content\\\/uploads\\\/2021\\\/09\\\/Logo-IEMJ-Paypal.jpg\",\"width\":150,\"height\":50,\"caption\":\"Institut Europ\u00e9en des Musiques Juives\"},\"image\":{\"@id\":\"https:\\\/\\\/www.iemj.org\\\/es\\\/#\\\/schema\\\/logo\\\/image\\\/\"},\"sameAs\":[\"https:\\\/\\\/www.facebook.com\\\/MusiquesJuives\\\/\",\"https:\\\/\\\/www.instagram.com\\\/musiquesjuives\\\/\",\"https:\\\/\\\/www.youtube.com\\\/user\\\/musiquesjuives\"]},{\"@type\":\"Person\",\"@id\":\"https:\\\/\\\/www.iemj.org\\\/es\\\/#\\\/schema\\\/person\\\/358e26c18aca017fcc4cc15437f7279c\",\"name\":\"Jacqueline ROTEN\",\"image\":{\"@type\":\"ImageObject\",\"inLanguage\":\"es\",\"@id\":\"https:\\\/\\\/secure.gravatar.com\\\/avatar\\\/5964256d6c6957de3a3505278957e0fb2a35119ac47ea41827a65301213c810b?s=96&d=mm&r=g\",\"url\":\"https:\\\/\\\/secure.gravatar.com\\\/avatar\\\/5964256d6c6957de3a3505278957e0fb2a35119ac47ea41827a65301213c810b?s=96&d=mm&r=g\",\"contentUrl\":\"https:\\\/\\\/secure.gravatar.com\\\/avatar\\\/5964256d6c6957de3a3505278957e0fb2a35119ac47ea41827a65301213c810b?s=96&d=mm&r=g\",\"caption\":\"Jacqueline ROTEN\"}}]}<\/script>\n<!-- \/ Yoast SEO plugin. -->","yoast_head_json":{"title":"Journo, Raoul (1911-2001) - Institut Europ\u00e9en des Musiques Juives","robots":{"index":"index","follow":"follow","max-snippet":"max-snippet:-1","max-image-preview":"max-image-preview:large","max-video-preview":"max-video-preview:-1"},"canonical":"https:\/\/www.iemj.org\/es\/journo-raoul-1911-2001\/","og_locale":"es_ES","og_type":"article","og_title":"Journo, Raoul (1911-2001) - Institut Europ\u00e9en des Musiques Juives","og_description":"Por Herv\u00e9 Roten Nacido en T\u00fanez en 1911 y fallecido en Par\u00eds en 2001, Raoul Journo es autor-compositor-int\u00e9rprete de m\u00e1s de 90 canciones escritas en el m\u00e1s puro estilo de","og_url":"https:\/\/www.iemj.org\/es\/journo-raoul-1911-2001\/","og_site_name":"Institut Europ\u00e9en des Musiques Juives","article_publisher":"https:\/\/www.facebook.com\/MusiquesJuives\/","article_published_time":"2022-07-20T16:02:13+00:00","article_modified_time":"2022-07-21T08:54:25+00:00","og_image":[{"width":225,"height":218,"url":"https:\/\/www.iemj.org\/wp-content\/uploads\/2022\/07\/Logo-bio-Raoul-Journo.jpg","type":"image\/jpeg"}],"author":"Jacqueline ROTEN","twitter_card":"summary_large_image","twitter_misc":{"Escrito por":"Jacqueline ROTEN","Tiempo de lectura":"7 minutos"},"schema":{"@context":"https:\/\/schema.org","@graph":[{"@type":"Article","@id":"https:\/\/www.iemj.org\/es\/journo-raoul-1911-2001\/#article","isPartOf":{"@id":"https:\/\/www.iemj.org\/es\/journo-raoul-1911-2001\/"},"author":{"name":"Jacqueline ROTEN","@id":"https:\/\/www.iemj.org\/es\/#\/schema\/person\/358e26c18aca017fcc4cc15437f7279c"},"headline":"Journo, Raoul (1911-2001)","datePublished":"2022-07-20T16:02:13+00:00","dateModified":"2022-07-21T08:54:25+00:00","mainEntityOfPage":{"@id":"https:\/\/www.iemj.org\/es\/journo-raoul-1911-2001\/"},"wordCount":1188,"publisher":{"@id":"https:\/\/www.iemj.org\/es\/#organization"},"image":{"@id":"https:\/\/www.iemj.org\/es\/journo-raoul-1911-2001\/#primaryimage"},"thumbnailUrl":"https:\/\/www.iemj.org\/wp-content\/uploads\/2022\/07\/Logo-bio-Raoul-Journo.jpg","articleSection":["Biograf\u00edas"],"inLanguage":"es"},{"@type":"WebPage","@id":"https:\/\/www.iemj.org\/es\/journo-raoul-1911-2001\/","url":"https:\/\/www.iemj.org\/es\/journo-raoul-1911-2001\/","name":"Journo, Raoul (1911-2001) - Institut Europ\u00e9en des Musiques Juives","isPartOf":{"@id":"https:\/\/www.iemj.org\/es\/#website"},"primaryImageOfPage":{"@id":"https:\/\/www.iemj.org\/es\/journo-raoul-1911-2001\/#primaryimage"},"image":{"@id":"https:\/\/www.iemj.org\/es\/journo-raoul-1911-2001\/#primaryimage"},"thumbnailUrl":"https:\/\/www.iemj.org\/wp-content\/uploads\/2022\/07\/Logo-bio-Raoul-Journo.jpg","datePublished":"2022-07-20T16:02:13+00:00","dateModified":"2022-07-21T08:54:25+00:00","breadcrumb":{"@id":"https:\/\/www.iemj.org\/es\/journo-raoul-1911-2001\/#breadcrumb"},"inLanguage":"es","potentialAction":[{"@type":"ReadAction","target":["https:\/\/www.iemj.org\/es\/journo-raoul-1911-2001\/"]}]},{"@type":"ImageObject","inLanguage":"es","@id":"https:\/\/www.iemj.org\/es\/journo-raoul-1911-2001\/#primaryimage","url":"https:\/\/www.iemj.org\/wp-content\/uploads\/2022\/07\/Logo-bio-Raoul-Journo.jpg","contentUrl":"https:\/\/www.iemj.org\/wp-content\/uploads\/2022\/07\/Logo-bio-Raoul-Journo.jpg","width":225,"height":218},{"@type":"BreadcrumbList","@id":"https:\/\/www.iemj.org\/es\/journo-raoul-1911-2001\/#breadcrumb","itemListElement":[{"@type":"ListItem","position":1,"name":"Accueil","item":"https:\/\/www.iemj.org\/es\/"},{"@type":"ListItem","position":2,"name":"Journo, Raoul (1911-2001)"}]},{"@type":"WebSite","@id":"https:\/\/www.iemj.org\/es\/#website","url":"https:\/\/www.iemj.org\/es\/","name":"Institut Europ\u00e9en des Musiques Juives","description":"Des traditions musicales \u00e0 la port\u00e9e de tous","publisher":{"@id":"https:\/\/www.iemj.org\/es\/#organization"},"potentialAction":[{"@type":"SearchAction","target":{"@type":"EntryPoint","urlTemplate":"https:\/\/www.iemj.org\/es\/?s={search_term_string}"},"query-input":{"@type":"PropertyValueSpecification","valueRequired":true,"valueName":"search_term_string"}}],"inLanguage":"es"},{"@type":"Organization","@id":"https:\/\/www.iemj.org\/es\/#organization","name":"Institut Europ\u00e9en des Musiques Juives","url":"https:\/\/www.iemj.org\/es\/","logo":{"@type":"ImageObject","inLanguage":"es","@id":"https:\/\/www.iemj.org\/es\/#\/schema\/logo\/image\/","url":"https:\/\/www.iemj.org\/wp-content\/uploads\/2021\/09\/Logo-IEMJ-Paypal.jpg","contentUrl":"https:\/\/www.iemj.org\/wp-content\/uploads\/2021\/09\/Logo-IEMJ-Paypal.jpg","width":150,"height":50,"caption":"Institut Europ\u00e9en des Musiques Juives"},"image":{"@id":"https:\/\/www.iemj.org\/es\/#\/schema\/logo\/image\/"},"sameAs":["https:\/\/www.facebook.com\/MusiquesJuives\/","https:\/\/www.instagram.com\/musiquesjuives\/","https:\/\/www.youtube.com\/user\/musiquesjuives"]},{"@type":"Person","@id":"https:\/\/www.iemj.org\/es\/#\/schema\/person\/358e26c18aca017fcc4cc15437f7279c","name":"Jacqueline ROTEN","image":{"@type":"ImageObject","inLanguage":"es","@id":"https:\/\/secure.gravatar.com\/avatar\/5964256d6c6957de3a3505278957e0fb2a35119ac47ea41827a65301213c810b?s=96&d=mm&r=g","url":"https:\/\/secure.gravatar.com\/avatar\/5964256d6c6957de3a3505278957e0fb2a35119ac47ea41827a65301213c810b?s=96&d=mm&r=g","contentUrl":"https:\/\/secure.gravatar.com\/avatar\/5964256d6c6957de3a3505278957e0fb2a35119ac47ea41827a65301213c810b?s=96&d=mm&r=g","caption":"Jacqueline ROTEN"}}]}},"_links":{"self":[{"href":"https:\/\/www.iemj.org\/es\/wp-json\/wp\/v2\/posts\/86199","targetHints":{"allow":["GET"]}}],"collection":[{"href":"https:\/\/www.iemj.org\/es\/wp-json\/wp\/v2\/posts"}],"about":[{"href":"https:\/\/www.iemj.org\/es\/wp-json\/wp\/v2\/types\/post"}],"author":[{"embeddable":true,"href":"https:\/\/www.iemj.org\/es\/wp-json\/wp\/v2\/users\/5"}],"replies":[{"embeddable":true,"href":"https:\/\/www.iemj.org\/es\/wp-json\/wp\/v2\/comments?post=86199"}],"version-history":[{"count":0,"href":"https:\/\/www.iemj.org\/es\/wp-json\/wp\/v2\/posts\/86199\/revisions"}],"wp:featuredmedia":[{"embeddable":true,"href":"https:\/\/www.iemj.org\/es\/wp-json\/wp\/v2\/media\/86173"}],"wp:attachment":[{"href":"https:\/\/www.iemj.org\/es\/wp-json\/wp\/v2\/media?parent=86199"}],"wp:term":[{"taxonomy":"category","embeddable":true,"href":"https:\/\/www.iemj.org\/es\/wp-json\/wp\/v2\/categories?post=86199"},{"taxonomy":"post_tag","embeddable":true,"href":"https:\/\/www.iemj.org\/es\/wp-json\/wp\/v2\/tags?post=86199"},{"taxonomy":"technique","embeddable":true,"href":"https:\/\/www.iemj.org\/es\/wp-json\/wp\/v2\/technique?post=86199"},{"taxonomy":"squelettes","embeddable":true,"href":"https:\/\/www.iemj.org\/es\/wp-json\/wp\/v2\/squelettes?post=86199"},{"taxonomy":"sujet","embeddable":true,"href":"https:\/\/www.iemj.org\/es\/wp-json\/wp\/v2\/sujet?post=86199"},{"taxonomy":"formation","embeddable":true,"href":"https:\/\/www.iemj.org\/es\/wp-json\/wp\/v2\/formation?post=86199"},{"taxonomy":"genre","embeddable":true,"href":"https:\/\/www.iemj.org\/es\/wp-json\/wp\/v2\/genre?post=86199"},{"taxonomy":"fonds","embeddable":true,"href":"https:\/\/www.iemj.org\/es\/wp-json\/wp\/v2\/fonds?post=86199"},{"taxonomy":"tradition","embeddable":true,"href":"https:\/\/www.iemj.org\/es\/wp-json\/wp\/v2\/tradition?post=86199"},{"taxonomy":"type-de-contenu","embeddable":true,"href":"https:\/\/www.iemj.org\/es\/wp-json\/wp\/v2\/type-de-contenu?post=86199"},{"taxonomy":"interprete-compositeur","embeddable":true,"href":"https:\/\/www.iemj.org\/es\/wp-json\/wp\/v2\/interprete-compositeur?post=86199"},{"taxonomy":"frise","embeddable":true,"href":"https:\/\/www.iemj.org\/es\/wp-json\/wp\/v2\/frise?post=86199"},{"taxonomy":"type-devenement","embeddable":true,"href":"https:\/\/www.iemj.org\/es\/wp-json\/wp\/v2\/type-devenement?post=86199"},{"taxonomy":"tableaux-liens-externes","embeddable":true,"href":"https:\/\/www.iemj.org\/es\/wp-json\/wp\/v2\/tableaux-liens-externes?post=86199"}],"curies":[{"name":"wp","href":"https:\/\/api.w.org\/{rel}","templated":true}]}}