{"id":86611,"date":"2020-12-01T11:38:50","date_gmt":"2020-12-01T10:38:50","guid":{"rendered":"https:\/\/www.iemj.org\/goldenshteyn-german-1934-2006\/"},"modified":"2022-07-28T15:43:55","modified_gmt":"2022-07-28T13:43:55","slug":"goldenshteyn-german-1934-2006","status":"publish","type":"post","link":"https:\/\/www.iemj.org\/es\/goldenshteyn-german-1934-2006\/","title":{"rendered":"Goldenshteyn, German (1934-2006)"},"content":{"rendered":"<p>German Goldenshteyn naci\u00f3 en 1934 en Otaci (en Besarabia), anteriormente en Ruman\u00eda, actualemente parte de Moldava. Durante la Segunda Guerra Mundial, Ruman\u00eda entr\u00f3 en guerra con las fuerzas del Eje (Alemania, Italia, Jap\u00f3n). German Goldenshteyn y su familia fueron internados en un gueto rumano llamado Bershad. Sus padres no sobrevivieron y murieron a causa de enfermedades y privaciones.<\/p>\n<p>A finales de 1944, German y dos de sus hermanos fueron trasladados a un orfanato en Odesa. Aproximadamente un a\u00f1o m\u00e1s tarde, el director de una orquesta militar sovi\u00e9tica fue a examinar las capacidades musicales de los ni\u00f1os. Eligi\u00f3 10 de ellos, incluyendo German y uno de sus hermanos, facilitando su admisi\u00f3n en una escuela de m\u00fasica de Odesa, donde German estudi\u00f3 clarinete.<\/p>\n<p><img fetchpriority=\"high\" decoding=\"async\" class=\" alignright  wp-image-29281\" src=\"https:\/\/www.iemj.org\/wp-content\/uploads\/2020\/12\/bessarabie_redim_480px_larg.jpg\" alt=\"bessarabie_redim_480px_larg.jpg\" width=\"354\" height=\"260\" align=\"right\" \/><\/p>\n<p>German Goldenshteyn cumpli\u00f3 el servicio militar en la orquesta del Ej\u00e9rcito Rojo, luego, en 1956, se instal\u00f3 en Ucrania donde se volvi\u00f3 maquinista en la ciudad de Mogilev Podolski mientras integraba una peque\u00f1a orquesta para bodas que actuaba en toda la regi\u00f3n. Viaj\u00f3 de pueblo en pueblo, de ciudad en ciuda, como lo hac\u00edan los tradicionales Klezmorim del siglo 18 y de principios del siglo 19. Durante sus tribulaciones, encontr\u00f3 a m\u00fasicos que le ense\u00f1aron cientos de melod\u00edas de Besarabia, populares y tradicionales.<\/p>\n<p class=\"TableContents\" style=\"text-align: justify; text-justify: inter-ideograph;\"><span lang=\"ES\">En ese momento, Besarabia estaba al cruce de distintas culturas, jud\u00eda, gitana, otomana, eslava, balc\u00e1nica&#8230; y la convivencia de todas estas tradiciones constituy\u00f3 un repertorio rico y heterog\u00e9neo. A pesar de que el r\u00e9gimen sovi\u00e9tivo haya intentado eliminar la cultura jud\u00eda, la m\u00fasica logr\u00f3 sobrevivir a esa represi\u00f3n. Goldenshteyn toc\u00f3 miles de simhas, de horas, de sirbas y de freylekhs. Los aprendi\u00f3 muy r\u00e1pidamente, pero experimentando dificultades para recordarlos, adquiri\u00f3 el h\u00e1bito de apuntarlos en cuadernos. Cada vez que aprend\u00eda una nueva melod\u00eda, la apuntaba inmediatamente para no olvidarla.<\/span><\/p>\n<p class=\"TableContents\" style=\"text-align: justify; text-justify: inter-ideograph;\"><span lang=\"ES\">A\u00f1o tras a\u00f1o, apunt\u00f3 no menos de mil melod\u00edas en sus cuadernos y que llev\u00f3 con \u00e9l en 1994, cuando lleg\u00f3 a Estados Unidos. Muchas de estas melod\u00edas nunca hab\u00edan sido documentadas antes de \u00e9l.<\/span><\/p>\n<p class=\"TableContents\" style=\"text-align: justify; text-justify: inter-ideograph;\"><span lang=\"ES\">Pocedente del Viejo Mundo como muchos de sus predecesores, Dave Tarras, Naftule Brandwein, Goldenshteyn represent\u00f3 uno de los v\u00ednculos m\u00e1s recientes con la tradici\u00f3n klezmer de Europa del Este.<\/span><\/p>\n<p class=\"TableContents\" style=\"text-align: justify; text-justify: inter-ideograph;\"><span lang=\"ES\">Fue en Long Island, en el estado de Nueva York, que falleci\u00f3 a causa de un ataque al coraz\u00f3n, en 2006, durante una salida de pesca.<\/span><\/p>\n<p><a href=\"http:\/\/www.rachelnet.net\/F\/?func=find-c&amp;ccl_term=WRD+%3D+German+Goldenshteyn&amp;local_base=iemcg\" target=\"_blank\" rel=\"noopener\">Consultar nuestras colecciones sobre German Goldenshteyn<\/a><\/p>\n\n\n<div class=\"wp-block-columns are-vertically-aligned-center is-layout-flex wp-container-core-columns-is-layout-9d6595d7 wp-block-columns-is-layout-flex\">\n<div class=\"wp-block-column is-vertically-aligned-center is-layout-flow wp-block-column-is-layout-flow\"><div class=\"wp-block-image\">\n<figure class=\"aligncenter size-large\"><img decoding=\"async\" width=\"262\" height=\"350\" src=\"https:\/\/www.iemj.org\/wp-content\/uploads\/2020\/12\/recueil_de_partitions_350px_vertic.jpg\" alt=\"recueil_de_partitions_350px_vertic.jpg\" class=\"wp-image-29283\"\/><figcaption><strong>Partitura para clarinete procedente del repertorio de German Goldenshteyn<\/strong><\/figcaption><\/figure>\n<\/div><\/div>\n\n\n\n<div class=\"wp-block-column is-vertically-aligned-center is-layout-flow wp-block-column-is-layout-flow\"><div class=\"wp-block-image\">\n<figure class=\"aligncenter size-large is-resized\"><img decoding=\"async\" src=\"https:\/\/www.iemj.org\/wp-content\/uploads\/2020\/12\/couverture_disque_german_goldenshteyn_redim_250px.jpg\" alt=\"couverture_disque_german_goldenshteyn_redim_250px.jpg\" class=\"wp-image-29285\" width=\"250\" height=\"250\"\/><figcaption><strong>Disco German Goldenshteyn<\/strong><\/figcaption><\/figure>\n<\/div>\n\n\n<p><\/p>\n<\/div>\n<\/div>\n\n\n\n<figure class=\"wp-block-embed is-type-video is-provider-youtube wp-block-embed-youtube wp-embed-aspect-16-9 wp-has-aspect-ratio\"><div class=\"wp-block-embed__wrapper\">\n<iframe title=\"Treasures of the CTMD Archive - German Goldenshteyn\" width=\"640\" height=\"360\" src=\"https:\/\/www.youtube.com\/embed\/kfV9dIJWyRU?feature=oembed\" frameborder=\"0\" allow=\"accelerometer; autoplay; clipboard-write; encrypted-media; gyroscope; picture-in-picture; web-share\" referrerpolicy=\"strict-origin-when-cross-origin\" allowfullscreen><\/iframe>\n<\/div><\/figure>\n","protected":false},"excerpt":{"rendered":"<p>German Goldenshteyn naci\u00f3 en 1934 en Otaci (en Besarabia), anteriormente en Ruman\u00eda, actualemente parte de Moldava. Durante la Segunda Guerra Mundial, Ruman\u00eda entr\u00f3 en guerra con las fuerzas del Eje<\/p>\n","protected":false},"author":5,"featured_media":86612,"comment_status":"closed","ping_status":"closed","sticky":false,"template":"","format":"standard","meta":{"_acf_changed":false,"footnotes":""},"categories":[1417],"tags":[],"technique":[],"squelettes":[],"sujet":[],"formation":[],"genre":[1876],"fonds":[],"tradition":[],"type-de-contenu":[],"interprete-compositeur":[],"frise":[],"type-devenement":[],"tableaux-liens-externes":[],"class_list":["post-86611","post","type-post","status-publish","format-standard","has-post-thumbnail","hentry","category-biografias-es","genre-klezmer-es"],"acf":[],"yoast_head":"<!-- This site is optimized with the Yoast SEO plugin v27.3 - https:\/\/yoast.com\/product\/yoast-seo-wordpress\/ -->\n<title>Goldenshteyn, German (1934-2006) - Institut Europ\u00e9en des Musiques Juives<\/title>\n<meta name=\"robots\" content=\"index, follow, max-snippet:-1, max-image-preview:large, max-video-preview:-1\" \/>\n<link rel=\"canonical\" href=\"https:\/\/www.iemj.org\/es\/goldenshteyn-german-1934-2006\/\" \/>\n<meta property=\"og:locale\" content=\"es_ES\" \/>\n<meta property=\"og:type\" content=\"article\" \/>\n<meta property=\"og:title\" content=\"Goldenshteyn, German (1934-2006) - Institut Europ\u00e9en des Musiques Juives\" \/>\n<meta property=\"og:description\" content=\"German Goldenshteyn naci\u00f3 en 1934 en Otaci (en Besarabia), anteriormente en Ruman\u00eda, actualemente parte de Moldava. Durante la Segunda Guerra Mundial, Ruman\u00eda entr\u00f3 en guerra con las fuerzas del Eje\" \/>\n<meta property=\"og:url\" content=\"https:\/\/www.iemj.org\/es\/goldenshteyn-german-1934-2006\/\" \/>\n<meta property=\"og:site_name\" content=\"Institut Europ\u00e9en des Musiques Juives\" \/>\n<meta property=\"article:publisher\" content=\"https:\/\/www.facebook.com\/MusiquesJuives\/\" \/>\n<meta property=\"article:published_time\" content=\"2020-12-01T10:38:50+00:00\" \/>\n<meta property=\"article:modified_time\" content=\"2022-07-28T13:43:55+00:00\" \/>\n<meta property=\"og:image\" content=\"https:\/\/www.iemj.org\/wp-content\/uploads\/2020\/12\/arton4809-e1616951787482.jpg\" \/>\n\t<meta property=\"og:image:width\" content=\"170\" \/>\n\t<meta property=\"og:image:height\" content=\"218\" \/>\n\t<meta property=\"og:image:type\" content=\"image\/jpeg\" \/>\n<meta name=\"author\" content=\"Jacqueline ROTEN\" \/>\n<meta name=\"twitter:card\" content=\"summary_large_image\" \/>\n<meta name=\"twitter:label1\" content=\"Escrito por\" \/>\n\t<meta name=\"twitter:data1\" content=\"Jacqueline ROTEN\" \/>\n\t<meta name=\"twitter:label2\" content=\"Tiempo de lectura\" \/>\n\t<meta name=\"twitter:data2\" content=\"3 minutos\" \/>\n<script type=\"application\/ld+json\" class=\"yoast-schema-graph\">{\"@context\":\"https:\\\/\\\/schema.org\",\"@graph\":[{\"@type\":\"Article\",\"@id\":\"https:\\\/\\\/www.iemj.org\\\/es\\\/goldenshteyn-german-1934-2006\\\/#article\",\"isPartOf\":{\"@id\":\"https:\\\/\\\/www.iemj.org\\\/es\\\/goldenshteyn-german-1934-2006\\\/\"},\"author\":{\"name\":\"Jacqueline ROTEN\",\"@id\":\"https:\\\/\\\/www.iemj.org\\\/es\\\/#\\\/schema\\\/person\\\/358e26c18aca017fcc4cc15437f7279c\"},\"headline\":\"Goldenshteyn, German (1934-2006)\",\"datePublished\":\"2020-12-01T10:38:50+00:00\",\"dateModified\":\"2022-07-28T13:43:55+00:00\",\"mainEntityOfPage\":{\"@id\":\"https:\\\/\\\/www.iemj.org\\\/es\\\/goldenshteyn-german-1934-2006\\\/\"},\"wordCount\":438,\"publisher\":{\"@id\":\"https:\\\/\\\/www.iemj.org\\\/es\\\/#organization\"},\"image\":{\"@id\":\"https:\\\/\\\/www.iemj.org\\\/es\\\/goldenshteyn-german-1934-2006\\\/#primaryimage\"},\"thumbnailUrl\":\"https:\\\/\\\/www.iemj.org\\\/wp-content\\\/uploads\\\/2020\\\/12\\\/arton4809-e1616951787482.jpg\",\"articleSection\":[\"Biograf\u00edas\"],\"inLanguage\":\"es\"},{\"@type\":\"WebPage\",\"@id\":\"https:\\\/\\\/www.iemj.org\\\/es\\\/goldenshteyn-german-1934-2006\\\/\",\"url\":\"https:\\\/\\\/www.iemj.org\\\/es\\\/goldenshteyn-german-1934-2006\\\/\",\"name\":\"Goldenshteyn, German (1934-2006) - Institut Europ\u00e9en des Musiques Juives\",\"isPartOf\":{\"@id\":\"https:\\\/\\\/www.iemj.org\\\/es\\\/#website\"},\"primaryImageOfPage\":{\"@id\":\"https:\\\/\\\/www.iemj.org\\\/es\\\/goldenshteyn-german-1934-2006\\\/#primaryimage\"},\"image\":{\"@id\":\"https:\\\/\\\/www.iemj.org\\\/es\\\/goldenshteyn-german-1934-2006\\\/#primaryimage\"},\"thumbnailUrl\":\"https:\\\/\\\/www.iemj.org\\\/wp-content\\\/uploads\\\/2020\\\/12\\\/arton4809-e1616951787482.jpg\",\"datePublished\":\"2020-12-01T10:38:50+00:00\",\"dateModified\":\"2022-07-28T13:43:55+00:00\",\"breadcrumb\":{\"@id\":\"https:\\\/\\\/www.iemj.org\\\/es\\\/goldenshteyn-german-1934-2006\\\/#breadcrumb\"},\"inLanguage\":\"es\",\"potentialAction\":[{\"@type\":\"ReadAction\",\"target\":[\"https:\\\/\\\/www.iemj.org\\\/es\\\/goldenshteyn-german-1934-2006\\\/\"]}]},{\"@type\":\"ImageObject\",\"inLanguage\":\"es\",\"@id\":\"https:\\\/\\\/www.iemj.org\\\/es\\\/goldenshteyn-german-1934-2006\\\/#primaryimage\",\"url\":\"https:\\\/\\\/www.iemj.org\\\/wp-content\\\/uploads\\\/2020\\\/12\\\/arton4809-e1616951787482.jpg\",\"contentUrl\":\"https:\\\/\\\/www.iemj.org\\\/wp-content\\\/uploads\\\/2020\\\/12\\\/arton4809-e1616951787482.jpg\",\"width\":170,\"height\":218},{\"@type\":\"BreadcrumbList\",\"@id\":\"https:\\\/\\\/www.iemj.org\\\/es\\\/goldenshteyn-german-1934-2006\\\/#breadcrumb\",\"itemListElement\":[{\"@type\":\"ListItem\",\"position\":1,\"name\":\"Accueil\",\"item\":\"https:\\\/\\\/www.iemj.org\\\/es\\\/\"},{\"@type\":\"ListItem\",\"position\":2,\"name\":\"Goldenshteyn, German (1934-2006)\"}]},{\"@type\":\"WebSite\",\"@id\":\"https:\\\/\\\/www.iemj.org\\\/es\\\/#website\",\"url\":\"https:\\\/\\\/www.iemj.org\\\/es\\\/\",\"name\":\"Institut Europ\u00e9en des Musiques Juives\",\"description\":\"Des traditions musicales \u00e0 la port\u00e9e de tous\",\"publisher\":{\"@id\":\"https:\\\/\\\/www.iemj.org\\\/es\\\/#organization\"},\"potentialAction\":[{\"@type\":\"SearchAction\",\"target\":{\"@type\":\"EntryPoint\",\"urlTemplate\":\"https:\\\/\\\/www.iemj.org\\\/es\\\/?s={search_term_string}\"},\"query-input\":{\"@type\":\"PropertyValueSpecification\",\"valueRequired\":true,\"valueName\":\"search_term_string\"}}],\"inLanguage\":\"es\"},{\"@type\":\"Organization\",\"@id\":\"https:\\\/\\\/www.iemj.org\\\/es\\\/#organization\",\"name\":\"Institut Europ\u00e9en des Musiques Juives\",\"url\":\"https:\\\/\\\/www.iemj.org\\\/es\\\/\",\"logo\":{\"@type\":\"ImageObject\",\"inLanguage\":\"es\",\"@id\":\"https:\\\/\\\/www.iemj.org\\\/es\\\/#\\\/schema\\\/logo\\\/image\\\/\",\"url\":\"https:\\\/\\\/www.iemj.org\\\/wp-content\\\/uploads\\\/2021\\\/09\\\/Logo-IEMJ-Paypal.jpg\",\"contentUrl\":\"https:\\\/\\\/www.iemj.org\\\/wp-content\\\/uploads\\\/2021\\\/09\\\/Logo-IEMJ-Paypal.jpg\",\"width\":150,\"height\":50,\"caption\":\"Institut Europ\u00e9en des Musiques Juives\"},\"image\":{\"@id\":\"https:\\\/\\\/www.iemj.org\\\/es\\\/#\\\/schema\\\/logo\\\/image\\\/\"},\"sameAs\":[\"https:\\\/\\\/www.facebook.com\\\/MusiquesJuives\\\/\",\"https:\\\/\\\/www.instagram.com\\\/musiquesjuives\\\/\",\"https:\\\/\\\/www.youtube.com\\\/user\\\/musiquesjuives\"]},{\"@type\":\"Person\",\"@id\":\"https:\\\/\\\/www.iemj.org\\\/es\\\/#\\\/schema\\\/person\\\/358e26c18aca017fcc4cc15437f7279c\",\"name\":\"Jacqueline ROTEN\",\"image\":{\"@type\":\"ImageObject\",\"inLanguage\":\"es\",\"@id\":\"https:\\\/\\\/secure.gravatar.com\\\/avatar\\\/5964256d6c6957de3a3505278957e0fb2a35119ac47ea41827a65301213c810b?s=96&d=mm&r=g\",\"url\":\"https:\\\/\\\/secure.gravatar.com\\\/avatar\\\/5964256d6c6957de3a3505278957e0fb2a35119ac47ea41827a65301213c810b?s=96&d=mm&r=g\",\"contentUrl\":\"https:\\\/\\\/secure.gravatar.com\\\/avatar\\\/5964256d6c6957de3a3505278957e0fb2a35119ac47ea41827a65301213c810b?s=96&d=mm&r=g\",\"caption\":\"Jacqueline ROTEN\"}}]}<\/script>\n<!-- \/ Yoast SEO plugin. -->","yoast_head_json":{"title":"Goldenshteyn, German (1934-2006) - Institut Europ\u00e9en des Musiques Juives","robots":{"index":"index","follow":"follow","max-snippet":"max-snippet:-1","max-image-preview":"max-image-preview:large","max-video-preview":"max-video-preview:-1"},"canonical":"https:\/\/www.iemj.org\/es\/goldenshteyn-german-1934-2006\/","og_locale":"es_ES","og_type":"article","og_title":"Goldenshteyn, German (1934-2006) - Institut Europ\u00e9en des Musiques Juives","og_description":"German Goldenshteyn naci\u00f3 en 1934 en Otaci (en Besarabia), anteriormente en Ruman\u00eda, actualemente parte de Moldava. Durante la Segunda Guerra Mundial, Ruman\u00eda entr\u00f3 en guerra con las fuerzas del Eje","og_url":"https:\/\/www.iemj.org\/es\/goldenshteyn-german-1934-2006\/","og_site_name":"Institut Europ\u00e9en des Musiques Juives","article_publisher":"https:\/\/www.facebook.com\/MusiquesJuives\/","article_published_time":"2020-12-01T10:38:50+00:00","article_modified_time":"2022-07-28T13:43:55+00:00","og_image":[{"width":170,"height":218,"url":"https:\/\/www.iemj.org\/wp-content\/uploads\/2020\/12\/arton4809-e1616951787482.jpg","type":"image\/jpeg"}],"author":"Jacqueline ROTEN","twitter_card":"summary_large_image","twitter_misc":{"Escrito por":"Jacqueline ROTEN","Tiempo de lectura":"3 minutos"},"schema":{"@context":"https:\/\/schema.org","@graph":[{"@type":"Article","@id":"https:\/\/www.iemj.org\/es\/goldenshteyn-german-1934-2006\/#article","isPartOf":{"@id":"https:\/\/www.iemj.org\/es\/goldenshteyn-german-1934-2006\/"},"author":{"name":"Jacqueline ROTEN","@id":"https:\/\/www.iemj.org\/es\/#\/schema\/person\/358e26c18aca017fcc4cc15437f7279c"},"headline":"Goldenshteyn, German (1934-2006)","datePublished":"2020-12-01T10:38:50+00:00","dateModified":"2022-07-28T13:43:55+00:00","mainEntityOfPage":{"@id":"https:\/\/www.iemj.org\/es\/goldenshteyn-german-1934-2006\/"},"wordCount":438,"publisher":{"@id":"https:\/\/www.iemj.org\/es\/#organization"},"image":{"@id":"https:\/\/www.iemj.org\/es\/goldenshteyn-german-1934-2006\/#primaryimage"},"thumbnailUrl":"https:\/\/www.iemj.org\/wp-content\/uploads\/2020\/12\/arton4809-e1616951787482.jpg","articleSection":["Biograf\u00edas"],"inLanguage":"es"},{"@type":"WebPage","@id":"https:\/\/www.iemj.org\/es\/goldenshteyn-german-1934-2006\/","url":"https:\/\/www.iemj.org\/es\/goldenshteyn-german-1934-2006\/","name":"Goldenshteyn, German (1934-2006) - Institut Europ\u00e9en des Musiques Juives","isPartOf":{"@id":"https:\/\/www.iemj.org\/es\/#website"},"primaryImageOfPage":{"@id":"https:\/\/www.iemj.org\/es\/goldenshteyn-german-1934-2006\/#primaryimage"},"image":{"@id":"https:\/\/www.iemj.org\/es\/goldenshteyn-german-1934-2006\/#primaryimage"},"thumbnailUrl":"https:\/\/www.iemj.org\/wp-content\/uploads\/2020\/12\/arton4809-e1616951787482.jpg","datePublished":"2020-12-01T10:38:50+00:00","dateModified":"2022-07-28T13:43:55+00:00","breadcrumb":{"@id":"https:\/\/www.iemj.org\/es\/goldenshteyn-german-1934-2006\/#breadcrumb"},"inLanguage":"es","potentialAction":[{"@type":"ReadAction","target":["https:\/\/www.iemj.org\/es\/goldenshteyn-german-1934-2006\/"]}]},{"@type":"ImageObject","inLanguage":"es","@id":"https:\/\/www.iemj.org\/es\/goldenshteyn-german-1934-2006\/#primaryimage","url":"https:\/\/www.iemj.org\/wp-content\/uploads\/2020\/12\/arton4809-e1616951787482.jpg","contentUrl":"https:\/\/www.iemj.org\/wp-content\/uploads\/2020\/12\/arton4809-e1616951787482.jpg","width":170,"height":218},{"@type":"BreadcrumbList","@id":"https:\/\/www.iemj.org\/es\/goldenshteyn-german-1934-2006\/#breadcrumb","itemListElement":[{"@type":"ListItem","position":1,"name":"Accueil","item":"https:\/\/www.iemj.org\/es\/"},{"@type":"ListItem","position":2,"name":"Goldenshteyn, German (1934-2006)"}]},{"@type":"WebSite","@id":"https:\/\/www.iemj.org\/es\/#website","url":"https:\/\/www.iemj.org\/es\/","name":"Institut Europ\u00e9en des Musiques Juives","description":"Des traditions musicales \u00e0 la port\u00e9e de tous","publisher":{"@id":"https:\/\/www.iemj.org\/es\/#organization"},"potentialAction":[{"@type":"SearchAction","target":{"@type":"EntryPoint","urlTemplate":"https:\/\/www.iemj.org\/es\/?s={search_term_string}"},"query-input":{"@type":"PropertyValueSpecification","valueRequired":true,"valueName":"search_term_string"}}],"inLanguage":"es"},{"@type":"Organization","@id":"https:\/\/www.iemj.org\/es\/#organization","name":"Institut Europ\u00e9en des Musiques Juives","url":"https:\/\/www.iemj.org\/es\/","logo":{"@type":"ImageObject","inLanguage":"es","@id":"https:\/\/www.iemj.org\/es\/#\/schema\/logo\/image\/","url":"https:\/\/www.iemj.org\/wp-content\/uploads\/2021\/09\/Logo-IEMJ-Paypal.jpg","contentUrl":"https:\/\/www.iemj.org\/wp-content\/uploads\/2021\/09\/Logo-IEMJ-Paypal.jpg","width":150,"height":50,"caption":"Institut Europ\u00e9en des Musiques Juives"},"image":{"@id":"https:\/\/www.iemj.org\/es\/#\/schema\/logo\/image\/"},"sameAs":["https:\/\/www.facebook.com\/MusiquesJuives\/","https:\/\/www.instagram.com\/musiquesjuives\/","https:\/\/www.youtube.com\/user\/musiquesjuives"]},{"@type":"Person","@id":"https:\/\/www.iemj.org\/es\/#\/schema\/person\/358e26c18aca017fcc4cc15437f7279c","name":"Jacqueline ROTEN","image":{"@type":"ImageObject","inLanguage":"es","@id":"https:\/\/secure.gravatar.com\/avatar\/5964256d6c6957de3a3505278957e0fb2a35119ac47ea41827a65301213c810b?s=96&d=mm&r=g","url":"https:\/\/secure.gravatar.com\/avatar\/5964256d6c6957de3a3505278957e0fb2a35119ac47ea41827a65301213c810b?s=96&d=mm&r=g","contentUrl":"https:\/\/secure.gravatar.com\/avatar\/5964256d6c6957de3a3505278957e0fb2a35119ac47ea41827a65301213c810b?s=96&d=mm&r=g","caption":"Jacqueline ROTEN"}}]}},"_links":{"self":[{"href":"https:\/\/www.iemj.org\/es\/wp-json\/wp\/v2\/posts\/86611","targetHints":{"allow":["GET"]}}],"collection":[{"href":"https:\/\/www.iemj.org\/es\/wp-json\/wp\/v2\/posts"}],"about":[{"href":"https:\/\/www.iemj.org\/es\/wp-json\/wp\/v2\/types\/post"}],"author":[{"embeddable":true,"href":"https:\/\/www.iemj.org\/es\/wp-json\/wp\/v2\/users\/5"}],"replies":[{"embeddable":true,"href":"https:\/\/www.iemj.org\/es\/wp-json\/wp\/v2\/comments?post=86611"}],"version-history":[{"count":0,"href":"https:\/\/www.iemj.org\/es\/wp-json\/wp\/v2\/posts\/86611\/revisions"}],"wp:featuredmedia":[{"embeddable":true,"href":"https:\/\/www.iemj.org\/es\/wp-json\/wp\/v2\/media\/86612"}],"wp:attachment":[{"href":"https:\/\/www.iemj.org\/es\/wp-json\/wp\/v2\/media?parent=86611"}],"wp:term":[{"taxonomy":"category","embeddable":true,"href":"https:\/\/www.iemj.org\/es\/wp-json\/wp\/v2\/categories?post=86611"},{"taxonomy":"post_tag","embeddable":true,"href":"https:\/\/www.iemj.org\/es\/wp-json\/wp\/v2\/tags?post=86611"},{"taxonomy":"technique","embeddable":true,"href":"https:\/\/www.iemj.org\/es\/wp-json\/wp\/v2\/technique?post=86611"},{"taxonomy":"squelettes","embeddable":true,"href":"https:\/\/www.iemj.org\/es\/wp-json\/wp\/v2\/squelettes?post=86611"},{"taxonomy":"sujet","embeddable":true,"href":"https:\/\/www.iemj.org\/es\/wp-json\/wp\/v2\/sujet?post=86611"},{"taxonomy":"formation","embeddable":true,"href":"https:\/\/www.iemj.org\/es\/wp-json\/wp\/v2\/formation?post=86611"},{"taxonomy":"genre","embeddable":true,"href":"https:\/\/www.iemj.org\/es\/wp-json\/wp\/v2\/genre?post=86611"},{"taxonomy":"fonds","embeddable":true,"href":"https:\/\/www.iemj.org\/es\/wp-json\/wp\/v2\/fonds?post=86611"},{"taxonomy":"tradition","embeddable":true,"href":"https:\/\/www.iemj.org\/es\/wp-json\/wp\/v2\/tradition?post=86611"},{"taxonomy":"type-de-contenu","embeddable":true,"href":"https:\/\/www.iemj.org\/es\/wp-json\/wp\/v2\/type-de-contenu?post=86611"},{"taxonomy":"interprete-compositeur","embeddable":true,"href":"https:\/\/www.iemj.org\/es\/wp-json\/wp\/v2\/interprete-compositeur?post=86611"},{"taxonomy":"frise","embeddable":true,"href":"https:\/\/www.iemj.org\/es\/wp-json\/wp\/v2\/frise?post=86611"},{"taxonomy":"type-devenement","embeddable":true,"href":"https:\/\/www.iemj.org\/es\/wp-json\/wp\/v2\/type-devenement?post=86611"},{"taxonomy":"tableaux-liens-externes","embeddable":true,"href":"https:\/\/www.iemj.org\/es\/wp-json\/wp\/v2\/tableaux-liens-externes?post=86611"}],"curies":[{"name":"wp","href":"https:\/\/api.w.org\/{rel}","templated":true}]}}