{"id":86970,"date":"2020-10-13T11:15:23","date_gmt":"2020-10-13T09:15:23","guid":{"rendered":"https:\/\/www.iemj.org\/loeb-robert-1903-1965\/"},"modified":"2022-09-12T17:10:49","modified_gmt":"2022-09-12T15:10:49","slug":"loeb-robert-1903-1965","status":"publish","type":"post","link":"https:\/\/www.iemj.org\/es\/loeb-robert-1903-1965\/","title":{"rendered":"Loeb, Robert (1903-1965)"},"content":{"rendered":"<p>Robert LOEB, (cuyo nombre hebreo es Eliezer Ben Hachover Mosche) naci\u00f3 el 7 de abril de 1903 en Basilea, en Suiza, de padres alsacianos, Moise Loeb, nacido en Duppigheim y Mathilde Lang, nacida en Giromagny y originaria de Stotzheim.<\/p>\n<p class=\"TableContents\" style=\"text-align: justify; text-justify: inter-ideograph;\"><span lang=\"ES\">Procedente de una familia de 5 hijos \u2013 dos hermanas mayores y un hermano y una hermana menores \u2013 fue escolarizado en Basilea donde empez\u00f3 estudios de canto en el Conservatorio. Dotado de una bella voz de tenor, entr\u00f3 en el Seminario israelita de Colonia dirigido por el Dr. Carlebach, en 1919, a los 16 a\u00f1os.<\/span><\/p>\n<p>El 1 de octubre de 1925, tom\u00f3 posesi\u00f3n de su cargo como ministro de oficio (<em>chazan<\/em>) en el seno de la Comunidad jud\u00eda de Lausana, en Suiza.<\/p>\n<p><img decoding=\"async\" class=\"\" src=\"https:\/\/www.iemj.org\/wp-content\/uploads\/2020\/10\/robert_loeb-1936_redim_415px_vertic.jpg\" alt=\"robert_loeb-1936_redim_415px_vertic.jpg\" width=\"152\" height=\"297\" align=\"right\" data-description=\"&lt;strong&gt;Robert Loeb, 1936&lt;\/strong&gt;\" \/><span lang=\"ES\">En el transcurso de 1927 fue elegido primer ministro oficiante de la comunidad jud\u00eda de Colmar (Francia).<\/span><\/p>\n<p class=\"TableContents\" style=\"text-align: justify; text-justify: inter-ideograph;\"><span lang=\"ES\">Hasta mediados de 1938 sigui\u00f3 ocupando el cargo de ministro oficiante en las comunidades jud\u00edas de Altkirch, St. Di\u00e9 y Erstein, en el este de Francia.<\/span><\/p>\n<p class=\"TableContents\" style=\"text-align: justify; text-justify: inter-ideograph;\"><span lang=\"ES\">Se cas\u00f3 con Madeleine Marie Bigard el 17 de octubre de 1927 en Colmar, de la que se divorci\u00f3 en 1933, sin tener descendencia.<\/span><\/p>\n<p class=\"TableContents\" style=\"text-align: justify; text-justify: inter-ideograph;\"><span lang=\"ES\">El 20 de marzo de 1936 se cas\u00f3 con Franja apellidada Friedel Warszawski, nacida en 1903 en Zgierz, cerca de Lodz (Polonia), que viv\u00eda en Basilea desde 1906. Ese mismo a\u00f1o, el 25 de diciembre de 1936, naci\u00f3 su hija Myriam, y el 22 de junio de 1939 su hijo Ren\u00e9.<\/span><\/p>\n<p><img fetchpriority=\"high\" decoding=\"async\" class=\" alignleft size-full wp-image-29260\" src=\"https:\/\/www.iemj.org\/wp-content\/uploads\/2020\/10\/robert_2-1.jpg\" alt=\"robert_2-1.jpg\" width=\"230\" height=\"296\" align=\"left\" \/><\/p>\n<p class=\"TableContents\" style=\"text-align: justify; text-justify: inter-ideograph;\"><span lang=\"ES\">Sin gozar m\u00e1s de la funci\u00f3n de ministro de oficio en Alsacia a partir del 1938, Robert Loeb, de nacionalidad extranjera, tuvo que irse de Alsacia para regresar a Suiza. En Suiza, hab\u00eda m\u00e1s de 20 comunidades jud\u00edas en los a\u00f1os 30. Pero visto que el cargo de ministro de oficio estaba ocupado en todas estas comunidades, no pudo ocupar un puesto como ministro de oficio. Por este motivo, se uni\u00f3 a la Guardia Fronteriza Suiza.<\/span><\/p>\n<p class=\"TableContents\" style=\"text-align: justify; text-justify: inter-ideograph;\"><span lang=\"ES\">En septiembre de 1939, una movilizaci\u00f3n general del ej\u00e9rcito ocurri\u00f3 en Suiza. La Guardia Fronteriza voluntaria fue autom\u00e1ticamente disuelta y los soldados de esta unidad fueron reintegrados a sus unidades de origen. Desde la movilizaci\u00f3n general, hasta el final de la Segunda Guerra Mundial, Robert Loeb habr\u00e1 cumplido unos 1200 d\u00edas de servicio militar.<\/span><\/p>\n<p class=\"TableContents\" style=\"text-align: justify; text-justify: inter-ideograph;\"><span lang=\"ES\">Despu\u00e9s del armisticio, ser\u00e1 nombrado ministro de oficio en St. Louis, ciudad fronteriza de Basilea en Alto Rin.<\/span><\/p>\n<p class=\"TableContents\" style=\"text-align: justify; text-justify: inter-ideograph;\"><span lang=\"ES\">Desde los a\u00f1os 30, incluso durante los a\u00f1os de guerra, Robert Loeb actu\u00f3 durante conciertos lit\u00fargicos en Radio B\u00e2le, como cantante solista, acompa\u00f1ado al piano con su hermana mayor Sylvie Loeb, profesora de piano.<\/span><\/p>\n<p class=\"TableContents\" style=\"text-align: justify; text-justify: inter-ideograph;\"><span lang=\"ES\">Definitivamente contratado en 1946 como primer ministro de oficio en Luxemburgo, ciudad capital del Gran Ducado, se fue de Basilea para ir a Luxemburgo en agosto de 1946, cargo que ocupar\u00e1 hasta principios del a\u00f1o 1959. Tendr\u00e1 que renunciar a su puesto a causa de problemas de salud. Se quedar\u00e1 en Luxemburgo y fallecer\u00e1 el 18 de julio de 1965 a los 62 a\u00f1os. Es enterrado en el cementerio Israelita de Luxemburgo-Limpertsberg.<\/span><\/p>\n<p><a href=\"http:\/\/www.rachelnet.net\/F\/?func=find-c&amp;ccl_term=WHOL+%3D+loeb&amp;local_base=iemcg\" target=\"_blank\" rel=\"noopener\">Consultar el fondo de Robert Loeb<\/a><\/p>\n","protected":false},"excerpt":{"rendered":"<p>Robert LOEB, (cuyo nombre hebreo es Eliezer Ben Hachover Mosche) naci\u00f3 el 7 de abril de 1903 en Basilea, en Suiza, de padres alsacianos, Moise Loeb, nacido en Duppigheim y<\/p>\n","protected":false},"author":5,"featured_media":52130,"comment_status":"closed","ping_status":"closed","sticky":false,"template":"","format":"standard","meta":{"_acf_changed":false,"footnotes":""},"categories":[1417],"tags":[],"technique":[],"squelettes":[],"sujet":[2101],"formation":[],"genre":[1890],"fonds":[],"tradition":[],"type-de-contenu":[],"interprete-compositeur":[],"frise":[],"type-devenement":[],"tableaux-liens-externes":[],"class_list":["post-86970","post","type-post","status-publish","format-standard","has-post-thumbnail","hentry","category-biografias-es","sujet-alsacia-lorena-es","genre-liturgia-es"],"acf":[],"yoast_head":"<!-- This site is optimized with the Yoast SEO plugin v27.3 - https:\/\/yoast.com\/product\/yoast-seo-wordpress\/ -->\n<title>Loeb, Robert (1903-1965) - Institut Europ\u00e9en des Musiques Juives<\/title>\n<meta name=\"robots\" content=\"index, follow, max-snippet:-1, max-image-preview:large, max-video-preview:-1\" \/>\n<link rel=\"canonical\" href=\"https:\/\/www.iemj.org\/es\/loeb-robert-1903-1965\/\" \/>\n<meta property=\"og:locale\" content=\"es_ES\" \/>\n<meta property=\"og:type\" content=\"article\" \/>\n<meta property=\"og:title\" content=\"Loeb, Robert (1903-1965) - Institut Europ\u00e9en des Musiques Juives\" \/>\n<meta property=\"og:description\" content=\"Robert LOEB, (cuyo nombre hebreo es Eliezer Ben Hachover Mosche) naci\u00f3 el 7 de abril de 1903 en Basilea, en Suiza, de padres alsacianos, Moise Loeb, nacido en Duppigheim y\" \/>\n<meta property=\"og:url\" content=\"https:\/\/www.iemj.org\/es\/loeb-robert-1903-1965\/\" \/>\n<meta property=\"og:site_name\" content=\"Institut Europ\u00e9en des Musiques Juives\" \/>\n<meta property=\"article:publisher\" content=\"https:\/\/www.facebook.com\/MusiquesJuives\/\" \/>\n<meta property=\"article:published_time\" content=\"2020-10-13T09:15:23+00:00\" \/>\n<meta property=\"article:modified_time\" content=\"2022-09-12T15:10:49+00:00\" \/>\n<meta property=\"og:image\" content=\"https:\/\/www.iemj.org\/wp-content\/uploads\/2020\/10\/arton4803-e1625057730638.jpg\" \/>\n\t<meta property=\"og:image:width\" content=\"169\" \/>\n\t<meta property=\"og:image:height\" content=\"218\" \/>\n\t<meta property=\"og:image:type\" content=\"image\/jpeg\" \/>\n<meta name=\"author\" content=\"Jacqueline ROTEN\" \/>\n<meta name=\"twitter:card\" content=\"summary_large_image\" \/>\n<meta name=\"twitter:label1\" content=\"Escrito por\" \/>\n\t<meta name=\"twitter:data1\" content=\"Jacqueline ROTEN\" \/>\n\t<meta name=\"twitter:label2\" content=\"Tiempo de lectura\" \/>\n\t<meta name=\"twitter:data2\" content=\"3 minutos\" \/>\n<script type=\"application\/ld+json\" class=\"yoast-schema-graph\">{\"@context\":\"https:\\\/\\\/schema.org\",\"@graph\":[{\"@type\":\"Article\",\"@id\":\"https:\\\/\\\/www.iemj.org\\\/es\\\/loeb-robert-1903-1965\\\/#article\",\"isPartOf\":{\"@id\":\"https:\\\/\\\/www.iemj.org\\\/es\\\/loeb-robert-1903-1965\\\/\"},\"author\":{\"name\":\"Jacqueline ROTEN\",\"@id\":\"https:\\\/\\\/www.iemj.org\\\/es\\\/#\\\/schema\\\/person\\\/358e26c18aca017fcc4cc15437f7279c\"},\"headline\":\"Loeb, Robert (1903-1965)\",\"datePublished\":\"2020-10-13T09:15:23+00:00\",\"dateModified\":\"2022-09-12T15:10:49+00:00\",\"mainEntityOfPage\":{\"@id\":\"https:\\\/\\\/www.iemj.org\\\/es\\\/loeb-robert-1903-1965\\\/\"},\"wordCount\":495,\"publisher\":{\"@id\":\"https:\\\/\\\/www.iemj.org\\\/es\\\/#organization\"},\"image\":{\"@id\":\"https:\\\/\\\/www.iemj.org\\\/es\\\/loeb-robert-1903-1965\\\/#primaryimage\"},\"thumbnailUrl\":\"https:\\\/\\\/www.iemj.org\\\/wp-content\\\/uploads\\\/2020\\\/10\\\/arton4803-e1625057730638.jpg\",\"articleSection\":[\"Biograf\u00edas\"],\"inLanguage\":\"es\"},{\"@type\":\"WebPage\",\"@id\":\"https:\\\/\\\/www.iemj.org\\\/es\\\/loeb-robert-1903-1965\\\/\",\"url\":\"https:\\\/\\\/www.iemj.org\\\/es\\\/loeb-robert-1903-1965\\\/\",\"name\":\"Loeb, Robert (1903-1965) - Institut Europ\u00e9en des Musiques Juives\",\"isPartOf\":{\"@id\":\"https:\\\/\\\/www.iemj.org\\\/es\\\/#website\"},\"primaryImageOfPage\":{\"@id\":\"https:\\\/\\\/www.iemj.org\\\/es\\\/loeb-robert-1903-1965\\\/#primaryimage\"},\"image\":{\"@id\":\"https:\\\/\\\/www.iemj.org\\\/es\\\/loeb-robert-1903-1965\\\/#primaryimage\"},\"thumbnailUrl\":\"https:\\\/\\\/www.iemj.org\\\/wp-content\\\/uploads\\\/2020\\\/10\\\/arton4803-e1625057730638.jpg\",\"datePublished\":\"2020-10-13T09:15:23+00:00\",\"dateModified\":\"2022-09-12T15:10:49+00:00\",\"breadcrumb\":{\"@id\":\"https:\\\/\\\/www.iemj.org\\\/es\\\/loeb-robert-1903-1965\\\/#breadcrumb\"},\"inLanguage\":\"es\",\"potentialAction\":[{\"@type\":\"ReadAction\",\"target\":[\"https:\\\/\\\/www.iemj.org\\\/es\\\/loeb-robert-1903-1965\\\/\"]}]},{\"@type\":\"ImageObject\",\"inLanguage\":\"es\",\"@id\":\"https:\\\/\\\/www.iemj.org\\\/es\\\/loeb-robert-1903-1965\\\/#primaryimage\",\"url\":\"https:\\\/\\\/www.iemj.org\\\/wp-content\\\/uploads\\\/2020\\\/10\\\/arton4803-e1625057730638.jpg\",\"contentUrl\":\"https:\\\/\\\/www.iemj.org\\\/wp-content\\\/uploads\\\/2020\\\/10\\\/arton4803-e1625057730638.jpg\",\"width\":169,\"height\":218},{\"@type\":\"BreadcrumbList\",\"@id\":\"https:\\\/\\\/www.iemj.org\\\/es\\\/loeb-robert-1903-1965\\\/#breadcrumb\",\"itemListElement\":[{\"@type\":\"ListItem\",\"position\":1,\"name\":\"Accueil\",\"item\":\"https:\\\/\\\/www.iemj.org\\\/es\\\/\"},{\"@type\":\"ListItem\",\"position\":2,\"name\":\"Loeb, Robert (1903-1965)\"}]},{\"@type\":\"WebSite\",\"@id\":\"https:\\\/\\\/www.iemj.org\\\/es\\\/#website\",\"url\":\"https:\\\/\\\/www.iemj.org\\\/es\\\/\",\"name\":\"Institut Europ\u00e9en des Musiques Juives\",\"description\":\"Des traditions musicales \u00e0 la port\u00e9e de tous\",\"publisher\":{\"@id\":\"https:\\\/\\\/www.iemj.org\\\/es\\\/#organization\"},\"potentialAction\":[{\"@type\":\"SearchAction\",\"target\":{\"@type\":\"EntryPoint\",\"urlTemplate\":\"https:\\\/\\\/www.iemj.org\\\/es\\\/?s={search_term_string}\"},\"query-input\":{\"@type\":\"PropertyValueSpecification\",\"valueRequired\":true,\"valueName\":\"search_term_string\"}}],\"inLanguage\":\"es\"},{\"@type\":\"Organization\",\"@id\":\"https:\\\/\\\/www.iemj.org\\\/es\\\/#organization\",\"name\":\"Institut Europ\u00e9en des Musiques Juives\",\"url\":\"https:\\\/\\\/www.iemj.org\\\/es\\\/\",\"logo\":{\"@type\":\"ImageObject\",\"inLanguage\":\"es\",\"@id\":\"https:\\\/\\\/www.iemj.org\\\/es\\\/#\\\/schema\\\/logo\\\/image\\\/\",\"url\":\"https:\\\/\\\/www.iemj.org\\\/wp-content\\\/uploads\\\/2021\\\/09\\\/Logo-IEMJ-Paypal.jpg\",\"contentUrl\":\"https:\\\/\\\/www.iemj.org\\\/wp-content\\\/uploads\\\/2021\\\/09\\\/Logo-IEMJ-Paypal.jpg\",\"width\":150,\"height\":50,\"caption\":\"Institut Europ\u00e9en des Musiques Juives\"},\"image\":{\"@id\":\"https:\\\/\\\/www.iemj.org\\\/es\\\/#\\\/schema\\\/logo\\\/image\\\/\"},\"sameAs\":[\"https:\\\/\\\/www.facebook.com\\\/MusiquesJuives\\\/\",\"https:\\\/\\\/www.instagram.com\\\/musiquesjuives\\\/\",\"https:\\\/\\\/www.youtube.com\\\/user\\\/musiquesjuives\"]},{\"@type\":\"Person\",\"@id\":\"https:\\\/\\\/www.iemj.org\\\/es\\\/#\\\/schema\\\/person\\\/358e26c18aca017fcc4cc15437f7279c\",\"name\":\"Jacqueline ROTEN\",\"image\":{\"@type\":\"ImageObject\",\"inLanguage\":\"es\",\"@id\":\"https:\\\/\\\/secure.gravatar.com\\\/avatar\\\/5964256d6c6957de3a3505278957e0fb2a35119ac47ea41827a65301213c810b?s=96&d=mm&r=g\",\"url\":\"https:\\\/\\\/secure.gravatar.com\\\/avatar\\\/5964256d6c6957de3a3505278957e0fb2a35119ac47ea41827a65301213c810b?s=96&d=mm&r=g\",\"contentUrl\":\"https:\\\/\\\/secure.gravatar.com\\\/avatar\\\/5964256d6c6957de3a3505278957e0fb2a35119ac47ea41827a65301213c810b?s=96&d=mm&r=g\",\"caption\":\"Jacqueline ROTEN\"}}]}<\/script>\n<!-- \/ Yoast SEO plugin. -->","yoast_head_json":{"title":"Loeb, Robert (1903-1965) - Institut Europ\u00e9en des Musiques Juives","robots":{"index":"index","follow":"follow","max-snippet":"max-snippet:-1","max-image-preview":"max-image-preview:large","max-video-preview":"max-video-preview:-1"},"canonical":"https:\/\/www.iemj.org\/es\/loeb-robert-1903-1965\/","og_locale":"es_ES","og_type":"article","og_title":"Loeb, Robert (1903-1965) - Institut Europ\u00e9en des Musiques Juives","og_description":"Robert LOEB, (cuyo nombre hebreo es Eliezer Ben Hachover Mosche) naci\u00f3 el 7 de abril de 1903 en Basilea, en Suiza, de padres alsacianos, Moise Loeb, nacido en Duppigheim y","og_url":"https:\/\/www.iemj.org\/es\/loeb-robert-1903-1965\/","og_site_name":"Institut Europ\u00e9en des Musiques Juives","article_publisher":"https:\/\/www.facebook.com\/MusiquesJuives\/","article_published_time":"2020-10-13T09:15:23+00:00","article_modified_time":"2022-09-12T15:10:49+00:00","og_image":[{"width":169,"height":218,"url":"https:\/\/www.iemj.org\/wp-content\/uploads\/2020\/10\/arton4803-e1625057730638.jpg","type":"image\/jpeg"}],"author":"Jacqueline ROTEN","twitter_card":"summary_large_image","twitter_misc":{"Escrito por":"Jacqueline ROTEN","Tiempo de lectura":"3 minutos"},"schema":{"@context":"https:\/\/schema.org","@graph":[{"@type":"Article","@id":"https:\/\/www.iemj.org\/es\/loeb-robert-1903-1965\/#article","isPartOf":{"@id":"https:\/\/www.iemj.org\/es\/loeb-robert-1903-1965\/"},"author":{"name":"Jacqueline ROTEN","@id":"https:\/\/www.iemj.org\/es\/#\/schema\/person\/358e26c18aca017fcc4cc15437f7279c"},"headline":"Loeb, Robert (1903-1965)","datePublished":"2020-10-13T09:15:23+00:00","dateModified":"2022-09-12T15:10:49+00:00","mainEntityOfPage":{"@id":"https:\/\/www.iemj.org\/es\/loeb-robert-1903-1965\/"},"wordCount":495,"publisher":{"@id":"https:\/\/www.iemj.org\/es\/#organization"},"image":{"@id":"https:\/\/www.iemj.org\/es\/loeb-robert-1903-1965\/#primaryimage"},"thumbnailUrl":"https:\/\/www.iemj.org\/wp-content\/uploads\/2020\/10\/arton4803-e1625057730638.jpg","articleSection":["Biograf\u00edas"],"inLanguage":"es"},{"@type":"WebPage","@id":"https:\/\/www.iemj.org\/es\/loeb-robert-1903-1965\/","url":"https:\/\/www.iemj.org\/es\/loeb-robert-1903-1965\/","name":"Loeb, Robert (1903-1965) - Institut Europ\u00e9en des Musiques Juives","isPartOf":{"@id":"https:\/\/www.iemj.org\/es\/#website"},"primaryImageOfPage":{"@id":"https:\/\/www.iemj.org\/es\/loeb-robert-1903-1965\/#primaryimage"},"image":{"@id":"https:\/\/www.iemj.org\/es\/loeb-robert-1903-1965\/#primaryimage"},"thumbnailUrl":"https:\/\/www.iemj.org\/wp-content\/uploads\/2020\/10\/arton4803-e1625057730638.jpg","datePublished":"2020-10-13T09:15:23+00:00","dateModified":"2022-09-12T15:10:49+00:00","breadcrumb":{"@id":"https:\/\/www.iemj.org\/es\/loeb-robert-1903-1965\/#breadcrumb"},"inLanguage":"es","potentialAction":[{"@type":"ReadAction","target":["https:\/\/www.iemj.org\/es\/loeb-robert-1903-1965\/"]}]},{"@type":"ImageObject","inLanguage":"es","@id":"https:\/\/www.iemj.org\/es\/loeb-robert-1903-1965\/#primaryimage","url":"https:\/\/www.iemj.org\/wp-content\/uploads\/2020\/10\/arton4803-e1625057730638.jpg","contentUrl":"https:\/\/www.iemj.org\/wp-content\/uploads\/2020\/10\/arton4803-e1625057730638.jpg","width":169,"height":218},{"@type":"BreadcrumbList","@id":"https:\/\/www.iemj.org\/es\/loeb-robert-1903-1965\/#breadcrumb","itemListElement":[{"@type":"ListItem","position":1,"name":"Accueil","item":"https:\/\/www.iemj.org\/es\/"},{"@type":"ListItem","position":2,"name":"Loeb, Robert (1903-1965)"}]},{"@type":"WebSite","@id":"https:\/\/www.iemj.org\/es\/#website","url":"https:\/\/www.iemj.org\/es\/","name":"Institut Europ\u00e9en des Musiques Juives","description":"Des traditions musicales \u00e0 la port\u00e9e de tous","publisher":{"@id":"https:\/\/www.iemj.org\/es\/#organization"},"potentialAction":[{"@type":"SearchAction","target":{"@type":"EntryPoint","urlTemplate":"https:\/\/www.iemj.org\/es\/?s={search_term_string}"},"query-input":{"@type":"PropertyValueSpecification","valueRequired":true,"valueName":"search_term_string"}}],"inLanguage":"es"},{"@type":"Organization","@id":"https:\/\/www.iemj.org\/es\/#organization","name":"Institut Europ\u00e9en des Musiques Juives","url":"https:\/\/www.iemj.org\/es\/","logo":{"@type":"ImageObject","inLanguage":"es","@id":"https:\/\/www.iemj.org\/es\/#\/schema\/logo\/image\/","url":"https:\/\/www.iemj.org\/wp-content\/uploads\/2021\/09\/Logo-IEMJ-Paypal.jpg","contentUrl":"https:\/\/www.iemj.org\/wp-content\/uploads\/2021\/09\/Logo-IEMJ-Paypal.jpg","width":150,"height":50,"caption":"Institut Europ\u00e9en des Musiques Juives"},"image":{"@id":"https:\/\/www.iemj.org\/es\/#\/schema\/logo\/image\/"},"sameAs":["https:\/\/www.facebook.com\/MusiquesJuives\/","https:\/\/www.instagram.com\/musiquesjuives\/","https:\/\/www.youtube.com\/user\/musiquesjuives"]},{"@type":"Person","@id":"https:\/\/www.iemj.org\/es\/#\/schema\/person\/358e26c18aca017fcc4cc15437f7279c","name":"Jacqueline ROTEN","image":{"@type":"ImageObject","inLanguage":"es","@id":"https:\/\/secure.gravatar.com\/avatar\/5964256d6c6957de3a3505278957e0fb2a35119ac47ea41827a65301213c810b?s=96&d=mm&r=g","url":"https:\/\/secure.gravatar.com\/avatar\/5964256d6c6957de3a3505278957e0fb2a35119ac47ea41827a65301213c810b?s=96&d=mm&r=g","contentUrl":"https:\/\/secure.gravatar.com\/avatar\/5964256d6c6957de3a3505278957e0fb2a35119ac47ea41827a65301213c810b?s=96&d=mm&r=g","caption":"Jacqueline ROTEN"}}]}},"_links":{"self":[{"href":"https:\/\/www.iemj.org\/es\/wp-json\/wp\/v2\/posts\/86970","targetHints":{"allow":["GET"]}}],"collection":[{"href":"https:\/\/www.iemj.org\/es\/wp-json\/wp\/v2\/posts"}],"about":[{"href":"https:\/\/www.iemj.org\/es\/wp-json\/wp\/v2\/types\/post"}],"author":[{"embeddable":true,"href":"https:\/\/www.iemj.org\/es\/wp-json\/wp\/v2\/users\/5"}],"replies":[{"embeddable":true,"href":"https:\/\/www.iemj.org\/es\/wp-json\/wp\/v2\/comments?post=86970"}],"version-history":[{"count":0,"href":"https:\/\/www.iemj.org\/es\/wp-json\/wp\/v2\/posts\/86970\/revisions"}],"wp:featuredmedia":[{"embeddable":true,"href":"https:\/\/www.iemj.org\/es\/wp-json\/wp\/v2\/media\/52130"}],"wp:attachment":[{"href":"https:\/\/www.iemj.org\/es\/wp-json\/wp\/v2\/media?parent=86970"}],"wp:term":[{"taxonomy":"category","embeddable":true,"href":"https:\/\/www.iemj.org\/es\/wp-json\/wp\/v2\/categories?post=86970"},{"taxonomy":"post_tag","embeddable":true,"href":"https:\/\/www.iemj.org\/es\/wp-json\/wp\/v2\/tags?post=86970"},{"taxonomy":"technique","embeddable":true,"href":"https:\/\/www.iemj.org\/es\/wp-json\/wp\/v2\/technique?post=86970"},{"taxonomy":"squelettes","embeddable":true,"href":"https:\/\/www.iemj.org\/es\/wp-json\/wp\/v2\/squelettes?post=86970"},{"taxonomy":"sujet","embeddable":true,"href":"https:\/\/www.iemj.org\/es\/wp-json\/wp\/v2\/sujet?post=86970"},{"taxonomy":"formation","embeddable":true,"href":"https:\/\/www.iemj.org\/es\/wp-json\/wp\/v2\/formation?post=86970"},{"taxonomy":"genre","embeddable":true,"href":"https:\/\/www.iemj.org\/es\/wp-json\/wp\/v2\/genre?post=86970"},{"taxonomy":"fonds","embeddable":true,"href":"https:\/\/www.iemj.org\/es\/wp-json\/wp\/v2\/fonds?post=86970"},{"taxonomy":"tradition","embeddable":true,"href":"https:\/\/www.iemj.org\/es\/wp-json\/wp\/v2\/tradition?post=86970"},{"taxonomy":"type-de-contenu","embeddable":true,"href":"https:\/\/www.iemj.org\/es\/wp-json\/wp\/v2\/type-de-contenu?post=86970"},{"taxonomy":"interprete-compositeur","embeddable":true,"href":"https:\/\/www.iemj.org\/es\/wp-json\/wp\/v2\/interprete-compositeur?post=86970"},{"taxonomy":"frise","embeddable":true,"href":"https:\/\/www.iemj.org\/es\/wp-json\/wp\/v2\/frise?post=86970"},{"taxonomy":"type-devenement","embeddable":true,"href":"https:\/\/www.iemj.org\/es\/wp-json\/wp\/v2\/type-devenement?post=86970"},{"taxonomy":"tableaux-liens-externes","embeddable":true,"href":"https:\/\/www.iemj.org\/es\/wp-json\/wp\/v2\/tableaux-liens-externes?post=86970"}],"curies":[{"name":"wp","href":"https:\/\/api.w.org\/{rel}","templated":true}]}}