{"id":86993,"date":"2013-02-17T13:41:55","date_gmt":"2013-02-17T12:41:55","guid":{"rendered":"https:\/\/www.iemj.org\/heymann-michel-1952\/"},"modified":"2025-03-31T10:46:44","modified_gmt":"2025-03-31T08:46:44","slug":"heymann-michel-1952","status":"publish","type":"post","link":"https:\/\/www.iemj.org\/es\/heymann-michel-1952\/","title":{"rendered":"Heymann, Michel (1952)"},"content":{"rendered":"<p>Nacido el 25 de abril de 1952 en Estrasburgo, Michel Heymann es el \u00faltimo alumno, antes de su cierre definitivo, de la escuela de los Ministros de Oficio de Par\u00eds pero es conocido sobre todo por haber sido alumno del Se\u00f1or <a href=\"http:\/\/www.judaisme-alsalor.fr\/histoire\/rabbins\/hazanim\/bjoseph.htm\" target=\"_blank\" rel=\"noopener\">Bertrand Joseph<\/a> \u05d6\u201d\u05dc, antiguo ministro de oficio en Estrasburgo que le ense\u00f1\u00f3 el sinagogal y el sentido de la responsabilidad inherente a esa funci\u00f3n.<\/p>\n<p class=\"Standard\" style=\"text-align: justify; text-justify: inter-ideograph;\"><span lang=\"ES\">En 1969, a partir de los 17 a\u00f1os, sustituy\u00f3 a cantores en Ingwiller, S\u00e9lestat, Troyes, Metz y Thionville. <\/span><\/p>\n<p class=\"Standard\" style=\"text-align: justify; text-justify: inter-ideograph;\"><span lang=\"ES\">A los 21 a\u00f1os, en septiembre de 1973, fue nombrado a Haguenau. Al cabo de siete a\u00f1os, dej\u00f3 ese cargo para aceptar uno en Mulhouse en octubre de 1980. Va a supervisar los oficios durante doce a\u00f1os en esta ciudad y grabar\u00e1 casetes y compact-discs con el objetivo de preservar la liturgia de Alsacia. En diciem de 1991, el Ministro de Cultura y de Comunicaci\u00f3n franc\u00e9s le otorg\u00f3 la Medella de Honor de las Sociedades Musicales y Corales como muestra del trabajo cumplido en los \u00e1mbitos de la liturgia y de los coros que fund\u00f3.<\/span><\/p>\n<p class=\"Standard\" style=\"text-align: justify; text-justify: inter-ideograph;\"><span lang=\"ES\">Michel Heymann form\u00f3 alumnos para las comunidades del Este de Francia. Es uno de los \u00faltimos titulares de la liturgia ashkenaze especif\u00edca del valle del Rin y especialmente de las regiones Alsacia y Lorena.<\/span><\/p>\n<p>En agosto de 2001, fue nombrado Presidente de la Asociaci\u00f3n de los Ministros de Oficio de Alsacia y Lorena<\/p>\n<p class=\"Standard\" style=\"text-align: justify; text-justify: inter-ideograph;\"><span lang=\"ES\">Desde el mes de agosto de 1992, Michel Heymann es el ministro de oficio de la Comunidad israelita de Luxemburgo. All\u00ed fund\u00f3 un nuevo coro que a veces lo acompa\u00f1a durante oficios de Shabath y otras celebraciones. A menudo se pide en el pa\u00eds y en el extranjero para participar en ceremonias oficiales o en conciertos. Se jubil\u00f3 en abril de 2017, pero sigue actuando ocasionalmente en Luxemburgo y en las comunidades que le invitan. Desde julio de 2017, dirige el <a href=\"http:\/\/www.judaisme-alsalor.fr\/histoire\/villes\/nancy\/\/chorale.htm\" target=\"_blank\" rel=\"noopener\">coro de la sinagoga de Nancy<\/a>.<\/span><\/p>\n<p>En diciembre de 2022, Michel Heymann don\u00f3 sus archivos musicales al Instituto Europeo de M\u00fasica Jud\u00eda.<\/p>\n<p>Michel Heymann cant\u00f3 con hazanim muy famosos como Estrongo Nachama \u05d6\u201d\u05dc (Berl\u00edn), Moch\u00e9 Stern (USA), Adolphe Attia (Par\u00eds), Benjamin Muller (Anvers), Benzion Miller (USA), Rapha\u00ebl Cohen (Par\u00eds) y con grandes coros como el de la gran sinagoga de Estrasburgo, el Conjunto Vocal de las M\u00fasicas Hebreas, tambi\u00e9n de Estrasburgo con unos sesenta coristas, el coro de la sinagoga de la Victoire en Par\u00eds y con el coro de los hazanim de Jerusal\u00e9n.<\/p>\n<ul>\n<li><a href=\"http:\/\/www.rachelnet.net\/F\/?func=find-c&amp;ccl_term=WHOL+%3D+Michel+Heymann&amp;local_base=iemcg\" target=\"_blank\" rel=\"noopener\">Consultar la colecci\u00f3n Michel Heymann<\/a><\/li>\n<li><a href=\"http:\/\/www.rachelnet.net\/F\/?func=find-c&amp;ccl_term=WAMS+%3D+Michel+Heymann&amp;local_base=iemcg\" target=\"_blank\" rel=\"noopener\">Ver documentos de audio y v\u00eddeo de Michel Heymann<\/a><\/li>\n<li><a href=\"https:\/\/www.iemj.org\/es\/michel-heymann-et-la-liturgie-ashkenaze-de-la-vallee-du-rhin\/\" target=\"_blank\" rel=\"noopener\">Vea el v\u00eddeo\u00a0<em>Michel Heymann y la liturgia asquenaz\u00ed del valle del Rin<\/em><\/a><\/li>\n<li><a href=\"http:\/\/www.judaisme-alsalor.fr\/histoire\/rabbins\/hazanim\/heyman.htm\" target=\"_blank\" rel=\"noopener\">M\u00e1s informaci\u00f3n sobre Michel Heymann y escuchar canciones en l\u00ednea<\/a><\/li>\n<\/ul>\n","protected":false},"excerpt":{"rendered":"<p>Nacido el 25 de abril de 1952 en Estrasburgo, Michel Heymann es el \u00faltimo alumno, antes de su cierre definitivo, de la escuela de los Ministros de Oficio de Par\u00eds<\/p>\n","protected":false},"author":1045,"featured_media":51918,"comment_status":"closed","ping_status":"open","sticky":false,"template":"","format":"standard","meta":{"_acf_changed":false,"footnotes":""},"categories":[1417],"tags":[],"technique":[],"squelettes":[],"sujet":[2101],"formation":[],"genre":[1890],"fonds":[],"tradition":[1982],"type-de-contenu":[],"interprete-compositeur":[3269],"frise":[],"type-devenement":[],"tableaux-liens-externes":[],"class_list":["post-86993","post","type-post","status-publish","format-standard","has-post-thumbnail","hentry","category-biografias-es","sujet-alsacia-lorena-es","genre-liturgia-es","tradition-rito-ashkenazi-es","interprete-compositeur-michel-heymann-es"],"acf":[],"yoast_head":"<!-- This site is optimized with the Yoast SEO plugin v27.3 - https:\/\/yoast.com\/product\/yoast-seo-wordpress\/ -->\n<title>Heymann, Michel (1952) - Institut Europ\u00e9en des Musiques Juives<\/title>\n<meta name=\"robots\" content=\"index, follow, max-snippet:-1, max-image-preview:large, max-video-preview:-1\" \/>\n<link rel=\"canonical\" href=\"https:\/\/www.iemj.org\/es\/heymann-michel-1952\/\" \/>\n<meta property=\"og:locale\" content=\"es_ES\" \/>\n<meta property=\"og:type\" content=\"article\" \/>\n<meta property=\"og:title\" content=\"Heymann, Michel (1952) - Institut Europ\u00e9en des Musiques Juives\" \/>\n<meta property=\"og:description\" content=\"Nacido el 25 de abril de 1952 en Estrasburgo, Michel Heymann es el \u00faltimo alumno, antes de su cierre definitivo, de la escuela de los Ministros de Oficio de Par\u00eds\" \/>\n<meta property=\"og:url\" content=\"https:\/\/www.iemj.org\/es\/heymann-michel-1952\/\" \/>\n<meta property=\"og:site_name\" content=\"Institut Europ\u00e9en des Musiques Juives\" \/>\n<meta property=\"article:publisher\" content=\"https:\/\/www.facebook.com\/MusiquesJuives\/\" \/>\n<meta property=\"article:published_time\" content=\"2013-02-17T12:41:55+00:00\" \/>\n<meta property=\"article:modified_time\" content=\"2025-03-31T08:46:44+00:00\" \/>\n<meta property=\"og:image\" content=\"https:\/\/www.iemj.org\/wp-content\/uploads\/2013\/02\/arton652-e1625044884258.jpg\" \/>\n\t<meta property=\"og:image:width\" content=\"229\" \/>\n\t<meta property=\"og:image:height\" content=\"218\" \/>\n\t<meta property=\"og:image:type\" content=\"image\/jpeg\" \/>\n<meta name=\"author\" content=\"Herv\u00e9 Roten\" \/>\n<meta name=\"twitter:card\" content=\"summary_large_image\" \/>\n<meta name=\"twitter:label1\" content=\"Escrito por\" \/>\n\t<meta name=\"twitter:data1\" content=\"Herv\u00e9 Roten\" \/>\n\t<meta name=\"twitter:label2\" content=\"Tiempo de lectura\" \/>\n\t<meta name=\"twitter:data2\" content=\"3 minutos\" \/>\n<script type=\"application\/ld+json\" class=\"yoast-schema-graph\">{\"@context\":\"https:\\\/\\\/schema.org\",\"@graph\":[{\"@type\":\"Article\",\"@id\":\"https:\\\/\\\/www.iemj.org\\\/es\\\/heymann-michel-1952\\\/#article\",\"isPartOf\":{\"@id\":\"https:\\\/\\\/www.iemj.org\\\/es\\\/heymann-michel-1952\\\/\"},\"author\":{\"name\":\"Herv\u00e9 Roten\",\"@id\":\"https:\\\/\\\/www.iemj.org\\\/es\\\/#\\\/schema\\\/person\\\/906134402c29d5c76e7b726261dd4bbd\"},\"headline\":\"Heymann, Michel (1952)\",\"datePublished\":\"2013-02-17T12:41:55+00:00\",\"dateModified\":\"2025-03-31T08:46:44+00:00\",\"mainEntityOfPage\":{\"@id\":\"https:\\\/\\\/www.iemj.org\\\/es\\\/heymann-michel-1952\\\/\"},\"wordCount\":460,\"publisher\":{\"@id\":\"https:\\\/\\\/www.iemj.org\\\/es\\\/#organization\"},\"image\":{\"@id\":\"https:\\\/\\\/www.iemj.org\\\/es\\\/heymann-michel-1952\\\/#primaryimage\"},\"thumbnailUrl\":\"https:\\\/\\\/www.iemj.org\\\/wp-content\\\/uploads\\\/2013\\\/02\\\/arton652-e1625044884258.jpg\",\"articleSection\":[\"Biograf\u00edas\"],\"inLanguage\":\"es\"},{\"@type\":\"WebPage\",\"@id\":\"https:\\\/\\\/www.iemj.org\\\/es\\\/heymann-michel-1952\\\/\",\"url\":\"https:\\\/\\\/www.iemj.org\\\/es\\\/heymann-michel-1952\\\/\",\"name\":\"Heymann, Michel (1952) - Institut Europ\u00e9en des Musiques Juives\",\"isPartOf\":{\"@id\":\"https:\\\/\\\/www.iemj.org\\\/es\\\/#website\"},\"primaryImageOfPage\":{\"@id\":\"https:\\\/\\\/www.iemj.org\\\/es\\\/heymann-michel-1952\\\/#primaryimage\"},\"image\":{\"@id\":\"https:\\\/\\\/www.iemj.org\\\/es\\\/heymann-michel-1952\\\/#primaryimage\"},\"thumbnailUrl\":\"https:\\\/\\\/www.iemj.org\\\/wp-content\\\/uploads\\\/2013\\\/02\\\/arton652-e1625044884258.jpg\",\"datePublished\":\"2013-02-17T12:41:55+00:00\",\"dateModified\":\"2025-03-31T08:46:44+00:00\",\"breadcrumb\":{\"@id\":\"https:\\\/\\\/www.iemj.org\\\/es\\\/heymann-michel-1952\\\/#breadcrumb\"},\"inLanguage\":\"es\",\"potentialAction\":[{\"@type\":\"ReadAction\",\"target\":[\"https:\\\/\\\/www.iemj.org\\\/es\\\/heymann-michel-1952\\\/\"]}]},{\"@type\":\"ImageObject\",\"inLanguage\":\"es\",\"@id\":\"https:\\\/\\\/www.iemj.org\\\/es\\\/heymann-michel-1952\\\/#primaryimage\",\"url\":\"https:\\\/\\\/www.iemj.org\\\/wp-content\\\/uploads\\\/2013\\\/02\\\/arton652-e1625044884258.jpg\",\"contentUrl\":\"https:\\\/\\\/www.iemj.org\\\/wp-content\\\/uploads\\\/2013\\\/02\\\/arton652-e1625044884258.jpg\",\"width\":229,\"height\":218},{\"@type\":\"BreadcrumbList\",\"@id\":\"https:\\\/\\\/www.iemj.org\\\/es\\\/heymann-michel-1952\\\/#breadcrumb\",\"itemListElement\":[{\"@type\":\"ListItem\",\"position\":1,\"name\":\"Accueil\",\"item\":\"https:\\\/\\\/www.iemj.org\\\/es\\\/\"},{\"@type\":\"ListItem\",\"position\":2,\"name\":\"Heymann, Michel (1952)\"}]},{\"@type\":\"WebSite\",\"@id\":\"https:\\\/\\\/www.iemj.org\\\/es\\\/#website\",\"url\":\"https:\\\/\\\/www.iemj.org\\\/es\\\/\",\"name\":\"Institut Europ\u00e9en des Musiques Juives\",\"description\":\"Des traditions musicales \u00e0 la port\u00e9e de tous\",\"publisher\":{\"@id\":\"https:\\\/\\\/www.iemj.org\\\/es\\\/#organization\"},\"potentialAction\":[{\"@type\":\"SearchAction\",\"target\":{\"@type\":\"EntryPoint\",\"urlTemplate\":\"https:\\\/\\\/www.iemj.org\\\/es\\\/?s={search_term_string}\"},\"query-input\":{\"@type\":\"PropertyValueSpecification\",\"valueRequired\":true,\"valueName\":\"search_term_string\"}}],\"inLanguage\":\"es\"},{\"@type\":\"Organization\",\"@id\":\"https:\\\/\\\/www.iemj.org\\\/es\\\/#organization\",\"name\":\"Institut Europ\u00e9en des Musiques Juives\",\"url\":\"https:\\\/\\\/www.iemj.org\\\/es\\\/\",\"logo\":{\"@type\":\"ImageObject\",\"inLanguage\":\"es\",\"@id\":\"https:\\\/\\\/www.iemj.org\\\/es\\\/#\\\/schema\\\/logo\\\/image\\\/\",\"url\":\"https:\\\/\\\/www.iemj.org\\\/wp-content\\\/uploads\\\/2021\\\/09\\\/Logo-IEMJ-Paypal.jpg\",\"contentUrl\":\"https:\\\/\\\/www.iemj.org\\\/wp-content\\\/uploads\\\/2021\\\/09\\\/Logo-IEMJ-Paypal.jpg\",\"width\":150,\"height\":50,\"caption\":\"Institut Europ\u00e9en des Musiques Juives\"},\"image\":{\"@id\":\"https:\\\/\\\/www.iemj.org\\\/es\\\/#\\\/schema\\\/logo\\\/image\\\/\"},\"sameAs\":[\"https:\\\/\\\/www.facebook.com\\\/MusiquesJuives\\\/\",\"https:\\\/\\\/www.instagram.com\\\/musiquesjuives\\\/\",\"https:\\\/\\\/www.youtube.com\\\/user\\\/musiquesjuives\"]},{\"@type\":\"Person\",\"@id\":\"https:\\\/\\\/www.iemj.org\\\/es\\\/#\\\/schema\\\/person\\\/906134402c29d5c76e7b726261dd4bbd\",\"name\":\"Herv\u00e9 Roten\",\"image\":{\"@type\":\"ImageObject\",\"inLanguage\":\"es\",\"@id\":\"https:\\\/\\\/secure.gravatar.com\\\/avatar\\\/f96ad2db538a26481f18384936b5cd0610c92d390c4dc382209216d455f685ff?s=96&d=mm&r=g\",\"url\":\"https:\\\/\\\/secure.gravatar.com\\\/avatar\\\/f96ad2db538a26481f18384936b5cd0610c92d390c4dc382209216d455f685ff?s=96&d=mm&r=g\",\"contentUrl\":\"https:\\\/\\\/secure.gravatar.com\\\/avatar\\\/f96ad2db538a26481f18384936b5cd0610c92d390c4dc382209216d455f685ff?s=96&d=mm&r=g\",\"caption\":\"Herv\u00e9 Roten\"}}]}<\/script>\n<!-- \/ Yoast SEO plugin. -->","yoast_head_json":{"title":"Heymann, Michel (1952) - Institut Europ\u00e9en des Musiques Juives","robots":{"index":"index","follow":"follow","max-snippet":"max-snippet:-1","max-image-preview":"max-image-preview:large","max-video-preview":"max-video-preview:-1"},"canonical":"https:\/\/www.iemj.org\/es\/heymann-michel-1952\/","og_locale":"es_ES","og_type":"article","og_title":"Heymann, Michel (1952) - Institut Europ\u00e9en des Musiques Juives","og_description":"Nacido el 25 de abril de 1952 en Estrasburgo, Michel Heymann es el \u00faltimo alumno, antes de su cierre definitivo, de la escuela de los Ministros de Oficio de Par\u00eds","og_url":"https:\/\/www.iemj.org\/es\/heymann-michel-1952\/","og_site_name":"Institut Europ\u00e9en des Musiques Juives","article_publisher":"https:\/\/www.facebook.com\/MusiquesJuives\/","article_published_time":"2013-02-17T12:41:55+00:00","article_modified_time":"2025-03-31T08:46:44+00:00","og_image":[{"width":229,"height":218,"url":"https:\/\/www.iemj.org\/wp-content\/uploads\/2013\/02\/arton652-e1625044884258.jpg","type":"image\/jpeg"}],"author":"Herv\u00e9 Roten","twitter_card":"summary_large_image","twitter_misc":{"Escrito por":"Herv\u00e9 Roten","Tiempo de lectura":"3 minutos"},"schema":{"@context":"https:\/\/schema.org","@graph":[{"@type":"Article","@id":"https:\/\/www.iemj.org\/es\/heymann-michel-1952\/#article","isPartOf":{"@id":"https:\/\/www.iemj.org\/es\/heymann-michel-1952\/"},"author":{"name":"Herv\u00e9 Roten","@id":"https:\/\/www.iemj.org\/es\/#\/schema\/person\/906134402c29d5c76e7b726261dd4bbd"},"headline":"Heymann, Michel (1952)","datePublished":"2013-02-17T12:41:55+00:00","dateModified":"2025-03-31T08:46:44+00:00","mainEntityOfPage":{"@id":"https:\/\/www.iemj.org\/es\/heymann-michel-1952\/"},"wordCount":460,"publisher":{"@id":"https:\/\/www.iemj.org\/es\/#organization"},"image":{"@id":"https:\/\/www.iemj.org\/es\/heymann-michel-1952\/#primaryimage"},"thumbnailUrl":"https:\/\/www.iemj.org\/wp-content\/uploads\/2013\/02\/arton652-e1625044884258.jpg","articleSection":["Biograf\u00edas"],"inLanguage":"es"},{"@type":"WebPage","@id":"https:\/\/www.iemj.org\/es\/heymann-michel-1952\/","url":"https:\/\/www.iemj.org\/es\/heymann-michel-1952\/","name":"Heymann, Michel (1952) - Institut Europ\u00e9en des Musiques Juives","isPartOf":{"@id":"https:\/\/www.iemj.org\/es\/#website"},"primaryImageOfPage":{"@id":"https:\/\/www.iemj.org\/es\/heymann-michel-1952\/#primaryimage"},"image":{"@id":"https:\/\/www.iemj.org\/es\/heymann-michel-1952\/#primaryimage"},"thumbnailUrl":"https:\/\/www.iemj.org\/wp-content\/uploads\/2013\/02\/arton652-e1625044884258.jpg","datePublished":"2013-02-17T12:41:55+00:00","dateModified":"2025-03-31T08:46:44+00:00","breadcrumb":{"@id":"https:\/\/www.iemj.org\/es\/heymann-michel-1952\/#breadcrumb"},"inLanguage":"es","potentialAction":[{"@type":"ReadAction","target":["https:\/\/www.iemj.org\/es\/heymann-michel-1952\/"]}]},{"@type":"ImageObject","inLanguage":"es","@id":"https:\/\/www.iemj.org\/es\/heymann-michel-1952\/#primaryimage","url":"https:\/\/www.iemj.org\/wp-content\/uploads\/2013\/02\/arton652-e1625044884258.jpg","contentUrl":"https:\/\/www.iemj.org\/wp-content\/uploads\/2013\/02\/arton652-e1625044884258.jpg","width":229,"height":218},{"@type":"BreadcrumbList","@id":"https:\/\/www.iemj.org\/es\/heymann-michel-1952\/#breadcrumb","itemListElement":[{"@type":"ListItem","position":1,"name":"Accueil","item":"https:\/\/www.iemj.org\/es\/"},{"@type":"ListItem","position":2,"name":"Heymann, Michel (1952)"}]},{"@type":"WebSite","@id":"https:\/\/www.iemj.org\/es\/#website","url":"https:\/\/www.iemj.org\/es\/","name":"Institut Europ\u00e9en des Musiques Juives","description":"Des traditions musicales \u00e0 la port\u00e9e de tous","publisher":{"@id":"https:\/\/www.iemj.org\/es\/#organization"},"potentialAction":[{"@type":"SearchAction","target":{"@type":"EntryPoint","urlTemplate":"https:\/\/www.iemj.org\/es\/?s={search_term_string}"},"query-input":{"@type":"PropertyValueSpecification","valueRequired":true,"valueName":"search_term_string"}}],"inLanguage":"es"},{"@type":"Organization","@id":"https:\/\/www.iemj.org\/es\/#organization","name":"Institut Europ\u00e9en des Musiques Juives","url":"https:\/\/www.iemj.org\/es\/","logo":{"@type":"ImageObject","inLanguage":"es","@id":"https:\/\/www.iemj.org\/es\/#\/schema\/logo\/image\/","url":"https:\/\/www.iemj.org\/wp-content\/uploads\/2021\/09\/Logo-IEMJ-Paypal.jpg","contentUrl":"https:\/\/www.iemj.org\/wp-content\/uploads\/2021\/09\/Logo-IEMJ-Paypal.jpg","width":150,"height":50,"caption":"Institut Europ\u00e9en des Musiques Juives"},"image":{"@id":"https:\/\/www.iemj.org\/es\/#\/schema\/logo\/image\/"},"sameAs":["https:\/\/www.facebook.com\/MusiquesJuives\/","https:\/\/www.instagram.com\/musiquesjuives\/","https:\/\/www.youtube.com\/user\/musiquesjuives"]},{"@type":"Person","@id":"https:\/\/www.iemj.org\/es\/#\/schema\/person\/906134402c29d5c76e7b726261dd4bbd","name":"Herv\u00e9 Roten","image":{"@type":"ImageObject","inLanguage":"es","@id":"https:\/\/secure.gravatar.com\/avatar\/f96ad2db538a26481f18384936b5cd0610c92d390c4dc382209216d455f685ff?s=96&d=mm&r=g","url":"https:\/\/secure.gravatar.com\/avatar\/f96ad2db538a26481f18384936b5cd0610c92d390c4dc382209216d455f685ff?s=96&d=mm&r=g","contentUrl":"https:\/\/secure.gravatar.com\/avatar\/f96ad2db538a26481f18384936b5cd0610c92d390c4dc382209216d455f685ff?s=96&d=mm&r=g","caption":"Herv\u00e9 Roten"}}]}},"_links":{"self":[{"href":"https:\/\/www.iemj.org\/es\/wp-json\/wp\/v2\/posts\/86993","targetHints":{"allow":["GET"]}}],"collection":[{"href":"https:\/\/www.iemj.org\/es\/wp-json\/wp\/v2\/posts"}],"about":[{"href":"https:\/\/www.iemj.org\/es\/wp-json\/wp\/v2\/types\/post"}],"author":[{"embeddable":true,"href":"https:\/\/www.iemj.org\/es\/wp-json\/wp\/v2\/users\/1045"}],"replies":[{"embeddable":true,"href":"https:\/\/www.iemj.org\/es\/wp-json\/wp\/v2\/comments?post=86993"}],"version-history":[{"count":0,"href":"https:\/\/www.iemj.org\/es\/wp-json\/wp\/v2\/posts\/86993\/revisions"}],"wp:featuredmedia":[{"embeddable":true,"href":"https:\/\/www.iemj.org\/es\/wp-json\/wp\/v2\/media\/51918"}],"wp:attachment":[{"href":"https:\/\/www.iemj.org\/es\/wp-json\/wp\/v2\/media?parent=86993"}],"wp:term":[{"taxonomy":"category","embeddable":true,"href":"https:\/\/www.iemj.org\/es\/wp-json\/wp\/v2\/categories?post=86993"},{"taxonomy":"post_tag","embeddable":true,"href":"https:\/\/www.iemj.org\/es\/wp-json\/wp\/v2\/tags?post=86993"},{"taxonomy":"technique","embeddable":true,"href":"https:\/\/www.iemj.org\/es\/wp-json\/wp\/v2\/technique?post=86993"},{"taxonomy":"squelettes","embeddable":true,"href":"https:\/\/www.iemj.org\/es\/wp-json\/wp\/v2\/squelettes?post=86993"},{"taxonomy":"sujet","embeddable":true,"href":"https:\/\/www.iemj.org\/es\/wp-json\/wp\/v2\/sujet?post=86993"},{"taxonomy":"formation","embeddable":true,"href":"https:\/\/www.iemj.org\/es\/wp-json\/wp\/v2\/formation?post=86993"},{"taxonomy":"genre","embeddable":true,"href":"https:\/\/www.iemj.org\/es\/wp-json\/wp\/v2\/genre?post=86993"},{"taxonomy":"fonds","embeddable":true,"href":"https:\/\/www.iemj.org\/es\/wp-json\/wp\/v2\/fonds?post=86993"},{"taxonomy":"tradition","embeddable":true,"href":"https:\/\/www.iemj.org\/es\/wp-json\/wp\/v2\/tradition?post=86993"},{"taxonomy":"type-de-contenu","embeddable":true,"href":"https:\/\/www.iemj.org\/es\/wp-json\/wp\/v2\/type-de-contenu?post=86993"},{"taxonomy":"interprete-compositeur","embeddable":true,"href":"https:\/\/www.iemj.org\/es\/wp-json\/wp\/v2\/interprete-compositeur?post=86993"},{"taxonomy":"frise","embeddable":true,"href":"https:\/\/www.iemj.org\/es\/wp-json\/wp\/v2\/frise?post=86993"},{"taxonomy":"type-devenement","embeddable":true,"href":"https:\/\/www.iemj.org\/es\/wp-json\/wp\/v2\/type-devenement?post=86993"},{"taxonomy":"tableaux-liens-externes","embeddable":true,"href":"https:\/\/www.iemj.org\/es\/wp-json\/wp\/v2\/tableaux-liens-externes?post=86993"}],"curies":[{"name":"wp","href":"https:\/\/api.w.org\/{rel}","templated":true}]}}