{"id":87009,"date":"2013-02-17T13:07:49","date_gmt":"2013-02-17T12:07:49","guid":{"rendered":"https:\/\/www.iemj.org\/michel-heymann-liturgie-juive-achkenaze-traditionnelle\/"},"modified":"2025-03-27T15:46:35","modified_gmt":"2025-03-27T14:46:35","slug":"michel-heymann-liturgie-juive-achkenaze-traditionnelle","status":"publish","type":"post","link":"https:\/\/www.iemj.org\/es\/michel-heymann-liturgie-juive-achkenaze-traditionnelle\/","title":{"rendered":"Michel Heymann &#8211; Liturgia jud\u00eda tradicional achkenaz\u00ed"},"content":{"rendered":"<p>Esta grabaci\u00f3n presenta las 20 oraciones principales del servicio de la ma\u00f1ana de Rosh Hashan\u00e1, cantadas en el rito asquenaz\u00ed de Francia oriental.<\/p>\n<p>El cantor Michel Heymann don\u00f3 todas sus grabaciones al Instituto Europeo de las M\u00fasicas Jud\u00edas a principios de 2013. El IEMJ le agradece calurosamente y se complace en presentar una de las siete grabaciones que componen el fondo Michel Heymann, que ahora se conservar\u00e1 para las generaciones futuras en nuestras colecciones.<\/p>\n<p><strong>BREVE BIOGRAF\u00cdA<\/strong><br \/>Nacido el 25 de abril de 1952 en Estrasburgo, Michel Heymann fue el \u00faltimo alumno, antes de su cierre definitivo, de la escuela los Ministros de Oficio de Par\u00eds. Pero fue sobre todo alumno de Se\u00f1or Bertrand Joseph, antiguo ministro de oficio de Estrasburgo, que le ense\u00f1\u00f3 el sinagogal y el sentido de la responsabilidad inherente a esa funci\u00f3n.<\/p>\n<p>Michel Heymann es uno de los \u00faltimos defensores de la liturgia achkenaz\u00ed espec\u00edfica de la regi\u00f3n del Rin, y en particular de Alsacia-Lorena.<\/p>\n<p class=\"Standard\"><span lang=\"ES\">Entre agosto de 1992 y abril de 2017, Michel Heymann fue cantor de la comunidad jud\u00eda de Luxemburgo. Cre\u00f3 un coro que a veces le acompa\u00f1a en los servicios del Shabat o en las fiestas de Tishrei. A menudo se pide en el pa\u00eds y en el extranjero para participar en ceremonias oficiales o en conciertos.<\/span><\/p>\n<p><a style=\"font-size: inherit;\" href=\"https:\/\/www.iemj.org\/es\/heymann-michel-1952\/\" target=\"_blank\" rel=\"noopener\"><img fetchpriority=\"high\" decoding=\"async\" class=\"wp-image-87042 alignright\" title=\"Liturgie juive achkenaze traditionnelle_couverture\" src=\"https:\/\/www.iemj.org\/wp-content\/uploads\/2013\/02\/4e_couv_cd_459.jpg\" alt=\"Liturgie juive achkenaze traditionnelle_couverture\" width=\"437\" height=\"376\" align=\"left\" srcset=\"https:\/\/www.iemj.org\/wp-content\/uploads\/2013\/02\/4e_couv_cd_459.jpg 517w, https:\/\/www.iemj.org\/wp-content\/uploads\/2013\/02\/4e_couv_cd_459-300x258.jpg 300w\" sizes=\"(max-width: 437px) 100vw, 437px\" \/>M\u00e1s informaci\u00f3n sobre Michel Heymann<\/a><\/p>\n<p><a href=\"https:\/\/www.iemj.org\/es\/fonds-michel-heymann\/\" target=\"_blank\" rel=\"noopener\">Consultar la colecci\u00f3n de Michel Heymann<\/a><\/p>\n<p><a href=\"https:\/\/www.iemj.org\/es\/michel-heymann-et-la-liturgie-ashkenaze-de-la-vallee-du-rhin\/\" target=\"_blank\" rel=\"noopener\">Vea el v\u00eddeo\u00a0<em>Michel Heymann y la liturgia asquenaz\u00ed del valle del Rin<\/em><\/a><\/p>\n\n\n<figure class=\"wp-block-image alignwide size-large\"><img decoding=\"async\" width=\"1024\" height=\"133\" src=\"https:\/\/www.iemj.org\/wp-content\/uploads\/2024\/03\/AUDIO-PLAYER-1024x133.png\" alt=\"\" class=\"wp-image-110610\" srcset=\"https:\/\/www.iemj.org\/wp-content\/uploads\/2024\/03\/AUDIO-PLAYER-1024x133.png 1024w, https:\/\/www.iemj.org\/wp-content\/uploads\/2024\/03\/AUDIO-PLAYER-300x39.png 300w, https:\/\/www.iemj.org\/wp-content\/uploads\/2024\/03\/AUDIO-PLAYER-768x100.png 768w, https:\/\/www.iemj.org\/wp-content\/uploads\/2024\/03\/AUDIO-PLAYER-600x78.png 600w, https:\/\/www.iemj.org\/wp-content\/uploads\/2024\/03\/AUDIO-PLAYER.png 1210w\" sizes=\"(max-width: 1024px) 100vw, 1024px\" \/><\/figure>\n","protected":false},"excerpt":{"rendered":"<p>Esta grabaci\u00f3n presenta las 20 oraciones principales del servicio de la ma\u00f1ana de Rosh Hashan\u00e1, cantadas en el rito asquenaz\u00ed de Francia oriental. El cantor Michel Heymann don\u00f3 todas sus<\/p>\n","protected":false},"author":1045,"featured_media":87010,"comment_status":"closed","ping_status":"open","sticky":false,"template":"","format":"standard","meta":{"_acf_changed":false,"footnotes":""},"categories":[1568,1565],"tags":[],"technique":[],"squelettes":[],"sujet":[2101,1852],"formation":[],"genre":[1890],"fonds":[],"tradition":[],"type-de-contenu":[],"interprete-compositeur":[3269],"frise":[],"type-devenement":[],"tableaux-liens-externes":[],"class_list":["post-87009","post","type-post","status-publish","format-standard","has-post-thumbnail","hentry","category-cd-es","category-ultimas-adquisiciones-es","sujet-alsacia-lorena-es","sujet-rosh-hashana-es","genre-liturgia-es","interprete-compositeur-michel-heymann-es"],"acf":[],"yoast_head":"<!-- This site is optimized with the Yoast SEO plugin v27.3 - https:\/\/yoast.com\/product\/yoast-seo-wordpress\/ -->\n<title>Michel Heymann - Liturgia jud\u00eda tradicional achkenaz\u00ed - Institut Europ\u00e9en des Musiques Juives<\/title>\n<meta name=\"robots\" content=\"index, follow, max-snippet:-1, max-image-preview:large, max-video-preview:-1\" \/>\n<link rel=\"canonical\" href=\"https:\/\/www.iemj.org\/es\/michel-heymann-liturgie-juive-achkenaze-traditionnelle\/\" \/>\n<meta property=\"og:locale\" content=\"es_ES\" \/>\n<meta property=\"og:type\" content=\"article\" \/>\n<meta property=\"og:title\" content=\"Michel Heymann - Liturgia jud\u00eda tradicional achkenaz\u00ed - Institut Europ\u00e9en des Musiques Juives\" \/>\n<meta property=\"og:description\" content=\"Esta grabaci\u00f3n presenta las 20 oraciones principales del servicio de la ma\u00f1ana de Rosh Hashan\u00e1, cantadas en el rito asquenaz\u00ed de Francia oriental. El cantor Michel Heymann don\u00f3 todas sus\" \/>\n<meta property=\"og:url\" content=\"https:\/\/www.iemj.org\/es\/michel-heymann-liturgie-juive-achkenaze-traditionnelle\/\" \/>\n<meta property=\"og:site_name\" content=\"Institut Europ\u00e9en des Musiques Juives\" \/>\n<meta property=\"article:publisher\" content=\"https:\/\/www.facebook.com\/MusiquesJuives\/\" \/>\n<meta property=\"article:published_time\" content=\"2013-02-17T12:07:49+00:00\" \/>\n<meta property=\"article:modified_time\" content=\"2025-03-27T14:46:35+00:00\" \/>\n<meta property=\"og:image\" content=\"https:\/\/www.iemj.org\/wp-content\/uploads\/2013\/02\/arton650-e1619694664992.jpg\" \/>\n\t<meta property=\"og:image:width\" content=\"350\" \/>\n\t<meta property=\"og:image:height\" content=\"350\" \/>\n\t<meta property=\"og:image:type\" content=\"image\/jpeg\" \/>\n<meta name=\"author\" content=\"Herv\u00e9 Roten\" \/>\n<meta name=\"twitter:card\" content=\"summary_large_image\" \/>\n<meta name=\"twitter:label1\" content=\"Escrito por\" \/>\n\t<meta name=\"twitter:data1\" content=\"Herv\u00e9 Roten\" \/>\n\t<meta name=\"twitter:label2\" content=\"Tiempo de lectura\" \/>\n\t<meta name=\"twitter:data2\" content=\"2 minutos\" \/>\n<script type=\"application\/ld+json\" class=\"yoast-schema-graph\">{\"@context\":\"https:\\\/\\\/schema.org\",\"@graph\":[{\"@type\":\"Article\",\"@id\":\"https:\\\/\\\/www.iemj.org\\\/es\\\/michel-heymann-liturgie-juive-achkenaze-traditionnelle\\\/#article\",\"isPartOf\":{\"@id\":\"https:\\\/\\\/www.iemj.org\\\/es\\\/michel-heymann-liturgie-juive-achkenaze-traditionnelle\\\/\"},\"author\":{\"name\":\"Herv\u00e9 Roten\",\"@id\":\"https:\\\/\\\/www.iemj.org\\\/es\\\/#\\\/schema\\\/person\\\/906134402c29d5c76e7b726261dd4bbd\"},\"headline\":\"Michel Heymann &#8211; Liturgia jud\u00eda tradicional achkenaz\u00ed\",\"datePublished\":\"2013-02-17T12:07:49+00:00\",\"dateModified\":\"2025-03-27T14:46:35+00:00\",\"mainEntityOfPage\":{\"@id\":\"https:\\\/\\\/www.iemj.org\\\/es\\\/michel-heymann-liturgie-juive-achkenaze-traditionnelle\\\/\"},\"wordCount\":257,\"publisher\":{\"@id\":\"https:\\\/\\\/www.iemj.org\\\/es\\\/#organization\"},\"image\":{\"@id\":\"https:\\\/\\\/www.iemj.org\\\/es\\\/michel-heymann-liturgie-juive-achkenaze-traditionnelle\\\/#primaryimage\"},\"thumbnailUrl\":\"https:\\\/\\\/www.iemj.org\\\/wp-content\\\/uploads\\\/2013\\\/02\\\/arton650-e1619694664992.jpg\",\"articleSection\":[\"CD\",\"\u00daltimas adquisiciones\"],\"inLanguage\":\"es\"},{\"@type\":\"WebPage\",\"@id\":\"https:\\\/\\\/www.iemj.org\\\/es\\\/michel-heymann-liturgie-juive-achkenaze-traditionnelle\\\/\",\"url\":\"https:\\\/\\\/www.iemj.org\\\/es\\\/michel-heymann-liturgie-juive-achkenaze-traditionnelle\\\/\",\"name\":\"Michel Heymann - Liturgia jud\u00eda tradicional achkenaz\u00ed - Institut Europ\u00e9en des Musiques Juives\",\"isPartOf\":{\"@id\":\"https:\\\/\\\/www.iemj.org\\\/es\\\/#website\"},\"primaryImageOfPage\":{\"@id\":\"https:\\\/\\\/www.iemj.org\\\/es\\\/michel-heymann-liturgie-juive-achkenaze-traditionnelle\\\/#primaryimage\"},\"image\":{\"@id\":\"https:\\\/\\\/www.iemj.org\\\/es\\\/michel-heymann-liturgie-juive-achkenaze-traditionnelle\\\/#primaryimage\"},\"thumbnailUrl\":\"https:\\\/\\\/www.iemj.org\\\/wp-content\\\/uploads\\\/2013\\\/02\\\/arton650-e1619694664992.jpg\",\"datePublished\":\"2013-02-17T12:07:49+00:00\",\"dateModified\":\"2025-03-27T14:46:35+00:00\",\"breadcrumb\":{\"@id\":\"https:\\\/\\\/www.iemj.org\\\/es\\\/michel-heymann-liturgie-juive-achkenaze-traditionnelle\\\/#breadcrumb\"},\"inLanguage\":\"es\",\"potentialAction\":[{\"@type\":\"ReadAction\",\"target\":[\"https:\\\/\\\/www.iemj.org\\\/es\\\/michel-heymann-liturgie-juive-achkenaze-traditionnelle\\\/\"]}]},{\"@type\":\"ImageObject\",\"inLanguage\":\"es\",\"@id\":\"https:\\\/\\\/www.iemj.org\\\/es\\\/michel-heymann-liturgie-juive-achkenaze-traditionnelle\\\/#primaryimage\",\"url\":\"https:\\\/\\\/www.iemj.org\\\/wp-content\\\/uploads\\\/2013\\\/02\\\/arton650-e1619694664992.jpg\",\"contentUrl\":\"https:\\\/\\\/www.iemj.org\\\/wp-content\\\/uploads\\\/2013\\\/02\\\/arton650-e1619694664992.jpg\",\"width\":350,\"height\":350},{\"@type\":\"BreadcrumbList\",\"@id\":\"https:\\\/\\\/www.iemj.org\\\/es\\\/michel-heymann-liturgie-juive-achkenaze-traditionnelle\\\/#breadcrumb\",\"itemListElement\":[{\"@type\":\"ListItem\",\"position\":1,\"name\":\"Accueil\",\"item\":\"https:\\\/\\\/www.iemj.org\\\/es\\\/\"},{\"@type\":\"ListItem\",\"position\":2,\"name\":\"Michel Heymann &#8211; Liturgia jud\u00eda tradicional achkenaz\u00ed\"}]},{\"@type\":\"WebSite\",\"@id\":\"https:\\\/\\\/www.iemj.org\\\/es\\\/#website\",\"url\":\"https:\\\/\\\/www.iemj.org\\\/es\\\/\",\"name\":\"Institut Europ\u00e9en des Musiques Juives\",\"description\":\"Des traditions musicales \u00e0 la port\u00e9e de tous\",\"publisher\":{\"@id\":\"https:\\\/\\\/www.iemj.org\\\/es\\\/#organization\"},\"potentialAction\":[{\"@type\":\"SearchAction\",\"target\":{\"@type\":\"EntryPoint\",\"urlTemplate\":\"https:\\\/\\\/www.iemj.org\\\/es\\\/?s={search_term_string}\"},\"query-input\":{\"@type\":\"PropertyValueSpecification\",\"valueRequired\":true,\"valueName\":\"search_term_string\"}}],\"inLanguage\":\"es\"},{\"@type\":\"Organization\",\"@id\":\"https:\\\/\\\/www.iemj.org\\\/es\\\/#organization\",\"name\":\"Institut Europ\u00e9en des Musiques Juives\",\"url\":\"https:\\\/\\\/www.iemj.org\\\/es\\\/\",\"logo\":{\"@type\":\"ImageObject\",\"inLanguage\":\"es\",\"@id\":\"https:\\\/\\\/www.iemj.org\\\/es\\\/#\\\/schema\\\/logo\\\/image\\\/\",\"url\":\"https:\\\/\\\/www.iemj.org\\\/wp-content\\\/uploads\\\/2021\\\/09\\\/Logo-IEMJ-Paypal.jpg\",\"contentUrl\":\"https:\\\/\\\/www.iemj.org\\\/wp-content\\\/uploads\\\/2021\\\/09\\\/Logo-IEMJ-Paypal.jpg\",\"width\":150,\"height\":50,\"caption\":\"Institut Europ\u00e9en des Musiques Juives\"},\"image\":{\"@id\":\"https:\\\/\\\/www.iemj.org\\\/es\\\/#\\\/schema\\\/logo\\\/image\\\/\"},\"sameAs\":[\"https:\\\/\\\/www.facebook.com\\\/MusiquesJuives\\\/\",\"https:\\\/\\\/www.instagram.com\\\/musiquesjuives\\\/\",\"https:\\\/\\\/www.youtube.com\\\/user\\\/musiquesjuives\"]},{\"@type\":\"Person\",\"@id\":\"https:\\\/\\\/www.iemj.org\\\/es\\\/#\\\/schema\\\/person\\\/906134402c29d5c76e7b726261dd4bbd\",\"name\":\"Herv\u00e9 Roten\",\"image\":{\"@type\":\"ImageObject\",\"inLanguage\":\"es\",\"@id\":\"https:\\\/\\\/secure.gravatar.com\\\/avatar\\\/f96ad2db538a26481f18384936b5cd0610c92d390c4dc382209216d455f685ff?s=96&d=mm&r=g\",\"url\":\"https:\\\/\\\/secure.gravatar.com\\\/avatar\\\/f96ad2db538a26481f18384936b5cd0610c92d390c4dc382209216d455f685ff?s=96&d=mm&r=g\",\"contentUrl\":\"https:\\\/\\\/secure.gravatar.com\\\/avatar\\\/f96ad2db538a26481f18384936b5cd0610c92d390c4dc382209216d455f685ff?s=96&d=mm&r=g\",\"caption\":\"Herv\u00e9 Roten\"}}]}<\/script>\n<!-- \/ Yoast SEO plugin. -->","yoast_head_json":{"title":"Michel Heymann - Liturgia jud\u00eda tradicional achkenaz\u00ed - Institut Europ\u00e9en des Musiques Juives","robots":{"index":"index","follow":"follow","max-snippet":"max-snippet:-1","max-image-preview":"max-image-preview:large","max-video-preview":"max-video-preview:-1"},"canonical":"https:\/\/www.iemj.org\/es\/michel-heymann-liturgie-juive-achkenaze-traditionnelle\/","og_locale":"es_ES","og_type":"article","og_title":"Michel Heymann - Liturgia jud\u00eda tradicional achkenaz\u00ed - Institut Europ\u00e9en des Musiques Juives","og_description":"Esta grabaci\u00f3n presenta las 20 oraciones principales del servicio de la ma\u00f1ana de Rosh Hashan\u00e1, cantadas en el rito asquenaz\u00ed de Francia oriental. El cantor Michel Heymann don\u00f3 todas sus","og_url":"https:\/\/www.iemj.org\/es\/michel-heymann-liturgie-juive-achkenaze-traditionnelle\/","og_site_name":"Institut Europ\u00e9en des Musiques Juives","article_publisher":"https:\/\/www.facebook.com\/MusiquesJuives\/","article_published_time":"2013-02-17T12:07:49+00:00","article_modified_time":"2025-03-27T14:46:35+00:00","og_image":[{"width":350,"height":350,"url":"https:\/\/www.iemj.org\/wp-content\/uploads\/2013\/02\/arton650-e1619694664992.jpg","type":"image\/jpeg"}],"author":"Herv\u00e9 Roten","twitter_card":"summary_large_image","twitter_misc":{"Escrito por":"Herv\u00e9 Roten","Tiempo de lectura":"2 minutos"},"schema":{"@context":"https:\/\/schema.org","@graph":[{"@type":"Article","@id":"https:\/\/www.iemj.org\/es\/michel-heymann-liturgie-juive-achkenaze-traditionnelle\/#article","isPartOf":{"@id":"https:\/\/www.iemj.org\/es\/michel-heymann-liturgie-juive-achkenaze-traditionnelle\/"},"author":{"name":"Herv\u00e9 Roten","@id":"https:\/\/www.iemj.org\/es\/#\/schema\/person\/906134402c29d5c76e7b726261dd4bbd"},"headline":"Michel Heymann &#8211; Liturgia jud\u00eda tradicional achkenaz\u00ed","datePublished":"2013-02-17T12:07:49+00:00","dateModified":"2025-03-27T14:46:35+00:00","mainEntityOfPage":{"@id":"https:\/\/www.iemj.org\/es\/michel-heymann-liturgie-juive-achkenaze-traditionnelle\/"},"wordCount":257,"publisher":{"@id":"https:\/\/www.iemj.org\/es\/#organization"},"image":{"@id":"https:\/\/www.iemj.org\/es\/michel-heymann-liturgie-juive-achkenaze-traditionnelle\/#primaryimage"},"thumbnailUrl":"https:\/\/www.iemj.org\/wp-content\/uploads\/2013\/02\/arton650-e1619694664992.jpg","articleSection":["CD","\u00daltimas adquisiciones"],"inLanguage":"es"},{"@type":"WebPage","@id":"https:\/\/www.iemj.org\/es\/michel-heymann-liturgie-juive-achkenaze-traditionnelle\/","url":"https:\/\/www.iemj.org\/es\/michel-heymann-liturgie-juive-achkenaze-traditionnelle\/","name":"Michel Heymann - Liturgia jud\u00eda tradicional achkenaz\u00ed - Institut Europ\u00e9en des Musiques Juives","isPartOf":{"@id":"https:\/\/www.iemj.org\/es\/#website"},"primaryImageOfPage":{"@id":"https:\/\/www.iemj.org\/es\/michel-heymann-liturgie-juive-achkenaze-traditionnelle\/#primaryimage"},"image":{"@id":"https:\/\/www.iemj.org\/es\/michel-heymann-liturgie-juive-achkenaze-traditionnelle\/#primaryimage"},"thumbnailUrl":"https:\/\/www.iemj.org\/wp-content\/uploads\/2013\/02\/arton650-e1619694664992.jpg","datePublished":"2013-02-17T12:07:49+00:00","dateModified":"2025-03-27T14:46:35+00:00","breadcrumb":{"@id":"https:\/\/www.iemj.org\/es\/michel-heymann-liturgie-juive-achkenaze-traditionnelle\/#breadcrumb"},"inLanguage":"es","potentialAction":[{"@type":"ReadAction","target":["https:\/\/www.iemj.org\/es\/michel-heymann-liturgie-juive-achkenaze-traditionnelle\/"]}]},{"@type":"ImageObject","inLanguage":"es","@id":"https:\/\/www.iemj.org\/es\/michel-heymann-liturgie-juive-achkenaze-traditionnelle\/#primaryimage","url":"https:\/\/www.iemj.org\/wp-content\/uploads\/2013\/02\/arton650-e1619694664992.jpg","contentUrl":"https:\/\/www.iemj.org\/wp-content\/uploads\/2013\/02\/arton650-e1619694664992.jpg","width":350,"height":350},{"@type":"BreadcrumbList","@id":"https:\/\/www.iemj.org\/es\/michel-heymann-liturgie-juive-achkenaze-traditionnelle\/#breadcrumb","itemListElement":[{"@type":"ListItem","position":1,"name":"Accueil","item":"https:\/\/www.iemj.org\/es\/"},{"@type":"ListItem","position":2,"name":"Michel Heymann &#8211; Liturgia jud\u00eda tradicional achkenaz\u00ed"}]},{"@type":"WebSite","@id":"https:\/\/www.iemj.org\/es\/#website","url":"https:\/\/www.iemj.org\/es\/","name":"Institut Europ\u00e9en des Musiques Juives","description":"Des traditions musicales \u00e0 la port\u00e9e de tous","publisher":{"@id":"https:\/\/www.iemj.org\/es\/#organization"},"potentialAction":[{"@type":"SearchAction","target":{"@type":"EntryPoint","urlTemplate":"https:\/\/www.iemj.org\/es\/?s={search_term_string}"},"query-input":{"@type":"PropertyValueSpecification","valueRequired":true,"valueName":"search_term_string"}}],"inLanguage":"es"},{"@type":"Organization","@id":"https:\/\/www.iemj.org\/es\/#organization","name":"Institut Europ\u00e9en des Musiques Juives","url":"https:\/\/www.iemj.org\/es\/","logo":{"@type":"ImageObject","inLanguage":"es","@id":"https:\/\/www.iemj.org\/es\/#\/schema\/logo\/image\/","url":"https:\/\/www.iemj.org\/wp-content\/uploads\/2021\/09\/Logo-IEMJ-Paypal.jpg","contentUrl":"https:\/\/www.iemj.org\/wp-content\/uploads\/2021\/09\/Logo-IEMJ-Paypal.jpg","width":150,"height":50,"caption":"Institut Europ\u00e9en des Musiques Juives"},"image":{"@id":"https:\/\/www.iemj.org\/es\/#\/schema\/logo\/image\/"},"sameAs":["https:\/\/www.facebook.com\/MusiquesJuives\/","https:\/\/www.instagram.com\/musiquesjuives\/","https:\/\/www.youtube.com\/user\/musiquesjuives"]},{"@type":"Person","@id":"https:\/\/www.iemj.org\/es\/#\/schema\/person\/906134402c29d5c76e7b726261dd4bbd","name":"Herv\u00e9 Roten","image":{"@type":"ImageObject","inLanguage":"es","@id":"https:\/\/secure.gravatar.com\/avatar\/f96ad2db538a26481f18384936b5cd0610c92d390c4dc382209216d455f685ff?s=96&d=mm&r=g","url":"https:\/\/secure.gravatar.com\/avatar\/f96ad2db538a26481f18384936b5cd0610c92d390c4dc382209216d455f685ff?s=96&d=mm&r=g","contentUrl":"https:\/\/secure.gravatar.com\/avatar\/f96ad2db538a26481f18384936b5cd0610c92d390c4dc382209216d455f685ff?s=96&d=mm&r=g","caption":"Herv\u00e9 Roten"}}]}},"_links":{"self":[{"href":"https:\/\/www.iemj.org\/es\/wp-json\/wp\/v2\/posts\/87009","targetHints":{"allow":["GET"]}}],"collection":[{"href":"https:\/\/www.iemj.org\/es\/wp-json\/wp\/v2\/posts"}],"about":[{"href":"https:\/\/www.iemj.org\/es\/wp-json\/wp\/v2\/types\/post"}],"author":[{"embeddable":true,"href":"https:\/\/www.iemj.org\/es\/wp-json\/wp\/v2\/users\/1045"}],"replies":[{"embeddable":true,"href":"https:\/\/www.iemj.org\/es\/wp-json\/wp\/v2\/comments?post=87009"}],"version-history":[{"count":0,"href":"https:\/\/www.iemj.org\/es\/wp-json\/wp\/v2\/posts\/87009\/revisions"}],"wp:featuredmedia":[{"embeddable":true,"href":"https:\/\/www.iemj.org\/es\/wp-json\/wp\/v2\/media\/87010"}],"wp:attachment":[{"href":"https:\/\/www.iemj.org\/es\/wp-json\/wp\/v2\/media?parent=87009"}],"wp:term":[{"taxonomy":"category","embeddable":true,"href":"https:\/\/www.iemj.org\/es\/wp-json\/wp\/v2\/categories?post=87009"},{"taxonomy":"post_tag","embeddable":true,"href":"https:\/\/www.iemj.org\/es\/wp-json\/wp\/v2\/tags?post=87009"},{"taxonomy":"technique","embeddable":true,"href":"https:\/\/www.iemj.org\/es\/wp-json\/wp\/v2\/technique?post=87009"},{"taxonomy":"squelettes","embeddable":true,"href":"https:\/\/www.iemj.org\/es\/wp-json\/wp\/v2\/squelettes?post=87009"},{"taxonomy":"sujet","embeddable":true,"href":"https:\/\/www.iemj.org\/es\/wp-json\/wp\/v2\/sujet?post=87009"},{"taxonomy":"formation","embeddable":true,"href":"https:\/\/www.iemj.org\/es\/wp-json\/wp\/v2\/formation?post=87009"},{"taxonomy":"genre","embeddable":true,"href":"https:\/\/www.iemj.org\/es\/wp-json\/wp\/v2\/genre?post=87009"},{"taxonomy":"fonds","embeddable":true,"href":"https:\/\/www.iemj.org\/es\/wp-json\/wp\/v2\/fonds?post=87009"},{"taxonomy":"tradition","embeddable":true,"href":"https:\/\/www.iemj.org\/es\/wp-json\/wp\/v2\/tradition?post=87009"},{"taxonomy":"type-de-contenu","embeddable":true,"href":"https:\/\/www.iemj.org\/es\/wp-json\/wp\/v2\/type-de-contenu?post=87009"},{"taxonomy":"interprete-compositeur","embeddable":true,"href":"https:\/\/www.iemj.org\/es\/wp-json\/wp\/v2\/interprete-compositeur?post=87009"},{"taxonomy":"frise","embeddable":true,"href":"https:\/\/www.iemj.org\/es\/wp-json\/wp\/v2\/frise?post=87009"},{"taxonomy":"type-devenement","embeddable":true,"href":"https:\/\/www.iemj.org\/es\/wp-json\/wp\/v2\/type-devenement?post=87009"},{"taxonomy":"tableaux-liens-externes","embeddable":true,"href":"https:\/\/www.iemj.org\/es\/wp-json\/wp\/v2\/tableaux-liens-externes?post=87009"}],"curies":[{"name":"wp","href":"https:\/\/api.w.org\/{rel}","templated":true}]}}