{"id":87423,"date":"2015-12-14T16:18:42","date_gmt":"2015-12-14T15:18:42","guid":{"rendered":"https:\/\/www.iemj.org\/chalude-jacques-dit-ben-baruch-1914-1997\/"},"modified":"2022-09-18T20:27:58","modified_gmt":"2022-09-18T18:27:58","slug":"chalude-jacques-dit-ben-baruch-1914-1997","status":"publish","type":"post","link":"https:\/\/www.iemj.org\/es\/chalude-jacques-dit-ben-baruch-1914-1997\/","title":{"rendered":"Chalude, Jacques, alias Ben Baruch (1914-1997)"},"content":{"rendered":"<p align=\"JUSTIFY\">Yitshak Zaludkowski naci\u00f3 el 20 de septiembre de 1914 en Staeiszyn, en la regi\u00f3n de Kalisc (Polonia), dentro de una familia religiosa. Su padre y su t\u00edo ambos son cantores, y mientras su familia se instalaba en Bruselas en 1919, empez\u00f3 estudios de canto. Encontr\u00f3 a Josette Kon, en 1936, que le acompa\u00f1ar\u00e1 en varias ocasiones con piano, y que se convertir\u00e1 en su esposa civil en 1943 (en Lyon). En 1940, poco tiempo despu\u00e9s de la invasi\u00f3n alemana de B\u00e9lgica, la familia se traslad\u00f3 a Francia. La pareja vivi\u00f3 en Lyon hasta septiembre de 1944.<\/p>\n<p align=\"JUSTIFY\">Durante la guerra, bajo el nombre de Jacques Chalude, estudi\u00f3 canto cl\u00e1sico y cant\u00f3 como solista en la sinagoga (1941). En esa \u00e9poca, encontr\u00f3 al music\u00f3logo y compositor L\u00e9on Algazi. Durante la guerra, realiz\u00f3 muchas giras, actuando distintos papeles en la \u00f3pera. A partir del final de la guerra, Jacques Chalude se fue a Par\u00eds, donde se volvi\u00f3 solista, a partir de 1944 en la Radiodiffusion francesa. En 1945 naci\u00f3 su hijo mayor. Fue tambi\u00e9n en esa \u00e9poca que el artista fue contratado, durante dos a\u00f1os, en el Habibi Club en Par\u00eds para interpretar un repertorio popular jud\u00edo. En 1947, se matricul\u00f3 en el Syndicat national des Artistes (Sindicato Nacional de los Artistas). En 1952, naci\u00f3 su segundo hijo. A partir de esa fecha, su espeso dej\u00f3 acompa\u00f1arlo con el piano. Decidi\u00f3 dar prioridad al repertorio tradicional y religioso en la \u00f3pera. Pidi\u00f3 la ciudadan\u00eda en 1954 y eligi\u00f3 de manera definitiva el nombre de Chalude.<\/p>\n<p align=\"JUSTIFY\">Hasta alrededor de 1975, Jacques Chalude actu\u00f3 como cantor, especialmente en la sinagoga Notre-Dame-de-Nazareth. Tambi\u00e9n colabor\u00f3 con L\u00e9on Algazi. Su repertorio musical es inspirado por el de su padre, de su t\u00edo, y de otros cantores de Polonia. Falleci\u00f3 en Par\u00eds en 1997.<\/p>\n<p align=\"JUSTIFY\"><a href=\"https:\/\/www.iemj.org\/es\/produit\/casket-of-the-jewish-musics-in-paris-in-the-aftermath-of-ww-ii\/\" target=\"_blank\" rel=\"noopener\"><span style=\"color: #0066ff;\">Pedir el CD \u201cMusiques juives dans le Paris d&#8217;apr\u00e8s-guerre\u201d &#8211; Elesdisc 1948-1953.<\/span><\/a><\/p>\n<p align=\"JUSTIFY\"><a href=\"http:\/\/www.rachelnet.net\/F\/?func=find-c&amp;ccl_term=WRD+%3D+Chalude&amp;local_base=iemcg\" target=\"_blank\" rel=\"noopener\"><span style=\"color: #0066ff;\">Consultar nuestros archivos sobre Ben Baruch<\/span><\/a><\/p>\n<p><img fetchpriority=\"high\" decoding=\"async\" class=\" aligncenter size-full wp-image-8235\" src=\"https:\/\/www.iemj.org\/wp-content\/uploads\/2015\/12\/ben_baruch_site_2-2.png\" alt=\"ben_baruch_site_2-2.png\" width=\"933\" height=\"540\" align=\"middle\" \/><\/p>\n\n\n<div class=\"wp-block-columns is-layout-flex wp-container-core-columns-is-layout-9d6595d7 wp-block-columns-is-layout-flex\">\n<div class=\"wp-block-column is-layout-flow wp-block-column-is-layout-flow\"><\/div>\n<\/div>\n\n\n\n<figure class=\"wp-block-embed is-type-video is-provider-youtube wp-block-embed-youtube wp-embed-aspect-4-3 wp-has-aspect-ratio\"><div class=\"wp-block-embed__wrapper\">\n<iframe title=\"Musiques juives dans le Paris d&#039;apr\u00e8s-guerre\" width=\"640\" height=\"480\" src=\"https:\/\/www.youtube.com\/embed\/NxMq-4u_3kM?feature=oembed\" frameborder=\"0\" allow=\"accelerometer; autoplay; clipboard-write; encrypted-media; gyroscope; picture-in-picture; web-share\" referrerpolicy=\"strict-origin-when-cross-origin\" allowfullscreen><\/iframe>\n<\/div><figcaption>Introducci\u00f3n: Warsche de Benny Bell <br><a href=\"https:\/\/www.youtube.com\/watch?v=NxMq-4u_3kM&amp;t=87s\">01:27<\/a>\u200b Dave Cash <br><a href=\"https:\/\/www.youtube.com\/watch?v=NxMq-4u_3kM&amp;t=228s\">03:48<\/a>\u200b Bernard Potock <br><a href=\"https:\/\/www.youtube.com\/watch?v=NxMq-4u_3kM&amp;t=358s\">05:58<\/a>\u200b Sarah Gorby <br><a href=\"https:\/\/www.youtube.com\/watch?v=NxMq-4u_3kM&amp;t=507s\">08:27<\/a>\u200b Ben Baruch <br><a href=\"https:\/\/www.youtube.com\/watch?v=NxMq-4u_3kM&amp;t=724s\">12:04<\/a>\u200b Henri Gerro <br><a href=\"https:\/\/www.youtube.com\/watch?v=NxMq-4u_3kM&amp;t=938s\">15:38<\/a>\u200b Richard Inger <br><a href=\"https:\/\/www.youtube.com\/watch?v=NxMq-4u_3kM&amp;t=1142s\">19:02<\/a>\u200b Los otros artistas del sello<\/figcaption><\/figure>\n\n\n\n<p><\/p>\n","protected":false},"excerpt":{"rendered":"<p>Yitshak Zaludkowski naci\u00f3 el 20 de septiembre de 1914 en Staeiszyn, en la regi\u00f3n de Kalisc (Polonia), dentro de una familia religiosa. Su padre y su t\u00edo ambos son cantores,<\/p>\n","protected":false},"author":1052,"featured_media":51559,"comment_status":"closed","ping_status":"open","sticky":false,"template":"","format":"standard","meta":{"_acf_changed":false,"footnotes":""},"categories":[1417],"tags":[],"technique":[],"squelettes":[],"sujet":[],"formation":[],"genre":[],"fonds":[],"tradition":[],"type-de-contenu":[],"interprete-compositeur":[3102,3195],"frise":[],"type-devenement":[],"tableaux-liens-externes":[],"class_list":["post-87423","post","type-post","status-publish","format-standard","has-post-thumbnail","hentry","category-biografias-es","interprete-compositeur-ben-baruch-es","interprete-compositeur-jacques-chalude-es"],"acf":[],"yoast_head":"<!-- This site is optimized with the Yoast SEO plugin v27.3 - https:\/\/yoast.com\/product\/yoast-seo-wordpress\/ -->\n<title>Chalude, Jacques, alias Ben Baruch (1914-1997) - Institut Europ\u00e9en des Musiques Juives<\/title>\n<meta name=\"robots\" content=\"index, follow, max-snippet:-1, max-image-preview:large, max-video-preview:-1\" \/>\n<link rel=\"canonical\" href=\"https:\/\/www.iemj.org\/es\/chalude-jacques-dit-ben-baruch-1914-1997\/\" \/>\n<meta property=\"og:locale\" content=\"es_ES\" \/>\n<meta property=\"og:type\" content=\"article\" \/>\n<meta property=\"og:title\" content=\"Chalude, Jacques, alias Ben Baruch (1914-1997) - Institut Europ\u00e9en des Musiques Juives\" \/>\n<meta property=\"og:description\" content=\"Yitshak Zaludkowski naci\u00f3 el 20 de septiembre de 1914 en Staeiszyn, en la regi\u00f3n de Kalisc (Polonia), dentro de una familia religiosa. Su padre y su t\u00edo ambos son cantores,\" \/>\n<meta property=\"og:url\" content=\"https:\/\/www.iemj.org\/es\/chalude-jacques-dit-ben-baruch-1914-1997\/\" \/>\n<meta property=\"og:site_name\" content=\"Institut Europ\u00e9en des Musiques Juives\" \/>\n<meta property=\"article:publisher\" content=\"https:\/\/www.facebook.com\/MusiquesJuives\/\" \/>\n<meta property=\"article:published_time\" content=\"2015-12-14T15:18:42+00:00\" \/>\n<meta property=\"article:modified_time\" content=\"2022-09-18T18:27:58+00:00\" \/>\n<meta property=\"og:image\" content=\"https:\/\/www.iemj.org\/wp-content\/uploads\/2015\/12\/arton1214-e1624970754699.png\" \/>\n\t<meta property=\"og:image:width\" content=\"164\" \/>\n\t<meta property=\"og:image:height\" content=\"218\" \/>\n\t<meta property=\"og:image:type\" content=\"image\/png\" \/>\n<meta name=\"author\" content=\"Lea Couderc\" \/>\n<meta name=\"twitter:card\" content=\"summary_large_image\" \/>\n<meta name=\"twitter:label1\" content=\"Escrito por\" \/>\n\t<meta name=\"twitter:data1\" content=\"Lea Couderc\" \/>\n\t<meta name=\"twitter:label2\" content=\"Tiempo de lectura\" \/>\n\t<meta name=\"twitter:data2\" content=\"2 minutos\" \/>\n<script type=\"application\/ld+json\" class=\"yoast-schema-graph\">{\"@context\":\"https:\\\/\\\/schema.org\",\"@graph\":[{\"@type\":\"Article\",\"@id\":\"https:\\\/\\\/www.iemj.org\\\/es\\\/chalude-jacques-dit-ben-baruch-1914-1997\\\/#article\",\"isPartOf\":{\"@id\":\"https:\\\/\\\/www.iemj.org\\\/es\\\/chalude-jacques-dit-ben-baruch-1914-1997\\\/\"},\"author\":{\"name\":\"Lea Couderc\",\"@id\":\"https:\\\/\\\/www.iemj.org\\\/es\\\/#\\\/schema\\\/person\\\/e2ad57f2c4be119c7ed8ab79036807a9\"},\"headline\":\"Chalude, Jacques, alias Ben Baruch (1914-1997)\",\"datePublished\":\"2015-12-14T15:18:42+00:00\",\"dateModified\":\"2022-09-18T18:27:58+00:00\",\"mainEntityOfPage\":{\"@id\":\"https:\\\/\\\/www.iemj.org\\\/es\\\/chalude-jacques-dit-ben-baruch-1914-1997\\\/\"},\"wordCount\":355,\"publisher\":{\"@id\":\"https:\\\/\\\/www.iemj.org\\\/es\\\/#organization\"},\"image\":{\"@id\":\"https:\\\/\\\/www.iemj.org\\\/es\\\/chalude-jacques-dit-ben-baruch-1914-1997\\\/#primaryimage\"},\"thumbnailUrl\":\"https:\\\/\\\/www.iemj.org\\\/wp-content\\\/uploads\\\/2015\\\/12\\\/arton1214-e1624970754699.png\",\"articleSection\":[\"Biograf\u00edas\"],\"inLanguage\":\"es\"},{\"@type\":\"WebPage\",\"@id\":\"https:\\\/\\\/www.iemj.org\\\/es\\\/chalude-jacques-dit-ben-baruch-1914-1997\\\/\",\"url\":\"https:\\\/\\\/www.iemj.org\\\/es\\\/chalude-jacques-dit-ben-baruch-1914-1997\\\/\",\"name\":\"Chalude, Jacques, alias Ben Baruch (1914-1997) - Institut Europ\u00e9en des Musiques Juives\",\"isPartOf\":{\"@id\":\"https:\\\/\\\/www.iemj.org\\\/es\\\/#website\"},\"primaryImageOfPage\":{\"@id\":\"https:\\\/\\\/www.iemj.org\\\/es\\\/chalude-jacques-dit-ben-baruch-1914-1997\\\/#primaryimage\"},\"image\":{\"@id\":\"https:\\\/\\\/www.iemj.org\\\/es\\\/chalude-jacques-dit-ben-baruch-1914-1997\\\/#primaryimage\"},\"thumbnailUrl\":\"https:\\\/\\\/www.iemj.org\\\/wp-content\\\/uploads\\\/2015\\\/12\\\/arton1214-e1624970754699.png\",\"datePublished\":\"2015-12-14T15:18:42+00:00\",\"dateModified\":\"2022-09-18T18:27:58+00:00\",\"breadcrumb\":{\"@id\":\"https:\\\/\\\/www.iemj.org\\\/es\\\/chalude-jacques-dit-ben-baruch-1914-1997\\\/#breadcrumb\"},\"inLanguage\":\"es\",\"potentialAction\":[{\"@type\":\"ReadAction\",\"target\":[\"https:\\\/\\\/www.iemj.org\\\/es\\\/chalude-jacques-dit-ben-baruch-1914-1997\\\/\"]}]},{\"@type\":\"ImageObject\",\"inLanguage\":\"es\",\"@id\":\"https:\\\/\\\/www.iemj.org\\\/es\\\/chalude-jacques-dit-ben-baruch-1914-1997\\\/#primaryimage\",\"url\":\"https:\\\/\\\/www.iemj.org\\\/wp-content\\\/uploads\\\/2015\\\/12\\\/arton1214-e1624970754699.png\",\"contentUrl\":\"https:\\\/\\\/www.iemj.org\\\/wp-content\\\/uploads\\\/2015\\\/12\\\/arton1214-e1624970754699.png\",\"width\":164,\"height\":218},{\"@type\":\"BreadcrumbList\",\"@id\":\"https:\\\/\\\/www.iemj.org\\\/es\\\/chalude-jacques-dit-ben-baruch-1914-1997\\\/#breadcrumb\",\"itemListElement\":[{\"@type\":\"ListItem\",\"position\":1,\"name\":\"Accueil\",\"item\":\"https:\\\/\\\/www.iemj.org\\\/es\\\/\"},{\"@type\":\"ListItem\",\"position\":2,\"name\":\"Chalude, Jacques, alias Ben Baruch (1914-1997)\"}]},{\"@type\":\"WebSite\",\"@id\":\"https:\\\/\\\/www.iemj.org\\\/es\\\/#website\",\"url\":\"https:\\\/\\\/www.iemj.org\\\/es\\\/\",\"name\":\"Institut Europ\u00e9en des Musiques Juives\",\"description\":\"Des traditions musicales \u00e0 la port\u00e9e de tous\",\"publisher\":{\"@id\":\"https:\\\/\\\/www.iemj.org\\\/es\\\/#organization\"},\"potentialAction\":[{\"@type\":\"SearchAction\",\"target\":{\"@type\":\"EntryPoint\",\"urlTemplate\":\"https:\\\/\\\/www.iemj.org\\\/es\\\/?s={search_term_string}\"},\"query-input\":{\"@type\":\"PropertyValueSpecification\",\"valueRequired\":true,\"valueName\":\"search_term_string\"}}],\"inLanguage\":\"es\"},{\"@type\":\"Organization\",\"@id\":\"https:\\\/\\\/www.iemj.org\\\/es\\\/#organization\",\"name\":\"Institut Europ\u00e9en des Musiques Juives\",\"url\":\"https:\\\/\\\/www.iemj.org\\\/es\\\/\",\"logo\":{\"@type\":\"ImageObject\",\"inLanguage\":\"es\",\"@id\":\"https:\\\/\\\/www.iemj.org\\\/es\\\/#\\\/schema\\\/logo\\\/image\\\/\",\"url\":\"https:\\\/\\\/www.iemj.org\\\/wp-content\\\/uploads\\\/2021\\\/09\\\/Logo-IEMJ-Paypal.jpg\",\"contentUrl\":\"https:\\\/\\\/www.iemj.org\\\/wp-content\\\/uploads\\\/2021\\\/09\\\/Logo-IEMJ-Paypal.jpg\",\"width\":150,\"height\":50,\"caption\":\"Institut Europ\u00e9en des Musiques Juives\"},\"image\":{\"@id\":\"https:\\\/\\\/www.iemj.org\\\/es\\\/#\\\/schema\\\/logo\\\/image\\\/\"},\"sameAs\":[\"https:\\\/\\\/www.facebook.com\\\/MusiquesJuives\\\/\",\"https:\\\/\\\/www.instagram.com\\\/musiquesjuives\\\/\",\"https:\\\/\\\/www.youtube.com\\\/user\\\/musiquesjuives\"]},{\"@type\":\"Person\",\"@id\":\"https:\\\/\\\/www.iemj.org\\\/es\\\/#\\\/schema\\\/person\\\/e2ad57f2c4be119c7ed8ab79036807a9\",\"name\":\"Lea Couderc\",\"image\":{\"@type\":\"ImageObject\",\"inLanguage\":\"es\",\"@id\":\"https:\\\/\\\/secure.gravatar.com\\\/avatar\\\/46ee021475d60aeff17a7e490b79dea5a5684bb392ab7fd1494027411df8ba23?s=96&d=mm&r=g\",\"url\":\"https:\\\/\\\/secure.gravatar.com\\\/avatar\\\/46ee021475d60aeff17a7e490b79dea5a5684bb392ab7fd1494027411df8ba23?s=96&d=mm&r=g\",\"contentUrl\":\"https:\\\/\\\/secure.gravatar.com\\\/avatar\\\/46ee021475d60aeff17a7e490b79dea5a5684bb392ab7fd1494027411df8ba23?s=96&d=mm&r=g\",\"caption\":\"Lea Couderc\"}}]}<\/script>\n<!-- \/ Yoast SEO plugin. -->","yoast_head_json":{"title":"Chalude, Jacques, alias Ben Baruch (1914-1997) - Institut Europ\u00e9en des Musiques Juives","robots":{"index":"index","follow":"follow","max-snippet":"max-snippet:-1","max-image-preview":"max-image-preview:large","max-video-preview":"max-video-preview:-1"},"canonical":"https:\/\/www.iemj.org\/es\/chalude-jacques-dit-ben-baruch-1914-1997\/","og_locale":"es_ES","og_type":"article","og_title":"Chalude, Jacques, alias Ben Baruch (1914-1997) - Institut Europ\u00e9en des Musiques Juives","og_description":"Yitshak Zaludkowski naci\u00f3 el 20 de septiembre de 1914 en Staeiszyn, en la regi\u00f3n de Kalisc (Polonia), dentro de una familia religiosa. Su padre y su t\u00edo ambos son cantores,","og_url":"https:\/\/www.iemj.org\/es\/chalude-jacques-dit-ben-baruch-1914-1997\/","og_site_name":"Institut Europ\u00e9en des Musiques Juives","article_publisher":"https:\/\/www.facebook.com\/MusiquesJuives\/","article_published_time":"2015-12-14T15:18:42+00:00","article_modified_time":"2022-09-18T18:27:58+00:00","og_image":[{"width":164,"height":218,"url":"https:\/\/www.iemj.org\/wp-content\/uploads\/2015\/12\/arton1214-e1624970754699.png","type":"image\/png"}],"author":"Lea Couderc","twitter_card":"summary_large_image","twitter_misc":{"Escrito por":"Lea Couderc","Tiempo de lectura":"2 minutos"},"schema":{"@context":"https:\/\/schema.org","@graph":[{"@type":"Article","@id":"https:\/\/www.iemj.org\/es\/chalude-jacques-dit-ben-baruch-1914-1997\/#article","isPartOf":{"@id":"https:\/\/www.iemj.org\/es\/chalude-jacques-dit-ben-baruch-1914-1997\/"},"author":{"name":"Lea Couderc","@id":"https:\/\/www.iemj.org\/es\/#\/schema\/person\/e2ad57f2c4be119c7ed8ab79036807a9"},"headline":"Chalude, Jacques, alias Ben Baruch (1914-1997)","datePublished":"2015-12-14T15:18:42+00:00","dateModified":"2022-09-18T18:27:58+00:00","mainEntityOfPage":{"@id":"https:\/\/www.iemj.org\/es\/chalude-jacques-dit-ben-baruch-1914-1997\/"},"wordCount":355,"publisher":{"@id":"https:\/\/www.iemj.org\/es\/#organization"},"image":{"@id":"https:\/\/www.iemj.org\/es\/chalude-jacques-dit-ben-baruch-1914-1997\/#primaryimage"},"thumbnailUrl":"https:\/\/www.iemj.org\/wp-content\/uploads\/2015\/12\/arton1214-e1624970754699.png","articleSection":["Biograf\u00edas"],"inLanguage":"es"},{"@type":"WebPage","@id":"https:\/\/www.iemj.org\/es\/chalude-jacques-dit-ben-baruch-1914-1997\/","url":"https:\/\/www.iemj.org\/es\/chalude-jacques-dit-ben-baruch-1914-1997\/","name":"Chalude, Jacques, alias Ben Baruch (1914-1997) - Institut Europ\u00e9en des Musiques Juives","isPartOf":{"@id":"https:\/\/www.iemj.org\/es\/#website"},"primaryImageOfPage":{"@id":"https:\/\/www.iemj.org\/es\/chalude-jacques-dit-ben-baruch-1914-1997\/#primaryimage"},"image":{"@id":"https:\/\/www.iemj.org\/es\/chalude-jacques-dit-ben-baruch-1914-1997\/#primaryimage"},"thumbnailUrl":"https:\/\/www.iemj.org\/wp-content\/uploads\/2015\/12\/arton1214-e1624970754699.png","datePublished":"2015-12-14T15:18:42+00:00","dateModified":"2022-09-18T18:27:58+00:00","breadcrumb":{"@id":"https:\/\/www.iemj.org\/es\/chalude-jacques-dit-ben-baruch-1914-1997\/#breadcrumb"},"inLanguage":"es","potentialAction":[{"@type":"ReadAction","target":["https:\/\/www.iemj.org\/es\/chalude-jacques-dit-ben-baruch-1914-1997\/"]}]},{"@type":"ImageObject","inLanguage":"es","@id":"https:\/\/www.iemj.org\/es\/chalude-jacques-dit-ben-baruch-1914-1997\/#primaryimage","url":"https:\/\/www.iemj.org\/wp-content\/uploads\/2015\/12\/arton1214-e1624970754699.png","contentUrl":"https:\/\/www.iemj.org\/wp-content\/uploads\/2015\/12\/arton1214-e1624970754699.png","width":164,"height":218},{"@type":"BreadcrumbList","@id":"https:\/\/www.iemj.org\/es\/chalude-jacques-dit-ben-baruch-1914-1997\/#breadcrumb","itemListElement":[{"@type":"ListItem","position":1,"name":"Accueil","item":"https:\/\/www.iemj.org\/es\/"},{"@type":"ListItem","position":2,"name":"Chalude, Jacques, alias Ben Baruch (1914-1997)"}]},{"@type":"WebSite","@id":"https:\/\/www.iemj.org\/es\/#website","url":"https:\/\/www.iemj.org\/es\/","name":"Institut Europ\u00e9en des Musiques Juives","description":"Des traditions musicales \u00e0 la port\u00e9e de tous","publisher":{"@id":"https:\/\/www.iemj.org\/es\/#organization"},"potentialAction":[{"@type":"SearchAction","target":{"@type":"EntryPoint","urlTemplate":"https:\/\/www.iemj.org\/es\/?s={search_term_string}"},"query-input":{"@type":"PropertyValueSpecification","valueRequired":true,"valueName":"search_term_string"}}],"inLanguage":"es"},{"@type":"Organization","@id":"https:\/\/www.iemj.org\/es\/#organization","name":"Institut Europ\u00e9en des Musiques Juives","url":"https:\/\/www.iemj.org\/es\/","logo":{"@type":"ImageObject","inLanguage":"es","@id":"https:\/\/www.iemj.org\/es\/#\/schema\/logo\/image\/","url":"https:\/\/www.iemj.org\/wp-content\/uploads\/2021\/09\/Logo-IEMJ-Paypal.jpg","contentUrl":"https:\/\/www.iemj.org\/wp-content\/uploads\/2021\/09\/Logo-IEMJ-Paypal.jpg","width":150,"height":50,"caption":"Institut Europ\u00e9en des Musiques Juives"},"image":{"@id":"https:\/\/www.iemj.org\/es\/#\/schema\/logo\/image\/"},"sameAs":["https:\/\/www.facebook.com\/MusiquesJuives\/","https:\/\/www.instagram.com\/musiquesjuives\/","https:\/\/www.youtube.com\/user\/musiquesjuives"]},{"@type":"Person","@id":"https:\/\/www.iemj.org\/es\/#\/schema\/person\/e2ad57f2c4be119c7ed8ab79036807a9","name":"Lea Couderc","image":{"@type":"ImageObject","inLanguage":"es","@id":"https:\/\/secure.gravatar.com\/avatar\/46ee021475d60aeff17a7e490b79dea5a5684bb392ab7fd1494027411df8ba23?s=96&d=mm&r=g","url":"https:\/\/secure.gravatar.com\/avatar\/46ee021475d60aeff17a7e490b79dea5a5684bb392ab7fd1494027411df8ba23?s=96&d=mm&r=g","contentUrl":"https:\/\/secure.gravatar.com\/avatar\/46ee021475d60aeff17a7e490b79dea5a5684bb392ab7fd1494027411df8ba23?s=96&d=mm&r=g","caption":"Lea Couderc"}}]}},"_links":{"self":[{"href":"https:\/\/www.iemj.org\/es\/wp-json\/wp\/v2\/posts\/87423","targetHints":{"allow":["GET"]}}],"collection":[{"href":"https:\/\/www.iemj.org\/es\/wp-json\/wp\/v2\/posts"}],"about":[{"href":"https:\/\/www.iemj.org\/es\/wp-json\/wp\/v2\/types\/post"}],"author":[{"embeddable":true,"href":"https:\/\/www.iemj.org\/es\/wp-json\/wp\/v2\/users\/1052"}],"replies":[{"embeddable":true,"href":"https:\/\/www.iemj.org\/es\/wp-json\/wp\/v2\/comments?post=87423"}],"version-history":[{"count":0,"href":"https:\/\/www.iemj.org\/es\/wp-json\/wp\/v2\/posts\/87423\/revisions"}],"wp:featuredmedia":[{"embeddable":true,"href":"https:\/\/www.iemj.org\/es\/wp-json\/wp\/v2\/media\/51559"}],"wp:attachment":[{"href":"https:\/\/www.iemj.org\/es\/wp-json\/wp\/v2\/media?parent=87423"}],"wp:term":[{"taxonomy":"category","embeddable":true,"href":"https:\/\/www.iemj.org\/es\/wp-json\/wp\/v2\/categories?post=87423"},{"taxonomy":"post_tag","embeddable":true,"href":"https:\/\/www.iemj.org\/es\/wp-json\/wp\/v2\/tags?post=87423"},{"taxonomy":"technique","embeddable":true,"href":"https:\/\/www.iemj.org\/es\/wp-json\/wp\/v2\/technique?post=87423"},{"taxonomy":"squelettes","embeddable":true,"href":"https:\/\/www.iemj.org\/es\/wp-json\/wp\/v2\/squelettes?post=87423"},{"taxonomy":"sujet","embeddable":true,"href":"https:\/\/www.iemj.org\/es\/wp-json\/wp\/v2\/sujet?post=87423"},{"taxonomy":"formation","embeddable":true,"href":"https:\/\/www.iemj.org\/es\/wp-json\/wp\/v2\/formation?post=87423"},{"taxonomy":"genre","embeddable":true,"href":"https:\/\/www.iemj.org\/es\/wp-json\/wp\/v2\/genre?post=87423"},{"taxonomy":"fonds","embeddable":true,"href":"https:\/\/www.iemj.org\/es\/wp-json\/wp\/v2\/fonds?post=87423"},{"taxonomy":"tradition","embeddable":true,"href":"https:\/\/www.iemj.org\/es\/wp-json\/wp\/v2\/tradition?post=87423"},{"taxonomy":"type-de-contenu","embeddable":true,"href":"https:\/\/www.iemj.org\/es\/wp-json\/wp\/v2\/type-de-contenu?post=87423"},{"taxonomy":"interprete-compositeur","embeddable":true,"href":"https:\/\/www.iemj.org\/es\/wp-json\/wp\/v2\/interprete-compositeur?post=87423"},{"taxonomy":"frise","embeddable":true,"href":"https:\/\/www.iemj.org\/es\/wp-json\/wp\/v2\/frise?post=87423"},{"taxonomy":"type-devenement","embeddable":true,"href":"https:\/\/www.iemj.org\/es\/wp-json\/wp\/v2\/type-devenement?post=87423"},{"taxonomy":"tableaux-liens-externes","embeddable":true,"href":"https:\/\/www.iemj.org\/es\/wp-json\/wp\/v2\/tableaux-liens-externes?post=87423"}],"curies":[{"name":"wp","href":"https:\/\/api.w.org\/{rel}","templated":true}]}}