{"id":87522,"date":"2020-02-04T12:33:24","date_gmt":"2020-02-04T11:33:24","guid":{"rendered":"https:\/\/www.iemj.org\/cohen-judith\/"},"modified":"2025-09-10T16:24:21","modified_gmt":"2025-09-10T14:24:21","slug":"cohen-judith","status":"publish","type":"post","link":"https:\/\/www.iemj.org\/es\/cohen-judith\/","title":{"rendered":"Cohen, Judith"},"content":{"rendered":"<p class=\"Standard\" style=\"text-align: justify; text-justify: inter-ideograph;\"><span lang=\"ES\">Cantante, int\u00e9rprete de instrumentos medievales y de instrumentos folcl\u00f3ricos tradicionales, etnomusic\u00f3loga y profesora de universidad, Judith Cohen naci\u00f3 en Montreal el 9 de diciembre de 1949.<\/span><\/p>\n<p class=\"Standard\" style=\"text-align: justify; text-justify: inter-ideograph;\"><span lang=\"ES\">En los a\u00f1os 1970, viaj\u00f3 varias veces (Canad\u00e1 franc\u00f3fono, Europa del Este, Espa\u00f1a, Portugal, Marruecos, Turqu\u00eda&#8230;) que le permitieron impregnarse de los distintos repertorios musicales, como la m\u00fasica y los bailes de los Balcanes, las m\u00fasicas regionales de Espa\u00f1a y Portugal, las canciones de Canad\u00e1 franc\u00f3fono (Quebec, Acadia, Franco-Ontario&#8230;), las canciones en yidis (lengua de sus abuelos), el judeoespa\u00f1ol&#8230;<\/span><\/p>\n<p><img fetchpriority=\"high\" decoding=\"async\" class=\" alignright size-full wp-image-27021\" src=\"https:\/\/www.iemj.org\/wp-content\/uploads\/2020\/02\/gerineldo_sous-titree.jpg\" alt=\"gerineldo_sous-titree.jpg\" width=\"280\" height=\"189\" align=\"right\" \/>En los a\u00f1os 1980, cant\u00f3 un repertorio de las m\u00fasicas tradicionales judeoespa\u00f1olas de Marruecos y toc\u00f3 varios instrumentos de cuerdas dentro del grupo <a href=\"https:\/\/www.cjnews.com\/en-francais\/le-grand-retour-sur-scene-de-gerineldo\">Gerineldo<\/a>, dirigido y fundado por Oro Anahory-Librowicz en 1981, con Kelly Sultan Amar y el famoso <a href=\"https:\/\/www.iemj.org\/es\/levy-solly-1939-2020\/\">Solly L\u00e9vy<\/a>. Luego, el violinista, oudista y percusionista Charly Edry se uni\u00f3 al grupo que actu\u00f3 en el mundo entero.<\/p>\n<p class=\"Standard\" style=\"text-align: justify; text-justify: inter-ideograph;\"><span lang=\"ES\">En 1980, Judith Cohen defendi\u00f3 su tesina de M\u00e1ster sobre <i>El Papel de las Mujeres-M\u00fasicas en la Espa\u00f1a Medieval en las Comunidades Cristiana, Jud\u00eda y Musulmana<\/i> (Universidad de Montreal), y en 1989, una tesis doctoral sobre <i>El canto judeoespa\u00f1ol en las comunidades sefard\u00edes de Montreal y Toronto<\/i> (Universidad de Montreal).<\/span><\/p>\n<p><img decoding=\"async\" class=\" alignleft size-full wp-image-27023\" src=\"https:\/\/www.iemj.org\/wp-content\/uploads\/2020\/02\/judith_cohen_avec_sa_fille_tamar_illana_sous_titree_250px_larg.jpg\" alt=\"judith_cohen_avec_sa_fille_tamar_illana_sous_titree_250px_larg.jpg\" width=\"250\" height=\"195\" align=\"left\" \/>Los veranos, continu\u00f3 sus viajes, principalmente a Espa\u00f1a, Turqu\u00eda, Grecia y a Israel, acompa\u00f1ada por su hija <a href=\"https:\/\/www.iemj.org\/en\/tamar-ilana-the-sefardi-judy-garland\/\" target=\"_blank\" rel=\"noopener\">Tamar Ilana<\/a>, que inici\u00f3 su carrera sobre las tablas a partir de los 4 o 5 a\u00f1os.<\/p>\n<p class=\"Standard\" style=\"text-align: justify; text-justify: inter-ideograph;\"><span lang=\"ES\">De 1977 a 1982, Judith Cohen ense\u00f1\u00f3 en la Universidad Concordia, y en escuelas de la junta escolar de Toronto como profesora itinerante; dirigi\u00f3 varios talleres, seminarios y clases especiales para ni\u00f1os y adultos. En 1991, disfrutando de una beca de investigaci\u00f3n de la Universidad de Toronto, sigui\u00f3 estudios postdoctorales sobre el canto judeoespa\u00f1ol mientras segu\u00eda dando clases en la Universidad York de Toronto. Una parte de sus investigaciones se centra en el papel de la m\u00fasica en los<\/span><\/p>\n<p class=\"Standard\" style=\"text-align: justify; text-justify: inter-ideograph;\"><span lang=\"ES\">Desde la d\u00e9cada de 2000, sigue sus investigaciones etnomusicol\u00f3gicas, y especialmente sobre la comparaci\u00f3n de los temas de las canciones en yidis y judeoespa\u00f1olas. Tambi\u00e9n es investigadora asociada con las universidades Carlton (Ottawa), Concordia (Montreal), Haifa (Israel) y el INET (Portugal).<\/span><\/p>\n<p><img decoding=\"async\" class=\" alignright size-full wp-image-27025\" src=\"https:\/\/www.iemj.org\/wp-content\/uploads\/2020\/02\/ensemble_medieval_sans_cuer_sous-titree_240px_vertic.jpg\" alt=\"ensemble_medieval_sans_cuer_sous-titree_240px_vertic.jpg\" width=\"188\" height=\"240\" align=\"right\" \/>Excel<span lang=\"ES\">ente int\u00e9rprete, Judith Cohen sigue dando recitales de canto y conferencias ilustradas sobre las tradiciones judeoespa\u00f1olas, yidis, espa\u00f1olas, canadienses, francesas, balc\u00e1nicas y medievales, acompa\u00f1\u00e1ndose como antes, con el oud, la darbuka, el dulcimer de monta\u00f1a y con otros antiguos instrumentos de viento y de cuerda.<\/span><\/p>\n<p class=\"Standard\" style=\"text-align: justify; text-justify: inter-ideograph;\"><span lang=\"ES\">Judith Cohen encuentra su inspiraci\u00f3n en sus numerosos viajes que realiz\u00f3 a lo largo de su vida. \u201cViaj\u00e9 much\u00edsimo, durante muchos a\u00f1os. Nunca se aburre uno en un viaje.\u201d dijo ella.<\/span><\/p>\n<p><span style=\"color: #3366ff;\"><a style=\"color: #3366ff;\" href=\"https:\/\/www.judithcohen.ca\/\" target=\"_blank\" rel=\"noopener\"><span lang=\"ES\">Visitar la p\u00e1gina web de Judith Cohen<\/span><\/a><\/span><br \/><span style=\"color: #3366ff;\"><a style=\"color: #3366ff;\" href=\"http:\/\/www.rachelnet.net\/F\/?func=find-c&amp;ccl_term=WRD+%3D+Cohen+AND+WRD+%3D+Judith&amp;local_base=iemcg\" target=\"_blank\" rel=\"noopener\"><span lang=\"ES\">Consultar los archivos sobre Judith Cohen<\/span><\/a><\/span><\/p>\n\n\n<h2 class=\"wp-block-heading\"><\/h2>\n\n\n<div class=\"wp-block-image\">\n<figure class=\"aligncenter size-large\"><img loading=\"lazy\" decoding=\"async\" width=\"1024\" height=\"133\" src=\"https:\/\/www.iemj.org\/wp-content\/uploads\/2024\/03\/AUDIO-PLAYER-1024x133.png\" alt=\"\" class=\"wp-image-110610\" srcset=\"https:\/\/www.iemj.org\/wp-content\/uploads\/2024\/03\/AUDIO-PLAYER-1024x133.png 1024w, https:\/\/www.iemj.org\/wp-content\/uploads\/2024\/03\/AUDIO-PLAYER-300x39.png 300w, https:\/\/www.iemj.org\/wp-content\/uploads\/2024\/03\/AUDIO-PLAYER-768x100.png 768w, https:\/\/www.iemj.org\/wp-content\/uploads\/2024\/03\/AUDIO-PLAYER-600x78.png 600w, https:\/\/www.iemj.org\/wp-content\/uploads\/2024\/03\/AUDIO-PLAYER.png 1210w\" sizes=\"(max-width: 1024px) 100vw, 1024px\" \/><\/figure>\n<\/div>\n\n\n<div class=\"wp-block-file\"><a id=\"wp-block-file--media-e5f0a498-b8d2-441e-9a65-12e9fffb9e1e\" href=\"https:\/\/www.iemj.org\/wp-content\/uploads\/2020\/02\/1_primavera_en_salonica_extrait_.mp3\">1) Primavera en Sal\u00f3nica (Extrait)<\/a><\/div>\n\n\n\n<div class=\"wp-block-file\"><a id=\"wp-block-file--media-ca018f81-bafc-4f46-b471-92f698db2ea1\" href=\"https:\/\/www.iemj.org\/wp-content\/uploads\/2020\/02\/2_por_autrui_movrai_mon_chant_extrait_.mp3\">2) Por Autrui Movrai mon Chant (Extrait)<\/a><\/div>\n\n\n\n<div class=\"wp-block-file\"><a id=\"wp-block-file--media-34b4bbd7-774e-4d74-b318-1fd97db264d1\" href=\"https:\/\/www.iemj.org\/wp-content\/uploads\/2020\/02\/3_cantar_de_hilula_extrait_-_gerineldo.mp3\">3) Cantar de Hilul\u00e1 (Extrait) &#8211; Gerineldo<\/a><\/div>\n\n\n\n<div class=\"wp-block-file\"><a id=\"wp-block-file--media-d717891b-a9d4-4345-8221-42f6a8f39017\" href=\"https:\/\/www.iemj.org\/wp-content\/uploads\/2020\/02\/4_las_prendas_del_ajuar_extrait_-_gerineldo.mp3\">4) Las prendas del ajuar (Extrait) &#8211; Gerineldo<\/a><\/div>\n\n\n\n<div class=\"wp-block-file\"><a id=\"wp-block-file--media-f3507db3-6dce-4af1-afec-a1f401f2966e\" href=\"https:\/\/www.iemj.org\/wp-content\/uploads\/2020\/02\/5_la_cima_ao_castelo_extrait_.mp3\">5) L\u00e1 Cima Ao castelo (Extrait)<\/a><\/div>\n","protected":false},"excerpt":{"rendered":"<p>Cantante, int\u00e9rprete de instrumentos medievales y de instrumentos folcl\u00f3ricos tradicionales, etnomusic\u00f3loga y profesora de universidad, Judith Cohen naci\u00f3 en Montreal el 9 de diciembre de 1949. En los a\u00f1os 1970,<\/p>\n","protected":false},"author":1045,"featured_media":87523,"comment_status":"closed","ping_status":"closed","sticky":false,"template":"","format":"standard","meta":{"_acf_changed":false,"footnotes":""},"categories":[1417],"tags":[],"technique":[],"squelettes":[],"sujet":[],"formation":[],"genre":[1889],"fonds":[],"tradition":[],"type-de-contenu":[],"interprete-compositeur":[],"frise":[],"type-devenement":[],"tableaux-liens-externes":[],"class_list":["post-87522","post","type-post","status-publish","format-standard","has-post-thumbnail","hentry","category-biografias-es","genre-judeo-espanol-es"],"acf":[],"yoast_head":"<!-- This site is optimized with the Yoast SEO plugin v27.3 - https:\/\/yoast.com\/product\/yoast-seo-wordpress\/ -->\n<title>Cohen, Judith - Institut Europ\u00e9en des Musiques Juives<\/title>\n<meta name=\"robots\" content=\"index, follow, max-snippet:-1, max-image-preview:large, max-video-preview:-1\" \/>\n<link rel=\"canonical\" href=\"https:\/\/www.iemj.org\/es\/cohen-judith\/\" \/>\n<meta property=\"og:locale\" content=\"es_ES\" \/>\n<meta property=\"og:type\" content=\"article\" \/>\n<meta property=\"og:title\" content=\"Cohen, Judith - Institut Europ\u00e9en des Musiques Juives\" \/>\n<meta property=\"og:description\" content=\"Cantante, int\u00e9rprete de instrumentos medievales y de instrumentos folcl\u00f3ricos tradicionales, etnomusic\u00f3loga y profesora de universidad, Judith Cohen naci\u00f3 en Montreal el 9 de diciembre de 1949. En los a\u00f1os 1970,\" \/>\n<meta property=\"og:url\" content=\"https:\/\/www.iemj.org\/es\/cohen-judith\/\" \/>\n<meta property=\"og:site_name\" content=\"Institut Europ\u00e9en des Musiques Juives\" \/>\n<meta property=\"article:publisher\" content=\"https:\/\/www.facebook.com\/MusiquesJuives\/\" \/>\n<meta property=\"article:published_time\" content=\"2020-02-04T11:33:24+00:00\" \/>\n<meta property=\"article:modified_time\" content=\"2025-09-10T14:24:21+00:00\" \/>\n<meta property=\"og:image\" content=\"https:\/\/www.iemj.org\/wp-content\/uploads\/2020\/02\/arton4530-e1617013752805.jpg\" \/>\n\t<meta property=\"og:image:width\" content=\"244\" \/>\n\t<meta property=\"og:image:height\" content=\"218\" \/>\n\t<meta property=\"og:image:type\" content=\"image\/jpeg\" \/>\n<meta name=\"author\" content=\"Herv\u00e9 Roten\" \/>\n<meta name=\"twitter:card\" content=\"summary_large_image\" \/>\n<meta name=\"twitter:label1\" content=\"Escrito por\" \/>\n\t<meta name=\"twitter:data1\" content=\"Herv\u00e9 Roten\" \/>\n\t<meta name=\"twitter:label2\" content=\"Tiempo de lectura\" \/>\n\t<meta name=\"twitter:data2\" content=\"4 minutos\" \/>\n<script type=\"application\/ld+json\" class=\"yoast-schema-graph\">{\"@context\":\"https:\\\/\\\/schema.org\",\"@graph\":[{\"@type\":\"Article\",\"@id\":\"https:\\\/\\\/www.iemj.org\\\/es\\\/cohen-judith\\\/#article\",\"isPartOf\":{\"@id\":\"https:\\\/\\\/www.iemj.org\\\/es\\\/cohen-judith\\\/\"},\"author\":{\"name\":\"Herv\u00e9 Roten\",\"@id\":\"https:\\\/\\\/www.iemj.org\\\/es\\\/#\\\/schema\\\/person\\\/906134402c29d5c76e7b726261dd4bbd\"},\"headline\":\"Cohen, Judith\",\"datePublished\":\"2020-02-04T11:33:24+00:00\",\"dateModified\":\"2025-09-10T14:24:21+00:00\",\"mainEntityOfPage\":{\"@id\":\"https:\\\/\\\/www.iemj.org\\\/es\\\/cohen-judith\\\/\"},\"wordCount\":501,\"publisher\":{\"@id\":\"https:\\\/\\\/www.iemj.org\\\/es\\\/#organization\"},\"image\":{\"@id\":\"https:\\\/\\\/www.iemj.org\\\/es\\\/cohen-judith\\\/#primaryimage\"},\"thumbnailUrl\":\"https:\\\/\\\/www.iemj.org\\\/wp-content\\\/uploads\\\/2020\\\/02\\\/arton4530-e1617013752805.jpg\",\"articleSection\":[\"Biograf\u00edas\"],\"inLanguage\":\"es\"},{\"@type\":\"WebPage\",\"@id\":\"https:\\\/\\\/www.iemj.org\\\/es\\\/cohen-judith\\\/\",\"url\":\"https:\\\/\\\/www.iemj.org\\\/es\\\/cohen-judith\\\/\",\"name\":\"Cohen, Judith - Institut Europ\u00e9en des Musiques Juives\",\"isPartOf\":{\"@id\":\"https:\\\/\\\/www.iemj.org\\\/es\\\/#website\"},\"primaryImageOfPage\":{\"@id\":\"https:\\\/\\\/www.iemj.org\\\/es\\\/cohen-judith\\\/#primaryimage\"},\"image\":{\"@id\":\"https:\\\/\\\/www.iemj.org\\\/es\\\/cohen-judith\\\/#primaryimage\"},\"thumbnailUrl\":\"https:\\\/\\\/www.iemj.org\\\/wp-content\\\/uploads\\\/2020\\\/02\\\/arton4530-e1617013752805.jpg\",\"datePublished\":\"2020-02-04T11:33:24+00:00\",\"dateModified\":\"2025-09-10T14:24:21+00:00\",\"breadcrumb\":{\"@id\":\"https:\\\/\\\/www.iemj.org\\\/es\\\/cohen-judith\\\/#breadcrumb\"},\"inLanguage\":\"es\",\"potentialAction\":[{\"@type\":\"ReadAction\",\"target\":[\"https:\\\/\\\/www.iemj.org\\\/es\\\/cohen-judith\\\/\"]}]},{\"@type\":\"ImageObject\",\"inLanguage\":\"es\",\"@id\":\"https:\\\/\\\/www.iemj.org\\\/es\\\/cohen-judith\\\/#primaryimage\",\"url\":\"https:\\\/\\\/www.iemj.org\\\/wp-content\\\/uploads\\\/2020\\\/02\\\/arton4530-e1617013752805.jpg\",\"contentUrl\":\"https:\\\/\\\/www.iemj.org\\\/wp-content\\\/uploads\\\/2020\\\/02\\\/arton4530-e1617013752805.jpg\",\"width\":244,\"height\":218},{\"@type\":\"BreadcrumbList\",\"@id\":\"https:\\\/\\\/www.iemj.org\\\/es\\\/cohen-judith\\\/#breadcrumb\",\"itemListElement\":[{\"@type\":\"ListItem\",\"position\":1,\"name\":\"Accueil\",\"item\":\"https:\\\/\\\/www.iemj.org\\\/es\\\/\"},{\"@type\":\"ListItem\",\"position\":2,\"name\":\"Cohen, Judith\"}]},{\"@type\":\"WebSite\",\"@id\":\"https:\\\/\\\/www.iemj.org\\\/es\\\/#website\",\"url\":\"https:\\\/\\\/www.iemj.org\\\/es\\\/\",\"name\":\"Institut Europ\u00e9en des Musiques Juives\",\"description\":\"Des traditions musicales \u00e0 la port\u00e9e de tous\",\"publisher\":{\"@id\":\"https:\\\/\\\/www.iemj.org\\\/es\\\/#organization\"},\"potentialAction\":[{\"@type\":\"SearchAction\",\"target\":{\"@type\":\"EntryPoint\",\"urlTemplate\":\"https:\\\/\\\/www.iemj.org\\\/es\\\/?s={search_term_string}\"},\"query-input\":{\"@type\":\"PropertyValueSpecification\",\"valueRequired\":true,\"valueName\":\"search_term_string\"}}],\"inLanguage\":\"es\"},{\"@type\":\"Organization\",\"@id\":\"https:\\\/\\\/www.iemj.org\\\/es\\\/#organization\",\"name\":\"Institut Europ\u00e9en des Musiques Juives\",\"url\":\"https:\\\/\\\/www.iemj.org\\\/es\\\/\",\"logo\":{\"@type\":\"ImageObject\",\"inLanguage\":\"es\",\"@id\":\"https:\\\/\\\/www.iemj.org\\\/es\\\/#\\\/schema\\\/logo\\\/image\\\/\",\"url\":\"https:\\\/\\\/www.iemj.org\\\/wp-content\\\/uploads\\\/2021\\\/09\\\/Logo-IEMJ-Paypal.jpg\",\"contentUrl\":\"https:\\\/\\\/www.iemj.org\\\/wp-content\\\/uploads\\\/2021\\\/09\\\/Logo-IEMJ-Paypal.jpg\",\"width\":150,\"height\":50,\"caption\":\"Institut Europ\u00e9en des Musiques Juives\"},\"image\":{\"@id\":\"https:\\\/\\\/www.iemj.org\\\/es\\\/#\\\/schema\\\/logo\\\/image\\\/\"},\"sameAs\":[\"https:\\\/\\\/www.facebook.com\\\/MusiquesJuives\\\/\",\"https:\\\/\\\/www.instagram.com\\\/musiquesjuives\\\/\",\"https:\\\/\\\/www.youtube.com\\\/user\\\/musiquesjuives\"]},{\"@type\":\"Person\",\"@id\":\"https:\\\/\\\/www.iemj.org\\\/es\\\/#\\\/schema\\\/person\\\/906134402c29d5c76e7b726261dd4bbd\",\"name\":\"Herv\u00e9 Roten\",\"image\":{\"@type\":\"ImageObject\",\"inLanguage\":\"es\",\"@id\":\"https:\\\/\\\/secure.gravatar.com\\\/avatar\\\/f96ad2db538a26481f18384936b5cd0610c92d390c4dc382209216d455f685ff?s=96&d=mm&r=g\",\"url\":\"https:\\\/\\\/secure.gravatar.com\\\/avatar\\\/f96ad2db538a26481f18384936b5cd0610c92d390c4dc382209216d455f685ff?s=96&d=mm&r=g\",\"contentUrl\":\"https:\\\/\\\/secure.gravatar.com\\\/avatar\\\/f96ad2db538a26481f18384936b5cd0610c92d390c4dc382209216d455f685ff?s=96&d=mm&r=g\",\"caption\":\"Herv\u00e9 Roten\"}}]}<\/script>\n<!-- \/ Yoast SEO plugin. -->","yoast_head_json":{"title":"Cohen, Judith - Institut Europ\u00e9en des Musiques Juives","robots":{"index":"index","follow":"follow","max-snippet":"max-snippet:-1","max-image-preview":"max-image-preview:large","max-video-preview":"max-video-preview:-1"},"canonical":"https:\/\/www.iemj.org\/es\/cohen-judith\/","og_locale":"es_ES","og_type":"article","og_title":"Cohen, Judith - Institut Europ\u00e9en des Musiques Juives","og_description":"Cantante, int\u00e9rprete de instrumentos medievales y de instrumentos folcl\u00f3ricos tradicionales, etnomusic\u00f3loga y profesora de universidad, Judith Cohen naci\u00f3 en Montreal el 9 de diciembre de 1949. En los a\u00f1os 1970,","og_url":"https:\/\/www.iemj.org\/es\/cohen-judith\/","og_site_name":"Institut Europ\u00e9en des Musiques Juives","article_publisher":"https:\/\/www.facebook.com\/MusiquesJuives\/","article_published_time":"2020-02-04T11:33:24+00:00","article_modified_time":"2025-09-10T14:24:21+00:00","og_image":[{"width":244,"height":218,"url":"https:\/\/www.iemj.org\/wp-content\/uploads\/2020\/02\/arton4530-e1617013752805.jpg","type":"image\/jpeg"}],"author":"Herv\u00e9 Roten","twitter_card":"summary_large_image","twitter_misc":{"Escrito por":"Herv\u00e9 Roten","Tiempo de lectura":"4 minutos"},"schema":{"@context":"https:\/\/schema.org","@graph":[{"@type":"Article","@id":"https:\/\/www.iemj.org\/es\/cohen-judith\/#article","isPartOf":{"@id":"https:\/\/www.iemj.org\/es\/cohen-judith\/"},"author":{"name":"Herv\u00e9 Roten","@id":"https:\/\/www.iemj.org\/es\/#\/schema\/person\/906134402c29d5c76e7b726261dd4bbd"},"headline":"Cohen, Judith","datePublished":"2020-02-04T11:33:24+00:00","dateModified":"2025-09-10T14:24:21+00:00","mainEntityOfPage":{"@id":"https:\/\/www.iemj.org\/es\/cohen-judith\/"},"wordCount":501,"publisher":{"@id":"https:\/\/www.iemj.org\/es\/#organization"},"image":{"@id":"https:\/\/www.iemj.org\/es\/cohen-judith\/#primaryimage"},"thumbnailUrl":"https:\/\/www.iemj.org\/wp-content\/uploads\/2020\/02\/arton4530-e1617013752805.jpg","articleSection":["Biograf\u00edas"],"inLanguage":"es"},{"@type":"WebPage","@id":"https:\/\/www.iemj.org\/es\/cohen-judith\/","url":"https:\/\/www.iemj.org\/es\/cohen-judith\/","name":"Cohen, Judith - Institut Europ\u00e9en des Musiques Juives","isPartOf":{"@id":"https:\/\/www.iemj.org\/es\/#website"},"primaryImageOfPage":{"@id":"https:\/\/www.iemj.org\/es\/cohen-judith\/#primaryimage"},"image":{"@id":"https:\/\/www.iemj.org\/es\/cohen-judith\/#primaryimage"},"thumbnailUrl":"https:\/\/www.iemj.org\/wp-content\/uploads\/2020\/02\/arton4530-e1617013752805.jpg","datePublished":"2020-02-04T11:33:24+00:00","dateModified":"2025-09-10T14:24:21+00:00","breadcrumb":{"@id":"https:\/\/www.iemj.org\/es\/cohen-judith\/#breadcrumb"},"inLanguage":"es","potentialAction":[{"@type":"ReadAction","target":["https:\/\/www.iemj.org\/es\/cohen-judith\/"]}]},{"@type":"ImageObject","inLanguage":"es","@id":"https:\/\/www.iemj.org\/es\/cohen-judith\/#primaryimage","url":"https:\/\/www.iemj.org\/wp-content\/uploads\/2020\/02\/arton4530-e1617013752805.jpg","contentUrl":"https:\/\/www.iemj.org\/wp-content\/uploads\/2020\/02\/arton4530-e1617013752805.jpg","width":244,"height":218},{"@type":"BreadcrumbList","@id":"https:\/\/www.iemj.org\/es\/cohen-judith\/#breadcrumb","itemListElement":[{"@type":"ListItem","position":1,"name":"Accueil","item":"https:\/\/www.iemj.org\/es\/"},{"@type":"ListItem","position":2,"name":"Cohen, Judith"}]},{"@type":"WebSite","@id":"https:\/\/www.iemj.org\/es\/#website","url":"https:\/\/www.iemj.org\/es\/","name":"Institut Europ\u00e9en des Musiques Juives","description":"Des traditions musicales \u00e0 la port\u00e9e de tous","publisher":{"@id":"https:\/\/www.iemj.org\/es\/#organization"},"potentialAction":[{"@type":"SearchAction","target":{"@type":"EntryPoint","urlTemplate":"https:\/\/www.iemj.org\/es\/?s={search_term_string}"},"query-input":{"@type":"PropertyValueSpecification","valueRequired":true,"valueName":"search_term_string"}}],"inLanguage":"es"},{"@type":"Organization","@id":"https:\/\/www.iemj.org\/es\/#organization","name":"Institut Europ\u00e9en des Musiques Juives","url":"https:\/\/www.iemj.org\/es\/","logo":{"@type":"ImageObject","inLanguage":"es","@id":"https:\/\/www.iemj.org\/es\/#\/schema\/logo\/image\/","url":"https:\/\/www.iemj.org\/wp-content\/uploads\/2021\/09\/Logo-IEMJ-Paypal.jpg","contentUrl":"https:\/\/www.iemj.org\/wp-content\/uploads\/2021\/09\/Logo-IEMJ-Paypal.jpg","width":150,"height":50,"caption":"Institut Europ\u00e9en des Musiques Juives"},"image":{"@id":"https:\/\/www.iemj.org\/es\/#\/schema\/logo\/image\/"},"sameAs":["https:\/\/www.facebook.com\/MusiquesJuives\/","https:\/\/www.instagram.com\/musiquesjuives\/","https:\/\/www.youtube.com\/user\/musiquesjuives"]},{"@type":"Person","@id":"https:\/\/www.iemj.org\/es\/#\/schema\/person\/906134402c29d5c76e7b726261dd4bbd","name":"Herv\u00e9 Roten","image":{"@type":"ImageObject","inLanguage":"es","@id":"https:\/\/secure.gravatar.com\/avatar\/f96ad2db538a26481f18384936b5cd0610c92d390c4dc382209216d455f685ff?s=96&d=mm&r=g","url":"https:\/\/secure.gravatar.com\/avatar\/f96ad2db538a26481f18384936b5cd0610c92d390c4dc382209216d455f685ff?s=96&d=mm&r=g","contentUrl":"https:\/\/secure.gravatar.com\/avatar\/f96ad2db538a26481f18384936b5cd0610c92d390c4dc382209216d455f685ff?s=96&d=mm&r=g","caption":"Herv\u00e9 Roten"}}]}},"_links":{"self":[{"href":"https:\/\/www.iemj.org\/es\/wp-json\/wp\/v2\/posts\/87522","targetHints":{"allow":["GET"]}}],"collection":[{"href":"https:\/\/www.iemj.org\/es\/wp-json\/wp\/v2\/posts"}],"about":[{"href":"https:\/\/www.iemj.org\/es\/wp-json\/wp\/v2\/types\/post"}],"author":[{"embeddable":true,"href":"https:\/\/www.iemj.org\/es\/wp-json\/wp\/v2\/users\/1045"}],"replies":[{"embeddable":true,"href":"https:\/\/www.iemj.org\/es\/wp-json\/wp\/v2\/comments?post=87522"}],"version-history":[{"count":0,"href":"https:\/\/www.iemj.org\/es\/wp-json\/wp\/v2\/posts\/87522\/revisions"}],"wp:featuredmedia":[{"embeddable":true,"href":"https:\/\/www.iemj.org\/es\/wp-json\/wp\/v2\/media\/87523"}],"wp:attachment":[{"href":"https:\/\/www.iemj.org\/es\/wp-json\/wp\/v2\/media?parent=87522"}],"wp:term":[{"taxonomy":"category","embeddable":true,"href":"https:\/\/www.iemj.org\/es\/wp-json\/wp\/v2\/categories?post=87522"},{"taxonomy":"post_tag","embeddable":true,"href":"https:\/\/www.iemj.org\/es\/wp-json\/wp\/v2\/tags?post=87522"},{"taxonomy":"technique","embeddable":true,"href":"https:\/\/www.iemj.org\/es\/wp-json\/wp\/v2\/technique?post=87522"},{"taxonomy":"squelettes","embeddable":true,"href":"https:\/\/www.iemj.org\/es\/wp-json\/wp\/v2\/squelettes?post=87522"},{"taxonomy":"sujet","embeddable":true,"href":"https:\/\/www.iemj.org\/es\/wp-json\/wp\/v2\/sujet?post=87522"},{"taxonomy":"formation","embeddable":true,"href":"https:\/\/www.iemj.org\/es\/wp-json\/wp\/v2\/formation?post=87522"},{"taxonomy":"genre","embeddable":true,"href":"https:\/\/www.iemj.org\/es\/wp-json\/wp\/v2\/genre?post=87522"},{"taxonomy":"fonds","embeddable":true,"href":"https:\/\/www.iemj.org\/es\/wp-json\/wp\/v2\/fonds?post=87522"},{"taxonomy":"tradition","embeddable":true,"href":"https:\/\/www.iemj.org\/es\/wp-json\/wp\/v2\/tradition?post=87522"},{"taxonomy":"type-de-contenu","embeddable":true,"href":"https:\/\/www.iemj.org\/es\/wp-json\/wp\/v2\/type-de-contenu?post=87522"},{"taxonomy":"interprete-compositeur","embeddable":true,"href":"https:\/\/www.iemj.org\/es\/wp-json\/wp\/v2\/interprete-compositeur?post=87522"},{"taxonomy":"frise","embeddable":true,"href":"https:\/\/www.iemj.org\/es\/wp-json\/wp\/v2\/frise?post=87522"},{"taxonomy":"type-devenement","embeddable":true,"href":"https:\/\/www.iemj.org\/es\/wp-json\/wp\/v2\/type-devenement?post=87522"},{"taxonomy":"tableaux-liens-externes","embeddable":true,"href":"https:\/\/www.iemj.org\/es\/wp-json\/wp\/v2\/tableaux-liens-externes?post=87522"}],"curies":[{"name":"wp","href":"https:\/\/api.w.org\/{rel}","templated":true}]}}