{"id":87653,"date":"2020-02-26T12:52:03","date_gmt":"2020-02-26T11:52:03","guid":{"rendered":"https:\/\/www.iemj.org\/le-service-sacre-de-leon-algazi\/"},"modified":"2022-09-21T12:44:40","modified_gmt":"2022-09-21T10:44:40","slug":"le-service-sacre-de-leon-algazi","status":"publish","type":"post","link":"https:\/\/www.iemj.org\/es\/le-service-sacre-de-leon-algazi\/","title":{"rendered":"El Servicio Sagrado de L\u00e9on Algazi"},"content":{"rendered":"<p><em>El <\/em><em>Servicio Sagrado <\/em>de L\u00e9on Algazi, presentado en 1954 por el compositor en su programa lit\u00fargico y musical<em> Escucha<\/em><em> Israel<\/em>, fue grabado en ocho discos pyral 78 giras depositados en el IEMJ en 2019 por su nieta B\u00e9atrice Algazi.<\/p>\n<p><em>Escucha Israel<\/em><em> es<\/em> un programa de radio semanal de la ORTF, producido y presentado por <a href=\"https:\/\/www.iemj.org\/es\/algazi-leon-1890-1971\/\">L\u00e9on Algazi<\/a> entre 1948 y 1971. Sucedi\u00f3 al programa <em>La Voz de Israel<\/em> que \u00e9ste hab\u00eda creado en 1929.<\/p>\n<p>Este archivo nos permite escuchar la totalidad del <em>Servicio<\/em><em> Sagrado<\/em><em> del<\/em> s\u00e1bado por la ma\u00f1ana de L\u00e9on Algazi, para solistas, coro y \u00f3rgano, difundido por radio el 1 de enero de 1954. Los int\u00e9rpretes eran Marie-Louise Girot (\u00f3rgano), Emile Ka\u00e7mann (bajo), Eli Taub (tenor) y el conjunto vocal La Voz de Israel dirigido por L\u00e9on Algazi.<\/p>\n<p>El <em>Servicio<\/em><em> Sagrado <\/em><em>fue<\/em> compuesto a petici\u00f3n de la Sinagoga Emanu-EI de Nueva York y de su director de m\u00fasica, Sr Lazare Saminsky. L\u00e9on Algazi dirigi\u00f3 la primera representaci\u00f3n de su obra en febrero de 1952, en la Sinagoga Emanu-EI, durante un oficio del s\u00e1bado por la ma\u00f1ana.<\/p>\n<p>Para reconstituir la totalidad de la obra, hemos tenido que realizar un montaje. En efecto, los discos pyral no fueron grabados en el orden correcto: as\u00ed que el disco 3, por ejemplo, incluye la parte 5 en la cara A y la parte 7 en la cara B.<\/p>\n<p><img fetchpriority=\"high\" decoding=\"async\" class=\" aligncenter size-full wp-image-87661\" src=\"https:\/\/www.iemj.org\/wp-content\/uploads\/2020\/02\/doc_disque_3_500px.jpg\" alt=\"doc_disque_3_500px.jpg\" width=\"600\" height=\"349\" align=\"center\" srcset=\"https:\/\/www.iemj.org\/wp-content\/uploads\/2020\/02\/doc_disque_3_500px.jpg 600w, https:\/\/www.iemj.org\/wp-content\/uploads\/2020\/02\/doc_disque_3_500px-300x175.jpg 300w\" sizes=\"(max-width: 600px) 100vw, 600px\" \/><\/p>\n<p class=\"TableContents\" style=\"text-align: justify; text-justify: inter-ideograph;\"><b><span lang=\"ES\">Montaje de las pistas:<\/span><\/b><\/p>\n<p><img decoding=\"async\" class=\" aligncenter size-full wp-image-87662\" src=\"https:\/\/www.iemj.org\/wp-content\/uploads\/2020\/02\/session_premiere.jpg\" alt=\"session_premiere.jpg\" width=\"800\" height=\"60\" align=\"center\" srcset=\"https:\/\/www.iemj.org\/wp-content\/uploads\/2020\/02\/session_premiere.jpg 800w, https:\/\/www.iemj.org\/wp-content\/uploads\/2020\/02\/session_premiere-300x23.jpg 300w, https:\/\/www.iemj.org\/wp-content\/uploads\/2020\/02\/session_premiere-768x58.jpg 768w, https:\/\/www.iemj.org\/wp-content\/uploads\/2020\/02\/session_premiere-600x45.jpg 600w\" sizes=\"(max-width: 800px) 100vw, 800px\" \/><\/p>\n<p class=\"Textbody\" style=\"text-align: justify; text-justify: inter-ideograph;\"><span lang=\"ES\" style=\"color: #171717;\">Luego, los audios digitalizados han sido sometidos a una recuperaci\u00f3n con las herramientas del IEMJ para mejorar la escucha.<\/span><\/p>\n<h3><strong><span lang=\"ES\" style=\"font-size: 12.0pt; color: #171717;\">Algunos detalles sobre los discos \u201cpyral\u201d o \u201cdisco a grabado directo\u201d:<\/span><\/strong><\/h3>\n<p><img decoding=\"async\" class=\"wp-image-87663 alignright\" src=\"https:\/\/www.iemj.org\/wp-content\/uploads\/2020\/02\/disque_pyral_500px.jpg\" alt=\"disque_pyral_500px.jpg\" width=\"338\" height=\"319\" align=\"center\" srcset=\"https:\/\/www.iemj.org\/wp-content\/uploads\/2020\/02\/disque_pyral_500px.jpg 500w, https:\/\/www.iemj.org\/wp-content\/uploads\/2020\/02\/disque_pyral_500px-300x283.jpg 300w\" sizes=\"(max-width: 338px) 100vw, 338px\" \/><\/p>\n<p>En realidad, los \u00ab pyral \u00bb son la marca m\u00e1s famosa de discos de acetato producidos por la sociedad Pyrolaque. Se trata de discos met\u00e1licos (aluminio en su mayor\u00eda) cubiertos de goma laca (de tipo acetato) para permitir al buril que grabe f\u00e1cilmente los surcos en el disco.<\/p>\n<p>Los primeros discos Pyral giraban a una velocidad de 78 giras\/ minuto pero ten\u00edan surcos mucho m\u00e1s finos que los 78 giras cl\u00e1sicos. Fueron producidos a principios de los a\u00f1os 30 y hasta mediados de los a\u00f1os 60, y no estaban destinados a la venta.<br \/>Se pon\u00eda una pegatina en el centro del disco para dar manualmente las informaciones del disco.<\/p>\n<p>Su principal inconveniente es su fragilidad: se conserva muy mal a lo largo del tiempo, la goma laca suele agrietarse. Este material tambi\u00e9n es susceptible a la humedad.<\/p>\n<p class=\"Textbody\" style=\"text-align: justify; text-justify: inter-ideograph;\"><span lang=\"ES\" style=\"color: #171717;\">Los ocho discos pyral de ese programa de 1954 probablemente fueron grabados en vivo, lo que los hace \u00fanicos.<\/span><\/p>\n<p><strong>Fuentes: <\/strong><a href=\"http:\/\/je-disque-je-veux.blogspot.com\/2017\/07\/les-disques-acetates-et-disques-pyrale.html\" target=\"_blank\" rel=\"noopener\">Je disque Je veux<\/a><\/p>\n\n\n<figure class=\"wp-block-embed is-type-video is-provider-youtube wp-block-embed-youtube wp-embed-aspect-4-3 wp-has-aspect-ratio\"><div class=\"wp-block-embed__wrapper\">\n<iframe title=\"Le Service Sacr\u00e9 de L\u00e9on Algazi\" width=\"640\" height=\"480\" src=\"https:\/\/www.youtube.com\/embed\/trZ_4Sf5HG8?feature=oembed\" frameborder=\"0\" allow=\"accelerometer; autoplay; clipboard-write; encrypted-media; gyroscope; picture-in-picture; web-share\" referrerpolicy=\"strict-origin-when-cross-origin\" allowfullscreen><\/iframe>\n<\/div><figcaption>Escuchar<em> El Servicio Sagrado<\/em> de L\u00e9on Algazi<\/figcaption><\/figure>\n\n\n\n<p><\/p>\n","protected":false},"excerpt":{"rendered":"<p>El Servicio Sagrado de L\u00e9on Algazi, presentado en 1954 por el compositor en su programa lit\u00fargico y musical Escucha Israel, fue grabado en ocho discos pyral 78 giras depositados en<\/p>\n","protected":false},"author":1052,"featured_media":87654,"comment_status":"closed","ping_status":"closed","sticky":false,"template":"","format":"standard","meta":{"_acf_changed":false,"footnotes":""},"categories":[1566],"tags":[],"technique":[],"squelettes":[],"sujet":[1854],"formation":[],"genre":[1899],"fonds":[],"tradition":[],"type-de-contenu":[],"interprete-compositeur":[3250],"frise":[],"type-devenement":[],"tableaux-liens-externes":[],"class_list":["post-87653","post","type-post","status-publish","format-standard","has-post-thumbnail","hentry","category-imprescindibles-es","sujet-shabat-es","genre-musica-clasica-es","interprete-compositeur-leon-algazi-es"],"acf":[],"yoast_head":"<!-- This site is optimized with the Yoast SEO plugin v27.3 - https:\/\/yoast.com\/product\/yoast-seo-wordpress\/ -->\n<title>El Servicio Sagrado de L\u00e9on Algazi - Institut Europ\u00e9en des Musiques Juives<\/title>\n<meta name=\"robots\" content=\"index, follow, max-snippet:-1, max-image-preview:large, max-video-preview:-1\" \/>\n<link rel=\"canonical\" href=\"https:\/\/www.iemj.org\/es\/le-service-sacre-de-leon-algazi\/\" \/>\n<meta property=\"og:locale\" content=\"es_ES\" \/>\n<meta property=\"og:type\" content=\"article\" \/>\n<meta property=\"og:title\" content=\"El Servicio Sagrado de L\u00e9on Algazi - Institut Europ\u00e9en des Musiques Juives\" \/>\n<meta property=\"og:description\" content=\"El Servicio Sagrado de L\u00e9on Algazi, presentado en 1954 por el compositor en su programa lit\u00fargico y musical Escucha Israel, fue grabado en ocho discos pyral 78 giras depositados en\" \/>\n<meta property=\"og:url\" content=\"https:\/\/www.iemj.org\/es\/le-service-sacre-de-leon-algazi\/\" \/>\n<meta property=\"og:site_name\" content=\"Institut Europ\u00e9en des Musiques Juives\" \/>\n<meta property=\"article:publisher\" content=\"https:\/\/www.facebook.com\/MusiquesJuives\/\" \/>\n<meta property=\"article:published_time\" content=\"2020-02-26T11:52:03+00:00\" \/>\n<meta property=\"article:modified_time\" content=\"2022-09-21T10:44:40+00:00\" \/>\n<meta property=\"og:image\" content=\"https:\/\/www.iemj.org\/wp-content\/uploads\/2020\/02\/arton4561-e1618570225194.jpg\" \/>\n\t<meta property=\"og:image:width\" content=\"350\" \/>\n\t<meta property=\"og:image:height\" content=\"350\" \/>\n\t<meta property=\"og:image:type\" content=\"image\/jpeg\" \/>\n<meta name=\"author\" content=\"Lea Couderc\" \/>\n<meta name=\"twitter:card\" content=\"summary_large_image\" \/>\n<meta name=\"twitter:label1\" content=\"Escrito por\" \/>\n\t<meta name=\"twitter:data1\" content=\"Lea Couderc\" \/>\n\t<meta name=\"twitter:label2\" content=\"Tiempo de lectura\" \/>\n\t<meta name=\"twitter:data2\" content=\"3 minutos\" \/>\n<script type=\"application\/ld+json\" class=\"yoast-schema-graph\">{\"@context\":\"https:\\\/\\\/schema.org\",\"@graph\":[{\"@type\":\"Article\",\"@id\":\"https:\\\/\\\/www.iemj.org\\\/es\\\/le-service-sacre-de-leon-algazi\\\/#article\",\"isPartOf\":{\"@id\":\"https:\\\/\\\/www.iemj.org\\\/es\\\/le-service-sacre-de-leon-algazi\\\/\"},\"author\":{\"name\":\"Lea Couderc\",\"@id\":\"https:\\\/\\\/www.iemj.org\\\/es\\\/#\\\/schema\\\/person\\\/e2ad57f2c4be119c7ed8ab79036807a9\"},\"headline\":\"El Servicio Sagrado de L\u00e9on Algazi\",\"datePublished\":\"2020-02-26T11:52:03+00:00\",\"dateModified\":\"2022-09-21T10:44:40+00:00\",\"mainEntityOfPage\":{\"@id\":\"https:\\\/\\\/www.iemj.org\\\/es\\\/le-service-sacre-de-leon-algazi\\\/\"},\"wordCount\":451,\"publisher\":{\"@id\":\"https:\\\/\\\/www.iemj.org\\\/es\\\/#organization\"},\"image\":{\"@id\":\"https:\\\/\\\/www.iemj.org\\\/es\\\/le-service-sacre-de-leon-algazi\\\/#primaryimage\"},\"thumbnailUrl\":\"https:\\\/\\\/www.iemj.org\\\/wp-content\\\/uploads\\\/2020\\\/02\\\/arton4561-e1618570225194.jpg\",\"articleSection\":[\"Imprescindibles\"],\"inLanguage\":\"es\"},{\"@type\":\"WebPage\",\"@id\":\"https:\\\/\\\/www.iemj.org\\\/es\\\/le-service-sacre-de-leon-algazi\\\/\",\"url\":\"https:\\\/\\\/www.iemj.org\\\/es\\\/le-service-sacre-de-leon-algazi\\\/\",\"name\":\"El Servicio Sagrado de L\u00e9on Algazi - Institut Europ\u00e9en des Musiques Juives\",\"isPartOf\":{\"@id\":\"https:\\\/\\\/www.iemj.org\\\/es\\\/#website\"},\"primaryImageOfPage\":{\"@id\":\"https:\\\/\\\/www.iemj.org\\\/es\\\/le-service-sacre-de-leon-algazi\\\/#primaryimage\"},\"image\":{\"@id\":\"https:\\\/\\\/www.iemj.org\\\/es\\\/le-service-sacre-de-leon-algazi\\\/#primaryimage\"},\"thumbnailUrl\":\"https:\\\/\\\/www.iemj.org\\\/wp-content\\\/uploads\\\/2020\\\/02\\\/arton4561-e1618570225194.jpg\",\"datePublished\":\"2020-02-26T11:52:03+00:00\",\"dateModified\":\"2022-09-21T10:44:40+00:00\",\"breadcrumb\":{\"@id\":\"https:\\\/\\\/www.iemj.org\\\/es\\\/le-service-sacre-de-leon-algazi\\\/#breadcrumb\"},\"inLanguage\":\"es\",\"potentialAction\":[{\"@type\":\"ReadAction\",\"target\":[\"https:\\\/\\\/www.iemj.org\\\/es\\\/le-service-sacre-de-leon-algazi\\\/\"]}]},{\"@type\":\"ImageObject\",\"inLanguage\":\"es\",\"@id\":\"https:\\\/\\\/www.iemj.org\\\/es\\\/le-service-sacre-de-leon-algazi\\\/#primaryimage\",\"url\":\"https:\\\/\\\/www.iemj.org\\\/wp-content\\\/uploads\\\/2020\\\/02\\\/arton4561-e1618570225194.jpg\",\"contentUrl\":\"https:\\\/\\\/www.iemj.org\\\/wp-content\\\/uploads\\\/2020\\\/02\\\/arton4561-e1618570225194.jpg\",\"width\":350,\"height\":350},{\"@type\":\"BreadcrumbList\",\"@id\":\"https:\\\/\\\/www.iemj.org\\\/es\\\/le-service-sacre-de-leon-algazi\\\/#breadcrumb\",\"itemListElement\":[{\"@type\":\"ListItem\",\"position\":1,\"name\":\"Accueil\",\"item\":\"https:\\\/\\\/www.iemj.org\\\/es\\\/\"},{\"@type\":\"ListItem\",\"position\":2,\"name\":\"El Servicio Sagrado de L\u00e9on Algazi\"}]},{\"@type\":\"WebSite\",\"@id\":\"https:\\\/\\\/www.iemj.org\\\/es\\\/#website\",\"url\":\"https:\\\/\\\/www.iemj.org\\\/es\\\/\",\"name\":\"Institut Europ\u00e9en des Musiques Juives\",\"description\":\"Des traditions musicales \u00e0 la port\u00e9e de tous\",\"publisher\":{\"@id\":\"https:\\\/\\\/www.iemj.org\\\/es\\\/#organization\"},\"potentialAction\":[{\"@type\":\"SearchAction\",\"target\":{\"@type\":\"EntryPoint\",\"urlTemplate\":\"https:\\\/\\\/www.iemj.org\\\/es\\\/?s={search_term_string}\"},\"query-input\":{\"@type\":\"PropertyValueSpecification\",\"valueRequired\":true,\"valueName\":\"search_term_string\"}}],\"inLanguage\":\"es\"},{\"@type\":\"Organization\",\"@id\":\"https:\\\/\\\/www.iemj.org\\\/es\\\/#organization\",\"name\":\"Institut Europ\u00e9en des Musiques Juives\",\"url\":\"https:\\\/\\\/www.iemj.org\\\/es\\\/\",\"logo\":{\"@type\":\"ImageObject\",\"inLanguage\":\"es\",\"@id\":\"https:\\\/\\\/www.iemj.org\\\/es\\\/#\\\/schema\\\/logo\\\/image\\\/\",\"url\":\"https:\\\/\\\/www.iemj.org\\\/wp-content\\\/uploads\\\/2021\\\/09\\\/Logo-IEMJ-Paypal.jpg\",\"contentUrl\":\"https:\\\/\\\/www.iemj.org\\\/wp-content\\\/uploads\\\/2021\\\/09\\\/Logo-IEMJ-Paypal.jpg\",\"width\":150,\"height\":50,\"caption\":\"Institut Europ\u00e9en des Musiques Juives\"},\"image\":{\"@id\":\"https:\\\/\\\/www.iemj.org\\\/es\\\/#\\\/schema\\\/logo\\\/image\\\/\"},\"sameAs\":[\"https:\\\/\\\/www.facebook.com\\\/MusiquesJuives\\\/\",\"https:\\\/\\\/www.instagram.com\\\/musiquesjuives\\\/\",\"https:\\\/\\\/www.youtube.com\\\/user\\\/musiquesjuives\"]},{\"@type\":\"Person\",\"@id\":\"https:\\\/\\\/www.iemj.org\\\/es\\\/#\\\/schema\\\/person\\\/e2ad57f2c4be119c7ed8ab79036807a9\",\"name\":\"Lea Couderc\",\"image\":{\"@type\":\"ImageObject\",\"inLanguage\":\"es\",\"@id\":\"https:\\\/\\\/secure.gravatar.com\\\/avatar\\\/46ee021475d60aeff17a7e490b79dea5a5684bb392ab7fd1494027411df8ba23?s=96&d=mm&r=g\",\"url\":\"https:\\\/\\\/secure.gravatar.com\\\/avatar\\\/46ee021475d60aeff17a7e490b79dea5a5684bb392ab7fd1494027411df8ba23?s=96&d=mm&r=g\",\"contentUrl\":\"https:\\\/\\\/secure.gravatar.com\\\/avatar\\\/46ee021475d60aeff17a7e490b79dea5a5684bb392ab7fd1494027411df8ba23?s=96&d=mm&r=g\",\"caption\":\"Lea Couderc\"}}]}<\/script>\n<!-- \/ Yoast SEO plugin. -->","yoast_head_json":{"title":"El Servicio Sagrado de L\u00e9on Algazi - Institut Europ\u00e9en des Musiques Juives","robots":{"index":"index","follow":"follow","max-snippet":"max-snippet:-1","max-image-preview":"max-image-preview:large","max-video-preview":"max-video-preview:-1"},"canonical":"https:\/\/www.iemj.org\/es\/le-service-sacre-de-leon-algazi\/","og_locale":"es_ES","og_type":"article","og_title":"El Servicio Sagrado de L\u00e9on Algazi - Institut Europ\u00e9en des Musiques Juives","og_description":"El Servicio Sagrado de L\u00e9on Algazi, presentado en 1954 por el compositor en su programa lit\u00fargico y musical Escucha Israel, fue grabado en ocho discos pyral 78 giras depositados en","og_url":"https:\/\/www.iemj.org\/es\/le-service-sacre-de-leon-algazi\/","og_site_name":"Institut Europ\u00e9en des Musiques Juives","article_publisher":"https:\/\/www.facebook.com\/MusiquesJuives\/","article_published_time":"2020-02-26T11:52:03+00:00","article_modified_time":"2022-09-21T10:44:40+00:00","og_image":[{"width":350,"height":350,"url":"https:\/\/www.iemj.org\/wp-content\/uploads\/2020\/02\/arton4561-e1618570225194.jpg","type":"image\/jpeg"}],"author":"Lea Couderc","twitter_card":"summary_large_image","twitter_misc":{"Escrito por":"Lea Couderc","Tiempo de lectura":"3 minutos"},"schema":{"@context":"https:\/\/schema.org","@graph":[{"@type":"Article","@id":"https:\/\/www.iemj.org\/es\/le-service-sacre-de-leon-algazi\/#article","isPartOf":{"@id":"https:\/\/www.iemj.org\/es\/le-service-sacre-de-leon-algazi\/"},"author":{"name":"Lea Couderc","@id":"https:\/\/www.iemj.org\/es\/#\/schema\/person\/e2ad57f2c4be119c7ed8ab79036807a9"},"headline":"El Servicio Sagrado de L\u00e9on Algazi","datePublished":"2020-02-26T11:52:03+00:00","dateModified":"2022-09-21T10:44:40+00:00","mainEntityOfPage":{"@id":"https:\/\/www.iemj.org\/es\/le-service-sacre-de-leon-algazi\/"},"wordCount":451,"publisher":{"@id":"https:\/\/www.iemj.org\/es\/#organization"},"image":{"@id":"https:\/\/www.iemj.org\/es\/le-service-sacre-de-leon-algazi\/#primaryimage"},"thumbnailUrl":"https:\/\/www.iemj.org\/wp-content\/uploads\/2020\/02\/arton4561-e1618570225194.jpg","articleSection":["Imprescindibles"],"inLanguage":"es"},{"@type":"WebPage","@id":"https:\/\/www.iemj.org\/es\/le-service-sacre-de-leon-algazi\/","url":"https:\/\/www.iemj.org\/es\/le-service-sacre-de-leon-algazi\/","name":"El Servicio Sagrado de L\u00e9on Algazi - Institut Europ\u00e9en des Musiques Juives","isPartOf":{"@id":"https:\/\/www.iemj.org\/es\/#website"},"primaryImageOfPage":{"@id":"https:\/\/www.iemj.org\/es\/le-service-sacre-de-leon-algazi\/#primaryimage"},"image":{"@id":"https:\/\/www.iemj.org\/es\/le-service-sacre-de-leon-algazi\/#primaryimage"},"thumbnailUrl":"https:\/\/www.iemj.org\/wp-content\/uploads\/2020\/02\/arton4561-e1618570225194.jpg","datePublished":"2020-02-26T11:52:03+00:00","dateModified":"2022-09-21T10:44:40+00:00","breadcrumb":{"@id":"https:\/\/www.iemj.org\/es\/le-service-sacre-de-leon-algazi\/#breadcrumb"},"inLanguage":"es","potentialAction":[{"@type":"ReadAction","target":["https:\/\/www.iemj.org\/es\/le-service-sacre-de-leon-algazi\/"]}]},{"@type":"ImageObject","inLanguage":"es","@id":"https:\/\/www.iemj.org\/es\/le-service-sacre-de-leon-algazi\/#primaryimage","url":"https:\/\/www.iemj.org\/wp-content\/uploads\/2020\/02\/arton4561-e1618570225194.jpg","contentUrl":"https:\/\/www.iemj.org\/wp-content\/uploads\/2020\/02\/arton4561-e1618570225194.jpg","width":350,"height":350},{"@type":"BreadcrumbList","@id":"https:\/\/www.iemj.org\/es\/le-service-sacre-de-leon-algazi\/#breadcrumb","itemListElement":[{"@type":"ListItem","position":1,"name":"Accueil","item":"https:\/\/www.iemj.org\/es\/"},{"@type":"ListItem","position":2,"name":"El Servicio Sagrado de L\u00e9on Algazi"}]},{"@type":"WebSite","@id":"https:\/\/www.iemj.org\/es\/#website","url":"https:\/\/www.iemj.org\/es\/","name":"Institut Europ\u00e9en des Musiques Juives","description":"Des traditions musicales \u00e0 la port\u00e9e de tous","publisher":{"@id":"https:\/\/www.iemj.org\/es\/#organization"},"potentialAction":[{"@type":"SearchAction","target":{"@type":"EntryPoint","urlTemplate":"https:\/\/www.iemj.org\/es\/?s={search_term_string}"},"query-input":{"@type":"PropertyValueSpecification","valueRequired":true,"valueName":"search_term_string"}}],"inLanguage":"es"},{"@type":"Organization","@id":"https:\/\/www.iemj.org\/es\/#organization","name":"Institut Europ\u00e9en des Musiques Juives","url":"https:\/\/www.iemj.org\/es\/","logo":{"@type":"ImageObject","inLanguage":"es","@id":"https:\/\/www.iemj.org\/es\/#\/schema\/logo\/image\/","url":"https:\/\/www.iemj.org\/wp-content\/uploads\/2021\/09\/Logo-IEMJ-Paypal.jpg","contentUrl":"https:\/\/www.iemj.org\/wp-content\/uploads\/2021\/09\/Logo-IEMJ-Paypal.jpg","width":150,"height":50,"caption":"Institut Europ\u00e9en des Musiques Juives"},"image":{"@id":"https:\/\/www.iemj.org\/es\/#\/schema\/logo\/image\/"},"sameAs":["https:\/\/www.facebook.com\/MusiquesJuives\/","https:\/\/www.instagram.com\/musiquesjuives\/","https:\/\/www.youtube.com\/user\/musiquesjuives"]},{"@type":"Person","@id":"https:\/\/www.iemj.org\/es\/#\/schema\/person\/e2ad57f2c4be119c7ed8ab79036807a9","name":"Lea Couderc","image":{"@type":"ImageObject","inLanguage":"es","@id":"https:\/\/secure.gravatar.com\/avatar\/46ee021475d60aeff17a7e490b79dea5a5684bb392ab7fd1494027411df8ba23?s=96&d=mm&r=g","url":"https:\/\/secure.gravatar.com\/avatar\/46ee021475d60aeff17a7e490b79dea5a5684bb392ab7fd1494027411df8ba23?s=96&d=mm&r=g","contentUrl":"https:\/\/secure.gravatar.com\/avatar\/46ee021475d60aeff17a7e490b79dea5a5684bb392ab7fd1494027411df8ba23?s=96&d=mm&r=g","caption":"Lea Couderc"}}]}},"_links":{"self":[{"href":"https:\/\/www.iemj.org\/es\/wp-json\/wp\/v2\/posts\/87653","targetHints":{"allow":["GET"]}}],"collection":[{"href":"https:\/\/www.iemj.org\/es\/wp-json\/wp\/v2\/posts"}],"about":[{"href":"https:\/\/www.iemj.org\/es\/wp-json\/wp\/v2\/types\/post"}],"author":[{"embeddable":true,"href":"https:\/\/www.iemj.org\/es\/wp-json\/wp\/v2\/users\/1052"}],"replies":[{"embeddable":true,"href":"https:\/\/www.iemj.org\/es\/wp-json\/wp\/v2\/comments?post=87653"}],"version-history":[{"count":0,"href":"https:\/\/www.iemj.org\/es\/wp-json\/wp\/v2\/posts\/87653\/revisions"}],"wp:featuredmedia":[{"embeddable":true,"href":"https:\/\/www.iemj.org\/es\/wp-json\/wp\/v2\/media\/87654"}],"wp:attachment":[{"href":"https:\/\/www.iemj.org\/es\/wp-json\/wp\/v2\/media?parent=87653"}],"wp:term":[{"taxonomy":"category","embeddable":true,"href":"https:\/\/www.iemj.org\/es\/wp-json\/wp\/v2\/categories?post=87653"},{"taxonomy":"post_tag","embeddable":true,"href":"https:\/\/www.iemj.org\/es\/wp-json\/wp\/v2\/tags?post=87653"},{"taxonomy":"technique","embeddable":true,"href":"https:\/\/www.iemj.org\/es\/wp-json\/wp\/v2\/technique?post=87653"},{"taxonomy":"squelettes","embeddable":true,"href":"https:\/\/www.iemj.org\/es\/wp-json\/wp\/v2\/squelettes?post=87653"},{"taxonomy":"sujet","embeddable":true,"href":"https:\/\/www.iemj.org\/es\/wp-json\/wp\/v2\/sujet?post=87653"},{"taxonomy":"formation","embeddable":true,"href":"https:\/\/www.iemj.org\/es\/wp-json\/wp\/v2\/formation?post=87653"},{"taxonomy":"genre","embeddable":true,"href":"https:\/\/www.iemj.org\/es\/wp-json\/wp\/v2\/genre?post=87653"},{"taxonomy":"fonds","embeddable":true,"href":"https:\/\/www.iemj.org\/es\/wp-json\/wp\/v2\/fonds?post=87653"},{"taxonomy":"tradition","embeddable":true,"href":"https:\/\/www.iemj.org\/es\/wp-json\/wp\/v2\/tradition?post=87653"},{"taxonomy":"type-de-contenu","embeddable":true,"href":"https:\/\/www.iemj.org\/es\/wp-json\/wp\/v2\/type-de-contenu?post=87653"},{"taxonomy":"interprete-compositeur","embeddable":true,"href":"https:\/\/www.iemj.org\/es\/wp-json\/wp\/v2\/interprete-compositeur?post=87653"},{"taxonomy":"frise","embeddable":true,"href":"https:\/\/www.iemj.org\/es\/wp-json\/wp\/v2\/frise?post=87653"},{"taxonomy":"type-devenement","embeddable":true,"href":"https:\/\/www.iemj.org\/es\/wp-json\/wp\/v2\/type-devenement?post=87653"},{"taxonomy":"tableaux-liens-externes","embeddable":true,"href":"https:\/\/www.iemj.org\/es\/wp-json\/wp\/v2\/tableaux-liens-externes?post=87653"}],"curies":[{"name":"wp","href":"https:\/\/api.w.org\/{rel}","templated":true}]}}