{"id":87737,"date":"2018-10-30T15:48:10","date_gmt":"2018-10-30T14:48:10","guid":{"rendered":"https:\/\/www.iemj.org\/delmin-dany-1931\/"},"modified":"2025-09-09T17:09:08","modified_gmt":"2025-09-09T15:09:08","slug":"delmin-dany-1931","status":"publish","type":"post","link":"https:\/\/www.iemj.org\/es\/delmin-dany-1931\/","title":{"rendered":"Delmin, Dany (1931 ?)"},"content":{"rendered":"<p><img fetchpriority=\"high\" decoding=\"async\" class=\" alignright size-full wp-image-21526\" src=\"https:\/\/www.iemj.org\/wp-content\/uploads\/2018\/10\/delmin_disque_1_-_150px.jpg\" alt=\"delmin_disque_1_-_150px.jpg\" width=\"150\" height=\"413\" align=\"right\" srcset=\"https:\/\/www.iemj.org\/wp-content\/uploads\/2018\/10\/delmin_disque_1_-_150px.jpg 150w, https:\/\/www.iemj.org\/wp-content\/uploads\/2018\/10\/delmin_disque_1_-_150px-109x300.jpg 109w\" sizes=\"(max-width: 150px) 100vw, 150px\" \/>Dany Delmin <span lang=\"ES\">es compositor, int\u00e9rprete y letrista de canciones en franc\u00e9s, hebreo y yidis. <\/span><\/p>\n<p><span lang=\"ES\">Nacido David Polack, es el hijo menor de una familia que consta de 7 hijos. Cuando la guerra estall\u00f3, su vida cambi\u00f3 y fue deportado con su padre en 1942 a Drancy. Consigui\u00f3 atravesar la zona libre, pero nunca volver\u00eda a ver a su padre.<\/span><\/p>\n<p>Al final de la guerra, a los 15 a\u00f1os, Dany Delmin se reuni\u00f3 con su madre y su hermana que fueron escondidas por amigos en un s\u00f3tano. Despu\u00e9s de haber ejercido distintas profesiones (porteador de equipajes, mensajero&#8230;), se dedic\u00f3 a la industria textil. Al mismo tiempo, estudi\u00f3 m\u00fasica de manera autodidacta.<\/p>\n<p><span lang=\"ES\">A los 17 a\u00f1os, se fue a Palestina, dos meses antes de la independencia del Estado de Israel. Se alist\u00f3 en el ej\u00e9rcito. Se hizo notar como cantante, guitarrista y actu\u00f3 ocasionalmente en discotecas. Regres\u00f3 a Francia en 1950, y tras dos a\u00f1os de servicio militar franc\u00e9s, volvi\u00f3 a trabajar en la industria textil y se fue a trabajar a Brasil con su jefe.<\/span><\/p>\n<p><img decoding=\"async\" class=\" alignright size-full wp-image-21530\" src=\"https:\/\/www.iemj.org\/wp-content\/uploads\/2018\/10\/delmin_disque_2_-_150px.jpg\" alt=\"delmin_disque_2_-_150px.jpg\" width=\"150\" height=\"449\" align=\"right\" srcset=\"https:\/\/www.iemj.org\/wp-content\/uploads\/2018\/10\/delmin_disque_2_-_150px.jpg 150w, https:\/\/www.iemj.org\/wp-content\/uploads\/2018\/10\/delmin_disque_2_-_150px-100x300.jpg 100w\" sizes=\"(max-width: 150px) 100vw, 150px\" \/><img decoding=\"async\" class=\"size-full wp-image-21528 alignleft\" src=\"https:\/\/www.iemj.org\/wp-content\/uploads\/2018\/10\/delmin_disque_6_-100px.jpg\" alt=\"delmin_disque_6_-100px.jpg\" width=\"100\" height=\"108\" align=\"middle\" \/>En 1954, encontr\u00f3 al director general de una compa\u00f1\u00eda discogr\u00e1fica brasile\u00f1a. La canci\u00f3n francesa siendo de moda, hizo una audici\u00f3n y fue contratado el mismo d\u00eda. Por consiguiente, empez\u00f3 su carrera musical. La compa\u00f1\u00eda discogr\u00e1fica Mocambo le cre\u00f3 su primer disco microsurco 25 cm incluyendo ocho canciones, de las cuales dos escritas por \u00e9l mismo y compuestas por <a href=\"https:\/\/es.wikipedia.org\/wiki\/Tom_Jobim\" target=\"_blank\" rel=\"noopener\">Ant\u00f4nio Carlos Jobim<\/a>.<\/p>\n<p><img loading=\"lazy\" decoding=\"async\" class=\"size-full wp-image-21532 alignleft\" src=\"https:\/\/www.iemj.org\/wp-content\/uploads\/2018\/10\/delmin_disque_3_-_100px.jpg\" alt=\"delmin_disque_3_-_100px.jpg\" width=\"100\" height=\"107\" align=\"middle\" \/>D<span lang=\"ES\">os a\u00f1os m\u00e1s tarde, obtuvo su propio programa televisivo semanal en Buenos Aires \u201cVamos a Par\u00eds con Dany Delmin\u201d. Grab\u00f3 con el pianista de su programa la canci\u00f3n \u201cCaf\u00e9 a la Italiana\u201d que se volvi\u00f3 disco de oro en los Estados Unidos.<\/span><\/p>\n<p><img loading=\"lazy\" decoding=\"async\" class=\"size-full wp-image-21534 alignleft\" src=\"https:\/\/www.iemj.org\/wp-content\/uploads\/2018\/10\/delmin_disque_5_-_100px.jpg\" alt=\"delmin_disque_5_-_100px.jpg\" width=\"100\" height=\"105\" align=\"middle\" \/><br \/>En 1961, regres\u00f3 a Francia. Est\u00e1 de moda el yey\u00e9. Dany Delmin ten\u00eda 30 a\u00f1os, realiz\u00f3 algunas grabaciones, escribi\u00f3 canciones y cant\u00f3 en grandes hoteles para muchas celebridades y pol\u00edticos.<\/p>\n<p><img loading=\"lazy\" decoding=\"async\" class=\" aligncenter size-full wp-image-21536\" src=\"https:\/\/www.iemj.org\/wp-content\/uploads\/2018\/10\/doc3_dany_delmin-3.jpg\" alt=\"doc3_dany_delmin-3.jpg\" width=\"284\" height=\"103\" align=\"middle\" \/><\/p>\n<p><span lang=\"ES\">Durante una gira por la Uni\u00f3n Sovi\u00e9tica, encontr\u00f3 a Alona que se convertir\u00e1 en su esposa en 1970. Sus dos \u00e1lbumes de vinyl \u201cChatan Kala Mazal Tov\u201d y \u201cLa Bar Mitzwa Mazal Tov\u201d tuvieron un \u00e9xito rotundo.<\/span><\/p>\n<p><img loading=\"lazy\" decoding=\"async\" class=\" aligncenter size-full wp-image-21538\" src=\"https:\/\/www.iemj.org\/wp-content\/uploads\/2018\/10\/doc_disque_delmin_500px.jpg\" alt=\"doc_disque_delmin_500px.jpg\" width=\"500\" height=\"272\" align=\"middle\" srcset=\"https:\/\/www.iemj.org\/wp-content\/uploads\/2018\/10\/doc_disque_delmin_500px.jpg 500w, https:\/\/www.iemj.org\/wp-content\/uploads\/2018\/10\/doc_disque_delmin_500px-300x163.jpg 300w\" sizes=\"(max-width: 500px) 100vw, 500px\" \/><\/p>\n<p><span lang=\"ES\">Gerente en los a\u00f1os 80, trabaj\u00f3 con L\u00e9o Ferr\u00e9, el ballet de la \u00d3pera de Par\u00eds, Francis Lalanne&#8230;<\/span><\/p>\n<p class=\"TableContents\" style=\"text-align: justify; text-justify: inter-ideograph;\"><span lang=\"ES\">Aunque nunca estudi\u00f3 m\u00fasica de manera formal, grab\u00f3 m\u00e1s de 50 \u00e1lbumes a lo largo de su carrera.<\/span><\/p>\n<p class=\"TableContents\" style=\"text-align: justify; text-justify: inter-ideograph;\"><a href=\"https:\/\/www.iemj.org\/en\/hidden-sides-of-jewish-music-dany-delmin\/\" target=\"_blank\" rel=\"noopener\"><span lang=\"ES\">Escuchar el programa de radio: Dany Delmin, presentado por H\u00e9l\u00e8ne Engel<\/span><\/a><\/p>\n<p class=\"TableContents\" style=\"text-align: justify; text-justify: inter-ideograph;\"><a href=\"http:\/\/www.rachelnet.net\/F\/?func=find-c&amp;ccl_term=WRD+%3D+Dany+Delmin&amp;local_base=iemcg\" target=\"_blank\" rel=\"noopener\"><span lang=\"ES\">Consultar nuestros archivos sobre Dany Delmin<\/span><\/a><\/p>\n\n\n<h2 class=\"wp-block-heading\"><\/h2>\n\n\n<div class=\"wp-block-image\">\n<figure class=\"aligncenter size-large\"><img loading=\"lazy\" decoding=\"async\" width=\"1024\" height=\"133\" src=\"https:\/\/www.iemj.org\/wp-content\/uploads\/2024\/03\/AUDIO-PLAYER-1024x133.png\" alt=\"\" class=\"wp-image-110610\" srcset=\"https:\/\/www.iemj.org\/wp-content\/uploads\/2024\/03\/AUDIO-PLAYER-1024x133.png 1024w, https:\/\/www.iemj.org\/wp-content\/uploads\/2024\/03\/AUDIO-PLAYER-300x39.png 300w, https:\/\/www.iemj.org\/wp-content\/uploads\/2024\/03\/AUDIO-PLAYER-768x100.png 768w, https:\/\/www.iemj.org\/wp-content\/uploads\/2024\/03\/AUDIO-PLAYER-600x78.png 600w, https:\/\/www.iemj.org\/wp-content\/uploads\/2024\/03\/AUDIO-PLAYER.png 1210w\" sizes=\"(max-width: 1024px) 100vw, 1024px\" \/><\/figure>\n<\/div>\n\n\n<div class=\"wp-block-file\"><a id=\"wp-block-file--media-5a726a9c-cd65-4a77-b45e-8f23dec50c95\" href=\"https:\/\/www.iemj.org\/wp-content\/uploads\/2018\/10\/je_n_existe_pas_sans_toi.mp3\">Je n\u2019existe pas sans toi<\/a><\/div>\n\n\n\n<div class=\"wp-block-file\"><a id=\"wp-block-file--media-a3da33ab-b692-4070-ad08-6bc22aa34344\" href=\"https:\/\/www.iemj.org\/wp-content\/uploads\/2018\/10\/am_israel_hai.mp3\">Am Israel \u2019Hai<\/a><\/div>\n\n\n\n<div class=\"wp-block-file\"><a id=\"wp-block-file--media-71a9012f-1782-409c-9eaa-864d159423a3\" href=\"https:\/\/www.iemj.org\/wp-content\/uploads\/2018\/10\/yiddish_mame.mp3\">Yiddish Mame<\/a><\/div>\n\n\n\n<div class=\"wp-block-file\"><a id=\"wp-block-file--media-b335c321-81b9-4263-a964-e9f3b08ae0b4\" href=\"https:\/\/www.iemj.org\/wp-content\/uploads\/2018\/10\/mazel_tov.mp3\">Mazel Tov<\/a><\/div>\n","protected":false},"excerpt":{"rendered":"<p>Dany Delmin es compositor, int\u00e9rprete y letrista de canciones en franc\u00e9s, hebreo y yidis. Nacido David Polack, es el hijo menor de una familia que consta de 7 hijos. Cuando<\/p>\n","protected":false},"author":1052,"featured_media":87738,"comment_status":"closed","ping_status":"closed","sticky":false,"template":"","format":"standard","meta":{"_acf_changed":false,"footnotes":""},"categories":[1417],"tags":[],"technique":[],"squelettes":[],"sujet":[],"formation":[],"genre":[],"fonds":[],"tradition":[],"type-de-contenu":[],"interprete-compositeur":[],"frise":[],"type-devenement":[],"tableaux-liens-externes":[],"class_list":["post-87737","post","type-post","status-publish","format-standard","has-post-thumbnail","hentry","category-biografias-es"],"acf":[],"yoast_head":"<!-- This site is optimized with the Yoast SEO plugin v27.3 - https:\/\/yoast.com\/product\/yoast-seo-wordpress\/ -->\n<title>Delmin, Dany (1931 ?) - Institut Europ\u00e9en des Musiques Juives<\/title>\n<meta name=\"robots\" content=\"index, follow, max-snippet:-1, max-image-preview:large, max-video-preview:-1\" \/>\n<link rel=\"canonical\" href=\"https:\/\/www.iemj.org\/es\/delmin-dany-1931\/\" \/>\n<meta property=\"og:locale\" content=\"es_ES\" \/>\n<meta property=\"og:type\" content=\"article\" \/>\n<meta property=\"og:title\" content=\"Delmin, Dany (1931 ?) - Institut Europ\u00e9en des Musiques Juives\" \/>\n<meta property=\"og:description\" content=\"Dany Delmin es compositor, int\u00e9rprete y letrista de canciones en franc\u00e9s, hebreo y yidis. Nacido David Polack, es el hijo menor de una familia que consta de 7 hijos. Cuando\" \/>\n<meta property=\"og:url\" content=\"https:\/\/www.iemj.org\/es\/delmin-dany-1931\/\" \/>\n<meta property=\"og:site_name\" content=\"Institut Europ\u00e9en des Musiques Juives\" \/>\n<meta property=\"article:publisher\" content=\"https:\/\/www.facebook.com\/MusiquesJuives\/\" \/>\n<meta property=\"article:published_time\" content=\"2018-10-30T14:48:10+00:00\" \/>\n<meta property=\"article:modified_time\" content=\"2025-09-09T15:09:08+00:00\" \/>\n<meta property=\"og:image\" content=\"https:\/\/www.iemj.org\/wp-content\/uploads\/2018\/10\/arton3719-e1617023516134.jpg\" \/>\n\t<meta property=\"og:image:width\" content=\"210\" \/>\n\t<meta property=\"og:image:height\" content=\"218\" \/>\n\t<meta property=\"og:image:type\" content=\"image\/jpeg\" \/>\n<meta name=\"author\" content=\"Lea Couderc\" \/>\n<meta name=\"twitter:card\" content=\"summary_large_image\" \/>\n<meta name=\"twitter:label1\" content=\"Escrito por\" \/>\n\t<meta name=\"twitter:data1\" content=\"Lea Couderc\" \/>\n\t<meta name=\"twitter:label2\" content=\"Tiempo de lectura\" \/>\n\t<meta name=\"twitter:data2\" content=\"4 minutos\" \/>\n<script type=\"application\/ld+json\" class=\"yoast-schema-graph\">{\"@context\":\"https:\\\/\\\/schema.org\",\"@graph\":[{\"@type\":\"Article\",\"@id\":\"https:\\\/\\\/www.iemj.org\\\/es\\\/delmin-dany-1931\\\/#article\",\"isPartOf\":{\"@id\":\"https:\\\/\\\/www.iemj.org\\\/es\\\/delmin-dany-1931\\\/\"},\"author\":{\"name\":\"Lea Couderc\",\"@id\":\"https:\\\/\\\/www.iemj.org\\\/es\\\/#\\\/schema\\\/person\\\/e2ad57f2c4be119c7ed8ab79036807a9\"},\"headline\":\"Delmin, Dany (1931 ?)\",\"datePublished\":\"2018-10-30T14:48:10+00:00\",\"dateModified\":\"2025-09-09T15:09:08+00:00\",\"mainEntityOfPage\":{\"@id\":\"https:\\\/\\\/www.iemj.org\\\/es\\\/delmin-dany-1931\\\/\"},\"wordCount\":436,\"publisher\":{\"@id\":\"https:\\\/\\\/www.iemj.org\\\/es\\\/#organization\"},\"image\":{\"@id\":\"https:\\\/\\\/www.iemj.org\\\/es\\\/delmin-dany-1931\\\/#primaryimage\"},\"thumbnailUrl\":\"https:\\\/\\\/www.iemj.org\\\/wp-content\\\/uploads\\\/2018\\\/10\\\/arton3719-e1617023516134.jpg\",\"articleSection\":[\"Biograf\u00edas\"],\"inLanguage\":\"es\"},{\"@type\":\"WebPage\",\"@id\":\"https:\\\/\\\/www.iemj.org\\\/es\\\/delmin-dany-1931\\\/\",\"url\":\"https:\\\/\\\/www.iemj.org\\\/es\\\/delmin-dany-1931\\\/\",\"name\":\"Delmin, Dany (1931 ?) - Institut Europ\u00e9en des Musiques Juives\",\"isPartOf\":{\"@id\":\"https:\\\/\\\/www.iemj.org\\\/es\\\/#website\"},\"primaryImageOfPage\":{\"@id\":\"https:\\\/\\\/www.iemj.org\\\/es\\\/delmin-dany-1931\\\/#primaryimage\"},\"image\":{\"@id\":\"https:\\\/\\\/www.iemj.org\\\/es\\\/delmin-dany-1931\\\/#primaryimage\"},\"thumbnailUrl\":\"https:\\\/\\\/www.iemj.org\\\/wp-content\\\/uploads\\\/2018\\\/10\\\/arton3719-e1617023516134.jpg\",\"datePublished\":\"2018-10-30T14:48:10+00:00\",\"dateModified\":\"2025-09-09T15:09:08+00:00\",\"breadcrumb\":{\"@id\":\"https:\\\/\\\/www.iemj.org\\\/es\\\/delmin-dany-1931\\\/#breadcrumb\"},\"inLanguage\":\"es\",\"potentialAction\":[{\"@type\":\"ReadAction\",\"target\":[\"https:\\\/\\\/www.iemj.org\\\/es\\\/delmin-dany-1931\\\/\"]}]},{\"@type\":\"ImageObject\",\"inLanguage\":\"es\",\"@id\":\"https:\\\/\\\/www.iemj.org\\\/es\\\/delmin-dany-1931\\\/#primaryimage\",\"url\":\"https:\\\/\\\/www.iemj.org\\\/wp-content\\\/uploads\\\/2018\\\/10\\\/arton3719-e1617023516134.jpg\",\"contentUrl\":\"https:\\\/\\\/www.iemj.org\\\/wp-content\\\/uploads\\\/2018\\\/10\\\/arton3719-e1617023516134.jpg\",\"width\":210,\"height\":218},{\"@type\":\"BreadcrumbList\",\"@id\":\"https:\\\/\\\/www.iemj.org\\\/es\\\/delmin-dany-1931\\\/#breadcrumb\",\"itemListElement\":[{\"@type\":\"ListItem\",\"position\":1,\"name\":\"Accueil\",\"item\":\"https:\\\/\\\/www.iemj.org\\\/es\\\/\"},{\"@type\":\"ListItem\",\"position\":2,\"name\":\"Delmin, Dany (1931 ?)\"}]},{\"@type\":\"WebSite\",\"@id\":\"https:\\\/\\\/www.iemj.org\\\/es\\\/#website\",\"url\":\"https:\\\/\\\/www.iemj.org\\\/es\\\/\",\"name\":\"Institut Europ\u00e9en des Musiques Juives\",\"description\":\"Des traditions musicales \u00e0 la port\u00e9e de tous\",\"publisher\":{\"@id\":\"https:\\\/\\\/www.iemj.org\\\/es\\\/#organization\"},\"potentialAction\":[{\"@type\":\"SearchAction\",\"target\":{\"@type\":\"EntryPoint\",\"urlTemplate\":\"https:\\\/\\\/www.iemj.org\\\/es\\\/?s={search_term_string}\"},\"query-input\":{\"@type\":\"PropertyValueSpecification\",\"valueRequired\":true,\"valueName\":\"search_term_string\"}}],\"inLanguage\":\"es\"},{\"@type\":\"Organization\",\"@id\":\"https:\\\/\\\/www.iemj.org\\\/es\\\/#organization\",\"name\":\"Institut Europ\u00e9en des Musiques Juives\",\"url\":\"https:\\\/\\\/www.iemj.org\\\/es\\\/\",\"logo\":{\"@type\":\"ImageObject\",\"inLanguage\":\"es\",\"@id\":\"https:\\\/\\\/www.iemj.org\\\/es\\\/#\\\/schema\\\/logo\\\/image\\\/\",\"url\":\"https:\\\/\\\/www.iemj.org\\\/wp-content\\\/uploads\\\/2021\\\/09\\\/Logo-IEMJ-Paypal.jpg\",\"contentUrl\":\"https:\\\/\\\/www.iemj.org\\\/wp-content\\\/uploads\\\/2021\\\/09\\\/Logo-IEMJ-Paypal.jpg\",\"width\":150,\"height\":50,\"caption\":\"Institut Europ\u00e9en des Musiques Juives\"},\"image\":{\"@id\":\"https:\\\/\\\/www.iemj.org\\\/es\\\/#\\\/schema\\\/logo\\\/image\\\/\"},\"sameAs\":[\"https:\\\/\\\/www.facebook.com\\\/MusiquesJuives\\\/\",\"https:\\\/\\\/www.instagram.com\\\/musiquesjuives\\\/\",\"https:\\\/\\\/www.youtube.com\\\/user\\\/musiquesjuives\"]},{\"@type\":\"Person\",\"@id\":\"https:\\\/\\\/www.iemj.org\\\/es\\\/#\\\/schema\\\/person\\\/e2ad57f2c4be119c7ed8ab79036807a9\",\"name\":\"Lea Couderc\",\"image\":{\"@type\":\"ImageObject\",\"inLanguage\":\"es\",\"@id\":\"https:\\\/\\\/secure.gravatar.com\\\/avatar\\\/46ee021475d60aeff17a7e490b79dea5a5684bb392ab7fd1494027411df8ba23?s=96&d=mm&r=g\",\"url\":\"https:\\\/\\\/secure.gravatar.com\\\/avatar\\\/46ee021475d60aeff17a7e490b79dea5a5684bb392ab7fd1494027411df8ba23?s=96&d=mm&r=g\",\"contentUrl\":\"https:\\\/\\\/secure.gravatar.com\\\/avatar\\\/46ee021475d60aeff17a7e490b79dea5a5684bb392ab7fd1494027411df8ba23?s=96&d=mm&r=g\",\"caption\":\"Lea Couderc\"}}]}<\/script>\n<!-- \/ Yoast SEO plugin. -->","yoast_head_json":{"title":"Delmin, Dany (1931 ?) - Institut Europ\u00e9en des Musiques Juives","robots":{"index":"index","follow":"follow","max-snippet":"max-snippet:-1","max-image-preview":"max-image-preview:large","max-video-preview":"max-video-preview:-1"},"canonical":"https:\/\/www.iemj.org\/es\/delmin-dany-1931\/","og_locale":"es_ES","og_type":"article","og_title":"Delmin, Dany (1931 ?) - Institut Europ\u00e9en des Musiques Juives","og_description":"Dany Delmin es compositor, int\u00e9rprete y letrista de canciones en franc\u00e9s, hebreo y yidis. Nacido David Polack, es el hijo menor de una familia que consta de 7 hijos. Cuando","og_url":"https:\/\/www.iemj.org\/es\/delmin-dany-1931\/","og_site_name":"Institut Europ\u00e9en des Musiques Juives","article_publisher":"https:\/\/www.facebook.com\/MusiquesJuives\/","article_published_time":"2018-10-30T14:48:10+00:00","article_modified_time":"2025-09-09T15:09:08+00:00","og_image":[{"width":210,"height":218,"url":"https:\/\/www.iemj.org\/wp-content\/uploads\/2018\/10\/arton3719-e1617023516134.jpg","type":"image\/jpeg"}],"author":"Lea Couderc","twitter_card":"summary_large_image","twitter_misc":{"Escrito por":"Lea Couderc","Tiempo de lectura":"4 minutos"},"schema":{"@context":"https:\/\/schema.org","@graph":[{"@type":"Article","@id":"https:\/\/www.iemj.org\/es\/delmin-dany-1931\/#article","isPartOf":{"@id":"https:\/\/www.iemj.org\/es\/delmin-dany-1931\/"},"author":{"name":"Lea Couderc","@id":"https:\/\/www.iemj.org\/es\/#\/schema\/person\/e2ad57f2c4be119c7ed8ab79036807a9"},"headline":"Delmin, Dany (1931 ?)","datePublished":"2018-10-30T14:48:10+00:00","dateModified":"2025-09-09T15:09:08+00:00","mainEntityOfPage":{"@id":"https:\/\/www.iemj.org\/es\/delmin-dany-1931\/"},"wordCount":436,"publisher":{"@id":"https:\/\/www.iemj.org\/es\/#organization"},"image":{"@id":"https:\/\/www.iemj.org\/es\/delmin-dany-1931\/#primaryimage"},"thumbnailUrl":"https:\/\/www.iemj.org\/wp-content\/uploads\/2018\/10\/arton3719-e1617023516134.jpg","articleSection":["Biograf\u00edas"],"inLanguage":"es"},{"@type":"WebPage","@id":"https:\/\/www.iemj.org\/es\/delmin-dany-1931\/","url":"https:\/\/www.iemj.org\/es\/delmin-dany-1931\/","name":"Delmin, Dany (1931 ?) - Institut Europ\u00e9en des Musiques Juives","isPartOf":{"@id":"https:\/\/www.iemj.org\/es\/#website"},"primaryImageOfPage":{"@id":"https:\/\/www.iemj.org\/es\/delmin-dany-1931\/#primaryimage"},"image":{"@id":"https:\/\/www.iemj.org\/es\/delmin-dany-1931\/#primaryimage"},"thumbnailUrl":"https:\/\/www.iemj.org\/wp-content\/uploads\/2018\/10\/arton3719-e1617023516134.jpg","datePublished":"2018-10-30T14:48:10+00:00","dateModified":"2025-09-09T15:09:08+00:00","breadcrumb":{"@id":"https:\/\/www.iemj.org\/es\/delmin-dany-1931\/#breadcrumb"},"inLanguage":"es","potentialAction":[{"@type":"ReadAction","target":["https:\/\/www.iemj.org\/es\/delmin-dany-1931\/"]}]},{"@type":"ImageObject","inLanguage":"es","@id":"https:\/\/www.iemj.org\/es\/delmin-dany-1931\/#primaryimage","url":"https:\/\/www.iemj.org\/wp-content\/uploads\/2018\/10\/arton3719-e1617023516134.jpg","contentUrl":"https:\/\/www.iemj.org\/wp-content\/uploads\/2018\/10\/arton3719-e1617023516134.jpg","width":210,"height":218},{"@type":"BreadcrumbList","@id":"https:\/\/www.iemj.org\/es\/delmin-dany-1931\/#breadcrumb","itemListElement":[{"@type":"ListItem","position":1,"name":"Accueil","item":"https:\/\/www.iemj.org\/es\/"},{"@type":"ListItem","position":2,"name":"Delmin, Dany (1931 ?)"}]},{"@type":"WebSite","@id":"https:\/\/www.iemj.org\/es\/#website","url":"https:\/\/www.iemj.org\/es\/","name":"Institut Europ\u00e9en des Musiques Juives","description":"Des traditions musicales \u00e0 la port\u00e9e de tous","publisher":{"@id":"https:\/\/www.iemj.org\/es\/#organization"},"potentialAction":[{"@type":"SearchAction","target":{"@type":"EntryPoint","urlTemplate":"https:\/\/www.iemj.org\/es\/?s={search_term_string}"},"query-input":{"@type":"PropertyValueSpecification","valueRequired":true,"valueName":"search_term_string"}}],"inLanguage":"es"},{"@type":"Organization","@id":"https:\/\/www.iemj.org\/es\/#organization","name":"Institut Europ\u00e9en des Musiques Juives","url":"https:\/\/www.iemj.org\/es\/","logo":{"@type":"ImageObject","inLanguage":"es","@id":"https:\/\/www.iemj.org\/es\/#\/schema\/logo\/image\/","url":"https:\/\/www.iemj.org\/wp-content\/uploads\/2021\/09\/Logo-IEMJ-Paypal.jpg","contentUrl":"https:\/\/www.iemj.org\/wp-content\/uploads\/2021\/09\/Logo-IEMJ-Paypal.jpg","width":150,"height":50,"caption":"Institut Europ\u00e9en des Musiques Juives"},"image":{"@id":"https:\/\/www.iemj.org\/es\/#\/schema\/logo\/image\/"},"sameAs":["https:\/\/www.facebook.com\/MusiquesJuives\/","https:\/\/www.instagram.com\/musiquesjuives\/","https:\/\/www.youtube.com\/user\/musiquesjuives"]},{"@type":"Person","@id":"https:\/\/www.iemj.org\/es\/#\/schema\/person\/e2ad57f2c4be119c7ed8ab79036807a9","name":"Lea Couderc","image":{"@type":"ImageObject","inLanguage":"es","@id":"https:\/\/secure.gravatar.com\/avatar\/46ee021475d60aeff17a7e490b79dea5a5684bb392ab7fd1494027411df8ba23?s=96&d=mm&r=g","url":"https:\/\/secure.gravatar.com\/avatar\/46ee021475d60aeff17a7e490b79dea5a5684bb392ab7fd1494027411df8ba23?s=96&d=mm&r=g","contentUrl":"https:\/\/secure.gravatar.com\/avatar\/46ee021475d60aeff17a7e490b79dea5a5684bb392ab7fd1494027411df8ba23?s=96&d=mm&r=g","caption":"Lea Couderc"}}]}},"_links":{"self":[{"href":"https:\/\/www.iemj.org\/es\/wp-json\/wp\/v2\/posts\/87737","targetHints":{"allow":["GET"]}}],"collection":[{"href":"https:\/\/www.iemj.org\/es\/wp-json\/wp\/v2\/posts"}],"about":[{"href":"https:\/\/www.iemj.org\/es\/wp-json\/wp\/v2\/types\/post"}],"author":[{"embeddable":true,"href":"https:\/\/www.iemj.org\/es\/wp-json\/wp\/v2\/users\/1052"}],"replies":[{"embeddable":true,"href":"https:\/\/www.iemj.org\/es\/wp-json\/wp\/v2\/comments?post=87737"}],"version-history":[{"count":0,"href":"https:\/\/www.iemj.org\/es\/wp-json\/wp\/v2\/posts\/87737\/revisions"}],"wp:featuredmedia":[{"embeddable":true,"href":"https:\/\/www.iemj.org\/es\/wp-json\/wp\/v2\/media\/87738"}],"wp:attachment":[{"href":"https:\/\/www.iemj.org\/es\/wp-json\/wp\/v2\/media?parent=87737"}],"wp:term":[{"taxonomy":"category","embeddable":true,"href":"https:\/\/www.iemj.org\/es\/wp-json\/wp\/v2\/categories?post=87737"},{"taxonomy":"post_tag","embeddable":true,"href":"https:\/\/www.iemj.org\/es\/wp-json\/wp\/v2\/tags?post=87737"},{"taxonomy":"technique","embeddable":true,"href":"https:\/\/www.iemj.org\/es\/wp-json\/wp\/v2\/technique?post=87737"},{"taxonomy":"squelettes","embeddable":true,"href":"https:\/\/www.iemj.org\/es\/wp-json\/wp\/v2\/squelettes?post=87737"},{"taxonomy":"sujet","embeddable":true,"href":"https:\/\/www.iemj.org\/es\/wp-json\/wp\/v2\/sujet?post=87737"},{"taxonomy":"formation","embeddable":true,"href":"https:\/\/www.iemj.org\/es\/wp-json\/wp\/v2\/formation?post=87737"},{"taxonomy":"genre","embeddable":true,"href":"https:\/\/www.iemj.org\/es\/wp-json\/wp\/v2\/genre?post=87737"},{"taxonomy":"fonds","embeddable":true,"href":"https:\/\/www.iemj.org\/es\/wp-json\/wp\/v2\/fonds?post=87737"},{"taxonomy":"tradition","embeddable":true,"href":"https:\/\/www.iemj.org\/es\/wp-json\/wp\/v2\/tradition?post=87737"},{"taxonomy":"type-de-contenu","embeddable":true,"href":"https:\/\/www.iemj.org\/es\/wp-json\/wp\/v2\/type-de-contenu?post=87737"},{"taxonomy":"interprete-compositeur","embeddable":true,"href":"https:\/\/www.iemj.org\/es\/wp-json\/wp\/v2\/interprete-compositeur?post=87737"},{"taxonomy":"frise","embeddable":true,"href":"https:\/\/www.iemj.org\/es\/wp-json\/wp\/v2\/frise?post=87737"},{"taxonomy":"type-devenement","embeddable":true,"href":"https:\/\/www.iemj.org\/es\/wp-json\/wp\/v2\/type-devenement?post=87737"},{"taxonomy":"tableaux-liens-externes","embeddable":true,"href":"https:\/\/www.iemj.org\/es\/wp-json\/wp\/v2\/tableaux-liens-externes?post=87737"}],"curies":[{"name":"wp","href":"https:\/\/api.w.org\/{rel}","templated":true}]}}