{"id":87862,"date":"2018-07-04T12:55:08","date_gmt":"2018-07-04T10:55:08","guid":{"rendered":"https:\/\/www.iemj.org\/dzigan-et-shumacher\/"},"modified":"2022-09-22T15:00:28","modified_gmt":"2022-09-22T13:00:28","slug":"dzigan-et-shumacher","status":"publish","type":"post","link":"https:\/\/www.iemj.org\/es\/dzigan-et-shumacher\/","title":{"rendered":"Dzigan Y Shumacher"},"content":{"rendered":"<p>Originarios de \u0141\u00f3d\u017a en Polonia, Schimen (Szymon) Dzigan (1905-1980) y Yisroel Shumacher (Szumacher) (1908-1961), famoso d\u00fao de humoristas de lengua yidis, alcanzaron una fama mundial antes y despu\u00e9s de la Segunda Guerra Mundial.<\/p>\n<p>Hijo de sastre, <strong>Shimen Dzigan<\/strong> inicialmente ten\u00eda que dedicarse a la misma profesi\u00f3n que su padre. Pero el destino decidi\u00f3 otra cosa cuando le famoso escritor y poeta Moyshe Broderzon se dio cuenta de su talento como improvisador y su sentido del humor durante un banquete en 1927. As\u00ed que fue contratado en el cabaret <em>Ararat<\/em> que fund\u00f3 en \u0141\u00f3d\u017a. Un a\u00f1o m\u00e1s tarde, <strong>Yisroel Shumacher<\/strong> integr\u00f3 tambi\u00e9n el cabaret.<\/p>\n<p>Los dos artistas, influenciados por el teatro yidis reciente, compart\u00edan la convicci\u00f3n que, siendo jud\u00edos, deb\u00edan preservar la lengua yidis. Ambos fueron seducidos por las ideas socialistas que se extend\u00edan despu\u00e9s de la Primera Guerra Mundial. Sus sketches reflejaban estas nuevas ideas. De hecho, la compa\u00f1\u00eda <em>Ararat<\/em>, y sus actores en\u00e9rgicos con maquillajes excesivos y trajes impresionantes, no se parec\u00eda a ninguna otra compa\u00f1\u00eda yidis ya existente.<\/p>\n<p><img fetchpriority=\"high\" decoding=\"async\" class=\" alignleft size-full wp-image-20369\" src=\"https:\/\/www.iemj.org\/wp-content\/uploads\/2018\/07\/dzigan_et_shumacher_1.jpg\" alt=\"dzigan_et_shumacher_1.jpg\" width=\"350\" height=\"262\" align=\"left\" srcset=\"https:\/\/www.iemj.org\/wp-content\/uploads\/2018\/07\/dzigan_et_shumacher_1.jpg 350w, https:\/\/www.iemj.org\/wp-content\/uploads\/2018\/07\/dzigan_et_shumacher_1-300x225.jpg 300w\" sizes=\"(max-width: 350px) 100vw, 350px\" \/>Tras 6 a\u00f1os de actividades en \u0141\u00f3d\u017a, Dzigan y Shumacher se instalaron en Varsovia. Actuaron durante un a\u00f1o en la compa\u00f1\u00eda <em>Di Yiddishe Bande<\/em>, luego decidieron reintegrar la compa\u00f1\u00eda <em>Ararat<\/em> con algunos de sus miembros fundadores de \u0141\u00f3d\u017a. Al final los dos c\u00f3micos decidieron actuar s\u00f3lo en d\u00fao: fundaron su propio cabaret en el teatro <em>Nowo\u015bci<\/em> de Varsovia en 1935.<\/p>\n<p>En 1937, actuaron en la pel\u00edcula yidis <em>Freylekhe Kabtsonim<\/em> (Jolly Paupers) realizada por <strong>Zygmunt Turkow<\/strong>.<\/p>\n<p>En el momento de la invasi\u00f3n de Polonia por los nazis, Dzigan y Shumacher huyeron a Bia\u0142ystok, ocupada por los sovi\u00e9ticos. Continuaron con los espect\u00e1culos en Minsk, Mosc\u00fa, Leningrado, Kiev, J\u00e1rkov y otras ciudades sovi\u00e9ticas donde vive una poblaci\u00f3n que habla yidis. Pero cuando quisieron irse de la Uni\u00f3n Sovi\u00e9tica con el ej\u00e9rcito polaco del militar Anders, fueron detenidos. Pasaron 4 a\u00f1os en el campo de trabajo de Aktiubin donde le ser\u00e1 permitido, a pesar de todo, hacer espect\u00e1culos, para los jud\u00edos y para los banquetes del NKVD (<em>Narodni Komissariat Vnoutrennikh Diel<\/em>) [Comisariado del Pueblo para Asuntos Internos]. Liberados en 1946, y luego detenidos de nuevo en Le\u00f3polis, lograron llegar a Varsovia en 1947.<\/p>\n<p>En 1948, actuaron en <em>Undzere Kinder<\/em> (nuestros hijos), una de las \u00faltimas pel\u00edculas en yidis rodada en Polonia, realizada por <strong>Natan Gross<\/strong> que tiene como tema el Holocausto.<\/p>\n<p><img decoding=\"async\" class=\" alignright  wp-image-20371\" src=\"https:\/\/www.iemj.org\/wp-content\/uploads\/2018\/07\/israel_shumacher.jpg\" alt=\"israel_shumacher.jpg\" width=\"176\" height=\"212\" align=\"right\">En 1950,<em>&nbsp;<\/em>decidieron instalarse en el nuevo estado de Israel, donde la demanda para diversiones en yidis era fuerte, y donde muchos jud\u00edos conoc\u00edan de memoria sus sketches por todo el pa\u00eds. Sin embargo, tras el deseo de los dirigentes de la \u00e9poca de formar una nueva sociedad israel\u00ed hablando hebreo, la casi totalidad de los espect\u00e1cupris d&#8217;un malaiselos en yidis est\u00e1n prohibidos, a pesar de su fama, los espect\u00e1culos de Dzigan y Shumacher no son execpciones a la regla.<\/p>\n<p>As\u00ed, decidieron emigrar a Buenos Aires en Argentina, donde fundaron un nuevo cabaret.<\/p>\n<p><img decoding=\"async\" class=\" alignleft size-full wp-image-20373\" src=\"https:\/\/www.iemj.org\/wp-content\/uploads\/2018\/07\/dzigan.jpg\" alt=\"dzigan.jpg\" width=\"204\" height=\"250\" align=\"left\">En 1958, tras el levantamiento de la prohibici\u00f3n de actuar en yidis en Israel, nuestros compa\u00f1eros se instalaron en Tel Aviv y fundaron su propio teatro. Pero no dur\u00f3 mucho, y los dos humoristas que empazaron a pelearse a mediados de los a\u00f1os 1950, dejaron de hablarse en 1960.<\/p>\n<p>Un a\u00f1o despu\u00e9s, Shumacher sucumbi\u00f3 por una enfermedad, a los 53 a\u00f1os<em>.<\/em><\/p>\n<p>Durante 20 a\u00f1os, Dzigan sigui\u00f3 recorriendo los escenarios, e incluso actu\u00f3 para la televisi\u00f3n israel\u00ed. Tras un ataque en el escenario el 13 de abril de 1980, falleci\u00f3 el d\u00eda siguiente.<\/p>\n<h4><em><strong>Los \u201cGordo y el Flaco\u201d <\/strong><\/em><em><strong>y<\/strong><\/em><em><strong>idis<\/strong><\/em><\/h4>\n<p>Los dos c\u00f3micos ten\u00edan caracteres muy distintos. Dzigan era el nervioso, el parlanch\u00edn, el amable y el llor\u00f3n. Al contrario, Shumacher era m\u00e1s flem\u00e1tico y sabelotodo. Comentando la actualidad, se burlaban de los antisemitas, de los pol\u00edticos, pero tambi\u00e9n de ellos mismos y de su p\u00fablico, con sketches relativos a la vida cotidiana. Eran a veces comparados con <strong>El Gordo y el Flaco<\/strong>, o con dos <strong>Don Quijote<\/strong> sentados en un banco, uno so\u00f1ando con Palestina, y el otro con Amursk.<\/p>\n<p>Dzigan y Shumacher se quedan el d\u00fao m\u00e1s famoso de c\u00f3micos hablando yidis, conocido por todo el mundo.<\/p>\n<p><em>Fuentes:<br><a href=\"http:\/\/www.yivoencyclopedia.org\/article.aspx\/Dzigan_and_Shumacher\">YIVO Encyclopedia<\/a><br><a href=\"https:\/\/www.bh.org.il\/blog-items\/forget-the-troubles-and-laugh-30-years-of-dzigan-and-schumacher\/\">Beit Hatfutsot<\/a><\/em><\/p>\n<p><a href=\"https:\/\/www.iemj.org\/es\/dzigan-shumacher\/\" target=\"_blank\" rel=\"noopener\">Descubra las grabaciones de los sketches de este famoso d\u00fao de comediantes yidis<\/a><br><a href=\"http:\/\/www.rachelnet.net\/F\/?func=find-c&amp;ccl_term=WRD%3DDzigan+et+Szumacher+sauf+wty%3D%28plage+ou+extrait+ou+partition%29&amp;local_base=iemcg&amp;x=11&amp;y=19\" target=\"_blank\" rel=\"noopener\">Consultar los documentos clasificados relativos a Dzigan y Shumacher<\/a><\/p>\n\n\n<figure class=\"wp-block-embed is-type-video is-provider-youtube wp-block-embed-youtube wp-embed-aspect-4-3 wp-has-aspect-ratio\"><div class=\"wp-block-embed__wrapper\">\n<iframe title=\"\u05d3\u05d6&#039;\u05d9\u05d2\u05d0\u05df \u05d5\u05e9\u05d5\u05de\u05db\u05e8: \u05e9\u05e8\u05d9\u05e4\u05d4 \u05d1\u05db\u05ea\u05e8\u05d9\u05dc\u05d9\u05d1\u05e7\u05d4\" width=\"640\" height=\"480\" src=\"https:\/\/www.youtube.com\/embed\/ABCvK5iBbqs?feature=oembed\" frameborder=\"0\" allow=\"accelerometer; autoplay; clipboard-write; encrypted-media; gyroscope; picture-in-picture; web-share\" referrerpolicy=\"strict-origin-when-cross-origin\" allowfullscreen><\/iframe>\n<\/div><\/figure>\n","protected":false},"excerpt":{"rendered":"<p>Originarios de \u0141\u00f3d\u017a en Polonia, Schimen (Szymon) Dzigan (1905-1980) y Yisroel Shumacher (Szumacher) (1908-1961), famoso d\u00fao de humoristas de lengua yidis, alcanzaron una fama mundial antes y despu\u00e9s de la<\/p>\n","protected":false},"author":1048,"featured_media":51666,"comment_status":"closed","ping_status":"open","sticky":false,"template":"","format":"standard","meta":{"_acf_changed":false,"footnotes":""},"categories":[1417],"tags":[],"technique":[],"squelettes":[],"sujet":[],"formation":[],"genre":[],"fonds":[],"tradition":[],"type-de-contenu":[],"interprete-compositeur":[],"frise":[],"type-devenement":[],"tableaux-liens-externes":[],"class_list":["post-87862","post","type-post","status-publish","format-standard","has-post-thumbnail","hentry","category-biografias-es"],"acf":[],"yoast_head":"<!-- This site is optimized with the Yoast SEO plugin v27.3 - https:\/\/yoast.com\/product\/yoast-seo-wordpress\/ -->\n<title>Dzigan Y Shumacher - Institut Europ\u00e9en des Musiques Juives<\/title>\n<meta name=\"robots\" content=\"index, follow, max-snippet:-1, max-image-preview:large, max-video-preview:-1\" \/>\n<link rel=\"canonical\" href=\"https:\/\/www.iemj.org\/es\/dzigan-et-shumacher\/\" \/>\n<meta property=\"og:locale\" content=\"es_ES\" \/>\n<meta property=\"og:type\" content=\"article\" \/>\n<meta property=\"og:title\" content=\"Dzigan Y Shumacher - Institut Europ\u00e9en des Musiques Juives\" \/>\n<meta property=\"og:description\" content=\"Originarios de \u0141\u00f3d\u017a en Polonia, Schimen (Szymon) Dzigan (1905-1980) y Yisroel Shumacher (Szumacher) (1908-1961), famoso d\u00fao de humoristas de lengua yidis, alcanzaron una fama mundial antes y despu\u00e9s de la\" \/>\n<meta property=\"og:url\" content=\"https:\/\/www.iemj.org\/es\/dzigan-et-shumacher\/\" \/>\n<meta property=\"og:site_name\" content=\"Institut Europ\u00e9en des Musiques Juives\" \/>\n<meta property=\"article:publisher\" content=\"https:\/\/www.facebook.com\/MusiquesJuives\/\" \/>\n<meta property=\"article:published_time\" content=\"2018-07-04T10:55:08+00:00\" \/>\n<meta property=\"article:modified_time\" content=\"2022-09-22T13:00:28+00:00\" \/>\n<meta property=\"og:image\" content=\"https:\/\/www.iemj.org\/wp-content\/uploads\/2018\/07\/arton3548-e1624974596757.jpg\" \/>\n\t<meta property=\"og:image:width\" content=\"211\" \/>\n\t<meta property=\"og:image:height\" content=\"218\" \/>\n\t<meta property=\"og:image:type\" content=\"image\/jpeg\" \/>\n<meta name=\"author\" content=\"Jean-Gabriel Davis\" \/>\n<meta name=\"twitter:card\" content=\"summary_large_image\" \/>\n<meta name=\"twitter:label1\" content=\"Escrito por\" \/>\n\t<meta name=\"twitter:data1\" content=\"Jean-Gabriel Davis\" \/>\n\t<meta name=\"twitter:label2\" content=\"Tiempo de lectura\" \/>\n\t<meta name=\"twitter:data2\" content=\"5 minutos\" \/>\n<script type=\"application\/ld+json\" class=\"yoast-schema-graph\">{\"@context\":\"https:\\\/\\\/schema.org\",\"@graph\":[{\"@type\":\"Article\",\"@id\":\"https:\\\/\\\/www.iemj.org\\\/es\\\/dzigan-et-shumacher\\\/#article\",\"isPartOf\":{\"@id\":\"https:\\\/\\\/www.iemj.org\\\/es\\\/dzigan-et-shumacher\\\/\"},\"author\":{\"name\":\"Jean-Gabriel Davis\",\"@id\":\"https:\\\/\\\/www.iemj.org\\\/es\\\/#\\\/schema\\\/person\\\/c9bc1c386a3749579a2d675e72a18666\"},\"headline\":\"Dzigan Y Shumacher\",\"datePublished\":\"2018-07-04T10:55:08+00:00\",\"dateModified\":\"2022-09-22T13:00:28+00:00\",\"mainEntityOfPage\":{\"@id\":\"https:\\\/\\\/www.iemj.org\\\/es\\\/dzigan-et-shumacher\\\/\"},\"wordCount\":769,\"publisher\":{\"@id\":\"https:\\\/\\\/www.iemj.org\\\/es\\\/#organization\"},\"image\":{\"@id\":\"https:\\\/\\\/www.iemj.org\\\/es\\\/dzigan-et-shumacher\\\/#primaryimage\"},\"thumbnailUrl\":\"https:\\\/\\\/www.iemj.org\\\/wp-content\\\/uploads\\\/2018\\\/07\\\/arton3548-e1624974596757.jpg\",\"articleSection\":[\"Biograf\u00edas\"],\"inLanguage\":\"es\"},{\"@type\":\"WebPage\",\"@id\":\"https:\\\/\\\/www.iemj.org\\\/es\\\/dzigan-et-shumacher\\\/\",\"url\":\"https:\\\/\\\/www.iemj.org\\\/es\\\/dzigan-et-shumacher\\\/\",\"name\":\"Dzigan Y Shumacher - Institut Europ\u00e9en des Musiques Juives\",\"isPartOf\":{\"@id\":\"https:\\\/\\\/www.iemj.org\\\/es\\\/#website\"},\"primaryImageOfPage\":{\"@id\":\"https:\\\/\\\/www.iemj.org\\\/es\\\/dzigan-et-shumacher\\\/#primaryimage\"},\"image\":{\"@id\":\"https:\\\/\\\/www.iemj.org\\\/es\\\/dzigan-et-shumacher\\\/#primaryimage\"},\"thumbnailUrl\":\"https:\\\/\\\/www.iemj.org\\\/wp-content\\\/uploads\\\/2018\\\/07\\\/arton3548-e1624974596757.jpg\",\"datePublished\":\"2018-07-04T10:55:08+00:00\",\"dateModified\":\"2022-09-22T13:00:28+00:00\",\"breadcrumb\":{\"@id\":\"https:\\\/\\\/www.iemj.org\\\/es\\\/dzigan-et-shumacher\\\/#breadcrumb\"},\"inLanguage\":\"es\",\"potentialAction\":[{\"@type\":\"ReadAction\",\"target\":[\"https:\\\/\\\/www.iemj.org\\\/es\\\/dzigan-et-shumacher\\\/\"]}]},{\"@type\":\"ImageObject\",\"inLanguage\":\"es\",\"@id\":\"https:\\\/\\\/www.iemj.org\\\/es\\\/dzigan-et-shumacher\\\/#primaryimage\",\"url\":\"https:\\\/\\\/www.iemj.org\\\/wp-content\\\/uploads\\\/2018\\\/07\\\/arton3548-e1624974596757.jpg\",\"contentUrl\":\"https:\\\/\\\/www.iemj.org\\\/wp-content\\\/uploads\\\/2018\\\/07\\\/arton3548-e1624974596757.jpg\",\"width\":211,\"height\":218},{\"@type\":\"BreadcrumbList\",\"@id\":\"https:\\\/\\\/www.iemj.org\\\/es\\\/dzigan-et-shumacher\\\/#breadcrumb\",\"itemListElement\":[{\"@type\":\"ListItem\",\"position\":1,\"name\":\"Accueil\",\"item\":\"https:\\\/\\\/www.iemj.org\\\/es\\\/\"},{\"@type\":\"ListItem\",\"position\":2,\"name\":\"Dzigan Y Shumacher\"}]},{\"@type\":\"WebSite\",\"@id\":\"https:\\\/\\\/www.iemj.org\\\/es\\\/#website\",\"url\":\"https:\\\/\\\/www.iemj.org\\\/es\\\/\",\"name\":\"Institut Europ\u00e9en des Musiques Juives\",\"description\":\"Des traditions musicales \u00e0 la port\u00e9e de tous\",\"publisher\":{\"@id\":\"https:\\\/\\\/www.iemj.org\\\/es\\\/#organization\"},\"potentialAction\":[{\"@type\":\"SearchAction\",\"target\":{\"@type\":\"EntryPoint\",\"urlTemplate\":\"https:\\\/\\\/www.iemj.org\\\/es\\\/?s={search_term_string}\"},\"query-input\":{\"@type\":\"PropertyValueSpecification\",\"valueRequired\":true,\"valueName\":\"search_term_string\"}}],\"inLanguage\":\"es\"},{\"@type\":\"Organization\",\"@id\":\"https:\\\/\\\/www.iemj.org\\\/es\\\/#organization\",\"name\":\"Institut Europ\u00e9en des Musiques Juives\",\"url\":\"https:\\\/\\\/www.iemj.org\\\/es\\\/\",\"logo\":{\"@type\":\"ImageObject\",\"inLanguage\":\"es\",\"@id\":\"https:\\\/\\\/www.iemj.org\\\/es\\\/#\\\/schema\\\/logo\\\/image\\\/\",\"url\":\"https:\\\/\\\/www.iemj.org\\\/wp-content\\\/uploads\\\/2021\\\/09\\\/Logo-IEMJ-Paypal.jpg\",\"contentUrl\":\"https:\\\/\\\/www.iemj.org\\\/wp-content\\\/uploads\\\/2021\\\/09\\\/Logo-IEMJ-Paypal.jpg\",\"width\":150,\"height\":50,\"caption\":\"Institut Europ\u00e9en des Musiques Juives\"},\"image\":{\"@id\":\"https:\\\/\\\/www.iemj.org\\\/es\\\/#\\\/schema\\\/logo\\\/image\\\/\"},\"sameAs\":[\"https:\\\/\\\/www.facebook.com\\\/MusiquesJuives\\\/\",\"https:\\\/\\\/www.instagram.com\\\/musiquesjuives\\\/\",\"https:\\\/\\\/www.youtube.com\\\/user\\\/musiquesjuives\"]},{\"@type\":\"Person\",\"@id\":\"https:\\\/\\\/www.iemj.org\\\/es\\\/#\\\/schema\\\/person\\\/c9bc1c386a3749579a2d675e72a18666\",\"name\":\"Jean-Gabriel Davis\",\"image\":{\"@type\":\"ImageObject\",\"inLanguage\":\"es\",\"@id\":\"https:\\\/\\\/secure.gravatar.com\\\/avatar\\\/2b90d67bdf392c9b3a21fab87c0fa7edaf1fb3a058172a1ffd61033fcec7aec1?s=96&d=mm&r=g\",\"url\":\"https:\\\/\\\/secure.gravatar.com\\\/avatar\\\/2b90d67bdf392c9b3a21fab87c0fa7edaf1fb3a058172a1ffd61033fcec7aec1?s=96&d=mm&r=g\",\"contentUrl\":\"https:\\\/\\\/secure.gravatar.com\\\/avatar\\\/2b90d67bdf392c9b3a21fab87c0fa7edaf1fb3a058172a1ffd61033fcec7aec1?s=96&d=mm&r=g\",\"caption\":\"Jean-Gabriel Davis\"}}]}<\/script>\n<!-- \/ Yoast SEO plugin. -->","yoast_head_json":{"title":"Dzigan Y Shumacher - Institut Europ\u00e9en des Musiques Juives","robots":{"index":"index","follow":"follow","max-snippet":"max-snippet:-1","max-image-preview":"max-image-preview:large","max-video-preview":"max-video-preview:-1"},"canonical":"https:\/\/www.iemj.org\/es\/dzigan-et-shumacher\/","og_locale":"es_ES","og_type":"article","og_title":"Dzigan Y Shumacher - Institut Europ\u00e9en des Musiques Juives","og_description":"Originarios de \u0141\u00f3d\u017a en Polonia, Schimen (Szymon) Dzigan (1905-1980) y Yisroel Shumacher (Szumacher) (1908-1961), famoso d\u00fao de humoristas de lengua yidis, alcanzaron una fama mundial antes y despu\u00e9s de la","og_url":"https:\/\/www.iemj.org\/es\/dzigan-et-shumacher\/","og_site_name":"Institut Europ\u00e9en des Musiques Juives","article_publisher":"https:\/\/www.facebook.com\/MusiquesJuives\/","article_published_time":"2018-07-04T10:55:08+00:00","article_modified_time":"2022-09-22T13:00:28+00:00","og_image":[{"width":211,"height":218,"url":"https:\/\/www.iemj.org\/wp-content\/uploads\/2018\/07\/arton3548-e1624974596757.jpg","type":"image\/jpeg"}],"author":"Jean-Gabriel Davis","twitter_card":"summary_large_image","twitter_misc":{"Escrito por":"Jean-Gabriel Davis","Tiempo de lectura":"5 minutos"},"schema":{"@context":"https:\/\/schema.org","@graph":[{"@type":"Article","@id":"https:\/\/www.iemj.org\/es\/dzigan-et-shumacher\/#article","isPartOf":{"@id":"https:\/\/www.iemj.org\/es\/dzigan-et-shumacher\/"},"author":{"name":"Jean-Gabriel Davis","@id":"https:\/\/www.iemj.org\/es\/#\/schema\/person\/c9bc1c386a3749579a2d675e72a18666"},"headline":"Dzigan Y Shumacher","datePublished":"2018-07-04T10:55:08+00:00","dateModified":"2022-09-22T13:00:28+00:00","mainEntityOfPage":{"@id":"https:\/\/www.iemj.org\/es\/dzigan-et-shumacher\/"},"wordCount":769,"publisher":{"@id":"https:\/\/www.iemj.org\/es\/#organization"},"image":{"@id":"https:\/\/www.iemj.org\/es\/dzigan-et-shumacher\/#primaryimage"},"thumbnailUrl":"https:\/\/www.iemj.org\/wp-content\/uploads\/2018\/07\/arton3548-e1624974596757.jpg","articleSection":["Biograf\u00edas"],"inLanguage":"es"},{"@type":"WebPage","@id":"https:\/\/www.iemj.org\/es\/dzigan-et-shumacher\/","url":"https:\/\/www.iemj.org\/es\/dzigan-et-shumacher\/","name":"Dzigan Y Shumacher - Institut Europ\u00e9en des Musiques Juives","isPartOf":{"@id":"https:\/\/www.iemj.org\/es\/#website"},"primaryImageOfPage":{"@id":"https:\/\/www.iemj.org\/es\/dzigan-et-shumacher\/#primaryimage"},"image":{"@id":"https:\/\/www.iemj.org\/es\/dzigan-et-shumacher\/#primaryimage"},"thumbnailUrl":"https:\/\/www.iemj.org\/wp-content\/uploads\/2018\/07\/arton3548-e1624974596757.jpg","datePublished":"2018-07-04T10:55:08+00:00","dateModified":"2022-09-22T13:00:28+00:00","breadcrumb":{"@id":"https:\/\/www.iemj.org\/es\/dzigan-et-shumacher\/#breadcrumb"},"inLanguage":"es","potentialAction":[{"@type":"ReadAction","target":["https:\/\/www.iemj.org\/es\/dzigan-et-shumacher\/"]}]},{"@type":"ImageObject","inLanguage":"es","@id":"https:\/\/www.iemj.org\/es\/dzigan-et-shumacher\/#primaryimage","url":"https:\/\/www.iemj.org\/wp-content\/uploads\/2018\/07\/arton3548-e1624974596757.jpg","contentUrl":"https:\/\/www.iemj.org\/wp-content\/uploads\/2018\/07\/arton3548-e1624974596757.jpg","width":211,"height":218},{"@type":"BreadcrumbList","@id":"https:\/\/www.iemj.org\/es\/dzigan-et-shumacher\/#breadcrumb","itemListElement":[{"@type":"ListItem","position":1,"name":"Accueil","item":"https:\/\/www.iemj.org\/es\/"},{"@type":"ListItem","position":2,"name":"Dzigan Y Shumacher"}]},{"@type":"WebSite","@id":"https:\/\/www.iemj.org\/es\/#website","url":"https:\/\/www.iemj.org\/es\/","name":"Institut Europ\u00e9en des Musiques Juives","description":"Des traditions musicales \u00e0 la port\u00e9e de tous","publisher":{"@id":"https:\/\/www.iemj.org\/es\/#organization"},"potentialAction":[{"@type":"SearchAction","target":{"@type":"EntryPoint","urlTemplate":"https:\/\/www.iemj.org\/es\/?s={search_term_string}"},"query-input":{"@type":"PropertyValueSpecification","valueRequired":true,"valueName":"search_term_string"}}],"inLanguage":"es"},{"@type":"Organization","@id":"https:\/\/www.iemj.org\/es\/#organization","name":"Institut Europ\u00e9en des Musiques Juives","url":"https:\/\/www.iemj.org\/es\/","logo":{"@type":"ImageObject","inLanguage":"es","@id":"https:\/\/www.iemj.org\/es\/#\/schema\/logo\/image\/","url":"https:\/\/www.iemj.org\/wp-content\/uploads\/2021\/09\/Logo-IEMJ-Paypal.jpg","contentUrl":"https:\/\/www.iemj.org\/wp-content\/uploads\/2021\/09\/Logo-IEMJ-Paypal.jpg","width":150,"height":50,"caption":"Institut Europ\u00e9en des Musiques Juives"},"image":{"@id":"https:\/\/www.iemj.org\/es\/#\/schema\/logo\/image\/"},"sameAs":["https:\/\/www.facebook.com\/MusiquesJuives\/","https:\/\/www.instagram.com\/musiquesjuives\/","https:\/\/www.youtube.com\/user\/musiquesjuives"]},{"@type":"Person","@id":"https:\/\/www.iemj.org\/es\/#\/schema\/person\/c9bc1c386a3749579a2d675e72a18666","name":"Jean-Gabriel Davis","image":{"@type":"ImageObject","inLanguage":"es","@id":"https:\/\/secure.gravatar.com\/avatar\/2b90d67bdf392c9b3a21fab87c0fa7edaf1fb3a058172a1ffd61033fcec7aec1?s=96&d=mm&r=g","url":"https:\/\/secure.gravatar.com\/avatar\/2b90d67bdf392c9b3a21fab87c0fa7edaf1fb3a058172a1ffd61033fcec7aec1?s=96&d=mm&r=g","contentUrl":"https:\/\/secure.gravatar.com\/avatar\/2b90d67bdf392c9b3a21fab87c0fa7edaf1fb3a058172a1ffd61033fcec7aec1?s=96&d=mm&r=g","caption":"Jean-Gabriel Davis"}}]}},"_links":{"self":[{"href":"https:\/\/www.iemj.org\/es\/wp-json\/wp\/v2\/posts\/87862","targetHints":{"allow":["GET"]}}],"collection":[{"href":"https:\/\/www.iemj.org\/es\/wp-json\/wp\/v2\/posts"}],"about":[{"href":"https:\/\/www.iemj.org\/es\/wp-json\/wp\/v2\/types\/post"}],"author":[{"embeddable":true,"href":"https:\/\/www.iemj.org\/es\/wp-json\/wp\/v2\/users\/1048"}],"replies":[{"embeddable":true,"href":"https:\/\/www.iemj.org\/es\/wp-json\/wp\/v2\/comments?post=87862"}],"version-history":[{"count":0,"href":"https:\/\/www.iemj.org\/es\/wp-json\/wp\/v2\/posts\/87862\/revisions"}],"wp:featuredmedia":[{"embeddable":true,"href":"https:\/\/www.iemj.org\/es\/wp-json\/wp\/v2\/media\/51666"}],"wp:attachment":[{"href":"https:\/\/www.iemj.org\/es\/wp-json\/wp\/v2\/media?parent=87862"}],"wp:term":[{"taxonomy":"category","embeddable":true,"href":"https:\/\/www.iemj.org\/es\/wp-json\/wp\/v2\/categories?post=87862"},{"taxonomy":"post_tag","embeddable":true,"href":"https:\/\/www.iemj.org\/es\/wp-json\/wp\/v2\/tags?post=87862"},{"taxonomy":"technique","embeddable":true,"href":"https:\/\/www.iemj.org\/es\/wp-json\/wp\/v2\/technique?post=87862"},{"taxonomy":"squelettes","embeddable":true,"href":"https:\/\/www.iemj.org\/es\/wp-json\/wp\/v2\/squelettes?post=87862"},{"taxonomy":"sujet","embeddable":true,"href":"https:\/\/www.iemj.org\/es\/wp-json\/wp\/v2\/sujet?post=87862"},{"taxonomy":"formation","embeddable":true,"href":"https:\/\/www.iemj.org\/es\/wp-json\/wp\/v2\/formation?post=87862"},{"taxonomy":"genre","embeddable":true,"href":"https:\/\/www.iemj.org\/es\/wp-json\/wp\/v2\/genre?post=87862"},{"taxonomy":"fonds","embeddable":true,"href":"https:\/\/www.iemj.org\/es\/wp-json\/wp\/v2\/fonds?post=87862"},{"taxonomy":"tradition","embeddable":true,"href":"https:\/\/www.iemj.org\/es\/wp-json\/wp\/v2\/tradition?post=87862"},{"taxonomy":"type-de-contenu","embeddable":true,"href":"https:\/\/www.iemj.org\/es\/wp-json\/wp\/v2\/type-de-contenu?post=87862"},{"taxonomy":"interprete-compositeur","embeddable":true,"href":"https:\/\/www.iemj.org\/es\/wp-json\/wp\/v2\/interprete-compositeur?post=87862"},{"taxonomy":"frise","embeddable":true,"href":"https:\/\/www.iemj.org\/es\/wp-json\/wp\/v2\/frise?post=87862"},{"taxonomy":"type-devenement","embeddable":true,"href":"https:\/\/www.iemj.org\/es\/wp-json\/wp\/v2\/type-devenement?post=87862"},{"taxonomy":"tableaux-liens-externes","embeddable":true,"href":"https:\/\/www.iemj.org\/es\/wp-json\/wp\/v2\/tableaux-liens-externes?post=87862"}],"curies":[{"name":"wp","href":"https:\/\/api.w.org\/{rel}","templated":true}]}}